{"id":7896,"date":"2016-11-04T22:19:34","date_gmt":"2016-11-05T01:19:34","guid":{"rendered":"http:\/\/vamosporlaliberacion.org\/crpmlm\/?p=7896"},"modified":"2016-11-16T11:57:53","modified_gmt":"2016-11-16T14:57:53","slug":"una-plaza-ajuste","status":"publish","type":"post","link":"http:\/\/vamosporlaliberacion.org\/crpmlm\/una-plaza-ajuste\/","title":{"rendered":"Una Plaza contra el ajuste"},"content":{"rendered":"<p>La Plaza de Mayo sirvi\u00f3 de escenario para la multitudinaria movilizaci\u00f3n convocada por las CTA&#8217;s por la reapertura de paritarias y contra la precarizaci\u00f3n, entre otros puntos. Desde el palco se escucharon las denuncias contra el ajuste y el endeudamiento del gobierno macrista y tambi\u00e9n las cr\u00edticas\u00a0a la CGT que acordaron una\u00a0tregua a cambio de un insuficiente bono de fin de a\u00f1o. <em>\u00abM\u00e1s que acuerdo fue un pacto\u00bb<\/em>, sentenci\u00f3 al arranque del acto Pablo Micheli, secretario general de la CTA Aut\u00f3noma.<\/p>\n<p>La concentraci\u00f3n hab\u00eda comenzado pasado el mediod\u00eda\u00a0en la 9 de Julio para luego marchar hacia la Plaza. Las columnas contaron con una gran participaci\u00f3n de organizaciones sociales. Moviliz\u00f3 tambi\u00e9n la Corriente Clasista Rene Salamanca y el CR-PMLM que destacaron la denuncia contra la exoneraci\u00f3n de los 17 docentes fueguinos.\u00a0Tambi\u00e9n se reclam\u00f3 contra los despidos, la criminalizaci\u00f3n y persecuci\u00f3n, contra los tarifazos, por un aumento para jubilados y por un\u00a0aguinaldo social.<\/p>\n<p>En relaci\u00f3n al bono de fin de a\u00f1o, Micheli lo caracteriz\u00f3 como <em>\u00abuna cifra\u00a0en negro que a los dos d\u00edas se esfuma y que no recupera de ninguna manera el poder adquisitivo\u00bb.\u00a0Y cuestion\u00f3 el presupuesto aprobado en Diputados porque \u00abprevee una rebaja salarial, indirecta, para los trabajadores\u00bb y autoriza m\u00e1s endeudamiento que \u00abeste gobierno que ha llegado al r\u00e9cord (&#8230;) para que sirva a la fiesta de los ricos sobre el hambre del pueblo\u00bb<\/em>.<\/p>\n<p>Entonces Micheli insiti\u00f3 con que\u00a0<em>\u00abqueremos unidad para la lucha\u00bb<\/em>, al referirse a la necesidad de un paro nacional.\u00a0Y se\u00f1al\u00f3 que <em>\u00abesta Plaza y todas las plazas de la Argentina hoy (&#8230;) que movilizaron los compa\u00f1eros y compa\u00f1eras de las dos CTA&#8217;s, y en algunos casos acompa\u00f1ados por las regionales de la CGT como en Jujuy y en Tierra del Fuego, da cuenta que ac\u00e1 no se cerr\u00f3 ning\u00fan conflicto\u00bb<\/em>.<\/p>\n<p>A su turno cerr\u00f3 el acto Hugo Yasky, secretario general de CTA de los Trabajadores, quien cuestion\u00f3 a los funcionarios del gobierno que\u00a0<em>\u00abdicen que el pa\u00eds no es competitivo por culpa del movimiento sindical y de las conquistas sociales\u00bb. Entonces fustig\u00f3 contra Clar\u00edn y La Naci\u00f3n que tratan de mostrar\u00a0una \u00abArgentina de la felicidad\u00bb pero que \u00abes el reverso de la otra Argentina donde estamos todos nosotros, [en la que] baj\u00f3 el consumo de leche, baj\u00f3 el consumo de alimentos, baj\u00f3 el consumo de gaseosa, baj\u00f3 el consumo de art\u00edculos m\u00ednimos necesarios&#8230;\u00bb<\/em><\/p>\n<p>Tambi\u00e9n atac\u00f3\u00a0los dichos xen\u00f3fobos del senador Picheto, a quien defini\u00f3 como un <em>\u00abTrump en miniatura\u00bb<\/em>. \u00abHablan como si fueses los herederos de las familias patricias que iban a la Patagonia y al norte a exterminar a nuestros pueblos originarios\u00bb, expres\u00f3 para luego volver a pedir por la libertad de Milagros Salas.<\/p>\n<p>Yasky tambi\u00e9n se refiri\u00f3 a la necesidad de unidad y se refiri\u00f3 a la movilizaci\u00f3n del 29 de abril pasado junto a la CGT: <em>\u00abcuando ese d\u00eda [el gobierno] vio que ese sujeto colectivo les pod\u00eda significar un escollo real y concreto para llevar el ajuste, desde ese d\u00eda en adelante decidi\u00f3 darse la pol\u00edtica de divide y reinar\u00e1s\u00bb<\/em>. Entonces recalc\u00f3 la necesidad del paro nacional y que es imprescindible <em>\u00abla unidad de acci\u00f3n de todas las centrales sindicales, la unidad de acci\u00f3n de todos los movimientos sociales\u00bb<\/em> porque <em>\u00abquieren venir y vienen por todo\u00bb. Para finalizar cerr\u00f3 afirmando que la paz social que para el gobierno es poner \u00absoldaditos de plomo en las movilizaciones\u00bb en realidad es \u00abque haya comida cada d\u00eda que hay que comer, que haya trabajo cada d\u00eda que hay que trabajar\u00bb<\/em>.<\/p>\n<p>Mientras transcurr\u00edan los discursos, en un momento arriba del palco se produjo un conflicto cuando se comprob\u00f3 que el impresentable ex vicepresidente Amado Boudou se hab\u00eda hecho presente. Ante tal situaci\u00f3n, Micheli y otros dirigentes exigieron que se baje, cosa que debi\u00f3 hacer Boudou ofuscado.<\/p>\n<p>Durante el acto tambi\u00e9n hicieron uso de la palabra Catalano de ATE Capital, Mar\u00eda Rodriguez del Movimiento de Ocupantes e Inquilinos, Christian Mi\u00f1o de la Confederaci\u00f3n de Cooperativas de Trabajo y un dirigente sindical mexicano.<\/p>\n<!-- AddThis Advanced Settings generic via filter on the_content --><!-- AddThis Share Buttons generic via filter on the_content -->","protected":false},"excerpt":{"rendered":"<p>La Plaza de Mayo sirvi\u00f3 de escenario para la multitudinaria movilizaci\u00f3n convocada por las CTA&#8217;s por la reapertura de paritarias y contra la precarizaci\u00f3n, entre otros puntos. Desde el palco se escucharon las denuncias contra el ajuste y el endeudamiento del gobierno macrista y tambi\u00e9n las cr\u00edticas\u00a0a la CGT que acordaron una\u00a0tregua a cambio de [&hellip;]<!-- AddThis Advanced Settings generic via filter on get_the_excerpt --><!-- AddThis Share Buttons generic via filter on get_the_excerpt --><\/p>\n","protected":false},"author":5,"featured_media":8016,"comment_status":"open","ping_status":"open","sticky":false,"template":"","format":"standard","meta":{"_jetpack_memberships_contains_paid_content":false,"footnotes":""},"categories":[1699],"tags":[45,632,698,519,542,866],"class_list":{"0":"post-7896","1":"post","2":"type-post","3":"status-publish","4":"format-standard","5":"has-post-thumbnail","7":"category-noticias","8":"tag-caba","9":"tag-cta-autonoma","10":"tag-cta-de-los-trabajadores","11":"tag-destacado","12":"tag-paritarias","13":"tag-vxl-87"},"yoast_head":"<!-- This site is optimized with the Yoast SEO plugin v27.4 - https:\/\/yoast.com\/product\/yoast-seo-wordpress\/ -->\n<title>Una Plaza contra el ajuste - Vamos por la Liberaci\u00f3n<\/title>\n<meta name=\"robots\" content=\"index, follow, max-snippet:-1, max-image-preview:large, max-video-preview:-1\" \/>\n<link rel=\"canonical\" href=\"http:\/\/vamosporlaliberacion.org\/crpmlm\/una-plaza-ajuste\/\" \/>\n<meta name=\"twitter:label1\" content=\"Escrito por\" \/>\n\t<meta name=\"twitter:data1\" content=\"\" \/>\n\t<meta name=\"twitter:label2\" content=\"Tiempo de lectura\" \/>\n\t<meta name=\"twitter:data2\" content=\"4 minutos\" \/>\n<script type=\"application\/ld+json\" class=\"yoast-schema-graph\">{\"@context\":\"https:\\\/\\\/schema.org\",\"@graph\":[{\"@type\":\"Article\",\"@id\":\"http:\\\/\\\/vamosporlaliberacion.org\\\/crpmlm\\\/una-plaza-ajuste\\\/#article\",\"isPartOf\":{\"@id\":\"http:\\\/\\\/vamosporlaliberacion.org\\\/crpmlm\\\/una-plaza-ajuste\\\/\"},\"author\":{\"name\":\"\",\"@id\":\"\"},\"headline\":\"Una Plaza contra el ajuste\",\"datePublished\":\"2016-11-05T01:19:34+00:00\",\"dateModified\":\"2016-11-16T14:57:53+00:00\",\"mainEntityOfPage\":{\"@id\":\"http:\\\/\\\/vamosporlaliberacion.org\\\/crpmlm\\\/una-plaza-ajuste\\\/\"},\"wordCount\":716,\"commentCount\":0,\"image\":{\"@id\":\"http:\\\/\\\/vamosporlaliberacion.org\\\/crpmlm\\\/una-plaza-ajuste\\\/#primaryimage\"},\"thumbnailUrl\":\"https:\\\/\\\/i0.wp.com\\\/vamosporlaliberacion.org\\\/crpmlm\\\/wp-content\\\/uploads\\\/2016\\\/11\\\/ccrs.jpg?fit=696%2C392&ssl=1\",\"keywords\":[\"CABA\",\"CTA Aut\u00f3noma\",\"CTA de los Trabajadores\",\"destacado\",\"paritarias\",\"vxl 87\"],\"articleSection\":[\"Noticias\"],\"inLanguage\":\"es\",\"potentialAction\":[{\"@type\":\"CommentAction\",\"name\":\"Comment\",\"target\":[\"http:\\\/\\\/vamosporlaliberacion.org\\\/crpmlm\\\/una-plaza-ajuste\\\/#respond\"]}]},{\"@type\":\"WebPage\",\"@id\":\"http:\\\/\\\/vamosporlaliberacion.org\\\/crpmlm\\\/una-plaza-ajuste\\\/\",\"url\":\"http:\\\/\\\/vamosporlaliberacion.org\\\/crpmlm\\\/una-plaza-ajuste\\\/\",\"name\":\"Una Plaza contra el ajuste - Vamos por la Liberaci\u00f3n\",\"isPartOf\":{\"@id\":\"https:\\\/\\\/vamosporlaliberacion.org\\\/crpmlm\\\/#website\"},\"primaryImageOfPage\":{\"@id\":\"http:\\\/\\\/vamosporlaliberacion.org\\\/crpmlm\\\/una-plaza-ajuste\\\/#primaryimage\"},\"image\":{\"@id\":\"http:\\\/\\\/vamosporlaliberacion.org\\\/crpmlm\\\/una-plaza-ajuste\\\/#primaryimage\"},\"thumbnailUrl\":\"https:\\\/\\\/i0.wp.com\\\/vamosporlaliberacion.org\\\/crpmlm\\\/wp-content\\\/uploads\\\/2016\\\/11\\\/ccrs.jpg?fit=696%2C392&ssl=1\",\"datePublished\":\"2016-11-05T01:19:34+00:00\",\"dateModified\":\"2016-11-16T14:57:53+00:00\",\"author\":{\"@id\":\"\"},\"breadcrumb\":{\"@id\":\"http:\\\/\\\/vamosporlaliberacion.org\\\/crpmlm\\\/una-plaza-ajuste\\\/#breadcrumb\"},\"inLanguage\":\"es\",\"potentialAction\":[{\"@type\":\"ReadAction\",\"target\":[\"http:\\\/\\\/vamosporlaliberacion.org\\\/crpmlm\\\/una-plaza-ajuste\\\/\"]}]},{\"@type\":\"ImageObject\",\"inLanguage\":\"es\",\"@id\":\"http:\\\/\\\/vamosporlaliberacion.org\\\/crpmlm\\\/una-plaza-ajuste\\\/#primaryimage\",\"url\":\"https:\\\/\\\/i0.wp.com\\\/vamosporlaliberacion.org\\\/crpmlm\\\/wp-content\\\/uploads\\\/2016\\\/11\\\/ccrs.jpg?fit=696%2C392&ssl=1\",\"contentUrl\":\"https:\\\/\\\/i0.wp.com\\\/vamosporlaliberacion.org\\\/crpmlm\\\/wp-content\\\/uploads\\\/2016\\\/11\\\/ccrs.jpg?fit=696%2C392&ssl=1\",\"width\":696,\"height\":392},{\"@type\":\"BreadcrumbList\",\"@id\":\"http:\\\/\\\/vamosporlaliberacion.org\\\/crpmlm\\\/una-plaza-ajuste\\\/#breadcrumb\",\"itemListElement\":[{\"@type\":\"ListItem\",\"position\":1,\"name\":\"Portada\",\"item\":\"https:\\\/\\\/vamosporlaliberacion.org\\\/crpmlm\\\/\"},{\"@type\":\"ListItem\",\"position\":2,\"name\":\"Una Plaza contra el ajuste\"}]},{\"@type\":\"WebSite\",\"@id\":\"https:\\\/\\\/vamosporlaliberacion.org\\\/crpmlm\\\/#website\",\"url\":\"https:\\\/\\\/vamosporlaliberacion.org\\\/crpmlm\\\/\",\"name\":\"Vamos por la Liberaci\u00f3n\",\"description\":\"Prensa CR\",\"potentialAction\":[{\"@type\":\"SearchAction\",\"target\":{\"@type\":\"EntryPoint\",\"urlTemplate\":\"https:\\\/\\\/vamosporlaliberacion.org\\\/crpmlm\\\/?s={search_term_string}\"},\"query-input\":{\"@type\":\"PropertyValueSpecification\",\"valueRequired\":true,\"valueName\":\"search_term_string\"}}],\"inLanguage\":\"es\"},{\"@type\":\"Person\",\"@id\":\"\",\"url\":\"http:\\\/\\\/vamosporlaliberacion.org\\\/crpmlm\\\/author\\\/\"}]}<\/script>\n<!-- \/ Yoast SEO plugin. -->","yoast_head_json":{"title":"Una Plaza contra el ajuste - Vamos por la Liberaci\u00f3n","robots":{"index":"index","follow":"follow","max-snippet":"max-snippet:-1","max-image-preview":"max-image-preview:large","max-video-preview":"max-video-preview:-1"},"canonical":"http:\/\/vamosporlaliberacion.org\/crpmlm\/una-plaza-ajuste\/","twitter_misc":{"Escrito por":"","Tiempo de lectura":"4 minutos"},"schema":{"@context":"https:\/\/schema.org","@graph":[{"@type":"Article","@id":"http:\/\/vamosporlaliberacion.org\/crpmlm\/una-plaza-ajuste\/#article","isPartOf":{"@id":"http:\/\/vamosporlaliberacion.org\/crpmlm\/una-plaza-ajuste\/"},"author":{"name":"","@id":""},"headline":"Una Plaza contra el ajuste","datePublished":"2016-11-05T01:19:34+00:00","dateModified":"2016-11-16T14:57:53+00:00","mainEntityOfPage":{"@id":"http:\/\/vamosporlaliberacion.org\/crpmlm\/una-plaza-ajuste\/"},"wordCount":716,"commentCount":0,"image":{"@id":"http:\/\/vamosporlaliberacion.org\/crpmlm\/una-plaza-ajuste\/#primaryimage"},"thumbnailUrl":"https:\/\/i0.wp.com\/vamosporlaliberacion.org\/crpmlm\/wp-content\/uploads\/2016\/11\/ccrs.jpg?fit=696%2C392&ssl=1","keywords":["CABA","CTA Aut\u00f3noma","CTA de los Trabajadores","destacado","paritarias","vxl 87"],"articleSection":["Noticias"],"inLanguage":"es","potentialAction":[{"@type":"CommentAction","name":"Comment","target":["http:\/\/vamosporlaliberacion.org\/crpmlm\/una-plaza-ajuste\/#respond"]}]},{"@type":"WebPage","@id":"http:\/\/vamosporlaliberacion.org\/crpmlm\/una-plaza-ajuste\/","url":"http:\/\/vamosporlaliberacion.org\/crpmlm\/una-plaza-ajuste\/","name":"Una Plaza contra el ajuste - Vamos por la Liberaci\u00f3n","isPartOf":{"@id":"https:\/\/vamosporlaliberacion.org\/crpmlm\/#website"},"primaryImageOfPage":{"@id":"http:\/\/vamosporlaliberacion.org\/crpmlm\/una-plaza-ajuste\/#primaryimage"},"image":{"@id":"http:\/\/vamosporlaliberacion.org\/crpmlm\/una-plaza-ajuste\/#primaryimage"},"thumbnailUrl":"https:\/\/i0.wp.com\/vamosporlaliberacion.org\/crpmlm\/wp-content\/uploads\/2016\/11\/ccrs.jpg?fit=696%2C392&ssl=1","datePublished":"2016-11-05T01:19:34+00:00","dateModified":"2016-11-16T14:57:53+00:00","author":{"@id":""},"breadcrumb":{"@id":"http:\/\/vamosporlaliberacion.org\/crpmlm\/una-plaza-ajuste\/#breadcrumb"},"inLanguage":"es","potentialAction":[{"@type":"ReadAction","target":["http:\/\/vamosporlaliberacion.org\/crpmlm\/una-plaza-ajuste\/"]}]},{"@type":"ImageObject","inLanguage":"es","@id":"http:\/\/vamosporlaliberacion.org\/crpmlm\/una-plaza-ajuste\/#primaryimage","url":"https:\/\/i0.wp.com\/vamosporlaliberacion.org\/crpmlm\/wp-content\/uploads\/2016\/11\/ccrs.jpg?fit=696%2C392&ssl=1","contentUrl":"https:\/\/i0.wp.com\/vamosporlaliberacion.org\/crpmlm\/wp-content\/uploads\/2016\/11\/ccrs.jpg?fit=696%2C392&ssl=1","width":696,"height":392},{"@type":"BreadcrumbList","@id":"http:\/\/vamosporlaliberacion.org\/crpmlm\/una-plaza-ajuste\/#breadcrumb","itemListElement":[{"@type":"ListItem","position":1,"name":"Portada","item":"https:\/\/vamosporlaliberacion.org\/crpmlm\/"},{"@type":"ListItem","position":2,"name":"Una Plaza contra el ajuste"}]},{"@type":"WebSite","@id":"https:\/\/vamosporlaliberacion.org\/crpmlm\/#website","url":"https:\/\/vamosporlaliberacion.org\/crpmlm\/","name":"Vamos por la Liberaci\u00f3n","description":"Prensa CR","potentialAction":[{"@type":"SearchAction","target":{"@type":"EntryPoint","urlTemplate":"https:\/\/vamosporlaliberacion.org\/crpmlm\/?s={search_term_string}"},"query-input":{"@type":"PropertyValueSpecification","valueRequired":true,"valueName":"search_term_string"}}],"inLanguage":"es"},{"@type":"Person","@id":"","url":"http:\/\/vamosporlaliberacion.org\/crpmlm\/author\/"}]}},"jetpack_featured_media_url":"https:\/\/i0.wp.com\/vamosporlaliberacion.org\/crpmlm\/wp-content\/uploads\/2016\/11\/ccrs.jpg?fit=696%2C392&ssl=1","jetpack_sharing_enabled":true,"_links":{"self":[{"href":"http:\/\/vamosporlaliberacion.org\/crpmlm\/wp-json\/wp\/v2\/posts\/7896","targetHints":{"allow":["GET"]}}],"collection":[{"href":"http:\/\/vamosporlaliberacion.org\/crpmlm\/wp-json\/wp\/v2\/posts"}],"about":[{"href":"http:\/\/vamosporlaliberacion.org\/crpmlm\/wp-json\/wp\/v2\/types\/post"}],"author":[{"embeddable":true,"href":"http:\/\/vamosporlaliberacion.org\/crpmlm\/wp-json\/wp\/v2\/users\/5"}],"replies":[{"embeddable":true,"href":"http:\/\/vamosporlaliberacion.org\/crpmlm\/wp-json\/wp\/v2\/comments?post=7896"}],"version-history":[{"count":0,"href":"http:\/\/vamosporlaliberacion.org\/crpmlm\/wp-json\/wp\/v2\/posts\/7896\/revisions"}],"wp:featuredmedia":[{"embeddable":true,"href":"http:\/\/vamosporlaliberacion.org\/crpmlm\/wp-json\/wp\/v2\/media\/8016"}],"wp:attachment":[{"href":"http:\/\/vamosporlaliberacion.org\/crpmlm\/wp-json\/wp\/v2\/media?parent=7896"}],"wp:term":[{"taxonomy":"category","embeddable":true,"href":"http:\/\/vamosporlaliberacion.org\/crpmlm\/wp-json\/wp\/v2\/categories?post=7896"},{"taxonomy":"post_tag","embeddable":true,"href":"http:\/\/vamosporlaliberacion.org\/crpmlm\/wp-json\/wp\/v2\/tags?post=7896"}],"curies":[{"name":"wp","href":"https:\/\/api.w.org\/{rel}","templated":true}]}}