{"id":7816,"date":"2016-11-01T22:58:44","date_gmt":"2016-11-02T01:58:44","guid":{"rendered":"http:\/\/vamosporlaliberacion.org\/crpmlm\/?p=7816"},"modified":"2016-11-02T11:20:09","modified_gmt":"2016-11-02T14:20:09","slug":"estudiantes-la-liberacion-presento-lista-pellegrini","status":"publish","type":"post","link":"http:\/\/vamosporlaliberacion.org\/crpmlm\/estudiantes-la-liberacion-presento-lista-pellegrini\/","title":{"rendered":"Estudiantes por la Liberaci\u00f3n present\u00f3 lista en el Pellegrini"},"content":{"rendered":"<p>El 21\/10 fueron las elecciones de Centro de Estudiantes (CECaP) en el Colegio Carlos Pellegrini. Desde Estudiantes por la Liberaci\u00f3n junto con estudiantes no agrupados conformamos la Lista 22. De 2019 votos obtuvimos 139 (6,9%) lo cual nos permiti\u00f3 entrar a la Comisi\u00f3n Directiva con un vocal. \u201cEl Estallido\u201d mantuvo la conducci\u00f3n con 457 votos (22,6%) y el Frente UyO (La C\u00e1mpora + Nuevo Encuentro) \u2013del cual se desprendi\u00f3 el PCCE\u2013 sali\u00f3 segundo con 435 votos (21,5%).<\/p>\n<p>Durante el a\u00f1o llevamos adelante actividades basadas en las necesidades de los estudiantes, ya sean cuestiones propias del Pelle o salir a enfrentar el ajuste del gobierno de Macri, priorizando la unidad estudiantil ya que es la manera en que conseguimos: sacar de sus cargos a golpeadores y acosadores, m\u00e1s presupuesto para la UBA y un boleto estudiantil.<\/p>\n<p>Ante una conducci\u00f3n que no se moviliza frente al ajuste de Macri sino que se queda en la palabra, y otras listas que priorizan su sello y niegan las luchas que dimos los estudiantes, una parte encontr\u00f3 en la Lista 22 una herramienta para poder organizarse y empujar la lucha. La campa\u00f1a nos sirvi\u00f3 para fortalecernos, crecer como agrupaci\u00f3n, e instalarnos como una fuerza que transforma \u201cdecir\u201d en \u201chacer\u201d y pone como protagonistas a los estudiantes.<\/p>\n<p>Corresponsal<\/p>\n<!-- AddThis Advanced Settings generic via filter on the_content --><!-- AddThis Share Buttons generic via filter on the_content -->","protected":false},"excerpt":{"rendered":"<p>El 21\/10 fueron las elecciones de Centro de Estudiantes (CECaP) en el Colegio Carlos Pellegrini. Desde Estudiantes por la Liberaci\u00f3n junto con estudiantes no agrupados conformamos la Lista 22. De 2019 votos obtuvimos 139 (6,9%) lo cual nos permiti\u00f3 entrar a la Comisi\u00f3n Directiva con un vocal. \u201cEl Estallido\u201d mantuvo la conducci\u00f3n con 457 votos [&hellip;]<!-- AddThis Advanced Settings generic via filter on get_the_excerpt --><!-- AddThis Share Buttons generic via filter on get_the_excerpt --><\/p>\n","protected":false},"author":5,"featured_media":7854,"comment_status":"open","ping_status":"open","sticky":false,"template":"","format":"standard","meta":{"_jetpack_memberships_contains_paid_content":false,"footnotes":""},"categories":[1699],"tags":[45,846,839],"class_list":{"0":"post-7816","1":"post","2":"type-post","3":"status-publish","4":"format-standard","5":"has-post-thumbnail","7":"category-noticias","8":"tag-caba","9":"tag-estudiantes","10":"tag-vxl-86"},"yoast_head":"<!-- This site is optimized with the Yoast SEO plugin v27.4 - https:\/\/yoast.com\/product\/yoast-seo-wordpress\/ -->\n<title>Estudiantes por la Liberaci\u00f3n present\u00f3 lista en el Pellegrini<\/title>\n<meta name=\"description\" content=\"El 21 fueron las elecciones de Centro de Estudiantes (CECaP) en el Colegio Carlos Pellegrini.\" \/>\n<meta name=\"robots\" content=\"index, follow, max-snippet:-1, max-image-preview:large, max-video-preview:-1\" \/>\n<link rel=\"canonical\" href=\"http:\/\/vamosporlaliberacion.org\/crpmlm\/estudiantes-la-liberacion-presento-lista-pellegrini\/\" \/>\n<meta name=\"twitter:label1\" content=\"Escrito por\" \/>\n\t<meta name=\"twitter:data1\" content=\"\" \/>\n\t<meta name=\"twitter:label2\" content=\"Tiempo de lectura\" \/>\n\t<meta name=\"twitter:data2\" content=\"1 minuto\" \/>\n<script type=\"application\/ld+json\" class=\"yoast-schema-graph\">{\"@context\":\"https:\\\/\\\/schema.org\",\"@graph\":[{\"@type\":\"Article\",\"@id\":\"http:\\\/\\\/vamosporlaliberacion.org\\\/crpmlm\\\/estudiantes-la-liberacion-presento-lista-pellegrini\\\/#article\",\"isPartOf\":{\"@id\":\"http:\\\/\\\/vamosporlaliberacion.org\\\/crpmlm\\\/estudiantes-la-liberacion-presento-lista-pellegrini\\\/\"},\"author\":{\"name\":\"\",\"@id\":\"\"},\"headline\":\"Estudiantes por la Liberaci\u00f3n present\u00f3 lista en el Pellegrini\",\"datePublished\":\"2016-11-02T01:58:44+00:00\",\"dateModified\":\"2016-11-02T14:20:09+00:00\",\"mainEntityOfPage\":{\"@id\":\"http:\\\/\\\/vamosporlaliberacion.org\\\/crpmlm\\\/estudiantes-la-liberacion-presento-lista-pellegrini\\\/\"},\"wordCount\":220,\"commentCount\":0,\"image\":{\"@id\":\"http:\\\/\\\/vamosporlaliberacion.org\\\/crpmlm\\\/estudiantes-la-liberacion-presento-lista-pellegrini\\\/#primaryimage\"},\"thumbnailUrl\":\"https:\\\/\\\/i0.wp.com\\\/vamosporlaliberacion.org\\\/crpmlm\\\/wp-content\\\/uploads\\\/2016\\\/11\\\/estudiantes-por-la-liberacion.jpg?fit=696%2C392&ssl=1\",\"keywords\":[\"CABA\",\"estudiantes\",\"vxl 86\"],\"articleSection\":[\"Noticias\"],\"inLanguage\":\"es\",\"potentialAction\":[{\"@type\":\"CommentAction\",\"name\":\"Comment\",\"target\":[\"http:\\\/\\\/vamosporlaliberacion.org\\\/crpmlm\\\/estudiantes-la-liberacion-presento-lista-pellegrini\\\/#respond\"]}]},{\"@type\":\"WebPage\",\"@id\":\"http:\\\/\\\/vamosporlaliberacion.org\\\/crpmlm\\\/estudiantes-la-liberacion-presento-lista-pellegrini\\\/\",\"url\":\"http:\\\/\\\/vamosporlaliberacion.org\\\/crpmlm\\\/estudiantes-la-liberacion-presento-lista-pellegrini\\\/\",\"name\":\"Estudiantes por la Liberaci\u00f3n present\u00f3 lista en el Pellegrini\",\"isPartOf\":{\"@id\":\"https:\\\/\\\/vamosporlaliberacion.org\\\/crpmlm\\\/#website\"},\"primaryImageOfPage\":{\"@id\":\"http:\\\/\\\/vamosporlaliberacion.org\\\/crpmlm\\\/estudiantes-la-liberacion-presento-lista-pellegrini\\\/#primaryimage\"},\"image\":{\"@id\":\"http:\\\/\\\/vamosporlaliberacion.org\\\/crpmlm\\\/estudiantes-la-liberacion-presento-lista-pellegrini\\\/#primaryimage\"},\"thumbnailUrl\":\"https:\\\/\\\/i0.wp.com\\\/vamosporlaliberacion.org\\\/crpmlm\\\/wp-content\\\/uploads\\\/2016\\\/11\\\/estudiantes-por-la-liberacion.jpg?fit=696%2C392&ssl=1\",\"datePublished\":\"2016-11-02T01:58:44+00:00\",\"dateModified\":\"2016-11-02T14:20:09+00:00\",\"author\":{\"@id\":\"\"},\"description\":\"El 21 fueron las elecciones de Centro de Estudiantes (CECaP) en el Colegio Carlos Pellegrini.\",\"breadcrumb\":{\"@id\":\"http:\\\/\\\/vamosporlaliberacion.org\\\/crpmlm\\\/estudiantes-la-liberacion-presento-lista-pellegrini\\\/#breadcrumb\"},\"inLanguage\":\"es\",\"potentialAction\":[{\"@type\":\"ReadAction\",\"target\":[\"http:\\\/\\\/vamosporlaliberacion.org\\\/crpmlm\\\/estudiantes-la-liberacion-presento-lista-pellegrini\\\/\"]}]},{\"@type\":\"ImageObject\",\"inLanguage\":\"es\",\"@id\":\"http:\\\/\\\/vamosporlaliberacion.org\\\/crpmlm\\\/estudiantes-la-liberacion-presento-lista-pellegrini\\\/#primaryimage\",\"url\":\"https:\\\/\\\/i0.wp.com\\\/vamosporlaliberacion.org\\\/crpmlm\\\/wp-content\\\/uploads\\\/2016\\\/11\\\/estudiantes-por-la-liberacion.jpg?fit=696%2C392&ssl=1\",\"contentUrl\":\"https:\\\/\\\/i0.wp.com\\\/vamosporlaliberacion.org\\\/crpmlm\\\/wp-content\\\/uploads\\\/2016\\\/11\\\/estudiantes-por-la-liberacion.jpg?fit=696%2C392&ssl=1\",\"width\":696,\"height\":392},{\"@type\":\"BreadcrumbList\",\"@id\":\"http:\\\/\\\/vamosporlaliberacion.org\\\/crpmlm\\\/estudiantes-la-liberacion-presento-lista-pellegrini\\\/#breadcrumb\",\"itemListElement\":[{\"@type\":\"ListItem\",\"position\":1,\"name\":\"Portada\",\"item\":\"https:\\\/\\\/vamosporlaliberacion.org\\\/crpmlm\\\/\"},{\"@type\":\"ListItem\",\"position\":2,\"name\":\"Estudiantes por la Liberaci\u00f3n present\u00f3 lista en el Pellegrini\"}]},{\"@type\":\"WebSite\",\"@id\":\"https:\\\/\\\/vamosporlaliberacion.org\\\/crpmlm\\\/#website\",\"url\":\"https:\\\/\\\/vamosporlaliberacion.org\\\/crpmlm\\\/\",\"name\":\"Vamos por la Liberaci\u00f3n\",\"description\":\"Prensa CR\",\"potentialAction\":[{\"@type\":\"SearchAction\",\"target\":{\"@type\":\"EntryPoint\",\"urlTemplate\":\"https:\\\/\\\/vamosporlaliberacion.org\\\/crpmlm\\\/?s={search_term_string}\"},\"query-input\":{\"@type\":\"PropertyValueSpecification\",\"valueRequired\":true,\"valueName\":\"search_term_string\"}}],\"inLanguage\":\"es\"},{\"@type\":\"Person\",\"@id\":\"\",\"url\":\"http:\\\/\\\/vamosporlaliberacion.org\\\/crpmlm\\\/author\\\/\"}]}<\/script>\n<!-- \/ Yoast SEO plugin. -->","yoast_head_json":{"title":"Estudiantes por la Liberaci\u00f3n present\u00f3 lista en el Pellegrini","description":"El 21 fueron las elecciones de Centro de Estudiantes (CECaP) en el Colegio Carlos Pellegrini.","robots":{"index":"index","follow":"follow","max-snippet":"max-snippet:-1","max-image-preview":"max-image-preview:large","max-video-preview":"max-video-preview:-1"},"canonical":"http:\/\/vamosporlaliberacion.org\/crpmlm\/estudiantes-la-liberacion-presento-lista-pellegrini\/","twitter_misc":{"Escrito por":"","Tiempo de lectura":"1 minuto"},"schema":{"@context":"https:\/\/schema.org","@graph":[{"@type":"Article","@id":"http:\/\/vamosporlaliberacion.org\/crpmlm\/estudiantes-la-liberacion-presento-lista-pellegrini\/#article","isPartOf":{"@id":"http:\/\/vamosporlaliberacion.org\/crpmlm\/estudiantes-la-liberacion-presento-lista-pellegrini\/"},"author":{"name":"","@id":""},"headline":"Estudiantes por la Liberaci\u00f3n present\u00f3 lista en el Pellegrini","datePublished":"2016-11-02T01:58:44+00:00","dateModified":"2016-11-02T14:20:09+00:00","mainEntityOfPage":{"@id":"http:\/\/vamosporlaliberacion.org\/crpmlm\/estudiantes-la-liberacion-presento-lista-pellegrini\/"},"wordCount":220,"commentCount":0,"image":{"@id":"http:\/\/vamosporlaliberacion.org\/crpmlm\/estudiantes-la-liberacion-presento-lista-pellegrini\/#primaryimage"},"thumbnailUrl":"https:\/\/i0.wp.com\/vamosporlaliberacion.org\/crpmlm\/wp-content\/uploads\/2016\/11\/estudiantes-por-la-liberacion.jpg?fit=696%2C392&ssl=1","keywords":["CABA","estudiantes","vxl 86"],"articleSection":["Noticias"],"inLanguage":"es","potentialAction":[{"@type":"CommentAction","name":"Comment","target":["http:\/\/vamosporlaliberacion.org\/crpmlm\/estudiantes-la-liberacion-presento-lista-pellegrini\/#respond"]}]},{"@type":"WebPage","@id":"http:\/\/vamosporlaliberacion.org\/crpmlm\/estudiantes-la-liberacion-presento-lista-pellegrini\/","url":"http:\/\/vamosporlaliberacion.org\/crpmlm\/estudiantes-la-liberacion-presento-lista-pellegrini\/","name":"Estudiantes por la Liberaci\u00f3n present\u00f3 lista en el Pellegrini","isPartOf":{"@id":"https:\/\/vamosporlaliberacion.org\/crpmlm\/#website"},"primaryImageOfPage":{"@id":"http:\/\/vamosporlaliberacion.org\/crpmlm\/estudiantes-la-liberacion-presento-lista-pellegrini\/#primaryimage"},"image":{"@id":"http:\/\/vamosporlaliberacion.org\/crpmlm\/estudiantes-la-liberacion-presento-lista-pellegrini\/#primaryimage"},"thumbnailUrl":"https:\/\/i0.wp.com\/vamosporlaliberacion.org\/crpmlm\/wp-content\/uploads\/2016\/11\/estudiantes-por-la-liberacion.jpg?fit=696%2C392&ssl=1","datePublished":"2016-11-02T01:58:44+00:00","dateModified":"2016-11-02T14:20:09+00:00","author":{"@id":""},"description":"El 21 fueron las elecciones de Centro de Estudiantes (CECaP) en el Colegio Carlos Pellegrini.","breadcrumb":{"@id":"http:\/\/vamosporlaliberacion.org\/crpmlm\/estudiantes-la-liberacion-presento-lista-pellegrini\/#breadcrumb"},"inLanguage":"es","potentialAction":[{"@type":"ReadAction","target":["http:\/\/vamosporlaliberacion.org\/crpmlm\/estudiantes-la-liberacion-presento-lista-pellegrini\/"]}]},{"@type":"ImageObject","inLanguage":"es","@id":"http:\/\/vamosporlaliberacion.org\/crpmlm\/estudiantes-la-liberacion-presento-lista-pellegrini\/#primaryimage","url":"https:\/\/i0.wp.com\/vamosporlaliberacion.org\/crpmlm\/wp-content\/uploads\/2016\/11\/estudiantes-por-la-liberacion.jpg?fit=696%2C392&ssl=1","contentUrl":"https:\/\/i0.wp.com\/vamosporlaliberacion.org\/crpmlm\/wp-content\/uploads\/2016\/11\/estudiantes-por-la-liberacion.jpg?fit=696%2C392&ssl=1","width":696,"height":392},{"@type":"BreadcrumbList","@id":"http:\/\/vamosporlaliberacion.org\/crpmlm\/estudiantes-la-liberacion-presento-lista-pellegrini\/#breadcrumb","itemListElement":[{"@type":"ListItem","position":1,"name":"Portada","item":"https:\/\/vamosporlaliberacion.org\/crpmlm\/"},{"@type":"ListItem","position":2,"name":"Estudiantes por la Liberaci\u00f3n present\u00f3 lista en el Pellegrini"}]},{"@type":"WebSite","@id":"https:\/\/vamosporlaliberacion.org\/crpmlm\/#website","url":"https:\/\/vamosporlaliberacion.org\/crpmlm\/","name":"Vamos por la Liberaci\u00f3n","description":"Prensa CR","potentialAction":[{"@type":"SearchAction","target":{"@type":"EntryPoint","urlTemplate":"https:\/\/vamosporlaliberacion.org\/crpmlm\/?s={search_term_string}"},"query-input":{"@type":"PropertyValueSpecification","valueRequired":true,"valueName":"search_term_string"}}],"inLanguage":"es"},{"@type":"Person","@id":"","url":"http:\/\/vamosporlaliberacion.org\/crpmlm\/author\/"}]}},"jetpack_featured_media_url":"https:\/\/i0.wp.com\/vamosporlaliberacion.org\/crpmlm\/wp-content\/uploads\/2016\/11\/estudiantes-por-la-liberacion.jpg?fit=696%2C392&ssl=1","jetpack_sharing_enabled":true,"_links":{"self":[{"href":"http:\/\/vamosporlaliberacion.org\/crpmlm\/wp-json\/wp\/v2\/posts\/7816","targetHints":{"allow":["GET"]}}],"collection":[{"href":"http:\/\/vamosporlaliberacion.org\/crpmlm\/wp-json\/wp\/v2\/posts"}],"about":[{"href":"http:\/\/vamosporlaliberacion.org\/crpmlm\/wp-json\/wp\/v2\/types\/post"}],"author":[{"embeddable":true,"href":"http:\/\/vamosporlaliberacion.org\/crpmlm\/wp-json\/wp\/v2\/users\/5"}],"replies":[{"embeddable":true,"href":"http:\/\/vamosporlaliberacion.org\/crpmlm\/wp-json\/wp\/v2\/comments?post=7816"}],"version-history":[{"count":0,"href":"http:\/\/vamosporlaliberacion.org\/crpmlm\/wp-json\/wp\/v2\/posts\/7816\/revisions"}],"wp:featuredmedia":[{"embeddable":true,"href":"http:\/\/vamosporlaliberacion.org\/crpmlm\/wp-json\/wp\/v2\/media\/7854"}],"wp:attachment":[{"href":"http:\/\/vamosporlaliberacion.org\/crpmlm\/wp-json\/wp\/v2\/media?parent=7816"}],"wp:term":[{"taxonomy":"category","embeddable":true,"href":"http:\/\/vamosporlaliberacion.org\/crpmlm\/wp-json\/wp\/v2\/categories?post=7816"},{"taxonomy":"post_tag","embeddable":true,"href":"http:\/\/vamosporlaliberacion.org\/crpmlm\/wp-json\/wp\/v2\/tags?post=7816"}],"curies":[{"name":"wp","href":"https:\/\/api.w.org\/{rel}","templated":true}]}}