{"id":7810,"date":"2016-11-01T22:44:04","date_gmt":"2016-11-02T01:44:04","guid":{"rendered":"http:\/\/vamosporlaliberacion.org\/crpmlm\/?p=7810"},"modified":"2016-11-02T11:18:32","modified_gmt":"2016-11-02T14:18:32","slug":"joaquin-avanzamos-los-estudiantes","status":"publish","type":"post","link":"http:\/\/vamosporlaliberacion.org\/crpmlm\/joaquin-avanzamos-los-estudiantes\/","title":{"rendered":"En el Joaqu\u00edn, avanzamos los estudiantes!"},"content":{"rendered":"<p>De la semana del 24 al 28 de octubre se llevaron a cabo las elecciones de Consejo y Centro de Estudiantes del ISP Joaqu\u00edn V. Gonz\u00e1lez. La Lista 5 conformada por La 28-Estudiantes por la Liberaci\u00f3n junto con PO, MST, 29 de Mayo, MAS y muchos estudiantes independientes obtuvo la mayor\u00eda estudiantil en Consejo con 1360 votos, el 39,5%, y el segundo lugar en centro con 1089 votos, a 53 votos de La Caravana (Patria Grande) que retuvo la conducci\u00f3n del Centro.<\/p>\n<p>Durante la campa\u00f1a logramos instalar el eje contra el ajuste de Macri en la educaci\u00f3n. Es as\u00ed que en medio de las elecciones y como consecuencia de la presi\u00f3n de los estudiantes el Rectorado tuvo que reconocer que desde Ciudad s\u00f3lo reciben presupuesto para \u201ccaja chica\u201d, lo que equivale a $1,3 por estudiante por a\u00f1o!<\/p>\n<p>\u201cLos resultados de este a\u00f1o fueron clara evidencia del duro trabajo que llevamos a cabo los estudiantes del profesorado. A la hora de presentarnos decidimos hacerlo juntos porque comprendemos la necesidad de un frente unido que no tenga miedo de pararse contra el ajuste y porque as\u00ed lo venimos y seguiremos haciendo. Impulsamos el Cuerpo de Delegados, las clases p\u00fablicas, la defensa de los planes porque entendimos que el estudiantado debe ser parte de su propia defensa\u201d, dec\u00eda Milena Bandin, candidata a presidente y delegada de Lengua y Literatura.<\/p>\n<p>Al cierre de esta edici\u00f3n comenzar\u00e1n las elecciones del Centro de Estudiantes y consejeros del IES Alicia M. de Justo. La agrupaci\u00f3n \u201cDesde las aulas-Estudiantes por la Liberaci\u00f3n\u201d, actual conducci\u00f3n del CEA y mayor\u00eda en Consejo, tambi\u00e9n arm\u00f3 una lista que expresa el proceso que vienen haciendo los estudiantes frente al ajuste del macrismo en la Educaci\u00f3n.<\/p>\n<p>Corresponsal<\/p>\n<!-- AddThis Advanced Settings generic via filter on the_content --><!-- AddThis Share Buttons generic via filter on the_content -->","protected":false},"excerpt":{"rendered":"<p>De la semana del 24 al 28 de octubre se llevaron a cabo las elecciones de Consejo y Centro de Estudiantes del ISP Joaqu\u00edn V. Gonz\u00e1lez. La Lista 5 conformada por La 28-Estudiantes por la Liberaci\u00f3n junto con PO, MST, 29 de Mayo, MAS y muchos estudiantes independientes obtuvo la mayor\u00eda estudiantil en Consejo con [&hellip;]<!-- AddThis Advanced Settings generic via filter on get_the_excerpt --><!-- AddThis Share Buttons generic via filter on get_the_excerpt --><\/p>\n","protected":false},"author":5,"featured_media":7856,"comment_status":"open","ping_status":"open","sticky":false,"template":"","format":"standard","meta":{"_jetpack_memberships_contains_paid_content":false,"footnotes":""},"categories":[1699],"tags":[45,520,846,839],"class_list":{"0":"post-7810","1":"post","2":"type-post","3":"status-publish","4":"format-standard","5":"has-post-thumbnail","7":"category-noticias","8":"tag-caba","9":"tag-destacado-2","10":"tag-estudiantes","11":"tag-vxl-86"},"yoast_head":"<!-- This site is optimized with the Yoast SEO plugin v27.4 - https:\/\/yoast.com\/product\/yoast-seo-wordpress\/ -->\n<title>En el ISP Joaqu\u00edn V. Gonz\u00e1lez, avanzamos los estudiantes!<\/title>\n<meta name=\"description\" content=\"De la semana del 24 al 28 de octubre se llevaron a cabo las elecciones de Consejo y Centro de Estudiantes del ISP Joaqu\u00edn V. Gonz\u00e1lez.\" \/>\n<meta name=\"robots\" content=\"index, follow, max-snippet:-1, max-image-preview:large, max-video-preview:-1\" \/>\n<link rel=\"canonical\" href=\"http:\/\/vamosporlaliberacion.org\/crpmlm\/joaquin-avanzamos-los-estudiantes\/\" \/>\n<meta name=\"twitter:label1\" content=\"Escrito por\" \/>\n\t<meta name=\"twitter:data1\" content=\"\" \/>\n\t<meta name=\"twitter:label2\" content=\"Tiempo de lectura\" \/>\n\t<meta name=\"twitter:data2\" content=\"1 minuto\" \/>\n<script type=\"application\/ld+json\" class=\"yoast-schema-graph\">{\"@context\":\"https:\\\/\\\/schema.org\",\"@graph\":[{\"@type\":\"Article\",\"@id\":\"http:\\\/\\\/vamosporlaliberacion.org\\\/crpmlm\\\/joaquin-avanzamos-los-estudiantes\\\/#article\",\"isPartOf\":{\"@id\":\"http:\\\/\\\/vamosporlaliberacion.org\\\/crpmlm\\\/joaquin-avanzamos-los-estudiantes\\\/\"},\"author\":{\"name\":\"\",\"@id\":\"\"},\"headline\":\"En el Joaqu\u00edn, avanzamos los estudiantes!\",\"datePublished\":\"2016-11-02T01:44:04+00:00\",\"dateModified\":\"2016-11-02T14:18:32+00:00\",\"mainEntityOfPage\":{\"@id\":\"http:\\\/\\\/vamosporlaliberacion.org\\\/crpmlm\\\/joaquin-avanzamos-los-estudiantes\\\/\"},\"wordCount\":303,\"commentCount\":0,\"image\":{\"@id\":\"http:\\\/\\\/vamosporlaliberacion.org\\\/crpmlm\\\/joaquin-avanzamos-los-estudiantes\\\/#primaryimage\"},\"thumbnailUrl\":\"https:\\\/\\\/i0.wp.com\\\/vamosporlaliberacion.org\\\/crpmlm\\\/wp-content\\\/uploads\\\/2016\\\/11\\\/prof.-joaquin-v.-gonzalez.jpg?fit=696%2C392&ssl=1\",\"keywords\":[\"CABA\",\"destacado 2\",\"estudiantes\",\"vxl 86\"],\"articleSection\":[\"Noticias\"],\"inLanguage\":\"es\",\"potentialAction\":[{\"@type\":\"CommentAction\",\"name\":\"Comment\",\"target\":[\"http:\\\/\\\/vamosporlaliberacion.org\\\/crpmlm\\\/joaquin-avanzamos-los-estudiantes\\\/#respond\"]}]},{\"@type\":\"WebPage\",\"@id\":\"http:\\\/\\\/vamosporlaliberacion.org\\\/crpmlm\\\/joaquin-avanzamos-los-estudiantes\\\/\",\"url\":\"http:\\\/\\\/vamosporlaliberacion.org\\\/crpmlm\\\/joaquin-avanzamos-los-estudiantes\\\/\",\"name\":\"En el ISP Joaqu\u00edn V. Gonz\u00e1lez, avanzamos los estudiantes!\",\"isPartOf\":{\"@id\":\"https:\\\/\\\/vamosporlaliberacion.org\\\/crpmlm\\\/#website\"},\"primaryImageOfPage\":{\"@id\":\"http:\\\/\\\/vamosporlaliberacion.org\\\/crpmlm\\\/joaquin-avanzamos-los-estudiantes\\\/#primaryimage\"},\"image\":{\"@id\":\"http:\\\/\\\/vamosporlaliberacion.org\\\/crpmlm\\\/joaquin-avanzamos-los-estudiantes\\\/#primaryimage\"},\"thumbnailUrl\":\"https:\\\/\\\/i0.wp.com\\\/vamosporlaliberacion.org\\\/crpmlm\\\/wp-content\\\/uploads\\\/2016\\\/11\\\/prof.-joaquin-v.-gonzalez.jpg?fit=696%2C392&ssl=1\",\"datePublished\":\"2016-11-02T01:44:04+00:00\",\"dateModified\":\"2016-11-02T14:18:32+00:00\",\"author\":{\"@id\":\"\"},\"description\":\"De la semana del 24 al 28 de octubre se llevaron a cabo las elecciones de Consejo y Centro de Estudiantes del ISP Joaqu\u00edn V. Gonz\u00e1lez.\",\"breadcrumb\":{\"@id\":\"http:\\\/\\\/vamosporlaliberacion.org\\\/crpmlm\\\/joaquin-avanzamos-los-estudiantes\\\/#breadcrumb\"},\"inLanguage\":\"es\",\"potentialAction\":[{\"@type\":\"ReadAction\",\"target\":[\"http:\\\/\\\/vamosporlaliberacion.org\\\/crpmlm\\\/joaquin-avanzamos-los-estudiantes\\\/\"]}]},{\"@type\":\"ImageObject\",\"inLanguage\":\"es\",\"@id\":\"http:\\\/\\\/vamosporlaliberacion.org\\\/crpmlm\\\/joaquin-avanzamos-los-estudiantes\\\/#primaryimage\",\"url\":\"https:\\\/\\\/i0.wp.com\\\/vamosporlaliberacion.org\\\/crpmlm\\\/wp-content\\\/uploads\\\/2016\\\/11\\\/prof.-joaquin-v.-gonzalez.jpg?fit=696%2C392&ssl=1\",\"contentUrl\":\"https:\\\/\\\/i0.wp.com\\\/vamosporlaliberacion.org\\\/crpmlm\\\/wp-content\\\/uploads\\\/2016\\\/11\\\/prof.-joaquin-v.-gonzalez.jpg?fit=696%2C392&ssl=1\",\"width\":696,\"height\":392},{\"@type\":\"BreadcrumbList\",\"@id\":\"http:\\\/\\\/vamosporlaliberacion.org\\\/crpmlm\\\/joaquin-avanzamos-los-estudiantes\\\/#breadcrumb\",\"itemListElement\":[{\"@type\":\"ListItem\",\"position\":1,\"name\":\"Portada\",\"item\":\"https:\\\/\\\/vamosporlaliberacion.org\\\/crpmlm\\\/\"},{\"@type\":\"ListItem\",\"position\":2,\"name\":\"En el Joaqu\u00edn, avanzamos los estudiantes!\"}]},{\"@type\":\"WebSite\",\"@id\":\"https:\\\/\\\/vamosporlaliberacion.org\\\/crpmlm\\\/#website\",\"url\":\"https:\\\/\\\/vamosporlaliberacion.org\\\/crpmlm\\\/\",\"name\":\"Vamos por la Liberaci\u00f3n\",\"description\":\"Prensa CR\",\"potentialAction\":[{\"@type\":\"SearchAction\",\"target\":{\"@type\":\"EntryPoint\",\"urlTemplate\":\"https:\\\/\\\/vamosporlaliberacion.org\\\/crpmlm\\\/?s={search_term_string}\"},\"query-input\":{\"@type\":\"PropertyValueSpecification\",\"valueRequired\":true,\"valueName\":\"search_term_string\"}}],\"inLanguage\":\"es\"},{\"@type\":\"Person\",\"@id\":\"\",\"url\":\"http:\\\/\\\/vamosporlaliberacion.org\\\/crpmlm\\\/author\\\/\"}]}<\/script>\n<!-- \/ Yoast SEO plugin. -->","yoast_head_json":{"title":"En el ISP Joaqu\u00edn V. Gonz\u00e1lez, avanzamos los estudiantes!","description":"De la semana del 24 al 28 de octubre se llevaron a cabo las elecciones de Consejo y Centro de Estudiantes del ISP Joaqu\u00edn V. Gonz\u00e1lez.","robots":{"index":"index","follow":"follow","max-snippet":"max-snippet:-1","max-image-preview":"max-image-preview:large","max-video-preview":"max-video-preview:-1"},"canonical":"http:\/\/vamosporlaliberacion.org\/crpmlm\/joaquin-avanzamos-los-estudiantes\/","twitter_misc":{"Escrito por":"","Tiempo de lectura":"1 minuto"},"schema":{"@context":"https:\/\/schema.org","@graph":[{"@type":"Article","@id":"http:\/\/vamosporlaliberacion.org\/crpmlm\/joaquin-avanzamos-los-estudiantes\/#article","isPartOf":{"@id":"http:\/\/vamosporlaliberacion.org\/crpmlm\/joaquin-avanzamos-los-estudiantes\/"},"author":{"name":"","@id":""},"headline":"En el Joaqu\u00edn, avanzamos los estudiantes!","datePublished":"2016-11-02T01:44:04+00:00","dateModified":"2016-11-02T14:18:32+00:00","mainEntityOfPage":{"@id":"http:\/\/vamosporlaliberacion.org\/crpmlm\/joaquin-avanzamos-los-estudiantes\/"},"wordCount":303,"commentCount":0,"image":{"@id":"http:\/\/vamosporlaliberacion.org\/crpmlm\/joaquin-avanzamos-los-estudiantes\/#primaryimage"},"thumbnailUrl":"https:\/\/i0.wp.com\/vamosporlaliberacion.org\/crpmlm\/wp-content\/uploads\/2016\/11\/prof.-joaquin-v.-gonzalez.jpg?fit=696%2C392&ssl=1","keywords":["CABA","destacado 2","estudiantes","vxl 86"],"articleSection":["Noticias"],"inLanguage":"es","potentialAction":[{"@type":"CommentAction","name":"Comment","target":["http:\/\/vamosporlaliberacion.org\/crpmlm\/joaquin-avanzamos-los-estudiantes\/#respond"]}]},{"@type":"WebPage","@id":"http:\/\/vamosporlaliberacion.org\/crpmlm\/joaquin-avanzamos-los-estudiantes\/","url":"http:\/\/vamosporlaliberacion.org\/crpmlm\/joaquin-avanzamos-los-estudiantes\/","name":"En el ISP Joaqu\u00edn V. Gonz\u00e1lez, avanzamos los estudiantes!","isPartOf":{"@id":"https:\/\/vamosporlaliberacion.org\/crpmlm\/#website"},"primaryImageOfPage":{"@id":"http:\/\/vamosporlaliberacion.org\/crpmlm\/joaquin-avanzamos-los-estudiantes\/#primaryimage"},"image":{"@id":"http:\/\/vamosporlaliberacion.org\/crpmlm\/joaquin-avanzamos-los-estudiantes\/#primaryimage"},"thumbnailUrl":"https:\/\/i0.wp.com\/vamosporlaliberacion.org\/crpmlm\/wp-content\/uploads\/2016\/11\/prof.-joaquin-v.-gonzalez.jpg?fit=696%2C392&ssl=1","datePublished":"2016-11-02T01:44:04+00:00","dateModified":"2016-11-02T14:18:32+00:00","author":{"@id":""},"description":"De la semana del 24 al 28 de octubre se llevaron a cabo las elecciones de Consejo y Centro de Estudiantes del ISP Joaqu\u00edn V. Gonz\u00e1lez.","breadcrumb":{"@id":"http:\/\/vamosporlaliberacion.org\/crpmlm\/joaquin-avanzamos-los-estudiantes\/#breadcrumb"},"inLanguage":"es","potentialAction":[{"@type":"ReadAction","target":["http:\/\/vamosporlaliberacion.org\/crpmlm\/joaquin-avanzamos-los-estudiantes\/"]}]},{"@type":"ImageObject","inLanguage":"es","@id":"http:\/\/vamosporlaliberacion.org\/crpmlm\/joaquin-avanzamos-los-estudiantes\/#primaryimage","url":"https:\/\/i0.wp.com\/vamosporlaliberacion.org\/crpmlm\/wp-content\/uploads\/2016\/11\/prof.-joaquin-v.-gonzalez.jpg?fit=696%2C392&ssl=1","contentUrl":"https:\/\/i0.wp.com\/vamosporlaliberacion.org\/crpmlm\/wp-content\/uploads\/2016\/11\/prof.-joaquin-v.-gonzalez.jpg?fit=696%2C392&ssl=1","width":696,"height":392},{"@type":"BreadcrumbList","@id":"http:\/\/vamosporlaliberacion.org\/crpmlm\/joaquin-avanzamos-los-estudiantes\/#breadcrumb","itemListElement":[{"@type":"ListItem","position":1,"name":"Portada","item":"https:\/\/vamosporlaliberacion.org\/crpmlm\/"},{"@type":"ListItem","position":2,"name":"En el Joaqu\u00edn, avanzamos los estudiantes!"}]},{"@type":"WebSite","@id":"https:\/\/vamosporlaliberacion.org\/crpmlm\/#website","url":"https:\/\/vamosporlaliberacion.org\/crpmlm\/","name":"Vamos por la Liberaci\u00f3n","description":"Prensa CR","potentialAction":[{"@type":"SearchAction","target":{"@type":"EntryPoint","urlTemplate":"https:\/\/vamosporlaliberacion.org\/crpmlm\/?s={search_term_string}"},"query-input":{"@type":"PropertyValueSpecification","valueRequired":true,"valueName":"search_term_string"}}],"inLanguage":"es"},{"@type":"Person","@id":"","url":"http:\/\/vamosporlaliberacion.org\/crpmlm\/author\/"}]}},"jetpack_featured_media_url":"https:\/\/i0.wp.com\/vamosporlaliberacion.org\/crpmlm\/wp-content\/uploads\/2016\/11\/prof.-joaquin-v.-gonzalez.jpg?fit=696%2C392&ssl=1","jetpack_sharing_enabled":true,"_links":{"self":[{"href":"http:\/\/vamosporlaliberacion.org\/crpmlm\/wp-json\/wp\/v2\/posts\/7810","targetHints":{"allow":["GET"]}}],"collection":[{"href":"http:\/\/vamosporlaliberacion.org\/crpmlm\/wp-json\/wp\/v2\/posts"}],"about":[{"href":"http:\/\/vamosporlaliberacion.org\/crpmlm\/wp-json\/wp\/v2\/types\/post"}],"author":[{"embeddable":true,"href":"http:\/\/vamosporlaliberacion.org\/crpmlm\/wp-json\/wp\/v2\/users\/5"}],"replies":[{"embeddable":true,"href":"http:\/\/vamosporlaliberacion.org\/crpmlm\/wp-json\/wp\/v2\/comments?post=7810"}],"version-history":[{"count":0,"href":"http:\/\/vamosporlaliberacion.org\/crpmlm\/wp-json\/wp\/v2\/posts\/7810\/revisions"}],"wp:featuredmedia":[{"embeddable":true,"href":"http:\/\/vamosporlaliberacion.org\/crpmlm\/wp-json\/wp\/v2\/media\/7856"}],"wp:attachment":[{"href":"http:\/\/vamosporlaliberacion.org\/crpmlm\/wp-json\/wp\/v2\/media?parent=7810"}],"wp:term":[{"taxonomy":"category","embeddable":true,"href":"http:\/\/vamosporlaliberacion.org\/crpmlm\/wp-json\/wp\/v2\/categories?post=7810"},{"taxonomy":"post_tag","embeddable":true,"href":"http:\/\/vamosporlaliberacion.org\/crpmlm\/wp-json\/wp\/v2\/tags?post=7810"}],"curies":[{"name":"wp","href":"https:\/\/api.w.org\/{rel}","templated":true}]}}