{"id":7785,"date":"2016-11-01T21:32:33","date_gmt":"2016-11-02T00:32:33","guid":{"rendered":"http:\/\/vamosporlaliberacion.org\/crpmlm\/?p=7785"},"modified":"2016-11-02T10:55:09","modified_gmt":"2016-11-02T13:55:09","slug":"cordoba-movilizacion-trabajo-alimentos","status":"publish","type":"post","link":"http:\/\/vamosporlaliberacion.org\/crpmlm\/cordoba-movilizacion-trabajo-alimentos\/","title":{"rendered":"C\u00f3rdoba: Movilizaci\u00f3n por trabajo y alimentos"},"content":{"rendered":"<p>Alrededor de 1500 compa\u00f1eros y compa\u00f1eras marcharon desde la Plaza Espa\u00f1a hasta el edificio Pablo Pizzurno, donde funciona el Ministerio de Desarrollo Social de la provincia de C\u00f3rdoba. El reclamo: que se garantice pago de subsidio por trabajo comunitario \u2013que hac\u00eda dos meses que no se pagaba\u2013 y por alimentos para 2500 personas.<\/p>\n<p>Aquel mi\u00e9rcoles 26 los funcionarios del gobierno recibieron a los manifestantes, hubo algunas respuestas y se program\u00f3 una nueva reuni\u00f3n para esta semana. Participaron de la movilizaci\u00f3n la Corriente Clasista Ren\u00e9 Salamanca, Mujeres en Lucha de Villa Libertador, FOL, FOB, Barrios de Pie, Polo Obrero y los centros vecinales de Alberdi Mareschal.<\/p>\n<!-- AddThis Advanced Settings generic via filter on the_content --><!-- AddThis Share Buttons generic via filter on the_content -->","protected":false},"excerpt":{"rendered":"<p>Alrededor de 1500 compa\u00f1eros y compa\u00f1eras marcharon desde la Plaza Espa\u00f1a hasta el edificio Pablo Pizzurno, donde funciona el Ministerio de Desarrollo Social de la provincia de C\u00f3rdoba. El reclamo: que se garantice pago de subsidio por trabajo comunitario \u2013que hac\u00eda dos meses que no se pagaba\u2013 y por alimentos para 2500 personas. Aquel mi\u00e9rcoles [&hellip;]<!-- AddThis Advanced Settings generic via filter on get_the_excerpt --><!-- AddThis Share Buttons generic via filter on get_the_excerpt --><\/p>\n","protected":false},"author":5,"featured_media":7848,"comment_status":"open","ping_status":"open","sticky":false,"template":"","format":"standard","meta":{"_jetpack_memberships_contains_paid_content":false,"footnotes":""},"categories":[1699],"tags":[68,71,839],"class_list":{"0":"post-7785","1":"post","2":"type-post","3":"status-publish","4":"format-standard","5":"has-post-thumbnail","7":"category-noticias","8":"tag-cordoba","9":"tag-corriente-clasista-rene-salamanca","10":"tag-vxl-86"},"yoast_head":"<!-- This site is optimized with the Yoast SEO plugin v27.4 - https:\/\/yoast.com\/product\/yoast-seo-wordpress\/ -->\n<title>Movilizaci\u00f3n por trabajo y alimentos al Min. Desarrollo Social de C\u00f3rdoba<\/title>\n<meta name=\"description\" content=\"Alrededor de 1500 compa\u00f1eros y compa\u00f1eras marcharon desde la Plaza Espa\u00f1a hasta el edificio Pablo Pizzurno, en la provincia de C\u00f3rdoba.\" \/>\n<meta name=\"robots\" content=\"index, follow, max-snippet:-1, max-image-preview:large, max-video-preview:-1\" \/>\n<link rel=\"canonical\" href=\"http:\/\/vamosporlaliberacion.org\/crpmlm\/cordoba-movilizacion-trabajo-alimentos\/\" \/>\n<meta name=\"twitter:label1\" content=\"Escrito por\" \/>\n\t<meta name=\"twitter:data1\" content=\"\" \/>\n\t<meta name=\"twitter:label2\" content=\"Tiempo de lectura\" \/>\n\t<meta name=\"twitter:data2\" content=\"1 minuto\" \/>\n<script type=\"application\/ld+json\" class=\"yoast-schema-graph\">{\"@context\":\"https:\\\/\\\/schema.org\",\"@graph\":[{\"@type\":\"Article\",\"@id\":\"http:\\\/\\\/vamosporlaliberacion.org\\\/crpmlm\\\/cordoba-movilizacion-trabajo-alimentos\\\/#article\",\"isPartOf\":{\"@id\":\"http:\\\/\\\/vamosporlaliberacion.org\\\/crpmlm\\\/cordoba-movilizacion-trabajo-alimentos\\\/\"},\"author\":{\"name\":\"\",\"@id\":\"\"},\"headline\":\"C\u00f3rdoba: Movilizaci\u00f3n por trabajo y alimentos\",\"datePublished\":\"2016-11-02T00:32:33+00:00\",\"dateModified\":\"2016-11-02T13:55:09+00:00\",\"mainEntityOfPage\":{\"@id\":\"http:\\\/\\\/vamosporlaliberacion.org\\\/crpmlm\\\/cordoba-movilizacion-trabajo-alimentos\\\/\"},\"wordCount\":118,\"commentCount\":0,\"image\":{\"@id\":\"http:\\\/\\\/vamosporlaliberacion.org\\\/crpmlm\\\/cordoba-movilizacion-trabajo-alimentos\\\/#primaryimage\"},\"thumbnailUrl\":\"https:\\\/\\\/i0.wp.com\\\/vamosporlaliberacion.org\\\/crpmlm\\\/wp-content\\\/uploads\\\/2016\\\/11\\\/cc-rene-salamanca-cordoba.jpg?fit=696%2C392&ssl=1\",\"keywords\":[\"C\u00f3rdoba\",\"Corriente Clasista Ren\u00e9 Salamanca\",\"vxl 86\"],\"articleSection\":[\"Noticias\"],\"inLanguage\":\"es\",\"potentialAction\":[{\"@type\":\"CommentAction\",\"name\":\"Comment\",\"target\":[\"http:\\\/\\\/vamosporlaliberacion.org\\\/crpmlm\\\/cordoba-movilizacion-trabajo-alimentos\\\/#respond\"]}]},{\"@type\":\"WebPage\",\"@id\":\"http:\\\/\\\/vamosporlaliberacion.org\\\/crpmlm\\\/cordoba-movilizacion-trabajo-alimentos\\\/\",\"url\":\"http:\\\/\\\/vamosporlaliberacion.org\\\/crpmlm\\\/cordoba-movilizacion-trabajo-alimentos\\\/\",\"name\":\"Movilizaci\u00f3n por trabajo y alimentos al Min. Desarrollo Social de C\u00f3rdoba\",\"isPartOf\":{\"@id\":\"https:\\\/\\\/vamosporlaliberacion.org\\\/crpmlm\\\/#website\"},\"primaryImageOfPage\":{\"@id\":\"http:\\\/\\\/vamosporlaliberacion.org\\\/crpmlm\\\/cordoba-movilizacion-trabajo-alimentos\\\/#primaryimage\"},\"image\":{\"@id\":\"http:\\\/\\\/vamosporlaliberacion.org\\\/crpmlm\\\/cordoba-movilizacion-trabajo-alimentos\\\/#primaryimage\"},\"thumbnailUrl\":\"https:\\\/\\\/i0.wp.com\\\/vamosporlaliberacion.org\\\/crpmlm\\\/wp-content\\\/uploads\\\/2016\\\/11\\\/cc-rene-salamanca-cordoba.jpg?fit=696%2C392&ssl=1\",\"datePublished\":\"2016-11-02T00:32:33+00:00\",\"dateModified\":\"2016-11-02T13:55:09+00:00\",\"author\":{\"@id\":\"\"},\"description\":\"Alrededor de 1500 compa\u00f1eros y compa\u00f1eras marcharon desde la Plaza Espa\u00f1a hasta el edificio Pablo Pizzurno, en la provincia de C\u00f3rdoba.\",\"breadcrumb\":{\"@id\":\"http:\\\/\\\/vamosporlaliberacion.org\\\/crpmlm\\\/cordoba-movilizacion-trabajo-alimentos\\\/#breadcrumb\"},\"inLanguage\":\"es\",\"potentialAction\":[{\"@type\":\"ReadAction\",\"target\":[\"http:\\\/\\\/vamosporlaliberacion.org\\\/crpmlm\\\/cordoba-movilizacion-trabajo-alimentos\\\/\"]}]},{\"@type\":\"ImageObject\",\"inLanguage\":\"es\",\"@id\":\"http:\\\/\\\/vamosporlaliberacion.org\\\/crpmlm\\\/cordoba-movilizacion-trabajo-alimentos\\\/#primaryimage\",\"url\":\"https:\\\/\\\/i0.wp.com\\\/vamosporlaliberacion.org\\\/crpmlm\\\/wp-content\\\/uploads\\\/2016\\\/11\\\/cc-rene-salamanca-cordoba.jpg?fit=696%2C392&ssl=1\",\"contentUrl\":\"https:\\\/\\\/i0.wp.com\\\/vamosporlaliberacion.org\\\/crpmlm\\\/wp-content\\\/uploads\\\/2016\\\/11\\\/cc-rene-salamanca-cordoba.jpg?fit=696%2C392&ssl=1\",\"width\":696,\"height\":392},{\"@type\":\"BreadcrumbList\",\"@id\":\"http:\\\/\\\/vamosporlaliberacion.org\\\/crpmlm\\\/cordoba-movilizacion-trabajo-alimentos\\\/#breadcrumb\",\"itemListElement\":[{\"@type\":\"ListItem\",\"position\":1,\"name\":\"Portada\",\"item\":\"https:\\\/\\\/vamosporlaliberacion.org\\\/crpmlm\\\/\"},{\"@type\":\"ListItem\",\"position\":2,\"name\":\"C\u00f3rdoba: Movilizaci\u00f3n por trabajo y alimentos\"}]},{\"@type\":\"WebSite\",\"@id\":\"https:\\\/\\\/vamosporlaliberacion.org\\\/crpmlm\\\/#website\",\"url\":\"https:\\\/\\\/vamosporlaliberacion.org\\\/crpmlm\\\/\",\"name\":\"Vamos por la Liberaci\u00f3n\",\"description\":\"Prensa CR\",\"potentialAction\":[{\"@type\":\"SearchAction\",\"target\":{\"@type\":\"EntryPoint\",\"urlTemplate\":\"https:\\\/\\\/vamosporlaliberacion.org\\\/crpmlm\\\/?s={search_term_string}\"},\"query-input\":{\"@type\":\"PropertyValueSpecification\",\"valueRequired\":true,\"valueName\":\"search_term_string\"}}],\"inLanguage\":\"es\"},{\"@type\":\"Person\",\"@id\":\"\",\"url\":\"http:\\\/\\\/vamosporlaliberacion.org\\\/crpmlm\\\/author\\\/\"}]}<\/script>\n<!-- \/ Yoast SEO plugin. -->","yoast_head_json":{"title":"Movilizaci\u00f3n por trabajo y alimentos al Min. Desarrollo Social de C\u00f3rdoba","description":"Alrededor de 1500 compa\u00f1eros y compa\u00f1eras marcharon desde la Plaza Espa\u00f1a hasta el edificio Pablo Pizzurno, en la provincia de C\u00f3rdoba.","robots":{"index":"index","follow":"follow","max-snippet":"max-snippet:-1","max-image-preview":"max-image-preview:large","max-video-preview":"max-video-preview:-1"},"canonical":"http:\/\/vamosporlaliberacion.org\/crpmlm\/cordoba-movilizacion-trabajo-alimentos\/","twitter_misc":{"Escrito por":"","Tiempo de lectura":"1 minuto"},"schema":{"@context":"https:\/\/schema.org","@graph":[{"@type":"Article","@id":"http:\/\/vamosporlaliberacion.org\/crpmlm\/cordoba-movilizacion-trabajo-alimentos\/#article","isPartOf":{"@id":"http:\/\/vamosporlaliberacion.org\/crpmlm\/cordoba-movilizacion-trabajo-alimentos\/"},"author":{"name":"","@id":""},"headline":"C\u00f3rdoba: Movilizaci\u00f3n por trabajo y alimentos","datePublished":"2016-11-02T00:32:33+00:00","dateModified":"2016-11-02T13:55:09+00:00","mainEntityOfPage":{"@id":"http:\/\/vamosporlaliberacion.org\/crpmlm\/cordoba-movilizacion-trabajo-alimentos\/"},"wordCount":118,"commentCount":0,"image":{"@id":"http:\/\/vamosporlaliberacion.org\/crpmlm\/cordoba-movilizacion-trabajo-alimentos\/#primaryimage"},"thumbnailUrl":"https:\/\/i0.wp.com\/vamosporlaliberacion.org\/crpmlm\/wp-content\/uploads\/2016\/11\/cc-rene-salamanca-cordoba.jpg?fit=696%2C392&ssl=1","keywords":["C\u00f3rdoba","Corriente Clasista Ren\u00e9 Salamanca","vxl 86"],"articleSection":["Noticias"],"inLanguage":"es","potentialAction":[{"@type":"CommentAction","name":"Comment","target":["http:\/\/vamosporlaliberacion.org\/crpmlm\/cordoba-movilizacion-trabajo-alimentos\/#respond"]}]},{"@type":"WebPage","@id":"http:\/\/vamosporlaliberacion.org\/crpmlm\/cordoba-movilizacion-trabajo-alimentos\/","url":"http:\/\/vamosporlaliberacion.org\/crpmlm\/cordoba-movilizacion-trabajo-alimentos\/","name":"Movilizaci\u00f3n por trabajo y alimentos al Min. Desarrollo Social de C\u00f3rdoba","isPartOf":{"@id":"https:\/\/vamosporlaliberacion.org\/crpmlm\/#website"},"primaryImageOfPage":{"@id":"http:\/\/vamosporlaliberacion.org\/crpmlm\/cordoba-movilizacion-trabajo-alimentos\/#primaryimage"},"image":{"@id":"http:\/\/vamosporlaliberacion.org\/crpmlm\/cordoba-movilizacion-trabajo-alimentos\/#primaryimage"},"thumbnailUrl":"https:\/\/i0.wp.com\/vamosporlaliberacion.org\/crpmlm\/wp-content\/uploads\/2016\/11\/cc-rene-salamanca-cordoba.jpg?fit=696%2C392&ssl=1","datePublished":"2016-11-02T00:32:33+00:00","dateModified":"2016-11-02T13:55:09+00:00","author":{"@id":""},"description":"Alrededor de 1500 compa\u00f1eros y compa\u00f1eras marcharon desde la Plaza Espa\u00f1a hasta el edificio Pablo Pizzurno, en la provincia de C\u00f3rdoba.","breadcrumb":{"@id":"http:\/\/vamosporlaliberacion.org\/crpmlm\/cordoba-movilizacion-trabajo-alimentos\/#breadcrumb"},"inLanguage":"es","potentialAction":[{"@type":"ReadAction","target":["http:\/\/vamosporlaliberacion.org\/crpmlm\/cordoba-movilizacion-trabajo-alimentos\/"]}]},{"@type":"ImageObject","inLanguage":"es","@id":"http:\/\/vamosporlaliberacion.org\/crpmlm\/cordoba-movilizacion-trabajo-alimentos\/#primaryimage","url":"https:\/\/i0.wp.com\/vamosporlaliberacion.org\/crpmlm\/wp-content\/uploads\/2016\/11\/cc-rene-salamanca-cordoba.jpg?fit=696%2C392&ssl=1","contentUrl":"https:\/\/i0.wp.com\/vamosporlaliberacion.org\/crpmlm\/wp-content\/uploads\/2016\/11\/cc-rene-salamanca-cordoba.jpg?fit=696%2C392&ssl=1","width":696,"height":392},{"@type":"BreadcrumbList","@id":"http:\/\/vamosporlaliberacion.org\/crpmlm\/cordoba-movilizacion-trabajo-alimentos\/#breadcrumb","itemListElement":[{"@type":"ListItem","position":1,"name":"Portada","item":"https:\/\/vamosporlaliberacion.org\/crpmlm\/"},{"@type":"ListItem","position":2,"name":"C\u00f3rdoba: Movilizaci\u00f3n por trabajo y alimentos"}]},{"@type":"WebSite","@id":"https:\/\/vamosporlaliberacion.org\/crpmlm\/#website","url":"https:\/\/vamosporlaliberacion.org\/crpmlm\/","name":"Vamos por la Liberaci\u00f3n","description":"Prensa CR","potentialAction":[{"@type":"SearchAction","target":{"@type":"EntryPoint","urlTemplate":"https:\/\/vamosporlaliberacion.org\/crpmlm\/?s={search_term_string}"},"query-input":{"@type":"PropertyValueSpecification","valueRequired":true,"valueName":"search_term_string"}}],"inLanguage":"es"},{"@type":"Person","@id":"","url":"http:\/\/vamosporlaliberacion.org\/crpmlm\/author\/"}]}},"jetpack_featured_media_url":"https:\/\/i0.wp.com\/vamosporlaliberacion.org\/crpmlm\/wp-content\/uploads\/2016\/11\/cc-rene-salamanca-cordoba.jpg?fit=696%2C392&ssl=1","jetpack_sharing_enabled":true,"_links":{"self":[{"href":"http:\/\/vamosporlaliberacion.org\/crpmlm\/wp-json\/wp\/v2\/posts\/7785","targetHints":{"allow":["GET"]}}],"collection":[{"href":"http:\/\/vamosporlaliberacion.org\/crpmlm\/wp-json\/wp\/v2\/posts"}],"about":[{"href":"http:\/\/vamosporlaliberacion.org\/crpmlm\/wp-json\/wp\/v2\/types\/post"}],"author":[{"embeddable":true,"href":"http:\/\/vamosporlaliberacion.org\/crpmlm\/wp-json\/wp\/v2\/users\/5"}],"replies":[{"embeddable":true,"href":"http:\/\/vamosporlaliberacion.org\/crpmlm\/wp-json\/wp\/v2\/comments?post=7785"}],"version-history":[{"count":0,"href":"http:\/\/vamosporlaliberacion.org\/crpmlm\/wp-json\/wp\/v2\/posts\/7785\/revisions"}],"wp:featuredmedia":[{"embeddable":true,"href":"http:\/\/vamosporlaliberacion.org\/crpmlm\/wp-json\/wp\/v2\/media\/7848"}],"wp:attachment":[{"href":"http:\/\/vamosporlaliberacion.org\/crpmlm\/wp-json\/wp\/v2\/media?parent=7785"}],"wp:term":[{"taxonomy":"category","embeddable":true,"href":"http:\/\/vamosporlaliberacion.org\/crpmlm\/wp-json\/wp\/v2\/categories?post=7785"},{"taxonomy":"post_tag","embeddable":true,"href":"http:\/\/vamosporlaliberacion.org\/crpmlm\/wp-json\/wp\/v2\/tags?post=7785"}],"curies":[{"name":"wp","href":"https:\/\/api.w.org\/{rel}","templated":true}]}}