{"id":7439,"date":"2016-10-06T01:14:47","date_gmt":"2016-10-06T01:14:47","guid":{"rendered":"http:\/\/vamosporlaliberacion.org\/crpmlm\/?p=7439"},"modified":"2016-10-06T01:14:47","modified_gmt":"2016-10-06T01:14:47","slug":"en-campana-contra-el-despido-de-los-17-docentes-fueguinos-2","status":"publish","type":"post","link":"http:\/\/vamosporlaliberacion.org\/crpmlm\/en-campana-contra-el-despido-de-los-17-docentes-fueguinos-2\/","title":{"rendered":"En campa\u00f1a contra el despido de los 17 docentes fueguinos"},"content":{"rendered":"<p>Intervenci\u00f3n en comisiones del Congreso Nacional, entrevistas con dirigentes gremiales, participaci\u00f3n en conferencias de prensa, fotos con el afiche en escuelas, sindicatos y federaciones, nuevos cortes de calle y charlas en el acampe de Plaza de Mayo. Todas \u00e9stas son algunas de las actividades que contin\u00faan realiz\u00e1ndose desde el lanzamiento de la campa\u00f1a contra la exoneraci\u00f3n y desafuero de 17 delegados docentes del sindicato docente SUTEF de Tierra del Fuego.<\/p>\n<p>Las lamentables novedades en las \u00faltimas semanas fueron los nuevos desafueros resueltos en primera instancia por el juez laboral Pensa: Ver\u00f3nica Alfonso, bibliotecaria, docente y delegada del Instituto Provincial de Educaci\u00f3n Superior (IPES); Cristian Schnack, profesor de educaci\u00f3n f\u00edsica y delegado gremial; Rene Massa, docente de primaria y Profesor de Historia con 23 a\u00f1os de servicios; Alejandro G\u00f3mez, profe en el Kloketen y en la Escuela T\u00e9cnica; Gast\u00f3n Benitez, tambi\u00e9n del Kloketen y en la EPET; Horacio Sol\u00eds, maestro de primaria; y Horacio Mu\u00f1oz, secretario de administraci\u00f3n del SUTEF y profesor del Colegio Ernesto S\u00e1bato.<\/p>\n<p>Antes el juez hab\u00eda excluido la tutela sindical a Horacio Catena \u2013secretario general del SUTEF y CTA A\u2013, Carlos D\u00edaz y Ra\u00fal Arce \u2013secretario gremial del SUTEF\u2013. As\u00ed ya suman nueve los dirigentes gremiales exonerados y a quienes les quitaron los fueros sindicales. Quedan a\u00fan otros ocho docentes sobre los que se espera alguna resoluci\u00f3n del juez.<\/p>\n<p>\u201cTodos ellos coincidieron en un momento y en un lugar, ten\u00edan todos la misma situaci\u00f3n y la misma convicci\u00f3n. Los 17, sumados a cientos\u2026 protestaban en mayo del 2013 por que la cosa no daba para m\u00e1s\u201d, remarc\u00f3 el SUTEF en un comunicado, en referencia a la lucha paritaria de 2013 que concluy\u00f3 con un aumento del 43%. En aquel momento, debieron darle la raz\u00f3n a los reclamos docentes. Pero luego vino la revancha de la ex gobernadora Fabiana R\u00edos \u2013que resolvi\u00f3 la exoneraci\u00f3n de los 17\u2013 y m\u00e1s tarde la ratificaci\u00f3n de la nueva gobernadora Rosana Bertone \u2013tambi\u00e9n interesada en golpear la organizaci\u00f3n docente para hacer pasar el paquete de ajuste y la \u201carmonizaci\u00f3n\u201d de la caja previsional provincial\u2013.<\/p>\n<p>Ahora, mientras cada escuela en Tierra del Fuego reafirma su repudio a las exoneraciones, delegaciones del SUTEF viajan por todo el pa\u00eds. Estuvieron presentes y recibieron la solidaridad del Congreso de Conadu Hist\u00f3rica, AGMER en Paran\u00e1, el acampe de organizaciones sociales en Plaza de Mayo, el Sindicato de M\u00fasicos SADEM, la Junta Ejecutiva de la FUA, SEOM, y volvieron a participar junto a las Madres de la ronda de los jueves en la Pir\u00e1mide de Mayo.<\/p>\n<p>En la C\u00e1mara de Diputados participaron en las comisiones de Derechos Humanos y de Legislaci\u00f3n del Trabajo de la C\u00e1mara de Diputados, d\u00f3nde ampliaron la solidaridad y se pronunciaron H\u00e9ctor Daer (Sanidad), Omar Plaini (Canillitas) y Abel Furl\u00e1n (UOM). Tambi\u00e9n se pronunciaron los diputados Facundo Moyano y se sumaron a la campa\u00f1a de fotos los diputados N\u00e9stor Pitrola, Oscar Mart\u00ednez y el presidente de la Comisi\u00f3n de Legislaci\u00f3n del Trabajo y dirigente petrolero Roberti.<\/p>\n<p>En las siguientes semanas est\u00e1n programados m\u00e1s viajes por Formosa, Cipolleti, Neuqu\u00e9n, Santiago del Estero, Tucum\u00e1n, Catamarca, Salta y Jujuy.<\/p>\n<!-- AddThis Advanced Settings generic via filter on the_content --><!-- AddThis Share Buttons generic via filter on the_content -->","protected":false},"excerpt":{"rendered":"<p>Intervenci\u00f3n en comisiones del Congreso Nacional, entrevistas con dirigentes gremiales, participaci\u00f3n en conferencias de prensa, fotos con el afiche en escuelas, sindicatos y federaciones, nuevos cortes de calle y charlas en el acampe de Plaza de Mayo. Todas \u00e9stas son algunas de las actividades que contin\u00faan realiz\u00e1ndose desde el lanzamiento de la campa\u00f1a contra la [&hellip;]<!-- AddThis Advanced Settings generic via filter on get_the_excerpt --><!-- AddThis Share Buttons generic via filter on get_the_excerpt --><\/p>\n","protected":false},"author":5,"featured_media":7440,"comment_status":"open","ping_status":"open","sticky":false,"template":"","format":"standard","meta":{"_jetpack_memberships_contains_paid_content":false,"footnotes":""},"categories":[1699],"tags":[519,537,786,815],"class_list":{"0":"post-7439","1":"post","2":"type-post","3":"status-publish","4":"format-standard","5":"has-post-thumbnail","7":"category-noticias","8":"tag-destacado","9":"tag-libertades-democraticas","10":"tag-no-al-despido-de-los-17-dirigentes-docentes-fueguinos","11":"tag-vxl-84"},"yoast_head":"<!-- This site is optimized with the Yoast SEO plugin v27.4 - https:\/\/yoast.com\/product\/yoast-seo-wordpress\/ -->\n<title>En campa\u00f1a contra el despido de los 17 docentes fueguinos - Vamos por la Liberaci\u00f3n<\/title>\n<meta name=\"robots\" content=\"index, follow, max-snippet:-1, max-image-preview:large, max-video-preview:-1\" \/>\n<link rel=\"canonical\" href=\"http:\/\/vamosporlaliberacion.org\/crpmlm\/en-campana-contra-el-despido-de-los-17-docentes-fueguinos-2\/\" \/>\n<meta name=\"twitter:label1\" content=\"Escrito por\" \/>\n\t<meta name=\"twitter:data1\" content=\"\" \/>\n\t<meta name=\"twitter:label2\" content=\"Tiempo de lectura\" \/>\n\t<meta name=\"twitter:data2\" content=\"3 minutos\" \/>\n<script type=\"application\/ld+json\" class=\"yoast-schema-graph\">{\"@context\":\"https:\\\/\\\/schema.org\",\"@graph\":[{\"@type\":\"Article\",\"@id\":\"http:\\\/\\\/vamosporlaliberacion.org\\\/crpmlm\\\/en-campana-contra-el-despido-de-los-17-docentes-fueguinos-2\\\/#article\",\"isPartOf\":{\"@id\":\"http:\\\/\\\/vamosporlaliberacion.org\\\/crpmlm\\\/en-campana-contra-el-despido-de-los-17-docentes-fueguinos-2\\\/\"},\"author\":{\"name\":\"\",\"@id\":\"\"},\"headline\":\"En campa\u00f1a contra el despido de los 17 docentes fueguinos\",\"datePublished\":\"2016-10-06T01:14:47+00:00\",\"mainEntityOfPage\":{\"@id\":\"http:\\\/\\\/vamosporlaliberacion.org\\\/crpmlm\\\/en-campana-contra-el-despido-de-los-17-docentes-fueguinos-2\\\/\"},\"wordCount\":571,\"commentCount\":0,\"image\":{\"@id\":\"http:\\\/\\\/vamosporlaliberacion.org\\\/crpmlm\\\/en-campana-contra-el-despido-de-los-17-docentes-fueguinos-2\\\/#primaryimage\"},\"thumbnailUrl\":\"https:\\\/\\\/i0.wp.com\\\/vamosporlaliberacion.org\\\/crpmlm\\\/wp-content\\\/uploads\\\/2016\\\/10\\\/14480645_1187130934667162_4493173745708782935_o-1.jpg?fit=1280%2C720&ssl=1\",\"keywords\":[\"destacado\",\"Libertades democr\u00e1ticas\",\"No al despido de los 17 dirigentes docentes fueguinos\",\"vxl 84\"],\"articleSection\":[\"Noticias\"],\"inLanguage\":\"es\",\"potentialAction\":[{\"@type\":\"CommentAction\",\"name\":\"Comment\",\"target\":[\"http:\\\/\\\/vamosporlaliberacion.org\\\/crpmlm\\\/en-campana-contra-el-despido-de-los-17-docentes-fueguinos-2\\\/#respond\"]}]},{\"@type\":\"WebPage\",\"@id\":\"http:\\\/\\\/vamosporlaliberacion.org\\\/crpmlm\\\/en-campana-contra-el-despido-de-los-17-docentes-fueguinos-2\\\/\",\"url\":\"http:\\\/\\\/vamosporlaliberacion.org\\\/crpmlm\\\/en-campana-contra-el-despido-de-los-17-docentes-fueguinos-2\\\/\",\"name\":\"En campa\u00f1a contra el despido de los 17 docentes fueguinos - Vamos por la Liberaci\u00f3n\",\"isPartOf\":{\"@id\":\"https:\\\/\\\/vamosporlaliberacion.org\\\/crpmlm\\\/#website\"},\"primaryImageOfPage\":{\"@id\":\"http:\\\/\\\/vamosporlaliberacion.org\\\/crpmlm\\\/en-campana-contra-el-despido-de-los-17-docentes-fueguinos-2\\\/#primaryimage\"},\"image\":{\"@id\":\"http:\\\/\\\/vamosporlaliberacion.org\\\/crpmlm\\\/en-campana-contra-el-despido-de-los-17-docentes-fueguinos-2\\\/#primaryimage\"},\"thumbnailUrl\":\"https:\\\/\\\/i0.wp.com\\\/vamosporlaliberacion.org\\\/crpmlm\\\/wp-content\\\/uploads\\\/2016\\\/10\\\/14480645_1187130934667162_4493173745708782935_o-1.jpg?fit=1280%2C720&ssl=1\",\"datePublished\":\"2016-10-06T01:14:47+00:00\",\"author\":{\"@id\":\"\"},\"breadcrumb\":{\"@id\":\"http:\\\/\\\/vamosporlaliberacion.org\\\/crpmlm\\\/en-campana-contra-el-despido-de-los-17-docentes-fueguinos-2\\\/#breadcrumb\"},\"inLanguage\":\"es\",\"potentialAction\":[{\"@type\":\"ReadAction\",\"target\":[\"http:\\\/\\\/vamosporlaliberacion.org\\\/crpmlm\\\/en-campana-contra-el-despido-de-los-17-docentes-fueguinos-2\\\/\"]}]},{\"@type\":\"ImageObject\",\"inLanguage\":\"es\",\"@id\":\"http:\\\/\\\/vamosporlaliberacion.org\\\/crpmlm\\\/en-campana-contra-el-despido-de-los-17-docentes-fueguinos-2\\\/#primaryimage\",\"url\":\"https:\\\/\\\/i0.wp.com\\\/vamosporlaliberacion.org\\\/crpmlm\\\/wp-content\\\/uploads\\\/2016\\\/10\\\/14480645_1187130934667162_4493173745708782935_o-1.jpg?fit=1280%2C720&ssl=1\",\"contentUrl\":\"https:\\\/\\\/i0.wp.com\\\/vamosporlaliberacion.org\\\/crpmlm\\\/wp-content\\\/uploads\\\/2016\\\/10\\\/14480645_1187130934667162_4493173745708782935_o-1.jpg?fit=1280%2C720&ssl=1\",\"width\":1280,\"height\":720},{\"@type\":\"BreadcrumbList\",\"@id\":\"http:\\\/\\\/vamosporlaliberacion.org\\\/crpmlm\\\/en-campana-contra-el-despido-de-los-17-docentes-fueguinos-2\\\/#breadcrumb\",\"itemListElement\":[{\"@type\":\"ListItem\",\"position\":1,\"name\":\"Portada\",\"item\":\"https:\\\/\\\/vamosporlaliberacion.org\\\/crpmlm\\\/\"},{\"@type\":\"ListItem\",\"position\":2,\"name\":\"En campa\u00f1a contra el despido de los 17 docentes fueguinos\"}]},{\"@type\":\"WebSite\",\"@id\":\"https:\\\/\\\/vamosporlaliberacion.org\\\/crpmlm\\\/#website\",\"url\":\"https:\\\/\\\/vamosporlaliberacion.org\\\/crpmlm\\\/\",\"name\":\"Vamos por la Liberaci\u00f3n\",\"description\":\"Prensa CR\",\"potentialAction\":[{\"@type\":\"SearchAction\",\"target\":{\"@type\":\"EntryPoint\",\"urlTemplate\":\"https:\\\/\\\/vamosporlaliberacion.org\\\/crpmlm\\\/?s={search_term_string}\"},\"query-input\":{\"@type\":\"PropertyValueSpecification\",\"valueRequired\":true,\"valueName\":\"search_term_string\"}}],\"inLanguage\":\"es\"},{\"@type\":\"Person\",\"@id\":\"\",\"url\":\"http:\\\/\\\/vamosporlaliberacion.org\\\/crpmlm\\\/author\\\/\"}]}<\/script>\n<!-- \/ Yoast SEO plugin. -->","yoast_head_json":{"title":"En campa\u00f1a contra el despido de los 17 docentes fueguinos - Vamos por la Liberaci\u00f3n","robots":{"index":"index","follow":"follow","max-snippet":"max-snippet:-1","max-image-preview":"max-image-preview:large","max-video-preview":"max-video-preview:-1"},"canonical":"http:\/\/vamosporlaliberacion.org\/crpmlm\/en-campana-contra-el-despido-de-los-17-docentes-fueguinos-2\/","twitter_misc":{"Escrito por":"","Tiempo de lectura":"3 minutos"},"schema":{"@context":"https:\/\/schema.org","@graph":[{"@type":"Article","@id":"http:\/\/vamosporlaliberacion.org\/crpmlm\/en-campana-contra-el-despido-de-los-17-docentes-fueguinos-2\/#article","isPartOf":{"@id":"http:\/\/vamosporlaliberacion.org\/crpmlm\/en-campana-contra-el-despido-de-los-17-docentes-fueguinos-2\/"},"author":{"name":"","@id":""},"headline":"En campa\u00f1a contra el despido de los 17 docentes fueguinos","datePublished":"2016-10-06T01:14:47+00:00","mainEntityOfPage":{"@id":"http:\/\/vamosporlaliberacion.org\/crpmlm\/en-campana-contra-el-despido-de-los-17-docentes-fueguinos-2\/"},"wordCount":571,"commentCount":0,"image":{"@id":"http:\/\/vamosporlaliberacion.org\/crpmlm\/en-campana-contra-el-despido-de-los-17-docentes-fueguinos-2\/#primaryimage"},"thumbnailUrl":"https:\/\/i0.wp.com\/vamosporlaliberacion.org\/crpmlm\/wp-content\/uploads\/2016\/10\/14480645_1187130934667162_4493173745708782935_o-1.jpg?fit=1280%2C720&ssl=1","keywords":["destacado","Libertades democr\u00e1ticas","No al despido de los 17 dirigentes docentes fueguinos","vxl 84"],"articleSection":["Noticias"],"inLanguage":"es","potentialAction":[{"@type":"CommentAction","name":"Comment","target":["http:\/\/vamosporlaliberacion.org\/crpmlm\/en-campana-contra-el-despido-de-los-17-docentes-fueguinos-2\/#respond"]}]},{"@type":"WebPage","@id":"http:\/\/vamosporlaliberacion.org\/crpmlm\/en-campana-contra-el-despido-de-los-17-docentes-fueguinos-2\/","url":"http:\/\/vamosporlaliberacion.org\/crpmlm\/en-campana-contra-el-despido-de-los-17-docentes-fueguinos-2\/","name":"En campa\u00f1a contra el despido de los 17 docentes fueguinos - Vamos por la Liberaci\u00f3n","isPartOf":{"@id":"https:\/\/vamosporlaliberacion.org\/crpmlm\/#website"},"primaryImageOfPage":{"@id":"http:\/\/vamosporlaliberacion.org\/crpmlm\/en-campana-contra-el-despido-de-los-17-docentes-fueguinos-2\/#primaryimage"},"image":{"@id":"http:\/\/vamosporlaliberacion.org\/crpmlm\/en-campana-contra-el-despido-de-los-17-docentes-fueguinos-2\/#primaryimage"},"thumbnailUrl":"https:\/\/i0.wp.com\/vamosporlaliberacion.org\/crpmlm\/wp-content\/uploads\/2016\/10\/14480645_1187130934667162_4493173745708782935_o-1.jpg?fit=1280%2C720&ssl=1","datePublished":"2016-10-06T01:14:47+00:00","author":{"@id":""},"breadcrumb":{"@id":"http:\/\/vamosporlaliberacion.org\/crpmlm\/en-campana-contra-el-despido-de-los-17-docentes-fueguinos-2\/#breadcrumb"},"inLanguage":"es","potentialAction":[{"@type":"ReadAction","target":["http:\/\/vamosporlaliberacion.org\/crpmlm\/en-campana-contra-el-despido-de-los-17-docentes-fueguinos-2\/"]}]},{"@type":"ImageObject","inLanguage":"es","@id":"http:\/\/vamosporlaliberacion.org\/crpmlm\/en-campana-contra-el-despido-de-los-17-docentes-fueguinos-2\/#primaryimage","url":"https:\/\/i0.wp.com\/vamosporlaliberacion.org\/crpmlm\/wp-content\/uploads\/2016\/10\/14480645_1187130934667162_4493173745708782935_o-1.jpg?fit=1280%2C720&ssl=1","contentUrl":"https:\/\/i0.wp.com\/vamosporlaliberacion.org\/crpmlm\/wp-content\/uploads\/2016\/10\/14480645_1187130934667162_4493173745708782935_o-1.jpg?fit=1280%2C720&ssl=1","width":1280,"height":720},{"@type":"BreadcrumbList","@id":"http:\/\/vamosporlaliberacion.org\/crpmlm\/en-campana-contra-el-despido-de-los-17-docentes-fueguinos-2\/#breadcrumb","itemListElement":[{"@type":"ListItem","position":1,"name":"Portada","item":"https:\/\/vamosporlaliberacion.org\/crpmlm\/"},{"@type":"ListItem","position":2,"name":"En campa\u00f1a contra el despido de los 17 docentes fueguinos"}]},{"@type":"WebSite","@id":"https:\/\/vamosporlaliberacion.org\/crpmlm\/#website","url":"https:\/\/vamosporlaliberacion.org\/crpmlm\/","name":"Vamos por la Liberaci\u00f3n","description":"Prensa CR","potentialAction":[{"@type":"SearchAction","target":{"@type":"EntryPoint","urlTemplate":"https:\/\/vamosporlaliberacion.org\/crpmlm\/?s={search_term_string}"},"query-input":{"@type":"PropertyValueSpecification","valueRequired":true,"valueName":"search_term_string"}}],"inLanguage":"es"},{"@type":"Person","@id":"","url":"http:\/\/vamosporlaliberacion.org\/crpmlm\/author\/"}]}},"jetpack_featured_media_url":"https:\/\/i0.wp.com\/vamosporlaliberacion.org\/crpmlm\/wp-content\/uploads\/2016\/10\/14480645_1187130934667162_4493173745708782935_o-1.jpg?fit=1280%2C720&ssl=1","jetpack_sharing_enabled":true,"_links":{"self":[{"href":"http:\/\/vamosporlaliberacion.org\/crpmlm\/wp-json\/wp\/v2\/posts\/7439","targetHints":{"allow":["GET"]}}],"collection":[{"href":"http:\/\/vamosporlaliberacion.org\/crpmlm\/wp-json\/wp\/v2\/posts"}],"about":[{"href":"http:\/\/vamosporlaliberacion.org\/crpmlm\/wp-json\/wp\/v2\/types\/post"}],"author":[{"embeddable":true,"href":"http:\/\/vamosporlaliberacion.org\/crpmlm\/wp-json\/wp\/v2\/users\/5"}],"replies":[{"embeddable":true,"href":"http:\/\/vamosporlaliberacion.org\/crpmlm\/wp-json\/wp\/v2\/comments?post=7439"}],"version-history":[{"count":0,"href":"http:\/\/vamosporlaliberacion.org\/crpmlm\/wp-json\/wp\/v2\/posts\/7439\/revisions"}],"wp:featuredmedia":[{"embeddable":true,"href":"http:\/\/vamosporlaliberacion.org\/crpmlm\/wp-json\/wp\/v2\/media\/7440"}],"wp:attachment":[{"href":"http:\/\/vamosporlaliberacion.org\/crpmlm\/wp-json\/wp\/v2\/media?parent=7439"}],"wp:term":[{"taxonomy":"category","embeddable":true,"href":"http:\/\/vamosporlaliberacion.org\/crpmlm\/wp-json\/wp\/v2\/categories?post=7439"},{"taxonomy":"post_tag","embeddable":true,"href":"http:\/\/vamosporlaliberacion.org\/crpmlm\/wp-json\/wp\/v2\/tags?post=7439"}],"curies":[{"name":"wp","href":"https:\/\/api.w.org\/{rel}","templated":true}]}}