{"id":7429,"date":"2016-10-06T01:28:01","date_gmt":"2016-10-06T01:28:01","guid":{"rendered":"http:\/\/vamosporlaliberacion.org\/crpmlm\/?p=7429"},"modified":"2016-10-06T01:28:01","modified_gmt":"2016-10-06T01:28:01","slug":"actividades-durante-el-acampe-en-plaza-de-mayo","status":"publish","type":"post","link":"http:\/\/vamosporlaliberacion.org\/crpmlm\/actividades-durante-el-acampe-en-plaza-de-mayo\/","title":{"rendered":"Actividades durante el acampe en Plaza de Mayo"},"content":{"rendered":"<p>La medida que protagoniz\u00f3 el FUC tuvo un gran impacto en los medios radiales, gr\u00e1ficos y televisivos desde el mismo d\u00eda lunes y recogi\u00f3 la solidaridad de trabajadores de distintos gremios que se acercaron al campamento o lo expresaron en el acto de cierre del d\u00eda jueves como choferes de la l\u00ednea 60, docentes del Sutef y Ademys, Estatales de ATE de Econom\u00eda y de Trabajo, bancarios del Banco Central, entre otros.<\/p>\n<p>La repercusi\u00f3n tamb\u00e9n se vi\u00f3 en la gran concurrencia que hubo en las charlas debate a lo largo de los 3 d\u00edas sobre \u201cAjuste macrista y luchas sindicales\u201d, \u201cAjuste y movimiento de mujeres\u201d, \u201cLa lucha de lxs trabajadorxs precarizadxs\u201d, \u201cSituaci\u00f3n de los derechos humanos ante el nuevo gobierno\u201d, \u201cTierra y Vivienda en el nuevo contexto\u201d, \u201cEducaci\u00f3n y ajuste\u201d.<br \/>\nA lo largo del campamento se realizaron talleres tem\u00e1ticos como \u201cConstrucci\u00f3n de roles de g\u00e9nero\u201d, \u201cFicci\u00f3n audiovisual\u201d, \u201cJuegos para ni\u00f1xs\u201d, \u201cEcologia Popular\u201d, \u201cJ\u00f3venes y cultura popular en los barrios\u201d. Durante las noches animaron la espera de la cena hecha por los compa\u00f1eros en la cocina central del campamento, cantores populares y murgas que se acercaron solidariamente.<\/p>\n<!-- AddThis Advanced Settings generic via filter on the_content --><!-- AddThis Share Buttons generic via filter on the_content -->","protected":false},"excerpt":{"rendered":"<p>La medida que protagoniz\u00f3 el FUC tuvo un gran impacto en los medios radiales, gr\u00e1ficos y televisivos desde el mismo d\u00eda lunes y recogi\u00f3 la solidaridad de trabajadores de distintos gremios que se acercaron al campamento o lo expresaron en el acto de cierre del d\u00eda jueves como choferes de la l\u00ednea 60, docentes del [&hellip;]<!-- AddThis Advanced Settings generic via filter on get_the_excerpt --><!-- AddThis Share Buttons generic via filter on get_the_excerpt --><\/p>\n","protected":false},"author":5,"featured_media":7438,"comment_status":"open","ping_status":"open","sticky":false,"template":"","format":"standard","meta":{"_jetpack_memberships_contains_paid_content":false,"footnotes":""},"categories":[1699],"tags":[816,71,815],"class_list":{"0":"post-7429","1":"post","2":"type-post","3":"status-publish","4":"format-standard","5":"has-post-thumbnail","7":"category-noticias","8":"tag-acampe-en-plaza-de-mayo","9":"tag-corriente-clasista-rene-salamanca","10":"tag-vxl-84"},"yoast_head":"<!-- This site is optimized with the Yoast SEO plugin v27.4 - https:\/\/yoast.com\/product\/yoast-seo-wordpress\/ -->\n<title>Actividades durante el acampe en Plaza de Mayo - Vamos por la Liberaci\u00f3n<\/title>\n<meta name=\"robots\" content=\"index, follow, max-snippet:-1, max-image-preview:large, max-video-preview:-1\" \/>\n<link rel=\"canonical\" href=\"http:\/\/vamosporlaliberacion.org\/crpmlm\/actividades-durante-el-acampe-en-plaza-de-mayo\/\" \/>\n<meta name=\"twitter:label1\" content=\"Escrito por\" \/>\n\t<meta name=\"twitter:data1\" content=\"\" \/>\n\t<meta name=\"twitter:label2\" content=\"Tiempo de lectura\" \/>\n\t<meta name=\"twitter:data2\" content=\"1 minuto\" \/>\n<script type=\"application\/ld+json\" class=\"yoast-schema-graph\">{\"@context\":\"https:\\\/\\\/schema.org\",\"@graph\":[{\"@type\":\"Article\",\"@id\":\"http:\\\/\\\/vamosporlaliberacion.org\\\/crpmlm\\\/actividades-durante-el-acampe-en-plaza-de-mayo\\\/#article\",\"isPartOf\":{\"@id\":\"http:\\\/\\\/vamosporlaliberacion.org\\\/crpmlm\\\/actividades-durante-el-acampe-en-plaza-de-mayo\\\/\"},\"author\":{\"name\":\"\",\"@id\":\"\"},\"headline\":\"Actividades durante el acampe en Plaza de Mayo\",\"datePublished\":\"2016-10-06T01:28:01+00:00\",\"mainEntityOfPage\":{\"@id\":\"http:\\\/\\\/vamosporlaliberacion.org\\\/crpmlm\\\/actividades-durante-el-acampe-en-plaza-de-mayo\\\/\"},\"wordCount\":209,\"commentCount\":0,\"image\":{\"@id\":\"http:\\\/\\\/vamosporlaliberacion.org\\\/crpmlm\\\/actividades-durante-el-acampe-en-plaza-de-mayo\\\/#primaryimage\"},\"thumbnailUrl\":\"https:\\\/\\\/i0.wp.com\\\/vamosporlaliberacion.org\\\/crpmlm\\\/wp-content\\\/uploads\\\/2016\\\/10\\\/14445115_1088138967967417_2379061300633207728_o-1.jpg?fit=1280%2C721&ssl=1\",\"keywords\":[\"Acampe en Plaza de Mayo\",\"Corriente Clasista Ren\u00e9 Salamanca\",\"vxl 84\"],\"articleSection\":[\"Noticias\"],\"inLanguage\":\"es\",\"potentialAction\":[{\"@type\":\"CommentAction\",\"name\":\"Comment\",\"target\":[\"http:\\\/\\\/vamosporlaliberacion.org\\\/crpmlm\\\/actividades-durante-el-acampe-en-plaza-de-mayo\\\/#respond\"]}]},{\"@type\":\"WebPage\",\"@id\":\"http:\\\/\\\/vamosporlaliberacion.org\\\/crpmlm\\\/actividades-durante-el-acampe-en-plaza-de-mayo\\\/\",\"url\":\"http:\\\/\\\/vamosporlaliberacion.org\\\/crpmlm\\\/actividades-durante-el-acampe-en-plaza-de-mayo\\\/\",\"name\":\"Actividades durante el acampe en Plaza de Mayo - Vamos por la Liberaci\u00f3n\",\"isPartOf\":{\"@id\":\"https:\\\/\\\/vamosporlaliberacion.org\\\/crpmlm\\\/#website\"},\"primaryImageOfPage\":{\"@id\":\"http:\\\/\\\/vamosporlaliberacion.org\\\/crpmlm\\\/actividades-durante-el-acampe-en-plaza-de-mayo\\\/#primaryimage\"},\"image\":{\"@id\":\"http:\\\/\\\/vamosporlaliberacion.org\\\/crpmlm\\\/actividades-durante-el-acampe-en-plaza-de-mayo\\\/#primaryimage\"},\"thumbnailUrl\":\"https:\\\/\\\/i0.wp.com\\\/vamosporlaliberacion.org\\\/crpmlm\\\/wp-content\\\/uploads\\\/2016\\\/10\\\/14445115_1088138967967417_2379061300633207728_o-1.jpg?fit=1280%2C721&ssl=1\",\"datePublished\":\"2016-10-06T01:28:01+00:00\",\"author\":{\"@id\":\"\"},\"breadcrumb\":{\"@id\":\"http:\\\/\\\/vamosporlaliberacion.org\\\/crpmlm\\\/actividades-durante-el-acampe-en-plaza-de-mayo\\\/#breadcrumb\"},\"inLanguage\":\"es\",\"potentialAction\":[{\"@type\":\"ReadAction\",\"target\":[\"http:\\\/\\\/vamosporlaliberacion.org\\\/crpmlm\\\/actividades-durante-el-acampe-en-plaza-de-mayo\\\/\"]}]},{\"@type\":\"ImageObject\",\"inLanguage\":\"es\",\"@id\":\"http:\\\/\\\/vamosporlaliberacion.org\\\/crpmlm\\\/actividades-durante-el-acampe-en-plaza-de-mayo\\\/#primaryimage\",\"url\":\"https:\\\/\\\/i0.wp.com\\\/vamosporlaliberacion.org\\\/crpmlm\\\/wp-content\\\/uploads\\\/2016\\\/10\\\/14445115_1088138967967417_2379061300633207728_o-1.jpg?fit=1280%2C721&ssl=1\",\"contentUrl\":\"https:\\\/\\\/i0.wp.com\\\/vamosporlaliberacion.org\\\/crpmlm\\\/wp-content\\\/uploads\\\/2016\\\/10\\\/14445115_1088138967967417_2379061300633207728_o-1.jpg?fit=1280%2C721&ssl=1\",\"width\":1280,\"height\":721},{\"@type\":\"BreadcrumbList\",\"@id\":\"http:\\\/\\\/vamosporlaliberacion.org\\\/crpmlm\\\/actividades-durante-el-acampe-en-plaza-de-mayo\\\/#breadcrumb\",\"itemListElement\":[{\"@type\":\"ListItem\",\"position\":1,\"name\":\"Portada\",\"item\":\"https:\\\/\\\/vamosporlaliberacion.org\\\/crpmlm\\\/\"},{\"@type\":\"ListItem\",\"position\":2,\"name\":\"Actividades durante el acampe en Plaza de Mayo\"}]},{\"@type\":\"WebSite\",\"@id\":\"https:\\\/\\\/vamosporlaliberacion.org\\\/crpmlm\\\/#website\",\"url\":\"https:\\\/\\\/vamosporlaliberacion.org\\\/crpmlm\\\/\",\"name\":\"Vamos por la Liberaci\u00f3n\",\"description\":\"Prensa CR\",\"potentialAction\":[{\"@type\":\"SearchAction\",\"target\":{\"@type\":\"EntryPoint\",\"urlTemplate\":\"https:\\\/\\\/vamosporlaliberacion.org\\\/crpmlm\\\/?s={search_term_string}\"},\"query-input\":{\"@type\":\"PropertyValueSpecification\",\"valueRequired\":true,\"valueName\":\"search_term_string\"}}],\"inLanguage\":\"es\"},{\"@type\":\"Person\",\"@id\":\"\",\"url\":\"http:\\\/\\\/vamosporlaliberacion.org\\\/crpmlm\\\/author\\\/\"}]}<\/script>\n<!-- \/ Yoast SEO plugin. -->","yoast_head_json":{"title":"Actividades durante el acampe en Plaza de Mayo - Vamos por la Liberaci\u00f3n","robots":{"index":"index","follow":"follow","max-snippet":"max-snippet:-1","max-image-preview":"max-image-preview:large","max-video-preview":"max-video-preview:-1"},"canonical":"http:\/\/vamosporlaliberacion.org\/crpmlm\/actividades-durante-el-acampe-en-plaza-de-mayo\/","twitter_misc":{"Escrito por":"","Tiempo de lectura":"1 minuto"},"schema":{"@context":"https:\/\/schema.org","@graph":[{"@type":"Article","@id":"http:\/\/vamosporlaliberacion.org\/crpmlm\/actividades-durante-el-acampe-en-plaza-de-mayo\/#article","isPartOf":{"@id":"http:\/\/vamosporlaliberacion.org\/crpmlm\/actividades-durante-el-acampe-en-plaza-de-mayo\/"},"author":{"name":"","@id":""},"headline":"Actividades durante el acampe en Plaza de Mayo","datePublished":"2016-10-06T01:28:01+00:00","mainEntityOfPage":{"@id":"http:\/\/vamosporlaliberacion.org\/crpmlm\/actividades-durante-el-acampe-en-plaza-de-mayo\/"},"wordCount":209,"commentCount":0,"image":{"@id":"http:\/\/vamosporlaliberacion.org\/crpmlm\/actividades-durante-el-acampe-en-plaza-de-mayo\/#primaryimage"},"thumbnailUrl":"https:\/\/i0.wp.com\/vamosporlaliberacion.org\/crpmlm\/wp-content\/uploads\/2016\/10\/14445115_1088138967967417_2379061300633207728_o-1.jpg?fit=1280%2C721&ssl=1","keywords":["Acampe en Plaza de Mayo","Corriente Clasista Ren\u00e9 Salamanca","vxl 84"],"articleSection":["Noticias"],"inLanguage":"es","potentialAction":[{"@type":"CommentAction","name":"Comment","target":["http:\/\/vamosporlaliberacion.org\/crpmlm\/actividades-durante-el-acampe-en-plaza-de-mayo\/#respond"]}]},{"@type":"WebPage","@id":"http:\/\/vamosporlaliberacion.org\/crpmlm\/actividades-durante-el-acampe-en-plaza-de-mayo\/","url":"http:\/\/vamosporlaliberacion.org\/crpmlm\/actividades-durante-el-acampe-en-plaza-de-mayo\/","name":"Actividades durante el acampe en Plaza de Mayo - Vamos por la Liberaci\u00f3n","isPartOf":{"@id":"https:\/\/vamosporlaliberacion.org\/crpmlm\/#website"},"primaryImageOfPage":{"@id":"http:\/\/vamosporlaliberacion.org\/crpmlm\/actividades-durante-el-acampe-en-plaza-de-mayo\/#primaryimage"},"image":{"@id":"http:\/\/vamosporlaliberacion.org\/crpmlm\/actividades-durante-el-acampe-en-plaza-de-mayo\/#primaryimage"},"thumbnailUrl":"https:\/\/i0.wp.com\/vamosporlaliberacion.org\/crpmlm\/wp-content\/uploads\/2016\/10\/14445115_1088138967967417_2379061300633207728_o-1.jpg?fit=1280%2C721&ssl=1","datePublished":"2016-10-06T01:28:01+00:00","author":{"@id":""},"breadcrumb":{"@id":"http:\/\/vamosporlaliberacion.org\/crpmlm\/actividades-durante-el-acampe-en-plaza-de-mayo\/#breadcrumb"},"inLanguage":"es","potentialAction":[{"@type":"ReadAction","target":["http:\/\/vamosporlaliberacion.org\/crpmlm\/actividades-durante-el-acampe-en-plaza-de-mayo\/"]}]},{"@type":"ImageObject","inLanguage":"es","@id":"http:\/\/vamosporlaliberacion.org\/crpmlm\/actividades-durante-el-acampe-en-plaza-de-mayo\/#primaryimage","url":"https:\/\/i0.wp.com\/vamosporlaliberacion.org\/crpmlm\/wp-content\/uploads\/2016\/10\/14445115_1088138967967417_2379061300633207728_o-1.jpg?fit=1280%2C721&ssl=1","contentUrl":"https:\/\/i0.wp.com\/vamosporlaliberacion.org\/crpmlm\/wp-content\/uploads\/2016\/10\/14445115_1088138967967417_2379061300633207728_o-1.jpg?fit=1280%2C721&ssl=1","width":1280,"height":721},{"@type":"BreadcrumbList","@id":"http:\/\/vamosporlaliberacion.org\/crpmlm\/actividades-durante-el-acampe-en-plaza-de-mayo\/#breadcrumb","itemListElement":[{"@type":"ListItem","position":1,"name":"Portada","item":"https:\/\/vamosporlaliberacion.org\/crpmlm\/"},{"@type":"ListItem","position":2,"name":"Actividades durante el acampe en Plaza de Mayo"}]},{"@type":"WebSite","@id":"https:\/\/vamosporlaliberacion.org\/crpmlm\/#website","url":"https:\/\/vamosporlaliberacion.org\/crpmlm\/","name":"Vamos por la Liberaci\u00f3n","description":"Prensa CR","potentialAction":[{"@type":"SearchAction","target":{"@type":"EntryPoint","urlTemplate":"https:\/\/vamosporlaliberacion.org\/crpmlm\/?s={search_term_string}"},"query-input":{"@type":"PropertyValueSpecification","valueRequired":true,"valueName":"search_term_string"}}],"inLanguage":"es"},{"@type":"Person","@id":"","url":"http:\/\/vamosporlaliberacion.org\/crpmlm\/author\/"}]}},"jetpack_featured_media_url":"https:\/\/i0.wp.com\/vamosporlaliberacion.org\/crpmlm\/wp-content\/uploads\/2016\/10\/14445115_1088138967967417_2379061300633207728_o-1.jpg?fit=1280%2C721&ssl=1","jetpack_sharing_enabled":true,"_links":{"self":[{"href":"http:\/\/vamosporlaliberacion.org\/crpmlm\/wp-json\/wp\/v2\/posts\/7429","targetHints":{"allow":["GET"]}}],"collection":[{"href":"http:\/\/vamosporlaliberacion.org\/crpmlm\/wp-json\/wp\/v2\/posts"}],"about":[{"href":"http:\/\/vamosporlaliberacion.org\/crpmlm\/wp-json\/wp\/v2\/types\/post"}],"author":[{"embeddable":true,"href":"http:\/\/vamosporlaliberacion.org\/crpmlm\/wp-json\/wp\/v2\/users\/5"}],"replies":[{"embeddable":true,"href":"http:\/\/vamosporlaliberacion.org\/crpmlm\/wp-json\/wp\/v2\/comments?post=7429"}],"version-history":[{"count":0,"href":"http:\/\/vamosporlaliberacion.org\/crpmlm\/wp-json\/wp\/v2\/posts\/7429\/revisions"}],"wp:featuredmedia":[{"embeddable":true,"href":"http:\/\/vamosporlaliberacion.org\/crpmlm\/wp-json\/wp\/v2\/media\/7438"}],"wp:attachment":[{"href":"http:\/\/vamosporlaliberacion.org\/crpmlm\/wp-json\/wp\/v2\/media?parent=7429"}],"wp:term":[{"taxonomy":"category","embeddable":true,"href":"http:\/\/vamosporlaliberacion.org\/crpmlm\/wp-json\/wp\/v2\/categories?post=7429"},{"taxonomy":"post_tag","embeddable":true,"href":"http:\/\/vamosporlaliberacion.org\/crpmlm\/wp-json\/wp\/v2\/tags?post=7429"}],"curies":[{"name":"wp","href":"https:\/\/api.w.org\/{rel}","templated":true}]}}