{"id":7208,"date":"2016-09-14T00:11:20","date_gmt":"2016-09-14T00:11:20","guid":{"rendered":"http:\/\/vamosporlaliberacion.org\/crpmlm\/?p=7208"},"modified":"2016-09-14T13:30:19","modified_gmt":"2016-09-14T13:30:19","slug":"ley-de-primer-empleo-mas-flexibilizacion-laboral","status":"publish","type":"post","link":"http:\/\/vamosporlaliberacion.org\/crpmlm\/ley-de-primer-empleo-mas-flexibilizacion-laboral\/","title":{"rendered":"Ley de primer empleo: M\u00e1s flexibilizaci\u00f3n laboral"},"content":{"rendered":"<p class=\"Parrafo-inicial\"><span class=\"char-style-override-2\">E<\/span>l macrismo impulsa la aprobaci\u00f3n de una ley de empleo que, bajo el argumento de incentivar la contrataci\u00f3n de j\u00f3venes trabajadores, reduce las contribuciones patronales e incentiva el despido de trabajadores con antig\u00fcedad a cambio de contratar j\u00f3venes con salarios m\u00e1s bajos. El proyecto del gobierno crea \u201cun nuevo r\u00e9gimen de empleo que establece exenciones e incentivos para los empleadores que incorporen a trabajadores con menos de tres a\u00f1os de experiencia en el mercado laboral formal, y con edades entre 18 y 24 a\u00f1os en todo el pa\u00eds\u201d.<\/p>\n<p class=\"Texto-base\">Seg\u00fan el proyecto, los empleadores que incorporen nuevos trabajadores bajo este r\u00e9gimen estar\u00e1n exentos del pago de hasta el 100% de las contribuciones patronales. Sin embargo, los beneficios definidos tienen como tope el valor equivalente a una vez y media el Salario M\u00ednimo Vital y M\u00f3vil (SMVM): hoy en $7.560. Propician as\u00ed el cambio de empleados con salarios m\u00e1s altos por empleados con salarios m\u00e1s bajos, de hasta $11.340 brutos o $9.412 netos (calculado como 1,5 veces el SMVM). Tambi\u00e9n impulsa el blanqueo de trabajadores en negro condonando la deuda de hasta 5 a\u00f1os de aportes patronales a las empresas.<\/p>\n<p class=\"Texto-base\">El \u201crecambio\u201d de trabajadores antiguos con m\u00e1s derechos por nuevos con menos derechos tiene como l\u00edmite \u2013que en realidad en estas condiciones es un incentivo\u2013 que los nuevos contratados sean m\u00e1s que los viejos despedidos: la empresa \u201cpodr\u00e1 acceder al beneficio si se demuestra que la planta est\u00e1 en crecimiento\u201d, se\u00f1ala el Ministerio de Trabajo.<\/p>\n<p class=\"Texto-base\">Adem\u00e1s, seg\u00fan lo presentado en abril en el Congreso, el proyecto no s\u00f3lo reintroduce la pol\u00edtica de reducci\u00f3n a las contribuciones patronales aplicada en el pasado sino que, adem\u00e1s de este beneficio, ahora el Estado ofrecer\u00e1 a las empresas \u2013entre ellas los grandes monopolios\u2013 una transferencia monetaria directa en calidad de subsidio al salario del trabajador.<\/p>\n<p class=\"Texto-base\">Ahora el Ejecutivo volvi\u00f3 a la carga para lograr su aprobaci\u00f3n, y para ello debe acordar con el bloque del Frente Renovador liderado por Sergio Massa. \u00c9stos no se han opuesto de plano pero han introducido modificaciones. Algunas son a\u00fan m\u00e1s retr\u00f3gradas que el propio oficialismo, como bajar incluso m\u00e1s la edad de los 18 a los 16 a\u00f1os. Esto ha desatado una fuerte interna en el seno del FR entre el ala sindical y la empresarial. La CGT se opuso en general al proyecto con el argumento de \u201cel abaratamiento de un sector de la poblaci\u00f3n como se\u00f1uelo para que se consiga empleo\u201d. La ley impulsada por la Rosada es muy similar al Plan Nacional de Primer Empleo para j\u00f3venes de entre 18 y 25 a\u00f1os que Massa present\u00f3 el a\u00f1o pasado durante la campa\u00f1a electoral y que est\u00e1 basado en el Programa Primer Paso aplicado en C\u00f3rdoba.<\/p>\n<p class=\"Texto-base\">Uno de los principales objetivos oficiales es \u201cbajar el costo del empleo\u201d, tal como lo reconoci\u00f3 a fines de agosto el ministro de Producci\u00f3n, Francisco Cabrera, ante empresarios invitados al Council of Americas.<\/p>\n<p class=\"Texto-base\">En tanto, el presidente afirm\u00f3 que el proyecto de Primer Empleo, la ley Pyme y la ley de ART responden a la necesidad de \u201cgenerar trabajo de calidad para reducir la pobreza\u201d. Mintiendo ya que lo que sucede con este nada novedoso plan para beneficiar aun m\u00e1s a los monopolios y grandes cadena de supermercados es que ha crecido la flexibilizaci\u00f3n, bajando justamente el costo laboral sin bajar la desocupaci\u00f3n.<\/p>\n<p class=\"Subt-tulo\"><strong>Marche un Big Macri<\/strong><\/p>\n<p class=\"Texto-base\">El primer convenio puesto en marcha luego de que se presentara el proyecto en abril fue entre el Ministerio de Trabajo y Mc Donalds. Firmado el 12 de mayo, propone \u201cla creaci\u00f3n de 5.000 puestos de trabajo para j\u00f3venes de entre 18 y 23 a\u00f1os\u201d. Al respecto, el jefe de Gabinete Marcos Pe\u00f1a al firmar el convenio destac\u00f3 que la iniciativa se enmarca justamente en el \u201cesp\u00edritu\u201d del proyecto de ley de primer empleado enviado al Congreso.<\/p>\n<p class=\"Texto-base\">\u00bfDe qu\u00e9 se trata? De 5.000 j\u00f3venes que ser\u00e1n tomados por Mc Donalds en \u201cun proceso de prueba de 30 horas semanales con pr\u00e1cticas formativas y laborales reales en un ambiente de trabajo efectivo\u201d \u2013as\u00ed fue informado en el comunicado\u2013. Es decir, seis horas diarias de trabajo a cambio de 4.500 pesos mensuales, obra social y\u2026 \u00a1un certificado de capacitaci\u00f3n laboral!<\/p>\n<p class=\"Texto-base\">Flexibilizaci\u00f3n laboral, reducci\u00f3n del \u201ccosto argentino\u201d, salarios m\u00e1s baratos en d\u00f3lares, esas son las recetas del macrismo con las que pretende atraer la \u201clluvia de inversiones\u201d imperialistas. Y bajar la inflaci\u00f3n achicando el mercado interno en base a la ca\u00edda del poder de compra de los asalariados. As\u00ed, la perspectiva es m\u00e1s saqueo y superexplotaci\u00f3n. Como se puede ver, el plan maestro del gobierno es golpear brutalmente a los trabajadores, en particular a los j\u00f3venes, incorpor\u00e1ndolos al mercado laboral como prenda de cambio para la flexibilizaci\u00f3n laboral. Junto con esto tambi\u00e9n avanza en el ataque a la legislaci\u00f3n laboral y la persecuci\u00f3n a los dirigentes y gremios que se ponen al frente de la lucha. El parlamento ser\u00e1 una vez m\u00e1s un escenario para las trenzas contra el movimiento obrero. \u00a1El paro y la calle es el lugar para pararlos!<\/p>\n<!-- AddThis Advanced Settings generic via filter on the_content --><!-- AddThis Share Buttons generic via filter on the_content -->","protected":false},"excerpt":{"rendered":"<p>El macrismo impulsa la aprobaci\u00f3n de una ley de empleo que, bajo el argumento de incentivar la contrataci\u00f3n de j\u00f3venes trabajadores, reduce las contribuciones patronales e incentiva el despido de trabajadores con antig\u00fcedad a cambio de contratar j\u00f3venes con salarios m\u00e1s bajos. El proyecto del gobierno crea \u201cun nuevo r\u00e9gimen de empleo que establece exenciones [&hellip;]<!-- AddThis Advanced Settings generic via filter on get_the_excerpt --><!-- AddThis Share Buttons generic via filter on get_the_excerpt --><\/p>\n","protected":false},"author":5,"featured_media":7263,"comment_status":"open","ping_status":"open","sticky":false,"template":"","format":"standard","meta":{"_jetpack_memberships_contains_paid_content":false,"footnotes":""},"categories":[1699],"tags":[563,799],"class_list":{"0":"post-7208","1":"post","2":"type-post","3":"status-publish","4":"format-standard","5":"has-post-thumbnail","7":"category-noticias","8":"tag-flexibilizacion-laboral","9":"tag-vxl-83"},"yoast_head":"<!-- This site is optimized with the Yoast SEO plugin v27.4 - https:\/\/yoast.com\/product\/yoast-seo-wordpress\/ -->\n<title>Ley de primer empleo: M\u00e1s flexibilizaci\u00f3n laboral - Vamos por la Liberaci\u00f3n<\/title>\n<meta name=\"robots\" content=\"index, follow, max-snippet:-1, max-image-preview:large, max-video-preview:-1\" \/>\n<link rel=\"canonical\" href=\"http:\/\/vamosporlaliberacion.org\/crpmlm\/ley-de-primer-empleo-mas-flexibilizacion-laboral\/\" \/>\n<meta name=\"twitter:label1\" content=\"Escrito por\" \/>\n\t<meta name=\"twitter:data1\" content=\"\" \/>\n\t<meta name=\"twitter:label2\" content=\"Tiempo de lectura\" \/>\n\t<meta name=\"twitter:data2\" content=\"4 minutos\" \/>\n<script type=\"application\/ld+json\" class=\"yoast-schema-graph\">{\"@context\":\"https:\\\/\\\/schema.org\",\"@graph\":[{\"@type\":\"Article\",\"@id\":\"http:\\\/\\\/vamosporlaliberacion.org\\\/crpmlm\\\/ley-de-primer-empleo-mas-flexibilizacion-laboral\\\/#article\",\"isPartOf\":{\"@id\":\"http:\\\/\\\/vamosporlaliberacion.org\\\/crpmlm\\\/ley-de-primer-empleo-mas-flexibilizacion-laboral\\\/\"},\"author\":{\"name\":\"\",\"@id\":\"\"},\"headline\":\"Ley de primer empleo: M\u00e1s flexibilizaci\u00f3n laboral\",\"datePublished\":\"2016-09-14T00:11:20+00:00\",\"dateModified\":\"2016-09-14T13:30:19+00:00\",\"mainEntityOfPage\":{\"@id\":\"http:\\\/\\\/vamosporlaliberacion.org\\\/crpmlm\\\/ley-de-primer-empleo-mas-flexibilizacion-laboral\\\/\"},\"wordCount\":893,\"commentCount\":0,\"image\":{\"@id\":\"http:\\\/\\\/vamosporlaliberacion.org\\\/crpmlm\\\/ley-de-primer-empleo-mas-flexibilizacion-laboral\\\/#primaryimage\"},\"thumbnailUrl\":\"https:\\\/\\\/i0.wp.com\\\/vamosporlaliberacion.org\\\/crpmlm\\\/wp-content\\\/uploads\\\/2016\\\/09\\\/mcdonals.jpg?fit=696%2C385&ssl=1\",\"keywords\":[\"flexibilizaci\u00f3n laboral\",\"vxl 83\"],\"articleSection\":[\"Noticias\"],\"inLanguage\":\"es\",\"potentialAction\":[{\"@type\":\"CommentAction\",\"name\":\"Comment\",\"target\":[\"http:\\\/\\\/vamosporlaliberacion.org\\\/crpmlm\\\/ley-de-primer-empleo-mas-flexibilizacion-laboral\\\/#respond\"]}]},{\"@type\":\"WebPage\",\"@id\":\"http:\\\/\\\/vamosporlaliberacion.org\\\/crpmlm\\\/ley-de-primer-empleo-mas-flexibilizacion-laboral\\\/\",\"url\":\"http:\\\/\\\/vamosporlaliberacion.org\\\/crpmlm\\\/ley-de-primer-empleo-mas-flexibilizacion-laboral\\\/\",\"name\":\"Ley de primer empleo: M\u00e1s flexibilizaci\u00f3n laboral - Vamos por la Liberaci\u00f3n\",\"isPartOf\":{\"@id\":\"https:\\\/\\\/vamosporlaliberacion.org\\\/crpmlm\\\/#website\"},\"primaryImageOfPage\":{\"@id\":\"http:\\\/\\\/vamosporlaliberacion.org\\\/crpmlm\\\/ley-de-primer-empleo-mas-flexibilizacion-laboral\\\/#primaryimage\"},\"image\":{\"@id\":\"http:\\\/\\\/vamosporlaliberacion.org\\\/crpmlm\\\/ley-de-primer-empleo-mas-flexibilizacion-laboral\\\/#primaryimage\"},\"thumbnailUrl\":\"https:\\\/\\\/i0.wp.com\\\/vamosporlaliberacion.org\\\/crpmlm\\\/wp-content\\\/uploads\\\/2016\\\/09\\\/mcdonals.jpg?fit=696%2C385&ssl=1\",\"datePublished\":\"2016-09-14T00:11:20+00:00\",\"dateModified\":\"2016-09-14T13:30:19+00:00\",\"author\":{\"@id\":\"\"},\"breadcrumb\":{\"@id\":\"http:\\\/\\\/vamosporlaliberacion.org\\\/crpmlm\\\/ley-de-primer-empleo-mas-flexibilizacion-laboral\\\/#breadcrumb\"},\"inLanguage\":\"es\",\"potentialAction\":[{\"@type\":\"ReadAction\",\"target\":[\"http:\\\/\\\/vamosporlaliberacion.org\\\/crpmlm\\\/ley-de-primer-empleo-mas-flexibilizacion-laboral\\\/\"]}]},{\"@type\":\"ImageObject\",\"inLanguage\":\"es\",\"@id\":\"http:\\\/\\\/vamosporlaliberacion.org\\\/crpmlm\\\/ley-de-primer-empleo-mas-flexibilizacion-laboral\\\/#primaryimage\",\"url\":\"https:\\\/\\\/i0.wp.com\\\/vamosporlaliberacion.org\\\/crpmlm\\\/wp-content\\\/uploads\\\/2016\\\/09\\\/mcdonals.jpg?fit=696%2C385&ssl=1\",\"contentUrl\":\"https:\\\/\\\/i0.wp.com\\\/vamosporlaliberacion.org\\\/crpmlm\\\/wp-content\\\/uploads\\\/2016\\\/09\\\/mcdonals.jpg?fit=696%2C385&ssl=1\",\"width\":696,\"height\":385},{\"@type\":\"BreadcrumbList\",\"@id\":\"http:\\\/\\\/vamosporlaliberacion.org\\\/crpmlm\\\/ley-de-primer-empleo-mas-flexibilizacion-laboral\\\/#breadcrumb\",\"itemListElement\":[{\"@type\":\"ListItem\",\"position\":1,\"name\":\"Portada\",\"item\":\"https:\\\/\\\/vamosporlaliberacion.org\\\/crpmlm\\\/\"},{\"@type\":\"ListItem\",\"position\":2,\"name\":\"Ley de primer empleo: M\u00e1s flexibilizaci\u00f3n laboral\"}]},{\"@type\":\"WebSite\",\"@id\":\"https:\\\/\\\/vamosporlaliberacion.org\\\/crpmlm\\\/#website\",\"url\":\"https:\\\/\\\/vamosporlaliberacion.org\\\/crpmlm\\\/\",\"name\":\"Vamos por la Liberaci\u00f3n\",\"description\":\"Prensa CR\",\"potentialAction\":[{\"@type\":\"SearchAction\",\"target\":{\"@type\":\"EntryPoint\",\"urlTemplate\":\"https:\\\/\\\/vamosporlaliberacion.org\\\/crpmlm\\\/?s={search_term_string}\"},\"query-input\":{\"@type\":\"PropertyValueSpecification\",\"valueRequired\":true,\"valueName\":\"search_term_string\"}}],\"inLanguage\":\"es\"},{\"@type\":\"Person\",\"@id\":\"\",\"url\":\"http:\\\/\\\/vamosporlaliberacion.org\\\/crpmlm\\\/author\\\/\"}]}<\/script>\n<!-- \/ Yoast SEO plugin. -->","yoast_head_json":{"title":"Ley de primer empleo: M\u00e1s flexibilizaci\u00f3n laboral - Vamos por la Liberaci\u00f3n","robots":{"index":"index","follow":"follow","max-snippet":"max-snippet:-1","max-image-preview":"max-image-preview:large","max-video-preview":"max-video-preview:-1"},"canonical":"http:\/\/vamosporlaliberacion.org\/crpmlm\/ley-de-primer-empleo-mas-flexibilizacion-laboral\/","twitter_misc":{"Escrito por":"","Tiempo de lectura":"4 minutos"},"schema":{"@context":"https:\/\/schema.org","@graph":[{"@type":"Article","@id":"http:\/\/vamosporlaliberacion.org\/crpmlm\/ley-de-primer-empleo-mas-flexibilizacion-laboral\/#article","isPartOf":{"@id":"http:\/\/vamosporlaliberacion.org\/crpmlm\/ley-de-primer-empleo-mas-flexibilizacion-laboral\/"},"author":{"name":"","@id":""},"headline":"Ley de primer empleo: M\u00e1s flexibilizaci\u00f3n laboral","datePublished":"2016-09-14T00:11:20+00:00","dateModified":"2016-09-14T13:30:19+00:00","mainEntityOfPage":{"@id":"http:\/\/vamosporlaliberacion.org\/crpmlm\/ley-de-primer-empleo-mas-flexibilizacion-laboral\/"},"wordCount":893,"commentCount":0,"image":{"@id":"http:\/\/vamosporlaliberacion.org\/crpmlm\/ley-de-primer-empleo-mas-flexibilizacion-laboral\/#primaryimage"},"thumbnailUrl":"https:\/\/i0.wp.com\/vamosporlaliberacion.org\/crpmlm\/wp-content\/uploads\/2016\/09\/mcdonals.jpg?fit=696%2C385&ssl=1","keywords":["flexibilizaci\u00f3n laboral","vxl 83"],"articleSection":["Noticias"],"inLanguage":"es","potentialAction":[{"@type":"CommentAction","name":"Comment","target":["http:\/\/vamosporlaliberacion.org\/crpmlm\/ley-de-primer-empleo-mas-flexibilizacion-laboral\/#respond"]}]},{"@type":"WebPage","@id":"http:\/\/vamosporlaliberacion.org\/crpmlm\/ley-de-primer-empleo-mas-flexibilizacion-laboral\/","url":"http:\/\/vamosporlaliberacion.org\/crpmlm\/ley-de-primer-empleo-mas-flexibilizacion-laboral\/","name":"Ley de primer empleo: M\u00e1s flexibilizaci\u00f3n laboral - Vamos por la Liberaci\u00f3n","isPartOf":{"@id":"https:\/\/vamosporlaliberacion.org\/crpmlm\/#website"},"primaryImageOfPage":{"@id":"http:\/\/vamosporlaliberacion.org\/crpmlm\/ley-de-primer-empleo-mas-flexibilizacion-laboral\/#primaryimage"},"image":{"@id":"http:\/\/vamosporlaliberacion.org\/crpmlm\/ley-de-primer-empleo-mas-flexibilizacion-laboral\/#primaryimage"},"thumbnailUrl":"https:\/\/i0.wp.com\/vamosporlaliberacion.org\/crpmlm\/wp-content\/uploads\/2016\/09\/mcdonals.jpg?fit=696%2C385&ssl=1","datePublished":"2016-09-14T00:11:20+00:00","dateModified":"2016-09-14T13:30:19+00:00","author":{"@id":""},"breadcrumb":{"@id":"http:\/\/vamosporlaliberacion.org\/crpmlm\/ley-de-primer-empleo-mas-flexibilizacion-laboral\/#breadcrumb"},"inLanguage":"es","potentialAction":[{"@type":"ReadAction","target":["http:\/\/vamosporlaliberacion.org\/crpmlm\/ley-de-primer-empleo-mas-flexibilizacion-laboral\/"]}]},{"@type":"ImageObject","inLanguage":"es","@id":"http:\/\/vamosporlaliberacion.org\/crpmlm\/ley-de-primer-empleo-mas-flexibilizacion-laboral\/#primaryimage","url":"https:\/\/i0.wp.com\/vamosporlaliberacion.org\/crpmlm\/wp-content\/uploads\/2016\/09\/mcdonals.jpg?fit=696%2C385&ssl=1","contentUrl":"https:\/\/i0.wp.com\/vamosporlaliberacion.org\/crpmlm\/wp-content\/uploads\/2016\/09\/mcdonals.jpg?fit=696%2C385&ssl=1","width":696,"height":385},{"@type":"BreadcrumbList","@id":"http:\/\/vamosporlaliberacion.org\/crpmlm\/ley-de-primer-empleo-mas-flexibilizacion-laboral\/#breadcrumb","itemListElement":[{"@type":"ListItem","position":1,"name":"Portada","item":"https:\/\/vamosporlaliberacion.org\/crpmlm\/"},{"@type":"ListItem","position":2,"name":"Ley de primer empleo: M\u00e1s flexibilizaci\u00f3n laboral"}]},{"@type":"WebSite","@id":"https:\/\/vamosporlaliberacion.org\/crpmlm\/#website","url":"https:\/\/vamosporlaliberacion.org\/crpmlm\/","name":"Vamos por la Liberaci\u00f3n","description":"Prensa CR","potentialAction":[{"@type":"SearchAction","target":{"@type":"EntryPoint","urlTemplate":"https:\/\/vamosporlaliberacion.org\/crpmlm\/?s={search_term_string}"},"query-input":{"@type":"PropertyValueSpecification","valueRequired":true,"valueName":"search_term_string"}}],"inLanguage":"es"},{"@type":"Person","@id":"","url":"http:\/\/vamosporlaliberacion.org\/crpmlm\/author\/"}]}},"jetpack_featured_media_url":"https:\/\/i0.wp.com\/vamosporlaliberacion.org\/crpmlm\/wp-content\/uploads\/2016\/09\/mcdonals.jpg?fit=696%2C385&ssl=1","jetpack_sharing_enabled":true,"_links":{"self":[{"href":"http:\/\/vamosporlaliberacion.org\/crpmlm\/wp-json\/wp\/v2\/posts\/7208","targetHints":{"allow":["GET"]}}],"collection":[{"href":"http:\/\/vamosporlaliberacion.org\/crpmlm\/wp-json\/wp\/v2\/posts"}],"about":[{"href":"http:\/\/vamosporlaliberacion.org\/crpmlm\/wp-json\/wp\/v2\/types\/post"}],"author":[{"embeddable":true,"href":"http:\/\/vamosporlaliberacion.org\/crpmlm\/wp-json\/wp\/v2\/users\/5"}],"replies":[{"embeddable":true,"href":"http:\/\/vamosporlaliberacion.org\/crpmlm\/wp-json\/wp\/v2\/comments?post=7208"}],"version-history":[{"count":0,"href":"http:\/\/vamosporlaliberacion.org\/crpmlm\/wp-json\/wp\/v2\/posts\/7208\/revisions"}],"wp:featuredmedia":[{"embeddable":true,"href":"http:\/\/vamosporlaliberacion.org\/crpmlm\/wp-json\/wp\/v2\/media\/7263"}],"wp:attachment":[{"href":"http:\/\/vamosporlaliberacion.org\/crpmlm\/wp-json\/wp\/v2\/media?parent=7208"}],"wp:term":[{"taxonomy":"category","embeddable":true,"href":"http:\/\/vamosporlaliberacion.org\/crpmlm\/wp-json\/wp\/v2\/categories?post=7208"},{"taxonomy":"post_tag","embeddable":true,"href":"http:\/\/vamosporlaliberacion.org\/crpmlm\/wp-json\/wp\/v2\/tags?post=7208"}],"curies":[{"name":"wp","href":"https:\/\/api.w.org\/{rel}","templated":true}]}}