{"id":6015,"date":"2016-05-25T21:36:39","date_gmt":"2016-05-26T00:36:39","guid":{"rendered":"http:\/\/vamosporlaliberacion.org\/crpmlm\/?p=6015"},"modified":"2018-04-04T11:31:36","modified_gmt":"2018-04-04T14:31:36","slug":"mes-de-la-prensa","status":"publish","type":"post","link":"http:\/\/vamosporlaliberacion.org\/crpmlm\/mes-de-la-prensa\/","title":{"rendered":"Mes de la prensa"},"content":{"rendered":"<p><strong>CABA<br \/>\n<\/strong><br \/>\nEstamos en un 83% del 1\u00ba n\u00famero y en un 63% del 2\u00ba n\u00famero, apuntando a llegar en el 3\u00ba n\u00famero al 85% m\u00e1s lo barrial. En este \u00faltimo proceso, al no llegar a tener un responsable de prensa, en medio de las movilizaciones y ocupaciones fue imposible tomar el mes de la prensa como tal. Con esto estamos manteniendo lo del 2015.<\/p>\n<p>El Mes de la Prensa ayud\u00f3 desde ya la situaci\u00f3n pol\u00edtica de conflicto en casi todos los sectores. Pero a la vez, en donde hay poca estructura, encabezar y organizar la lucha de masas recae a veces en los mismos que deber\u00edan centrarse en la prensa.<\/p>\n<p>En general se van viendo mayores posibilidades de colocaci\u00f3n que las realizadas en estas condiciones. Esto se resuelve creciendo m\u00e1s y teniendo responsables de prensa en cada proceso. Tambi\u00e9n el d\u00e9ficit org\u00e1nico con la prensa no permiti\u00f3 aprovechar la colocaci\u00f3n en las numerosas marchas que hubo, cuesti\u00f3n que tenemos que resolver.<\/p>\n<p>La juventud cerr\u00f3 en m\u00e1s de un 95%, con una propuesta que volvi\u00f3 a ser ambiciosa, manteniendo el salto del a\u00f1o pasado. Trabaj\u00f3 ampliamente en medio de la lucha estudiantil y creciendo org\u00e1nicamente y sumando a los nuevos tambi\u00e9n con el Mes de la Prensa.<\/p>\n<p>Corresponsal<\/p>\n<p><strong>R\u00edo Negro<br \/>\n<\/strong><br \/>\nEl mes de la prensa nos permiti\u00f3 afianzar nuestras relaciones dentro de los organismos de masas en los que nos venimos desarrollando, logrando suscribir a compa\u00f1eros a tres o m\u00e1s n\u00fameros. El primer n\u00famero nos concentramos principalmente en las suscripciones: no pudimos llegar al objetivo propuesto aunque s\u00ed a un gran porcentaje. A partir del segundo, redoblamos nuestros esfuerzos llegando al objetivo, al igual que en el tercer n\u00famero.<\/p>\n<p>Para llegar al objetivo tuvimos que entender la necesidad que tienen amplios sectores de trabajadores y del pueblo de conocer nuestra l\u00ednea y las luchas que se ven reflejadas en el Vamos! y que no aparecen en los medios de comunicaci\u00f3n hegem\u00f3nicos. Entender el Vamos! como una herramienta que ayude a analizar la realidad y el camino que proponemos para transformarla.<\/p>\n<p>Este mes, adem\u00e1s de llegar a gran cantidad de gente con nuestro peri\u00f3dico, logramos dar un salto en las afiliaciones. Esto nos deja como objetivo afianzar a los nuevos compa\u00f1eros y fortalecer los lazos, as\u00ed como renovar las suscripciones.<\/p>\n<p>Corresponsal<\/p>\n<!-- AddThis Advanced Settings generic via filter on the_content --><!-- AddThis Share Buttons generic via filter on the_content -->","protected":false},"excerpt":{"rendered":"<p>CABA Estamos en un 83% del 1\u00ba n\u00famero y en un 63% del 2\u00ba n\u00famero, apuntando a llegar en el 3\u00ba n\u00famero al 85% m\u00e1s lo barrial. En este \u00faltimo proceso, al no llegar a tener un responsable de prensa, en medio de las movilizaciones y ocupaciones fue imposible tomar el mes de la prensa [&hellip;]<!-- AddThis Advanced Settings generic via filter on get_the_excerpt --><!-- AddThis Share Buttons generic via filter on get_the_excerpt --><\/p>\n","protected":false},"author":5,"featured_media":5977,"comment_status":"open","ping_status":"open","sticky":false,"template":"","format":"standard","meta":{"_jetpack_memberships_contains_paid_content":false,"footnotes":""},"categories":[1699],"tags":[210,677],"class_list":{"0":"post-6015","1":"post","2":"type-post","3":"status-publish","4":"format-standard","5":"has-post-thumbnail","7":"category-noticias","8":"tag-prensa","9":"tag-vxl-75"},"yoast_head":"<!-- This site is optimized with the Yoast SEO plugin v27.4 - https:\/\/yoast.com\/product\/yoast-seo-wordpress\/ -->\n<title>Mes de la prensa - Vamos por la Liberaci\u00f3n<\/title>\n<meta name=\"robots\" content=\"index, follow, max-snippet:-1, max-image-preview:large, max-video-preview:-1\" \/>\n<link rel=\"canonical\" href=\"https:\/\/vamosporlaliberacion.org\/crpmlm\/mes-de-la-prensa\/\" \/>\n<meta name=\"twitter:label1\" content=\"Escrito por\" \/>\n\t<meta name=\"twitter:data1\" content=\"\" \/>\n\t<meta name=\"twitter:label2\" content=\"Tiempo de lectura\" \/>\n\t<meta name=\"twitter:data2\" content=\"2 minutos\" \/>\n<script type=\"application\/ld+json\" class=\"yoast-schema-graph\">{\"@context\":\"https:\\\/\\\/schema.org\",\"@graph\":[{\"@type\":\"Article\",\"@id\":\"https:\\\/\\\/vamosporlaliberacion.org\\\/crpmlm\\\/mes-de-la-prensa\\\/#article\",\"isPartOf\":{\"@id\":\"https:\\\/\\\/vamosporlaliberacion.org\\\/crpmlm\\\/mes-de-la-prensa\\\/\"},\"author\":{\"name\":\"\",\"@id\":\"\"},\"headline\":\"Mes de la prensa\",\"datePublished\":\"2016-05-26T00:36:39+00:00\",\"dateModified\":\"2018-04-04T14:31:36+00:00\",\"mainEntityOfPage\":{\"@id\":\"https:\\\/\\\/vamosporlaliberacion.org\\\/crpmlm\\\/mes-de-la-prensa\\\/\"},\"wordCount\":405,\"commentCount\":0,\"image\":{\"@id\":\"https:\\\/\\\/vamosporlaliberacion.org\\\/crpmlm\\\/mes-de-la-prensa\\\/#primaryimage\"},\"thumbnailUrl\":\"https:\\\/\\\/i0.wp.com\\\/vamosporlaliberacion.org\\\/crpmlm\\\/wp-content\\\/uploads\\\/2015\\\/10\\\/Vamos75_pag.jpg?fit=1684%2C2422&ssl=1\",\"keywords\":[\"Prensa\",\"vxl 75\"],\"articleSection\":[\"Noticias\"],\"inLanguage\":\"es\",\"potentialAction\":[{\"@type\":\"CommentAction\",\"name\":\"Comment\",\"target\":[\"https:\\\/\\\/vamosporlaliberacion.org\\\/crpmlm\\\/mes-de-la-prensa\\\/#respond\"]}]},{\"@type\":\"WebPage\",\"@id\":\"https:\\\/\\\/vamosporlaliberacion.org\\\/crpmlm\\\/mes-de-la-prensa\\\/\",\"url\":\"https:\\\/\\\/vamosporlaliberacion.org\\\/crpmlm\\\/mes-de-la-prensa\\\/\",\"name\":\"Mes de la prensa - Vamos por la Liberaci\u00f3n\",\"isPartOf\":{\"@id\":\"https:\\\/\\\/vamosporlaliberacion.org\\\/crpmlm\\\/#website\"},\"primaryImageOfPage\":{\"@id\":\"https:\\\/\\\/vamosporlaliberacion.org\\\/crpmlm\\\/mes-de-la-prensa\\\/#primaryimage\"},\"image\":{\"@id\":\"https:\\\/\\\/vamosporlaliberacion.org\\\/crpmlm\\\/mes-de-la-prensa\\\/#primaryimage\"},\"thumbnailUrl\":\"https:\\\/\\\/i0.wp.com\\\/vamosporlaliberacion.org\\\/crpmlm\\\/wp-content\\\/uploads\\\/2015\\\/10\\\/Vamos75_pag.jpg?fit=1684%2C2422&ssl=1\",\"datePublished\":\"2016-05-26T00:36:39+00:00\",\"dateModified\":\"2018-04-04T14:31:36+00:00\",\"author\":{\"@id\":\"\"},\"breadcrumb\":{\"@id\":\"https:\\\/\\\/vamosporlaliberacion.org\\\/crpmlm\\\/mes-de-la-prensa\\\/#breadcrumb\"},\"inLanguage\":\"es\",\"potentialAction\":[{\"@type\":\"ReadAction\",\"target\":[\"https:\\\/\\\/vamosporlaliberacion.org\\\/crpmlm\\\/mes-de-la-prensa\\\/\"]}]},{\"@type\":\"ImageObject\",\"inLanguage\":\"es\",\"@id\":\"https:\\\/\\\/vamosporlaliberacion.org\\\/crpmlm\\\/mes-de-la-prensa\\\/#primaryimage\",\"url\":\"https:\\\/\\\/i0.wp.com\\\/vamosporlaliberacion.org\\\/crpmlm\\\/wp-content\\\/uploads\\\/2015\\\/10\\\/Vamos75_pag.jpg?fit=1684%2C2422&ssl=1\",\"contentUrl\":\"https:\\\/\\\/i0.wp.com\\\/vamosporlaliberacion.org\\\/crpmlm\\\/wp-content\\\/uploads\\\/2015\\\/10\\\/Vamos75_pag.jpg?fit=1684%2C2422&ssl=1\",\"width\":1684,\"height\":2422},{\"@type\":\"BreadcrumbList\",\"@id\":\"https:\\\/\\\/vamosporlaliberacion.org\\\/crpmlm\\\/mes-de-la-prensa\\\/#breadcrumb\",\"itemListElement\":[{\"@type\":\"ListItem\",\"position\":1,\"name\":\"Portada\",\"item\":\"https:\\\/\\\/vamosporlaliberacion.org\\\/crpmlm\\\/\"},{\"@type\":\"ListItem\",\"position\":2,\"name\":\"Mes de la prensa\"}]},{\"@type\":\"WebSite\",\"@id\":\"https:\\\/\\\/vamosporlaliberacion.org\\\/crpmlm\\\/#website\",\"url\":\"https:\\\/\\\/vamosporlaliberacion.org\\\/crpmlm\\\/\",\"name\":\"Vamos por la Liberaci\u00f3n\",\"description\":\"Prensa CR\",\"potentialAction\":[{\"@type\":\"SearchAction\",\"target\":{\"@type\":\"EntryPoint\",\"urlTemplate\":\"https:\\\/\\\/vamosporlaliberacion.org\\\/crpmlm\\\/?s={search_term_string}\"},\"query-input\":{\"@type\":\"PropertyValueSpecification\",\"valueRequired\":true,\"valueName\":\"search_term_string\"}}],\"inLanguage\":\"es\"},{\"@type\":\"Person\",\"@id\":\"\",\"url\":\"http:\\\/\\\/vamosporlaliberacion.org\\\/crpmlm\\\/author\\\/\"}]}<\/script>\n<!-- \/ Yoast SEO plugin. -->","yoast_head_json":{"title":"Mes de la prensa - Vamos por la Liberaci\u00f3n","robots":{"index":"index","follow":"follow","max-snippet":"max-snippet:-1","max-image-preview":"max-image-preview:large","max-video-preview":"max-video-preview:-1"},"canonical":"https:\/\/vamosporlaliberacion.org\/crpmlm\/mes-de-la-prensa\/","twitter_misc":{"Escrito por":"","Tiempo de lectura":"2 minutos"},"schema":{"@context":"https:\/\/schema.org","@graph":[{"@type":"Article","@id":"https:\/\/vamosporlaliberacion.org\/crpmlm\/mes-de-la-prensa\/#article","isPartOf":{"@id":"https:\/\/vamosporlaliberacion.org\/crpmlm\/mes-de-la-prensa\/"},"author":{"name":"","@id":""},"headline":"Mes de la prensa","datePublished":"2016-05-26T00:36:39+00:00","dateModified":"2018-04-04T14:31:36+00:00","mainEntityOfPage":{"@id":"https:\/\/vamosporlaliberacion.org\/crpmlm\/mes-de-la-prensa\/"},"wordCount":405,"commentCount":0,"image":{"@id":"https:\/\/vamosporlaliberacion.org\/crpmlm\/mes-de-la-prensa\/#primaryimage"},"thumbnailUrl":"https:\/\/i0.wp.com\/vamosporlaliberacion.org\/crpmlm\/wp-content\/uploads\/2015\/10\/Vamos75_pag.jpg?fit=1684%2C2422&ssl=1","keywords":["Prensa","vxl 75"],"articleSection":["Noticias"],"inLanguage":"es","potentialAction":[{"@type":"CommentAction","name":"Comment","target":["https:\/\/vamosporlaliberacion.org\/crpmlm\/mes-de-la-prensa\/#respond"]}]},{"@type":"WebPage","@id":"https:\/\/vamosporlaliberacion.org\/crpmlm\/mes-de-la-prensa\/","url":"https:\/\/vamosporlaliberacion.org\/crpmlm\/mes-de-la-prensa\/","name":"Mes de la prensa - Vamos por la Liberaci\u00f3n","isPartOf":{"@id":"https:\/\/vamosporlaliberacion.org\/crpmlm\/#website"},"primaryImageOfPage":{"@id":"https:\/\/vamosporlaliberacion.org\/crpmlm\/mes-de-la-prensa\/#primaryimage"},"image":{"@id":"https:\/\/vamosporlaliberacion.org\/crpmlm\/mes-de-la-prensa\/#primaryimage"},"thumbnailUrl":"https:\/\/i0.wp.com\/vamosporlaliberacion.org\/crpmlm\/wp-content\/uploads\/2015\/10\/Vamos75_pag.jpg?fit=1684%2C2422&ssl=1","datePublished":"2016-05-26T00:36:39+00:00","dateModified":"2018-04-04T14:31:36+00:00","author":{"@id":""},"breadcrumb":{"@id":"https:\/\/vamosporlaliberacion.org\/crpmlm\/mes-de-la-prensa\/#breadcrumb"},"inLanguage":"es","potentialAction":[{"@type":"ReadAction","target":["https:\/\/vamosporlaliberacion.org\/crpmlm\/mes-de-la-prensa\/"]}]},{"@type":"ImageObject","inLanguage":"es","@id":"https:\/\/vamosporlaliberacion.org\/crpmlm\/mes-de-la-prensa\/#primaryimage","url":"https:\/\/i0.wp.com\/vamosporlaliberacion.org\/crpmlm\/wp-content\/uploads\/2015\/10\/Vamos75_pag.jpg?fit=1684%2C2422&ssl=1","contentUrl":"https:\/\/i0.wp.com\/vamosporlaliberacion.org\/crpmlm\/wp-content\/uploads\/2015\/10\/Vamos75_pag.jpg?fit=1684%2C2422&ssl=1","width":1684,"height":2422},{"@type":"BreadcrumbList","@id":"https:\/\/vamosporlaliberacion.org\/crpmlm\/mes-de-la-prensa\/#breadcrumb","itemListElement":[{"@type":"ListItem","position":1,"name":"Portada","item":"https:\/\/vamosporlaliberacion.org\/crpmlm\/"},{"@type":"ListItem","position":2,"name":"Mes de la prensa"}]},{"@type":"WebSite","@id":"https:\/\/vamosporlaliberacion.org\/crpmlm\/#website","url":"https:\/\/vamosporlaliberacion.org\/crpmlm\/","name":"Vamos por la Liberaci\u00f3n","description":"Prensa CR","potentialAction":[{"@type":"SearchAction","target":{"@type":"EntryPoint","urlTemplate":"https:\/\/vamosporlaliberacion.org\/crpmlm\/?s={search_term_string}"},"query-input":{"@type":"PropertyValueSpecification","valueRequired":true,"valueName":"search_term_string"}}],"inLanguage":"es"},{"@type":"Person","@id":"","url":"http:\/\/vamosporlaliberacion.org\/crpmlm\/author\/"}]}},"jetpack_featured_media_url":"https:\/\/i0.wp.com\/vamosporlaliberacion.org\/crpmlm\/wp-content\/uploads\/2015\/10\/Vamos75_pag.jpg?fit=1684%2C2422&ssl=1","jetpack_sharing_enabled":true,"_links":{"self":[{"href":"http:\/\/vamosporlaliberacion.org\/crpmlm\/wp-json\/wp\/v2\/posts\/6015","targetHints":{"allow":["GET"]}}],"collection":[{"href":"http:\/\/vamosporlaliberacion.org\/crpmlm\/wp-json\/wp\/v2\/posts"}],"about":[{"href":"http:\/\/vamosporlaliberacion.org\/crpmlm\/wp-json\/wp\/v2\/types\/post"}],"author":[{"embeddable":true,"href":"http:\/\/vamosporlaliberacion.org\/crpmlm\/wp-json\/wp\/v2\/users\/5"}],"replies":[{"embeddable":true,"href":"http:\/\/vamosporlaliberacion.org\/crpmlm\/wp-json\/wp\/v2\/comments?post=6015"}],"version-history":[{"count":0,"href":"http:\/\/vamosporlaliberacion.org\/crpmlm\/wp-json\/wp\/v2\/posts\/6015\/revisions"}],"wp:featuredmedia":[{"embeddable":true,"href":"http:\/\/vamosporlaliberacion.org\/crpmlm\/wp-json\/wp\/v2\/media\/5977"}],"wp:attachment":[{"href":"http:\/\/vamosporlaliberacion.org\/crpmlm\/wp-json\/wp\/v2\/media?parent=6015"}],"wp:term":[{"taxonomy":"category","embeddable":true,"href":"http:\/\/vamosporlaliberacion.org\/crpmlm\/wp-json\/wp\/v2\/categories?post=6015"},{"taxonomy":"post_tag","embeddable":true,"href":"http:\/\/vamosporlaliberacion.org\/crpmlm\/wp-json\/wp\/v2\/tags?post=6015"}],"curies":[{"name":"wp","href":"https:\/\/api.w.org\/{rel}","templated":true}]}}