{"id":6006,"date":"2016-05-25T21:24:02","date_gmt":"2016-05-25T21:24:02","guid":{"rendered":"http:\/\/vamosporlaliberacion.org\/crpmlm\/?p=6006"},"modified":"2016-05-25T21:24:02","modified_gmt":"2016-05-25T21:24:02","slug":"ninguna-base-yanqui-en-argentina","status":"publish","type":"post","link":"http:\/\/vamosporlaliberacion.org\/crpmlm\/ninguna-base-yanqui-en-argentina\/","title":{"rendered":"Ninguna base yanqui en Argentina"},"content":{"rendered":"<p>Una delegaci\u00f3n gubernamental encabezada por el viceministro de \u201cDefensa\u201d, \u00c1ngel Tello, viaj\u00f3 a Washington para concertar un acuerdo por la instalaci\u00f3n de una base yanqui en Ushuaia, entre otros puntos. Buscan \u201cavanzar en la cooperaci\u00f3n ant\u00e1rtica\u201d, puntualiz\u00f3 Tello a la vez que afirm\u00f3: \u201cQueremos que la ciudad de Ushuaia se convierta en una base log\u00edstica para apoyar las tareas cient\u00edficas en la Ant\u00e1rtida\u201d (La Naci\u00f3n, 15\/5).<\/p>\n<p>Como suele ocurrir, se pretende enmascarar la presencia militar estadounidense en nuestro pa\u00eds bajo la fachada de cooperaci\u00f3n \u201ccient\u00edfica\u201d, cuando es conocida la importancia estrat\u00e9gica y militar de la Ant\u00e1rtida y el paso bioce\u00e1nico en el sur austral. (Una cobertura similar se le hab\u00eda dado previamente a la base cient\u00edfico-militar china en Neuqu\u00e9n impulsada desde el anterior gobierno kirchnerista, sobre la cual no han aparecido novedades recientemente.)<\/p>\n<p>Seg\u00fan public\u00f3 La Naci\u00f3n, el viaje del viceministro tambi\u00e9n ten\u00eda previsto adem\u00e1s avanzar en el trabajo conjunto de \u201cfuerzas de paz\u201d y la reactivaci\u00f3n de cursos de formaci\u00f3n para el personal militar. Como ejemplo de esta \u201ccooperaci\u00f3n\u201d se incluye \u201cinstancias de entrenamiento de pilotos y el intercambio de efectivos de ambos pa\u00eds ante eventuales situaciones de emergencias y cat\u00e1strofes\u201d. Cat\u00e1strofes, emergencias, actividades cient\u00edficas y paz aparecen como las palabras claves con que se busca justificar la presencia de fuerzas militares imperialistas en nuestro pa\u00eds.<\/p>\n<p>\u201cAspiramos a establecer relaciones maduras en materia de defensa con Estados Unidos y no interferirlas con alicates\u201d, expres\u00f3 Tello aludiendo al incidente diplom\u00e1tico de 2011 cuando el gobierno argentino incaut\u00f3 material de un avi\u00f3n militar norteamericano en Ezeiza. Tambi\u00e9n se estar\u00eda analizando la posibilidad de reequipar las Fuerzas Armadas.<\/p>\n<p>Adem\u00e1s de la base en Ushuaia, el gobierno tambi\u00e9n pretender\u00eda instalar una base militar en la zona de la Triple Frontera. Esto mismo se intent\u00f3 hacer en Resistencia, Chaco, en el a\u00f1o 2012 utilizando la excusa de la \u201cayuda humanitaria\u201d. Pero enese momento fue rechazado por la movilizaci\u00f3n. La Argentina a\u00fan mantiene su condici\u00f3n de \u201caliado extra-OTAN\u201d.<\/p>\n<!-- AddThis Advanced Settings generic via filter on the_content --><!-- AddThis Share Buttons generic via filter on the_content -->","protected":false},"excerpt":{"rendered":"<p>Una delegaci\u00f3n gubernamental encabezada por el viceministro de \u201cDefensa\u201d, \u00c1ngel Tello, viaj\u00f3 a Washington para concertar un acuerdo por la instalaci\u00f3n de una base yanqui en Ushuaia, entre otros puntos. Buscan \u201cavanzar en la cooperaci\u00f3n ant\u00e1rtica\u201d, puntualiz\u00f3 Tello a la vez que afirm\u00f3: \u201cQueremos que la ciudad de Ushuaia se convierta en una base log\u00edstica [&hellip;]<!-- AddThis Advanced Settings generic via filter on get_the_excerpt --><!-- AddThis Share Buttons generic via filter on get_the_excerpt --><\/p>\n","protected":false},"author":5,"featured_media":6007,"comment_status":"open","ping_status":"open","sticky":false,"template":"","format":"standard","meta":{"_jetpack_memberships_contains_paid_content":false,"footnotes":""},"categories":[1699],"tags":[680,520,251,677],"class_list":{"0":"post-6006","1":"post","2":"type-post","3":"status-publish","4":"format-standard","5":"has-post-thumbnail","7":"category-noticias","8":"tag-base-yanqui-en-ushuaia","9":"tag-destacado-2","10":"tag-tierra-del-fuego","11":"tag-vxl-75"},"yoast_head":"<!-- This site is optimized with the Yoast SEO plugin v27.4 - https:\/\/yoast.com\/product\/yoast-seo-wordpress\/ -->\n<title>Ninguna base yanqui en Argentina - Vamos por la Liberaci\u00f3n<\/title>\n<meta name=\"robots\" content=\"index, follow, max-snippet:-1, max-image-preview:large, max-video-preview:-1\" \/>\n<link rel=\"canonical\" href=\"http:\/\/vamosporlaliberacion.org\/crpmlm\/ninguna-base-yanqui-en-argentina\/\" \/>\n<meta name=\"twitter:label1\" content=\"Escrito por\" \/>\n\t<meta name=\"twitter:data1\" content=\"\" \/>\n\t<meta name=\"twitter:label2\" content=\"Tiempo de lectura\" \/>\n\t<meta name=\"twitter:data2\" content=\"2 minutos\" \/>\n<script type=\"application\/ld+json\" class=\"yoast-schema-graph\">{\"@context\":\"https:\\\/\\\/schema.org\",\"@graph\":[{\"@type\":\"Article\",\"@id\":\"http:\\\/\\\/vamosporlaliberacion.org\\\/crpmlm\\\/ninguna-base-yanqui-en-argentina\\\/#article\",\"isPartOf\":{\"@id\":\"http:\\\/\\\/vamosporlaliberacion.org\\\/crpmlm\\\/ninguna-base-yanqui-en-argentina\\\/\"},\"author\":{\"name\":\"\",\"@id\":\"\"},\"headline\":\"Ninguna base yanqui en Argentina\",\"datePublished\":\"2016-05-25T21:24:02+00:00\",\"mainEntityOfPage\":{\"@id\":\"http:\\\/\\\/vamosporlaliberacion.org\\\/crpmlm\\\/ninguna-base-yanqui-en-argentina\\\/\"},\"wordCount\":366,\"commentCount\":0,\"image\":{\"@id\":\"http:\\\/\\\/vamosporlaliberacion.org\\\/crpmlm\\\/ninguna-base-yanqui-en-argentina\\\/#primaryimage\"},\"thumbnailUrl\":\"https:\\\/\\\/i0.wp.com\\\/vamosporlaliberacion.org\\\/crpmlm\\\/wp-content\\\/uploads\\\/2016\\\/05\\\/Obama-Macri.jpg?fit=640%2C365&ssl=1\",\"keywords\":[\"base yanqui en Ushuaia\",\"destacado 2\",\"Tierra del Fuego\",\"vxl 75\"],\"articleSection\":[\"Noticias\"],\"inLanguage\":\"es\",\"potentialAction\":[{\"@type\":\"CommentAction\",\"name\":\"Comment\",\"target\":[\"http:\\\/\\\/vamosporlaliberacion.org\\\/crpmlm\\\/ninguna-base-yanqui-en-argentina\\\/#respond\"]}]},{\"@type\":\"WebPage\",\"@id\":\"http:\\\/\\\/vamosporlaliberacion.org\\\/crpmlm\\\/ninguna-base-yanqui-en-argentina\\\/\",\"url\":\"http:\\\/\\\/vamosporlaliberacion.org\\\/crpmlm\\\/ninguna-base-yanqui-en-argentina\\\/\",\"name\":\"Ninguna base yanqui en Argentina - Vamos por la Liberaci\u00f3n\",\"isPartOf\":{\"@id\":\"https:\\\/\\\/vamosporlaliberacion.org\\\/crpmlm\\\/#website\"},\"primaryImageOfPage\":{\"@id\":\"http:\\\/\\\/vamosporlaliberacion.org\\\/crpmlm\\\/ninguna-base-yanqui-en-argentina\\\/#primaryimage\"},\"image\":{\"@id\":\"http:\\\/\\\/vamosporlaliberacion.org\\\/crpmlm\\\/ninguna-base-yanqui-en-argentina\\\/#primaryimage\"},\"thumbnailUrl\":\"https:\\\/\\\/i0.wp.com\\\/vamosporlaliberacion.org\\\/crpmlm\\\/wp-content\\\/uploads\\\/2016\\\/05\\\/Obama-Macri.jpg?fit=640%2C365&ssl=1\",\"datePublished\":\"2016-05-25T21:24:02+00:00\",\"author\":{\"@id\":\"\"},\"breadcrumb\":{\"@id\":\"http:\\\/\\\/vamosporlaliberacion.org\\\/crpmlm\\\/ninguna-base-yanqui-en-argentina\\\/#breadcrumb\"},\"inLanguage\":\"es\",\"potentialAction\":[{\"@type\":\"ReadAction\",\"target\":[\"http:\\\/\\\/vamosporlaliberacion.org\\\/crpmlm\\\/ninguna-base-yanqui-en-argentina\\\/\"]}]},{\"@type\":\"ImageObject\",\"inLanguage\":\"es\",\"@id\":\"http:\\\/\\\/vamosporlaliberacion.org\\\/crpmlm\\\/ninguna-base-yanqui-en-argentina\\\/#primaryimage\",\"url\":\"https:\\\/\\\/i0.wp.com\\\/vamosporlaliberacion.org\\\/crpmlm\\\/wp-content\\\/uploads\\\/2016\\\/05\\\/Obama-Macri.jpg?fit=640%2C365&ssl=1\",\"contentUrl\":\"https:\\\/\\\/i0.wp.com\\\/vamosporlaliberacion.org\\\/crpmlm\\\/wp-content\\\/uploads\\\/2016\\\/05\\\/Obama-Macri.jpg?fit=640%2C365&ssl=1\",\"width\":640,\"height\":365},{\"@type\":\"BreadcrumbList\",\"@id\":\"http:\\\/\\\/vamosporlaliberacion.org\\\/crpmlm\\\/ninguna-base-yanqui-en-argentina\\\/#breadcrumb\",\"itemListElement\":[{\"@type\":\"ListItem\",\"position\":1,\"name\":\"Portada\",\"item\":\"https:\\\/\\\/vamosporlaliberacion.org\\\/crpmlm\\\/\"},{\"@type\":\"ListItem\",\"position\":2,\"name\":\"Ninguna base yanqui en Argentina\"}]},{\"@type\":\"WebSite\",\"@id\":\"https:\\\/\\\/vamosporlaliberacion.org\\\/crpmlm\\\/#website\",\"url\":\"https:\\\/\\\/vamosporlaliberacion.org\\\/crpmlm\\\/\",\"name\":\"Vamos por la Liberaci\u00f3n\",\"description\":\"Prensa CR\",\"potentialAction\":[{\"@type\":\"SearchAction\",\"target\":{\"@type\":\"EntryPoint\",\"urlTemplate\":\"https:\\\/\\\/vamosporlaliberacion.org\\\/crpmlm\\\/?s={search_term_string}\"},\"query-input\":{\"@type\":\"PropertyValueSpecification\",\"valueRequired\":true,\"valueName\":\"search_term_string\"}}],\"inLanguage\":\"es\"},{\"@type\":\"Person\",\"@id\":\"\",\"url\":\"http:\\\/\\\/vamosporlaliberacion.org\\\/crpmlm\\\/author\\\/\"}]}<\/script>\n<!-- \/ Yoast SEO plugin. -->","yoast_head_json":{"title":"Ninguna base yanqui en Argentina - Vamos por la Liberaci\u00f3n","robots":{"index":"index","follow":"follow","max-snippet":"max-snippet:-1","max-image-preview":"max-image-preview:large","max-video-preview":"max-video-preview:-1"},"canonical":"http:\/\/vamosporlaliberacion.org\/crpmlm\/ninguna-base-yanqui-en-argentina\/","twitter_misc":{"Escrito por":"","Tiempo de lectura":"2 minutos"},"schema":{"@context":"https:\/\/schema.org","@graph":[{"@type":"Article","@id":"http:\/\/vamosporlaliberacion.org\/crpmlm\/ninguna-base-yanqui-en-argentina\/#article","isPartOf":{"@id":"http:\/\/vamosporlaliberacion.org\/crpmlm\/ninguna-base-yanqui-en-argentina\/"},"author":{"name":"","@id":""},"headline":"Ninguna base yanqui en Argentina","datePublished":"2016-05-25T21:24:02+00:00","mainEntityOfPage":{"@id":"http:\/\/vamosporlaliberacion.org\/crpmlm\/ninguna-base-yanqui-en-argentina\/"},"wordCount":366,"commentCount":0,"image":{"@id":"http:\/\/vamosporlaliberacion.org\/crpmlm\/ninguna-base-yanqui-en-argentina\/#primaryimage"},"thumbnailUrl":"https:\/\/i0.wp.com\/vamosporlaliberacion.org\/crpmlm\/wp-content\/uploads\/2016\/05\/Obama-Macri.jpg?fit=640%2C365&ssl=1","keywords":["base yanqui en Ushuaia","destacado 2","Tierra del Fuego","vxl 75"],"articleSection":["Noticias"],"inLanguage":"es","potentialAction":[{"@type":"CommentAction","name":"Comment","target":["http:\/\/vamosporlaliberacion.org\/crpmlm\/ninguna-base-yanqui-en-argentina\/#respond"]}]},{"@type":"WebPage","@id":"http:\/\/vamosporlaliberacion.org\/crpmlm\/ninguna-base-yanqui-en-argentina\/","url":"http:\/\/vamosporlaliberacion.org\/crpmlm\/ninguna-base-yanqui-en-argentina\/","name":"Ninguna base yanqui en Argentina - Vamos por la Liberaci\u00f3n","isPartOf":{"@id":"https:\/\/vamosporlaliberacion.org\/crpmlm\/#website"},"primaryImageOfPage":{"@id":"http:\/\/vamosporlaliberacion.org\/crpmlm\/ninguna-base-yanqui-en-argentina\/#primaryimage"},"image":{"@id":"http:\/\/vamosporlaliberacion.org\/crpmlm\/ninguna-base-yanqui-en-argentina\/#primaryimage"},"thumbnailUrl":"https:\/\/i0.wp.com\/vamosporlaliberacion.org\/crpmlm\/wp-content\/uploads\/2016\/05\/Obama-Macri.jpg?fit=640%2C365&ssl=1","datePublished":"2016-05-25T21:24:02+00:00","author":{"@id":""},"breadcrumb":{"@id":"http:\/\/vamosporlaliberacion.org\/crpmlm\/ninguna-base-yanqui-en-argentina\/#breadcrumb"},"inLanguage":"es","potentialAction":[{"@type":"ReadAction","target":["http:\/\/vamosporlaliberacion.org\/crpmlm\/ninguna-base-yanqui-en-argentina\/"]}]},{"@type":"ImageObject","inLanguage":"es","@id":"http:\/\/vamosporlaliberacion.org\/crpmlm\/ninguna-base-yanqui-en-argentina\/#primaryimage","url":"https:\/\/i0.wp.com\/vamosporlaliberacion.org\/crpmlm\/wp-content\/uploads\/2016\/05\/Obama-Macri.jpg?fit=640%2C365&ssl=1","contentUrl":"https:\/\/i0.wp.com\/vamosporlaliberacion.org\/crpmlm\/wp-content\/uploads\/2016\/05\/Obama-Macri.jpg?fit=640%2C365&ssl=1","width":640,"height":365},{"@type":"BreadcrumbList","@id":"http:\/\/vamosporlaliberacion.org\/crpmlm\/ninguna-base-yanqui-en-argentina\/#breadcrumb","itemListElement":[{"@type":"ListItem","position":1,"name":"Portada","item":"https:\/\/vamosporlaliberacion.org\/crpmlm\/"},{"@type":"ListItem","position":2,"name":"Ninguna base yanqui en Argentina"}]},{"@type":"WebSite","@id":"https:\/\/vamosporlaliberacion.org\/crpmlm\/#website","url":"https:\/\/vamosporlaliberacion.org\/crpmlm\/","name":"Vamos por la Liberaci\u00f3n","description":"Prensa CR","potentialAction":[{"@type":"SearchAction","target":{"@type":"EntryPoint","urlTemplate":"https:\/\/vamosporlaliberacion.org\/crpmlm\/?s={search_term_string}"},"query-input":{"@type":"PropertyValueSpecification","valueRequired":true,"valueName":"search_term_string"}}],"inLanguage":"es"},{"@type":"Person","@id":"","url":"http:\/\/vamosporlaliberacion.org\/crpmlm\/author\/"}]}},"jetpack_featured_media_url":"https:\/\/i0.wp.com\/vamosporlaliberacion.org\/crpmlm\/wp-content\/uploads\/2016\/05\/Obama-Macri.jpg?fit=640%2C365&ssl=1","jetpack_sharing_enabled":true,"_links":{"self":[{"href":"http:\/\/vamosporlaliberacion.org\/crpmlm\/wp-json\/wp\/v2\/posts\/6006","targetHints":{"allow":["GET"]}}],"collection":[{"href":"http:\/\/vamosporlaliberacion.org\/crpmlm\/wp-json\/wp\/v2\/posts"}],"about":[{"href":"http:\/\/vamosporlaliberacion.org\/crpmlm\/wp-json\/wp\/v2\/types\/post"}],"author":[{"embeddable":true,"href":"http:\/\/vamosporlaliberacion.org\/crpmlm\/wp-json\/wp\/v2\/users\/5"}],"replies":[{"embeddable":true,"href":"http:\/\/vamosporlaliberacion.org\/crpmlm\/wp-json\/wp\/v2\/comments?post=6006"}],"version-history":[{"count":0,"href":"http:\/\/vamosporlaliberacion.org\/crpmlm\/wp-json\/wp\/v2\/posts\/6006\/revisions"}],"wp:featuredmedia":[{"embeddable":true,"href":"http:\/\/vamosporlaliberacion.org\/crpmlm\/wp-json\/wp\/v2\/media\/6007"}],"wp:attachment":[{"href":"http:\/\/vamosporlaliberacion.org\/crpmlm\/wp-json\/wp\/v2\/media?parent=6006"}],"wp:term":[{"taxonomy":"category","embeddable":true,"href":"http:\/\/vamosporlaliberacion.org\/crpmlm\/wp-json\/wp\/v2\/categories?post=6006"},{"taxonomy":"post_tag","embeddable":true,"href":"http:\/\/vamosporlaliberacion.org\/crpmlm\/wp-json\/wp\/v2\/tags?post=6006"}],"curies":[{"name":"wp","href":"https:\/\/api.w.org\/{rel}","templated":true}]}}