{"id":5879,"date":"2016-05-11T01:38:07","date_gmt":"2016-05-11T04:38:07","guid":{"rendered":"http:\/\/vamosporlaliberacion.org\/crpmlm\/?p=5879"},"modified":"2018-04-04T11:32:58","modified_gmt":"2018-04-04T14:32:58","slug":"juventud-caba-exitoso-mes-de-la-prensa","status":"publish","type":"post","link":"http:\/\/vamosporlaliberacion.org\/crpmlm\/juventud-caba-exitoso-mes-de-la-prensa\/","title":{"rendered":"Juventud CABA: Exitoso Mes de la Prensa"},"content":{"rendered":"<p class=\"TXT-Recuadro para-style-override-15\">Comenzamos con el <span class=\"char-style-override-25\">Vamos!<\/span> N\u00b071 aprovechando la fuerza de los arranques de clases en la universidad, los terciarios y secundarios. Fue el primer Mes de la Prensa para al menos la mitad de los responsables de la tarea en cada lugar. Los resultados fueron muy buenos ya que hemos llegado a los objetivos propuestos.<\/p>\n<p class=\"TXT-Recuadro\">En Educaci\u00f3n empezamos el 4 de abril, con el primer paro nacional docente en todos los niveles educativos al gobierno de Macri, contra el ajuste y nacionalizando los conflictos de Tierra del Fuego, Santa Cruz y Santiago del Estero.<\/p>\n<p class=\"TXT-Recuadro\">En la UBA, el <span class=\"char-style-override-25\">Vamos!<\/span> estuvo y est\u00e1 presente en cada clase p\u00fablica, en cada corte y cada asamblea. Es muy bien recibido, en particular cuando lo ofrecemos con las notas de los compa\u00f1eros de Tierra del Fuego y Santiago del Estero. Tambi\u00e9n lo ofrecimos en las puertas de los lugares y en las jornadas en torno al D\u00eda Internacional de los Trabajadores (29\/4 y 1\/5). Experiencias a destacar son las de la Juventud de Arquitectura y Dise\u00f1o, donde tras un gran despliegue llegaron a un objetivo 50% mayor que el a\u00f1o pasado; y del CBC de Ciudad, que en el primer numero superaron llegando al 140% y tuvieron un crecimiento org\u00e1nico importante.<\/p>\n<p class=\"TXT-Recuadro\">Cabe destacar el salto en nuestro ofrecimiento con las listas de cada compa\u00f1ero de cada organismo. En la mayor\u00eda de los lugares, si bien no llegamos a los objetivos de suscripciones, culminaremos este Mes de la Prensa con nuevos afiliados y\/o con nuevos compa\u00f1eros que se van consolidando en el Partido. Ahora, el desafi\u00f3 ser\u00e1 mantener un nuevo objetivo regular, sin perder la ofensiva, incorporando con cada nuevo n\u00famero estas buenas experiencias.<\/p>\n<!-- AddThis Advanced Settings generic via filter on the_content --><!-- AddThis Share Buttons generic via filter on the_content -->","protected":false},"excerpt":{"rendered":"<p>Comenzamos con el Vamos! N\u00b071 aprovechando la fuerza de los arranques de clases en la universidad, los terciarios y secundarios. Fue el primer Mes de la Prensa para al menos la mitad de los responsables de la tarea en cada lugar. Los resultados fueron muy buenos ya que hemos llegado a los objetivos propuestos. En [&hellip;]<!-- AddThis Advanced Settings generic via filter on get_the_excerpt --><!-- AddThis Share Buttons generic via filter on get_the_excerpt --><\/p>\n","protected":false},"author":5,"featured_media":5880,"comment_status":"open","ping_status":"open","sticky":false,"template":"","format":"standard","meta":{"_jetpack_memberships_contains_paid_content":false,"footnotes":""},"categories":[1699],"tags":[45,521,210,666],"class_list":{"0":"post-5879","1":"post","2":"type-post","3":"status-publish","4":"format-standard","5":"has-post-thumbnail","7":"category-noticias","8":"tag-caba","9":"tag-destacado-1","10":"tag-prensa","11":"tag-vxl-74"},"yoast_head":"<!-- This site is optimized with the Yoast SEO plugin v27.4 - https:\/\/yoast.com\/product\/yoast-seo-wordpress\/ -->\n<title>Juventud CABA: Exitoso Mes de la Prensa - Vamos por la Liberaci\u00f3n<\/title>\n<meta name=\"robots\" content=\"index, follow, max-snippet:-1, max-image-preview:large, max-video-preview:-1\" \/>\n<link rel=\"canonical\" href=\"https:\/\/vamosporlaliberacion.org\/crpmlm\/juventud-caba-exitoso-mes-de-la-prensa\/\" \/>\n<meta name=\"twitter:label1\" content=\"Escrito por\" \/>\n\t<meta name=\"twitter:data1\" content=\"\" \/>\n\t<meta name=\"twitter:label2\" content=\"Tiempo de lectura\" \/>\n\t<meta name=\"twitter:data2\" content=\"1 minuto\" \/>\n<script type=\"application\/ld+json\" class=\"yoast-schema-graph\">{\"@context\":\"https:\\\/\\\/schema.org\",\"@graph\":[{\"@type\":\"Article\",\"@id\":\"https:\\\/\\\/vamosporlaliberacion.org\\\/crpmlm\\\/juventud-caba-exitoso-mes-de-la-prensa\\\/#article\",\"isPartOf\":{\"@id\":\"https:\\\/\\\/vamosporlaliberacion.org\\\/crpmlm\\\/juventud-caba-exitoso-mes-de-la-prensa\\\/\"},\"author\":{\"name\":\"\",\"@id\":\"\"},\"headline\":\"Juventud CABA: Exitoso Mes de la Prensa\",\"datePublished\":\"2016-05-11T04:38:07+00:00\",\"dateModified\":\"2018-04-04T14:32:58+00:00\",\"mainEntityOfPage\":{\"@id\":\"https:\\\/\\\/vamosporlaliberacion.org\\\/crpmlm\\\/juventud-caba-exitoso-mes-de-la-prensa\\\/\"},\"wordCount\":293,\"commentCount\":0,\"image\":{\"@id\":\"https:\\\/\\\/vamosporlaliberacion.org\\\/crpmlm\\\/juventud-caba-exitoso-mes-de-la-prensa\\\/#primaryimage\"},\"thumbnailUrl\":\"https:\\\/\\\/i0.wp.com\\\/vamosporlaliberacion.org\\\/crpmlm\\\/wp-content\\\/uploads\\\/2016\\\/05\\\/IMG_20160509_130806-1.jpg?fit=3584%2C2016&ssl=1\",\"keywords\":[\"CABA\",\"destacado 1\",\"Prensa\",\"vxl 74\"],\"articleSection\":[\"Noticias\"],\"inLanguage\":\"es\",\"potentialAction\":[{\"@type\":\"CommentAction\",\"name\":\"Comment\",\"target\":[\"https:\\\/\\\/vamosporlaliberacion.org\\\/crpmlm\\\/juventud-caba-exitoso-mes-de-la-prensa\\\/#respond\"]}]},{\"@type\":\"WebPage\",\"@id\":\"https:\\\/\\\/vamosporlaliberacion.org\\\/crpmlm\\\/juventud-caba-exitoso-mes-de-la-prensa\\\/\",\"url\":\"https:\\\/\\\/vamosporlaliberacion.org\\\/crpmlm\\\/juventud-caba-exitoso-mes-de-la-prensa\\\/\",\"name\":\"Juventud CABA: Exitoso Mes de la Prensa - Vamos por la Liberaci\u00f3n\",\"isPartOf\":{\"@id\":\"https:\\\/\\\/vamosporlaliberacion.org\\\/crpmlm\\\/#website\"},\"primaryImageOfPage\":{\"@id\":\"https:\\\/\\\/vamosporlaliberacion.org\\\/crpmlm\\\/juventud-caba-exitoso-mes-de-la-prensa\\\/#primaryimage\"},\"image\":{\"@id\":\"https:\\\/\\\/vamosporlaliberacion.org\\\/crpmlm\\\/juventud-caba-exitoso-mes-de-la-prensa\\\/#primaryimage\"},\"thumbnailUrl\":\"https:\\\/\\\/i0.wp.com\\\/vamosporlaliberacion.org\\\/crpmlm\\\/wp-content\\\/uploads\\\/2016\\\/05\\\/IMG_20160509_130806-1.jpg?fit=3584%2C2016&ssl=1\",\"datePublished\":\"2016-05-11T04:38:07+00:00\",\"dateModified\":\"2018-04-04T14:32:58+00:00\",\"author\":{\"@id\":\"\"},\"breadcrumb\":{\"@id\":\"https:\\\/\\\/vamosporlaliberacion.org\\\/crpmlm\\\/juventud-caba-exitoso-mes-de-la-prensa\\\/#breadcrumb\"},\"inLanguage\":\"es\",\"potentialAction\":[{\"@type\":\"ReadAction\",\"target\":[\"https:\\\/\\\/vamosporlaliberacion.org\\\/crpmlm\\\/juventud-caba-exitoso-mes-de-la-prensa\\\/\"]}]},{\"@type\":\"ImageObject\",\"inLanguage\":\"es\",\"@id\":\"https:\\\/\\\/vamosporlaliberacion.org\\\/crpmlm\\\/juventud-caba-exitoso-mes-de-la-prensa\\\/#primaryimage\",\"url\":\"https:\\\/\\\/i0.wp.com\\\/vamosporlaliberacion.org\\\/crpmlm\\\/wp-content\\\/uploads\\\/2016\\\/05\\\/IMG_20160509_130806-1.jpg?fit=3584%2C2016&ssl=1\",\"contentUrl\":\"https:\\\/\\\/i0.wp.com\\\/vamosporlaliberacion.org\\\/crpmlm\\\/wp-content\\\/uploads\\\/2016\\\/05\\\/IMG_20160509_130806-1.jpg?fit=3584%2C2016&ssl=1\",\"width\":3584,\"height\":2016},{\"@type\":\"BreadcrumbList\",\"@id\":\"https:\\\/\\\/vamosporlaliberacion.org\\\/crpmlm\\\/juventud-caba-exitoso-mes-de-la-prensa\\\/#breadcrumb\",\"itemListElement\":[{\"@type\":\"ListItem\",\"position\":1,\"name\":\"Portada\",\"item\":\"https:\\\/\\\/vamosporlaliberacion.org\\\/crpmlm\\\/\"},{\"@type\":\"ListItem\",\"position\":2,\"name\":\"Juventud CABA: Exitoso Mes de la Prensa\"}]},{\"@type\":\"WebSite\",\"@id\":\"https:\\\/\\\/vamosporlaliberacion.org\\\/crpmlm\\\/#website\",\"url\":\"https:\\\/\\\/vamosporlaliberacion.org\\\/crpmlm\\\/\",\"name\":\"Vamos por la Liberaci\u00f3n\",\"description\":\"Prensa CR\",\"potentialAction\":[{\"@type\":\"SearchAction\",\"target\":{\"@type\":\"EntryPoint\",\"urlTemplate\":\"https:\\\/\\\/vamosporlaliberacion.org\\\/crpmlm\\\/?s={search_term_string}\"},\"query-input\":{\"@type\":\"PropertyValueSpecification\",\"valueRequired\":true,\"valueName\":\"search_term_string\"}}],\"inLanguage\":\"es\"},{\"@type\":\"Person\",\"@id\":\"\",\"url\":\"http:\\\/\\\/vamosporlaliberacion.org\\\/crpmlm\\\/author\\\/\"}]}<\/script>\n<!-- \/ Yoast SEO plugin. -->","yoast_head_json":{"title":"Juventud CABA: Exitoso Mes de la Prensa - Vamos por la Liberaci\u00f3n","robots":{"index":"index","follow":"follow","max-snippet":"max-snippet:-1","max-image-preview":"max-image-preview:large","max-video-preview":"max-video-preview:-1"},"canonical":"https:\/\/vamosporlaliberacion.org\/crpmlm\/juventud-caba-exitoso-mes-de-la-prensa\/","twitter_misc":{"Escrito por":"","Tiempo de lectura":"1 minuto"},"schema":{"@context":"https:\/\/schema.org","@graph":[{"@type":"Article","@id":"https:\/\/vamosporlaliberacion.org\/crpmlm\/juventud-caba-exitoso-mes-de-la-prensa\/#article","isPartOf":{"@id":"https:\/\/vamosporlaliberacion.org\/crpmlm\/juventud-caba-exitoso-mes-de-la-prensa\/"},"author":{"name":"","@id":""},"headline":"Juventud CABA: Exitoso Mes de la Prensa","datePublished":"2016-05-11T04:38:07+00:00","dateModified":"2018-04-04T14:32:58+00:00","mainEntityOfPage":{"@id":"https:\/\/vamosporlaliberacion.org\/crpmlm\/juventud-caba-exitoso-mes-de-la-prensa\/"},"wordCount":293,"commentCount":0,"image":{"@id":"https:\/\/vamosporlaliberacion.org\/crpmlm\/juventud-caba-exitoso-mes-de-la-prensa\/#primaryimage"},"thumbnailUrl":"https:\/\/i0.wp.com\/vamosporlaliberacion.org\/crpmlm\/wp-content\/uploads\/2016\/05\/IMG_20160509_130806-1.jpg?fit=3584%2C2016&ssl=1","keywords":["CABA","destacado 1","Prensa","vxl 74"],"articleSection":["Noticias"],"inLanguage":"es","potentialAction":[{"@type":"CommentAction","name":"Comment","target":["https:\/\/vamosporlaliberacion.org\/crpmlm\/juventud-caba-exitoso-mes-de-la-prensa\/#respond"]}]},{"@type":"WebPage","@id":"https:\/\/vamosporlaliberacion.org\/crpmlm\/juventud-caba-exitoso-mes-de-la-prensa\/","url":"https:\/\/vamosporlaliberacion.org\/crpmlm\/juventud-caba-exitoso-mes-de-la-prensa\/","name":"Juventud CABA: Exitoso Mes de la Prensa - Vamos por la Liberaci\u00f3n","isPartOf":{"@id":"https:\/\/vamosporlaliberacion.org\/crpmlm\/#website"},"primaryImageOfPage":{"@id":"https:\/\/vamosporlaliberacion.org\/crpmlm\/juventud-caba-exitoso-mes-de-la-prensa\/#primaryimage"},"image":{"@id":"https:\/\/vamosporlaliberacion.org\/crpmlm\/juventud-caba-exitoso-mes-de-la-prensa\/#primaryimage"},"thumbnailUrl":"https:\/\/i0.wp.com\/vamosporlaliberacion.org\/crpmlm\/wp-content\/uploads\/2016\/05\/IMG_20160509_130806-1.jpg?fit=3584%2C2016&ssl=1","datePublished":"2016-05-11T04:38:07+00:00","dateModified":"2018-04-04T14:32:58+00:00","author":{"@id":""},"breadcrumb":{"@id":"https:\/\/vamosporlaliberacion.org\/crpmlm\/juventud-caba-exitoso-mes-de-la-prensa\/#breadcrumb"},"inLanguage":"es","potentialAction":[{"@type":"ReadAction","target":["https:\/\/vamosporlaliberacion.org\/crpmlm\/juventud-caba-exitoso-mes-de-la-prensa\/"]}]},{"@type":"ImageObject","inLanguage":"es","@id":"https:\/\/vamosporlaliberacion.org\/crpmlm\/juventud-caba-exitoso-mes-de-la-prensa\/#primaryimage","url":"https:\/\/i0.wp.com\/vamosporlaliberacion.org\/crpmlm\/wp-content\/uploads\/2016\/05\/IMG_20160509_130806-1.jpg?fit=3584%2C2016&ssl=1","contentUrl":"https:\/\/i0.wp.com\/vamosporlaliberacion.org\/crpmlm\/wp-content\/uploads\/2016\/05\/IMG_20160509_130806-1.jpg?fit=3584%2C2016&ssl=1","width":3584,"height":2016},{"@type":"BreadcrumbList","@id":"https:\/\/vamosporlaliberacion.org\/crpmlm\/juventud-caba-exitoso-mes-de-la-prensa\/#breadcrumb","itemListElement":[{"@type":"ListItem","position":1,"name":"Portada","item":"https:\/\/vamosporlaliberacion.org\/crpmlm\/"},{"@type":"ListItem","position":2,"name":"Juventud CABA: Exitoso Mes de la Prensa"}]},{"@type":"WebSite","@id":"https:\/\/vamosporlaliberacion.org\/crpmlm\/#website","url":"https:\/\/vamosporlaliberacion.org\/crpmlm\/","name":"Vamos por la Liberaci\u00f3n","description":"Prensa CR","potentialAction":[{"@type":"SearchAction","target":{"@type":"EntryPoint","urlTemplate":"https:\/\/vamosporlaliberacion.org\/crpmlm\/?s={search_term_string}"},"query-input":{"@type":"PropertyValueSpecification","valueRequired":true,"valueName":"search_term_string"}}],"inLanguage":"es"},{"@type":"Person","@id":"","url":"http:\/\/vamosporlaliberacion.org\/crpmlm\/author\/"}]}},"jetpack_featured_media_url":"https:\/\/i0.wp.com\/vamosporlaliberacion.org\/crpmlm\/wp-content\/uploads\/2016\/05\/IMG_20160509_130806-1.jpg?fit=3584%2C2016&ssl=1","jetpack_sharing_enabled":true,"_links":{"self":[{"href":"http:\/\/vamosporlaliberacion.org\/crpmlm\/wp-json\/wp\/v2\/posts\/5879","targetHints":{"allow":["GET"]}}],"collection":[{"href":"http:\/\/vamosporlaliberacion.org\/crpmlm\/wp-json\/wp\/v2\/posts"}],"about":[{"href":"http:\/\/vamosporlaliberacion.org\/crpmlm\/wp-json\/wp\/v2\/types\/post"}],"author":[{"embeddable":true,"href":"http:\/\/vamosporlaliberacion.org\/crpmlm\/wp-json\/wp\/v2\/users\/5"}],"replies":[{"embeddable":true,"href":"http:\/\/vamosporlaliberacion.org\/crpmlm\/wp-json\/wp\/v2\/comments?post=5879"}],"version-history":[{"count":0,"href":"http:\/\/vamosporlaliberacion.org\/crpmlm\/wp-json\/wp\/v2\/posts\/5879\/revisions"}],"wp:featuredmedia":[{"embeddable":true,"href":"http:\/\/vamosporlaliberacion.org\/crpmlm\/wp-json\/wp\/v2\/media\/5880"}],"wp:attachment":[{"href":"http:\/\/vamosporlaliberacion.org\/crpmlm\/wp-json\/wp\/v2\/media?parent=5879"}],"wp:term":[{"taxonomy":"category","embeddable":true,"href":"http:\/\/vamosporlaliberacion.org\/crpmlm\/wp-json\/wp\/v2\/categories?post=5879"},{"taxonomy":"post_tag","embeddable":true,"href":"http:\/\/vamosporlaliberacion.org\/crpmlm\/wp-json\/wp\/v2\/tags?post=5879"}],"curies":[{"name":"wp","href":"https:\/\/api.w.org\/{rel}","templated":true}]}}