{"id":5720,"date":"2016-04-29T11:43:37","date_gmt":"2016-04-29T11:43:37","guid":{"rendered":"http:\/\/vamosporlaliberacion.org\/crpmlm\/?p=5720"},"modified":"2016-04-29T11:43:37","modified_gmt":"2016-04-29T11:43:37","slug":"boleto-educativo-nacional-ya-2","status":"publish","type":"post","link":"http:\/\/vamosporlaliberacion.org\/crpmlm\/boleto-educativo-nacional-ya-2\/","title":{"rendered":"Boleto educativo nacional ya!"},"content":{"rendered":"<p>El pasado jueves 21, Alrededor de 5000 estudiantes secundarios, terciarios, universitarios marcharon para reclamar por el boleto educativo. Desde el Palacio Pizzurno (sede del Ministerio de Educaci\u00f3n de la Naci\u00f3n) se larg\u00f3 la marcha que recorri\u00f3 el centro porte\u00f1o y culmin\u00f3 en la Legislatura de la Ciudad de Buenos Aires. En la marcha confluyeron estudiantes, gremios docentes universitarios, la Federaci\u00f3n Universitaria de Buenos Aires (FUBA), centros de estudiantes de la UBA, de secundarios y terciarios. Tambi\u00e9n marcharon agrupaciones estudiantiles de todos los colores, se pod\u00edan ver en el reclamo tanto a las agrupaciones de izquierda y antiimperialistas como a las kirchneristas.<\/p>\n<p>Miles de estudiantes y docentes, en unidad, reclamaron por el boleto educativo gratuito. Golpeados por el ajuste y los tarifazos que impuso el gobierno de Macri, que dificulta a\u00fan m\u00e1s las condiciones para acceder a la educaci\u00f3n p\u00fablica, este reclamo se hizo una necesidad y emergi\u00f3 nuevamente este hist\u00f3rico reclamo.<\/p>\n<p>Esta marcha contin\u00faa el reclamo de aquella convocada el 6 de abril en Plaza de Mayo. Como dijo un estudiante de Filo en la Marcha \u201clos estudiantes, que notamos nuestra fuerza en este movimiento, vamos a seguir en esta lucha para conseguir el boleto educativo y una verdadera educaci\u00f3n p\u00fablica, en la cual los costos que afrontamos no consigan que abandonemos nuestras carreras!\u201d<\/p>\n<p>Corresponsal<\/p>\n<!-- AddThis Advanced Settings generic via filter on the_content --><!-- AddThis Share Buttons generic via filter on the_content -->","protected":false},"excerpt":{"rendered":"<p>El pasado jueves 21, Alrededor de 5000 estudiantes secundarios, terciarios, universitarios marcharon para reclamar por el boleto educativo. Desde el Palacio Pizzurno (sede del Ministerio de Educaci\u00f3n de la Naci\u00f3n) se larg\u00f3 la marcha que recorri\u00f3 el centro porte\u00f1o y culmin\u00f3 en la Legislatura de la Ciudad de Buenos Aires. En la marcha confluyeron estudiantes, [&hellip;]<!-- AddThis Advanced Settings generic via filter on get_the_excerpt --><!-- AddThis Share Buttons generic via filter on get_the_excerpt --><\/p>\n","protected":false},"author":5,"featured_media":5714,"comment_status":"open","ping_status":"open","sticky":false,"template":"","format":"standard","meta":{"_jetpack_memberships_contains_paid_content":false,"footnotes":""},"categories":[1699],"tags":[42,624,639],"class_list":{"0":"post-5720","1":"post","2":"type-post","3":"status-publish","4":"format-standard","5":"has-post-thumbnail","7":"category-noticias","8":"tag-boleto-educativo","9":"tag-movimiento-estudiantil","10":"tag-vxl-73"},"yoast_head":"<!-- This site is optimized with the Yoast SEO plugin v27.4 - https:\/\/yoast.com\/product\/yoast-seo-wordpress\/ -->\n<title>Boleto educativo nacional ya! - Vamos por la Liberaci\u00f3n<\/title>\n<meta name=\"robots\" content=\"index, follow, max-snippet:-1, max-image-preview:large, max-video-preview:-1\" \/>\n<link rel=\"canonical\" href=\"http:\/\/vamosporlaliberacion.org\/crpmlm\/boleto-educativo-nacional-ya-2\/\" \/>\n<meta name=\"twitter:label1\" content=\"Escrito por\" \/>\n\t<meta name=\"twitter:data1\" content=\"\" \/>\n\t<meta name=\"twitter:label2\" content=\"Tiempo de lectura\" \/>\n\t<meta name=\"twitter:data2\" content=\"1 minuto\" \/>\n<script type=\"application\/ld+json\" class=\"yoast-schema-graph\">{\"@context\":\"https:\\\/\\\/schema.org\",\"@graph\":[{\"@type\":\"Article\",\"@id\":\"http:\\\/\\\/vamosporlaliberacion.org\\\/crpmlm\\\/boleto-educativo-nacional-ya-2\\\/#article\",\"isPartOf\":{\"@id\":\"http:\\\/\\\/vamosporlaliberacion.org\\\/crpmlm\\\/boleto-educativo-nacional-ya-2\\\/\"},\"author\":{\"name\":\"\",\"@id\":\"\"},\"headline\":\"Boleto educativo nacional ya!\",\"datePublished\":\"2016-04-29T11:43:37+00:00\",\"mainEntityOfPage\":{\"@id\":\"http:\\\/\\\/vamosporlaliberacion.org\\\/crpmlm\\\/boleto-educativo-nacional-ya-2\\\/\"},\"wordCount\":230,\"commentCount\":0,\"image\":{\"@id\":\"http:\\\/\\\/vamosporlaliberacion.org\\\/crpmlm\\\/boleto-educativo-nacional-ya-2\\\/#primaryimage\"},\"thumbnailUrl\":\"https:\\\/\\\/i0.wp.com\\\/vamosporlaliberacion.org\\\/crpmlm\\\/wp-content\\\/uploads\\\/2016\\\/04\\\/boleto.jpg?fit=960%2C540&ssl=1\",\"keywords\":[\"Boleto educativo\",\"movimiento estudiantil\",\"vxl 73\"],\"articleSection\":[\"Noticias\"],\"inLanguage\":\"es\",\"potentialAction\":[{\"@type\":\"CommentAction\",\"name\":\"Comment\",\"target\":[\"http:\\\/\\\/vamosporlaliberacion.org\\\/crpmlm\\\/boleto-educativo-nacional-ya-2\\\/#respond\"]}]},{\"@type\":\"WebPage\",\"@id\":\"http:\\\/\\\/vamosporlaliberacion.org\\\/crpmlm\\\/boleto-educativo-nacional-ya-2\\\/\",\"url\":\"http:\\\/\\\/vamosporlaliberacion.org\\\/crpmlm\\\/boleto-educativo-nacional-ya-2\\\/\",\"name\":\"Boleto educativo nacional ya! - Vamos por la Liberaci\u00f3n\",\"isPartOf\":{\"@id\":\"https:\\\/\\\/vamosporlaliberacion.org\\\/crpmlm\\\/#website\"},\"primaryImageOfPage\":{\"@id\":\"http:\\\/\\\/vamosporlaliberacion.org\\\/crpmlm\\\/boleto-educativo-nacional-ya-2\\\/#primaryimage\"},\"image\":{\"@id\":\"http:\\\/\\\/vamosporlaliberacion.org\\\/crpmlm\\\/boleto-educativo-nacional-ya-2\\\/#primaryimage\"},\"thumbnailUrl\":\"https:\\\/\\\/i0.wp.com\\\/vamosporlaliberacion.org\\\/crpmlm\\\/wp-content\\\/uploads\\\/2016\\\/04\\\/boleto.jpg?fit=960%2C540&ssl=1\",\"datePublished\":\"2016-04-29T11:43:37+00:00\",\"author\":{\"@id\":\"\"},\"breadcrumb\":{\"@id\":\"http:\\\/\\\/vamosporlaliberacion.org\\\/crpmlm\\\/boleto-educativo-nacional-ya-2\\\/#breadcrumb\"},\"inLanguage\":\"es\",\"potentialAction\":[{\"@type\":\"ReadAction\",\"target\":[\"http:\\\/\\\/vamosporlaliberacion.org\\\/crpmlm\\\/boleto-educativo-nacional-ya-2\\\/\"]}]},{\"@type\":\"ImageObject\",\"inLanguage\":\"es\",\"@id\":\"http:\\\/\\\/vamosporlaliberacion.org\\\/crpmlm\\\/boleto-educativo-nacional-ya-2\\\/#primaryimage\",\"url\":\"https:\\\/\\\/i0.wp.com\\\/vamosporlaliberacion.org\\\/crpmlm\\\/wp-content\\\/uploads\\\/2016\\\/04\\\/boleto.jpg?fit=960%2C540&ssl=1\",\"contentUrl\":\"https:\\\/\\\/i0.wp.com\\\/vamosporlaliberacion.org\\\/crpmlm\\\/wp-content\\\/uploads\\\/2016\\\/04\\\/boleto.jpg?fit=960%2C540&ssl=1\",\"width\":960,\"height\":540},{\"@type\":\"BreadcrumbList\",\"@id\":\"http:\\\/\\\/vamosporlaliberacion.org\\\/crpmlm\\\/boleto-educativo-nacional-ya-2\\\/#breadcrumb\",\"itemListElement\":[{\"@type\":\"ListItem\",\"position\":1,\"name\":\"Portada\",\"item\":\"https:\\\/\\\/vamosporlaliberacion.org\\\/crpmlm\\\/\"},{\"@type\":\"ListItem\",\"position\":2,\"name\":\"Boleto educativo nacional ya!\"}]},{\"@type\":\"WebSite\",\"@id\":\"https:\\\/\\\/vamosporlaliberacion.org\\\/crpmlm\\\/#website\",\"url\":\"https:\\\/\\\/vamosporlaliberacion.org\\\/crpmlm\\\/\",\"name\":\"Vamos por la Liberaci\u00f3n\",\"description\":\"Prensa CR\",\"potentialAction\":[{\"@type\":\"SearchAction\",\"target\":{\"@type\":\"EntryPoint\",\"urlTemplate\":\"https:\\\/\\\/vamosporlaliberacion.org\\\/crpmlm\\\/?s={search_term_string}\"},\"query-input\":{\"@type\":\"PropertyValueSpecification\",\"valueRequired\":true,\"valueName\":\"search_term_string\"}}],\"inLanguage\":\"es\"},{\"@type\":\"Person\",\"@id\":\"\",\"url\":\"http:\\\/\\\/vamosporlaliberacion.org\\\/crpmlm\\\/author\\\/\"}]}<\/script>\n<!-- \/ Yoast SEO plugin. -->","yoast_head_json":{"title":"Boleto educativo nacional ya! - Vamos por la Liberaci\u00f3n","robots":{"index":"index","follow":"follow","max-snippet":"max-snippet:-1","max-image-preview":"max-image-preview:large","max-video-preview":"max-video-preview:-1"},"canonical":"http:\/\/vamosporlaliberacion.org\/crpmlm\/boleto-educativo-nacional-ya-2\/","twitter_misc":{"Escrito por":"","Tiempo de lectura":"1 minuto"},"schema":{"@context":"https:\/\/schema.org","@graph":[{"@type":"Article","@id":"http:\/\/vamosporlaliberacion.org\/crpmlm\/boleto-educativo-nacional-ya-2\/#article","isPartOf":{"@id":"http:\/\/vamosporlaliberacion.org\/crpmlm\/boleto-educativo-nacional-ya-2\/"},"author":{"name":"","@id":""},"headline":"Boleto educativo nacional ya!","datePublished":"2016-04-29T11:43:37+00:00","mainEntityOfPage":{"@id":"http:\/\/vamosporlaliberacion.org\/crpmlm\/boleto-educativo-nacional-ya-2\/"},"wordCount":230,"commentCount":0,"image":{"@id":"http:\/\/vamosporlaliberacion.org\/crpmlm\/boleto-educativo-nacional-ya-2\/#primaryimage"},"thumbnailUrl":"https:\/\/i0.wp.com\/vamosporlaliberacion.org\/crpmlm\/wp-content\/uploads\/2016\/04\/boleto.jpg?fit=960%2C540&ssl=1","keywords":["Boleto educativo","movimiento estudiantil","vxl 73"],"articleSection":["Noticias"],"inLanguage":"es","potentialAction":[{"@type":"CommentAction","name":"Comment","target":["http:\/\/vamosporlaliberacion.org\/crpmlm\/boleto-educativo-nacional-ya-2\/#respond"]}]},{"@type":"WebPage","@id":"http:\/\/vamosporlaliberacion.org\/crpmlm\/boleto-educativo-nacional-ya-2\/","url":"http:\/\/vamosporlaliberacion.org\/crpmlm\/boleto-educativo-nacional-ya-2\/","name":"Boleto educativo nacional ya! - Vamos por la Liberaci\u00f3n","isPartOf":{"@id":"https:\/\/vamosporlaliberacion.org\/crpmlm\/#website"},"primaryImageOfPage":{"@id":"http:\/\/vamosporlaliberacion.org\/crpmlm\/boleto-educativo-nacional-ya-2\/#primaryimage"},"image":{"@id":"http:\/\/vamosporlaliberacion.org\/crpmlm\/boleto-educativo-nacional-ya-2\/#primaryimage"},"thumbnailUrl":"https:\/\/i0.wp.com\/vamosporlaliberacion.org\/crpmlm\/wp-content\/uploads\/2016\/04\/boleto.jpg?fit=960%2C540&ssl=1","datePublished":"2016-04-29T11:43:37+00:00","author":{"@id":""},"breadcrumb":{"@id":"http:\/\/vamosporlaliberacion.org\/crpmlm\/boleto-educativo-nacional-ya-2\/#breadcrumb"},"inLanguage":"es","potentialAction":[{"@type":"ReadAction","target":["http:\/\/vamosporlaliberacion.org\/crpmlm\/boleto-educativo-nacional-ya-2\/"]}]},{"@type":"ImageObject","inLanguage":"es","@id":"http:\/\/vamosporlaliberacion.org\/crpmlm\/boleto-educativo-nacional-ya-2\/#primaryimage","url":"https:\/\/i0.wp.com\/vamosporlaliberacion.org\/crpmlm\/wp-content\/uploads\/2016\/04\/boleto.jpg?fit=960%2C540&ssl=1","contentUrl":"https:\/\/i0.wp.com\/vamosporlaliberacion.org\/crpmlm\/wp-content\/uploads\/2016\/04\/boleto.jpg?fit=960%2C540&ssl=1","width":960,"height":540},{"@type":"BreadcrumbList","@id":"http:\/\/vamosporlaliberacion.org\/crpmlm\/boleto-educativo-nacional-ya-2\/#breadcrumb","itemListElement":[{"@type":"ListItem","position":1,"name":"Portada","item":"https:\/\/vamosporlaliberacion.org\/crpmlm\/"},{"@type":"ListItem","position":2,"name":"Boleto educativo nacional ya!"}]},{"@type":"WebSite","@id":"https:\/\/vamosporlaliberacion.org\/crpmlm\/#website","url":"https:\/\/vamosporlaliberacion.org\/crpmlm\/","name":"Vamos por la Liberaci\u00f3n","description":"Prensa CR","potentialAction":[{"@type":"SearchAction","target":{"@type":"EntryPoint","urlTemplate":"https:\/\/vamosporlaliberacion.org\/crpmlm\/?s={search_term_string}"},"query-input":{"@type":"PropertyValueSpecification","valueRequired":true,"valueName":"search_term_string"}}],"inLanguage":"es"},{"@type":"Person","@id":"","url":"http:\/\/vamosporlaliberacion.org\/crpmlm\/author\/"}]}},"jetpack_featured_media_url":"https:\/\/i0.wp.com\/vamosporlaliberacion.org\/crpmlm\/wp-content\/uploads\/2016\/04\/boleto.jpg?fit=960%2C540&ssl=1","jetpack_sharing_enabled":true,"_links":{"self":[{"href":"http:\/\/vamosporlaliberacion.org\/crpmlm\/wp-json\/wp\/v2\/posts\/5720","targetHints":{"allow":["GET"]}}],"collection":[{"href":"http:\/\/vamosporlaliberacion.org\/crpmlm\/wp-json\/wp\/v2\/posts"}],"about":[{"href":"http:\/\/vamosporlaliberacion.org\/crpmlm\/wp-json\/wp\/v2\/types\/post"}],"author":[{"embeddable":true,"href":"http:\/\/vamosporlaliberacion.org\/crpmlm\/wp-json\/wp\/v2\/users\/5"}],"replies":[{"embeddable":true,"href":"http:\/\/vamosporlaliberacion.org\/crpmlm\/wp-json\/wp\/v2\/comments?post=5720"}],"version-history":[{"count":0,"href":"http:\/\/vamosporlaliberacion.org\/crpmlm\/wp-json\/wp\/v2\/posts\/5720\/revisions"}],"wp:featuredmedia":[{"embeddable":true,"href":"http:\/\/vamosporlaliberacion.org\/crpmlm\/wp-json\/wp\/v2\/media\/5714"}],"wp:attachment":[{"href":"http:\/\/vamosporlaliberacion.org\/crpmlm\/wp-json\/wp\/v2\/media?parent=5720"}],"wp:term":[{"taxonomy":"category","embeddable":true,"href":"http:\/\/vamosporlaliberacion.org\/crpmlm\/wp-json\/wp\/v2\/categories?post=5720"},{"taxonomy":"post_tag","embeddable":true,"href":"http:\/\/vamosporlaliberacion.org\/crpmlm\/wp-json\/wp\/v2\/tags?post=5720"}],"curies":[{"name":"wp","href":"https:\/\/api.w.org\/{rel}","templated":true}]}}