{"id":5637,"date":"2016-04-27T17:56:48","date_gmt":"2016-04-27T20:56:48","guid":{"rendered":"http:\/\/vamosporlaliberacion.org\/crpmlm\/?p=5637"},"modified":"2018-04-04T11:31:30","modified_gmt":"2018-04-04T14:31:30","slug":"siempre-con-el-vamos-bajo-el-brazo","status":"publish","type":"post","link":"http:\/\/vamosporlaliberacion.org\/crpmlm\/siempre-con-el-vamos-bajo-el-brazo\/","title":{"rendered":"Siempre con el Vamos! bajo el brazo"},"content":{"rendered":"<p>En este n\u00famero, un moj\u00f3n en la campa\u00f1a es la difusi\u00f3n alrededor de las conmemoraciones por el 1\u00ba de Mayo. Con el n\u00famero pasado arranc\u00f3 la campa\u00f1a anual del Vamos! que durar\u00e1 hasta el 16 de mayo. En ella nos proponemos llegar a nuevos lectores del peri\u00f3dico y profundizar los lazos pol\u00edticos con nuestros compa\u00f1eros en los lugares de trabajo, de estudio y en los barrios.<\/p>\n<p>La mayor\u00eda de las zonas planificaron esta campa\u00f1a, organizando con qu\u00e9 iniciativas vamos a ofrecer el Vamos!. Se prepararon bloqueos en las puertas de f\u00e1brica, hubo piqueteos en las marchas, y se pusieron mesas en las facultades, que nos permitieron discutir el momento pol\u00edtico y una salida a la crisis a favor del pueblo con una gran cantidad de personas. <\/p>\n<p>Nos encontramos con muy buena recepci\u00f3n, porque el peri\u00f3dico trae informaci\u00f3n que no estaba en los grandes medios de comunicaci\u00f3n, como la enorme lucha de los estatales de Tierra del Fuego o la de los docentes de Santiago del Estero. Tambi\u00e9n porque el an\u00e1lisis desde una perspectiva de la lucha de clases permite cuestionar la versi\u00f3n oficial sobre la visita de Obama, el pago a los hold-outs, etc. El Vamos! puede ser para muchos una herramienta pol\u00edtica para comprender la realidad y c\u00f3mo actuar en ella. Como contaba una afiliada que cuando fue a cursar escuch\u00f3 a una alumna decir: \u201cten\u00e9s que leer esto\u201d, mientras le pasaba el Vamos! a su amiga.<\/p>\n<p>En esta campa\u00f1a nos planteamos grandes desaf\u00edos, para poder alcanzarlos es importante tener siempre a mano el peri\u00f3dico, que nos permita integrar su difusi\u00f3n a los debates cotidianos y abordar las listas de los organismos. Al calor de los procesos de lucha, avanzamos en las suscripciones. Este n\u00famero es una nueva oportunidad para ofrecerla al resto de los compa\u00f1eros, permitiendo plasmar el grado de acuerdo en cada caso y que les ofrezcamos instancias de lectura colectiva del Vamos! donde puedan discutirlo, proponerles que ellos tambi\u00e9n lo ofrezcan y sumarse al partido.<\/p>\n<!-- AddThis Advanced Settings generic via filter on the_content --><!-- AddThis Share Buttons generic via filter on the_content -->","protected":false},"excerpt":{"rendered":"<p>En este n\u00famero, un moj\u00f3n en la campa\u00f1a es la difusi\u00f3n alrededor de las conmemoraciones por el 1\u00ba de Mayo. Con el n\u00famero pasado arranc\u00f3 la campa\u00f1a anual del Vamos! que durar\u00e1 hasta el 16 de mayo. En ella nos proponemos llegar a nuevos lectores del peri\u00f3dico y profundizar los lazos pol\u00edticos con nuestros compa\u00f1eros [&hellip;]<!-- AddThis Advanced Settings generic via filter on get_the_excerpt --><!-- AddThis Share Buttons generic via filter on get_the_excerpt --><\/p>\n","protected":false},"author":5,"featured_media":5673,"comment_status":"open","ping_status":"open","sticky":false,"template":"","format":"standard","meta":{"_jetpack_memberships_contains_paid_content":false,"footnotes":""},"categories":[1699],"tags":[519,210,639],"class_list":{"0":"post-5637","1":"post","2":"type-post","3":"status-publish","4":"format-standard","5":"has-post-thumbnail","7":"category-noticias","8":"tag-destacado","9":"tag-prensa","10":"tag-vxl-73"},"yoast_head":"<!-- This site is optimized with the Yoast SEO plugin v27.4 - https:\/\/yoast.com\/product\/yoast-seo-wordpress\/ -->\n<title>Siempre con el Vamos! bajo el brazo - Vamos por la Liberaci\u00f3n<\/title>\n<meta name=\"robots\" content=\"index, follow, max-snippet:-1, max-image-preview:large, max-video-preview:-1\" \/>\n<link rel=\"canonical\" href=\"https:\/\/vamosporlaliberacion.org\/crpmlm\/siempre-con-el-vamos-bajo-el-brazo\/\" \/>\n<meta name=\"twitter:label1\" content=\"Escrito por\" \/>\n\t<meta name=\"twitter:data1\" content=\"\" \/>\n\t<meta name=\"twitter:label2\" content=\"Tiempo de lectura\" \/>\n\t<meta name=\"twitter:data2\" content=\"2 minutos\" \/>\n<script type=\"application\/ld+json\" class=\"yoast-schema-graph\">{\"@context\":\"https:\\\/\\\/schema.org\",\"@graph\":[{\"@type\":\"Article\",\"@id\":\"https:\\\/\\\/vamosporlaliberacion.org\\\/crpmlm\\\/siempre-con-el-vamos-bajo-el-brazo\\\/#article\",\"isPartOf\":{\"@id\":\"https:\\\/\\\/vamosporlaliberacion.org\\\/crpmlm\\\/siempre-con-el-vamos-bajo-el-brazo\\\/\"},\"author\":{\"name\":\"\",\"@id\":\"\"},\"headline\":\"Siempre con el Vamos! bajo el brazo\",\"datePublished\":\"2016-04-27T20:56:48+00:00\",\"dateModified\":\"2018-04-04T14:31:30+00:00\",\"mainEntityOfPage\":{\"@id\":\"https:\\\/\\\/vamosporlaliberacion.org\\\/crpmlm\\\/siempre-con-el-vamos-bajo-el-brazo\\\/\"},\"wordCount\":364,\"commentCount\":0,\"image\":{\"@id\":\"https:\\\/\\\/vamosporlaliberacion.org\\\/crpmlm\\\/siempre-con-el-vamos-bajo-el-brazo\\\/#primaryimage\"},\"thumbnailUrl\":\"https:\\\/\\\/i0.wp.com\\\/vamosporlaliberacion.org\\\/crpmlm\\\/wp-content\\\/uploads\\\/2016\\\/04\\\/vamos-por-la-liberacion.jpg?fit=696%2C392&ssl=1\",\"keywords\":[\"destacado\",\"Prensa\",\"vxl 73\"],\"articleSection\":[\"Noticias\"],\"inLanguage\":\"es\",\"potentialAction\":[{\"@type\":\"CommentAction\",\"name\":\"Comment\",\"target\":[\"https:\\\/\\\/vamosporlaliberacion.org\\\/crpmlm\\\/siempre-con-el-vamos-bajo-el-brazo\\\/#respond\"]}]},{\"@type\":\"WebPage\",\"@id\":\"https:\\\/\\\/vamosporlaliberacion.org\\\/crpmlm\\\/siempre-con-el-vamos-bajo-el-brazo\\\/\",\"url\":\"https:\\\/\\\/vamosporlaliberacion.org\\\/crpmlm\\\/siempre-con-el-vamos-bajo-el-brazo\\\/\",\"name\":\"Siempre con el Vamos! bajo el brazo - Vamos por la Liberaci\u00f3n\",\"isPartOf\":{\"@id\":\"https:\\\/\\\/vamosporlaliberacion.org\\\/crpmlm\\\/#website\"},\"primaryImageOfPage\":{\"@id\":\"https:\\\/\\\/vamosporlaliberacion.org\\\/crpmlm\\\/siempre-con-el-vamos-bajo-el-brazo\\\/#primaryimage\"},\"image\":{\"@id\":\"https:\\\/\\\/vamosporlaliberacion.org\\\/crpmlm\\\/siempre-con-el-vamos-bajo-el-brazo\\\/#primaryimage\"},\"thumbnailUrl\":\"https:\\\/\\\/i0.wp.com\\\/vamosporlaliberacion.org\\\/crpmlm\\\/wp-content\\\/uploads\\\/2016\\\/04\\\/vamos-por-la-liberacion.jpg?fit=696%2C392&ssl=1\",\"datePublished\":\"2016-04-27T20:56:48+00:00\",\"dateModified\":\"2018-04-04T14:31:30+00:00\",\"author\":{\"@id\":\"\"},\"breadcrumb\":{\"@id\":\"https:\\\/\\\/vamosporlaliberacion.org\\\/crpmlm\\\/siempre-con-el-vamos-bajo-el-brazo\\\/#breadcrumb\"},\"inLanguage\":\"es\",\"potentialAction\":[{\"@type\":\"ReadAction\",\"target\":[\"https:\\\/\\\/vamosporlaliberacion.org\\\/crpmlm\\\/siempre-con-el-vamos-bajo-el-brazo\\\/\"]}]},{\"@type\":\"ImageObject\",\"inLanguage\":\"es\",\"@id\":\"https:\\\/\\\/vamosporlaliberacion.org\\\/crpmlm\\\/siempre-con-el-vamos-bajo-el-brazo\\\/#primaryimage\",\"url\":\"https:\\\/\\\/i0.wp.com\\\/vamosporlaliberacion.org\\\/crpmlm\\\/wp-content\\\/uploads\\\/2016\\\/04\\\/vamos-por-la-liberacion.jpg?fit=696%2C392&ssl=1\",\"contentUrl\":\"https:\\\/\\\/i0.wp.com\\\/vamosporlaliberacion.org\\\/crpmlm\\\/wp-content\\\/uploads\\\/2016\\\/04\\\/vamos-por-la-liberacion.jpg?fit=696%2C392&ssl=1\",\"width\":696,\"height\":392},{\"@type\":\"BreadcrumbList\",\"@id\":\"https:\\\/\\\/vamosporlaliberacion.org\\\/crpmlm\\\/siempre-con-el-vamos-bajo-el-brazo\\\/#breadcrumb\",\"itemListElement\":[{\"@type\":\"ListItem\",\"position\":1,\"name\":\"Portada\",\"item\":\"https:\\\/\\\/vamosporlaliberacion.org\\\/crpmlm\\\/\"},{\"@type\":\"ListItem\",\"position\":2,\"name\":\"Siempre con el Vamos! bajo el brazo\"}]},{\"@type\":\"WebSite\",\"@id\":\"https:\\\/\\\/vamosporlaliberacion.org\\\/crpmlm\\\/#website\",\"url\":\"https:\\\/\\\/vamosporlaliberacion.org\\\/crpmlm\\\/\",\"name\":\"Vamos por la Liberaci\u00f3n\",\"description\":\"Prensa CR\",\"potentialAction\":[{\"@type\":\"SearchAction\",\"target\":{\"@type\":\"EntryPoint\",\"urlTemplate\":\"https:\\\/\\\/vamosporlaliberacion.org\\\/crpmlm\\\/?s={search_term_string}\"},\"query-input\":{\"@type\":\"PropertyValueSpecification\",\"valueRequired\":true,\"valueName\":\"search_term_string\"}}],\"inLanguage\":\"es\"},{\"@type\":\"Person\",\"@id\":\"\",\"url\":\"http:\\\/\\\/vamosporlaliberacion.org\\\/crpmlm\\\/author\\\/\"}]}<\/script>\n<!-- \/ Yoast SEO plugin. -->","yoast_head_json":{"title":"Siempre con el Vamos! bajo el brazo - Vamos por la Liberaci\u00f3n","robots":{"index":"index","follow":"follow","max-snippet":"max-snippet:-1","max-image-preview":"max-image-preview:large","max-video-preview":"max-video-preview:-1"},"canonical":"https:\/\/vamosporlaliberacion.org\/crpmlm\/siempre-con-el-vamos-bajo-el-brazo\/","twitter_misc":{"Escrito por":"","Tiempo de lectura":"2 minutos"},"schema":{"@context":"https:\/\/schema.org","@graph":[{"@type":"Article","@id":"https:\/\/vamosporlaliberacion.org\/crpmlm\/siempre-con-el-vamos-bajo-el-brazo\/#article","isPartOf":{"@id":"https:\/\/vamosporlaliberacion.org\/crpmlm\/siempre-con-el-vamos-bajo-el-brazo\/"},"author":{"name":"","@id":""},"headline":"Siempre con el Vamos! bajo el brazo","datePublished":"2016-04-27T20:56:48+00:00","dateModified":"2018-04-04T14:31:30+00:00","mainEntityOfPage":{"@id":"https:\/\/vamosporlaliberacion.org\/crpmlm\/siempre-con-el-vamos-bajo-el-brazo\/"},"wordCount":364,"commentCount":0,"image":{"@id":"https:\/\/vamosporlaliberacion.org\/crpmlm\/siempre-con-el-vamos-bajo-el-brazo\/#primaryimage"},"thumbnailUrl":"https:\/\/i0.wp.com\/vamosporlaliberacion.org\/crpmlm\/wp-content\/uploads\/2016\/04\/vamos-por-la-liberacion.jpg?fit=696%2C392&ssl=1","keywords":["destacado","Prensa","vxl 73"],"articleSection":["Noticias"],"inLanguage":"es","potentialAction":[{"@type":"CommentAction","name":"Comment","target":["https:\/\/vamosporlaliberacion.org\/crpmlm\/siempre-con-el-vamos-bajo-el-brazo\/#respond"]}]},{"@type":"WebPage","@id":"https:\/\/vamosporlaliberacion.org\/crpmlm\/siempre-con-el-vamos-bajo-el-brazo\/","url":"https:\/\/vamosporlaliberacion.org\/crpmlm\/siempre-con-el-vamos-bajo-el-brazo\/","name":"Siempre con el Vamos! bajo el brazo - Vamos por la Liberaci\u00f3n","isPartOf":{"@id":"https:\/\/vamosporlaliberacion.org\/crpmlm\/#website"},"primaryImageOfPage":{"@id":"https:\/\/vamosporlaliberacion.org\/crpmlm\/siempre-con-el-vamos-bajo-el-brazo\/#primaryimage"},"image":{"@id":"https:\/\/vamosporlaliberacion.org\/crpmlm\/siempre-con-el-vamos-bajo-el-brazo\/#primaryimage"},"thumbnailUrl":"https:\/\/i0.wp.com\/vamosporlaliberacion.org\/crpmlm\/wp-content\/uploads\/2016\/04\/vamos-por-la-liberacion.jpg?fit=696%2C392&ssl=1","datePublished":"2016-04-27T20:56:48+00:00","dateModified":"2018-04-04T14:31:30+00:00","author":{"@id":""},"breadcrumb":{"@id":"https:\/\/vamosporlaliberacion.org\/crpmlm\/siempre-con-el-vamos-bajo-el-brazo\/#breadcrumb"},"inLanguage":"es","potentialAction":[{"@type":"ReadAction","target":["https:\/\/vamosporlaliberacion.org\/crpmlm\/siempre-con-el-vamos-bajo-el-brazo\/"]}]},{"@type":"ImageObject","inLanguage":"es","@id":"https:\/\/vamosporlaliberacion.org\/crpmlm\/siempre-con-el-vamos-bajo-el-brazo\/#primaryimage","url":"https:\/\/i0.wp.com\/vamosporlaliberacion.org\/crpmlm\/wp-content\/uploads\/2016\/04\/vamos-por-la-liberacion.jpg?fit=696%2C392&ssl=1","contentUrl":"https:\/\/i0.wp.com\/vamosporlaliberacion.org\/crpmlm\/wp-content\/uploads\/2016\/04\/vamos-por-la-liberacion.jpg?fit=696%2C392&ssl=1","width":696,"height":392},{"@type":"BreadcrumbList","@id":"https:\/\/vamosporlaliberacion.org\/crpmlm\/siempre-con-el-vamos-bajo-el-brazo\/#breadcrumb","itemListElement":[{"@type":"ListItem","position":1,"name":"Portada","item":"https:\/\/vamosporlaliberacion.org\/crpmlm\/"},{"@type":"ListItem","position":2,"name":"Siempre con el Vamos! bajo el brazo"}]},{"@type":"WebSite","@id":"https:\/\/vamosporlaliberacion.org\/crpmlm\/#website","url":"https:\/\/vamosporlaliberacion.org\/crpmlm\/","name":"Vamos por la Liberaci\u00f3n","description":"Prensa CR","potentialAction":[{"@type":"SearchAction","target":{"@type":"EntryPoint","urlTemplate":"https:\/\/vamosporlaliberacion.org\/crpmlm\/?s={search_term_string}"},"query-input":{"@type":"PropertyValueSpecification","valueRequired":true,"valueName":"search_term_string"}}],"inLanguage":"es"},{"@type":"Person","@id":"","url":"http:\/\/vamosporlaliberacion.org\/crpmlm\/author\/"}]}},"jetpack_featured_media_url":"https:\/\/i0.wp.com\/vamosporlaliberacion.org\/crpmlm\/wp-content\/uploads\/2016\/04\/vamos-por-la-liberacion.jpg?fit=696%2C392&ssl=1","jetpack_sharing_enabled":true,"_links":{"self":[{"href":"http:\/\/vamosporlaliberacion.org\/crpmlm\/wp-json\/wp\/v2\/posts\/5637","targetHints":{"allow":["GET"]}}],"collection":[{"href":"http:\/\/vamosporlaliberacion.org\/crpmlm\/wp-json\/wp\/v2\/posts"}],"about":[{"href":"http:\/\/vamosporlaliberacion.org\/crpmlm\/wp-json\/wp\/v2\/types\/post"}],"author":[{"embeddable":true,"href":"http:\/\/vamosporlaliberacion.org\/crpmlm\/wp-json\/wp\/v2\/users\/5"}],"replies":[{"embeddable":true,"href":"http:\/\/vamosporlaliberacion.org\/crpmlm\/wp-json\/wp\/v2\/comments?post=5637"}],"version-history":[{"count":0,"href":"http:\/\/vamosporlaliberacion.org\/crpmlm\/wp-json\/wp\/v2\/posts\/5637\/revisions"}],"wp:featuredmedia":[{"embeddable":true,"href":"http:\/\/vamosporlaliberacion.org\/crpmlm\/wp-json\/wp\/v2\/media\/5673"}],"wp:attachment":[{"href":"http:\/\/vamosporlaliberacion.org\/crpmlm\/wp-json\/wp\/v2\/media?parent=5637"}],"wp:term":[{"taxonomy":"category","embeddable":true,"href":"http:\/\/vamosporlaliberacion.org\/crpmlm\/wp-json\/wp\/v2\/categories?post=5637"},{"taxonomy":"post_tag","embeddable":true,"href":"http:\/\/vamosporlaliberacion.org\/crpmlm\/wp-json\/wp\/v2\/tags?post=5637"}],"curies":[{"name":"wp","href":"https:\/\/api.w.org\/{rel}","templated":true}]}}