{"id":5634,"date":"2016-04-27T17:33:13","date_gmt":"2016-04-27T17:33:13","guid":{"rendered":"http:\/\/vamosporlaliberacion.org\/crpmlm\/?p=5634"},"modified":"2016-04-28T13:32:00","modified_gmt":"2016-04-28T13:32:00","slug":"en-el-mismo-lodo-todos-imputados","status":"publish","type":"post","link":"http:\/\/vamosporlaliberacion.org\/crpmlm\/en-el-mismo-lodo-todos-imputados\/","title":{"rendered":"En el mismo lodo, todos imputados"},"content":{"rendered":"<p>El Poder Judicial pas\u00f3 a ser en las \u00faltimas semanas un terreno agitado en la disputa por la hegemon\u00eda pol\u00edtica en el Estado argentino. Denuncias, causas, indagatorias, testimoniales, imputaciones, procesamientos. Macristas y kirchneristas operan sobre los tribunales, los grandes medios juegan lo suyo, jueces y fiscales mueven el tablero y muchos tienen que rendir cuentas.<\/p>\n<p>En la llamada causa del d\u00f3lar futuro fueron citados por el juez Bonad\u00edo a declaraci\u00f3n indagatoria la propia Cristina Kirchner, su ex ministro Kicillof y el ex presidente del BCRA Vanoli para responder por las p\u00e9rdidas millonarias ocasionadas al Estado nacional como consecuencia de una timba especulativa con la venta de \u201cd\u00f3lar futuro\u201d a $10,50 que meses m\u00e1s tarde el Banco Central tuvo que saldar a $15. El kirchnerismo aprovech\u00f3 esta citaci\u00f3n para organizar el acto de CFK frente a Tribunales; y contragolpe\u00f3 con una denuncia por el mismo hecho presentada por Recalde y otros diputados, sobre la que el fiscal Di Lello imput\u00f3 al actual presidente del BCRA Sturzenegger y al propio juez Bonad\u00edo por habilitar y pagar esos contratos de d\u00f3lar futuro luego de la devaluaci\u00f3n de Macri. <\/p>\n<p>Paralelamente, desde C5N difundieron la lista de macristas que se habr\u00edan beneficiado con la operaci\u00f3n: La empresa de \u201cNicky\u201d Caputo \u2013amigo personal de Macri\u2013 compr\u00f3 3,56 millones de d\u00f3lares futuro en octubre. La empresa SOCMA-Chery \u2013de la familia Macri\u2013 compr\u00f3 8 millones. Jos\u00e9 Torello \u2013jefe de asesores del presidente y apoderado del PRO\u2013 compr\u00f3 800 mil d\u00f3lares. Mario Quintana \u2013secretario de Coordinaci\u00f3n Interministerial y ex CEO de la cadena de farmacias Farmacity\u2013 compr\u00f3 a trav\u00e9s de su fondo Pegasus un mill\u00f3n y medio. Gustavo Lopetegui \u2013secretario de Coordinaci\u00f3n de Pol\u00edticas P\u00fablicas y ex CEO de LAN\u2013, 310 mil d\u00f3lares. Y no s\u00f3lo cayeron en esta volteada funcionarios del gobierno: el diario La Naci\u00f3n compr\u00f3 4 millones de d\u00f3lares y el Grupo Clar\u00edn 11 millones. \u00bfSeguir\u00e1 conoci\u00e9ndose la lista de funcionarios, ex funcionarios y empresas que se alzaron en un abrir y cerrar de ojos con parte de los m\u00e1s de 50.000 millones de pesos que perdi\u00f3 el Estado con estas operaciones?<\/p>\n<p>Otra las causas que golpea al kirchnerismo es la de lavado de dinero, bautizada por Clar\u00edn como la \u201cRuta del dinero K\u201d. Acelerada con la difusi\u00f3n del video en el que se ve al entorno de L\u00e1zaro B\u00e1ez contando millones de d\u00f3lares sobre una mesa en su financiera, el fiscal Mariju\u00e1n ya imput\u00f3 a Cristina Kirchner luego de la declaraci\u00f3n del \u201carrepentido\u201d Leonardo Fari\u00f1a. Y ya est\u00e1n detenidos L\u00e1zaro Baez, su contador Perez Gad\u00edn y el abogado Jorge Chueco. En esta causa se denunci\u00f3 que el grupo Austral \u2013de B\u00e1ez\u2013 bajo el gobierno kirchnerista recibi\u00f3 m\u00e1s de $ 16.000 millones en obra p\u00fablica, y se investigan numerosos v\u00ednculos comerciales entre los B\u00e1ez y los Kirchner.<\/p>\n<p>Relacionado con esto est\u00e1 la causa Hotesur en la que denunciaron a la ex presidenta por recibir varios millones de pesos de L\u00e1zaro B\u00e1ez y Cristobal L\u00f3pez en concepto de alquiler de habitaciones de su hotel Hotesur, que no fueron utilizadas. <\/p>\n<p>Por su parte golpean al macrismo las derivaciones del Panam\u00e1 Papers, bautizada por el kirchnerismo como la \u201cRuta del dinero M\u201d. El fiscal Delgado imput\u00f3 al presidente Mauricio Macri por su participaci\u00f3n en la empresa fantasma Fleg Tranding Ltd. creada en el para\u00edso fiscal de las islas Bahamas y en otra sociedad offshore, Kagemusha SA. Y no es el \u00fanico de su gobierno que qued\u00f3 al descubierto con este tipo de empresas.<\/p>\n<p>Los ex ministros K An\u00edbal Fern\u00e1ndez, Manzur y Goll\u00e1n est\u00e1n procesados por presuntos sobreprecios en el Plan Qunita. El ex vicepresidente Boudou fue procesado por el caso Ciccone Calcogr\u00e1fica. El empresario Cristobal L\u00f3pez y el ex jefe de la AFIP Echegaray fueron denunciados por una deuda impositiva de las empresas de L\u00f3pez por 7.600 millones de pesos. El ex ministro de Vido cuenta tambi\u00e9n con varios frentes que atender en Tribunales.<\/p>\n<p>Mientras tanto, los \u00fanicos ex funcionarios presos son Jaime y Schiavi, condenados por la lucha popular en la causa por la masacre de Once, por la que tambi\u00e9n se investiga a Julio de Vido.<\/p>\n<p>Lo que queda al descubierto es la relaci\u00f3n intr\u00ednseca de la corrupci\u00f3n como parte del funcionamiento del Estado bajo el sistema capitalista imperialista.<\/p>\n<!-- AddThis Advanced Settings generic via filter on the_content --><!-- AddThis Share Buttons generic via filter on the_content -->","protected":false},"excerpt":{"rendered":"<p>El Poder Judicial pas\u00f3 a ser en las \u00faltimas semanas un terreno agitado en la disputa por la hegemon\u00eda pol\u00edtica en el Estado argentino. Denuncias, causas, indagatorias, testimoniales, imputaciones, procesamientos. Macristas y kirchneristas operan sobre los tribunales, los grandes medios juegan lo suyo, jueces y fiscales mueven el tablero y muchos tienen que rendir cuentas. [&hellip;]<!-- AddThis Advanced Settings generic via filter on get_the_excerpt --><!-- AddThis Share Buttons generic via filter on get_the_excerpt --><\/p>\n","protected":false},"author":5,"featured_media":5635,"comment_status":"open","ping_status":"open","sticky":false,"template":"","format":"standard","meta":{"_jetpack_memberships_contains_paid_content":false,"footnotes":""},"categories":[1699],"tags":[640,641,591,639],"class_list":{"0":"post-5634","1":"post","2":"type-post","3":"status-publish","4":"format-standard","5":"has-post-thumbnail","7":"category-noticias","8":"tag-cristina-fernandez-de-kirchner","9":"tag-dolar-futuro","10":"tag-mauricio-macri","11":"tag-vxl-73"},"yoast_head":"<!-- This site is optimized with the Yoast SEO plugin v27.4 - https:\/\/yoast.com\/product\/yoast-seo-wordpress\/ -->\n<title>En el mismo lodo, todos imputados - Vamos por la Liberaci\u00f3n<\/title>\n<meta name=\"robots\" content=\"index, follow, max-snippet:-1, max-image-preview:large, max-video-preview:-1\" \/>\n<link rel=\"canonical\" href=\"http:\/\/vamosporlaliberacion.org\/crpmlm\/en-el-mismo-lodo-todos-imputados\/\" \/>\n<meta name=\"twitter:label1\" content=\"Escrito por\" \/>\n\t<meta name=\"twitter:data1\" content=\"\" \/>\n\t<meta name=\"twitter:label2\" content=\"Tiempo de lectura\" \/>\n\t<meta name=\"twitter:data2\" content=\"4 minutos\" \/>\n<script type=\"application\/ld+json\" class=\"yoast-schema-graph\">{\"@context\":\"https:\\\/\\\/schema.org\",\"@graph\":[{\"@type\":\"Article\",\"@id\":\"http:\\\/\\\/vamosporlaliberacion.org\\\/crpmlm\\\/en-el-mismo-lodo-todos-imputados\\\/#article\",\"isPartOf\":{\"@id\":\"http:\\\/\\\/vamosporlaliberacion.org\\\/crpmlm\\\/en-el-mismo-lodo-todos-imputados\\\/\"},\"author\":{\"name\":\"\",\"@id\":\"\"},\"headline\":\"En el mismo lodo, todos imputados\",\"datePublished\":\"2016-04-27T17:33:13+00:00\",\"dateModified\":\"2016-04-28T13:32:00+00:00\",\"mainEntityOfPage\":{\"@id\":\"http:\\\/\\\/vamosporlaliberacion.org\\\/crpmlm\\\/en-el-mismo-lodo-todos-imputados\\\/\"},\"wordCount\":759,\"commentCount\":0,\"image\":{\"@id\":\"http:\\\/\\\/vamosporlaliberacion.org\\\/crpmlm\\\/en-el-mismo-lodo-todos-imputados\\\/#primaryimage\"},\"thumbnailUrl\":\"https:\\\/\\\/i0.wp.com\\\/vamosporlaliberacion.org\\\/crpmlm\\\/wp-content\\\/uploads\\\/2016\\\/04\\\/chiquero.jpg?fit=421%2C316&ssl=1\",\"keywords\":[\"Cristina Fern\u00e1ndez de Kirchner\",\"D\u00f3lar Futuro\",\"Mauricio Macri\",\"vxl 73\"],\"articleSection\":[\"Noticias\"],\"inLanguage\":\"es\",\"potentialAction\":[{\"@type\":\"CommentAction\",\"name\":\"Comment\",\"target\":[\"http:\\\/\\\/vamosporlaliberacion.org\\\/crpmlm\\\/en-el-mismo-lodo-todos-imputados\\\/#respond\"]}]},{\"@type\":\"WebPage\",\"@id\":\"http:\\\/\\\/vamosporlaliberacion.org\\\/crpmlm\\\/en-el-mismo-lodo-todos-imputados\\\/\",\"url\":\"http:\\\/\\\/vamosporlaliberacion.org\\\/crpmlm\\\/en-el-mismo-lodo-todos-imputados\\\/\",\"name\":\"En el mismo lodo, todos imputados - Vamos por la Liberaci\u00f3n\",\"isPartOf\":{\"@id\":\"https:\\\/\\\/vamosporlaliberacion.org\\\/crpmlm\\\/#website\"},\"primaryImageOfPage\":{\"@id\":\"http:\\\/\\\/vamosporlaliberacion.org\\\/crpmlm\\\/en-el-mismo-lodo-todos-imputados\\\/#primaryimage\"},\"image\":{\"@id\":\"http:\\\/\\\/vamosporlaliberacion.org\\\/crpmlm\\\/en-el-mismo-lodo-todos-imputados\\\/#primaryimage\"},\"thumbnailUrl\":\"https:\\\/\\\/i0.wp.com\\\/vamosporlaliberacion.org\\\/crpmlm\\\/wp-content\\\/uploads\\\/2016\\\/04\\\/chiquero.jpg?fit=421%2C316&ssl=1\",\"datePublished\":\"2016-04-27T17:33:13+00:00\",\"dateModified\":\"2016-04-28T13:32:00+00:00\",\"author\":{\"@id\":\"\"},\"breadcrumb\":{\"@id\":\"http:\\\/\\\/vamosporlaliberacion.org\\\/crpmlm\\\/en-el-mismo-lodo-todos-imputados\\\/#breadcrumb\"},\"inLanguage\":\"es\",\"potentialAction\":[{\"@type\":\"ReadAction\",\"target\":[\"http:\\\/\\\/vamosporlaliberacion.org\\\/crpmlm\\\/en-el-mismo-lodo-todos-imputados\\\/\"]}]},{\"@type\":\"ImageObject\",\"inLanguage\":\"es\",\"@id\":\"http:\\\/\\\/vamosporlaliberacion.org\\\/crpmlm\\\/en-el-mismo-lodo-todos-imputados\\\/#primaryimage\",\"url\":\"https:\\\/\\\/i0.wp.com\\\/vamosporlaliberacion.org\\\/crpmlm\\\/wp-content\\\/uploads\\\/2016\\\/04\\\/chiquero.jpg?fit=421%2C316&ssl=1\",\"contentUrl\":\"https:\\\/\\\/i0.wp.com\\\/vamosporlaliberacion.org\\\/crpmlm\\\/wp-content\\\/uploads\\\/2016\\\/04\\\/chiquero.jpg?fit=421%2C316&ssl=1\",\"width\":421,\"height\":316},{\"@type\":\"BreadcrumbList\",\"@id\":\"http:\\\/\\\/vamosporlaliberacion.org\\\/crpmlm\\\/en-el-mismo-lodo-todos-imputados\\\/#breadcrumb\",\"itemListElement\":[{\"@type\":\"ListItem\",\"position\":1,\"name\":\"Portada\",\"item\":\"https:\\\/\\\/vamosporlaliberacion.org\\\/crpmlm\\\/\"},{\"@type\":\"ListItem\",\"position\":2,\"name\":\"En el mismo lodo, todos imputados\"}]},{\"@type\":\"WebSite\",\"@id\":\"https:\\\/\\\/vamosporlaliberacion.org\\\/crpmlm\\\/#website\",\"url\":\"https:\\\/\\\/vamosporlaliberacion.org\\\/crpmlm\\\/\",\"name\":\"Vamos por la Liberaci\u00f3n\",\"description\":\"Prensa CR\",\"potentialAction\":[{\"@type\":\"SearchAction\",\"target\":{\"@type\":\"EntryPoint\",\"urlTemplate\":\"https:\\\/\\\/vamosporlaliberacion.org\\\/crpmlm\\\/?s={search_term_string}\"},\"query-input\":{\"@type\":\"PropertyValueSpecification\",\"valueRequired\":true,\"valueName\":\"search_term_string\"}}],\"inLanguage\":\"es\"},{\"@type\":\"Person\",\"@id\":\"\",\"url\":\"http:\\\/\\\/vamosporlaliberacion.org\\\/crpmlm\\\/author\\\/\"}]}<\/script>\n<!-- \/ Yoast SEO plugin. -->","yoast_head_json":{"title":"En el mismo lodo, todos imputados - Vamos por la Liberaci\u00f3n","robots":{"index":"index","follow":"follow","max-snippet":"max-snippet:-1","max-image-preview":"max-image-preview:large","max-video-preview":"max-video-preview:-1"},"canonical":"http:\/\/vamosporlaliberacion.org\/crpmlm\/en-el-mismo-lodo-todos-imputados\/","twitter_misc":{"Escrito por":"","Tiempo de lectura":"4 minutos"},"schema":{"@context":"https:\/\/schema.org","@graph":[{"@type":"Article","@id":"http:\/\/vamosporlaliberacion.org\/crpmlm\/en-el-mismo-lodo-todos-imputados\/#article","isPartOf":{"@id":"http:\/\/vamosporlaliberacion.org\/crpmlm\/en-el-mismo-lodo-todos-imputados\/"},"author":{"name":"","@id":""},"headline":"En el mismo lodo, todos imputados","datePublished":"2016-04-27T17:33:13+00:00","dateModified":"2016-04-28T13:32:00+00:00","mainEntityOfPage":{"@id":"http:\/\/vamosporlaliberacion.org\/crpmlm\/en-el-mismo-lodo-todos-imputados\/"},"wordCount":759,"commentCount":0,"image":{"@id":"http:\/\/vamosporlaliberacion.org\/crpmlm\/en-el-mismo-lodo-todos-imputados\/#primaryimage"},"thumbnailUrl":"https:\/\/i0.wp.com\/vamosporlaliberacion.org\/crpmlm\/wp-content\/uploads\/2016\/04\/chiquero.jpg?fit=421%2C316&ssl=1","keywords":["Cristina Fern\u00e1ndez de Kirchner","D\u00f3lar Futuro","Mauricio Macri","vxl 73"],"articleSection":["Noticias"],"inLanguage":"es","potentialAction":[{"@type":"CommentAction","name":"Comment","target":["http:\/\/vamosporlaliberacion.org\/crpmlm\/en-el-mismo-lodo-todos-imputados\/#respond"]}]},{"@type":"WebPage","@id":"http:\/\/vamosporlaliberacion.org\/crpmlm\/en-el-mismo-lodo-todos-imputados\/","url":"http:\/\/vamosporlaliberacion.org\/crpmlm\/en-el-mismo-lodo-todos-imputados\/","name":"En el mismo lodo, todos imputados - Vamos por la Liberaci\u00f3n","isPartOf":{"@id":"https:\/\/vamosporlaliberacion.org\/crpmlm\/#website"},"primaryImageOfPage":{"@id":"http:\/\/vamosporlaliberacion.org\/crpmlm\/en-el-mismo-lodo-todos-imputados\/#primaryimage"},"image":{"@id":"http:\/\/vamosporlaliberacion.org\/crpmlm\/en-el-mismo-lodo-todos-imputados\/#primaryimage"},"thumbnailUrl":"https:\/\/i0.wp.com\/vamosporlaliberacion.org\/crpmlm\/wp-content\/uploads\/2016\/04\/chiquero.jpg?fit=421%2C316&ssl=1","datePublished":"2016-04-27T17:33:13+00:00","dateModified":"2016-04-28T13:32:00+00:00","author":{"@id":""},"breadcrumb":{"@id":"http:\/\/vamosporlaliberacion.org\/crpmlm\/en-el-mismo-lodo-todos-imputados\/#breadcrumb"},"inLanguage":"es","potentialAction":[{"@type":"ReadAction","target":["http:\/\/vamosporlaliberacion.org\/crpmlm\/en-el-mismo-lodo-todos-imputados\/"]}]},{"@type":"ImageObject","inLanguage":"es","@id":"http:\/\/vamosporlaliberacion.org\/crpmlm\/en-el-mismo-lodo-todos-imputados\/#primaryimage","url":"https:\/\/i0.wp.com\/vamosporlaliberacion.org\/crpmlm\/wp-content\/uploads\/2016\/04\/chiquero.jpg?fit=421%2C316&ssl=1","contentUrl":"https:\/\/i0.wp.com\/vamosporlaliberacion.org\/crpmlm\/wp-content\/uploads\/2016\/04\/chiquero.jpg?fit=421%2C316&ssl=1","width":421,"height":316},{"@type":"BreadcrumbList","@id":"http:\/\/vamosporlaliberacion.org\/crpmlm\/en-el-mismo-lodo-todos-imputados\/#breadcrumb","itemListElement":[{"@type":"ListItem","position":1,"name":"Portada","item":"https:\/\/vamosporlaliberacion.org\/crpmlm\/"},{"@type":"ListItem","position":2,"name":"En el mismo lodo, todos imputados"}]},{"@type":"WebSite","@id":"https:\/\/vamosporlaliberacion.org\/crpmlm\/#website","url":"https:\/\/vamosporlaliberacion.org\/crpmlm\/","name":"Vamos por la Liberaci\u00f3n","description":"Prensa CR","potentialAction":[{"@type":"SearchAction","target":{"@type":"EntryPoint","urlTemplate":"https:\/\/vamosporlaliberacion.org\/crpmlm\/?s={search_term_string}"},"query-input":{"@type":"PropertyValueSpecification","valueRequired":true,"valueName":"search_term_string"}}],"inLanguage":"es"},{"@type":"Person","@id":"","url":"http:\/\/vamosporlaliberacion.org\/crpmlm\/author\/"}]}},"jetpack_featured_media_url":"https:\/\/i0.wp.com\/vamosporlaliberacion.org\/crpmlm\/wp-content\/uploads\/2016\/04\/chiquero.jpg?fit=421%2C316&ssl=1","jetpack_sharing_enabled":true,"_links":{"self":[{"href":"http:\/\/vamosporlaliberacion.org\/crpmlm\/wp-json\/wp\/v2\/posts\/5634","targetHints":{"allow":["GET"]}}],"collection":[{"href":"http:\/\/vamosporlaliberacion.org\/crpmlm\/wp-json\/wp\/v2\/posts"}],"about":[{"href":"http:\/\/vamosporlaliberacion.org\/crpmlm\/wp-json\/wp\/v2\/types\/post"}],"author":[{"embeddable":true,"href":"http:\/\/vamosporlaliberacion.org\/crpmlm\/wp-json\/wp\/v2\/users\/5"}],"replies":[{"embeddable":true,"href":"http:\/\/vamosporlaliberacion.org\/crpmlm\/wp-json\/wp\/v2\/comments?post=5634"}],"version-history":[{"count":0,"href":"http:\/\/vamosporlaliberacion.org\/crpmlm\/wp-json\/wp\/v2\/posts\/5634\/revisions"}],"wp:featuredmedia":[{"embeddable":true,"href":"http:\/\/vamosporlaliberacion.org\/crpmlm\/wp-json\/wp\/v2\/media\/5635"}],"wp:attachment":[{"href":"http:\/\/vamosporlaliberacion.org\/crpmlm\/wp-json\/wp\/v2\/media?parent=5634"}],"wp:term":[{"taxonomy":"category","embeddable":true,"href":"http:\/\/vamosporlaliberacion.org\/crpmlm\/wp-json\/wp\/v2\/categories?post=5634"},{"taxonomy":"post_tag","embeddable":true,"href":"http:\/\/vamosporlaliberacion.org\/crpmlm\/wp-json\/wp\/v2\/tags?post=5634"}],"curies":[{"name":"wp","href":"https:\/\/api.w.org\/{rel}","templated":true}]}}