{"id":5596,"date":"2016-04-17T16:22:16","date_gmt":"2016-04-17T16:22:16","guid":{"rendered":"http:\/\/vamosporlaliberacion.org\/crpmlm\/?p=5596"},"modified":"2016-04-17T16:22:16","modified_gmt":"2016-04-17T16:22:16","slug":"santiago-del-estero-corte-de-los-docentes-de-termas","status":"publish","type":"post","link":"http:\/\/vamosporlaliberacion.org\/crpmlm\/santiago-del-estero-corte-de-los-docentes-de-termas\/","title":{"rendered":"Santiago del Estero: corte de los docentes de Termas"},"content":{"rendered":"<p>Luego de las declaraciones de la ministra de Educaci\u00f3n santiague\u00f1a, que anunci\u00f3 que ser\u00edan contratados docentes para cubrir los lugares de los docentes de paro en Termas, la respuesta no se hizo esperar. Docentes y padres de la escuela Nro 673 de esa ciudad protagonizaron un abrazo al establecimiento. Los contratos ser\u00edan un nefasto antecedente de precarizaci\u00f3n que hasta el momento no hab\u00eda ocurrido en la provincia. Sumado a esto se produjo un episodio que gener\u00f3 aun m\u00e1s indignaci\u00f3n cuando una camioneta ocupada por vocales de la Junta del Consejo de Educaci\u00f3n avanz\u00f3 sobre una docente. La jornada cerr\u00f3 entonces con un nuevo corte de la ruta nacional 9. Los docentes siguen reclamando por la incorporaci\u00f3n al b\u00e1sico de las sumas en negro y contra los contratos.<\/p>\n<!-- AddThis Advanced Settings generic via filter on the_content --><!-- AddThis Share Buttons generic via filter on the_content -->","protected":false},"excerpt":{"rendered":"<p>Luego de las declaraciones de la ministra de Educaci\u00f3n santiague\u00f1a, que anunci\u00f3 que ser\u00edan contratados docentes para cubrir los lugares de los docentes de paro en Termas, la respuesta no se hizo esperar. Docentes y padres de la escuela Nro 673 de esa ciudad protagonizaron un abrazo al establecimiento. Los contratos ser\u00edan un nefasto antecedente [&hellip;]<!-- AddThis Advanced Settings generic via filter on get_the_excerpt --><!-- AddThis Share Buttons generic via filter on get_the_excerpt --><\/p>\n","protected":false},"author":5,"featured_media":5597,"comment_status":"open","ping_status":"open","sticky":false,"template":"","format":"standard","meta":{"_jetpack_memberships_contains_paid_content":false,"footnotes":""},"categories":[1699],"tags":[520,88,228,634],"class_list":{"0":"post-5596","1":"post","2":"type-post","3":"status-publish","4":"format-standard","5":"has-post-thumbnail","7":"category-noticias","8":"tag-destacado-2","9":"tag-docentes","10":"tag-santiago-del-estero","11":"tag-termas"},"yoast_head":"<!-- This site is optimized with the Yoast SEO plugin v27.4 - https:\/\/yoast.com\/product\/yoast-seo-wordpress\/ -->\n<title>Santiago del Estero: corte de los docentes de Termas - Vamos por la Liberaci\u00f3n<\/title>\n<meta name=\"robots\" content=\"index, follow, max-snippet:-1, max-image-preview:large, max-video-preview:-1\" \/>\n<link rel=\"canonical\" href=\"http:\/\/vamosporlaliberacion.org\/crpmlm\/santiago-del-estero-corte-de-los-docentes-de-termas\/\" \/>\n<meta name=\"twitter:label1\" content=\"Escrito por\" \/>\n\t<meta name=\"twitter:data1\" content=\"\" \/>\n\t<meta name=\"twitter:label2\" content=\"Tiempo de lectura\" \/>\n\t<meta name=\"twitter:data2\" content=\"1 minuto\" \/>\n<script type=\"application\/ld+json\" class=\"yoast-schema-graph\">{\"@context\":\"https:\\\/\\\/schema.org\",\"@graph\":[{\"@type\":\"Article\",\"@id\":\"http:\\\/\\\/vamosporlaliberacion.org\\\/crpmlm\\\/santiago-del-estero-corte-de-los-docentes-de-termas\\\/#article\",\"isPartOf\":{\"@id\":\"http:\\\/\\\/vamosporlaliberacion.org\\\/crpmlm\\\/santiago-del-estero-corte-de-los-docentes-de-termas\\\/\"},\"author\":{\"name\":\"\",\"@id\":\"\"},\"headline\":\"Santiago del Estero: corte de los docentes de Termas\",\"datePublished\":\"2016-04-17T16:22:16+00:00\",\"mainEntityOfPage\":{\"@id\":\"http:\\\/\\\/vamosporlaliberacion.org\\\/crpmlm\\\/santiago-del-estero-corte-de-los-docentes-de-termas\\\/\"},\"wordCount\":145,\"commentCount\":0,\"image\":{\"@id\":\"http:\\\/\\\/vamosporlaliberacion.org\\\/crpmlm\\\/santiago-del-estero-corte-de-los-docentes-de-termas\\\/#primaryimage\"},\"thumbnailUrl\":\"https:\\\/\\\/i0.wp.com\\\/vamosporlaliberacion.org\\\/crpmlm\\\/wp-content\\\/uploads\\\/2016\\\/04\\\/12974470_1610285315957341_4721419746815785309_n.jpg?fit=960%2C720&ssl=1\",\"keywords\":[\"destacado 2\",\"docentes\",\"Santiago del Estero\",\"Termas\"],\"articleSection\":[\"Noticias\"],\"inLanguage\":\"es\",\"potentialAction\":[{\"@type\":\"CommentAction\",\"name\":\"Comment\",\"target\":[\"http:\\\/\\\/vamosporlaliberacion.org\\\/crpmlm\\\/santiago-del-estero-corte-de-los-docentes-de-termas\\\/#respond\"]}]},{\"@type\":\"WebPage\",\"@id\":\"http:\\\/\\\/vamosporlaliberacion.org\\\/crpmlm\\\/santiago-del-estero-corte-de-los-docentes-de-termas\\\/\",\"url\":\"http:\\\/\\\/vamosporlaliberacion.org\\\/crpmlm\\\/santiago-del-estero-corte-de-los-docentes-de-termas\\\/\",\"name\":\"Santiago del Estero: corte de los docentes de Termas - Vamos por la Liberaci\u00f3n\",\"isPartOf\":{\"@id\":\"https:\\\/\\\/vamosporlaliberacion.org\\\/crpmlm\\\/#website\"},\"primaryImageOfPage\":{\"@id\":\"http:\\\/\\\/vamosporlaliberacion.org\\\/crpmlm\\\/santiago-del-estero-corte-de-los-docentes-de-termas\\\/#primaryimage\"},\"image\":{\"@id\":\"http:\\\/\\\/vamosporlaliberacion.org\\\/crpmlm\\\/santiago-del-estero-corte-de-los-docentes-de-termas\\\/#primaryimage\"},\"thumbnailUrl\":\"https:\\\/\\\/i0.wp.com\\\/vamosporlaliberacion.org\\\/crpmlm\\\/wp-content\\\/uploads\\\/2016\\\/04\\\/12974470_1610285315957341_4721419746815785309_n.jpg?fit=960%2C720&ssl=1\",\"datePublished\":\"2016-04-17T16:22:16+00:00\",\"author\":{\"@id\":\"\"},\"breadcrumb\":{\"@id\":\"http:\\\/\\\/vamosporlaliberacion.org\\\/crpmlm\\\/santiago-del-estero-corte-de-los-docentes-de-termas\\\/#breadcrumb\"},\"inLanguage\":\"es\",\"potentialAction\":[{\"@type\":\"ReadAction\",\"target\":[\"http:\\\/\\\/vamosporlaliberacion.org\\\/crpmlm\\\/santiago-del-estero-corte-de-los-docentes-de-termas\\\/\"]}]},{\"@type\":\"ImageObject\",\"inLanguage\":\"es\",\"@id\":\"http:\\\/\\\/vamosporlaliberacion.org\\\/crpmlm\\\/santiago-del-estero-corte-de-los-docentes-de-termas\\\/#primaryimage\",\"url\":\"https:\\\/\\\/i0.wp.com\\\/vamosporlaliberacion.org\\\/crpmlm\\\/wp-content\\\/uploads\\\/2016\\\/04\\\/12974470_1610285315957341_4721419746815785309_n.jpg?fit=960%2C720&ssl=1\",\"contentUrl\":\"https:\\\/\\\/i0.wp.com\\\/vamosporlaliberacion.org\\\/crpmlm\\\/wp-content\\\/uploads\\\/2016\\\/04\\\/12974470_1610285315957341_4721419746815785309_n.jpg?fit=960%2C720&ssl=1\",\"width\":960,\"height\":720},{\"@type\":\"BreadcrumbList\",\"@id\":\"http:\\\/\\\/vamosporlaliberacion.org\\\/crpmlm\\\/santiago-del-estero-corte-de-los-docentes-de-termas\\\/#breadcrumb\",\"itemListElement\":[{\"@type\":\"ListItem\",\"position\":1,\"name\":\"Portada\",\"item\":\"https:\\\/\\\/vamosporlaliberacion.org\\\/crpmlm\\\/\"},{\"@type\":\"ListItem\",\"position\":2,\"name\":\"Santiago del Estero: corte de los docentes de Termas\"}]},{\"@type\":\"WebSite\",\"@id\":\"https:\\\/\\\/vamosporlaliberacion.org\\\/crpmlm\\\/#website\",\"url\":\"https:\\\/\\\/vamosporlaliberacion.org\\\/crpmlm\\\/\",\"name\":\"Vamos por la Liberaci\u00f3n\",\"description\":\"Prensa CR\",\"potentialAction\":[{\"@type\":\"SearchAction\",\"target\":{\"@type\":\"EntryPoint\",\"urlTemplate\":\"https:\\\/\\\/vamosporlaliberacion.org\\\/crpmlm\\\/?s={search_term_string}\"},\"query-input\":{\"@type\":\"PropertyValueSpecification\",\"valueRequired\":true,\"valueName\":\"search_term_string\"}}],\"inLanguage\":\"es\"},{\"@type\":\"Person\",\"@id\":\"\",\"url\":\"http:\\\/\\\/vamosporlaliberacion.org\\\/crpmlm\\\/author\\\/\"}]}<\/script>\n<!-- \/ Yoast SEO plugin. -->","yoast_head_json":{"title":"Santiago del Estero: corte de los docentes de Termas - Vamos por la Liberaci\u00f3n","robots":{"index":"index","follow":"follow","max-snippet":"max-snippet:-1","max-image-preview":"max-image-preview:large","max-video-preview":"max-video-preview:-1"},"canonical":"http:\/\/vamosporlaliberacion.org\/crpmlm\/santiago-del-estero-corte-de-los-docentes-de-termas\/","twitter_misc":{"Escrito por":"","Tiempo de lectura":"1 minuto"},"schema":{"@context":"https:\/\/schema.org","@graph":[{"@type":"Article","@id":"http:\/\/vamosporlaliberacion.org\/crpmlm\/santiago-del-estero-corte-de-los-docentes-de-termas\/#article","isPartOf":{"@id":"http:\/\/vamosporlaliberacion.org\/crpmlm\/santiago-del-estero-corte-de-los-docentes-de-termas\/"},"author":{"name":"","@id":""},"headline":"Santiago del Estero: corte de los docentes de Termas","datePublished":"2016-04-17T16:22:16+00:00","mainEntityOfPage":{"@id":"http:\/\/vamosporlaliberacion.org\/crpmlm\/santiago-del-estero-corte-de-los-docentes-de-termas\/"},"wordCount":145,"commentCount":0,"image":{"@id":"http:\/\/vamosporlaliberacion.org\/crpmlm\/santiago-del-estero-corte-de-los-docentes-de-termas\/#primaryimage"},"thumbnailUrl":"https:\/\/i0.wp.com\/vamosporlaliberacion.org\/crpmlm\/wp-content\/uploads\/2016\/04\/12974470_1610285315957341_4721419746815785309_n.jpg?fit=960%2C720&ssl=1","keywords":["destacado 2","docentes","Santiago del Estero","Termas"],"articleSection":["Noticias"],"inLanguage":"es","potentialAction":[{"@type":"CommentAction","name":"Comment","target":["http:\/\/vamosporlaliberacion.org\/crpmlm\/santiago-del-estero-corte-de-los-docentes-de-termas\/#respond"]}]},{"@type":"WebPage","@id":"http:\/\/vamosporlaliberacion.org\/crpmlm\/santiago-del-estero-corte-de-los-docentes-de-termas\/","url":"http:\/\/vamosporlaliberacion.org\/crpmlm\/santiago-del-estero-corte-de-los-docentes-de-termas\/","name":"Santiago del Estero: corte de los docentes de Termas - Vamos por la Liberaci\u00f3n","isPartOf":{"@id":"https:\/\/vamosporlaliberacion.org\/crpmlm\/#website"},"primaryImageOfPage":{"@id":"http:\/\/vamosporlaliberacion.org\/crpmlm\/santiago-del-estero-corte-de-los-docentes-de-termas\/#primaryimage"},"image":{"@id":"http:\/\/vamosporlaliberacion.org\/crpmlm\/santiago-del-estero-corte-de-los-docentes-de-termas\/#primaryimage"},"thumbnailUrl":"https:\/\/i0.wp.com\/vamosporlaliberacion.org\/crpmlm\/wp-content\/uploads\/2016\/04\/12974470_1610285315957341_4721419746815785309_n.jpg?fit=960%2C720&ssl=1","datePublished":"2016-04-17T16:22:16+00:00","author":{"@id":""},"breadcrumb":{"@id":"http:\/\/vamosporlaliberacion.org\/crpmlm\/santiago-del-estero-corte-de-los-docentes-de-termas\/#breadcrumb"},"inLanguage":"es","potentialAction":[{"@type":"ReadAction","target":["http:\/\/vamosporlaliberacion.org\/crpmlm\/santiago-del-estero-corte-de-los-docentes-de-termas\/"]}]},{"@type":"ImageObject","inLanguage":"es","@id":"http:\/\/vamosporlaliberacion.org\/crpmlm\/santiago-del-estero-corte-de-los-docentes-de-termas\/#primaryimage","url":"https:\/\/i0.wp.com\/vamosporlaliberacion.org\/crpmlm\/wp-content\/uploads\/2016\/04\/12974470_1610285315957341_4721419746815785309_n.jpg?fit=960%2C720&ssl=1","contentUrl":"https:\/\/i0.wp.com\/vamosporlaliberacion.org\/crpmlm\/wp-content\/uploads\/2016\/04\/12974470_1610285315957341_4721419746815785309_n.jpg?fit=960%2C720&ssl=1","width":960,"height":720},{"@type":"BreadcrumbList","@id":"http:\/\/vamosporlaliberacion.org\/crpmlm\/santiago-del-estero-corte-de-los-docentes-de-termas\/#breadcrumb","itemListElement":[{"@type":"ListItem","position":1,"name":"Portada","item":"https:\/\/vamosporlaliberacion.org\/crpmlm\/"},{"@type":"ListItem","position":2,"name":"Santiago del Estero: corte de los docentes de Termas"}]},{"@type":"WebSite","@id":"https:\/\/vamosporlaliberacion.org\/crpmlm\/#website","url":"https:\/\/vamosporlaliberacion.org\/crpmlm\/","name":"Vamos por la Liberaci\u00f3n","description":"Prensa CR","potentialAction":[{"@type":"SearchAction","target":{"@type":"EntryPoint","urlTemplate":"https:\/\/vamosporlaliberacion.org\/crpmlm\/?s={search_term_string}"},"query-input":{"@type":"PropertyValueSpecification","valueRequired":true,"valueName":"search_term_string"}}],"inLanguage":"es"},{"@type":"Person","@id":"","url":"http:\/\/vamosporlaliberacion.org\/crpmlm\/author\/"}]}},"jetpack_featured_media_url":"https:\/\/i0.wp.com\/vamosporlaliberacion.org\/crpmlm\/wp-content\/uploads\/2016\/04\/12974470_1610285315957341_4721419746815785309_n.jpg?fit=960%2C720&ssl=1","jetpack_sharing_enabled":true,"_links":{"self":[{"href":"http:\/\/vamosporlaliberacion.org\/crpmlm\/wp-json\/wp\/v2\/posts\/5596","targetHints":{"allow":["GET"]}}],"collection":[{"href":"http:\/\/vamosporlaliberacion.org\/crpmlm\/wp-json\/wp\/v2\/posts"}],"about":[{"href":"http:\/\/vamosporlaliberacion.org\/crpmlm\/wp-json\/wp\/v2\/types\/post"}],"author":[{"embeddable":true,"href":"http:\/\/vamosporlaliberacion.org\/crpmlm\/wp-json\/wp\/v2\/users\/5"}],"replies":[{"embeddable":true,"href":"http:\/\/vamosporlaliberacion.org\/crpmlm\/wp-json\/wp\/v2\/comments?post=5596"}],"version-history":[{"count":0,"href":"http:\/\/vamosporlaliberacion.org\/crpmlm\/wp-json\/wp\/v2\/posts\/5596\/revisions"}],"wp:featuredmedia":[{"embeddable":true,"href":"http:\/\/vamosporlaliberacion.org\/crpmlm\/wp-json\/wp\/v2\/media\/5597"}],"wp:attachment":[{"href":"http:\/\/vamosporlaliberacion.org\/crpmlm\/wp-json\/wp\/v2\/media?parent=5596"}],"wp:term":[{"taxonomy":"category","embeddable":true,"href":"http:\/\/vamosporlaliberacion.org\/crpmlm\/wp-json\/wp\/v2\/categories?post=5596"},{"taxonomy":"post_tag","embeddable":true,"href":"http:\/\/vamosporlaliberacion.org\/crpmlm\/wp-json\/wp\/v2\/tags?post=5596"}],"curies":[{"name":"wp","href":"https:\/\/api.w.org\/{rel}","templated":true}]}}