{"id":5476,"date":"2016-04-13T04:57:10","date_gmt":"2016-04-13T04:57:10","guid":{"rendered":"http:\/\/vamosporlaliberacion.org\/crpmlm\/?p=5476"},"modified":"2016-04-13T14:40:12","modified_gmt":"2016-04-13T14:40:12","slug":"paros-nacionales-de-docentes-universitarios","status":"publish","type":"post","link":"http:\/\/vamosporlaliberacion.org\/crpmlm\/paros-nacionales-de-docentes-universitarios\/","title":{"rendered":"Paros nacionales de docentes universitarios"},"content":{"rendered":"<p>Nuestros salarios siguen deterior\u00e1ndose brutalmente mes a mes tras la mega devaluaci\u00f3n, la inflaci\u00f3n y los tarifazos del gobierno de \u201ccambiemos\u201d. La paritaria 2015 acordada entre las federaciones afines al anterior gobierno nacional apenas lleg\u00f3 a un 22% anualizado. La \u00faltima cuota (1,5%) la cobramos en noviembre y el \u201cacuerdo\u201d (rechazado el a\u00f1o pasado por la Conadu Hist\u00f3rica) es hasta junio\u2026<\/p>\n<p>En este contexto el gobierno de Macri ofreci\u00f3 un 25% de \u201caumento\u201d salarial en dos cuotas: 15% a partir del 1\/5 (a cobrar en junio) y llegar al 25% a partir del 1\/8 (a cobrar en septiembre). Esta \u201coferta\u201d del gobierno es una verdadera provocaci\u00f3n y est\u00e1 muy lejos del reclamo nacional de 45% de recomposici\u00f3n salarial.<\/p>\n<p><strong>El plan de lucha<br \/>\n<\/strong><br \/>\nLa ConaduH viene desplegando un plan de lucha que arranc\u00f3 con paros el 29 y 30 de marzo, montando adem\u00e1s una carpa frente al Ministerio de Educaci\u00f3n el 30, a la que se sum\u00f3 la Conadu que tambi\u00e9n llam\u00f3 a parar ese d\u00eda. Tambi\u00e9n par\u00f3 FEDUN, confluyendo as\u00ed en una medida las tres federaciones nacionales, algo que no se daba desde el 2005.<\/p>\n<p>El 4 de abril la ConaduH confluy\u00f3 en el paro y la movilizaci\u00f3n con el resto de los niveles educativos en conmemoraci\u00f3n del asesinato de Fuentealba. Ambos paros tuvieron muy alta adhesi\u00f3n a nivel nacional, especialmente el del 4 de abril.<\/p>\n<p>Esta semana el plan de lucha de la ConaduH sigue con un paro este mi\u00e9rcoles 13, jueves 14 y viernes 15. El viernes tambi\u00e9n habr\u00e1 una carpa frente al Ministerio y sesionar\u00e1 el Congreso de la Federaci\u00f3n para resolver c\u00f3mo sigue la lucha de no haber respuesta satisfactoria por parte del gobierno. Ese d\u00eda tambi\u00e9n se sumar\u00e1n al paro las otras dos federaciones.<\/p>\n<p>Hay buenas condiciones para unir al conjunto de los docentes masificando y profundizando la lucha, apoy\u00e1ndonos en el descontento que se expresa en muchos lugares frente a la pol\u00edtica del gobierno de Macri.<\/p>\n<!-- AddThis Advanced Settings generic via filter on the_content --><!-- AddThis Share Buttons generic via filter on the_content -->","protected":false},"excerpt":{"rendered":"<p>Nuestros salarios siguen deterior\u00e1ndose brutalmente mes a mes tras la mega devaluaci\u00f3n, la inflaci\u00f3n y los tarifazos del gobierno de \u201ccambiemos\u201d. La paritaria 2015 acordada entre las federaciones afines al anterior gobierno nacional apenas lleg\u00f3 a un 22% anualizado. La \u00faltima cuota (1,5%) la cobramos en noviembre y el \u201cacuerdo\u201d (rechazado el a\u00f1o pasado por [&hellip;]<!-- AddThis Advanced Settings generic via filter on get_the_excerpt --><!-- AddThis Share Buttons generic via filter on get_the_excerpt --><\/p>\n","protected":false},"author":5,"featured_media":5520,"comment_status":"open","ping_status":"open","sticky":false,"template":"","format":"standard","meta":{"_jetpack_memberships_contains_paid_content":false,"footnotes":""},"categories":[1699],"tags":[621,542,620,609],"class_list":{"0":"post-5476","1":"post","2":"type-post","3":"status-publish","4":"format-standard","5":"has-post-thumbnail","7":"category-noticias","8":"tag-conadu-historica","9":"tag-paritarias","10":"tag-paro-nacional","11":"tag-vxl-72"},"yoast_head":"<!-- This site is optimized with the Yoast SEO plugin v27.4 - https:\/\/yoast.com\/product\/yoast-seo-wordpress\/ -->\n<title>Paros nacionales de docentes universitarios - Vamos por la Liberaci\u00f3n<\/title>\n<meta name=\"robots\" content=\"index, follow, max-snippet:-1, max-image-preview:large, max-video-preview:-1\" \/>\n<link rel=\"canonical\" href=\"http:\/\/vamosporlaliberacion.org\/crpmlm\/paros-nacionales-de-docentes-universitarios\/\" \/>\n<meta name=\"twitter:label1\" content=\"Escrito por\" \/>\n\t<meta name=\"twitter:data1\" content=\"\" \/>\n\t<meta name=\"twitter:label2\" content=\"Tiempo de lectura\" \/>\n\t<meta name=\"twitter:data2\" content=\"2 minutos\" \/>\n<script type=\"application\/ld+json\" class=\"yoast-schema-graph\">{\"@context\":\"https:\\\/\\\/schema.org\",\"@graph\":[{\"@type\":\"Article\",\"@id\":\"http:\\\/\\\/vamosporlaliberacion.org\\\/crpmlm\\\/paros-nacionales-de-docentes-universitarios\\\/#article\",\"isPartOf\":{\"@id\":\"http:\\\/\\\/vamosporlaliberacion.org\\\/crpmlm\\\/paros-nacionales-de-docentes-universitarios\\\/\"},\"author\":{\"name\":\"\",\"@id\":\"\"},\"headline\":\"Paros nacionales de docentes universitarios\",\"datePublished\":\"2016-04-13T04:57:10+00:00\",\"dateModified\":\"2016-04-13T14:40:12+00:00\",\"mainEntityOfPage\":{\"@id\":\"http:\\\/\\\/vamosporlaliberacion.org\\\/crpmlm\\\/paros-nacionales-de-docentes-universitarios\\\/\"},\"wordCount\":333,\"commentCount\":0,\"image\":{\"@id\":\"http:\\\/\\\/vamosporlaliberacion.org\\\/crpmlm\\\/paros-nacionales-de-docentes-universitarios\\\/#primaryimage\"},\"thumbnailUrl\":\"https:\\\/\\\/i0.wp.com\\\/vamosporlaliberacion.org\\\/crpmlm\\\/wp-content\\\/uploads\\\/2016\\\/04\\\/paro-conadu.jpg?fit=696%2C469&ssl=1\",\"keywords\":[\"CONADU Hist\u00f3rica\",\"paritarias\",\"paro nacional\",\"vxl 72\"],\"articleSection\":[\"Noticias\"],\"inLanguage\":\"es\",\"potentialAction\":[{\"@type\":\"CommentAction\",\"name\":\"Comment\",\"target\":[\"http:\\\/\\\/vamosporlaliberacion.org\\\/crpmlm\\\/paros-nacionales-de-docentes-universitarios\\\/#respond\"]}]},{\"@type\":\"WebPage\",\"@id\":\"http:\\\/\\\/vamosporlaliberacion.org\\\/crpmlm\\\/paros-nacionales-de-docentes-universitarios\\\/\",\"url\":\"http:\\\/\\\/vamosporlaliberacion.org\\\/crpmlm\\\/paros-nacionales-de-docentes-universitarios\\\/\",\"name\":\"Paros nacionales de docentes universitarios - Vamos por la Liberaci\u00f3n\",\"isPartOf\":{\"@id\":\"https:\\\/\\\/vamosporlaliberacion.org\\\/crpmlm\\\/#website\"},\"primaryImageOfPage\":{\"@id\":\"http:\\\/\\\/vamosporlaliberacion.org\\\/crpmlm\\\/paros-nacionales-de-docentes-universitarios\\\/#primaryimage\"},\"image\":{\"@id\":\"http:\\\/\\\/vamosporlaliberacion.org\\\/crpmlm\\\/paros-nacionales-de-docentes-universitarios\\\/#primaryimage\"},\"thumbnailUrl\":\"https:\\\/\\\/i0.wp.com\\\/vamosporlaliberacion.org\\\/crpmlm\\\/wp-content\\\/uploads\\\/2016\\\/04\\\/paro-conadu.jpg?fit=696%2C469&ssl=1\",\"datePublished\":\"2016-04-13T04:57:10+00:00\",\"dateModified\":\"2016-04-13T14:40:12+00:00\",\"author\":{\"@id\":\"\"},\"breadcrumb\":{\"@id\":\"http:\\\/\\\/vamosporlaliberacion.org\\\/crpmlm\\\/paros-nacionales-de-docentes-universitarios\\\/#breadcrumb\"},\"inLanguage\":\"es\",\"potentialAction\":[{\"@type\":\"ReadAction\",\"target\":[\"http:\\\/\\\/vamosporlaliberacion.org\\\/crpmlm\\\/paros-nacionales-de-docentes-universitarios\\\/\"]}]},{\"@type\":\"ImageObject\",\"inLanguage\":\"es\",\"@id\":\"http:\\\/\\\/vamosporlaliberacion.org\\\/crpmlm\\\/paros-nacionales-de-docentes-universitarios\\\/#primaryimage\",\"url\":\"https:\\\/\\\/i0.wp.com\\\/vamosporlaliberacion.org\\\/crpmlm\\\/wp-content\\\/uploads\\\/2016\\\/04\\\/paro-conadu.jpg?fit=696%2C469&ssl=1\",\"contentUrl\":\"https:\\\/\\\/i0.wp.com\\\/vamosporlaliberacion.org\\\/crpmlm\\\/wp-content\\\/uploads\\\/2016\\\/04\\\/paro-conadu.jpg?fit=696%2C469&ssl=1\",\"width\":696,\"height\":469},{\"@type\":\"BreadcrumbList\",\"@id\":\"http:\\\/\\\/vamosporlaliberacion.org\\\/crpmlm\\\/paros-nacionales-de-docentes-universitarios\\\/#breadcrumb\",\"itemListElement\":[{\"@type\":\"ListItem\",\"position\":1,\"name\":\"Portada\",\"item\":\"https:\\\/\\\/vamosporlaliberacion.org\\\/crpmlm\\\/\"},{\"@type\":\"ListItem\",\"position\":2,\"name\":\"Paros nacionales de docentes universitarios\"}]},{\"@type\":\"WebSite\",\"@id\":\"https:\\\/\\\/vamosporlaliberacion.org\\\/crpmlm\\\/#website\",\"url\":\"https:\\\/\\\/vamosporlaliberacion.org\\\/crpmlm\\\/\",\"name\":\"Vamos por la Liberaci\u00f3n\",\"description\":\"Prensa CR\",\"potentialAction\":[{\"@type\":\"SearchAction\",\"target\":{\"@type\":\"EntryPoint\",\"urlTemplate\":\"https:\\\/\\\/vamosporlaliberacion.org\\\/crpmlm\\\/?s={search_term_string}\"},\"query-input\":{\"@type\":\"PropertyValueSpecification\",\"valueRequired\":true,\"valueName\":\"search_term_string\"}}],\"inLanguage\":\"es\"},{\"@type\":\"Person\",\"@id\":\"\",\"url\":\"http:\\\/\\\/vamosporlaliberacion.org\\\/crpmlm\\\/author\\\/\"}]}<\/script>\n<!-- \/ Yoast SEO plugin. -->","yoast_head_json":{"title":"Paros nacionales de docentes universitarios - Vamos por la Liberaci\u00f3n","robots":{"index":"index","follow":"follow","max-snippet":"max-snippet:-1","max-image-preview":"max-image-preview:large","max-video-preview":"max-video-preview:-1"},"canonical":"http:\/\/vamosporlaliberacion.org\/crpmlm\/paros-nacionales-de-docentes-universitarios\/","twitter_misc":{"Escrito por":"","Tiempo de lectura":"2 minutos"},"schema":{"@context":"https:\/\/schema.org","@graph":[{"@type":"Article","@id":"http:\/\/vamosporlaliberacion.org\/crpmlm\/paros-nacionales-de-docentes-universitarios\/#article","isPartOf":{"@id":"http:\/\/vamosporlaliberacion.org\/crpmlm\/paros-nacionales-de-docentes-universitarios\/"},"author":{"name":"","@id":""},"headline":"Paros nacionales de docentes universitarios","datePublished":"2016-04-13T04:57:10+00:00","dateModified":"2016-04-13T14:40:12+00:00","mainEntityOfPage":{"@id":"http:\/\/vamosporlaliberacion.org\/crpmlm\/paros-nacionales-de-docentes-universitarios\/"},"wordCount":333,"commentCount":0,"image":{"@id":"http:\/\/vamosporlaliberacion.org\/crpmlm\/paros-nacionales-de-docentes-universitarios\/#primaryimage"},"thumbnailUrl":"https:\/\/i0.wp.com\/vamosporlaliberacion.org\/crpmlm\/wp-content\/uploads\/2016\/04\/paro-conadu.jpg?fit=696%2C469&ssl=1","keywords":["CONADU Hist\u00f3rica","paritarias","paro nacional","vxl 72"],"articleSection":["Noticias"],"inLanguage":"es","potentialAction":[{"@type":"CommentAction","name":"Comment","target":["http:\/\/vamosporlaliberacion.org\/crpmlm\/paros-nacionales-de-docentes-universitarios\/#respond"]}]},{"@type":"WebPage","@id":"http:\/\/vamosporlaliberacion.org\/crpmlm\/paros-nacionales-de-docentes-universitarios\/","url":"http:\/\/vamosporlaliberacion.org\/crpmlm\/paros-nacionales-de-docentes-universitarios\/","name":"Paros nacionales de docentes universitarios - Vamos por la Liberaci\u00f3n","isPartOf":{"@id":"https:\/\/vamosporlaliberacion.org\/crpmlm\/#website"},"primaryImageOfPage":{"@id":"http:\/\/vamosporlaliberacion.org\/crpmlm\/paros-nacionales-de-docentes-universitarios\/#primaryimage"},"image":{"@id":"http:\/\/vamosporlaliberacion.org\/crpmlm\/paros-nacionales-de-docentes-universitarios\/#primaryimage"},"thumbnailUrl":"https:\/\/i0.wp.com\/vamosporlaliberacion.org\/crpmlm\/wp-content\/uploads\/2016\/04\/paro-conadu.jpg?fit=696%2C469&ssl=1","datePublished":"2016-04-13T04:57:10+00:00","dateModified":"2016-04-13T14:40:12+00:00","author":{"@id":""},"breadcrumb":{"@id":"http:\/\/vamosporlaliberacion.org\/crpmlm\/paros-nacionales-de-docentes-universitarios\/#breadcrumb"},"inLanguage":"es","potentialAction":[{"@type":"ReadAction","target":["http:\/\/vamosporlaliberacion.org\/crpmlm\/paros-nacionales-de-docentes-universitarios\/"]}]},{"@type":"ImageObject","inLanguage":"es","@id":"http:\/\/vamosporlaliberacion.org\/crpmlm\/paros-nacionales-de-docentes-universitarios\/#primaryimage","url":"https:\/\/i0.wp.com\/vamosporlaliberacion.org\/crpmlm\/wp-content\/uploads\/2016\/04\/paro-conadu.jpg?fit=696%2C469&ssl=1","contentUrl":"https:\/\/i0.wp.com\/vamosporlaliberacion.org\/crpmlm\/wp-content\/uploads\/2016\/04\/paro-conadu.jpg?fit=696%2C469&ssl=1","width":696,"height":469},{"@type":"BreadcrumbList","@id":"http:\/\/vamosporlaliberacion.org\/crpmlm\/paros-nacionales-de-docentes-universitarios\/#breadcrumb","itemListElement":[{"@type":"ListItem","position":1,"name":"Portada","item":"https:\/\/vamosporlaliberacion.org\/crpmlm\/"},{"@type":"ListItem","position":2,"name":"Paros nacionales de docentes universitarios"}]},{"@type":"WebSite","@id":"https:\/\/vamosporlaliberacion.org\/crpmlm\/#website","url":"https:\/\/vamosporlaliberacion.org\/crpmlm\/","name":"Vamos por la Liberaci\u00f3n","description":"Prensa CR","potentialAction":[{"@type":"SearchAction","target":{"@type":"EntryPoint","urlTemplate":"https:\/\/vamosporlaliberacion.org\/crpmlm\/?s={search_term_string}"},"query-input":{"@type":"PropertyValueSpecification","valueRequired":true,"valueName":"search_term_string"}}],"inLanguage":"es"},{"@type":"Person","@id":"","url":"http:\/\/vamosporlaliberacion.org\/crpmlm\/author\/"}]}},"jetpack_featured_media_url":"https:\/\/i0.wp.com\/vamosporlaliberacion.org\/crpmlm\/wp-content\/uploads\/2016\/04\/paro-conadu.jpg?fit=696%2C469&ssl=1","jetpack_sharing_enabled":true,"_links":{"self":[{"href":"http:\/\/vamosporlaliberacion.org\/crpmlm\/wp-json\/wp\/v2\/posts\/5476","targetHints":{"allow":["GET"]}}],"collection":[{"href":"http:\/\/vamosporlaliberacion.org\/crpmlm\/wp-json\/wp\/v2\/posts"}],"about":[{"href":"http:\/\/vamosporlaliberacion.org\/crpmlm\/wp-json\/wp\/v2\/types\/post"}],"author":[{"embeddable":true,"href":"http:\/\/vamosporlaliberacion.org\/crpmlm\/wp-json\/wp\/v2\/users\/5"}],"replies":[{"embeddable":true,"href":"http:\/\/vamosporlaliberacion.org\/crpmlm\/wp-json\/wp\/v2\/comments?post=5476"}],"version-history":[{"count":0,"href":"http:\/\/vamosporlaliberacion.org\/crpmlm\/wp-json\/wp\/v2\/posts\/5476\/revisions"}],"wp:featuredmedia":[{"embeddable":true,"href":"http:\/\/vamosporlaliberacion.org\/crpmlm\/wp-json\/wp\/v2\/media\/5520"}],"wp:attachment":[{"href":"http:\/\/vamosporlaliberacion.org\/crpmlm\/wp-json\/wp\/v2\/media?parent=5476"}],"wp:term":[{"taxonomy":"category","embeddable":true,"href":"http:\/\/vamosporlaliberacion.org\/crpmlm\/wp-json\/wp\/v2\/categories?post=5476"},{"taxonomy":"post_tag","embeddable":true,"href":"http:\/\/vamosporlaliberacion.org\/crpmlm\/wp-json\/wp\/v2\/tags?post=5476"}],"curies":[{"name":"wp","href":"https:\/\/api.w.org\/{rel}","templated":true}]}}