{"id":5474,"date":"2016-04-13T04:55:55","date_gmt":"2016-04-13T04:55:55","guid":{"rendered":"http:\/\/vamosporlaliberacion.org\/crpmlm\/?p=5474"},"modified":"2016-04-13T04:55:55","modified_gmt":"2016-04-13T04:55:55","slug":"4-de-abril-fue-masivo-el-paro-nacional-docente","status":"publish","type":"post","link":"http:\/\/vamosporlaliberacion.org\/crpmlm\/4-de-abril-fue-masivo-el-paro-nacional-docente\/","title":{"rendered":"4 de Abril: Fue masivo el paro nacional docente"},"content":{"rendered":"<p>El pasado 4 de abril, en un nuevo aniversario del asesinato del docente Carlos Fuentealba, se cumpli\u00f3 el paro nacional dispuesto por la CTERA por justicia y en apoyo a los conflictos que a\u00fan se mantienen abiertos en las provincias como ocurre en Tierra del Fuego y Santiago del Estero.<\/p>\n<p>En Cipolletti, R\u00edo Negro, el paro tuvo un gran acatamiento cercano al 98%. Desde UNTER Cipolletti, a la exigencia de justicia por el compa\u00f1ero docente Carlos Fuentealba asesinado en 2007 por la polic\u00eda de Neuqu\u00e9n en un corte de ruta, se sum\u00f3 el reclamo contra el ajuste de los gobiernos nacional y provincial. Luego del acto realizado en la rotonda de esa ciudad, donde confluyeron varias seccionales y la conducci\u00f3n central de UNTER, adem\u00e1s de otras organizaciones sociales y pol\u00edticas, marchamos hacia los puentes carreteros realizando un corte parcial en los mismos. <\/p>\n<p>Movilizados en micros, combis y autos, viajaron luego al centro de la ciudad de Neuqu\u00e9n para participar de la marcha organizada por ATEN exigiendo: c\u00e1rcel ya al responsable pol\u00edtico del asesinato del docente, el ex gobernador del MPN Jorge Sobich. Adem\u00e1s se hicieron presentes otros sindicatos, organizaciones de derechos humanos, sociales y pol\u00edticas en una marcha que se extendi\u00f3 por m\u00e1s de diez cuadras y finaliz\u00f3 con un acto frente a la casa de gobierno de Neuqu\u00e9n.<\/p>\n<p>En la Capital Federal miles de docentes se movilizaron frente al Ministerio de Educaci\u00f3n de la Naci\u00f3n y hubo alto acatamiento tambi\u00e9n en la provincia de Buenos Aires.<\/p>\n<p>Mientras se mantienen fuertes conflictos en algunas provincias, con el correr de los d\u00edas va corriendo tambi\u00e9n la inflaci\u00f3n que deja planteada la necesidad de reabrir las paritarias en los regionales que se hab\u00eda llegado a un acuerdo. A inicios de a\u00f1o se rompi\u00f3 el techo del 25% que pretendi\u00f3 imponer el macrismo; pero lo que no mostr\u00f3 techo es el aumento de los precios. Por eso, urge un plan de lucha nacional de la docencia. <\/p>\n<!-- AddThis Advanced Settings generic via filter on the_content --><!-- AddThis Share Buttons generic via filter on the_content -->","protected":false},"excerpt":{"rendered":"<p>El pasado 4 de abril, en un nuevo aniversario del asesinato del docente Carlos Fuentealba, se cumpli\u00f3 el paro nacional dispuesto por la CTERA por justicia y en apoyo a los conflictos que a\u00fan se mantienen abiertos en las provincias como ocurre en Tierra del Fuego y Santiago del Estero. En Cipolletti, R\u00edo Negro, el [&hellip;]<!-- AddThis Advanced Settings generic via filter on get_the_excerpt --><!-- AddThis Share Buttons generic via filter on get_the_excerpt --><\/p>\n","protected":false},"author":5,"featured_media":5433,"comment_status":"open","ping_status":"open","sticky":false,"template":"","format":"standard","meta":{"_jetpack_memberships_contains_paid_content":false,"footnotes":""},"categories":[1699],"tags":[594,542,620,609],"class_list":{"0":"post-5474","1":"post","2":"type-post","3":"status-publish","4":"format-standard","5":"has-post-thumbnail","7":"category-noticias","8":"tag-carlos-fuentealba","9":"tag-paritarias","10":"tag-paro-nacional","11":"tag-vxl-72"},"yoast_head":"<!-- This site is optimized with the Yoast SEO plugin v27.4 - https:\/\/yoast.com\/product\/yoast-seo-wordpress\/ -->\n<title>4 de Abril: Fue masivo el paro nacional docente - Vamos por la Liberaci\u00f3n<\/title>\n<meta name=\"robots\" content=\"index, follow, max-snippet:-1, max-image-preview:large, max-video-preview:-1\" \/>\n<link rel=\"canonical\" href=\"http:\/\/vamosporlaliberacion.org\/crpmlm\/4-de-abril-fue-masivo-el-paro-nacional-docente\/\" \/>\n<meta name=\"twitter:label1\" content=\"Escrito por\" \/>\n\t<meta name=\"twitter:data1\" content=\"\" \/>\n\t<meta name=\"twitter:label2\" content=\"Tiempo de lectura\" \/>\n\t<meta name=\"twitter:data2\" content=\"2 minutos\" \/>\n<script type=\"application\/ld+json\" class=\"yoast-schema-graph\">{\"@context\":\"https:\\\/\\\/schema.org\",\"@graph\":[{\"@type\":\"Article\",\"@id\":\"http:\\\/\\\/vamosporlaliberacion.org\\\/crpmlm\\\/4-de-abril-fue-masivo-el-paro-nacional-docente\\\/#article\",\"isPartOf\":{\"@id\":\"http:\\\/\\\/vamosporlaliberacion.org\\\/crpmlm\\\/4-de-abril-fue-masivo-el-paro-nacional-docente\\\/\"},\"author\":{\"name\":\"\",\"@id\":\"\"},\"headline\":\"4 de Abril: Fue masivo el paro nacional docente\",\"datePublished\":\"2016-04-13T04:55:55+00:00\",\"mainEntityOfPage\":{\"@id\":\"http:\\\/\\\/vamosporlaliberacion.org\\\/crpmlm\\\/4-de-abril-fue-masivo-el-paro-nacional-docente\\\/\"},\"wordCount\":350,\"commentCount\":0,\"image\":{\"@id\":\"http:\\\/\\\/vamosporlaliberacion.org\\\/crpmlm\\\/4-de-abril-fue-masivo-el-paro-nacional-docente\\\/#primaryimage\"},\"thumbnailUrl\":\"https:\\\/\\\/i0.wp.com\\\/vamosporlaliberacion.org\\\/crpmlm\\\/wp-content\\\/uploads\\\/2016\\\/04\\\/4.jpg?fit=696%2C469&ssl=1\",\"keywords\":[\"Carlos Fuentealba\",\"paritarias\",\"paro nacional\",\"vxl 72\"],\"articleSection\":[\"Noticias\"],\"inLanguage\":\"es\",\"potentialAction\":[{\"@type\":\"CommentAction\",\"name\":\"Comment\",\"target\":[\"http:\\\/\\\/vamosporlaliberacion.org\\\/crpmlm\\\/4-de-abril-fue-masivo-el-paro-nacional-docente\\\/#respond\"]}]},{\"@type\":\"WebPage\",\"@id\":\"http:\\\/\\\/vamosporlaliberacion.org\\\/crpmlm\\\/4-de-abril-fue-masivo-el-paro-nacional-docente\\\/\",\"url\":\"http:\\\/\\\/vamosporlaliberacion.org\\\/crpmlm\\\/4-de-abril-fue-masivo-el-paro-nacional-docente\\\/\",\"name\":\"4 de Abril: Fue masivo el paro nacional docente - Vamos por la Liberaci\u00f3n\",\"isPartOf\":{\"@id\":\"https:\\\/\\\/vamosporlaliberacion.org\\\/crpmlm\\\/#website\"},\"primaryImageOfPage\":{\"@id\":\"http:\\\/\\\/vamosporlaliberacion.org\\\/crpmlm\\\/4-de-abril-fue-masivo-el-paro-nacional-docente\\\/#primaryimage\"},\"image\":{\"@id\":\"http:\\\/\\\/vamosporlaliberacion.org\\\/crpmlm\\\/4-de-abril-fue-masivo-el-paro-nacional-docente\\\/#primaryimage\"},\"thumbnailUrl\":\"https:\\\/\\\/i0.wp.com\\\/vamosporlaliberacion.org\\\/crpmlm\\\/wp-content\\\/uploads\\\/2016\\\/04\\\/4.jpg?fit=696%2C469&ssl=1\",\"datePublished\":\"2016-04-13T04:55:55+00:00\",\"author\":{\"@id\":\"\"},\"breadcrumb\":{\"@id\":\"http:\\\/\\\/vamosporlaliberacion.org\\\/crpmlm\\\/4-de-abril-fue-masivo-el-paro-nacional-docente\\\/#breadcrumb\"},\"inLanguage\":\"es\",\"potentialAction\":[{\"@type\":\"ReadAction\",\"target\":[\"http:\\\/\\\/vamosporlaliberacion.org\\\/crpmlm\\\/4-de-abril-fue-masivo-el-paro-nacional-docente\\\/\"]}]},{\"@type\":\"ImageObject\",\"inLanguage\":\"es\",\"@id\":\"http:\\\/\\\/vamosporlaliberacion.org\\\/crpmlm\\\/4-de-abril-fue-masivo-el-paro-nacional-docente\\\/#primaryimage\",\"url\":\"https:\\\/\\\/i0.wp.com\\\/vamosporlaliberacion.org\\\/crpmlm\\\/wp-content\\\/uploads\\\/2016\\\/04\\\/4.jpg?fit=696%2C469&ssl=1\",\"contentUrl\":\"https:\\\/\\\/i0.wp.com\\\/vamosporlaliberacion.org\\\/crpmlm\\\/wp-content\\\/uploads\\\/2016\\\/04\\\/4.jpg?fit=696%2C469&ssl=1\",\"width\":696,\"height\":469},{\"@type\":\"BreadcrumbList\",\"@id\":\"http:\\\/\\\/vamosporlaliberacion.org\\\/crpmlm\\\/4-de-abril-fue-masivo-el-paro-nacional-docente\\\/#breadcrumb\",\"itemListElement\":[{\"@type\":\"ListItem\",\"position\":1,\"name\":\"Portada\",\"item\":\"https:\\\/\\\/vamosporlaliberacion.org\\\/crpmlm\\\/\"},{\"@type\":\"ListItem\",\"position\":2,\"name\":\"4 de Abril: Fue masivo el paro nacional docente\"}]},{\"@type\":\"WebSite\",\"@id\":\"https:\\\/\\\/vamosporlaliberacion.org\\\/crpmlm\\\/#website\",\"url\":\"https:\\\/\\\/vamosporlaliberacion.org\\\/crpmlm\\\/\",\"name\":\"Vamos por la Liberaci\u00f3n\",\"description\":\"Prensa CR\",\"potentialAction\":[{\"@type\":\"SearchAction\",\"target\":{\"@type\":\"EntryPoint\",\"urlTemplate\":\"https:\\\/\\\/vamosporlaliberacion.org\\\/crpmlm\\\/?s={search_term_string}\"},\"query-input\":{\"@type\":\"PropertyValueSpecification\",\"valueRequired\":true,\"valueName\":\"search_term_string\"}}],\"inLanguage\":\"es\"},{\"@type\":\"Person\",\"@id\":\"\",\"url\":\"http:\\\/\\\/vamosporlaliberacion.org\\\/crpmlm\\\/author\\\/\"}]}<\/script>\n<!-- \/ Yoast SEO plugin. -->","yoast_head_json":{"title":"4 de Abril: Fue masivo el paro nacional docente - Vamos por la Liberaci\u00f3n","robots":{"index":"index","follow":"follow","max-snippet":"max-snippet:-1","max-image-preview":"max-image-preview:large","max-video-preview":"max-video-preview:-1"},"canonical":"http:\/\/vamosporlaliberacion.org\/crpmlm\/4-de-abril-fue-masivo-el-paro-nacional-docente\/","twitter_misc":{"Escrito por":"","Tiempo de lectura":"2 minutos"},"schema":{"@context":"https:\/\/schema.org","@graph":[{"@type":"Article","@id":"http:\/\/vamosporlaliberacion.org\/crpmlm\/4-de-abril-fue-masivo-el-paro-nacional-docente\/#article","isPartOf":{"@id":"http:\/\/vamosporlaliberacion.org\/crpmlm\/4-de-abril-fue-masivo-el-paro-nacional-docente\/"},"author":{"name":"","@id":""},"headline":"4 de Abril: Fue masivo el paro nacional docente","datePublished":"2016-04-13T04:55:55+00:00","mainEntityOfPage":{"@id":"http:\/\/vamosporlaliberacion.org\/crpmlm\/4-de-abril-fue-masivo-el-paro-nacional-docente\/"},"wordCount":350,"commentCount":0,"image":{"@id":"http:\/\/vamosporlaliberacion.org\/crpmlm\/4-de-abril-fue-masivo-el-paro-nacional-docente\/#primaryimage"},"thumbnailUrl":"https:\/\/i0.wp.com\/vamosporlaliberacion.org\/crpmlm\/wp-content\/uploads\/2016\/04\/4.jpg?fit=696%2C469&ssl=1","keywords":["Carlos Fuentealba","paritarias","paro nacional","vxl 72"],"articleSection":["Noticias"],"inLanguage":"es","potentialAction":[{"@type":"CommentAction","name":"Comment","target":["http:\/\/vamosporlaliberacion.org\/crpmlm\/4-de-abril-fue-masivo-el-paro-nacional-docente\/#respond"]}]},{"@type":"WebPage","@id":"http:\/\/vamosporlaliberacion.org\/crpmlm\/4-de-abril-fue-masivo-el-paro-nacional-docente\/","url":"http:\/\/vamosporlaliberacion.org\/crpmlm\/4-de-abril-fue-masivo-el-paro-nacional-docente\/","name":"4 de Abril: Fue masivo el paro nacional docente - Vamos por la Liberaci\u00f3n","isPartOf":{"@id":"https:\/\/vamosporlaliberacion.org\/crpmlm\/#website"},"primaryImageOfPage":{"@id":"http:\/\/vamosporlaliberacion.org\/crpmlm\/4-de-abril-fue-masivo-el-paro-nacional-docente\/#primaryimage"},"image":{"@id":"http:\/\/vamosporlaliberacion.org\/crpmlm\/4-de-abril-fue-masivo-el-paro-nacional-docente\/#primaryimage"},"thumbnailUrl":"https:\/\/i0.wp.com\/vamosporlaliberacion.org\/crpmlm\/wp-content\/uploads\/2016\/04\/4.jpg?fit=696%2C469&ssl=1","datePublished":"2016-04-13T04:55:55+00:00","author":{"@id":""},"breadcrumb":{"@id":"http:\/\/vamosporlaliberacion.org\/crpmlm\/4-de-abril-fue-masivo-el-paro-nacional-docente\/#breadcrumb"},"inLanguage":"es","potentialAction":[{"@type":"ReadAction","target":["http:\/\/vamosporlaliberacion.org\/crpmlm\/4-de-abril-fue-masivo-el-paro-nacional-docente\/"]}]},{"@type":"ImageObject","inLanguage":"es","@id":"http:\/\/vamosporlaliberacion.org\/crpmlm\/4-de-abril-fue-masivo-el-paro-nacional-docente\/#primaryimage","url":"https:\/\/i0.wp.com\/vamosporlaliberacion.org\/crpmlm\/wp-content\/uploads\/2016\/04\/4.jpg?fit=696%2C469&ssl=1","contentUrl":"https:\/\/i0.wp.com\/vamosporlaliberacion.org\/crpmlm\/wp-content\/uploads\/2016\/04\/4.jpg?fit=696%2C469&ssl=1","width":696,"height":469},{"@type":"BreadcrumbList","@id":"http:\/\/vamosporlaliberacion.org\/crpmlm\/4-de-abril-fue-masivo-el-paro-nacional-docente\/#breadcrumb","itemListElement":[{"@type":"ListItem","position":1,"name":"Portada","item":"https:\/\/vamosporlaliberacion.org\/crpmlm\/"},{"@type":"ListItem","position":2,"name":"4 de Abril: Fue masivo el paro nacional docente"}]},{"@type":"WebSite","@id":"https:\/\/vamosporlaliberacion.org\/crpmlm\/#website","url":"https:\/\/vamosporlaliberacion.org\/crpmlm\/","name":"Vamos por la Liberaci\u00f3n","description":"Prensa CR","potentialAction":[{"@type":"SearchAction","target":{"@type":"EntryPoint","urlTemplate":"https:\/\/vamosporlaliberacion.org\/crpmlm\/?s={search_term_string}"},"query-input":{"@type":"PropertyValueSpecification","valueRequired":true,"valueName":"search_term_string"}}],"inLanguage":"es"},{"@type":"Person","@id":"","url":"http:\/\/vamosporlaliberacion.org\/crpmlm\/author\/"}]}},"jetpack_featured_media_url":"https:\/\/i0.wp.com\/vamosporlaliberacion.org\/crpmlm\/wp-content\/uploads\/2016\/04\/4.jpg?fit=696%2C469&ssl=1","jetpack_sharing_enabled":true,"_links":{"self":[{"href":"http:\/\/vamosporlaliberacion.org\/crpmlm\/wp-json\/wp\/v2\/posts\/5474","targetHints":{"allow":["GET"]}}],"collection":[{"href":"http:\/\/vamosporlaliberacion.org\/crpmlm\/wp-json\/wp\/v2\/posts"}],"about":[{"href":"http:\/\/vamosporlaliberacion.org\/crpmlm\/wp-json\/wp\/v2\/types\/post"}],"author":[{"embeddable":true,"href":"http:\/\/vamosporlaliberacion.org\/crpmlm\/wp-json\/wp\/v2\/users\/5"}],"replies":[{"embeddable":true,"href":"http:\/\/vamosporlaliberacion.org\/crpmlm\/wp-json\/wp\/v2\/comments?post=5474"}],"version-history":[{"count":0,"href":"http:\/\/vamosporlaliberacion.org\/crpmlm\/wp-json\/wp\/v2\/posts\/5474\/revisions"}],"wp:featuredmedia":[{"embeddable":true,"href":"http:\/\/vamosporlaliberacion.org\/crpmlm\/wp-json\/wp\/v2\/media\/5433"}],"wp:attachment":[{"href":"http:\/\/vamosporlaliberacion.org\/crpmlm\/wp-json\/wp\/v2\/media?parent=5474"}],"wp:term":[{"taxonomy":"category","embeddable":true,"href":"http:\/\/vamosporlaliberacion.org\/crpmlm\/wp-json\/wp\/v2\/categories?post=5474"},{"taxonomy":"post_tag","embeddable":true,"href":"http:\/\/vamosporlaliberacion.org\/crpmlm\/wp-json\/wp\/v2\/tags?post=5474"}],"curies":[{"name":"wp","href":"https:\/\/api.w.org\/{rel}","templated":true}]}}