{"id":3460,"date":"2014-04-15T16:23:57","date_gmt":"2014-04-15T19:23:57","guid":{"rendered":"http:\/\/vamosporlaliberacion.org\/crpmlm\/?p=3460"},"modified":"2020-11-06T14:24:42","modified_gmt":"2020-11-06T17:24:42","slug":"masivo-paro-contra-el-ajuste","status":"publish","type":"post","link":"http:\/\/vamosporlaliberacion.org\/crpmlm\/masivo-paro-contra-el-ajuste\/","title":{"rendered":"Masivo paro contra el ajuste"},"content":{"rendered":"<h3><b>La lucha docente pari\u00f3 el paro nacional<\/b><\/h3>\n<p>No hubiera habido paro de la CGT y la CTA si no hab\u00eda una hist\u00f3rica lucha de los docentes que rompieron la tregua, en la que tambi\u00e9n ven\u00edan encaramados Hugo Moyano y Luis Barrionuevo acompasando los tiempos de Sergio Massa o Daniel Scioli.<\/p>\n<p>La lucha docente de todo el pa\u00eds -y en particular de la Provincia de Buenos Aires- amenaz\u00f3 con romper los topes salariales y desbord\u00f3 a dirigencias afines al gobierno K. Se encendieron luces amarillas para el conjunto de las clases dominantes; ya que en definitiva no les conviene que las paritarias se descontrolen, porque les interesa que se respeten los acuerdos sobre la devaluaci\u00f3n y la inflaci\u00f3n.<\/p>\n<p>El paro expres\u00f3 la bronca de millones de trabajadores que ven licuar sus salarios por el valor de los productos de primera necesidad. Los precios cuidados aumentaron un 20%. Tambi\u00e9n el impuesto a las \u201cganancias\u201d se lleva otra parte del salario de miles de trabajadores. A esto se suma los aumentos de tarifas de hasta un 400%, mientras Repsol recibir\u00e1 10 mil millones de d\u00f3lares.<\/p>\n<p>La protesta tambi\u00e9n expres\u00f3 la bronca por las olas de robos y asesinatos en las barriadas populares, donde una parte de la creciente marginalidad es reclutada por el narcotr\u00e1fico y las c\u00fapulas policiales, amparadas por funcionarios y la Justicia. \u00bfDe qu\u00e9 vale el salario cuando muchas veces est\u00e1 en juego la vida en la calle o la parada de colectivo?<\/p>\n<p>El gobierno hizo todo lo posible para restarle fuerza a la medida: cerr\u00f3 paritarias a las apuradas (y a la baja), denunci\u00f3 que el paro serv\u00eda a Massa y llev\u00f3 adelante todos los aprietes y amenazas que pudo, llegando hasta la represi\u00f3n en la Panamericana que no logr\u00f3 evitar el corte. Pero la contundencia de la medida volvi\u00f3 a mostrar la fuerza de la clase obrera. Lo que tom\u00f3 fuerza es el reclamo de salario, jubilaci\u00f3n, derogaci\u00f3n del impuesto a \u201cganancias\u201d y contra la precarizaci\u00f3n.<\/p>\n<h3><b>Lo nuevo que se mostr\u00f3<\/b><\/h3>\n<p>La masividad de la jornada y el desborde, sobre todo en el proletariado industrial a los jerarcas sindicales, mostraron una nueva situaci\u00f3n por abajo en muchas f\u00e1bricas y lugares de trabajo. Terminales industriales como la Ford y Fiat pasaron por encima de sus gremios y pararon las plantas. Lo mismo ocurri\u00f3 en diversas autopartistas enroladas en SMATA. El dirigente kirchnerista Pianelli sufri\u00f3 una dura derrota. Luego de que anunciara p\u00fablicamente que \u201cel subte no para\u201d, los trabajadores pararon y no anduvo ninguna l\u00ednea.<\/p>\n<p>Esto es parte de lo nuevo que ya se ven\u00eda manifestando en la lucha docente, con gran protagonismo en las asambleas y la contundencia en los paros.<\/p>\n<p>El otro factor destacado de la jornada estuvo en la decisi\u00f3n del sindicalismo combativo y clasista en hacer activo el paro, con cortes y movilizaciones. En Bah\u00eda Blanca, m\u00e1s de 1.400 obreros qu\u00edmicos y petroqu\u00edmicos con su sindicato y delegados a la cabeza pararon, marcharon y realizaron un acto en el coraz\u00f3n del Polo Petroqu\u00edmico. Fue el lugar m\u00e1s importante donde los obreros industriales pararon e hicieron activo el paro.<\/p>\n<p>Los piquetes en varios puntos neur\u00e1lgicos del interior y el \u00e1rea metropolitana fueron la forma de mostrar independencia y tambi\u00e9n sirvieron para propagandizar reclamos no contemplados en la convocatoria de la CGT, como la absoluci\u00f3n de los petroleros de Las Heras. Mostraron en la pr\u00e1ctica c\u00f3mo es golpear juntos, por el programa del paro, pero marchando separados por la historia de los jerarcas y sus proyectos pol\u00edticos.<\/p>\n<p>En este sentido vemos equivocado el posicionamiento de Pablo Michelli (CTA) de no mostrarse con independencia del acuerdo Moyano-Barrionuevo, en momentos donde Massa y Clar\u00edn trabajaron activamente con esos dirigentes sindicales. Este alineamiento s\u00f3lo trae desconcierto en los sectores combativos dentro de la CTA y da lugar a divisiones que fomenta el kirchnerismo (como se ve en ATE Capital).<\/p>\n<h3><b>Los desaf\u00edos<\/b><\/h3>\n<p>La respuesta del gobierno ha sido seguir adelante con su pol\u00edtica de ajuste, con devaluaci\u00f3n salarial y m\u00e1s tarifazos. Ya lo manifest\u00f3 el ministro de Trabajo, Carlos Tomada: \u201cel paro no nos hace mover ni un \u00e1pice del rumbo\u201d, afirm\u00f3. Y agregamos, menos a\u00fan ahora cuando el FMI sali\u00f3 a respaldar de manera contundente las medidas econ\u00f3micas y el ministro de Econom\u00eda, Axel Kicillof, se saca fotos en el G20 para mendigar cr\u00e9ditos. Toda una definici\u00f3n del fin del relato.<\/p>\n<p>Entonces, la nueva situaci\u00f3n pol\u00edtica que se abre tiene como caracter\u00edstica a un gobierno que debe avanzar en el ajuste, pero con un movimiento obrero que dice basta.<\/p>\n<p>Esta nueva etapa reci\u00e9n empieza y ser\u00e1 dura. El gobierno deber\u00e1 hacer el trabajo sucio de las clases dominantes hacia el 2015, pero forcejea para no ser un lim\u00f3n exprimido y mantener poder de fuego para disputar. El ajuste trae consigo m\u00e1s represi\u00f3n, militarizando como acaba de hacer Scioli o reprimiendo y encarcelando como hace Cristina Kirchner. Tambi\u00e9n se agudizar\u00e1 la disputa y la inestabilidad pol\u00edtica.    <\/p>\n<p>El avance del sindicalismo combativo y clasista en el movimiento obrero genera nuevas y mejores condiciones para abordar ese escenario e ir preparando desde abajo el paro activo de 36hs, d\u00e1ndole as\u00ed continuidad al plan de lucha.<\/p>\n<p>En este camino, es necesario mantener un programa opositor e independiente, golpeando juntos pero marchando separados con la CGT de Moyano, y no darle tiempo al kirchnerismo ni a otras variantes de las clases dominantes.<\/p>\n<p>En esa direcci\u00f3n, el pr\u00f3ximo 1\u00ba de Mayo se presenta como una buena oportunidad para que las fuerzas combativas, clasistas y antiimperialistas del movimiento obrero y popular recuerden de manera unitaria el D\u00eda Internacional del Trabajador, muestren sus avances en el movimiento obrero y levanten un programa de lucha, con perspectivas liberadoras. <\/p>\n<!-- AddThis Advanced Settings generic via filter on the_content --><!-- AddThis Share Buttons generic via filter on the_content -->","protected":false},"excerpt":{"rendered":"<p>La lucha docente pari\u00f3 el paro nacional No hubiera habido paro de la CGT y la CTA si no hab\u00eda una hist\u00f3rica lucha de los docentes que rompieron la tregua, en la que tambi\u00e9n ven\u00edan encaramados Hugo Moyano y Luis Barrionuevo acompasando los tiempos de Sergio Massa o Daniel Scioli. La lucha docente de todo [&hellip;]<!-- AddThis Advanced Settings generic via filter on get_the_excerpt --><!-- AddThis Share Buttons generic via filter on get_the_excerpt --><\/p>\n","protected":false},"author":6,"featured_media":3468,"comment_status":"open","ping_status":"open","sticky":false,"template":"","format":"standard","meta":{"_jetpack_memberships_contains_paid_content":false,"footnotes":""},"categories":[1881],"tags":[445],"class_list":{"0":"post-3460","1":"post","2":"type-post","3":"status-publish","4":"format-standard","5":"has-post-thumbnail","7":"category-editoriales","8":"tag-editorial-26"},"yoast_head":"<!-- This site is optimized with the Yoast SEO plugin v27.4 - https:\/\/yoast.com\/product\/yoast-seo-wordpress\/ -->\n<title>Masivo paro contra el ajuste - Vamos por la Liberaci\u00f3n<\/title>\n<meta name=\"robots\" content=\"index, follow, max-snippet:-1, max-image-preview:large, max-video-preview:-1\" \/>\n<link rel=\"canonical\" href=\"https:\/\/vamosporlaliberacion.org\/crpmlm\/masivo-paro-contra-el-ajuste\/\" \/>\n<meta name=\"twitter:label1\" content=\"Escrito por\" \/>\n\t<meta name=\"twitter:data1\" content=\"vamos!\" \/>\n\t<meta name=\"twitter:label2\" content=\"Tiempo de lectura\" \/>\n\t<meta name=\"twitter:data2\" content=\"5 minutos\" \/>\n<script type=\"application\/ld+json\" class=\"yoast-schema-graph\">{\"@context\":\"https:\\\/\\\/schema.org\",\"@graph\":[{\"@type\":\"Article\",\"@id\":\"https:\\\/\\\/vamosporlaliberacion.org\\\/crpmlm\\\/masivo-paro-contra-el-ajuste\\\/#article\",\"isPartOf\":{\"@id\":\"https:\\\/\\\/vamosporlaliberacion.org\\\/crpmlm\\\/masivo-paro-contra-el-ajuste\\\/\"},\"author\":{\"name\":\"vamos!\",\"@id\":\"https:\\\/\\\/vamosporlaliberacion.org\\\/crpmlm\\\/#\\\/schema\\\/person\\\/d6eac7758df3770dae9cd9eb104d615c\"},\"headline\":\"Masivo paro contra el ajuste\",\"datePublished\":\"2014-04-15T19:23:57+00:00\",\"dateModified\":\"2020-11-06T17:24:42+00:00\",\"mainEntityOfPage\":{\"@id\":\"https:\\\/\\\/vamosporlaliberacion.org\\\/crpmlm\\\/masivo-paro-contra-el-ajuste\\\/\"},\"wordCount\":997,\"commentCount\":0,\"image\":{\"@id\":\"https:\\\/\\\/vamosporlaliberacion.org\\\/crpmlm\\\/masivo-paro-contra-el-ajuste\\\/#primaryimage\"},\"thumbnailUrl\":\"https:\\\/\\\/i0.wp.com\\\/vamosporlaliberacion.org\\\/crpmlm\\\/wp-content\\\/uploads\\\/2015\\\/11\\\/vxl26-09.jpg?fit=696%2C469&ssl=1\",\"keywords\":[\"editorial 26\"],\"articleSection\":[\"Editoriales\"],\"inLanguage\":\"es\",\"potentialAction\":[{\"@type\":\"CommentAction\",\"name\":\"Comment\",\"target\":[\"https:\\\/\\\/vamosporlaliberacion.org\\\/crpmlm\\\/masivo-paro-contra-el-ajuste\\\/#respond\"]}]},{\"@type\":\"WebPage\",\"@id\":\"https:\\\/\\\/vamosporlaliberacion.org\\\/crpmlm\\\/masivo-paro-contra-el-ajuste\\\/\",\"url\":\"https:\\\/\\\/vamosporlaliberacion.org\\\/crpmlm\\\/masivo-paro-contra-el-ajuste\\\/\",\"name\":\"Masivo paro contra el ajuste - Vamos por la Liberaci\u00f3n\",\"isPartOf\":{\"@id\":\"https:\\\/\\\/vamosporlaliberacion.org\\\/crpmlm\\\/#website\"},\"primaryImageOfPage\":{\"@id\":\"https:\\\/\\\/vamosporlaliberacion.org\\\/crpmlm\\\/masivo-paro-contra-el-ajuste\\\/#primaryimage\"},\"image\":{\"@id\":\"https:\\\/\\\/vamosporlaliberacion.org\\\/crpmlm\\\/masivo-paro-contra-el-ajuste\\\/#primaryimage\"},\"thumbnailUrl\":\"https:\\\/\\\/i0.wp.com\\\/vamosporlaliberacion.org\\\/crpmlm\\\/wp-content\\\/uploads\\\/2015\\\/11\\\/vxl26-09.jpg?fit=696%2C469&ssl=1\",\"datePublished\":\"2014-04-15T19:23:57+00:00\",\"dateModified\":\"2020-11-06T17:24:42+00:00\",\"author\":{\"@id\":\"https:\\\/\\\/vamosporlaliberacion.org\\\/crpmlm\\\/#\\\/schema\\\/person\\\/d6eac7758df3770dae9cd9eb104d615c\"},\"breadcrumb\":{\"@id\":\"https:\\\/\\\/vamosporlaliberacion.org\\\/crpmlm\\\/masivo-paro-contra-el-ajuste\\\/#breadcrumb\"},\"inLanguage\":\"es\",\"potentialAction\":[{\"@type\":\"ReadAction\",\"target\":[\"https:\\\/\\\/vamosporlaliberacion.org\\\/crpmlm\\\/masivo-paro-contra-el-ajuste\\\/\"]}]},{\"@type\":\"ImageObject\",\"inLanguage\":\"es\",\"@id\":\"https:\\\/\\\/vamosporlaliberacion.org\\\/crpmlm\\\/masivo-paro-contra-el-ajuste\\\/#primaryimage\",\"url\":\"https:\\\/\\\/i0.wp.com\\\/vamosporlaliberacion.org\\\/crpmlm\\\/wp-content\\\/uploads\\\/2015\\\/11\\\/vxl26-09.jpg?fit=696%2C469&ssl=1\",\"contentUrl\":\"https:\\\/\\\/i0.wp.com\\\/vamosporlaliberacion.org\\\/crpmlm\\\/wp-content\\\/uploads\\\/2015\\\/11\\\/vxl26-09.jpg?fit=696%2C469&ssl=1\",\"width\":696,\"height\":469},{\"@type\":\"BreadcrumbList\",\"@id\":\"https:\\\/\\\/vamosporlaliberacion.org\\\/crpmlm\\\/masivo-paro-contra-el-ajuste\\\/#breadcrumb\",\"itemListElement\":[{\"@type\":\"ListItem\",\"position\":1,\"name\":\"Portada\",\"item\":\"https:\\\/\\\/vamosporlaliberacion.org\\\/crpmlm\\\/\"},{\"@type\":\"ListItem\",\"position\":2,\"name\":\"Masivo paro contra el ajuste\"}]},{\"@type\":\"WebSite\",\"@id\":\"https:\\\/\\\/vamosporlaliberacion.org\\\/crpmlm\\\/#website\",\"url\":\"https:\\\/\\\/vamosporlaliberacion.org\\\/crpmlm\\\/\",\"name\":\"Vamos por la Liberaci\u00f3n\",\"description\":\"Prensa CR\",\"potentialAction\":[{\"@type\":\"SearchAction\",\"target\":{\"@type\":\"EntryPoint\",\"urlTemplate\":\"https:\\\/\\\/vamosporlaliberacion.org\\\/crpmlm\\\/?s={search_term_string}\"},\"query-input\":{\"@type\":\"PropertyValueSpecification\",\"valueRequired\":true,\"valueName\":\"search_term_string\"}}],\"inLanguage\":\"es\"},{\"@type\":\"Person\",\"@id\":\"https:\\\/\\\/vamosporlaliberacion.org\\\/crpmlm\\\/#\\\/schema\\\/person\\\/d6eac7758df3770dae9cd9eb104d615c\",\"name\":\"vamos!\",\"url\":\"http:\\\/\\\/vamosporlaliberacion.org\\\/crpmlm\\\/author\\\/adminvxl\\\/\"}]}<\/script>\n<!-- \/ Yoast SEO plugin. -->","yoast_head_json":{"title":"Masivo paro contra el ajuste - Vamos por la Liberaci\u00f3n","robots":{"index":"index","follow":"follow","max-snippet":"max-snippet:-1","max-image-preview":"max-image-preview:large","max-video-preview":"max-video-preview:-1"},"canonical":"https:\/\/vamosporlaliberacion.org\/crpmlm\/masivo-paro-contra-el-ajuste\/","twitter_misc":{"Escrito por":"vamos!","Tiempo de lectura":"5 minutos"},"schema":{"@context":"https:\/\/schema.org","@graph":[{"@type":"Article","@id":"https:\/\/vamosporlaliberacion.org\/crpmlm\/masivo-paro-contra-el-ajuste\/#article","isPartOf":{"@id":"https:\/\/vamosporlaliberacion.org\/crpmlm\/masivo-paro-contra-el-ajuste\/"},"author":{"name":"vamos!","@id":"https:\/\/vamosporlaliberacion.org\/crpmlm\/#\/schema\/person\/d6eac7758df3770dae9cd9eb104d615c"},"headline":"Masivo paro contra el ajuste","datePublished":"2014-04-15T19:23:57+00:00","dateModified":"2020-11-06T17:24:42+00:00","mainEntityOfPage":{"@id":"https:\/\/vamosporlaliberacion.org\/crpmlm\/masivo-paro-contra-el-ajuste\/"},"wordCount":997,"commentCount":0,"image":{"@id":"https:\/\/vamosporlaliberacion.org\/crpmlm\/masivo-paro-contra-el-ajuste\/#primaryimage"},"thumbnailUrl":"https:\/\/i0.wp.com\/vamosporlaliberacion.org\/crpmlm\/wp-content\/uploads\/2015\/11\/vxl26-09.jpg?fit=696%2C469&ssl=1","keywords":["editorial 26"],"articleSection":["Editoriales"],"inLanguage":"es","potentialAction":[{"@type":"CommentAction","name":"Comment","target":["https:\/\/vamosporlaliberacion.org\/crpmlm\/masivo-paro-contra-el-ajuste\/#respond"]}]},{"@type":"WebPage","@id":"https:\/\/vamosporlaliberacion.org\/crpmlm\/masivo-paro-contra-el-ajuste\/","url":"https:\/\/vamosporlaliberacion.org\/crpmlm\/masivo-paro-contra-el-ajuste\/","name":"Masivo paro contra el ajuste - Vamos por la Liberaci\u00f3n","isPartOf":{"@id":"https:\/\/vamosporlaliberacion.org\/crpmlm\/#website"},"primaryImageOfPage":{"@id":"https:\/\/vamosporlaliberacion.org\/crpmlm\/masivo-paro-contra-el-ajuste\/#primaryimage"},"image":{"@id":"https:\/\/vamosporlaliberacion.org\/crpmlm\/masivo-paro-contra-el-ajuste\/#primaryimage"},"thumbnailUrl":"https:\/\/i0.wp.com\/vamosporlaliberacion.org\/crpmlm\/wp-content\/uploads\/2015\/11\/vxl26-09.jpg?fit=696%2C469&ssl=1","datePublished":"2014-04-15T19:23:57+00:00","dateModified":"2020-11-06T17:24:42+00:00","author":{"@id":"https:\/\/vamosporlaliberacion.org\/crpmlm\/#\/schema\/person\/d6eac7758df3770dae9cd9eb104d615c"},"breadcrumb":{"@id":"https:\/\/vamosporlaliberacion.org\/crpmlm\/masivo-paro-contra-el-ajuste\/#breadcrumb"},"inLanguage":"es","potentialAction":[{"@type":"ReadAction","target":["https:\/\/vamosporlaliberacion.org\/crpmlm\/masivo-paro-contra-el-ajuste\/"]}]},{"@type":"ImageObject","inLanguage":"es","@id":"https:\/\/vamosporlaliberacion.org\/crpmlm\/masivo-paro-contra-el-ajuste\/#primaryimage","url":"https:\/\/i0.wp.com\/vamosporlaliberacion.org\/crpmlm\/wp-content\/uploads\/2015\/11\/vxl26-09.jpg?fit=696%2C469&ssl=1","contentUrl":"https:\/\/i0.wp.com\/vamosporlaliberacion.org\/crpmlm\/wp-content\/uploads\/2015\/11\/vxl26-09.jpg?fit=696%2C469&ssl=1","width":696,"height":469},{"@type":"BreadcrumbList","@id":"https:\/\/vamosporlaliberacion.org\/crpmlm\/masivo-paro-contra-el-ajuste\/#breadcrumb","itemListElement":[{"@type":"ListItem","position":1,"name":"Portada","item":"https:\/\/vamosporlaliberacion.org\/crpmlm\/"},{"@type":"ListItem","position":2,"name":"Masivo paro contra el ajuste"}]},{"@type":"WebSite","@id":"https:\/\/vamosporlaliberacion.org\/crpmlm\/#website","url":"https:\/\/vamosporlaliberacion.org\/crpmlm\/","name":"Vamos por la Liberaci\u00f3n","description":"Prensa CR","potentialAction":[{"@type":"SearchAction","target":{"@type":"EntryPoint","urlTemplate":"https:\/\/vamosporlaliberacion.org\/crpmlm\/?s={search_term_string}"},"query-input":{"@type":"PropertyValueSpecification","valueRequired":true,"valueName":"search_term_string"}}],"inLanguage":"es"},{"@type":"Person","@id":"https:\/\/vamosporlaliberacion.org\/crpmlm\/#\/schema\/person\/d6eac7758df3770dae9cd9eb104d615c","name":"vamos!","url":"http:\/\/vamosporlaliberacion.org\/crpmlm\/author\/adminvxl\/"}]}},"jetpack_featured_media_url":"https:\/\/i0.wp.com\/vamosporlaliberacion.org\/crpmlm\/wp-content\/uploads\/2015\/11\/vxl26-09.jpg?fit=696%2C469&ssl=1","jetpack_sharing_enabled":true,"_links":{"self":[{"href":"http:\/\/vamosporlaliberacion.org\/crpmlm\/wp-json\/wp\/v2\/posts\/3460","targetHints":{"allow":["GET"]}}],"collection":[{"href":"http:\/\/vamosporlaliberacion.org\/crpmlm\/wp-json\/wp\/v2\/posts"}],"about":[{"href":"http:\/\/vamosporlaliberacion.org\/crpmlm\/wp-json\/wp\/v2\/types\/post"}],"author":[{"embeddable":true,"href":"http:\/\/vamosporlaliberacion.org\/crpmlm\/wp-json\/wp\/v2\/users\/6"}],"replies":[{"embeddable":true,"href":"http:\/\/vamosporlaliberacion.org\/crpmlm\/wp-json\/wp\/v2\/comments?post=3460"}],"version-history":[{"count":1,"href":"http:\/\/vamosporlaliberacion.org\/crpmlm\/wp-json\/wp\/v2\/posts\/3460\/revisions"}],"predecessor-version":[{"id":21879,"href":"http:\/\/vamosporlaliberacion.org\/crpmlm\/wp-json\/wp\/v2\/posts\/3460\/revisions\/21879"}],"wp:featuredmedia":[{"embeddable":true,"href":"http:\/\/vamosporlaliberacion.org\/crpmlm\/wp-json\/wp\/v2\/media\/3468"}],"wp:attachment":[{"href":"http:\/\/vamosporlaliberacion.org\/crpmlm\/wp-json\/wp\/v2\/media?parent=3460"}],"wp:term":[{"taxonomy":"category","embeddable":true,"href":"http:\/\/vamosporlaliberacion.org\/crpmlm\/wp-json\/wp\/v2\/categories?post=3460"},{"taxonomy":"post_tag","embeddable":true,"href":"http:\/\/vamosporlaliberacion.org\/crpmlm\/wp-json\/wp\/v2\/tags?post=3460"}],"curies":[{"name":"wp","href":"https:\/\/api.w.org\/{rel}","templated":true}]}}