{"id":3405,"date":"2014-04-01T21:51:47","date_gmt":"2014-04-02T00:51:47","guid":{"rendered":"http:\/\/vamosporlaliberacion.org\/crpmlm\/?p=3405"},"modified":"2020-11-06T14:28:00","modified_gmt":"2020-11-06T17:28:00","slug":"hagamos-activo-el-paro-nacional-del-10-de-abril","status":"publish","type":"post","link":"http:\/\/vamosporlaliberacion.org\/crpmlm\/hagamos-activo-el-paro-nacional-del-10-de-abril\/","title":{"rendered":"Hagamos activo el paro nacional del 10 de abril"},"content":{"rendered":"<h3><strong>Los docentes impusieron el paro del 10 de abril<\/strong><\/h3>\n<p>El acuerdo alcanzado en la paritaria docente en la provincia de Buenos Aires lleg\u00f3 en un clima de gran preocupaci\u00f3n por arriba, por la masividad y la fuerza de la lucha docente. El kirchnerismo subestim\u00f3 a los trabajadores. El acuerdo, luego de 17 d\u00edas de paro, se acept\u00f3 mascando bronca por insuficiente y en varios distritos lo rechazaron.<\/p>\n<p>El anuncio tard\u00edo del paro de la CGT para el 10 de abril llega impuesto por el conflicto docente en un escenario complicado en t\u00e9rminos econ\u00f3micos, con el riesgo para el gobierno de entrar en un camino sin retorno que rompiera los topes y marcara la pauta salarial para todo el resto de los estatales. Este escenario complica tambi\u00e9n al kirchnerismo y los gobiernos provinciales, disparando la emisi\u00f3n y los niveles inflacionarios, cuestionando el consenso de las clases dominantes.<\/p>\n<p>Tambi\u00e9n el conflicto, de profundizarse, los complicaba en t\u00e9rminos electorales, ya que un Scioli desbordado no ser\u00eda la mejor imagen para arrancar la carrera hacia las presidenciales del 2015.   <\/p>\n<p>En este marco Moyano y Barrionuevo \u201cle devolver\u00edan el vuelto\u201d a Cristina Kirchner, nacionalizando el conflicto docente, dando una clara se\u00f1al de poder, pero manteniendo el control. Que no se desmadre la transici\u00f3n, que quita el sue\u00f1o a m\u00e1s de uno, entre ellos a Massa que tiene entre sus filas a Graciela Cama\u00f1o, esposa de Barrionuevo, y Facundo Moyano hijo de Hugo, padre. Por eso van acompasando los tiempos pol\u00edticos y desde all\u00ed medir\u00e1n los pasos a seguir, por ahora parece alcanzarles con un paro de 24hs sin movilizaci\u00f3n.<\/p>\n<h3><strong>\u201cEsto es lo posible\u201d<\/strong><\/h3>\n<p>\u201cEsto es lo posible, los trabajadores esperaban m\u00e1s, los empresarios menos y creo, creo no, estoy convencido, de que este es un acuerdo con sentido com\u00fan, sensato, que es lo mejor que le pod\u00eda pasar a los trabajadores y al pa\u00eds.\u201d<\/p>\n<p>Con esas palabras cerr\u00f3 la vergonzosa paritaria de la UOM su Secretario General, Antonio Cal\u00f3. El acuerdo es del 25%, un 15% en abril y otro 10% acumulativo en julio; aunque anuncian un 27,9% porque blanquean 1.400 pesos no remunerativos, que en realidad ya ven\u00edan cobrando.<\/p>\n<p>Por primera vez se cierra una paritaria antes que venciera la anterior. Deb\u00eda ser antes de entrar en vigencia el tarifazo que anunci\u00f3 Cristina Kirchner, ya que el ajuste en las tarifas les har\u00eda revisar los incrementos que estaban reclamando en sus paritarias. Esto tambi\u00e9n aceler\u00f3 el acuerdo en la provincia de Buenos Aires. El gobierno tratar\u00e1 que el acuerdo con la UOM sea el par\u00e1metro para los salarios industriales y privados.<\/p>\n<h3><strong>La conflictividad por abajo preocupa a los de arriba<\/strong><\/h3>\n<p>Lo que mostr\u00f3 la provincia de Buenos Aires, repercute sobre el resto por su volumen, 400 mil docentes en el escenario de conflicto. Pero es tambi\u00e9n la caja de resonancia de un grado muy elevado de conflictividad en todo el pa\u00eds, con 12 provincias en lucha, donde miles y miles de trabajadores salen a enfrentar el ajuste inflacionario y devaluador.<\/p>\n<p>Son masivos los paros y movilizaciones en Jujuy de los estatales. El paro de profesionales de la salud en la provincia de Buenos Aires ha sido contundente. En Tierra del Fuego, los docentes arrancaron una de las mejores paritarias docentes en el orden nacional; y los estatales \u2013que desbordaron a la direcci\u00f3n sindical de ATE de esa provincia despu\u00e9s de acampar en la puerta de la Casa de Gobierno\u2013 conquistaron aumentos superiores a los que hab\u00eda firmado esa direcci\u00f3n sindical.<\/p>\n<p>En Santiago del Estero, m\u00e1s de 4 mil personas colmaron las calles en repudio a la represi\u00f3n del gobierno zamorista-K, por salario, contra la precarizaci\u00f3n y por la reincorporaci\u00f3n de Juan Carlos \u201cChungui\u201d Chazarreta. El Chungui es profesor en Educaci\u00f3n para la Salud que se ven\u00eda desempe\u00f1ando en la UPA N\u00ba14 de Santiago del Estero Capital; es miembro de la agrupaci\u00f3n Ram\u00f3n Carrillo y del CR. Chungui es castigado por la lucha que se vienen llevando adelante los trabajadores de salud y educaci\u00f3n.<\/p>\n<p>Fueron masivas las marchas en un nuevo aniversario del golpe de estado fascista del 24 de marzo de 1976. All\u00ed se conden\u00f3 la pol\u00edtica represiva del kirchnerismo y los gobiernos provinciales contra los trabajadores, graficada en la condena a cadena perpetua a los petroleros de Las Heras, la designaci\u00f3n del genocida Milani al frente del Ej\u00e9rcito y la represi\u00f3n creciente de las luchas.<\/p>\n<p>Esta masividad y conflictividad creciente preocupa y mucho a los sectores dominantes. Por eso tratan de instrumentar y frenar las luchas con leyes como las que pretenden \u201cregular\u201d los cortes de rutas y calles, aplicar la Ley Antiterrorista, avanzar en la militarizaci\u00f3n y control de los luchadores populares y acuerdos con los jerarcas sindicales.<\/p>\n<p>Esta contradicci\u00f3n se va agudizar ya que la \u201cequidad\u201d de CFK es para salvar a los monopolios, terratenientes y bancos, aplicando impuestazos y tarifazos al pueblo como los anunciados para gas y agua.<\/p>\n<p>Las perspectivas son hacia un escenario de estancamiento econ\u00f3mico, con despidos como los 900 que anunci\u00f3 la Barrick Gold en San Juan, con suspensiones como las de la planta de Renault en C\u00f3rdoba y mayor endeudamiento con los usureros como el Club de Par\u00eds, y ahora tambi\u00e9n el banco de inversi\u00f3n yanqui Goldman Sachs por 1.000 millones de d\u00f3lares.<\/p>\n<p>En esta perspectiva y en el fin del ciclo, el kirchnerismo tratar\u00e1 de mantener el modelo en otra etapa, ya sea con candidato propio o en acuerdos. El resto de la oposici\u00f3n de las clases dominantes dar\u00e1 pelea acordando con las actuales pol\u00edticas de ajuste, mostrando sus recetas conocidas porque gobernaron el pa\u00eds o alguna provincia.<\/p>\n<p>Esta perspectiva presenta para los sectores democr\u00e1ticos y antiimperialistas una gran oportunidad para avanzar en el reagrupamiento de fuerzas que motorice las luchas y vaya forjando la unidad pol\u00edtica para jugar en todos los terrenos, sin abonar falsas salidas intermedias que desv\u00eden el camino de la lucha por la liberaci\u00f3n nacional y social para romper con la dependencia. <\/p>\n<p>En ese camino hagamos activo el paro de la CGT el pr\u00f3ximo 10 de abril levantando la absoluci\u00f3n de los trabajadores de Las Heras; salario m\u00ednimo de 10 mil pesos; derogaci\u00f3n del impuesto al salario; 82% m\u00f3vil para la jubilaci\u00f3n; pase a planta de todos los trabajadores contratados; no a la represi\u00f3n; no al tarifazo; \u00a1que paguen los monopolios, terratenientes y bancos!<\/p>\n<!-- AddThis Advanced Settings generic via filter on the_content --><!-- AddThis Share Buttons generic via filter on the_content -->","protected":false},"excerpt":{"rendered":"<p>Los docentes impusieron el paro del 10 de abril El acuerdo alcanzado en la paritaria docente en la provincia de Buenos Aires lleg\u00f3 en un clima de gran preocupaci\u00f3n por arriba, por la masividad y la fuerza de la lucha docente. El kirchnerismo subestim\u00f3 a los trabajadores. El acuerdo, luego de 17 d\u00edas de paro, [&hellip;]<!-- AddThis Advanced Settings generic via filter on get_the_excerpt --><!-- AddThis Share Buttons generic via filter on get_the_excerpt --><\/p>\n","protected":false},"author":6,"featured_media":3419,"comment_status":"open","ping_status":"open","sticky":false,"template":"","format":"standard","meta":{"_jetpack_memberships_contains_paid_content":false,"footnotes":""},"categories":[1881],"tags":[442],"class_list":{"0":"post-3405","1":"post","2":"type-post","3":"status-publish","4":"format-standard","5":"has-post-thumbnail","7":"category-editoriales","8":"tag-editorial-25"},"yoast_head":"<!-- This site is optimized with the Yoast SEO plugin v27.4 - https:\/\/yoast.com\/product\/yoast-seo-wordpress\/ -->\n<title>Hagamos activo el paro nacional del 10 de abril - Vamos por la Liberaci\u00f3n<\/title>\n<meta name=\"robots\" content=\"index, follow, max-snippet:-1, max-image-preview:large, max-video-preview:-1\" \/>\n<link rel=\"canonical\" href=\"https:\/\/vamosporlaliberacion.org\/crpmlm\/hagamos-activo-el-paro-nacional-del-10-de-abril\/\" \/>\n<meta name=\"twitter:label1\" content=\"Escrito por\" \/>\n\t<meta name=\"twitter:data1\" content=\"vamos!\" \/>\n\t<meta name=\"twitter:label2\" content=\"Tiempo de lectura\" \/>\n\t<meta name=\"twitter:data2\" content=\"5 minutos\" \/>\n<script type=\"application\/ld+json\" class=\"yoast-schema-graph\">{\"@context\":\"https:\\\/\\\/schema.org\",\"@graph\":[{\"@type\":\"Article\",\"@id\":\"https:\\\/\\\/vamosporlaliberacion.org\\\/crpmlm\\\/hagamos-activo-el-paro-nacional-del-10-de-abril\\\/#article\",\"isPartOf\":{\"@id\":\"https:\\\/\\\/vamosporlaliberacion.org\\\/crpmlm\\\/hagamos-activo-el-paro-nacional-del-10-de-abril\\\/\"},\"author\":{\"name\":\"vamos!\",\"@id\":\"https:\\\/\\\/vamosporlaliberacion.org\\\/crpmlm\\\/#\\\/schema\\\/person\\\/d6eac7758df3770dae9cd9eb104d615c\"},\"headline\":\"Hagamos activo el paro nacional del 10 de abril\",\"datePublished\":\"2014-04-02T00:51:47+00:00\",\"dateModified\":\"2020-11-06T17:28:00+00:00\",\"mainEntityOfPage\":{\"@id\":\"https:\\\/\\\/vamosporlaliberacion.org\\\/crpmlm\\\/hagamos-activo-el-paro-nacional-del-10-de-abril\\\/\"},\"wordCount\":1103,\"commentCount\":0,\"image\":{\"@id\":\"https:\\\/\\\/vamosporlaliberacion.org\\\/crpmlm\\\/hagamos-activo-el-paro-nacional-del-10-de-abril\\\/#primaryimage\"},\"thumbnailUrl\":\"https:\\\/\\\/i0.wp.com\\\/vamosporlaliberacion.org\\\/crpmlm\\\/wp-content\\\/uploads\\\/2015\\\/11\\\/vxl25-17.jpg?fit=696%2C469&ssl=1\",\"keywords\":[\"editorial 25\"],\"articleSection\":[\"Editoriales\"],\"inLanguage\":\"es\",\"potentialAction\":[{\"@type\":\"CommentAction\",\"name\":\"Comment\",\"target\":[\"https:\\\/\\\/vamosporlaliberacion.org\\\/crpmlm\\\/hagamos-activo-el-paro-nacional-del-10-de-abril\\\/#respond\"]}]},{\"@type\":\"WebPage\",\"@id\":\"https:\\\/\\\/vamosporlaliberacion.org\\\/crpmlm\\\/hagamos-activo-el-paro-nacional-del-10-de-abril\\\/\",\"url\":\"https:\\\/\\\/vamosporlaliberacion.org\\\/crpmlm\\\/hagamos-activo-el-paro-nacional-del-10-de-abril\\\/\",\"name\":\"Hagamos activo el paro nacional del 10 de abril - Vamos por la Liberaci\u00f3n\",\"isPartOf\":{\"@id\":\"https:\\\/\\\/vamosporlaliberacion.org\\\/crpmlm\\\/#website\"},\"primaryImageOfPage\":{\"@id\":\"https:\\\/\\\/vamosporlaliberacion.org\\\/crpmlm\\\/hagamos-activo-el-paro-nacional-del-10-de-abril\\\/#primaryimage\"},\"image\":{\"@id\":\"https:\\\/\\\/vamosporlaliberacion.org\\\/crpmlm\\\/hagamos-activo-el-paro-nacional-del-10-de-abril\\\/#primaryimage\"},\"thumbnailUrl\":\"https:\\\/\\\/i0.wp.com\\\/vamosporlaliberacion.org\\\/crpmlm\\\/wp-content\\\/uploads\\\/2015\\\/11\\\/vxl25-17.jpg?fit=696%2C469&ssl=1\",\"datePublished\":\"2014-04-02T00:51:47+00:00\",\"dateModified\":\"2020-11-06T17:28:00+00:00\",\"author\":{\"@id\":\"https:\\\/\\\/vamosporlaliberacion.org\\\/crpmlm\\\/#\\\/schema\\\/person\\\/d6eac7758df3770dae9cd9eb104d615c\"},\"breadcrumb\":{\"@id\":\"https:\\\/\\\/vamosporlaliberacion.org\\\/crpmlm\\\/hagamos-activo-el-paro-nacional-del-10-de-abril\\\/#breadcrumb\"},\"inLanguage\":\"es\",\"potentialAction\":[{\"@type\":\"ReadAction\",\"target\":[\"https:\\\/\\\/vamosporlaliberacion.org\\\/crpmlm\\\/hagamos-activo-el-paro-nacional-del-10-de-abril\\\/\"]}]},{\"@type\":\"ImageObject\",\"inLanguage\":\"es\",\"@id\":\"https:\\\/\\\/vamosporlaliberacion.org\\\/crpmlm\\\/hagamos-activo-el-paro-nacional-del-10-de-abril\\\/#primaryimage\",\"url\":\"https:\\\/\\\/i0.wp.com\\\/vamosporlaliberacion.org\\\/crpmlm\\\/wp-content\\\/uploads\\\/2015\\\/11\\\/vxl25-17.jpg?fit=696%2C469&ssl=1\",\"contentUrl\":\"https:\\\/\\\/i0.wp.com\\\/vamosporlaliberacion.org\\\/crpmlm\\\/wp-content\\\/uploads\\\/2015\\\/11\\\/vxl25-17.jpg?fit=696%2C469&ssl=1\",\"width\":696,\"height\":469},{\"@type\":\"BreadcrumbList\",\"@id\":\"https:\\\/\\\/vamosporlaliberacion.org\\\/crpmlm\\\/hagamos-activo-el-paro-nacional-del-10-de-abril\\\/#breadcrumb\",\"itemListElement\":[{\"@type\":\"ListItem\",\"position\":1,\"name\":\"Portada\",\"item\":\"https:\\\/\\\/vamosporlaliberacion.org\\\/crpmlm\\\/\"},{\"@type\":\"ListItem\",\"position\":2,\"name\":\"Hagamos activo el paro nacional del 10 de abril\"}]},{\"@type\":\"WebSite\",\"@id\":\"https:\\\/\\\/vamosporlaliberacion.org\\\/crpmlm\\\/#website\",\"url\":\"https:\\\/\\\/vamosporlaliberacion.org\\\/crpmlm\\\/\",\"name\":\"Vamos por la Liberaci\u00f3n\",\"description\":\"Prensa CR\",\"potentialAction\":[{\"@type\":\"SearchAction\",\"target\":{\"@type\":\"EntryPoint\",\"urlTemplate\":\"https:\\\/\\\/vamosporlaliberacion.org\\\/crpmlm\\\/?s={search_term_string}\"},\"query-input\":{\"@type\":\"PropertyValueSpecification\",\"valueRequired\":true,\"valueName\":\"search_term_string\"}}],\"inLanguage\":\"es\"},{\"@type\":\"Person\",\"@id\":\"https:\\\/\\\/vamosporlaliberacion.org\\\/crpmlm\\\/#\\\/schema\\\/person\\\/d6eac7758df3770dae9cd9eb104d615c\",\"name\":\"vamos!\",\"url\":\"http:\\\/\\\/vamosporlaliberacion.org\\\/crpmlm\\\/author\\\/adminvxl\\\/\"}]}<\/script>\n<!-- \/ Yoast SEO plugin. -->","yoast_head_json":{"title":"Hagamos activo el paro nacional del 10 de abril - Vamos por la Liberaci\u00f3n","robots":{"index":"index","follow":"follow","max-snippet":"max-snippet:-1","max-image-preview":"max-image-preview:large","max-video-preview":"max-video-preview:-1"},"canonical":"https:\/\/vamosporlaliberacion.org\/crpmlm\/hagamos-activo-el-paro-nacional-del-10-de-abril\/","twitter_misc":{"Escrito por":"vamos!","Tiempo de lectura":"5 minutos"},"schema":{"@context":"https:\/\/schema.org","@graph":[{"@type":"Article","@id":"https:\/\/vamosporlaliberacion.org\/crpmlm\/hagamos-activo-el-paro-nacional-del-10-de-abril\/#article","isPartOf":{"@id":"https:\/\/vamosporlaliberacion.org\/crpmlm\/hagamos-activo-el-paro-nacional-del-10-de-abril\/"},"author":{"name":"vamos!","@id":"https:\/\/vamosporlaliberacion.org\/crpmlm\/#\/schema\/person\/d6eac7758df3770dae9cd9eb104d615c"},"headline":"Hagamos activo el paro nacional del 10 de abril","datePublished":"2014-04-02T00:51:47+00:00","dateModified":"2020-11-06T17:28:00+00:00","mainEntityOfPage":{"@id":"https:\/\/vamosporlaliberacion.org\/crpmlm\/hagamos-activo-el-paro-nacional-del-10-de-abril\/"},"wordCount":1103,"commentCount":0,"image":{"@id":"https:\/\/vamosporlaliberacion.org\/crpmlm\/hagamos-activo-el-paro-nacional-del-10-de-abril\/#primaryimage"},"thumbnailUrl":"https:\/\/i0.wp.com\/vamosporlaliberacion.org\/crpmlm\/wp-content\/uploads\/2015\/11\/vxl25-17.jpg?fit=696%2C469&ssl=1","keywords":["editorial 25"],"articleSection":["Editoriales"],"inLanguage":"es","potentialAction":[{"@type":"CommentAction","name":"Comment","target":["https:\/\/vamosporlaliberacion.org\/crpmlm\/hagamos-activo-el-paro-nacional-del-10-de-abril\/#respond"]}]},{"@type":"WebPage","@id":"https:\/\/vamosporlaliberacion.org\/crpmlm\/hagamos-activo-el-paro-nacional-del-10-de-abril\/","url":"https:\/\/vamosporlaliberacion.org\/crpmlm\/hagamos-activo-el-paro-nacional-del-10-de-abril\/","name":"Hagamos activo el paro nacional del 10 de abril - Vamos por la Liberaci\u00f3n","isPartOf":{"@id":"https:\/\/vamosporlaliberacion.org\/crpmlm\/#website"},"primaryImageOfPage":{"@id":"https:\/\/vamosporlaliberacion.org\/crpmlm\/hagamos-activo-el-paro-nacional-del-10-de-abril\/#primaryimage"},"image":{"@id":"https:\/\/vamosporlaliberacion.org\/crpmlm\/hagamos-activo-el-paro-nacional-del-10-de-abril\/#primaryimage"},"thumbnailUrl":"https:\/\/i0.wp.com\/vamosporlaliberacion.org\/crpmlm\/wp-content\/uploads\/2015\/11\/vxl25-17.jpg?fit=696%2C469&ssl=1","datePublished":"2014-04-02T00:51:47+00:00","dateModified":"2020-11-06T17:28:00+00:00","author":{"@id":"https:\/\/vamosporlaliberacion.org\/crpmlm\/#\/schema\/person\/d6eac7758df3770dae9cd9eb104d615c"},"breadcrumb":{"@id":"https:\/\/vamosporlaliberacion.org\/crpmlm\/hagamos-activo-el-paro-nacional-del-10-de-abril\/#breadcrumb"},"inLanguage":"es","potentialAction":[{"@type":"ReadAction","target":["https:\/\/vamosporlaliberacion.org\/crpmlm\/hagamos-activo-el-paro-nacional-del-10-de-abril\/"]}]},{"@type":"ImageObject","inLanguage":"es","@id":"https:\/\/vamosporlaliberacion.org\/crpmlm\/hagamos-activo-el-paro-nacional-del-10-de-abril\/#primaryimage","url":"https:\/\/i0.wp.com\/vamosporlaliberacion.org\/crpmlm\/wp-content\/uploads\/2015\/11\/vxl25-17.jpg?fit=696%2C469&ssl=1","contentUrl":"https:\/\/i0.wp.com\/vamosporlaliberacion.org\/crpmlm\/wp-content\/uploads\/2015\/11\/vxl25-17.jpg?fit=696%2C469&ssl=1","width":696,"height":469},{"@type":"BreadcrumbList","@id":"https:\/\/vamosporlaliberacion.org\/crpmlm\/hagamos-activo-el-paro-nacional-del-10-de-abril\/#breadcrumb","itemListElement":[{"@type":"ListItem","position":1,"name":"Portada","item":"https:\/\/vamosporlaliberacion.org\/crpmlm\/"},{"@type":"ListItem","position":2,"name":"Hagamos activo el paro nacional del 10 de abril"}]},{"@type":"WebSite","@id":"https:\/\/vamosporlaliberacion.org\/crpmlm\/#website","url":"https:\/\/vamosporlaliberacion.org\/crpmlm\/","name":"Vamos por la Liberaci\u00f3n","description":"Prensa CR","potentialAction":[{"@type":"SearchAction","target":{"@type":"EntryPoint","urlTemplate":"https:\/\/vamosporlaliberacion.org\/crpmlm\/?s={search_term_string}"},"query-input":{"@type":"PropertyValueSpecification","valueRequired":true,"valueName":"search_term_string"}}],"inLanguage":"es"},{"@type":"Person","@id":"https:\/\/vamosporlaliberacion.org\/crpmlm\/#\/schema\/person\/d6eac7758df3770dae9cd9eb104d615c","name":"vamos!","url":"http:\/\/vamosporlaliberacion.org\/crpmlm\/author\/adminvxl\/"}]}},"jetpack_featured_media_url":"https:\/\/i0.wp.com\/vamosporlaliberacion.org\/crpmlm\/wp-content\/uploads\/2015\/11\/vxl25-17.jpg?fit=696%2C469&ssl=1","jetpack_sharing_enabled":true,"_links":{"self":[{"href":"http:\/\/vamosporlaliberacion.org\/crpmlm\/wp-json\/wp\/v2\/posts\/3405","targetHints":{"allow":["GET"]}}],"collection":[{"href":"http:\/\/vamosporlaliberacion.org\/crpmlm\/wp-json\/wp\/v2\/posts"}],"about":[{"href":"http:\/\/vamosporlaliberacion.org\/crpmlm\/wp-json\/wp\/v2\/types\/post"}],"author":[{"embeddable":true,"href":"http:\/\/vamosporlaliberacion.org\/crpmlm\/wp-json\/wp\/v2\/users\/6"}],"replies":[{"embeddable":true,"href":"http:\/\/vamosporlaliberacion.org\/crpmlm\/wp-json\/wp\/v2\/comments?post=3405"}],"version-history":[{"count":1,"href":"http:\/\/vamosporlaliberacion.org\/crpmlm\/wp-json\/wp\/v2\/posts\/3405\/revisions"}],"predecessor-version":[{"id":21885,"href":"http:\/\/vamosporlaliberacion.org\/crpmlm\/wp-json\/wp\/v2\/posts\/3405\/revisions\/21885"}],"wp:featuredmedia":[{"embeddable":true,"href":"http:\/\/vamosporlaliberacion.org\/crpmlm\/wp-json\/wp\/v2\/media\/3419"}],"wp:attachment":[{"href":"http:\/\/vamosporlaliberacion.org\/crpmlm\/wp-json\/wp\/v2\/media?parent=3405"}],"wp:term":[{"taxonomy":"category","embeddable":true,"href":"http:\/\/vamosporlaliberacion.org\/crpmlm\/wp-json\/wp\/v2\/categories?post=3405"},{"taxonomy":"post_tag","embeddable":true,"href":"http:\/\/vamosporlaliberacion.org\/crpmlm\/wp-json\/wp\/v2\/tags?post=3405"}],"curies":[{"name":"wp","href":"https:\/\/api.w.org\/{rel}","templated":true}]}}