{"id":3294,"date":"2014-03-09T21:31:43","date_gmt":"2014-03-10T00:31:43","guid":{"rendered":"http:\/\/vamosporlaliberacion.org\/crpmlm\/?p=3294"},"modified":"2020-11-06T14:15:05","modified_gmt":"2020-11-06T17:15:05","slug":"desde-abajo-paro-nacional","status":"publish","type":"post","link":"http:\/\/vamosporlaliberacion.org\/crpmlm\/desde-abajo-paro-nacional\/","title":{"rendered":"Desde abajo, paro nacional"},"content":{"rendered":"<h3><strong>Cristina Kirchner en la Asamblea Legislativa<\/strong><\/h3>\n<p>La presidenta habl\u00f3 sobre la inversi\u00f3n en educaci\u00f3n y los salarios de los trabajadores docentes y el \u201cpresentismo\u201d. All\u00ed volvi\u00f3 a atacarlos al hacer una larga historia de los docentes que concurren todo el a\u00f1o y no abandonan a sus alumnos. Un ataque en la misma direcci\u00f3n que el a\u00f1o pasado, cuando dijo: \u201ctienen 4 meses de vacaciones y se quejan\u201d. Ahora, el \u201cpresentismo\u201d es en realidad una amenaza para todo docente que se atreva a parar. De esta manera, y con su propuesta de 22% de aumento salarial en tres veces, muestra el rostro reaccionario del neodesarrollismo con los trabajadores.<\/p>\n<p>Tambi\u00e9n, desde esta misma posici\u00f3n, habl\u00f3 sobre los presos de Las Heras, que ya ten\u00edan la condena de la Justicia en primera instancia. Y ahora sum\u00f3 la condena pol\u00edtica desde el v\u00e9rtice mismo del Ejecutivo. <\/p>\n<p>Pero no se qued\u00f3 all\u00ed, sino que conden\u00f3 tambi\u00e9n la metodolog\u00eda de corte ruta, justific\u00f3 la represi\u00f3n e invit\u00f3 a otros exponentes de las clases dominantes (muchos en la sala) a unirse legalmente tras este objetivo. Algunos opositores como Macri aplaudieron la iniciativa. As\u00ed es el neodesarrollismo: no le tiembla la mano para reprimir, ahora sin la m\u00e1scara nac &#038; pop.<\/p>\n<p>Encontr\u00f3 CFK el \u00e1mbito ideal para defender el acuerdo entreguista con Repsol, y aclar\u00f3 el panorama de por qu\u00e9 los sectores dominantes y los monopolios imperialistas deben apoyar lo realizado por el gobierno, ya que les garantiza reembolsos millonarios a futuro. Y desarroll\u00f3 detalladamente c\u00f3mo hicieron miles de millones con la privatizaci\u00f3n de YPF. <\/p>\n<h3><strong>Arranc\u00f3 la paritaria, arranc\u00f3 la lucha<\/strong><\/h3>\n<p>Por todo el pa\u00eds se van multiplicando los paros y movilizaciones por salario y contra los despidos. Los estatales, en particular los docentes ya anunciaron paros en varias provincias y son masivas las asambleas de delegados como la convocada por las seccionales opositoras de SUTEBA con m\u00e1s de 500 delegados en Quilmes.<\/p>\n<p>En Tierra del Fuego se rechaz\u00f3 el ofrecimiento del 30% y arranc\u00f3 masivamente el paro provincial con movilizaci\u00f3n.<br \/>\nEn la Ciudad de Buenos Aires los docentes van al paro y es masiva la presencia de los padres en los distritos contra la falta de vacantes.<\/p>\n<p>Diversas organizaciones sociales, ocuparon el Ministerio de Desarrollo Econ\u00f3mico de la Ciudad por aumento para las cooperativas de trabajo. <\/p>\n<p>El 5 de marzo se realiza el paro nacional de estatales convocado desde la CTA. Tambi\u00e9n CTERA finalmente ratific\u00f3 paro de 48hs, empujado por las regionales que ya hab\u00edan definido parar. Confluyen adem\u00e1s gremios de otras centrales. La FESPROSA hab\u00eda denunciado que \u201cestamos en presencia de un pacto de gobernabilidad que abarca al gobierno, buena parte de la oposici\u00f3n y las centrales oficialistas, a las que se ha sumado la CGT Moyano. El acuerdo es mirar para el costado cuando se trata de recortar el salario real de millones de trabajadores\u201d.<\/p>\n<h3><strong>En la industria: salarios a la baja y despidos<\/strong><\/h3>\n<p>En la industria hay consenso entre los jerarcas sindicales y los empresarios en pactar un aumento de salario que promedie el 30 o 31%. La inflaci\u00f3n anunciada por el gobierno de 3,7% en proyecci\u00f3n anual ser\u00eda m\u00e1s del 50%, entonces, si se pacta un aumento del 30% anual, en realidad se estar\u00eda rebajando por lo menos un 20% el salario.<\/p>\n<p>Junto con esto, la devaluaci\u00f3n impact\u00f3 seriamente en una econom\u00eda que reforz\u00f3 en estos 10 a\u00f1os la dependencia de nuestro pa\u00eds. Los componentes importados que en ramas de la industria significa un 70% u 80% elevaron sus precios con un d\u00f3lar importaci\u00f3n a 10 pesos m\u00e1s el faltante de piezas. Ante esta situaci\u00f3n, y para no perder, las patronales las trasladaron a suspensiones y despidos. <\/p>\n<p>Volkswagen anunci\u00f3 la suspensi\u00f3n de un turno completo. En la provincia de C\u00f3rdoba tres autopartistas cordobesas fueron tomadas por sus obreros por el despido de trabajadores en el inicio de las negociaciones salariales. Las empresas en conflicto son Valeo (francesa); Rieter (suizos); y Allevard Rejna de capitales europeos.<\/p>\n<p>En la electr\u00f3nica son miles los despedidos en Tierra del Fuego. Los metal\u00fargicos de Emfer de la localidad de San Mart\u00edn, cortaron la av. Gral Paz por varias horas por la fuente de trabajo y salario. Las trabajadoras de Kromberg siguen la lucha por la reincorporaci\u00f3n de los despedidos, donde la justicia orden\u00f3 reincorporaci\u00f3n pero la patronal desobedece. <\/p>\n<p>Los trabajadores de la carne est\u00e1n trabajando a reglamento y denuncian que se han perdido en la d\u00e9cada ganada m\u00e1s de 20 mil puestos de trabajo y 138 frigor\u00edficos cerrados. Tambi\u00e9n piden un 35% de aumento. <\/p>\n<p>La empresa Nextel Argentina mand\u00f3 200 telegramas de despidos (un 10% del personal).<\/p>\n<p>Sigue la lucha de los trabajadores de la Editorial Perfil contra los despidos.<\/p>\n<h3><strong>Alivio por arriba, que pagan los de abajo<\/strong><\/h3>\n<p>\u201cLas medidas sobre el mercado cambiario que tom\u00f3 el Banco Central trajeron cierto alivio, entonces hay que aprovechar la calma y estabilizar las variables econ\u00f3micas\u201d. \u201cReconozco ciertas medidas que se tomaron, como recuperar el escenario cambiario, reconocer la inflaci\u00f3n, fomentar la inversi\u00f3n, etc. El Reconocimiento inflacionario del nuevo \u00cdndice de Precios fue definitivamente un avance\u201d. Esto dec\u00eda Ignacio de Mendiguren, de la UIA, y diputado del Frente Renovador, graficando en gran medida el sentir, hoy por hoy, del conjunto de las clases dominantes. Luego se permiti\u00f3 plantear reformular las paritarias en un contexto inflacionario y que hab\u00eda que postergar la discusi\u00f3n. <\/p>\n<p>La reuni\u00f3n de la UIA con la UOM y SMATA, mostr\u00f3 el acuerdo de la \u201csant\u00edsima trinidad\u201d (gobierno, patronal y jerarcas) luego de las medidas econ\u00f3micas tomadas por el gobierno, es una de las caracter\u00edstica de los tiempos que corren.<\/p>\n<p>Al calor de estos acuerdos moment\u00e1neos, se tejen las alianzas pol\u00edticas hacia el 2015 y se agita el tablero de la disputa pol\u00edtica. El peronismo es la caja de resonancia de la disputa de poder. El apoyo de Eduardo Duhalde a la candidatura de Scioli para el 2015 sacudi\u00f3 la interna del PJ. Duhalde propone la formula \u201cScioli presidente y Massa gobernador\u201d, ya salieron desde el Frente Renovador a castigar al ex presidente. Falta mucho todav\u00eda, pero \u201clos melones se van acomodando\u201d. \u00bfEl kirchnerismo enfrentar\u00e1 o acordar\u00e1 con condiciones? <\/p>\n<h3><strong>Vamos al paro nacional<\/strong><\/h3>\n<p>Frente al acuerdo por arriba para hacer pasar el ajustazo y la represi\u00f3n, avanza por abajo la voluntad de unidad y lucha como la que se ven a lo largo de nuestro pa\u00eds.<\/p>\n<p>Frente a esta realidad, es necesario profundizar la coordinaci\u00f3n de los sectores combativos y clasistas de los trabajadores que prepare desde abajo el PARO NACIONAL con cortes de rutas y un plan de lucha, que masifique las jornadas del 8 de marzo en el d\u00eda internacional de la mujer trabajadora, as\u00ed como el paro nacional de estatales desde el 5 de marzo y la jornada nacional del 12 convocada por la CTA y otras organizaciones. Un plan de lucha que plantee las urgencias econ\u00f3micas y reivindicativas exigiendo impuestazo a los terratenientes, monopolios y bancos. <\/p>\n<p>Y que tambi\u00e9n se integre a un programa para la liberaci\u00f3n nacional y social, \u00fanico camino revolucionario para terminar con la dependencia al imperialismo y la propiedad terrateniente, causas de los males de fondo que padece el pueblo argentino.<\/p>\n<!-- AddThis Advanced Settings generic via filter on the_content --><!-- AddThis Share Buttons generic via filter on the_content -->","protected":false},"excerpt":{"rendered":"<p>Cristina Kirchner en la Asamblea Legislativa La presidenta habl\u00f3 sobre la inversi\u00f3n en educaci\u00f3n y los salarios de los trabajadores docentes y el \u201cpresentismo\u201d. All\u00ed volvi\u00f3 a atacarlos al hacer una larga historia de los docentes que concurren todo el a\u00f1o y no abandonan a sus alumnos. Un ataque en la misma direcci\u00f3n que el [&hellip;]<!-- AddThis Advanced Settings generic via filter on get_the_excerpt --><!-- AddThis Share Buttons generic via filter on get_the_excerpt --><\/p>\n","protected":false},"author":6,"featured_media":3297,"comment_status":"open","ping_status":"open","sticky":false,"template":"","format":"standard","meta":{"_jetpack_memberships_contains_paid_content":false,"footnotes":""},"categories":[1881],"tags":[423],"class_list":{"0":"post-3294","1":"post","2":"type-post","3":"status-publish","4":"format-standard","5":"has-post-thumbnail","7":"category-editoriales","8":"tag-editorial-23"},"yoast_head":"<!-- This site is optimized with the Yoast SEO plugin v27.4 - https:\/\/yoast.com\/product\/yoast-seo-wordpress\/ -->\n<title>Desde abajo, paro nacional - Vamos por la Liberaci\u00f3n<\/title>\n<meta name=\"robots\" content=\"index, follow, max-snippet:-1, max-image-preview:large, max-video-preview:-1\" \/>\n<link rel=\"canonical\" href=\"https:\/\/vamosporlaliberacion.org\/crpmlm\/desde-abajo-paro-nacional\/\" \/>\n<meta name=\"twitter:label1\" content=\"Escrito por\" \/>\n\t<meta name=\"twitter:data1\" content=\"vamos!\" \/>\n\t<meta name=\"twitter:label2\" content=\"Tiempo de lectura\" \/>\n\t<meta name=\"twitter:data2\" content=\"6 minutos\" \/>\n<script type=\"application\/ld+json\" class=\"yoast-schema-graph\">{\"@context\":\"https:\\\/\\\/schema.org\",\"@graph\":[{\"@type\":\"Article\",\"@id\":\"https:\\\/\\\/vamosporlaliberacion.org\\\/crpmlm\\\/desde-abajo-paro-nacional\\\/#article\",\"isPartOf\":{\"@id\":\"https:\\\/\\\/vamosporlaliberacion.org\\\/crpmlm\\\/desde-abajo-paro-nacional\\\/\"},\"author\":{\"name\":\"vamos!\",\"@id\":\"https:\\\/\\\/vamosporlaliberacion.org\\\/crpmlm\\\/#\\\/schema\\\/person\\\/d6eac7758df3770dae9cd9eb104d615c\"},\"headline\":\"Desde abajo, paro nacional\",\"datePublished\":\"2014-03-10T00:31:43+00:00\",\"dateModified\":\"2020-11-06T17:15:05+00:00\",\"mainEntityOfPage\":{\"@id\":\"https:\\\/\\\/vamosporlaliberacion.org\\\/crpmlm\\\/desde-abajo-paro-nacional\\\/\"},\"wordCount\":1229,\"commentCount\":0,\"image\":{\"@id\":\"https:\\\/\\\/vamosporlaliberacion.org\\\/crpmlm\\\/desde-abajo-paro-nacional\\\/#primaryimage\"},\"thumbnailUrl\":\"https:\\\/\\\/i0.wp.com\\\/vamosporlaliberacion.org\\\/crpmlm\\\/wp-content\\\/uploads\\\/2015\\\/11\\\/vxl23-18.jpg?fit=696%2C469&ssl=1\",\"keywords\":[\"editorial 23\"],\"articleSection\":[\"Editoriales\"],\"inLanguage\":\"es\",\"potentialAction\":[{\"@type\":\"CommentAction\",\"name\":\"Comment\",\"target\":[\"https:\\\/\\\/vamosporlaliberacion.org\\\/crpmlm\\\/desde-abajo-paro-nacional\\\/#respond\"]}]},{\"@type\":\"WebPage\",\"@id\":\"https:\\\/\\\/vamosporlaliberacion.org\\\/crpmlm\\\/desde-abajo-paro-nacional\\\/\",\"url\":\"https:\\\/\\\/vamosporlaliberacion.org\\\/crpmlm\\\/desde-abajo-paro-nacional\\\/\",\"name\":\"Desde abajo, paro nacional - Vamos por la Liberaci\u00f3n\",\"isPartOf\":{\"@id\":\"https:\\\/\\\/vamosporlaliberacion.org\\\/crpmlm\\\/#website\"},\"primaryImageOfPage\":{\"@id\":\"https:\\\/\\\/vamosporlaliberacion.org\\\/crpmlm\\\/desde-abajo-paro-nacional\\\/#primaryimage\"},\"image\":{\"@id\":\"https:\\\/\\\/vamosporlaliberacion.org\\\/crpmlm\\\/desde-abajo-paro-nacional\\\/#primaryimage\"},\"thumbnailUrl\":\"https:\\\/\\\/i0.wp.com\\\/vamosporlaliberacion.org\\\/crpmlm\\\/wp-content\\\/uploads\\\/2015\\\/11\\\/vxl23-18.jpg?fit=696%2C469&ssl=1\",\"datePublished\":\"2014-03-10T00:31:43+00:00\",\"dateModified\":\"2020-11-06T17:15:05+00:00\",\"author\":{\"@id\":\"https:\\\/\\\/vamosporlaliberacion.org\\\/crpmlm\\\/#\\\/schema\\\/person\\\/d6eac7758df3770dae9cd9eb104d615c\"},\"breadcrumb\":{\"@id\":\"https:\\\/\\\/vamosporlaliberacion.org\\\/crpmlm\\\/desde-abajo-paro-nacional\\\/#breadcrumb\"},\"inLanguage\":\"es\",\"potentialAction\":[{\"@type\":\"ReadAction\",\"target\":[\"https:\\\/\\\/vamosporlaliberacion.org\\\/crpmlm\\\/desde-abajo-paro-nacional\\\/\"]}]},{\"@type\":\"ImageObject\",\"inLanguage\":\"es\",\"@id\":\"https:\\\/\\\/vamosporlaliberacion.org\\\/crpmlm\\\/desde-abajo-paro-nacional\\\/#primaryimage\",\"url\":\"https:\\\/\\\/i0.wp.com\\\/vamosporlaliberacion.org\\\/crpmlm\\\/wp-content\\\/uploads\\\/2015\\\/11\\\/vxl23-18.jpg?fit=696%2C469&ssl=1\",\"contentUrl\":\"https:\\\/\\\/i0.wp.com\\\/vamosporlaliberacion.org\\\/crpmlm\\\/wp-content\\\/uploads\\\/2015\\\/11\\\/vxl23-18.jpg?fit=696%2C469&ssl=1\",\"width\":696,\"height\":469},{\"@type\":\"BreadcrumbList\",\"@id\":\"https:\\\/\\\/vamosporlaliberacion.org\\\/crpmlm\\\/desde-abajo-paro-nacional\\\/#breadcrumb\",\"itemListElement\":[{\"@type\":\"ListItem\",\"position\":1,\"name\":\"Portada\",\"item\":\"https:\\\/\\\/vamosporlaliberacion.org\\\/crpmlm\\\/\"},{\"@type\":\"ListItem\",\"position\":2,\"name\":\"Desde abajo, paro nacional\"}]},{\"@type\":\"WebSite\",\"@id\":\"https:\\\/\\\/vamosporlaliberacion.org\\\/crpmlm\\\/#website\",\"url\":\"https:\\\/\\\/vamosporlaliberacion.org\\\/crpmlm\\\/\",\"name\":\"Vamos por la Liberaci\u00f3n\",\"description\":\"Prensa CR\",\"potentialAction\":[{\"@type\":\"SearchAction\",\"target\":{\"@type\":\"EntryPoint\",\"urlTemplate\":\"https:\\\/\\\/vamosporlaliberacion.org\\\/crpmlm\\\/?s={search_term_string}\"},\"query-input\":{\"@type\":\"PropertyValueSpecification\",\"valueRequired\":true,\"valueName\":\"search_term_string\"}}],\"inLanguage\":\"es\"},{\"@type\":\"Person\",\"@id\":\"https:\\\/\\\/vamosporlaliberacion.org\\\/crpmlm\\\/#\\\/schema\\\/person\\\/d6eac7758df3770dae9cd9eb104d615c\",\"name\":\"vamos!\",\"url\":\"http:\\\/\\\/vamosporlaliberacion.org\\\/crpmlm\\\/author\\\/adminvxl\\\/\"}]}<\/script>\n<!-- \/ Yoast SEO plugin. -->","yoast_head_json":{"title":"Desde abajo, paro nacional - Vamos por la Liberaci\u00f3n","robots":{"index":"index","follow":"follow","max-snippet":"max-snippet:-1","max-image-preview":"max-image-preview:large","max-video-preview":"max-video-preview:-1"},"canonical":"https:\/\/vamosporlaliberacion.org\/crpmlm\/desde-abajo-paro-nacional\/","twitter_misc":{"Escrito por":"vamos!","Tiempo de lectura":"6 minutos"},"schema":{"@context":"https:\/\/schema.org","@graph":[{"@type":"Article","@id":"https:\/\/vamosporlaliberacion.org\/crpmlm\/desde-abajo-paro-nacional\/#article","isPartOf":{"@id":"https:\/\/vamosporlaliberacion.org\/crpmlm\/desde-abajo-paro-nacional\/"},"author":{"name":"vamos!","@id":"https:\/\/vamosporlaliberacion.org\/crpmlm\/#\/schema\/person\/d6eac7758df3770dae9cd9eb104d615c"},"headline":"Desde abajo, paro nacional","datePublished":"2014-03-10T00:31:43+00:00","dateModified":"2020-11-06T17:15:05+00:00","mainEntityOfPage":{"@id":"https:\/\/vamosporlaliberacion.org\/crpmlm\/desde-abajo-paro-nacional\/"},"wordCount":1229,"commentCount":0,"image":{"@id":"https:\/\/vamosporlaliberacion.org\/crpmlm\/desde-abajo-paro-nacional\/#primaryimage"},"thumbnailUrl":"https:\/\/i0.wp.com\/vamosporlaliberacion.org\/crpmlm\/wp-content\/uploads\/2015\/11\/vxl23-18.jpg?fit=696%2C469&ssl=1","keywords":["editorial 23"],"articleSection":["Editoriales"],"inLanguage":"es","potentialAction":[{"@type":"CommentAction","name":"Comment","target":["https:\/\/vamosporlaliberacion.org\/crpmlm\/desde-abajo-paro-nacional\/#respond"]}]},{"@type":"WebPage","@id":"https:\/\/vamosporlaliberacion.org\/crpmlm\/desde-abajo-paro-nacional\/","url":"https:\/\/vamosporlaliberacion.org\/crpmlm\/desde-abajo-paro-nacional\/","name":"Desde abajo, paro nacional - Vamos por la Liberaci\u00f3n","isPartOf":{"@id":"https:\/\/vamosporlaliberacion.org\/crpmlm\/#website"},"primaryImageOfPage":{"@id":"https:\/\/vamosporlaliberacion.org\/crpmlm\/desde-abajo-paro-nacional\/#primaryimage"},"image":{"@id":"https:\/\/vamosporlaliberacion.org\/crpmlm\/desde-abajo-paro-nacional\/#primaryimage"},"thumbnailUrl":"https:\/\/i0.wp.com\/vamosporlaliberacion.org\/crpmlm\/wp-content\/uploads\/2015\/11\/vxl23-18.jpg?fit=696%2C469&ssl=1","datePublished":"2014-03-10T00:31:43+00:00","dateModified":"2020-11-06T17:15:05+00:00","author":{"@id":"https:\/\/vamosporlaliberacion.org\/crpmlm\/#\/schema\/person\/d6eac7758df3770dae9cd9eb104d615c"},"breadcrumb":{"@id":"https:\/\/vamosporlaliberacion.org\/crpmlm\/desde-abajo-paro-nacional\/#breadcrumb"},"inLanguage":"es","potentialAction":[{"@type":"ReadAction","target":["https:\/\/vamosporlaliberacion.org\/crpmlm\/desde-abajo-paro-nacional\/"]}]},{"@type":"ImageObject","inLanguage":"es","@id":"https:\/\/vamosporlaliberacion.org\/crpmlm\/desde-abajo-paro-nacional\/#primaryimage","url":"https:\/\/i0.wp.com\/vamosporlaliberacion.org\/crpmlm\/wp-content\/uploads\/2015\/11\/vxl23-18.jpg?fit=696%2C469&ssl=1","contentUrl":"https:\/\/i0.wp.com\/vamosporlaliberacion.org\/crpmlm\/wp-content\/uploads\/2015\/11\/vxl23-18.jpg?fit=696%2C469&ssl=1","width":696,"height":469},{"@type":"BreadcrumbList","@id":"https:\/\/vamosporlaliberacion.org\/crpmlm\/desde-abajo-paro-nacional\/#breadcrumb","itemListElement":[{"@type":"ListItem","position":1,"name":"Portada","item":"https:\/\/vamosporlaliberacion.org\/crpmlm\/"},{"@type":"ListItem","position":2,"name":"Desde abajo, paro nacional"}]},{"@type":"WebSite","@id":"https:\/\/vamosporlaliberacion.org\/crpmlm\/#website","url":"https:\/\/vamosporlaliberacion.org\/crpmlm\/","name":"Vamos por la Liberaci\u00f3n","description":"Prensa CR","potentialAction":[{"@type":"SearchAction","target":{"@type":"EntryPoint","urlTemplate":"https:\/\/vamosporlaliberacion.org\/crpmlm\/?s={search_term_string}"},"query-input":{"@type":"PropertyValueSpecification","valueRequired":true,"valueName":"search_term_string"}}],"inLanguage":"es"},{"@type":"Person","@id":"https:\/\/vamosporlaliberacion.org\/crpmlm\/#\/schema\/person\/d6eac7758df3770dae9cd9eb104d615c","name":"vamos!","url":"http:\/\/vamosporlaliberacion.org\/crpmlm\/author\/adminvxl\/"}]}},"jetpack_featured_media_url":"https:\/\/i0.wp.com\/vamosporlaliberacion.org\/crpmlm\/wp-content\/uploads\/2015\/11\/vxl23-18.jpg?fit=696%2C469&ssl=1","jetpack_sharing_enabled":true,"_links":{"self":[{"href":"http:\/\/vamosporlaliberacion.org\/crpmlm\/wp-json\/wp\/v2\/posts\/3294","targetHints":{"allow":["GET"]}}],"collection":[{"href":"http:\/\/vamosporlaliberacion.org\/crpmlm\/wp-json\/wp\/v2\/posts"}],"about":[{"href":"http:\/\/vamosporlaliberacion.org\/crpmlm\/wp-json\/wp\/v2\/types\/post"}],"author":[{"embeddable":true,"href":"http:\/\/vamosporlaliberacion.org\/crpmlm\/wp-json\/wp\/v2\/users\/6"}],"replies":[{"embeddable":true,"href":"http:\/\/vamosporlaliberacion.org\/crpmlm\/wp-json\/wp\/v2\/comments?post=3294"}],"version-history":[{"count":1,"href":"http:\/\/vamosporlaliberacion.org\/crpmlm\/wp-json\/wp\/v2\/posts\/3294\/revisions"}],"predecessor-version":[{"id":21872,"href":"http:\/\/vamosporlaliberacion.org\/crpmlm\/wp-json\/wp\/v2\/posts\/3294\/revisions\/21872"}],"wp:featuredmedia":[{"embeddable":true,"href":"http:\/\/vamosporlaliberacion.org\/crpmlm\/wp-json\/wp\/v2\/media\/3297"}],"wp:attachment":[{"href":"http:\/\/vamosporlaliberacion.org\/crpmlm\/wp-json\/wp\/v2\/media?parent=3294"}],"wp:term":[{"taxonomy":"category","embeddable":true,"href":"http:\/\/vamosporlaliberacion.org\/crpmlm\/wp-json\/wp\/v2\/categories?post=3294"},{"taxonomy":"post_tag","embeddable":true,"href":"http:\/\/vamosporlaliberacion.org\/crpmlm\/wp-json\/wp\/v2\/tags?post=3294"}],"curies":[{"name":"wp","href":"https:\/\/api.w.org\/{rel}","templated":true}]}}