{"id":3070,"date":"2015-01-27T19:26:24","date_gmt":"2015-01-27T22:26:24","guid":{"rendered":"http:\/\/vamosporlaliberacion.org\/crpmlm\/?p=3070"},"modified":"2020-11-06T14:29:30","modified_gmt":"2020-11-06T17:29:30","slug":"todo-huele-a-podrido","status":"publish","type":"post","link":"http:\/\/vamosporlaliberacion.org\/crpmlm\/todo-huele-a-podrido\/","title":{"rendered":"Todo huele a podrido"},"content":{"rendered":"<h3><strong>La causa AMIA y las maniobras<\/strong><\/h3>\n<p>El atentado a la AMIA se produjo el 18 de julio de 1994. Murieron 85 personas y m\u00e1s de 300 fueron heridas. Este hecho ocurri\u00f3 durante el gobierno de Carlos Menem, quien resolvi\u00f3 que el Estado argentino participara con dos fragatas en la guerra del Golfo contra Irak en 1991 como parte de la coalici\u00f3n encabezada por el imperialismo yanqui. En 1992 ya se hab\u00eda producido el atentado a la Embajada de Israel. Estos son los antecedentes inmediatos al atentado en la AMIA. <\/p>\n<p>Luego de este segundo atentado, el gobierno de Carlos Menem, desde la SIDE, y el juez Galeano llevaron adelante un plan para sepultar bajo un manto de ocultamiento tanto a los responsables como el trasfondo pol\u00edtico de los atentados, de la misma manera que lo hizo luego con el asesinato de su propio hijo.<\/p>\n<p>Al asumir el kirchnerismo continu\u00f3 los acuerdos de los gobiernos previos con EEUU e Israel y se avanz\u00f3 en el armado de la causa apuntando contra Ir\u00e1n. El propio N\u00e9stor Kirchner design\u00f3 al frente de la causa AMIA al fiscal Alberto Nisman y lo puso a trabajar con el servicio de inteligencia \u201cJaime\u201d Stiusso, quien ascendi\u00f3 en la SIDE durante la dictadura.<\/p>\n<p>Pero en los \u00faltimos a\u00f1os el kirchnerismo comenz\u00f3 un replanteo de su pol\u00edtica exterior con respecto a Ir\u00e1n. Entonces busc\u00f3 desandar el rumbo que transit\u00f3 en la causa AMIA durante una d\u00e9cada siguiendo los informes de la CIA y el Mossad, y aprob\u00f3 en el Congreso el Memor\u00e1ndum de entendimiento con Ir\u00e1n. Tambi\u00e9n todo esto es parte de una pol\u00edtica que \u2013desde un inicio\u2013 fue profundizando el alineamiento y los acuerdos de la Argentina con China.<\/p>\n<h3><strong>De fiscales y servicios<\/strong><\/h3>\n<p>Producido el atentado contra Charlie Hebdo en Francia, Clar\u00edn acus\u00f3 al gobierno de no participar de la movilizaci\u00f3n en Par\u00eds y Nisman adelant\u00f3 su regreso a la Argentina para contragolpear con su denuncia sobre la causa AMIA.<\/p>\n<p>La crisis se hab\u00eda agudizado luego de que desde el Ejecutivo se desplaz\u00f3 a la cabeza de la SIDE y \u201creferentes\u201d hist\u00f3ricos como el propio Stiusso. Crisis que ya ven\u00eda agitando la interna en el gobierno con otros esp\u00edas de peso como Larcher y Pocino, y el asesinato en manos de un grupo especial de la Polic\u00eda de la Provincia de Buenos Aires del agente conocido como \u201cel Lauch\u00f3n\u201d.<\/p>\n<p>En el mismo tiempo el gobierno desat\u00f3 la ofensiva desde la Procuradur\u00eda a cargo de Girls Carb\u00f3 para desplazar a los fiscales vinculados con la oposici\u00f3n y poner fiscales \u201cleales\u201d al Ejecutivo. Precisamente el fiscal Nisman, como parte de otro sector de las clases dominantes, hab\u00eda entrado en contradicci\u00f3n con el Ejecutivo a partir del acuerdo con Ir\u00e1n y ven\u00eda preparando la denuncia contra la presidenta. Su denuncia, como se\u00f1ala un sector de familiares de las victimas de la AMIA, no involucra a la misma SIDE, principal responsable del encubrimiento durante veinte a\u00f1os, se mostr\u00f3 en el multimedio Clar\u00edn \u2013que le brind\u00f3 la plataforma medi\u00e1tica\u2013, pero se neg\u00f3 a mostrar la acusaci\u00f3n y la entrega de una copia a los querellantes en la causa, aduciendo \u201ccontener informaci\u00f3n clasificada\u201d.<\/p>\n<p>Nisman acord\u00f3 con un sector de la oposici\u00f3n declarar en el Congreso de la Naci\u00f3n. Ya a esta altura el jefe de la Interpol hab\u00eda salido a desmentirlo apoyando la postura de Timerman en cuanto a las alertas rojas, la jueza Servini de Cubr\u00eda no habilit\u00f3 la feria judicial y el kirchnerismo le iba a recordar que WikiLeaks public\u00f3 documentos clasificados de la embajada norteamericana en Buenos Aires por los cuales se sabe que Nisman le informaba puntualmente de todos sus pasos al FBI \u2013a veces antes de darlos\u2013, no le informaba al juez de la causa Canicoba Corral y ten\u00eda trabajando para \u00e9l a servicios de inteligencia que no integrar\u00edan la SI. Un fiscal \u201cde la Naci\u00f3n\u201d que se trasladaba en un auto de una empresa de la CIA. As\u00ed se preparaba esta contienda en el terreno pol\u00edtico hasta que el domingo a la noche Nisman apareci\u00f3 muerto.<\/p>\n<p>El oficialismo trat\u00f3 de imponer entonces que esta maniobra es parte de un plan desestabilizador de sectores de la oposici\u00f3n y que Nisman se habr\u00eda suicidado por lo endeble de su denuncia. No logr\u00f3 imponer la tesis del suicidio y pas\u00f3 a denunciar que Nisman fue instrumentado: \u201clo usaron vivo y despu\u00e9s lo necesitaban muerto\u201d, sostuvo la presidenta girando a la tesis del homicidio. \u201cLa verdadera operaci\u00f3n contra el Gobierno era la muerte del fiscal despu\u00e9s de acusar a la presidenta, a su canciller y al secretario general de La C\u00e1mpora de ser encubridores de los iran\u00edes acusados por el atentado terrorista de la AMIA\u201d, afirm\u00f3. Esta tesis luego fue apoyada por el Congreso del PJ. Entonces el kirchnerismo apunt\u00f3 a Stiusso y denunci\u00f3 v\u00ednculos con la CIA y el Mossad.<\/p>\n<p>Por su parte, La Naci\u00f3n public\u00f3 que allegados a Stiusso \u201cresponsabilizan, por lo bajo, por la muerte de Nisman al jefe del Ej\u00e9rcito, teniente general Cesar Milani, a quien le atribuyen el control de la inteligencia militar y local\u201d. Y sobre los potenciales responsables, Clar\u00edn lanz\u00f3: \u201cLos elementos desplazados de la Secretar\u00eda de Inteligencia est\u00e1n en la mira. Pero bien podr\u00eda echarse un vistazo sobre servicios extranjeros. Y tambi\u00e9n sobre el sector m\u00e1s af\u00edn y que cuenta con m\u00e1s recursos: el que responde al jefe del Ej\u00e9rcito, teniente general C\u00e9sar Milani.\u201d<\/p>\n<p>Lo que est\u00e1 claro es que tanto una facci\u00f3n como otra disputan la hegemon\u00eda en el bloque de clases dominantes y el control del Estado, y todo indica que en el futuro inmediato estas contradicciones se agudizar\u00e1n.<\/p>\n<h3><strong>\u00bfY el pueblo?<\/strong><\/h3>\n<p>Frente a esta realidad es fundamental que los sectores populares se manejen con independencia de clase, y avancen en la lucha por la independencia de nuestro pa\u00eds frente a la disputa entre las potencias imperialistas que se agudiza en el mundo. De lo contrario ser\u00e1n miserablemente usados por esta lucha entre los que detentan el poder en la Argentina.<\/p>\n<p>Por eso es necesario profundizar la lucha y aprovechar ahora todas las ventajas que dejan la puja de los de arriba para exigir que se abran los archivos de la ex SIDE (no s\u00f3lo la desclasificaci\u00f3n digitada por el gobierno), que adem\u00e1s de ser instrumento de la disputa entre sectores de las clases dominantes tienen como blanco a las organizaciones populares (como qued\u00f3 en evidencia con el Proyecto X de la Gendarmer\u00eda, por citar s\u00f3lo un ejemplo reciente). Y seguir la lucha por la derogaci\u00f3n de la Ley Antiterrorista, el esclarecimiento de la desaparici\u00f3n de Julio L\u00f3pez, la justicia para ni\u00f1o qom N\u00e9stor Femen\u00eda muerto por desnutrici\u00f3n en el Chaco y tantos otros como \u00e9l, los cr\u00edmenes de luchadores populares as\u00ed como garantizar las urgencias populares.<\/p>\n<p>Pero s\u00f3lo profundizando el camino revolucionario de la liberaci\u00f3n nacional y social que destruya este Estado olig\u00e1rquico imperialista, instrumento de opresi\u00f3n e impunidad, se podr\u00e1 garantizar, con un gobierno popular, la verdadera investigaci\u00f3n independiente que barra con la impunidad, juzgue y condene a todos los responsables de esta causa como de las otras que golpean al pueblo argentino.<\/p>\n<!-- AddThis Advanced Settings generic via filter on the_content --><!-- AddThis Share Buttons generic via filter on the_content -->","protected":false},"excerpt":{"rendered":"<p>La causa AMIA y las maniobras El atentado a la AMIA se produjo el 18 de julio de 1994. Murieron 85 personas y m\u00e1s de 300 fueron heridas. Este hecho ocurri\u00f3 durante el gobierno de Carlos Menem, quien resolvi\u00f3 que el Estado argentino participara con dos fragatas en la guerra del Golfo contra Irak en [&hellip;]<!-- AddThis Advanced Settings generic via filter on get_the_excerpt --><!-- AddThis Share Buttons generic via filter on get_the_excerpt --><\/p>\n","protected":false},"author":6,"featured_media":3076,"comment_status":"open","ping_status":"open","sticky":false,"template":"","format":"standard","meta":{"_jetpack_memberships_contains_paid_content":false,"footnotes":""},"categories":[1881],"tags":[402],"class_list":{"0":"post-3070","1":"post","2":"type-post","3":"status-publish","4":"format-standard","5":"has-post-thumbnail","7":"category-editoriales","8":"tag-editorial-44"},"yoast_head":"<!-- This site is optimized with the Yoast SEO plugin v27.4 - https:\/\/yoast.com\/product\/yoast-seo-wordpress\/ -->\n<title>Todo huele a podrido - Vamos por la Liberaci\u00f3n<\/title>\n<meta name=\"robots\" content=\"index, follow, max-snippet:-1, max-image-preview:large, max-video-preview:-1\" \/>\n<link rel=\"canonical\" href=\"http:\/\/vamosporlaliberacion.org\/crpmlm\/todo-huele-a-podrido\/\" \/>\n<meta name=\"twitter:label1\" content=\"Escrito por\" \/>\n\t<meta name=\"twitter:data1\" content=\"vamos!\" \/>\n\t<meta name=\"twitter:label2\" content=\"Tiempo de lectura\" \/>\n\t<meta name=\"twitter:data2\" content=\"6 minutos\" \/>\n<script type=\"application\/ld+json\" class=\"yoast-schema-graph\">{\"@context\":\"https:\\\/\\\/schema.org\",\"@graph\":[{\"@type\":\"Article\",\"@id\":\"http:\\\/\\\/vamosporlaliberacion.org\\\/crpmlm\\\/todo-huele-a-podrido\\\/#article\",\"isPartOf\":{\"@id\":\"http:\\\/\\\/vamosporlaliberacion.org\\\/crpmlm\\\/todo-huele-a-podrido\\\/\"},\"author\":{\"name\":\"vamos!\",\"@id\":\"https:\\\/\\\/vamosporlaliberacion.org\\\/crpmlm\\\/#\\\/schema\\\/person\\\/d6eac7758df3770dae9cd9eb104d615c\"},\"headline\":\"Todo huele a podrido\",\"datePublished\":\"2015-01-27T22:26:24+00:00\",\"dateModified\":\"2020-11-06T17:29:30+00:00\",\"mainEntityOfPage\":{\"@id\":\"http:\\\/\\\/vamosporlaliberacion.org\\\/crpmlm\\\/todo-huele-a-podrido\\\/\"},\"wordCount\":1257,\"commentCount\":0,\"image\":{\"@id\":\"http:\\\/\\\/vamosporlaliberacion.org\\\/crpmlm\\\/todo-huele-a-podrido\\\/#primaryimage\"},\"thumbnailUrl\":\"https:\\\/\\\/i0.wp.com\\\/vamosporlaliberacion.org\\\/crpmlm\\\/wp-content\\\/uploads\\\/2015\\\/11\\\/vxl44-13.jpg?fit=696%2C469&ssl=1\",\"keywords\":[\"editorial 44\"],\"articleSection\":[\"Editoriales\"],\"inLanguage\":\"es\",\"potentialAction\":[{\"@type\":\"CommentAction\",\"name\":\"Comment\",\"target\":[\"http:\\\/\\\/vamosporlaliberacion.org\\\/crpmlm\\\/todo-huele-a-podrido\\\/#respond\"]}]},{\"@type\":\"WebPage\",\"@id\":\"http:\\\/\\\/vamosporlaliberacion.org\\\/crpmlm\\\/todo-huele-a-podrido\\\/\",\"url\":\"http:\\\/\\\/vamosporlaliberacion.org\\\/crpmlm\\\/todo-huele-a-podrido\\\/\",\"name\":\"Todo huele a podrido - Vamos por la Liberaci\u00f3n\",\"isPartOf\":{\"@id\":\"https:\\\/\\\/vamosporlaliberacion.org\\\/crpmlm\\\/#website\"},\"primaryImageOfPage\":{\"@id\":\"http:\\\/\\\/vamosporlaliberacion.org\\\/crpmlm\\\/todo-huele-a-podrido\\\/#primaryimage\"},\"image\":{\"@id\":\"http:\\\/\\\/vamosporlaliberacion.org\\\/crpmlm\\\/todo-huele-a-podrido\\\/#primaryimage\"},\"thumbnailUrl\":\"https:\\\/\\\/i0.wp.com\\\/vamosporlaliberacion.org\\\/crpmlm\\\/wp-content\\\/uploads\\\/2015\\\/11\\\/vxl44-13.jpg?fit=696%2C469&ssl=1\",\"datePublished\":\"2015-01-27T22:26:24+00:00\",\"dateModified\":\"2020-11-06T17:29:30+00:00\",\"author\":{\"@id\":\"https:\\\/\\\/vamosporlaliberacion.org\\\/crpmlm\\\/#\\\/schema\\\/person\\\/d6eac7758df3770dae9cd9eb104d615c\"},\"breadcrumb\":{\"@id\":\"http:\\\/\\\/vamosporlaliberacion.org\\\/crpmlm\\\/todo-huele-a-podrido\\\/#breadcrumb\"},\"inLanguage\":\"es\",\"potentialAction\":[{\"@type\":\"ReadAction\",\"target\":[\"http:\\\/\\\/vamosporlaliberacion.org\\\/crpmlm\\\/todo-huele-a-podrido\\\/\"]}]},{\"@type\":\"ImageObject\",\"inLanguage\":\"es\",\"@id\":\"http:\\\/\\\/vamosporlaliberacion.org\\\/crpmlm\\\/todo-huele-a-podrido\\\/#primaryimage\",\"url\":\"https:\\\/\\\/i0.wp.com\\\/vamosporlaliberacion.org\\\/crpmlm\\\/wp-content\\\/uploads\\\/2015\\\/11\\\/vxl44-13.jpg?fit=696%2C469&ssl=1\",\"contentUrl\":\"https:\\\/\\\/i0.wp.com\\\/vamosporlaliberacion.org\\\/crpmlm\\\/wp-content\\\/uploads\\\/2015\\\/11\\\/vxl44-13.jpg?fit=696%2C469&ssl=1\",\"width\":696,\"height\":469},{\"@type\":\"BreadcrumbList\",\"@id\":\"http:\\\/\\\/vamosporlaliberacion.org\\\/crpmlm\\\/todo-huele-a-podrido\\\/#breadcrumb\",\"itemListElement\":[{\"@type\":\"ListItem\",\"position\":1,\"name\":\"Portada\",\"item\":\"https:\\\/\\\/vamosporlaliberacion.org\\\/crpmlm\\\/\"},{\"@type\":\"ListItem\",\"position\":2,\"name\":\"Todo huele a podrido\"}]},{\"@type\":\"WebSite\",\"@id\":\"https:\\\/\\\/vamosporlaliberacion.org\\\/crpmlm\\\/#website\",\"url\":\"https:\\\/\\\/vamosporlaliberacion.org\\\/crpmlm\\\/\",\"name\":\"Vamos por la Liberaci\u00f3n\",\"description\":\"Prensa CR\",\"potentialAction\":[{\"@type\":\"SearchAction\",\"target\":{\"@type\":\"EntryPoint\",\"urlTemplate\":\"https:\\\/\\\/vamosporlaliberacion.org\\\/crpmlm\\\/?s={search_term_string}\"},\"query-input\":{\"@type\":\"PropertyValueSpecification\",\"valueRequired\":true,\"valueName\":\"search_term_string\"}}],\"inLanguage\":\"es\"},{\"@type\":\"Person\",\"@id\":\"https:\\\/\\\/vamosporlaliberacion.org\\\/crpmlm\\\/#\\\/schema\\\/person\\\/d6eac7758df3770dae9cd9eb104d615c\",\"name\":\"vamos!\",\"url\":\"http:\\\/\\\/vamosporlaliberacion.org\\\/crpmlm\\\/author\\\/adminvxl\\\/\"}]}<\/script>\n<!-- \/ Yoast SEO plugin. -->","yoast_head_json":{"title":"Todo huele a podrido - Vamos por la Liberaci\u00f3n","robots":{"index":"index","follow":"follow","max-snippet":"max-snippet:-1","max-image-preview":"max-image-preview:large","max-video-preview":"max-video-preview:-1"},"canonical":"http:\/\/vamosporlaliberacion.org\/crpmlm\/todo-huele-a-podrido\/","twitter_misc":{"Escrito por":"vamos!","Tiempo de lectura":"6 minutos"},"schema":{"@context":"https:\/\/schema.org","@graph":[{"@type":"Article","@id":"http:\/\/vamosporlaliberacion.org\/crpmlm\/todo-huele-a-podrido\/#article","isPartOf":{"@id":"http:\/\/vamosporlaliberacion.org\/crpmlm\/todo-huele-a-podrido\/"},"author":{"name":"vamos!","@id":"https:\/\/vamosporlaliberacion.org\/crpmlm\/#\/schema\/person\/d6eac7758df3770dae9cd9eb104d615c"},"headline":"Todo huele a podrido","datePublished":"2015-01-27T22:26:24+00:00","dateModified":"2020-11-06T17:29:30+00:00","mainEntityOfPage":{"@id":"http:\/\/vamosporlaliberacion.org\/crpmlm\/todo-huele-a-podrido\/"},"wordCount":1257,"commentCount":0,"image":{"@id":"http:\/\/vamosporlaliberacion.org\/crpmlm\/todo-huele-a-podrido\/#primaryimage"},"thumbnailUrl":"https:\/\/i0.wp.com\/vamosporlaliberacion.org\/crpmlm\/wp-content\/uploads\/2015\/11\/vxl44-13.jpg?fit=696%2C469&ssl=1","keywords":["editorial 44"],"articleSection":["Editoriales"],"inLanguage":"es","potentialAction":[{"@type":"CommentAction","name":"Comment","target":["http:\/\/vamosporlaliberacion.org\/crpmlm\/todo-huele-a-podrido\/#respond"]}]},{"@type":"WebPage","@id":"http:\/\/vamosporlaliberacion.org\/crpmlm\/todo-huele-a-podrido\/","url":"http:\/\/vamosporlaliberacion.org\/crpmlm\/todo-huele-a-podrido\/","name":"Todo huele a podrido - Vamos por la Liberaci\u00f3n","isPartOf":{"@id":"https:\/\/vamosporlaliberacion.org\/crpmlm\/#website"},"primaryImageOfPage":{"@id":"http:\/\/vamosporlaliberacion.org\/crpmlm\/todo-huele-a-podrido\/#primaryimage"},"image":{"@id":"http:\/\/vamosporlaliberacion.org\/crpmlm\/todo-huele-a-podrido\/#primaryimage"},"thumbnailUrl":"https:\/\/i0.wp.com\/vamosporlaliberacion.org\/crpmlm\/wp-content\/uploads\/2015\/11\/vxl44-13.jpg?fit=696%2C469&ssl=1","datePublished":"2015-01-27T22:26:24+00:00","dateModified":"2020-11-06T17:29:30+00:00","author":{"@id":"https:\/\/vamosporlaliberacion.org\/crpmlm\/#\/schema\/person\/d6eac7758df3770dae9cd9eb104d615c"},"breadcrumb":{"@id":"http:\/\/vamosporlaliberacion.org\/crpmlm\/todo-huele-a-podrido\/#breadcrumb"},"inLanguage":"es","potentialAction":[{"@type":"ReadAction","target":["http:\/\/vamosporlaliberacion.org\/crpmlm\/todo-huele-a-podrido\/"]}]},{"@type":"ImageObject","inLanguage":"es","@id":"http:\/\/vamosporlaliberacion.org\/crpmlm\/todo-huele-a-podrido\/#primaryimage","url":"https:\/\/i0.wp.com\/vamosporlaliberacion.org\/crpmlm\/wp-content\/uploads\/2015\/11\/vxl44-13.jpg?fit=696%2C469&ssl=1","contentUrl":"https:\/\/i0.wp.com\/vamosporlaliberacion.org\/crpmlm\/wp-content\/uploads\/2015\/11\/vxl44-13.jpg?fit=696%2C469&ssl=1","width":696,"height":469},{"@type":"BreadcrumbList","@id":"http:\/\/vamosporlaliberacion.org\/crpmlm\/todo-huele-a-podrido\/#breadcrumb","itemListElement":[{"@type":"ListItem","position":1,"name":"Portada","item":"https:\/\/vamosporlaliberacion.org\/crpmlm\/"},{"@type":"ListItem","position":2,"name":"Todo huele a podrido"}]},{"@type":"WebSite","@id":"https:\/\/vamosporlaliberacion.org\/crpmlm\/#website","url":"https:\/\/vamosporlaliberacion.org\/crpmlm\/","name":"Vamos por la Liberaci\u00f3n","description":"Prensa CR","potentialAction":[{"@type":"SearchAction","target":{"@type":"EntryPoint","urlTemplate":"https:\/\/vamosporlaliberacion.org\/crpmlm\/?s={search_term_string}"},"query-input":{"@type":"PropertyValueSpecification","valueRequired":true,"valueName":"search_term_string"}}],"inLanguage":"es"},{"@type":"Person","@id":"https:\/\/vamosporlaliberacion.org\/crpmlm\/#\/schema\/person\/d6eac7758df3770dae9cd9eb104d615c","name":"vamos!","url":"http:\/\/vamosporlaliberacion.org\/crpmlm\/author\/adminvxl\/"}]}},"jetpack_featured_media_url":"https:\/\/i0.wp.com\/vamosporlaliberacion.org\/crpmlm\/wp-content\/uploads\/2015\/11\/vxl44-13.jpg?fit=696%2C469&ssl=1","jetpack_sharing_enabled":true,"_links":{"self":[{"href":"http:\/\/vamosporlaliberacion.org\/crpmlm\/wp-json\/wp\/v2\/posts\/3070","targetHints":{"allow":["GET"]}}],"collection":[{"href":"http:\/\/vamosporlaliberacion.org\/crpmlm\/wp-json\/wp\/v2\/posts"}],"about":[{"href":"http:\/\/vamosporlaliberacion.org\/crpmlm\/wp-json\/wp\/v2\/types\/post"}],"author":[{"embeddable":true,"href":"http:\/\/vamosporlaliberacion.org\/crpmlm\/wp-json\/wp\/v2\/users\/6"}],"replies":[{"embeddable":true,"href":"http:\/\/vamosporlaliberacion.org\/crpmlm\/wp-json\/wp\/v2\/comments?post=3070"}],"version-history":[{"count":1,"href":"http:\/\/vamosporlaliberacion.org\/crpmlm\/wp-json\/wp\/v2\/posts\/3070\/revisions"}],"predecessor-version":[{"id":21887,"href":"http:\/\/vamosporlaliberacion.org\/crpmlm\/wp-json\/wp\/v2\/posts\/3070\/revisions\/21887"}],"wp:featuredmedia":[{"embeddable":true,"href":"http:\/\/vamosporlaliberacion.org\/crpmlm\/wp-json\/wp\/v2\/media\/3076"}],"wp:attachment":[{"href":"http:\/\/vamosporlaliberacion.org\/crpmlm\/wp-json\/wp\/v2\/media?parent=3070"}],"wp:term":[{"taxonomy":"category","embeddable":true,"href":"http:\/\/vamosporlaliberacion.org\/crpmlm\/wp-json\/wp\/v2\/categories?post=3070"},{"taxonomy":"post_tag","embeddable":true,"href":"http:\/\/vamosporlaliberacion.org\/crpmlm\/wp-json\/wp\/v2\/tags?post=3070"}],"curies":[{"name":"wp","href":"https:\/\/api.w.org\/{rel}","templated":true}]}}