{"id":3001,"date":"2015-02-20T21:52:40","date_gmt":"2015-02-20T21:52:40","guid":{"rendered":"http:\/\/vamosporlaliberacion.org\/crpmlm\/?p=3001"},"modified":"2015-11-16T22:01:31","modified_gmt":"2015-11-16T22:01:31","slug":"mas-de-dos-mil-docentes-marcharon-en-santiago-del-estero","status":"publish","type":"post","link":"http:\/\/vamosporlaliberacion.org\/crpmlm\/mas-de-dos-mil-docentes-marcharon-en-santiago-del-estero\/","title":{"rendered":"M\u00e1s de dos mil docentes marcharon en Santiago del Estero"},"content":{"rendered":"<p>Ya se realizaron tres marchas en lo que va del a\u00f1o. La \u00faltima y m\u00e1s grande la protagonizaron dos mil docentes el viernes 13. Santiago del Estero es una provincia donde el denominador com\u00fan para los trabajadores es la precarizaci\u00f3n y los sueldos de hambre. El b\u00e1sico de los docentes es de $1.692, el m\u00e1s bajo de todo el pa\u00eds, negociado a partir de una \u201cmesa de di\u00e1logo\u201d en donde los gremios docentes traidores se sientan garantizando que no se llame a paritarias y manteniendo los salarios de hambre.<\/p>\n<p>Ante el inicio de las actividades docentes y la inflaci\u00f3n que se comi\u00f3 el bono de fin de a\u00f1o, los docentes mediante las redes sociales se autoconvocaron para salir a marchar y reclamar la apertura de las paritarias con un aumento del 40% como m\u00ednimo al b\u00e1sico (incluido el blanqueo progresivo de las cifras en negro). El 5 de febrero doscientos docentes burlaron el cerco policial y lograron llegar a Casa de Gobierno. Este gesto fue un hecho significativo para el conjunto de los trabajadores, porque la pol\u00edtica de este Gobierno zamorista es que todos pueden marchar por cualquier calle de la ciudad pero ning\u00fan reclamo debe llegar hasta las puertas de Casa de Gobierno.<\/p>\n<p>El movimiento de autoconvocados acord\u00f3 en asamblea continuar en estado de movilizaci\u00f3n. El martes 10 nuevamente se march\u00f3 bajo una intensa lluvia. La decisi\u00f3n de los docentes de hacer o\u00edr su reclamo se encontr\u00f3 con un fuerte cerco policial. Se vivieron momentos de tensi\u00f3n, forcejeos y golpes, hasta que finalmente una comisi\u00f3n pudo acceder a Casa de Gobierno para presentar un petitorio con las reivindicaciones exigidas por los docentes. Al finalizar la marcha se acord\u00f3 que era necesaria la uni\u00f3n de todos los trabajadores para ganar, confluyendo as\u00ed con el gremio Cisadems (docentes), CTA-ATE y otras agrupaciones docentes que convocaban a movilizaci\u00f3n para el d\u00eda viernes 13 de febrero.<\/p>\n<p>Esta tercera marcha de m\u00e1s de dos mil docentes tuvo un tramo en el cual se march\u00f3 con todas las organizaciones bajo el c\u00e1ntico \u201cunidad de los trabajadores, y al que no le gusta se jode, se jode\u201d. Luego de una sentada en el Ministerio de Educaci\u00f3n, la columna de los docentes autoconvocados march\u00f3 nuevamente a Casa de Gobierno, donde un fuerte cord\u00f3n policial los esperaba. Se cort\u00f3 por m\u00e1s de un hora la Av. Belgrano (arteria principal de la ciudad) y se escracho a Canal 7 (medio local propiedad de N\u00e9stor Ick), logrando que el noticiero local sacara una breve nota.<\/p>\n<p>La asamblea realizada al terminar la movilizaci\u00f3n acord\u00f3 asambleas escolares, cortes de ruta y movilizaci\u00f3n para el viernes 20 de febrero. La firmeza de los docentes autoconvocados ha puesto en discusi\u00f3n en la sociedad santiague\u00f1a la situaci\u00f3n salarial de los trabajadores, desenmascarando las mentiras oficiales sobre los \u201cprogresos\u201d logrados bajo el mandato del zamorismo. Hay buenas perspectivas para ganar si se logra avanzar en la organizaci\u00f3n y la unidad de todos los trabajadores santiague\u00f1os.<\/p>\n<!-- AddThis Advanced Settings generic via filter on the_content --><!-- AddThis Share Buttons generic via filter on the_content -->","protected":false},"excerpt":{"rendered":"<p>Ya se realizaron tres marchas en lo que va del a\u00f1o. La \u00faltima y m\u00e1s grande la protagonizaron dos mil docentes el viernes 13. Santiago del Estero es una provincia donde el denominador com\u00fan para los trabajadores es la precarizaci\u00f3n y los sueldos de hambre. El b\u00e1sico de los docentes es de $1.692, el m\u00e1s [&hellip;]<!-- AddThis Advanced Settings generic via filter on get_the_excerpt --><!-- AddThis Share Buttons generic via filter on get_the_excerpt --><\/p>\n","protected":false},"author":6,"featured_media":3003,"comment_status":"open","ping_status":"open","sticky":false,"template":"","format":"standard","meta":{"_jetpack_memberships_contains_paid_content":false,"footnotes":""},"categories":[1],"tags":[88,228,394],"class_list":{"0":"post-3001","1":"post","2":"type-post","3":"status-publish","4":"format-standard","5":"has-post-thumbnail","7":"category-sin-categoria","8":"tag-docentes","9":"tag-santiago-del-estero","10":"tag-vxl-45"},"yoast_head":"<!-- This site is optimized with the Yoast SEO plugin v27.4 - https:\/\/yoast.com\/product\/yoast-seo-wordpress\/ -->\n<title>M\u00e1s de dos mil docentes marcharon en Santiago del Estero - Vamos por la Liberaci\u00f3n<\/title>\n<meta name=\"robots\" content=\"index, follow, max-snippet:-1, max-image-preview:large, max-video-preview:-1\" \/>\n<link rel=\"canonical\" href=\"http:\/\/vamosporlaliberacion.org\/crpmlm\/mas-de-dos-mil-docentes-marcharon-en-santiago-del-estero\/\" \/>\n<meta name=\"twitter:label1\" content=\"Escrito por\" \/>\n\t<meta name=\"twitter:data1\" content=\"vamos!\" \/>\n\t<meta name=\"twitter:label2\" content=\"Tiempo de lectura\" \/>\n\t<meta name=\"twitter:data2\" content=\"3 minutos\" \/>\n<script type=\"application\/ld+json\" class=\"yoast-schema-graph\">{\"@context\":\"https:\\\/\\\/schema.org\",\"@graph\":[{\"@type\":\"Article\",\"@id\":\"http:\\\/\\\/vamosporlaliberacion.org\\\/crpmlm\\\/mas-de-dos-mil-docentes-marcharon-en-santiago-del-estero\\\/#article\",\"isPartOf\":{\"@id\":\"http:\\\/\\\/vamosporlaliberacion.org\\\/crpmlm\\\/mas-de-dos-mil-docentes-marcharon-en-santiago-del-estero\\\/\"},\"author\":{\"name\":\"vamos!\",\"@id\":\"https:\\\/\\\/vamosporlaliberacion.org\\\/crpmlm\\\/#\\\/schema\\\/person\\\/d6eac7758df3770dae9cd9eb104d615c\"},\"headline\":\"M\u00e1s de dos mil docentes marcharon en Santiago del Estero\",\"datePublished\":\"2015-02-20T21:52:40+00:00\",\"dateModified\":\"2015-11-16T22:01:31+00:00\",\"mainEntityOfPage\":{\"@id\":\"http:\\\/\\\/vamosporlaliberacion.org\\\/crpmlm\\\/mas-de-dos-mil-docentes-marcharon-en-santiago-del-estero\\\/\"},\"wordCount\":527,\"commentCount\":0,\"image\":{\"@id\":\"http:\\\/\\\/vamosporlaliberacion.org\\\/crpmlm\\\/mas-de-dos-mil-docentes-marcharon-en-santiago-del-estero\\\/#primaryimage\"},\"thumbnailUrl\":\"https:\\\/\\\/i0.wp.com\\\/vamosporlaliberacion.org\\\/crpmlm\\\/wp-content\\\/uploads\\\/2015\\\/11\\\/vxl45-06.jpg?fit=696%2C469&ssl=1\",\"keywords\":[\"docentes\",\"Santiago del Estero\",\"vxl 45\"],\"inLanguage\":\"es\",\"potentialAction\":[{\"@type\":\"CommentAction\",\"name\":\"Comment\",\"target\":[\"http:\\\/\\\/vamosporlaliberacion.org\\\/crpmlm\\\/mas-de-dos-mil-docentes-marcharon-en-santiago-del-estero\\\/#respond\"]}]},{\"@type\":\"WebPage\",\"@id\":\"http:\\\/\\\/vamosporlaliberacion.org\\\/crpmlm\\\/mas-de-dos-mil-docentes-marcharon-en-santiago-del-estero\\\/\",\"url\":\"http:\\\/\\\/vamosporlaliberacion.org\\\/crpmlm\\\/mas-de-dos-mil-docentes-marcharon-en-santiago-del-estero\\\/\",\"name\":\"M\u00e1s de dos mil docentes marcharon en Santiago del Estero - Vamos por la Liberaci\u00f3n\",\"isPartOf\":{\"@id\":\"https:\\\/\\\/vamosporlaliberacion.org\\\/crpmlm\\\/#website\"},\"primaryImageOfPage\":{\"@id\":\"http:\\\/\\\/vamosporlaliberacion.org\\\/crpmlm\\\/mas-de-dos-mil-docentes-marcharon-en-santiago-del-estero\\\/#primaryimage\"},\"image\":{\"@id\":\"http:\\\/\\\/vamosporlaliberacion.org\\\/crpmlm\\\/mas-de-dos-mil-docentes-marcharon-en-santiago-del-estero\\\/#primaryimage\"},\"thumbnailUrl\":\"https:\\\/\\\/i0.wp.com\\\/vamosporlaliberacion.org\\\/crpmlm\\\/wp-content\\\/uploads\\\/2015\\\/11\\\/vxl45-06.jpg?fit=696%2C469&ssl=1\",\"datePublished\":\"2015-02-20T21:52:40+00:00\",\"dateModified\":\"2015-11-16T22:01:31+00:00\",\"author\":{\"@id\":\"https:\\\/\\\/vamosporlaliberacion.org\\\/crpmlm\\\/#\\\/schema\\\/person\\\/d6eac7758df3770dae9cd9eb104d615c\"},\"breadcrumb\":{\"@id\":\"http:\\\/\\\/vamosporlaliberacion.org\\\/crpmlm\\\/mas-de-dos-mil-docentes-marcharon-en-santiago-del-estero\\\/#breadcrumb\"},\"inLanguage\":\"es\",\"potentialAction\":[{\"@type\":\"ReadAction\",\"target\":[\"http:\\\/\\\/vamosporlaliberacion.org\\\/crpmlm\\\/mas-de-dos-mil-docentes-marcharon-en-santiago-del-estero\\\/\"]}]},{\"@type\":\"ImageObject\",\"inLanguage\":\"es\",\"@id\":\"http:\\\/\\\/vamosporlaliberacion.org\\\/crpmlm\\\/mas-de-dos-mil-docentes-marcharon-en-santiago-del-estero\\\/#primaryimage\",\"url\":\"https:\\\/\\\/i0.wp.com\\\/vamosporlaliberacion.org\\\/crpmlm\\\/wp-content\\\/uploads\\\/2015\\\/11\\\/vxl45-06.jpg?fit=696%2C469&ssl=1\",\"contentUrl\":\"https:\\\/\\\/i0.wp.com\\\/vamosporlaliberacion.org\\\/crpmlm\\\/wp-content\\\/uploads\\\/2015\\\/11\\\/vxl45-06.jpg?fit=696%2C469&ssl=1\",\"width\":696,\"height\":469},{\"@type\":\"BreadcrumbList\",\"@id\":\"http:\\\/\\\/vamosporlaliberacion.org\\\/crpmlm\\\/mas-de-dos-mil-docentes-marcharon-en-santiago-del-estero\\\/#breadcrumb\",\"itemListElement\":[{\"@type\":\"ListItem\",\"position\":1,\"name\":\"Portada\",\"item\":\"https:\\\/\\\/vamosporlaliberacion.org\\\/crpmlm\\\/\"},{\"@type\":\"ListItem\",\"position\":2,\"name\":\"M\u00e1s de dos mil docentes marcharon en Santiago del Estero\"}]},{\"@type\":\"WebSite\",\"@id\":\"https:\\\/\\\/vamosporlaliberacion.org\\\/crpmlm\\\/#website\",\"url\":\"https:\\\/\\\/vamosporlaliberacion.org\\\/crpmlm\\\/\",\"name\":\"Vamos por la Liberaci\u00f3n\",\"description\":\"Prensa CR\",\"potentialAction\":[{\"@type\":\"SearchAction\",\"target\":{\"@type\":\"EntryPoint\",\"urlTemplate\":\"https:\\\/\\\/vamosporlaliberacion.org\\\/crpmlm\\\/?s={search_term_string}\"},\"query-input\":{\"@type\":\"PropertyValueSpecification\",\"valueRequired\":true,\"valueName\":\"search_term_string\"}}],\"inLanguage\":\"es\"},{\"@type\":\"Person\",\"@id\":\"https:\\\/\\\/vamosporlaliberacion.org\\\/crpmlm\\\/#\\\/schema\\\/person\\\/d6eac7758df3770dae9cd9eb104d615c\",\"name\":\"vamos!\",\"url\":\"http:\\\/\\\/vamosporlaliberacion.org\\\/crpmlm\\\/author\\\/adminvxl\\\/\"}]}<\/script>\n<!-- \/ Yoast SEO plugin. -->","yoast_head_json":{"title":"M\u00e1s de dos mil docentes marcharon en Santiago del Estero - Vamos por la Liberaci\u00f3n","robots":{"index":"index","follow":"follow","max-snippet":"max-snippet:-1","max-image-preview":"max-image-preview:large","max-video-preview":"max-video-preview:-1"},"canonical":"http:\/\/vamosporlaliberacion.org\/crpmlm\/mas-de-dos-mil-docentes-marcharon-en-santiago-del-estero\/","twitter_misc":{"Escrito por":"vamos!","Tiempo de lectura":"3 minutos"},"schema":{"@context":"https:\/\/schema.org","@graph":[{"@type":"Article","@id":"http:\/\/vamosporlaliberacion.org\/crpmlm\/mas-de-dos-mil-docentes-marcharon-en-santiago-del-estero\/#article","isPartOf":{"@id":"http:\/\/vamosporlaliberacion.org\/crpmlm\/mas-de-dos-mil-docentes-marcharon-en-santiago-del-estero\/"},"author":{"name":"vamos!","@id":"https:\/\/vamosporlaliberacion.org\/crpmlm\/#\/schema\/person\/d6eac7758df3770dae9cd9eb104d615c"},"headline":"M\u00e1s de dos mil docentes marcharon en Santiago del Estero","datePublished":"2015-02-20T21:52:40+00:00","dateModified":"2015-11-16T22:01:31+00:00","mainEntityOfPage":{"@id":"http:\/\/vamosporlaliberacion.org\/crpmlm\/mas-de-dos-mil-docentes-marcharon-en-santiago-del-estero\/"},"wordCount":527,"commentCount":0,"image":{"@id":"http:\/\/vamosporlaliberacion.org\/crpmlm\/mas-de-dos-mil-docentes-marcharon-en-santiago-del-estero\/#primaryimage"},"thumbnailUrl":"https:\/\/i0.wp.com\/vamosporlaliberacion.org\/crpmlm\/wp-content\/uploads\/2015\/11\/vxl45-06.jpg?fit=696%2C469&ssl=1","keywords":["docentes","Santiago del Estero","vxl 45"],"inLanguage":"es","potentialAction":[{"@type":"CommentAction","name":"Comment","target":["http:\/\/vamosporlaliberacion.org\/crpmlm\/mas-de-dos-mil-docentes-marcharon-en-santiago-del-estero\/#respond"]}]},{"@type":"WebPage","@id":"http:\/\/vamosporlaliberacion.org\/crpmlm\/mas-de-dos-mil-docentes-marcharon-en-santiago-del-estero\/","url":"http:\/\/vamosporlaliberacion.org\/crpmlm\/mas-de-dos-mil-docentes-marcharon-en-santiago-del-estero\/","name":"M\u00e1s de dos mil docentes marcharon en Santiago del Estero - Vamos por la Liberaci\u00f3n","isPartOf":{"@id":"https:\/\/vamosporlaliberacion.org\/crpmlm\/#website"},"primaryImageOfPage":{"@id":"http:\/\/vamosporlaliberacion.org\/crpmlm\/mas-de-dos-mil-docentes-marcharon-en-santiago-del-estero\/#primaryimage"},"image":{"@id":"http:\/\/vamosporlaliberacion.org\/crpmlm\/mas-de-dos-mil-docentes-marcharon-en-santiago-del-estero\/#primaryimage"},"thumbnailUrl":"https:\/\/i0.wp.com\/vamosporlaliberacion.org\/crpmlm\/wp-content\/uploads\/2015\/11\/vxl45-06.jpg?fit=696%2C469&ssl=1","datePublished":"2015-02-20T21:52:40+00:00","dateModified":"2015-11-16T22:01:31+00:00","author":{"@id":"https:\/\/vamosporlaliberacion.org\/crpmlm\/#\/schema\/person\/d6eac7758df3770dae9cd9eb104d615c"},"breadcrumb":{"@id":"http:\/\/vamosporlaliberacion.org\/crpmlm\/mas-de-dos-mil-docentes-marcharon-en-santiago-del-estero\/#breadcrumb"},"inLanguage":"es","potentialAction":[{"@type":"ReadAction","target":["http:\/\/vamosporlaliberacion.org\/crpmlm\/mas-de-dos-mil-docentes-marcharon-en-santiago-del-estero\/"]}]},{"@type":"ImageObject","inLanguage":"es","@id":"http:\/\/vamosporlaliberacion.org\/crpmlm\/mas-de-dos-mil-docentes-marcharon-en-santiago-del-estero\/#primaryimage","url":"https:\/\/i0.wp.com\/vamosporlaliberacion.org\/crpmlm\/wp-content\/uploads\/2015\/11\/vxl45-06.jpg?fit=696%2C469&ssl=1","contentUrl":"https:\/\/i0.wp.com\/vamosporlaliberacion.org\/crpmlm\/wp-content\/uploads\/2015\/11\/vxl45-06.jpg?fit=696%2C469&ssl=1","width":696,"height":469},{"@type":"BreadcrumbList","@id":"http:\/\/vamosporlaliberacion.org\/crpmlm\/mas-de-dos-mil-docentes-marcharon-en-santiago-del-estero\/#breadcrumb","itemListElement":[{"@type":"ListItem","position":1,"name":"Portada","item":"https:\/\/vamosporlaliberacion.org\/crpmlm\/"},{"@type":"ListItem","position":2,"name":"M\u00e1s de dos mil docentes marcharon en Santiago del Estero"}]},{"@type":"WebSite","@id":"https:\/\/vamosporlaliberacion.org\/crpmlm\/#website","url":"https:\/\/vamosporlaliberacion.org\/crpmlm\/","name":"Vamos por la Liberaci\u00f3n","description":"Prensa CR","potentialAction":[{"@type":"SearchAction","target":{"@type":"EntryPoint","urlTemplate":"https:\/\/vamosporlaliberacion.org\/crpmlm\/?s={search_term_string}"},"query-input":{"@type":"PropertyValueSpecification","valueRequired":true,"valueName":"search_term_string"}}],"inLanguage":"es"},{"@type":"Person","@id":"https:\/\/vamosporlaliberacion.org\/crpmlm\/#\/schema\/person\/d6eac7758df3770dae9cd9eb104d615c","name":"vamos!","url":"http:\/\/vamosporlaliberacion.org\/crpmlm\/author\/adminvxl\/"}]}},"jetpack_featured_media_url":"https:\/\/i0.wp.com\/vamosporlaliberacion.org\/crpmlm\/wp-content\/uploads\/2015\/11\/vxl45-06.jpg?fit=696%2C469&ssl=1","jetpack_sharing_enabled":true,"_links":{"self":[{"href":"http:\/\/vamosporlaliberacion.org\/crpmlm\/wp-json\/wp\/v2\/posts\/3001","targetHints":{"allow":["GET"]}}],"collection":[{"href":"http:\/\/vamosporlaliberacion.org\/crpmlm\/wp-json\/wp\/v2\/posts"}],"about":[{"href":"http:\/\/vamosporlaliberacion.org\/crpmlm\/wp-json\/wp\/v2\/types\/post"}],"author":[{"embeddable":true,"href":"http:\/\/vamosporlaliberacion.org\/crpmlm\/wp-json\/wp\/v2\/users\/6"}],"replies":[{"embeddable":true,"href":"http:\/\/vamosporlaliberacion.org\/crpmlm\/wp-json\/wp\/v2\/comments?post=3001"}],"version-history":[{"count":0,"href":"http:\/\/vamosporlaliberacion.org\/crpmlm\/wp-json\/wp\/v2\/posts\/3001\/revisions"}],"wp:featuredmedia":[{"embeddable":true,"href":"http:\/\/vamosporlaliberacion.org\/crpmlm\/wp-json\/wp\/v2\/media\/3003"}],"wp:attachment":[{"href":"http:\/\/vamosporlaliberacion.org\/crpmlm\/wp-json\/wp\/v2\/media?parent=3001"}],"wp:term":[{"taxonomy":"category","embeddable":true,"href":"http:\/\/vamosporlaliberacion.org\/crpmlm\/wp-json\/wp\/v2\/categories?post=3001"},{"taxonomy":"post_tag","embeddable":true,"href":"http:\/\/vamosporlaliberacion.org\/crpmlm\/wp-json\/wp\/v2\/tags?post=3001"}],"curies":[{"name":"wp","href":"https:\/\/api.w.org\/{rel}","templated":true}]}}