{"id":28684,"date":"2025-10-17T09:59:10","date_gmt":"2025-10-17T12:59:10","guid":{"rendered":"https:\/\/vamosporlaliberacion.org\/crpmlm\/?p=28684"},"modified":"2025-10-17T10:17:20","modified_gmt":"2025-10-17T13:17:20","slug":"28684-2","status":"publish","type":"post","link":"http:\/\/vamosporlaliberacion.org\/crpmlm\/28684-2\/","title":{"rendered":"17 de octubre: historia, presente y futuro"},"content":{"rendered":"\n<p> Sin dudas este 17 de octubre hace inevitable bucear en la historia reciente, trayendo al presente la vigencia de esta gesta popular donde el pueblo hizo tronar el escarmiento abriendo un per\u00edodo en el pa\u00eds donde se mostr\u00f3 como nunca la grieta entre la oligarqu\u00eda y el pueblo.<\/p>\n\n\n\n<p>Una oligarqu\u00eda que mantiene en el presente el mismo odio a los despose\u00eddos, a la clase trabajadora y a sus dirigentes que no traicionan. Esa oligarqu\u00eda que en el presente es expresada en los exponentes de los monopolios internacionales, el FMI y la clase terratenientes con sus exponentes en la pol\u00edtica y la justicia.<\/p>\n\n\n\n<p> Clase dirigentes minoritaria, pero no d\u00e9bil, apalancada en el control del poder econ\u00f3mico y pol\u00edtico, manejando t\u00edteres a su servicio como Milei y su banda de corruptos y mafiosos, apadrinados por Donald Trump, el mandam\u00e1s que ha superado en su injerencia a aquel Spruille Braden, embajador de EEUU que desafi\u00f3 a Per\u00f3n y fogone\u00f3 la Uni\u00f3n Democr\u00e1tica, siendo derrotados en las elecciones de 1946.<\/p>\n\n\n\n<figure class=\"wp-block-gallery has-nested-images columns-default is-cropped wp-block-gallery-1 is-layout-flex wp-block-gallery-is-layout-flex\" style=\"margin-bottom:25px\">\n<figure class=\"wp-block-image size-large\" style=\"margin-bottom:2px\"><img data-recalc-dims=\"1\" loading=\"lazy\" decoding=\"async\" width=\"300\" height=\"278\" data-id=\"28691\" src=\"https:\/\/i0.wp.com\/vamosporlaliberacion.org\/crpmlm\/wp-content\/uploads\/2025\/10\/1000171411.jpg?resize=300%2C278&#038;ssl=1\" alt=\"\" class=\"wp-image-28691\" srcset=\"https:\/\/i0.wp.com\/vamosporlaliberacion.org\/crpmlm\/wp-content\/uploads\/2025\/10\/1000171411.jpg?w=300&amp;ssl=1 300w, https:\/\/i0.wp.com\/vamosporlaliberacion.org\/crpmlm\/wp-content\/uploads\/2025\/10\/1000171411.jpg?resize=150%2C139&amp;ssl=1 150w\" sizes=\"auto, (max-width: 300px) 100vw, 300px\" \/><\/figure>\n\n\n\n<figure class=\"wp-block-image size-large\"><img data-recalc-dims=\"1\" loading=\"lazy\" decoding=\"async\" width=\"696\" height=\"392\" data-id=\"28692\" src=\"https:\/\/i0.wp.com\/vamosporlaliberacion.org\/crpmlm\/wp-content\/uploads\/2025\/10\/1000192666.jpg?resize=696%2C392&#038;ssl=1\" alt=\"\" class=\"wp-image-28692\" srcset=\"https:\/\/i0.wp.com\/vamosporlaliberacion.org\/crpmlm\/wp-content\/uploads\/2025\/10\/1000192666.jpg?resize=700%2C394&amp;ssl=1 700w, https:\/\/i0.wp.com\/vamosporlaliberacion.org\/crpmlm\/wp-content\/uploads\/2025\/10\/1000192666.jpg?resize=300%2C169&amp;ssl=1 300w, https:\/\/i0.wp.com\/vamosporlaliberacion.org\/crpmlm\/wp-content\/uploads\/2025\/10\/1000192666.jpg?resize=768%2C432&amp;ssl=1 768w, https:\/\/i0.wp.com\/vamosporlaliberacion.org\/crpmlm\/wp-content\/uploads\/2025\/10\/1000192666.jpg?resize=1536%2C864&amp;ssl=1 1536w, https:\/\/i0.wp.com\/vamosporlaliberacion.org\/crpmlm\/wp-content\/uploads\/2025\/10\/1000192666.jpg?resize=150%2C84&amp;ssl=1 150w, https:\/\/i0.wp.com\/vamosporlaliberacion.org\/crpmlm\/wp-content\/uploads\/2025\/10\/1000192666.jpg?resize=696%2C392&amp;ssl=1 696w, https:\/\/i0.wp.com\/vamosporlaliberacion.org\/crpmlm\/wp-content\/uploads\/2025\/10\/1000192666.jpg?resize=1068%2C601&amp;ssl=1 1068w, https:\/\/i0.wp.com\/vamosporlaliberacion.org\/crpmlm\/wp-content\/uploads\/2025\/10\/1000192666.jpg?resize=747%2C420&amp;ssl=1 747w, https:\/\/i0.wp.com\/vamosporlaliberacion.org\/crpmlm\/wp-content\/uploads\/2025\/10\/1000192666.jpg?w=1600&amp;ssl=1 1600w, https:\/\/i0.wp.com\/vamosporlaliberacion.org\/crpmlm\/wp-content\/uploads\/2025\/10\/1000192666.jpg?w=1392&amp;ssl=1 1392w\" sizes=\"auto, (max-width: 696px) 100vw, 696px\" \/><\/figure>\n<\/figure>\n\n\n\n<p> En estos tiempos de ignominia, la vocaci\u00f3n de ser colonia de EEUU por parte del gobierno de Milei deja en evidencia que est\u00e1n dispuestos a todo para mantener una pol\u00edtica que pretende terminar de arrasar con los pocos derechos de la clase trabajadora, para dar una vuelta m\u00e1s a la superexplotaci\u00f3n por parte de las grandes patronales, saquear las cajas previsionales condenando a los adultos mayores a morir trabajando o morirse de hambre o enfermos.<\/p>\n\n\n\n<p>Tiempos de infamia, donde las ultraderechas se relamen para dar zarpazos a los recursos naturales, estrat\u00e9gicos, en definitiva, destruir la soberan\u00eda y la democracia como plan macabro pero necesario por el nivel al que ha llegado el desarrollo de modo de producci\u00f3n capitalista imperialista, volvi\u00e9ndose un obst\u00e1culo para el desarrollo de la humanidad.<\/p>\n\n\n\n<figure class=\"wp-block-image size-full\" style=\"margin-bottom:25px\"><img data-recalc-dims=\"1\" loading=\"lazy\" decoding=\"async\" width=\"696\" height=\"430\" src=\"https:\/\/i0.wp.com\/vamosporlaliberacion.org\/crpmlm\/wp-content\/uploads\/2025\/10\/1000192668.jpg?resize=696%2C430&#038;ssl=1\" alt=\"\" class=\"wp-image-28690\" srcset=\"https:\/\/i0.wp.com\/vamosporlaliberacion.org\/crpmlm\/wp-content\/uploads\/2025\/10\/1000192668.jpg?w=700&amp;ssl=1 700w, https:\/\/i0.wp.com\/vamosporlaliberacion.org\/crpmlm\/wp-content\/uploads\/2025\/10\/1000192668.jpg?resize=300%2C185&amp;ssl=1 300w, https:\/\/i0.wp.com\/vamosporlaliberacion.org\/crpmlm\/wp-content\/uploads\/2025\/10\/1000192668.jpg?resize=150%2C93&amp;ssl=1 150w, https:\/\/i0.wp.com\/vamosporlaliberacion.org\/crpmlm\/wp-content\/uploads\/2025\/10\/1000192668.jpg?resize=696%2C430&amp;ssl=1 696w, https:\/\/i0.wp.com\/vamosporlaliberacion.org\/crpmlm\/wp-content\/uploads\/2025\/10\/1000192668.jpg?resize=681%2C420&amp;ssl=1 681w, https:\/\/i0.wp.com\/vamosporlaliberacion.org\/crpmlm\/wp-content\/uploads\/2025\/10\/1000192668.jpg?resize=356%2C220&amp;ssl=1 356w\" sizes=\"auto, (max-width: 696px) 100vw, 696px\" \/><\/figure>\n\n\n\n<p>Tiempos de necesaria unidad para derrotarlos en la coyuntura, donde no resuelven las \u201cretoricas duras y acciones d\u00e9biles\u201d, cuando tenemos a las hienas dispuestas a no entregar el poder que controlan. Son tiempos de traer al presente aquel 17 de octubre para darnos cuenta que esas puebladas abrieron caminos hacia la emancipaci\u00f3n, forjaron gobiernos que dieron pasos concretos expresados en la Constituci\u00f3n de 1949 y otras tantas medidas conquistadas en las calles por un pueblo que no acepta vivir de rodillas.<\/p>\n\n\n\n<p>El presente nos impone aprender una vez m\u00e1s de la historia para ver los aciertos y los errores, pero para ir m\u00e1s all\u00e1, donde la coyuntura no puede estar divorciada de las necesidades estructurales del pa\u00eds. Una coyuntura marcada por las elecciones legislativas del 26 de octubre de 2025 donde aquel \u201cPer\u00f3n o Braden\u201d, tome forma en \u201cPatria o Milei\u201d y Fuerza Patria sea la ganadora en todo el pa\u00eds. <\/p>\n\n\n\n<figure class=\"wp-block-image size-full\" style=\"margin-top:5px;margin-bottom:25px\"><img data-recalc-dims=\"1\" loading=\"lazy\" decoding=\"async\" width=\"375\" height=\"234\" src=\"https:\/\/i0.wp.com\/vamosporlaliberacion.org\/crpmlm\/wp-content\/uploads\/2025\/10\/1000192664.jpg?resize=375%2C234&#038;ssl=1\" alt=\"\" class=\"wp-image-28693\" srcset=\"https:\/\/i0.wp.com\/vamosporlaliberacion.org\/crpmlm\/wp-content\/uploads\/2025\/10\/1000192664.jpg?w=375&amp;ssl=1 375w, https:\/\/i0.wp.com\/vamosporlaliberacion.org\/crpmlm\/wp-content\/uploads\/2025\/10\/1000192664.jpg?resize=300%2C187&amp;ssl=1 300w, https:\/\/i0.wp.com\/vamosporlaliberacion.org\/crpmlm\/wp-content\/uploads\/2025\/10\/1000192664.jpg?resize=150%2C94&amp;ssl=1 150w\" sizes=\"auto, (max-width: 375px) 100vw, 375px\" \/><\/figure>\n\n\n\n<p>Donde ese resultado estimule la acci\u00f3n de masas para abrir un nuevo per\u00edodo donde el pueblo habr\u00e1 ganado espaldas y la dirigencia verdaderamente popular lucharemos por llevar este per\u00edodo a un desenlace que termine con este gobierno y esta pol\u00edtica, imponiendo una Asamblea Constituyente que de un rumbo soberano a nuestro pa\u00eds.<\/p>\n\n\n\n<p><\/p>\n<!-- AddThis Advanced Settings generic via filter on the_content --><!-- AddThis Share Buttons generic via filter on the_content -->","protected":false},"excerpt":{"rendered":"<p>Sin dudas este 17 de octubre hace inevitable bucear en la historia reciente, trayendo al presente la vigencia de esta gesta popular donde el pueblo hizo tronar el escarmiento abriendo un per\u00edodo en el pa\u00eds donde se mostr\u00f3 como nunca la grieta entre la oligarqu\u00eda y el pueblo. Una oligarqu\u00eda que mantiene en el presente [&hellip;]<!-- AddThis Advanced Settings generic via filter on get_the_excerpt --><!-- AddThis Share Buttons generic via filter on get_the_excerpt --><\/p>\n","protected":false},"author":9,"featured_media":28687,"comment_status":"closed","ping_status":"closed","sticky":false,"template":"","format":"standard","meta":{"_jetpack_memberships_contains_paid_content":false,"footnotes":""},"categories":[1881,1699],"tags":[],"class_list":{"0":"post-28684","1":"post","2":"type-post","3":"status-publish","4":"format-standard","5":"has-post-thumbnail","7":"category-editoriales","8":"category-noticias"},"yoast_head":"<!-- This site is optimized with the Yoast SEO plugin v27.4 - https:\/\/yoast.com\/product\/yoast-seo-wordpress\/ -->\n<title>17 de octubre: historia, presente y futuro - Vamos por la Liberaci\u00f3n<\/title>\n<meta name=\"robots\" content=\"index, follow, max-snippet:-1, max-image-preview:large, max-video-preview:-1\" \/>\n<link rel=\"canonical\" href=\"https:\/\/vamosporlaliberacion.org\/crpmlm\/28684-2\/\" \/>\n<meta name=\"twitter:label1\" content=\"Escrito por\" \/>\n\t<meta name=\"twitter:data1\" content=\"Prensa Vamos\" \/>\n\t<meta name=\"twitter:label2\" content=\"Tiempo de lectura\" \/>\n\t<meta name=\"twitter:data2\" content=\"4 minutos\" \/>\n<script type=\"application\/ld+json\" class=\"yoast-schema-graph\">{\"@context\":\"https:\\\/\\\/schema.org\",\"@graph\":[{\"@type\":\"Article\",\"@id\":\"https:\\\/\\\/vamosporlaliberacion.org\\\/crpmlm\\\/28684-2\\\/#article\",\"isPartOf\":{\"@id\":\"https:\\\/\\\/vamosporlaliberacion.org\\\/crpmlm\\\/28684-2\\\/\"},\"author\":{\"name\":\"Prensa Vamos\",\"@id\":\"https:\\\/\\\/vamosporlaliberacion.org\\\/crpmlm\\\/#\\\/schema\\\/person\\\/ebdbd4bf0e9418b9f0c0a93395366b2f\"},\"headline\":\"17 de octubre: historia, presente y futuro\",\"datePublished\":\"2025-10-17T12:59:10+00:00\",\"dateModified\":\"2025-10-17T13:17:20+00:00\",\"mainEntityOfPage\":{\"@id\":\"https:\\\/\\\/vamosporlaliberacion.org\\\/crpmlm\\\/28684-2\\\/\"},\"wordCount\":535,\"image\":{\"@id\":\"https:\\\/\\\/vamosporlaliberacion.org\\\/crpmlm\\\/28684-2\\\/#primaryimage\"},\"thumbnailUrl\":\"https:\\\/\\\/i0.wp.com\\\/vamosporlaliberacion.org\\\/crpmlm\\\/wp-content\\\/uploads\\\/2025\\\/10\\\/IMG-20251017-WA0008.jpg?fit=892%2C849&ssl=1\",\"articleSection\":[\"Editoriales\",\"Noticias\"],\"inLanguage\":\"es\"},{\"@type\":\"WebPage\",\"@id\":\"https:\\\/\\\/vamosporlaliberacion.org\\\/crpmlm\\\/28684-2\\\/\",\"url\":\"https:\\\/\\\/vamosporlaliberacion.org\\\/crpmlm\\\/28684-2\\\/\",\"name\":\"17 de octubre: historia, presente y futuro - Vamos por la Liberaci\u00f3n\",\"isPartOf\":{\"@id\":\"https:\\\/\\\/vamosporlaliberacion.org\\\/crpmlm\\\/#website\"},\"primaryImageOfPage\":{\"@id\":\"https:\\\/\\\/vamosporlaliberacion.org\\\/crpmlm\\\/28684-2\\\/#primaryimage\"},\"image\":{\"@id\":\"https:\\\/\\\/vamosporlaliberacion.org\\\/crpmlm\\\/28684-2\\\/#primaryimage\"},\"thumbnailUrl\":\"https:\\\/\\\/i0.wp.com\\\/vamosporlaliberacion.org\\\/crpmlm\\\/wp-content\\\/uploads\\\/2025\\\/10\\\/IMG-20251017-WA0008.jpg?fit=892%2C849&ssl=1\",\"datePublished\":\"2025-10-17T12:59:10+00:00\",\"dateModified\":\"2025-10-17T13:17:20+00:00\",\"author\":{\"@id\":\"https:\\\/\\\/vamosporlaliberacion.org\\\/crpmlm\\\/#\\\/schema\\\/person\\\/ebdbd4bf0e9418b9f0c0a93395366b2f\"},\"breadcrumb\":{\"@id\":\"https:\\\/\\\/vamosporlaliberacion.org\\\/crpmlm\\\/28684-2\\\/#breadcrumb\"},\"inLanguage\":\"es\",\"potentialAction\":[{\"@type\":\"ReadAction\",\"target\":[\"https:\\\/\\\/vamosporlaliberacion.org\\\/crpmlm\\\/28684-2\\\/\"]}]},{\"@type\":\"ImageObject\",\"inLanguage\":\"es\",\"@id\":\"https:\\\/\\\/vamosporlaliberacion.org\\\/crpmlm\\\/28684-2\\\/#primaryimage\",\"url\":\"https:\\\/\\\/i0.wp.com\\\/vamosporlaliberacion.org\\\/crpmlm\\\/wp-content\\\/uploads\\\/2025\\\/10\\\/IMG-20251017-WA0008.jpg?fit=892%2C849&ssl=1\",\"contentUrl\":\"https:\\\/\\\/i0.wp.com\\\/vamosporlaliberacion.org\\\/crpmlm\\\/wp-content\\\/uploads\\\/2025\\\/10\\\/IMG-20251017-WA0008.jpg?fit=892%2C849&ssl=1\",\"width\":892,\"height\":849},{\"@type\":\"BreadcrumbList\",\"@id\":\"https:\\\/\\\/vamosporlaliberacion.org\\\/crpmlm\\\/28684-2\\\/#breadcrumb\",\"itemListElement\":[{\"@type\":\"ListItem\",\"position\":1,\"name\":\"Portada\",\"item\":\"https:\\\/\\\/vamosporlaliberacion.org\\\/crpmlm\\\/\"},{\"@type\":\"ListItem\",\"position\":2,\"name\":\"17 de octubre: historia, presente y futuro\"}]},{\"@type\":\"WebSite\",\"@id\":\"https:\\\/\\\/vamosporlaliberacion.org\\\/crpmlm\\\/#website\",\"url\":\"https:\\\/\\\/vamosporlaliberacion.org\\\/crpmlm\\\/\",\"name\":\"Vamos por la Liberaci\u00f3n\",\"description\":\"Prensa CR\",\"potentialAction\":[{\"@type\":\"SearchAction\",\"target\":{\"@type\":\"EntryPoint\",\"urlTemplate\":\"https:\\\/\\\/vamosporlaliberacion.org\\\/crpmlm\\\/?s={search_term_string}\"},\"query-input\":{\"@type\":\"PropertyValueSpecification\",\"valueRequired\":true,\"valueName\":\"search_term_string\"}}],\"inLanguage\":\"es\"},{\"@type\":\"Person\",\"@id\":\"https:\\\/\\\/vamosporlaliberacion.org\\\/crpmlm\\\/#\\\/schema\\\/person\\\/ebdbd4bf0e9418b9f0c0a93395366b2f\",\"name\":\"Prensa Vamos\",\"sameAs\":[\"http:\\\/\\\/vamposporlaliberacion.org\"],\"url\":\"http:\\\/\\\/vamosporlaliberacion.org\\\/crpmlm\\\/author\\\/editor\\\/\"}]}<\/script>\n<!-- \/ Yoast SEO plugin. -->","yoast_head_json":{"title":"17 de octubre: historia, presente y futuro - Vamos por la Liberaci\u00f3n","robots":{"index":"index","follow":"follow","max-snippet":"max-snippet:-1","max-image-preview":"max-image-preview:large","max-video-preview":"max-video-preview:-1"},"canonical":"https:\/\/vamosporlaliberacion.org\/crpmlm\/28684-2\/","twitter_misc":{"Escrito por":"Prensa Vamos","Tiempo de lectura":"4 minutos"},"schema":{"@context":"https:\/\/schema.org","@graph":[{"@type":"Article","@id":"https:\/\/vamosporlaliberacion.org\/crpmlm\/28684-2\/#article","isPartOf":{"@id":"https:\/\/vamosporlaliberacion.org\/crpmlm\/28684-2\/"},"author":{"name":"Prensa Vamos","@id":"https:\/\/vamosporlaliberacion.org\/crpmlm\/#\/schema\/person\/ebdbd4bf0e9418b9f0c0a93395366b2f"},"headline":"17 de octubre: historia, presente y futuro","datePublished":"2025-10-17T12:59:10+00:00","dateModified":"2025-10-17T13:17:20+00:00","mainEntityOfPage":{"@id":"https:\/\/vamosporlaliberacion.org\/crpmlm\/28684-2\/"},"wordCount":535,"image":{"@id":"https:\/\/vamosporlaliberacion.org\/crpmlm\/28684-2\/#primaryimage"},"thumbnailUrl":"https:\/\/i0.wp.com\/vamosporlaliberacion.org\/crpmlm\/wp-content\/uploads\/2025\/10\/IMG-20251017-WA0008.jpg?fit=892%2C849&ssl=1","articleSection":["Editoriales","Noticias"],"inLanguage":"es"},{"@type":"WebPage","@id":"https:\/\/vamosporlaliberacion.org\/crpmlm\/28684-2\/","url":"https:\/\/vamosporlaliberacion.org\/crpmlm\/28684-2\/","name":"17 de octubre: historia, presente y futuro - Vamos por la Liberaci\u00f3n","isPartOf":{"@id":"https:\/\/vamosporlaliberacion.org\/crpmlm\/#website"},"primaryImageOfPage":{"@id":"https:\/\/vamosporlaliberacion.org\/crpmlm\/28684-2\/#primaryimage"},"image":{"@id":"https:\/\/vamosporlaliberacion.org\/crpmlm\/28684-2\/#primaryimage"},"thumbnailUrl":"https:\/\/i0.wp.com\/vamosporlaliberacion.org\/crpmlm\/wp-content\/uploads\/2025\/10\/IMG-20251017-WA0008.jpg?fit=892%2C849&ssl=1","datePublished":"2025-10-17T12:59:10+00:00","dateModified":"2025-10-17T13:17:20+00:00","author":{"@id":"https:\/\/vamosporlaliberacion.org\/crpmlm\/#\/schema\/person\/ebdbd4bf0e9418b9f0c0a93395366b2f"},"breadcrumb":{"@id":"https:\/\/vamosporlaliberacion.org\/crpmlm\/28684-2\/#breadcrumb"},"inLanguage":"es","potentialAction":[{"@type":"ReadAction","target":["https:\/\/vamosporlaliberacion.org\/crpmlm\/28684-2\/"]}]},{"@type":"ImageObject","inLanguage":"es","@id":"https:\/\/vamosporlaliberacion.org\/crpmlm\/28684-2\/#primaryimage","url":"https:\/\/i0.wp.com\/vamosporlaliberacion.org\/crpmlm\/wp-content\/uploads\/2025\/10\/IMG-20251017-WA0008.jpg?fit=892%2C849&ssl=1","contentUrl":"https:\/\/i0.wp.com\/vamosporlaliberacion.org\/crpmlm\/wp-content\/uploads\/2025\/10\/IMG-20251017-WA0008.jpg?fit=892%2C849&ssl=1","width":892,"height":849},{"@type":"BreadcrumbList","@id":"https:\/\/vamosporlaliberacion.org\/crpmlm\/28684-2\/#breadcrumb","itemListElement":[{"@type":"ListItem","position":1,"name":"Portada","item":"https:\/\/vamosporlaliberacion.org\/crpmlm\/"},{"@type":"ListItem","position":2,"name":"17 de octubre: historia, presente y futuro"}]},{"@type":"WebSite","@id":"https:\/\/vamosporlaliberacion.org\/crpmlm\/#website","url":"https:\/\/vamosporlaliberacion.org\/crpmlm\/","name":"Vamos por la Liberaci\u00f3n","description":"Prensa CR","potentialAction":[{"@type":"SearchAction","target":{"@type":"EntryPoint","urlTemplate":"https:\/\/vamosporlaliberacion.org\/crpmlm\/?s={search_term_string}"},"query-input":{"@type":"PropertyValueSpecification","valueRequired":true,"valueName":"search_term_string"}}],"inLanguage":"es"},{"@type":"Person","@id":"https:\/\/vamosporlaliberacion.org\/crpmlm\/#\/schema\/person\/ebdbd4bf0e9418b9f0c0a93395366b2f","name":"Prensa Vamos","sameAs":["http:\/\/vamposporlaliberacion.org"],"url":"http:\/\/vamosporlaliberacion.org\/crpmlm\/author\/editor\/"}]}},"jetpack_featured_media_url":"https:\/\/i0.wp.com\/vamosporlaliberacion.org\/crpmlm\/wp-content\/uploads\/2025\/10\/IMG-20251017-WA0008.jpg?fit=892%2C849&ssl=1","jetpack_sharing_enabled":true,"_links":{"self":[{"href":"http:\/\/vamosporlaliberacion.org\/crpmlm\/wp-json\/wp\/v2\/posts\/28684","targetHints":{"allow":["GET"]}}],"collection":[{"href":"http:\/\/vamosporlaliberacion.org\/crpmlm\/wp-json\/wp\/v2\/posts"}],"about":[{"href":"http:\/\/vamosporlaliberacion.org\/crpmlm\/wp-json\/wp\/v2\/types\/post"}],"author":[{"embeddable":true,"href":"http:\/\/vamosporlaliberacion.org\/crpmlm\/wp-json\/wp\/v2\/users\/9"}],"replies":[{"embeddable":true,"href":"http:\/\/vamosporlaliberacion.org\/crpmlm\/wp-json\/wp\/v2\/comments?post=28684"}],"version-history":[{"count":3,"href":"http:\/\/vamosporlaliberacion.org\/crpmlm\/wp-json\/wp\/v2\/posts\/28684\/revisions"}],"predecessor-version":[{"id":28696,"href":"http:\/\/vamosporlaliberacion.org\/crpmlm\/wp-json\/wp\/v2\/posts\/28684\/revisions\/28696"}],"wp:featuredmedia":[{"embeddable":true,"href":"http:\/\/vamosporlaliberacion.org\/crpmlm\/wp-json\/wp\/v2\/media\/28687"}],"wp:attachment":[{"href":"http:\/\/vamosporlaliberacion.org\/crpmlm\/wp-json\/wp\/v2\/media?parent=28684"}],"wp:term":[{"taxonomy":"category","embeddable":true,"href":"http:\/\/vamosporlaliberacion.org\/crpmlm\/wp-json\/wp\/v2\/categories?post=28684"},{"taxonomy":"post_tag","embeddable":true,"href":"http:\/\/vamosporlaliberacion.org\/crpmlm\/wp-json\/wp\/v2\/tags?post=28684"}],"curies":[{"name":"wp","href":"https:\/\/api.w.org\/{rel}","templated":true}]}}