{"id":28642,"date":"2025-09-01T18:01:53","date_gmt":"2025-09-01T21:01:53","guid":{"rendered":"https:\/\/vamosporlaliberacion.org\/crpmlm\/?p=28642"},"modified":"2025-09-01T19:33:56","modified_gmt":"2025-09-01T22:33:56","slug":"leones-de-papel","status":"publish","type":"post","link":"http:\/\/vamosporlaliberacion.org\/crpmlm\/leones-de-papel\/","title":{"rendered":"\u201cLeones de papel\u201d"},"content":{"rendered":"\n<p>\u201c<em>En apariencia, son aterradores, pero en realidad no son tan poderosos. A largo plazo, no son los reaccionarios, sino el pueblo, quienes tienen poder\u201d<\/em> (\u201cEl imperialismo y todos los reaccionarios son tigres de papel\u201d <em>Mao Tse-Tung<\/em><strong>)<\/strong><\/p>\n\n\n\n<p><\/p>\n\n\n\n<h3 class=\"wp-block-heading\"><strong>Ajustadores, corruptos, entreguistas y crueles\u2026<\/strong><\/h3>\n\n\n\n<p><strong>La ca\u00edda del blindaje medi\u00e1tico y pol\u00edtico con que contaba el gobierno deja al desnudo al \u201crey\u201d que busca desesperadamente ocultar la debacle del plan econ\u00f3mico y los esc\u00e1ndalos de corrupci\u00f3n que envuelve a las principales figuras de su corte.<\/strong><\/p>\n\n\n\n<p>Un plan econ\u00f3mico que empez\u00f3 su fracaso a principios de a\u00f1o y que fue emparchado por la inyecci\u00f3n de d\u00f3lares del FMI, la bicicleta financiera (carry trade) y los salarios planchados. A tal punto es la actual crisis econ\u00f3mica que armaron un \u201ccorral\u00f3n\u201d elevando los encajes para que los bancos retengan pesos y estos no vayan al d\u00f3lar.<\/p>\n\n\n\n<p>A tal punto es la profundidad que implementaron una tasa anual de 75%, tres veces la inflaci\u00f3n mensual proyectada. Una maniobra desesperada para sostenerse el d\u00f3lar planchado hasta las elecciones por decisi\u00f3n directa de Javier Milei. Pero no pueden parar la compra de la divisa que el mes de julio super\u00f3 en un 40% respecto al mes anterior.<\/p>\n\n\n\n<p><strong>Un \u201cplan espejo\u201d al de Videla-Mart\u00ednez de Hoz, pero Milei-Caputo encontr\u00f3 su ocaso m\u00e1s r\u00e1pido por falta de \u201cespalda\u201d de d\u00f3lares para hacerlo caminar. <\/strong>En el transcurso los due\u00f1os del poder, esa elite a los que Milei considera h\u00e9roes, se llenaron los bolsillos, lo exprimieron, le dan la espalda en el Congreso y frente al ocaso buscan otros \u201creyes\u201d o \u201creinas\u201d que sigan con el esquema econ\u00f3mico y garanticen gobernabilidad.<\/p>\n\n\n\n<p>En el terreno pol\u00edtico, estos sectores est\u00e1n apalancando el armado de los gobernadores, <strong>que hasta hace un mes bancaban al gobierno, pero que frente al recorte de partidas a las provincias y el armado electoral de LLA enfrent\u00e1ndolos en sus provincias, dieron por terminada la luna de miel<\/strong> y lo demostraron en las votaciones en el Congreso y el armado pol\u00edtico que obedece a esta altura, m\u00e1s a garantizar la gobernabilidad en una asamblea legislativa, luego de un juicio pol\u00edtico, que un armado electoral.<\/p>\n\n\n\n<p><strong>Pero ya conocemos los ocasos sangrientos de los planes econ\u00f3micos como el actual,<\/strong> <strong>que no es otro que m\u00e1s ajuste, endeudamientos, default y represi\u00f3n. <\/strong>En el mes de agosto el consumo cay\u00f3 un 87% y la recesi\u00f3n avanza sin descanso, mientras se multiplican los mega galpones de la log\u00edstica para distribuir la ola hist\u00f3rica de productos importados, mientras cierran m\u00e1s de 500 Pymes y son incesantes los despidos.<\/p>\n\n\n\n<p><strong>A la par el gobierno cruel hace balance de que \u201cla suba del d\u00f3lar no se traslada a precios\u201d, ocultando que los servicios y combustible aumentan cada mes y hasta dos veces por mes en el caso del combustible.<\/strong><\/p>\n\n\n\n<p>Esta debacle en lo econ\u00f3mico, trajo aparejada divisiones y crisis pol\u00edtica en el seno del gobierno ya que golpea las expectativas de grandes sectores de la poblaci\u00f3n que pasaron a poner en segundo plano \u201cla baja de la inflaci\u00f3n\u201d porque <strong>no se llega al quince de mes y el resto compra con tarjeta de cr\u00e9dito que luego entran en mora por no poder pagarlas\u2026una rueda neoliberal siniestra.<\/strong><\/p>\n\n\n\n<p>A esto hay que sumarle los esc\u00e1ndalos de corrupci\u00f3n de la estafa Libra, que fue encubierto por los medios y sectores dominantes de la pol\u00edtica, acompa\u00f1ando, todav\u00eda a principios de a\u00f1o, el rumbo econ\u00f3mico y ocultando otros hechos de corrupci\u00f3n en el PAMI y ANSES o la compra de voluntades como el caso del ex senador Kueider.<\/p>\n\n\n\n<p>Pero, <strong>cuando \u201cel destructor se convirti\u00f3 en una barcaza\u201d<\/strong> <strong>y la asistencia del FMI se transform\u00f3 en una ayuda p\u00edrrica<\/strong> porque los d\u00f3lares se fugan y no vienen, el circulo de poder le suelta la mano y filtra una operaci\u00f3n que puede ser letal que se incrusta en la \u201cl\u00ednea de flotaci\u00f3n\u201d del n\u00facleo gobernante, dejando expuesto con los audios del ex secretario de discapacidad Spagnuolo, la corrupci\u00f3n desde el v\u00e9rtice del poder involucrando a Karina Milei, Eduardo \u201clule\u201d Menem y el propio Javier Milei vinculados a la poderosa droguer\u00eda Suizo Argentina receptora de contratos multimillonarios mediante coimas directas a estos funcionarios.<\/p>\n\n\n\n<p><strong>Esta pr\u00e1ctica no es nueva en el gobierno ya que son conocidos los hechos mas que rumores de pedidos de sobornos a empresarios para tener una audiencia con Milei, organizado directamente por la hermana Karina. A medida que se afianzaron en el poder y fueron sumergi\u00e9ndose en el Estado, la corrupci\u00f3n avanz\u00f3 a niveles y ritmo escandaloso.<\/strong><\/p>\n\n\n\n<h3 class=\"wp-block-heading\"><strong>El efecto en los sectores populares<\/strong><\/h3>\n\n\n\n<p>La crisis pol\u00edtica estalla dos meses antes de las elecciones de octubre y a solo un mes de las de Pcia de BsAs, <strong>donde el propio ejecutivo nacional la ubic\u00f3 en los hechos como una primaria de las de octubre.<\/strong> Siguieron adelante como si nada pasara, pero la crisis los arrastra y ahora no saben c\u00f3mo bajarle el tono ya que la expansi\u00f3n en las redes y medios hasta ayer \u201camigos\u201d del escandalo de corrupci\u00f3n, llevaron a que la indignaci\u00f3n de aquellos sectores que soportan el ajuste brutal y en particular las familias de discapacitados a quienes les recortaron y quitaron derechos y partidas mientras \u201cse los robaban para la corona\u201d, termin\u00f3 de llenar el vaso para amplios sectores.<\/p>\n\n\n<div class=\"wp-block-image\">\n<figure class=\"aligncenter size-large is-resized\"><img data-recalc-dims=\"1\" loading=\"lazy\" decoding=\"async\" width=\"696\" height=\"463\" src=\"https:\/\/i0.wp.com\/vamosporlaliberacion.org\/crpmlm\/wp-content\/uploads\/2025\/09\/Milei-Expert-700x466.jpg?resize=696%2C463&#038;ssl=1\" alt=\"\" class=\"wp-image-28647\" style=\"width:517px;height:auto\" srcset=\"https:\/\/i0.wp.com\/vamosporlaliberacion.org\/crpmlm\/wp-content\/uploads\/2025\/09\/Milei-Expert.jpg?resize=700%2C466&amp;ssl=1 700w, https:\/\/i0.wp.com\/vamosporlaliberacion.org\/crpmlm\/wp-content\/uploads\/2025\/09\/Milei-Expert.jpg?resize=300%2C200&amp;ssl=1 300w, https:\/\/i0.wp.com\/vamosporlaliberacion.org\/crpmlm\/wp-content\/uploads\/2025\/09\/Milei-Expert.jpg?resize=150%2C100&amp;ssl=1 150w, https:\/\/i0.wp.com\/vamosporlaliberacion.org\/crpmlm\/wp-content\/uploads\/2025\/09\/Milei-Expert.jpg?resize=696%2C463&amp;ssl=1 696w, https:\/\/i0.wp.com\/vamosporlaliberacion.org\/crpmlm\/wp-content\/uploads\/2025\/09\/Milei-Expert.jpg?resize=631%2C420&amp;ssl=1 631w, https:\/\/i0.wp.com\/vamosporlaliberacion.org\/crpmlm\/wp-content\/uploads\/2025\/09\/Milei-Expert.jpg?w=720&amp;ssl=1 720w\" sizes=\"auto, (max-width: 696px) 100vw, 696px\" \/><figcaption class=\"wp-element-caption\">Repudio popular a Milei y Espert en Lomas de Zamora.<\/figcaption><\/figure>\n<\/div>\n\n\n<p><strong>El gobierno perdi\u00f3 el rumbo econ\u00f3mico, perdi\u00f3 consenso pol\u00edtico y por \u00faltimo perdi\u00f3 la calle y eso se evidencia en los escraches donde aparecen en la campa\u00f1a electoral, as\u00ed fue en Jun\u00edn, Lomas de Zamora, en la Pcia de BsAs, pero tambi\u00e9n en Corrientes dos d\u00edas antes de las elecciones donde La Libertad Avanza qued\u00f3 cuarta en domingo pasado con solo el 8% de los votos.<\/strong><\/p>\n\n\n\n<p>En general las encuestas, aun las m\u00e1s cercanas al gobierno, registran una p\u00e9rdida del 10% de los votos. Esto no quiere decir que el gobierno se caiga, pero si muestra algo poco com\u00fan, como es una crisis pol\u00edtica tan pocos d\u00edas antes de elecciones.<\/p>\n\n\n\n<p><strong>Si la crisis no es mayor, depende de los sectores dominantes que est\u00e1n armando el recambio por arriba, sin modificar el rumbo, pero con m\u00e1s \u201cempat\u00eda y contenci\u00f3n social\u201d.<\/strong> Sectores que tambi\u00e9n se expresan en el \u201ccampo popular\u201d que en vez de jugar a \u201cla pera madura\u201d (esperando que caiga del \u00e1rbol), siguen en sinton\u00eda electoral tratando de captar votos mientras miran o act\u00faan en esas cuevas donde se cocina el recambio, lejos de los sufrimientos de millones.<\/p>\n\n\n\n<p>Esto es lo que estimula la apat\u00eda pol\u00edtica que se expresa en muchos casos en el \u201cengorde\u201d de proyectos de ultraderecha como el que encabeza Milei o en el rechazo a las elecciones, pero no volcado a la lucha.<\/p>\n\n\n\n<p>Debemos tratar de llegar a las elecciones ganando las calles y la iniciativa que perdi\u00f3 el oficialismo. <strong>El camino del acampe que iniciaron los y las docentes fueguinos es v\u00e1lido para poner en debate por donde es la salida para recuperar salarios e infraestructura, y no es otra salida que tocar al pu\u00f1ado de aquellas \u201cvacas sagradas\u201d paradas sobre las riquezas comunes.<\/strong><\/p>\n\n\n<div class=\"wp-block-image\">\n<figure class=\"aligncenter size-large is-resized\"><img data-recalc-dims=\"1\" loading=\"lazy\" decoding=\"async\" width=\"696\" height=\"329\" src=\"https:\/\/i0.wp.com\/vamosporlaliberacion.org\/crpmlm\/wp-content\/uploads\/2025\/09\/Sutef-700x331.jpg?resize=696%2C329\" alt=\"\" class=\"wp-image-28643\" style=\"width:503px;height:auto\" srcset=\"https:\/\/i0.wp.com\/vamosporlaliberacion.org\/crpmlm\/wp-content\/uploads\/2025\/09\/Sutef.jpg?resize=700%2C331&amp;ssl=1 700w, https:\/\/i0.wp.com\/vamosporlaliberacion.org\/crpmlm\/wp-content\/uploads\/2025\/09\/Sutef.jpg?resize=300%2C142&amp;ssl=1 300w, https:\/\/i0.wp.com\/vamosporlaliberacion.org\/crpmlm\/wp-content\/uploads\/2025\/09\/Sutef.jpg?resize=768%2C363&amp;ssl=1 768w, https:\/\/i0.wp.com\/vamosporlaliberacion.org\/crpmlm\/wp-content\/uploads\/2025\/09\/Sutef.jpg?resize=150%2C71&amp;ssl=1 150w, https:\/\/i0.wp.com\/vamosporlaliberacion.org\/crpmlm\/wp-content\/uploads\/2025\/09\/Sutef.jpg?resize=696%2C329&amp;ssl=1 696w, https:\/\/i0.wp.com\/vamosporlaliberacion.org\/crpmlm\/wp-content\/uploads\/2025\/09\/Sutef.jpg?w=880&amp;ssl=1 880w\" sizes=\"auto, (max-width: 696px) 100vw, 696px\" \/><\/figure>\n<\/div>\n\n\n<p>Estas acciones deben te\u00f1ir el debate electoral de gran importancia donde se juega mucho el 7 de septiembre en Pcia de BsAs y en las nacionales el 26 de octubre, <strong>y donde los sectores populares buscaremos que se impongan las expresiones del campo popular como Fuerza Patria en Pcia de BsAs y a nivel nacional y otras que integramos como Uni\u00f3n Popular en CABA<\/strong>, buscando frenar a la ultraderecha y la derecha en todas sus expresiones, para fortalecer una impronta de poder de los de abajo, <strong>que imponga con el pueblo en las calles el juicio pol\u00edtico y el llamado a una Asamblea Constituyente Soberana para empezar a cambiar la historia discutiendo programas de fondo, con nueva camada de dirigentes que expresen la recuperaci\u00f3n y defensa de la soberan\u00eda, de la igualdad y las tareas democr\u00e1ticas.<\/strong><\/p>\n<!-- AddThis Advanced Settings generic via filter on the_content --><!-- AddThis Share Buttons generic via filter on the_content -->","protected":false},"excerpt":{"rendered":"<p>\u201cEn apariencia, son aterradores, pero en realidad no son tan poderosos. A largo plazo, no son los reaccionarios, sino el pueblo, quienes tienen poder\u201d (\u201cEl imperialismo y todos los reaccionarios son tigres de papel\u201d Mao Tse-Tung) Ajustadores, corruptos, entreguistas y crueles\u2026 La ca\u00edda del blindaje medi\u00e1tico y pol\u00edtico con que contaba el gobierno deja al [&hellip;]<!-- AddThis Advanced Settings generic via filter on get_the_excerpt --><!-- AddThis Share Buttons generic via filter on get_the_excerpt --><\/p>\n","protected":false},"author":9,"featured_media":28645,"comment_status":"closed","ping_status":"closed","sticky":false,"template":"","format":"standard","meta":{"_jetpack_memberships_contains_paid_content":false,"footnotes":""},"categories":[1881,1699],"tags":[],"class_list":{"0":"post-28642","1":"post","2":"type-post","3":"status-publish","4":"format-standard","5":"has-post-thumbnail","7":"category-editoriales","8":"category-noticias"},"yoast_head":"<!-- This site is optimized with the Yoast SEO plugin v27.4 - https:\/\/yoast.com\/product\/yoast-seo-wordpress\/ -->\n<title>\u201cLeones de papel\u201d - Vamos por la Liberaci\u00f3n<\/title>\n<meta name=\"robots\" content=\"index, follow, max-snippet:-1, max-image-preview:large, max-video-preview:-1\" \/>\n<link rel=\"canonical\" href=\"https:\/\/vamosporlaliberacion.org\/crpmlm\/leones-de-papel\/\" \/>\n<meta name=\"twitter:label1\" content=\"Escrito por\" \/>\n\t<meta name=\"twitter:data1\" content=\"Prensa Vamos\" \/>\n\t<meta name=\"twitter:label2\" content=\"Tiempo de lectura\" \/>\n\t<meta name=\"twitter:data2\" content=\"7 minutos\" \/>\n<script type=\"application\/ld+json\" class=\"yoast-schema-graph\">{\"@context\":\"https:\\\/\\\/schema.org\",\"@graph\":[{\"@type\":\"Article\",\"@id\":\"https:\\\/\\\/vamosporlaliberacion.org\\\/crpmlm\\\/leones-de-papel\\\/#article\",\"isPartOf\":{\"@id\":\"https:\\\/\\\/vamosporlaliberacion.org\\\/crpmlm\\\/leones-de-papel\\\/\"},\"author\":{\"name\":\"Prensa Vamos\",\"@id\":\"https:\\\/\\\/vamosporlaliberacion.org\\\/crpmlm\\\/#\\\/schema\\\/person\\\/ebdbd4bf0e9418b9f0c0a93395366b2f\"},\"headline\":\"\u201cLeones de papel\u201d\",\"datePublished\":\"2025-09-01T21:01:53+00:00\",\"dateModified\":\"2025-09-01T22:33:56+00:00\",\"mainEntityOfPage\":{\"@id\":\"https:\\\/\\\/vamosporlaliberacion.org\\\/crpmlm\\\/leones-de-papel\\\/\"},\"wordCount\":1392,\"image\":{\"@id\":\"https:\\\/\\\/vamosporlaliberacion.org\\\/crpmlm\\\/leones-de-papel\\\/#primaryimage\"},\"thumbnailUrl\":\"https:\\\/\\\/i0.wp.com\\\/vamosporlaliberacion.org\\\/crpmlm\\\/wp-content\\\/uploads\\\/2025\\\/09\\\/fueraMilei.jpg?fit=900%2C599&ssl=1\",\"articleSection\":[\"Editoriales\",\"Noticias\"],\"inLanguage\":\"es\"},{\"@type\":\"WebPage\",\"@id\":\"https:\\\/\\\/vamosporlaliberacion.org\\\/crpmlm\\\/leones-de-papel\\\/\",\"url\":\"https:\\\/\\\/vamosporlaliberacion.org\\\/crpmlm\\\/leones-de-papel\\\/\",\"name\":\"\u201cLeones de papel\u201d - Vamos por la Liberaci\u00f3n\",\"isPartOf\":{\"@id\":\"https:\\\/\\\/vamosporlaliberacion.org\\\/crpmlm\\\/#website\"},\"primaryImageOfPage\":{\"@id\":\"https:\\\/\\\/vamosporlaliberacion.org\\\/crpmlm\\\/leones-de-papel\\\/#primaryimage\"},\"image\":{\"@id\":\"https:\\\/\\\/vamosporlaliberacion.org\\\/crpmlm\\\/leones-de-papel\\\/#primaryimage\"},\"thumbnailUrl\":\"https:\\\/\\\/i0.wp.com\\\/vamosporlaliberacion.org\\\/crpmlm\\\/wp-content\\\/uploads\\\/2025\\\/09\\\/fueraMilei.jpg?fit=900%2C599&ssl=1\",\"datePublished\":\"2025-09-01T21:01:53+00:00\",\"dateModified\":\"2025-09-01T22:33:56+00:00\",\"author\":{\"@id\":\"https:\\\/\\\/vamosporlaliberacion.org\\\/crpmlm\\\/#\\\/schema\\\/person\\\/ebdbd4bf0e9418b9f0c0a93395366b2f\"},\"breadcrumb\":{\"@id\":\"https:\\\/\\\/vamosporlaliberacion.org\\\/crpmlm\\\/leones-de-papel\\\/#breadcrumb\"},\"inLanguage\":\"es\",\"potentialAction\":[{\"@type\":\"ReadAction\",\"target\":[\"https:\\\/\\\/vamosporlaliberacion.org\\\/crpmlm\\\/leones-de-papel\\\/\"]}]},{\"@type\":\"ImageObject\",\"inLanguage\":\"es\",\"@id\":\"https:\\\/\\\/vamosporlaliberacion.org\\\/crpmlm\\\/leones-de-papel\\\/#primaryimage\",\"url\":\"https:\\\/\\\/i0.wp.com\\\/vamosporlaliberacion.org\\\/crpmlm\\\/wp-content\\\/uploads\\\/2025\\\/09\\\/fueraMilei.jpg?fit=900%2C599&ssl=1\",\"contentUrl\":\"https:\\\/\\\/i0.wp.com\\\/vamosporlaliberacion.org\\\/crpmlm\\\/wp-content\\\/uploads\\\/2025\\\/09\\\/fueraMilei.jpg?fit=900%2C599&ssl=1\",\"width\":900,\"height\":599},{\"@type\":\"BreadcrumbList\",\"@id\":\"https:\\\/\\\/vamosporlaliberacion.org\\\/crpmlm\\\/leones-de-papel\\\/#breadcrumb\",\"itemListElement\":[{\"@type\":\"ListItem\",\"position\":1,\"name\":\"Portada\",\"item\":\"https:\\\/\\\/vamosporlaliberacion.org\\\/crpmlm\\\/\"},{\"@type\":\"ListItem\",\"position\":2,\"name\":\"\u201cLeones de papel\u201d\"}]},{\"@type\":\"WebSite\",\"@id\":\"https:\\\/\\\/vamosporlaliberacion.org\\\/crpmlm\\\/#website\",\"url\":\"https:\\\/\\\/vamosporlaliberacion.org\\\/crpmlm\\\/\",\"name\":\"Vamos por la Liberaci\u00f3n\",\"description\":\"Prensa CR\",\"potentialAction\":[{\"@type\":\"SearchAction\",\"target\":{\"@type\":\"EntryPoint\",\"urlTemplate\":\"https:\\\/\\\/vamosporlaliberacion.org\\\/crpmlm\\\/?s={search_term_string}\"},\"query-input\":{\"@type\":\"PropertyValueSpecification\",\"valueRequired\":true,\"valueName\":\"search_term_string\"}}],\"inLanguage\":\"es\"},{\"@type\":\"Person\",\"@id\":\"https:\\\/\\\/vamosporlaliberacion.org\\\/crpmlm\\\/#\\\/schema\\\/person\\\/ebdbd4bf0e9418b9f0c0a93395366b2f\",\"name\":\"Prensa Vamos\",\"sameAs\":[\"http:\\\/\\\/vamposporlaliberacion.org\"],\"url\":\"http:\\\/\\\/vamosporlaliberacion.org\\\/crpmlm\\\/author\\\/editor\\\/\"}]}<\/script>\n<!-- \/ Yoast SEO plugin. -->","yoast_head_json":{"title":"\u201cLeones de papel\u201d - Vamos por la Liberaci\u00f3n","robots":{"index":"index","follow":"follow","max-snippet":"max-snippet:-1","max-image-preview":"max-image-preview:large","max-video-preview":"max-video-preview:-1"},"canonical":"https:\/\/vamosporlaliberacion.org\/crpmlm\/leones-de-papel\/","twitter_misc":{"Escrito por":"Prensa Vamos","Tiempo de lectura":"7 minutos"},"schema":{"@context":"https:\/\/schema.org","@graph":[{"@type":"Article","@id":"https:\/\/vamosporlaliberacion.org\/crpmlm\/leones-de-papel\/#article","isPartOf":{"@id":"https:\/\/vamosporlaliberacion.org\/crpmlm\/leones-de-papel\/"},"author":{"name":"Prensa Vamos","@id":"https:\/\/vamosporlaliberacion.org\/crpmlm\/#\/schema\/person\/ebdbd4bf0e9418b9f0c0a93395366b2f"},"headline":"\u201cLeones de papel\u201d","datePublished":"2025-09-01T21:01:53+00:00","dateModified":"2025-09-01T22:33:56+00:00","mainEntityOfPage":{"@id":"https:\/\/vamosporlaliberacion.org\/crpmlm\/leones-de-papel\/"},"wordCount":1392,"image":{"@id":"https:\/\/vamosporlaliberacion.org\/crpmlm\/leones-de-papel\/#primaryimage"},"thumbnailUrl":"https:\/\/i0.wp.com\/vamosporlaliberacion.org\/crpmlm\/wp-content\/uploads\/2025\/09\/fueraMilei.jpg?fit=900%2C599&ssl=1","articleSection":["Editoriales","Noticias"],"inLanguage":"es"},{"@type":"WebPage","@id":"https:\/\/vamosporlaliberacion.org\/crpmlm\/leones-de-papel\/","url":"https:\/\/vamosporlaliberacion.org\/crpmlm\/leones-de-papel\/","name":"\u201cLeones de papel\u201d - Vamos por la Liberaci\u00f3n","isPartOf":{"@id":"https:\/\/vamosporlaliberacion.org\/crpmlm\/#website"},"primaryImageOfPage":{"@id":"https:\/\/vamosporlaliberacion.org\/crpmlm\/leones-de-papel\/#primaryimage"},"image":{"@id":"https:\/\/vamosporlaliberacion.org\/crpmlm\/leones-de-papel\/#primaryimage"},"thumbnailUrl":"https:\/\/i0.wp.com\/vamosporlaliberacion.org\/crpmlm\/wp-content\/uploads\/2025\/09\/fueraMilei.jpg?fit=900%2C599&ssl=1","datePublished":"2025-09-01T21:01:53+00:00","dateModified":"2025-09-01T22:33:56+00:00","author":{"@id":"https:\/\/vamosporlaliberacion.org\/crpmlm\/#\/schema\/person\/ebdbd4bf0e9418b9f0c0a93395366b2f"},"breadcrumb":{"@id":"https:\/\/vamosporlaliberacion.org\/crpmlm\/leones-de-papel\/#breadcrumb"},"inLanguage":"es","potentialAction":[{"@type":"ReadAction","target":["https:\/\/vamosporlaliberacion.org\/crpmlm\/leones-de-papel\/"]}]},{"@type":"ImageObject","inLanguage":"es","@id":"https:\/\/vamosporlaliberacion.org\/crpmlm\/leones-de-papel\/#primaryimage","url":"https:\/\/i0.wp.com\/vamosporlaliberacion.org\/crpmlm\/wp-content\/uploads\/2025\/09\/fueraMilei.jpg?fit=900%2C599&ssl=1","contentUrl":"https:\/\/i0.wp.com\/vamosporlaliberacion.org\/crpmlm\/wp-content\/uploads\/2025\/09\/fueraMilei.jpg?fit=900%2C599&ssl=1","width":900,"height":599},{"@type":"BreadcrumbList","@id":"https:\/\/vamosporlaliberacion.org\/crpmlm\/leones-de-papel\/#breadcrumb","itemListElement":[{"@type":"ListItem","position":1,"name":"Portada","item":"https:\/\/vamosporlaliberacion.org\/crpmlm\/"},{"@type":"ListItem","position":2,"name":"\u201cLeones de papel\u201d"}]},{"@type":"WebSite","@id":"https:\/\/vamosporlaliberacion.org\/crpmlm\/#website","url":"https:\/\/vamosporlaliberacion.org\/crpmlm\/","name":"Vamos por la Liberaci\u00f3n","description":"Prensa CR","potentialAction":[{"@type":"SearchAction","target":{"@type":"EntryPoint","urlTemplate":"https:\/\/vamosporlaliberacion.org\/crpmlm\/?s={search_term_string}"},"query-input":{"@type":"PropertyValueSpecification","valueRequired":true,"valueName":"search_term_string"}}],"inLanguage":"es"},{"@type":"Person","@id":"https:\/\/vamosporlaliberacion.org\/crpmlm\/#\/schema\/person\/ebdbd4bf0e9418b9f0c0a93395366b2f","name":"Prensa Vamos","sameAs":["http:\/\/vamposporlaliberacion.org"],"url":"http:\/\/vamosporlaliberacion.org\/crpmlm\/author\/editor\/"}]}},"jetpack_featured_media_url":"https:\/\/i0.wp.com\/vamosporlaliberacion.org\/crpmlm\/wp-content\/uploads\/2025\/09\/fueraMilei.jpg?fit=900%2C599&ssl=1","jetpack_sharing_enabled":true,"_links":{"self":[{"href":"http:\/\/vamosporlaliberacion.org\/crpmlm\/wp-json\/wp\/v2\/posts\/28642","targetHints":{"allow":["GET"]}}],"collection":[{"href":"http:\/\/vamosporlaliberacion.org\/crpmlm\/wp-json\/wp\/v2\/posts"}],"about":[{"href":"http:\/\/vamosporlaliberacion.org\/crpmlm\/wp-json\/wp\/v2\/types\/post"}],"author":[{"embeddable":true,"href":"http:\/\/vamosporlaliberacion.org\/crpmlm\/wp-json\/wp\/v2\/users\/9"}],"replies":[{"embeddable":true,"href":"http:\/\/vamosporlaliberacion.org\/crpmlm\/wp-json\/wp\/v2\/comments?post=28642"}],"version-history":[{"count":3,"href":"http:\/\/vamosporlaliberacion.org\/crpmlm\/wp-json\/wp\/v2\/posts\/28642\/revisions"}],"predecessor-version":[{"id":28657,"href":"http:\/\/vamosporlaliberacion.org\/crpmlm\/wp-json\/wp\/v2\/posts\/28642\/revisions\/28657"}],"wp:featuredmedia":[{"embeddable":true,"href":"http:\/\/vamosporlaliberacion.org\/crpmlm\/wp-json\/wp\/v2\/media\/28645"}],"wp:attachment":[{"href":"http:\/\/vamosporlaliberacion.org\/crpmlm\/wp-json\/wp\/v2\/media?parent=28642"}],"wp:term":[{"taxonomy":"category","embeddable":true,"href":"http:\/\/vamosporlaliberacion.org\/crpmlm\/wp-json\/wp\/v2\/categories?post=28642"},{"taxonomy":"post_tag","embeddable":true,"href":"http:\/\/vamosporlaliberacion.org\/crpmlm\/wp-json\/wp\/v2\/tags?post=28642"}],"curies":[{"name":"wp","href":"https:\/\/api.w.org\/{rel}","templated":true}]}}