{"id":28633,"date":"2025-08-18T07:04:07","date_gmt":"2025-08-18T10:04:07","guid":{"rendered":"https:\/\/vamosporlaliberacion.org\/crpmlm\/?p=28633"},"modified":"2025-08-18T07:07:44","modified_gmt":"2025-08-18T10:07:44","slug":"darle-fuerza-a-un-programa-popular-organizarse-y-luchar","status":"publish","type":"post","link":"http:\/\/vamosporlaliberacion.org\/crpmlm\/darle-fuerza-a-un-programa-popular-organizarse-y-luchar\/","title":{"rendered":"Darle fuerza a un programa popular, organizarse y luchar."},"content":{"rendered":"\n<h2 class=\"wp-block-heading\">Construyendo un camino de lucha pol\u00edtica y social<\/h2>\n\n\n\n<p>En un contexto donde la ultraderecha ataca con tanta crueldad como lo hace el gobierno de Milei, el campo del pueblo debe unir a&nbsp; los distintos sectores populares para enfrentarlo, pugnando por que los m\u00e1s oprimidos sean referencia.&nbsp;<\/p>\n\n\n\n<p>Vivimos en un escenario de dispersi\u00f3n, escepticismo y desaz\u00f3n. Mientras muchos, desde distintas corrientes tratamos de mostrar la verdadera cara de LLA, otros, despu\u00e9s del fracaso del gobierno de Alberto Fern\u00e1ndez (que no quiso o no supo tocar los intereses de los mismos poderosos de siempre a favor del pueblo y fue castigado),&nbsp; tuvieron expectativas en un cambio y ahora frente a la crueldad, la superexplotaci\u00f3n y la pobreza en aumento se ven cada vez m\u00e1s decepcionados.<\/p>\n\n\n\n<p>Es necesario &nbsp;construir un camino de lucha pol\u00edtica y social en cada barrio, en cada lugar de trabajo y de estudio que permita que, quienes ponemos el lomo todos los d\u00edas, protagonicemos y hegemonicemos el amplio campo popular para decirle basta de una vez por todas a los especuladores y extractivistas que saquean a nuestro pueblo y nuestra patria.<\/p>\n\n\n\n<p>Empujar este objetivo se vuelve a\u00fan m\u00e1s importante cuando una parte del frente popular busca salir de esta crisis por arriba y propone esperar en una resistencia mansa a las elecciones de 2027.&nbsp;<\/p>\n\n\n\n<p>Desde el MOVIMIENTO POPULAR LIBERACI\u00d3N CABA, frente a las inminentes elecciones\u00a0 legislativas\u00a0 nacionales, buscamos darle una forma electoral a esta tarea, diferente a\u00a0 la unidad a ciegas con los Moreno, los Massa o los Scioli que no solo no alcanza, sino que nos puede hacer retroceder, necesitamos m\u00e1s!.\u00a0<\/p>\n\n\n\n<p>Formamos parte de la lista de diputados encabezada por Claudio Lozano junto con UP, d\u00e1ndole prioridad a una construcci\u00f3n amplia como lo venimos haciendo con distintas organizaciones y espacios en la CABA, trabajando desde la misma perspectiva de protagonismo popular en cada territorio.&nbsp;<\/p>\n\n\n\n<p>Respecto de la elecci\u00f3n de Senadores Nacionales, esta lista funcionar\u00e1 como colectora de la lista de Senadores que presenta FUERZA PATRIA, para limitar la posibilidad del crecimiento de la ultraderecha en el Senado.<\/p>\n\n\n\n<p>Proponemos\u00a0 a sus candidatos un programa de unidad popular para llevar adelante en el Congreso: el juicio pol\u00edtico a Milei, la suspensi\u00f3n de pago\u00a0 y la investigaci\u00f3n de la deuda externa y el impulso al impuesto a las grandes fortunas, monopolios, terratenientes y bancos, entre otras medidas urgentes.<\/p>\n\n\n<div class=\"wp-block-image\">\n<figure class=\"aligncenter size-full\"><img data-recalc-dims=\"1\" loading=\"lazy\" decoding=\"async\" width=\"362\" height=\"113\" src=\"https:\/\/i0.wp.com\/vamosporlaliberacion.org\/crpmlm\/wp-content\/uploads\/2024\/02\/logo_fondo_blanco.jpg?resize=362%2C113\" alt=\"\" class=\"wp-image-27542\" srcset=\"https:\/\/i0.wp.com\/vamosporlaliberacion.org\/crpmlm\/wp-content\/uploads\/2024\/02\/logo_fondo_blanco.jpg?w=362&amp;ssl=1 362w, https:\/\/i0.wp.com\/vamosporlaliberacion.org\/crpmlm\/wp-content\/uploads\/2024\/02\/logo_fondo_blanco.jpg?resize=300%2C94&amp;ssl=1 300w, https:\/\/i0.wp.com\/vamosporlaliberacion.org\/crpmlm\/wp-content\/uploads\/2024\/02\/logo_fondo_blanco.jpg?resize=150%2C47&amp;ssl=1 150w\" sizes=\"auto, (max-width: 362px) 100vw, 362px\" \/><figcaption class=\"wp-element-caption\"><strong>Movimiento Popular Liberaci\u00f3n &#8211; CABA &#8211; 18\/08\/2025<\/strong><\/figcaption><\/figure>\n<\/div>\n\n\n<p><\/p>\n<!-- AddThis Advanced Settings generic via filter on the_content --><!-- AddThis Share Buttons generic via filter on the_content -->","protected":false},"excerpt":{"rendered":"<p>Construyendo un camino de lucha pol\u00edtica y social En un contexto donde la ultraderecha ataca con tanta crueldad como lo hace el gobierno de Milei, el campo del pueblo debe unir a&nbsp; los distintos sectores populares para enfrentarlo, pugnando por que los m\u00e1s oprimidos sean referencia.&nbsp; Vivimos en un escenario de dispersi\u00f3n, escepticismo y desaz\u00f3n. [&hellip;]<!-- AddThis Advanced Settings generic via filter on get_the_excerpt --><!-- AddThis Share Buttons generic via filter on get_the_excerpt --><\/p>\n","protected":false},"author":9,"featured_media":28377,"comment_status":"closed","ping_status":"closed","sticky":false,"template":"","format":"standard","meta":{"_jetpack_memberships_contains_paid_content":false,"footnotes":""},"categories":[1699],"tags":[],"class_list":{"0":"post-28633","1":"post","2":"type-post","3":"status-publish","4":"format-standard","5":"has-post-thumbnail","7":"category-noticias"},"yoast_head":"<!-- This site is optimized with the Yoast SEO plugin v27.4 - https:\/\/yoast.com\/product\/yoast-seo-wordpress\/ -->\n<title>Darle fuerza a un programa popular, organizarse y luchar. - Vamos por la Liberaci\u00f3n<\/title>\n<meta name=\"robots\" content=\"index, follow, max-snippet:-1, max-image-preview:large, max-video-preview:-1\" \/>\n<link rel=\"canonical\" href=\"https:\/\/vamosporlaliberacion.org\/crpmlm\/darle-fuerza-a-un-programa-popular-organizarse-y-luchar\/\" \/>\n<meta name=\"twitter:label1\" content=\"Escrito por\" \/>\n\t<meta name=\"twitter:data1\" content=\"Prensa Vamos\" \/>\n\t<meta name=\"twitter:label2\" content=\"Tiempo de lectura\" \/>\n\t<meta name=\"twitter:data2\" content=\"3 minutos\" \/>\n<script type=\"application\/ld+json\" class=\"yoast-schema-graph\">{\"@context\":\"https:\\\/\\\/schema.org\",\"@graph\":[{\"@type\":\"Article\",\"@id\":\"https:\\\/\\\/vamosporlaliberacion.org\\\/crpmlm\\\/darle-fuerza-a-un-programa-popular-organizarse-y-luchar\\\/#article\",\"isPartOf\":{\"@id\":\"https:\\\/\\\/vamosporlaliberacion.org\\\/crpmlm\\\/darle-fuerza-a-un-programa-popular-organizarse-y-luchar\\\/\"},\"author\":{\"name\":\"Prensa Vamos\",\"@id\":\"https:\\\/\\\/vamosporlaliberacion.org\\\/crpmlm\\\/#\\\/schema\\\/person\\\/ebdbd4bf0e9418b9f0c0a93395366b2f\"},\"headline\":\"Darle fuerza a un programa popular, organizarse y luchar.\",\"datePublished\":\"2025-08-18T10:04:07+00:00\",\"dateModified\":\"2025-08-18T10:07:44+00:00\",\"mainEntityOfPage\":{\"@id\":\"https:\\\/\\\/vamosporlaliberacion.org\\\/crpmlm\\\/darle-fuerza-a-un-programa-popular-organizarse-y-luchar\\\/\"},\"wordCount\":428,\"image\":{\"@id\":\"https:\\\/\\\/vamosporlaliberacion.org\\\/crpmlm\\\/darle-fuerza-a-un-programa-popular-organizarse-y-luchar\\\/#primaryimage\"},\"thumbnailUrl\":\"https:\\\/\\\/i0.wp.com\\\/vamosporlaliberacion.org\\\/crpmlm\\\/wp-content\\\/uploads\\\/2025\\\/03\\\/IMG-20250324-WA0017.jpg?fit=1600%2C1204&ssl=1\",\"articleSection\":[\"Noticias\"],\"inLanguage\":\"es\"},{\"@type\":\"WebPage\",\"@id\":\"https:\\\/\\\/vamosporlaliberacion.org\\\/crpmlm\\\/darle-fuerza-a-un-programa-popular-organizarse-y-luchar\\\/\",\"url\":\"https:\\\/\\\/vamosporlaliberacion.org\\\/crpmlm\\\/darle-fuerza-a-un-programa-popular-organizarse-y-luchar\\\/\",\"name\":\"Darle fuerza a un programa popular, organizarse y luchar. - Vamos por la Liberaci\u00f3n\",\"isPartOf\":{\"@id\":\"https:\\\/\\\/vamosporlaliberacion.org\\\/crpmlm\\\/#website\"},\"primaryImageOfPage\":{\"@id\":\"https:\\\/\\\/vamosporlaliberacion.org\\\/crpmlm\\\/darle-fuerza-a-un-programa-popular-organizarse-y-luchar\\\/#primaryimage\"},\"image\":{\"@id\":\"https:\\\/\\\/vamosporlaliberacion.org\\\/crpmlm\\\/darle-fuerza-a-un-programa-popular-organizarse-y-luchar\\\/#primaryimage\"},\"thumbnailUrl\":\"https:\\\/\\\/i0.wp.com\\\/vamosporlaliberacion.org\\\/crpmlm\\\/wp-content\\\/uploads\\\/2025\\\/03\\\/IMG-20250324-WA0017.jpg?fit=1600%2C1204&ssl=1\",\"datePublished\":\"2025-08-18T10:04:07+00:00\",\"dateModified\":\"2025-08-18T10:07:44+00:00\",\"author\":{\"@id\":\"https:\\\/\\\/vamosporlaliberacion.org\\\/crpmlm\\\/#\\\/schema\\\/person\\\/ebdbd4bf0e9418b9f0c0a93395366b2f\"},\"breadcrumb\":{\"@id\":\"https:\\\/\\\/vamosporlaliberacion.org\\\/crpmlm\\\/darle-fuerza-a-un-programa-popular-organizarse-y-luchar\\\/#breadcrumb\"},\"inLanguage\":\"es\",\"potentialAction\":[{\"@type\":\"ReadAction\",\"target\":[\"https:\\\/\\\/vamosporlaliberacion.org\\\/crpmlm\\\/darle-fuerza-a-un-programa-popular-organizarse-y-luchar\\\/\"]}]},{\"@type\":\"ImageObject\",\"inLanguage\":\"es\",\"@id\":\"https:\\\/\\\/vamosporlaliberacion.org\\\/crpmlm\\\/darle-fuerza-a-un-programa-popular-organizarse-y-luchar\\\/#primaryimage\",\"url\":\"https:\\\/\\\/i0.wp.com\\\/vamosporlaliberacion.org\\\/crpmlm\\\/wp-content\\\/uploads\\\/2025\\\/03\\\/IMG-20250324-WA0017.jpg?fit=1600%2C1204&ssl=1\",\"contentUrl\":\"https:\\\/\\\/i0.wp.com\\\/vamosporlaliberacion.org\\\/crpmlm\\\/wp-content\\\/uploads\\\/2025\\\/03\\\/IMG-20250324-WA0017.jpg?fit=1600%2C1204&ssl=1\",\"width\":1600,\"height\":1204,\"caption\":\"CABA\"},{\"@type\":\"BreadcrumbList\",\"@id\":\"https:\\\/\\\/vamosporlaliberacion.org\\\/crpmlm\\\/darle-fuerza-a-un-programa-popular-organizarse-y-luchar\\\/#breadcrumb\",\"itemListElement\":[{\"@type\":\"ListItem\",\"position\":1,\"name\":\"Portada\",\"item\":\"https:\\\/\\\/vamosporlaliberacion.org\\\/crpmlm\\\/\"},{\"@type\":\"ListItem\",\"position\":2,\"name\":\"Darle fuerza a un programa popular, organizarse y luchar.\"}]},{\"@type\":\"WebSite\",\"@id\":\"https:\\\/\\\/vamosporlaliberacion.org\\\/crpmlm\\\/#website\",\"url\":\"https:\\\/\\\/vamosporlaliberacion.org\\\/crpmlm\\\/\",\"name\":\"Vamos por la Liberaci\u00f3n\",\"description\":\"Prensa CR\",\"potentialAction\":[{\"@type\":\"SearchAction\",\"target\":{\"@type\":\"EntryPoint\",\"urlTemplate\":\"https:\\\/\\\/vamosporlaliberacion.org\\\/crpmlm\\\/?s={search_term_string}\"},\"query-input\":{\"@type\":\"PropertyValueSpecification\",\"valueRequired\":true,\"valueName\":\"search_term_string\"}}],\"inLanguage\":\"es\"},{\"@type\":\"Person\",\"@id\":\"https:\\\/\\\/vamosporlaliberacion.org\\\/crpmlm\\\/#\\\/schema\\\/person\\\/ebdbd4bf0e9418b9f0c0a93395366b2f\",\"name\":\"Prensa Vamos\",\"sameAs\":[\"http:\\\/\\\/vamposporlaliberacion.org\"],\"url\":\"http:\\\/\\\/vamosporlaliberacion.org\\\/crpmlm\\\/author\\\/editor\\\/\"}]}<\/script>\n<!-- \/ Yoast SEO plugin. -->","yoast_head_json":{"title":"Darle fuerza a un programa popular, organizarse y luchar. - Vamos por la Liberaci\u00f3n","robots":{"index":"index","follow":"follow","max-snippet":"max-snippet:-1","max-image-preview":"max-image-preview:large","max-video-preview":"max-video-preview:-1"},"canonical":"https:\/\/vamosporlaliberacion.org\/crpmlm\/darle-fuerza-a-un-programa-popular-organizarse-y-luchar\/","twitter_misc":{"Escrito por":"Prensa Vamos","Tiempo de lectura":"3 minutos"},"schema":{"@context":"https:\/\/schema.org","@graph":[{"@type":"Article","@id":"https:\/\/vamosporlaliberacion.org\/crpmlm\/darle-fuerza-a-un-programa-popular-organizarse-y-luchar\/#article","isPartOf":{"@id":"https:\/\/vamosporlaliberacion.org\/crpmlm\/darle-fuerza-a-un-programa-popular-organizarse-y-luchar\/"},"author":{"name":"Prensa Vamos","@id":"https:\/\/vamosporlaliberacion.org\/crpmlm\/#\/schema\/person\/ebdbd4bf0e9418b9f0c0a93395366b2f"},"headline":"Darle fuerza a un programa popular, organizarse y luchar.","datePublished":"2025-08-18T10:04:07+00:00","dateModified":"2025-08-18T10:07:44+00:00","mainEntityOfPage":{"@id":"https:\/\/vamosporlaliberacion.org\/crpmlm\/darle-fuerza-a-un-programa-popular-organizarse-y-luchar\/"},"wordCount":428,"image":{"@id":"https:\/\/vamosporlaliberacion.org\/crpmlm\/darle-fuerza-a-un-programa-popular-organizarse-y-luchar\/#primaryimage"},"thumbnailUrl":"https:\/\/i0.wp.com\/vamosporlaliberacion.org\/crpmlm\/wp-content\/uploads\/2025\/03\/IMG-20250324-WA0017.jpg?fit=1600%2C1204&ssl=1","articleSection":["Noticias"],"inLanguage":"es"},{"@type":"WebPage","@id":"https:\/\/vamosporlaliberacion.org\/crpmlm\/darle-fuerza-a-un-programa-popular-organizarse-y-luchar\/","url":"https:\/\/vamosporlaliberacion.org\/crpmlm\/darle-fuerza-a-un-programa-popular-organizarse-y-luchar\/","name":"Darle fuerza a un programa popular, organizarse y luchar. - Vamos por la Liberaci\u00f3n","isPartOf":{"@id":"https:\/\/vamosporlaliberacion.org\/crpmlm\/#website"},"primaryImageOfPage":{"@id":"https:\/\/vamosporlaliberacion.org\/crpmlm\/darle-fuerza-a-un-programa-popular-organizarse-y-luchar\/#primaryimage"},"image":{"@id":"https:\/\/vamosporlaliberacion.org\/crpmlm\/darle-fuerza-a-un-programa-popular-organizarse-y-luchar\/#primaryimage"},"thumbnailUrl":"https:\/\/i0.wp.com\/vamosporlaliberacion.org\/crpmlm\/wp-content\/uploads\/2025\/03\/IMG-20250324-WA0017.jpg?fit=1600%2C1204&ssl=1","datePublished":"2025-08-18T10:04:07+00:00","dateModified":"2025-08-18T10:07:44+00:00","author":{"@id":"https:\/\/vamosporlaliberacion.org\/crpmlm\/#\/schema\/person\/ebdbd4bf0e9418b9f0c0a93395366b2f"},"breadcrumb":{"@id":"https:\/\/vamosporlaliberacion.org\/crpmlm\/darle-fuerza-a-un-programa-popular-organizarse-y-luchar\/#breadcrumb"},"inLanguage":"es","potentialAction":[{"@type":"ReadAction","target":["https:\/\/vamosporlaliberacion.org\/crpmlm\/darle-fuerza-a-un-programa-popular-organizarse-y-luchar\/"]}]},{"@type":"ImageObject","inLanguage":"es","@id":"https:\/\/vamosporlaliberacion.org\/crpmlm\/darle-fuerza-a-un-programa-popular-organizarse-y-luchar\/#primaryimage","url":"https:\/\/i0.wp.com\/vamosporlaliberacion.org\/crpmlm\/wp-content\/uploads\/2025\/03\/IMG-20250324-WA0017.jpg?fit=1600%2C1204&ssl=1","contentUrl":"https:\/\/i0.wp.com\/vamosporlaliberacion.org\/crpmlm\/wp-content\/uploads\/2025\/03\/IMG-20250324-WA0017.jpg?fit=1600%2C1204&ssl=1","width":1600,"height":1204,"caption":"CABA"},{"@type":"BreadcrumbList","@id":"https:\/\/vamosporlaliberacion.org\/crpmlm\/darle-fuerza-a-un-programa-popular-organizarse-y-luchar\/#breadcrumb","itemListElement":[{"@type":"ListItem","position":1,"name":"Portada","item":"https:\/\/vamosporlaliberacion.org\/crpmlm\/"},{"@type":"ListItem","position":2,"name":"Darle fuerza a un programa popular, organizarse y luchar."}]},{"@type":"WebSite","@id":"https:\/\/vamosporlaliberacion.org\/crpmlm\/#website","url":"https:\/\/vamosporlaliberacion.org\/crpmlm\/","name":"Vamos por la Liberaci\u00f3n","description":"Prensa CR","potentialAction":[{"@type":"SearchAction","target":{"@type":"EntryPoint","urlTemplate":"https:\/\/vamosporlaliberacion.org\/crpmlm\/?s={search_term_string}"},"query-input":{"@type":"PropertyValueSpecification","valueRequired":true,"valueName":"search_term_string"}}],"inLanguage":"es"},{"@type":"Person","@id":"https:\/\/vamosporlaliberacion.org\/crpmlm\/#\/schema\/person\/ebdbd4bf0e9418b9f0c0a93395366b2f","name":"Prensa Vamos","sameAs":["http:\/\/vamposporlaliberacion.org"],"url":"http:\/\/vamosporlaliberacion.org\/crpmlm\/author\/editor\/"}]}},"jetpack_featured_media_url":"https:\/\/i0.wp.com\/vamosporlaliberacion.org\/crpmlm\/wp-content\/uploads\/2025\/03\/IMG-20250324-WA0017.jpg?fit=1600%2C1204&ssl=1","jetpack_sharing_enabled":true,"_links":{"self":[{"href":"http:\/\/vamosporlaliberacion.org\/crpmlm\/wp-json\/wp\/v2\/posts\/28633","targetHints":{"allow":["GET"]}}],"collection":[{"href":"http:\/\/vamosporlaliberacion.org\/crpmlm\/wp-json\/wp\/v2\/posts"}],"about":[{"href":"http:\/\/vamosporlaliberacion.org\/crpmlm\/wp-json\/wp\/v2\/types\/post"}],"author":[{"embeddable":true,"href":"http:\/\/vamosporlaliberacion.org\/crpmlm\/wp-json\/wp\/v2\/users\/9"}],"replies":[{"embeddable":true,"href":"http:\/\/vamosporlaliberacion.org\/crpmlm\/wp-json\/wp\/v2\/comments?post=28633"}],"version-history":[{"count":4,"href":"http:\/\/vamosporlaliberacion.org\/crpmlm\/wp-json\/wp\/v2\/posts\/28633\/revisions"}],"predecessor-version":[{"id":28638,"href":"http:\/\/vamosporlaliberacion.org\/crpmlm\/wp-json\/wp\/v2\/posts\/28633\/revisions\/28638"}],"wp:featuredmedia":[{"embeddable":true,"href":"http:\/\/vamosporlaliberacion.org\/crpmlm\/wp-json\/wp\/v2\/media\/28377"}],"wp:attachment":[{"href":"http:\/\/vamosporlaliberacion.org\/crpmlm\/wp-json\/wp\/v2\/media?parent=28633"}],"wp:term":[{"taxonomy":"category","embeddable":true,"href":"http:\/\/vamosporlaliberacion.org\/crpmlm\/wp-json\/wp\/v2\/categories?post=28633"},{"taxonomy":"post_tag","embeddable":true,"href":"http:\/\/vamosporlaliberacion.org\/crpmlm\/wp-json\/wp\/v2\/tags?post=28633"}],"curies":[{"name":"wp","href":"https:\/\/api.w.org\/{rel}","templated":true}]}}