{"id":28610,"date":"2025-07-16T11:36:06","date_gmt":"2025-07-16T14:36:06","guid":{"rendered":"https:\/\/vamosporlaliberacion.org\/crpmlm\/?p=28610"},"modified":"2025-07-16T11:54:14","modified_gmt":"2025-07-16T14:54:14","slug":"extrana-libertad","status":"publish","type":"post","link":"http:\/\/vamosporlaliberacion.org\/crpmlm\/extrana-libertad\/","title":{"rendered":"Extra\u00f1a libertad"},"content":{"rendered":"\n<p>Extra\u00f1a libertad si cada vez se tiene que trabajar m\u00e1s para sobrevivir. Pluri empleo, horas extras, changas y otros.<br>Es que la subjetividades, el ocio y el tiempo libre son de kukas y vagos<br>\u00bf no entendiste?<\/p>\n\n\n\n<p>Extra\u00f1a libertad, la de la precarizaci\u00f3n laboral y el aumento del desempleo formal, todos los d\u00edas.<br>Nota: la angustia y el temor al desempleo tambi\u00e9n son libres.<\/p>\n\n\n\n<p>Sos libre de morirte de hambre, dec\u00eda tiempo atr\u00e1s el marginal. Y claro, vos sos libre de no trabajar y morirte.<br>\u00a1 que me importa, es decisi\u00f3n tuya viejo!<\/p>\n\n\n<div class=\"wp-block-image\">\n<figure class=\"aligncenter size-large is-resized\"><img data-recalc-dims=\"1\" loading=\"lazy\" decoding=\"async\" width=\"696\" height=\"392\" src=\"https:\/\/i0.wp.com\/vamosporlaliberacion.org\/crpmlm\/wp-content\/uploads\/2025\/07\/coladeDesocupados.jpg?resize=696%2C392&#038;ssl=1\" alt=\"\" class=\"wp-image-28613\" style=\"width:489px;height:auto\" srcset=\"https:\/\/i0.wp.com\/vamosporlaliberacion.org\/crpmlm\/wp-content\/uploads\/2025\/07\/coladeDesocupados.jpg?resize=700%2C394&amp;ssl=1 700w, https:\/\/i0.wp.com\/vamosporlaliberacion.org\/crpmlm\/wp-content\/uploads\/2025\/07\/coladeDesocupados.jpg?resize=300%2C169&amp;ssl=1 300w, https:\/\/i0.wp.com\/vamosporlaliberacion.org\/crpmlm\/wp-content\/uploads\/2025\/07\/coladeDesocupados.jpg?resize=768%2C432&amp;ssl=1 768w, https:\/\/i0.wp.com\/vamosporlaliberacion.org\/crpmlm\/wp-content\/uploads\/2025\/07\/coladeDesocupados.jpg?resize=150%2C84&amp;ssl=1 150w, https:\/\/i0.wp.com\/vamosporlaliberacion.org\/crpmlm\/wp-content\/uploads\/2025\/07\/coladeDesocupados.jpg?resize=696%2C392&amp;ssl=1 696w, https:\/\/i0.wp.com\/vamosporlaliberacion.org\/crpmlm\/wp-content\/uploads\/2025\/07\/coladeDesocupados.jpg?resize=747%2C420&amp;ssl=1 747w, https:\/\/i0.wp.com\/vamosporlaliberacion.org\/crpmlm\/wp-content\/uploads\/2025\/07\/coladeDesocupados.jpg?w=800&amp;ssl=1 800w\" sizes=\"auto, (max-width: 696px) 100vw, 696px\" \/><figcaption class=\"wp-element-caption\">Cola de desocupados, principalmente j\u00f3venes. Esto se incrementa tambi\u00e9n por la necesidad de tener 2 trabajos para poder pagar un alquiler en la era Milei.<\/figcaption><\/figure>\n<\/div>\n\n\n<p>Extra\u00f1a libertad. Si le aprueban en el congreso algo que le rompa su \u00bb equilibrio fiscal\u00bb, sus para estatales amenzan con sacar los tanques a las calles. Si, ley\u00f3 bien.<\/p>\n\n\n\n<p>Extra\u00f1a libertad, donde persiguen personas en las redes, y en las calles, donde aumentan el presupuesto de la side para la vigilancia y la persecuci\u00f3n interna; donde encarcelan a militantes opositores sin cometer delito alguno: solo pensar distinto. \u00bf el para estatal que incit\u00f3 a cometer un golpe de Estado, ya esta detenido?<\/p>\n\n\n\n<p>Extra\u00f1a libertad donde la justicia es otro partido armado con los dedos, donde cercenan derechos laborales, donde pisan el salario, maquillan la inflaci\u00f3n y los n\u00fameros de la econom\u00eda de manera obscena.<\/p>\n\n\n\n<p>Experto en crecimiento econ\u00f3mico con o sin dinero dec\u00eda. No puede aumentarle 20.000 pesos a los viejos.<\/p>\n\n\n\n<p>Extra\u00f1a libertad, de llamar casta al laburante y gente de bien al empresariado opresor y explotador, que aplaude, desafiante y desaforado, sus discursos de odio y aporofobia. El capital est\u00e1 de fiesta. \u00a1 salud ! \u00a1 salud !<br>En la copa esta la sangre del laburante.<\/p>\n\n\n<div class=\"wp-block-image\">\n<figure class=\"aligncenter size-large is-resized\" style=\"margin-bottom:25px\"><img data-recalc-dims=\"1\" loading=\"lazy\" decoding=\"async\" width=\"696\" height=\"463\" src=\"https:\/\/i0.wp.com\/vamosporlaliberacion.org\/crpmlm\/wp-content\/uploads\/2025\/07\/garrahan2.jpg?resize=696%2C463&#038;ssl=1\" alt=\"\" class=\"wp-image-28616\" style=\"width:475px;height:auto\" srcset=\"https:\/\/i0.wp.com\/vamosporlaliberacion.org\/crpmlm\/wp-content\/uploads\/2025\/07\/garrahan2.jpg?resize=700%2C466&amp;ssl=1 700w, https:\/\/i0.wp.com\/vamosporlaliberacion.org\/crpmlm\/wp-content\/uploads\/2025\/07\/garrahan2.jpg?resize=300%2C200&amp;ssl=1 300w, https:\/\/i0.wp.com\/vamosporlaliberacion.org\/crpmlm\/wp-content\/uploads\/2025\/07\/garrahan2.jpg?resize=768%2C512&amp;ssl=1 768w, https:\/\/i0.wp.com\/vamosporlaliberacion.org\/crpmlm\/wp-content\/uploads\/2025\/07\/garrahan2.jpg?resize=150%2C100&amp;ssl=1 150w, https:\/\/i0.wp.com\/vamosporlaliberacion.org\/crpmlm\/wp-content\/uploads\/2025\/07\/garrahan2.jpg?resize=696%2C464&amp;ssl=1 696w, https:\/\/i0.wp.com\/vamosporlaliberacion.org\/crpmlm\/wp-content\/uploads\/2025\/07\/garrahan2.jpg?resize=630%2C420&amp;ssl=1 630w, https:\/\/i0.wp.com\/vamosporlaliberacion.org\/crpmlm\/wp-content\/uploads\/2025\/07\/garrahan2.jpg?w=992&amp;ssl=1 992w\" sizes=\"auto, (max-width: 696px) 100vw, 696px\" \/><\/figure>\n<\/div>\n\n\n<p style=\"margin-bottom:-2px\">Esta muy extra\u00f1a la libertad, quiz\u00e1s sea la libertad de:<\/p>\n\n\n\n<p>Cagar a palos a los viejos<br>Matarlos de hambre o de olvido<br>Abandonar personas enfermas y con discapacidades<br>Reprimir a trabajadores<br>De tener el congreso vallado.<br>Se despedir y aumentar el desempleo<br>De los salarios de hambre<br>De destruir la industria nacional<br>De la violencia institucional<br>De d\u00f3lares y cripto estafas<br>De la demagogia y la mentira<br>De exhonerar impuestos a las grandes fortunas<br>Del desmantelamiento nacional y la fuga<br>De contaminar r\u00edos y comunidades<br>De las coimas y bancas compradas<br>Del abandono y la crueldad<br>De la marginalidad intelectual<br>De d\u00f3lares y traficantes<br>Del equilibrio fiscal y la deuda.<br>De aviones con valijas no declaradas.<br>En fin, libertad del capital.<\/p>\n\n\n\n<p style=\"margin-bottom:-2px\"><strong><em>La tuya, no.<\/em><\/strong><\/p>\n\n\n\n<p><strong><em>La tuya, la nuestra, la m\u00eda,<br>La de nosotros y nosotras, esta cada d\u00eda mas aplastada.<br>\u00bf nos salvaremos?<\/em><\/strong><\/p>\n\n\n\n<p class=\"has-text-align-right\"><em>Alfredo<\/em><br><\/p>\n<!-- AddThis Advanced Settings generic via filter on the_content --><!-- AddThis Share Buttons generic via filter on the_content -->","protected":false},"excerpt":{"rendered":"<p>Extra\u00f1a libertad si cada vez se tiene que trabajar m\u00e1s para sobrevivir. Pluri empleo, horas extras, changas y otros.Es que la subjetividades, el ocio y el tiempo libre son de kukas y vagos\u00bf no entendiste? Extra\u00f1a libertad, la de la precarizaci\u00f3n laboral y el aumento del desempleo formal, todos los d\u00edas.Nota: la angustia y el [&hellip;]<!-- AddThis Advanced Settings generic via filter on get_the_excerpt --><!-- AddThis Share Buttons generic via filter on get_the_excerpt --><\/p>\n","protected":false},"author":9,"featured_media":28611,"comment_status":"closed","ping_status":"closed","sticky":false,"template":"","format":"standard","meta":{"_jetpack_memberships_contains_paid_content":false,"footnotes":""},"categories":[1699],"tags":[],"class_list":{"0":"post-28610","1":"post","2":"type-post","3":"status-publish","4":"format-standard","5":"has-post-thumbnail","7":"category-noticias"},"yoast_head":"<!-- This site is optimized with the Yoast SEO plugin v27.4 - https:\/\/yoast.com\/product\/yoast-seo-wordpress\/ -->\n<title>Extra\u00f1a libertad - Vamos por la Liberaci\u00f3n<\/title>\n<meta name=\"robots\" content=\"index, follow, max-snippet:-1, max-image-preview:large, max-video-preview:-1\" \/>\n<link rel=\"canonical\" href=\"https:\/\/vamosporlaliberacion.org\/crpmlm\/extrana-libertad\/\" \/>\n<meta name=\"twitter:label1\" content=\"Escrito por\" \/>\n\t<meta name=\"twitter:data1\" content=\"Prensa Vamos\" \/>\n\t<meta name=\"twitter:label2\" content=\"Tiempo de lectura\" \/>\n\t<meta name=\"twitter:data2\" content=\"3 minutos\" \/>\n<script type=\"application\/ld+json\" class=\"yoast-schema-graph\">{\"@context\":\"https:\\\/\\\/schema.org\",\"@graph\":[{\"@type\":\"Article\",\"@id\":\"https:\\\/\\\/vamosporlaliberacion.org\\\/crpmlm\\\/extrana-libertad\\\/#article\",\"isPartOf\":{\"@id\":\"https:\\\/\\\/vamosporlaliberacion.org\\\/crpmlm\\\/extrana-libertad\\\/\"},\"author\":{\"name\":\"Prensa Vamos\",\"@id\":\"https:\\\/\\\/vamosporlaliberacion.org\\\/crpmlm\\\/#\\\/schema\\\/person\\\/ebdbd4bf0e9418b9f0c0a93395366b2f\"},\"headline\":\"Extra\u00f1a libertad\",\"datePublished\":\"2025-07-16T14:36:06+00:00\",\"dateModified\":\"2025-07-16T14:54:14+00:00\",\"mainEntityOfPage\":{\"@id\":\"https:\\\/\\\/vamosporlaliberacion.org\\\/crpmlm\\\/extrana-libertad\\\/\"},\"wordCount\":443,\"image\":{\"@id\":\"https:\\\/\\\/vamosporlaliberacion.org\\\/crpmlm\\\/extrana-libertad\\\/#primaryimage\"},\"thumbnailUrl\":\"https:\\\/\\\/i0.wp.com\\\/vamosporlaliberacion.org\\\/crpmlm\\\/wp-content\\\/uploads\\\/2025\\\/07\\\/represionMileista.jpg?fit=900%2C506&ssl=1\",\"articleSection\":[\"Noticias\"],\"inLanguage\":\"es\"},{\"@type\":\"WebPage\",\"@id\":\"https:\\\/\\\/vamosporlaliberacion.org\\\/crpmlm\\\/extrana-libertad\\\/\",\"url\":\"https:\\\/\\\/vamosporlaliberacion.org\\\/crpmlm\\\/extrana-libertad\\\/\",\"name\":\"Extra\u00f1a libertad - Vamos por la Liberaci\u00f3n\",\"isPartOf\":{\"@id\":\"https:\\\/\\\/vamosporlaliberacion.org\\\/crpmlm\\\/#website\"},\"primaryImageOfPage\":{\"@id\":\"https:\\\/\\\/vamosporlaliberacion.org\\\/crpmlm\\\/extrana-libertad\\\/#primaryimage\"},\"image\":{\"@id\":\"https:\\\/\\\/vamosporlaliberacion.org\\\/crpmlm\\\/extrana-libertad\\\/#primaryimage\"},\"thumbnailUrl\":\"https:\\\/\\\/i0.wp.com\\\/vamosporlaliberacion.org\\\/crpmlm\\\/wp-content\\\/uploads\\\/2025\\\/07\\\/represionMileista.jpg?fit=900%2C506&ssl=1\",\"datePublished\":\"2025-07-16T14:36:06+00:00\",\"dateModified\":\"2025-07-16T14:54:14+00:00\",\"author\":{\"@id\":\"https:\\\/\\\/vamosporlaliberacion.org\\\/crpmlm\\\/#\\\/schema\\\/person\\\/ebdbd4bf0e9418b9f0c0a93395366b2f\"},\"breadcrumb\":{\"@id\":\"https:\\\/\\\/vamosporlaliberacion.org\\\/crpmlm\\\/extrana-libertad\\\/#breadcrumb\"},\"inLanguage\":\"es\",\"potentialAction\":[{\"@type\":\"ReadAction\",\"target\":[\"https:\\\/\\\/vamosporlaliberacion.org\\\/crpmlm\\\/extrana-libertad\\\/\"]}]},{\"@type\":\"ImageObject\",\"inLanguage\":\"es\",\"@id\":\"https:\\\/\\\/vamosporlaliberacion.org\\\/crpmlm\\\/extrana-libertad\\\/#primaryimage\",\"url\":\"https:\\\/\\\/i0.wp.com\\\/vamosporlaliberacion.org\\\/crpmlm\\\/wp-content\\\/uploads\\\/2025\\\/07\\\/represionMileista.jpg?fit=900%2C506&ssl=1\",\"contentUrl\":\"https:\\\/\\\/i0.wp.com\\\/vamosporlaliberacion.org\\\/crpmlm\\\/wp-content\\\/uploads\\\/2025\\\/07\\\/represionMileista.jpg?fit=900%2C506&ssl=1\",\"width\":900,\"height\":506},{\"@type\":\"BreadcrumbList\",\"@id\":\"https:\\\/\\\/vamosporlaliberacion.org\\\/crpmlm\\\/extrana-libertad\\\/#breadcrumb\",\"itemListElement\":[{\"@type\":\"ListItem\",\"position\":1,\"name\":\"Portada\",\"item\":\"https:\\\/\\\/vamosporlaliberacion.org\\\/crpmlm\\\/\"},{\"@type\":\"ListItem\",\"position\":2,\"name\":\"Extra\u00f1a libertad\"}]},{\"@type\":\"WebSite\",\"@id\":\"https:\\\/\\\/vamosporlaliberacion.org\\\/crpmlm\\\/#website\",\"url\":\"https:\\\/\\\/vamosporlaliberacion.org\\\/crpmlm\\\/\",\"name\":\"Vamos por la Liberaci\u00f3n\",\"description\":\"Prensa CR\",\"potentialAction\":[{\"@type\":\"SearchAction\",\"target\":{\"@type\":\"EntryPoint\",\"urlTemplate\":\"https:\\\/\\\/vamosporlaliberacion.org\\\/crpmlm\\\/?s={search_term_string}\"},\"query-input\":{\"@type\":\"PropertyValueSpecification\",\"valueRequired\":true,\"valueName\":\"search_term_string\"}}],\"inLanguage\":\"es\"},{\"@type\":\"Person\",\"@id\":\"https:\\\/\\\/vamosporlaliberacion.org\\\/crpmlm\\\/#\\\/schema\\\/person\\\/ebdbd4bf0e9418b9f0c0a93395366b2f\",\"name\":\"Prensa Vamos\",\"sameAs\":[\"http:\\\/\\\/vamposporlaliberacion.org\"],\"url\":\"http:\\\/\\\/vamosporlaliberacion.org\\\/crpmlm\\\/author\\\/editor\\\/\"}]}<\/script>\n<!-- \/ Yoast SEO plugin. -->","yoast_head_json":{"title":"Extra\u00f1a libertad - Vamos por la Liberaci\u00f3n","robots":{"index":"index","follow":"follow","max-snippet":"max-snippet:-1","max-image-preview":"max-image-preview:large","max-video-preview":"max-video-preview:-1"},"canonical":"https:\/\/vamosporlaliberacion.org\/crpmlm\/extrana-libertad\/","twitter_misc":{"Escrito por":"Prensa Vamos","Tiempo de lectura":"3 minutos"},"schema":{"@context":"https:\/\/schema.org","@graph":[{"@type":"Article","@id":"https:\/\/vamosporlaliberacion.org\/crpmlm\/extrana-libertad\/#article","isPartOf":{"@id":"https:\/\/vamosporlaliberacion.org\/crpmlm\/extrana-libertad\/"},"author":{"name":"Prensa Vamos","@id":"https:\/\/vamosporlaliberacion.org\/crpmlm\/#\/schema\/person\/ebdbd4bf0e9418b9f0c0a93395366b2f"},"headline":"Extra\u00f1a libertad","datePublished":"2025-07-16T14:36:06+00:00","dateModified":"2025-07-16T14:54:14+00:00","mainEntityOfPage":{"@id":"https:\/\/vamosporlaliberacion.org\/crpmlm\/extrana-libertad\/"},"wordCount":443,"image":{"@id":"https:\/\/vamosporlaliberacion.org\/crpmlm\/extrana-libertad\/#primaryimage"},"thumbnailUrl":"https:\/\/i0.wp.com\/vamosporlaliberacion.org\/crpmlm\/wp-content\/uploads\/2025\/07\/represionMileista.jpg?fit=900%2C506&ssl=1","articleSection":["Noticias"],"inLanguage":"es"},{"@type":"WebPage","@id":"https:\/\/vamosporlaliberacion.org\/crpmlm\/extrana-libertad\/","url":"https:\/\/vamosporlaliberacion.org\/crpmlm\/extrana-libertad\/","name":"Extra\u00f1a libertad - Vamos por la Liberaci\u00f3n","isPartOf":{"@id":"https:\/\/vamosporlaliberacion.org\/crpmlm\/#website"},"primaryImageOfPage":{"@id":"https:\/\/vamosporlaliberacion.org\/crpmlm\/extrana-libertad\/#primaryimage"},"image":{"@id":"https:\/\/vamosporlaliberacion.org\/crpmlm\/extrana-libertad\/#primaryimage"},"thumbnailUrl":"https:\/\/i0.wp.com\/vamosporlaliberacion.org\/crpmlm\/wp-content\/uploads\/2025\/07\/represionMileista.jpg?fit=900%2C506&ssl=1","datePublished":"2025-07-16T14:36:06+00:00","dateModified":"2025-07-16T14:54:14+00:00","author":{"@id":"https:\/\/vamosporlaliberacion.org\/crpmlm\/#\/schema\/person\/ebdbd4bf0e9418b9f0c0a93395366b2f"},"breadcrumb":{"@id":"https:\/\/vamosporlaliberacion.org\/crpmlm\/extrana-libertad\/#breadcrumb"},"inLanguage":"es","potentialAction":[{"@type":"ReadAction","target":["https:\/\/vamosporlaliberacion.org\/crpmlm\/extrana-libertad\/"]}]},{"@type":"ImageObject","inLanguage":"es","@id":"https:\/\/vamosporlaliberacion.org\/crpmlm\/extrana-libertad\/#primaryimage","url":"https:\/\/i0.wp.com\/vamosporlaliberacion.org\/crpmlm\/wp-content\/uploads\/2025\/07\/represionMileista.jpg?fit=900%2C506&ssl=1","contentUrl":"https:\/\/i0.wp.com\/vamosporlaliberacion.org\/crpmlm\/wp-content\/uploads\/2025\/07\/represionMileista.jpg?fit=900%2C506&ssl=1","width":900,"height":506},{"@type":"BreadcrumbList","@id":"https:\/\/vamosporlaliberacion.org\/crpmlm\/extrana-libertad\/#breadcrumb","itemListElement":[{"@type":"ListItem","position":1,"name":"Portada","item":"https:\/\/vamosporlaliberacion.org\/crpmlm\/"},{"@type":"ListItem","position":2,"name":"Extra\u00f1a libertad"}]},{"@type":"WebSite","@id":"https:\/\/vamosporlaliberacion.org\/crpmlm\/#website","url":"https:\/\/vamosporlaliberacion.org\/crpmlm\/","name":"Vamos por la Liberaci\u00f3n","description":"Prensa CR","potentialAction":[{"@type":"SearchAction","target":{"@type":"EntryPoint","urlTemplate":"https:\/\/vamosporlaliberacion.org\/crpmlm\/?s={search_term_string}"},"query-input":{"@type":"PropertyValueSpecification","valueRequired":true,"valueName":"search_term_string"}}],"inLanguage":"es"},{"@type":"Person","@id":"https:\/\/vamosporlaliberacion.org\/crpmlm\/#\/schema\/person\/ebdbd4bf0e9418b9f0c0a93395366b2f","name":"Prensa Vamos","sameAs":["http:\/\/vamposporlaliberacion.org"],"url":"http:\/\/vamosporlaliberacion.org\/crpmlm\/author\/editor\/"}]}},"jetpack_featured_media_url":"https:\/\/i0.wp.com\/vamosporlaliberacion.org\/crpmlm\/wp-content\/uploads\/2025\/07\/represionMileista.jpg?fit=900%2C506&ssl=1","jetpack_sharing_enabled":true,"_links":{"self":[{"href":"http:\/\/vamosporlaliberacion.org\/crpmlm\/wp-json\/wp\/v2\/posts\/28610","targetHints":{"allow":["GET"]}}],"collection":[{"href":"http:\/\/vamosporlaliberacion.org\/crpmlm\/wp-json\/wp\/v2\/posts"}],"about":[{"href":"http:\/\/vamosporlaliberacion.org\/crpmlm\/wp-json\/wp\/v2\/types\/post"}],"author":[{"embeddable":true,"href":"http:\/\/vamosporlaliberacion.org\/crpmlm\/wp-json\/wp\/v2\/users\/9"}],"replies":[{"embeddable":true,"href":"http:\/\/vamosporlaliberacion.org\/crpmlm\/wp-json\/wp\/v2\/comments?post=28610"}],"version-history":[{"count":6,"href":"http:\/\/vamosporlaliberacion.org\/crpmlm\/wp-json\/wp\/v2\/posts\/28610\/revisions"}],"predecessor-version":[{"id":28621,"href":"http:\/\/vamosporlaliberacion.org\/crpmlm\/wp-json\/wp\/v2\/posts\/28610\/revisions\/28621"}],"wp:featuredmedia":[{"embeddable":true,"href":"http:\/\/vamosporlaliberacion.org\/crpmlm\/wp-json\/wp\/v2\/media\/28611"}],"wp:attachment":[{"href":"http:\/\/vamosporlaliberacion.org\/crpmlm\/wp-json\/wp\/v2\/media?parent=28610"}],"wp:term":[{"taxonomy":"category","embeddable":true,"href":"http:\/\/vamosporlaliberacion.org\/crpmlm\/wp-json\/wp\/v2\/categories?post=28610"},{"taxonomy":"post_tag","embeddable":true,"href":"http:\/\/vamosporlaliberacion.org\/crpmlm\/wp-json\/wp\/v2\/tags?post=28610"}],"curies":[{"name":"wp","href":"https:\/\/api.w.org\/{rel}","templated":true}]}}