{"id":28605,"date":"2025-07-11T21:36:11","date_gmt":"2025-07-12T00:36:11","guid":{"rendered":"https:\/\/vamosporlaliberacion.org\/crpmlm\/?p=28605"},"modified":"2025-07-17T18:34:25","modified_gmt":"2025-07-17T21:34:25","slug":"una-dura-derrota","status":"publish","type":"post","link":"http:\/\/vamosporlaliberacion.org\/crpmlm\/una-dura-derrota\/","title":{"rendered":"Una dura derrota"},"content":{"rendered":"\n<h2 class=\"wp-block-heading\"><strong>Un 9 de julio de 2025<\/strong><\/h2>\n\n\n\n<p>La soledad del presidente donde solo iban a concurrir tres gobernadores lo oblig\u00f3 a levantar su presencia en la vigilia del 9 de julio en Tucum\u00e1n. <strong>Este fue el adelanto de la derrota que iba a venir un d\u00eda despu\u00e9s en el senado donde por unanimidad o dos tercios aprobaron la recomposici\u00f3n a las jubilaciones recuperando lo perdido por la devaluaci\u00f3n del 2023 y la actualizaci\u00f3n del bono que hoy es de 70 mil pesos.<\/strong> <strong>Se aprob\u00f3 la emergencia en discapacidad y la pr\u00f3rroga de la moratoria jubilatoria.<\/strong> Tambi\u00e9n se rechaz\u00f3 el veto a la ayuda a Bah\u00eda Blanca y los proyectos introducidos por los gobernadores en cuanto a los ATN y el porcentaje del impuesto a los combustibles, ambos confiscados por el ejecutivo nacional.<\/p>\n\n\n\n<p>Lo que ha sucedido es muy importante y es la primera derrota de magnitud del gobierno nacional, desnudando dos cuestiones centrales, por un lado, que el supuesto super\u00e1vit se sostiene con estos recursos que aprob\u00f3 el senado, hoy en manos del ejecutivo. <strong>Un verdadero saqueo a los jubilados y las provincias; y por otro lado muestra la crisis del \u201cno-plan\u201d econ\u00f3mico que se basa en la acumulaci\u00f3n de pesos para sostener la bicicleta financiera en d\u00f3lares (\u201ccarry trade\u201d)<\/strong>. El saqueo a las provincias, el ajuste en el Estado y el robo a las jubilaciones, fue frenado y esto, sumado a la falta de d\u00f3lares luego de haber quemado en primer lugar los d\u00f3lares que entraron del blanqueo, luego intentaron con el RIGI que fracas\u00f3, luego el plan \u201ccolch\u00f3n\u201d, para terminar en un nuevo endeudamiento con el FMI por 20.000 millones de d\u00f3lares.<\/p>\n\n\n<div class=\"wp-block-image\">\n<figure class=\"aligncenter size-large is-resized\" style=\"margin-bottom:30px\"><img data-recalc-dims=\"1\" loading=\"lazy\" decoding=\"async\" width=\"696\" height=\"392\" src=\"https:\/\/i0.wp.com\/vamosporlaliberacion.org\/crpmlm\/wp-content\/uploads\/2025\/07\/senado.jpg?resize=696%2C392&#038;ssl=1\" alt=\"\" class=\"wp-image-28608\" style=\"width:579px;height:auto\" srcset=\"https:\/\/i0.wp.com\/vamosporlaliberacion.org\/crpmlm\/wp-content\/uploads\/2025\/07\/senado.jpg?resize=700%2C394&amp;ssl=1 700w, https:\/\/i0.wp.com\/vamosporlaliberacion.org\/crpmlm\/wp-content\/uploads\/2025\/07\/senado.jpg?resize=300%2C169&amp;ssl=1 300w, https:\/\/i0.wp.com\/vamosporlaliberacion.org\/crpmlm\/wp-content\/uploads\/2025\/07\/senado.jpg?resize=768%2C432&amp;ssl=1 768w, https:\/\/i0.wp.com\/vamosporlaliberacion.org\/crpmlm\/wp-content\/uploads\/2025\/07\/senado.jpg?resize=150%2C84&amp;ssl=1 150w, https:\/\/i0.wp.com\/vamosporlaliberacion.org\/crpmlm\/wp-content\/uploads\/2025\/07\/senado.jpg?resize=696%2C391&amp;ssl=1 696w, https:\/\/i0.wp.com\/vamosporlaliberacion.org\/crpmlm\/wp-content\/uploads\/2025\/07\/senado.jpg?resize=747%2C420&amp;ssl=1 747w, https:\/\/i0.wp.com\/vamosporlaliberacion.org\/crpmlm\/wp-content\/uploads\/2025\/07\/senado.jpg?w=900&amp;ssl=1 900w\" sizes=\"auto, (max-width: 696px) 100vw, 696px\" \/><\/figure>\n<\/div>\n\n\n<h3 class=\"wp-block-heading\"><strong>La f\u00f3rmula d\u00f3lar planchado, jubilaciones y salarios pisados no va m\u00e1s.<\/strong><\/h3>\n\n\n\n<p>Por mas que un Milei aparezca \u201cjocoso y tranquilo\u201d bajo el efecto de pastillas, saben muy bien que el barco sufri\u00f3 un duro un impacto de misil que averi\u00f3 seriamente el casco. <strong>Hay sectores dominantes que mientras apoyan las medidas econ\u00f3micas, no descuidan la pol\u00edtica y trabajan para un recambio dentro de la derecha que mantenga gran parte de las medidas que este gobierno logr\u00f3 imponer por los poderes que le dio el DNU anticonstitucional 70\/23.<\/strong><\/p>\n\n\n\n<p>La rebeli\u00f3n de los gobernadores obedece a la elevada crisis de las provincias, algunas que no han pagado los aguinaldos y la mayor\u00eda se endeuda en d\u00f3lares para pagar gastos corrientes. La situaci\u00f3n no da para m\u00e1s y varios gobernadores ensayan imprimir bonos para abordar los gastos corrientes como salarios y otras obligaciones.<\/p>\n\n\n\n<p>Desde ya que conocemos el doblez de la mayor\u00eda de los gobernadores, en especial los del PRO y otros conversos que se acomodan con los gobiernos de turno. La mayor\u00eda entiende cuando los de abajo se levantan y amenazan sus gobiernos o cuando se acercan elecciones como las de medio termino de este a\u00f1o. Recordemos que la inmensa mayor\u00eda de estos que hoy est\u00e1n de punta, otrora le votaron todas las medidas que el ejecutivo necesit\u00f3 para entregar y ajustar, lo que los constituye en corresponsables de la ignominia vigente.<\/p>\n\n\n\n<h3 class=\"wp-block-heading\"><strong>Es posible derrotarlos en las calles y en las urnas<\/strong><\/h3>\n\n\n\n<p>El gobierno de Milei insiste en que vetar\u00e1 las leyes aprobadas, pero el golpe entr\u00f3 en la mand\u00edbula y ensayan desaf\u00edos como que en las elecciones de octubre les dar\u00e1 su merecido a los desestabilizadores y traidores, <strong>pura ret\u00f3rica, mientras los troles oficialistas desde la Rosada piden que \u201csaquen los tanques a la calle\u201d, \u201ccierre el Congreso\u201d o entregue armas a sus seguidores\u2026Para estos no existe ninguna pena de esas que ejecuta Bullrich o Arroyo Salgado para la militancia opositora.<\/strong><\/p>\n\n\n\n<p>Pero es importante tener en cuenta porque estos que quisieron violar un poder democr\u00e1tico como el senado, tratando de que sesione, si consiguen una elecci\u00f3n buena en octubre lo que le dar\u00eda plaf\u00f3n para ir por una segunda vuelta del ajuste con reforma laboral y jubilaciones privadas, pero con mayor represi\u00f3n para garantizarlo.<\/p>\n\n\n<div class=\"wp-block-image\">\n<figure class=\"aligncenter size-full is-resized\"><img data-recalc-dims=\"1\" loading=\"lazy\" decoding=\"async\" width=\"696\" height=\"394\" src=\"https:\/\/i0.wp.com\/vamosporlaliberacion.org\/crpmlm\/wp-content\/uploads\/2025\/02\/MileiDavis.jpg?resize=696%2C394\" alt=\"\" class=\"wp-image-28339\" style=\"width:527px;height:auto\" srcset=\"https:\/\/i0.wp.com\/vamosporlaliberacion.org\/crpmlm\/wp-content\/uploads\/2025\/02\/MileiDavis.jpg?w=700&amp;ssl=1 700w, https:\/\/i0.wp.com\/vamosporlaliberacion.org\/crpmlm\/wp-content\/uploads\/2025\/02\/MileiDavis.jpg?resize=300%2C170&amp;ssl=1 300w, https:\/\/i0.wp.com\/vamosporlaliberacion.org\/crpmlm\/wp-content\/uploads\/2025\/02\/MileiDavis.jpg?resize=150%2C85&amp;ssl=1 150w, https:\/\/i0.wp.com\/vamosporlaliberacion.org\/crpmlm\/wp-content\/uploads\/2025\/02\/MileiDavis.jpg?resize=696%2C394&amp;ssl=1 696w\" sizes=\"auto, (max-width: 696px) 100vw, 696px\" \/><figcaption class=\"wp-element-caption\">$Libra, el fraude de la moneda virtual  de Milei con Davis<\/figcaption><\/figure>\n<\/div>\n\n\n<p><strong>Este gobierno no se va ir por las buenas y va a cantar \u201cdesestabilizaci\u00f3n\u201d si la crisis se agudiza. Esto lo dejaron en claro estos d\u00edas.<\/strong><\/p>\n\n\n\n<p>Por esto que esta derrota pol\u00edtica debe estimular y ampliar la unidad por abajo en cada lucha y en cada alianza electoral que tenga como centro la derrota abrumadora de este proyecto medieval. Que tenga como centro incorporar la compa\u00f1a por el juicio pol\u00edtico antes que sea demasiado tarde y corra m\u00e1s sangre.<\/p>\n\n\n\n<p>Los sectores populares que engrosan el campo popular estamos obligados a pensar el futuro alejados de la rosca pol\u00edtica, esa foto que atrasa y no cambia, donde los mismos de siempre deciden todo y para el resto dejan las migajas, dejando de lado que ya fueron castigados por sus pol\u00edticas.<\/p>\n\n\n\n<p>\u201c<em><strong>Dentro del cardumen todo, fuera del cardumen nada\u2026\u201d<\/strong><\/em>. El campo popular, ese gran cardumen con todo su potencial, est\u00e1 en permanente cambio y movimiento, y lo une la misma direcci\u00f3n y los mismos enemigos t\u00e1cticos. Un cardumen donde hay peces de todos los tama\u00f1os y especies, y los grandes se comen a los chicos si estos se descuidan, pero el potencial es imparable cuando avanza\u2026hacia donde ir\u00e1 esa masa viscosa depender\u00e1 de los que encabezan, que suelen tener el peso para hacerlo, aunque no sean la especie mas grande de ese cardumen.<\/p>\n\n\n\n<p>Los sectores populares, la clase obrera, antiimperialistas, anti terratenientes, ambientalistas o feministas, entre otros, son los que deben pugnar por encabezar ese cardumen porque son los consecuentes que nunca gobernaron, aquellos que dejan el cuero en cada lucha y est\u00e1n dispuestos a luchar por el poder.<\/p>\n\n\n\n<p>La ense\u00f1anza de la lucha de clases marca que cuando un gobierno hambreador y entreguista est\u00e1 en crisis, no hay que dejarlo levantar y recuperarse.<\/p>\n\n\n\n<p><strong>Romper los techos salariales es una de las tareas de la hora. El camino de la docencia fueguina que plantea tocar las vacas sagradas para garantizar el financiamiento educativo, se puede aplicar en cada provincia. La combinaci\u00f3n de la lucha y la elaboraci\u00f3n de un proyecto de ley en la provincia marca un camino para todos los gremios.<\/strong><\/p>\n\n\n\n<p>La unidad de las luchas es crucial para agudizar la crisis y que se transforme en una de gobernabilidad para tratar de darle una salida popular.<\/p>\n\n\n\n<figure class=\"wp-block-image size-full is-resized\"><img data-recalc-dims=\"1\" loading=\"lazy\" decoding=\"async\" width=\"631\" height=\"423\" src=\"https:\/\/i0.wp.com\/vamosporlaliberacion.org\/crpmlm\/wp-content\/uploads\/2025\/07\/el-rio-y-el-oceano.jpg?resize=631%2C423&#038;ssl=1\" alt=\"\" class=\"wp-image-28606\" style=\"width:585px;height:auto\" srcset=\"https:\/\/i0.wp.com\/vamosporlaliberacion.org\/crpmlm\/wp-content\/uploads\/2025\/07\/el-rio-y-el-oceano.jpg?w=631&amp;ssl=1 631w, https:\/\/i0.wp.com\/vamosporlaliberacion.org\/crpmlm\/wp-content\/uploads\/2025\/07\/el-rio-y-el-oceano.jpg?resize=300%2C201&amp;ssl=1 300w, https:\/\/i0.wp.com\/vamosporlaliberacion.org\/crpmlm\/wp-content\/uploads\/2025\/07\/el-rio-y-el-oceano.jpg?resize=150%2C101&amp;ssl=1 150w, https:\/\/i0.wp.com\/vamosporlaliberacion.org\/crpmlm\/wp-content\/uploads\/2025\/07\/el-rio-y-el-oceano.jpg?resize=627%2C420&amp;ssl=1 627w\" sizes=\"auto, (max-width: 631px) 100vw, 631px\" \/><\/figure>\n<!-- AddThis Advanced Settings generic via filter on the_content --><!-- AddThis Share Buttons generic via filter on the_content -->","protected":false},"excerpt":{"rendered":"<p>Un 9 de julio de 2025 La soledad del presidente donde solo iban a concurrir tres gobernadores lo oblig\u00f3 a levantar su presencia en la vigilia del 9 de julio en Tucum\u00e1n. Este fue el adelanto de la derrota que iba a venir un d\u00eda despu\u00e9s en el senado donde por unanimidad o dos tercios [&hellip;]<!-- AddThis Advanced Settings generic via filter on get_the_excerpt --><!-- AddThis Share Buttons generic via filter on get_the_excerpt --><\/p>\n","protected":false},"author":9,"featured_media":28607,"comment_status":"closed","ping_status":"closed","sticky":false,"template":"","format":"standard","meta":{"_jetpack_memberships_contains_paid_content":false,"footnotes":""},"categories":[1881,1699],"tags":[],"class_list":{"0":"post-28605","1":"post","2":"type-post","3":"status-publish","4":"format-standard","5":"has-post-thumbnail","7":"category-editoriales","8":"category-noticias"},"yoast_head":"<!-- This site is optimized with the Yoast SEO plugin v27.4 - https:\/\/yoast.com\/product\/yoast-seo-wordpress\/ -->\n<title>Una dura derrota - Vamos por la Liberaci\u00f3n<\/title>\n<meta name=\"robots\" content=\"index, follow, max-snippet:-1, max-image-preview:large, max-video-preview:-1\" \/>\n<link rel=\"canonical\" href=\"https:\/\/vamosporlaliberacion.org\/crpmlm\/una-dura-derrota\/\" \/>\n<meta name=\"twitter:label1\" content=\"Escrito por\" \/>\n\t<meta name=\"twitter:data1\" content=\"Prensa Vamos\" \/>\n\t<meta name=\"twitter:label2\" content=\"Tiempo de lectura\" \/>\n\t<meta name=\"twitter:data2\" content=\"6 minutos\" \/>\n<script type=\"application\/ld+json\" class=\"yoast-schema-graph\">{\"@context\":\"https:\\\/\\\/schema.org\",\"@graph\":[{\"@type\":\"Article\",\"@id\":\"https:\\\/\\\/vamosporlaliberacion.org\\\/crpmlm\\\/una-dura-derrota\\\/#article\",\"isPartOf\":{\"@id\":\"https:\\\/\\\/vamosporlaliberacion.org\\\/crpmlm\\\/una-dura-derrota\\\/\"},\"author\":{\"name\":\"Prensa Vamos\",\"@id\":\"https:\\\/\\\/vamosporlaliberacion.org\\\/crpmlm\\\/#\\\/schema\\\/person\\\/ebdbd4bf0e9418b9f0c0a93395366b2f\"},\"headline\":\"Una dura derrota\",\"datePublished\":\"2025-07-12T00:36:11+00:00\",\"dateModified\":\"2025-07-17T21:34:25+00:00\",\"mainEntityOfPage\":{\"@id\":\"https:\\\/\\\/vamosporlaliberacion.org\\\/crpmlm\\\/una-dura-derrota\\\/\"},\"wordCount\":1086,\"image\":{\"@id\":\"https:\\\/\\\/vamosporlaliberacion.org\\\/crpmlm\\\/una-dura-derrota\\\/#primaryimage\"},\"thumbnailUrl\":\"https:\\\/\\\/i0.wp.com\\\/vamosporlaliberacion.org\\\/crpmlm\\\/wp-content\\\/uploads\\\/2025\\\/07\\\/milei-cag.jpg?fit=983%2C556&ssl=1\",\"articleSection\":[\"Editoriales\",\"Noticias\"],\"inLanguage\":\"es\"},{\"@type\":\"WebPage\",\"@id\":\"https:\\\/\\\/vamosporlaliberacion.org\\\/crpmlm\\\/una-dura-derrota\\\/\",\"url\":\"https:\\\/\\\/vamosporlaliberacion.org\\\/crpmlm\\\/una-dura-derrota\\\/\",\"name\":\"Una dura derrota - Vamos por la Liberaci\u00f3n\",\"isPartOf\":{\"@id\":\"https:\\\/\\\/vamosporlaliberacion.org\\\/crpmlm\\\/#website\"},\"primaryImageOfPage\":{\"@id\":\"https:\\\/\\\/vamosporlaliberacion.org\\\/crpmlm\\\/una-dura-derrota\\\/#primaryimage\"},\"image\":{\"@id\":\"https:\\\/\\\/vamosporlaliberacion.org\\\/crpmlm\\\/una-dura-derrota\\\/#primaryimage\"},\"thumbnailUrl\":\"https:\\\/\\\/i0.wp.com\\\/vamosporlaliberacion.org\\\/crpmlm\\\/wp-content\\\/uploads\\\/2025\\\/07\\\/milei-cag.jpg?fit=983%2C556&ssl=1\",\"datePublished\":\"2025-07-12T00:36:11+00:00\",\"dateModified\":\"2025-07-17T21:34:25+00:00\",\"author\":{\"@id\":\"https:\\\/\\\/vamosporlaliberacion.org\\\/crpmlm\\\/#\\\/schema\\\/person\\\/ebdbd4bf0e9418b9f0c0a93395366b2f\"},\"breadcrumb\":{\"@id\":\"https:\\\/\\\/vamosporlaliberacion.org\\\/crpmlm\\\/una-dura-derrota\\\/#breadcrumb\"},\"inLanguage\":\"es\",\"potentialAction\":[{\"@type\":\"ReadAction\",\"target\":[\"https:\\\/\\\/vamosporlaliberacion.org\\\/crpmlm\\\/una-dura-derrota\\\/\"]}]},{\"@type\":\"ImageObject\",\"inLanguage\":\"es\",\"@id\":\"https:\\\/\\\/vamosporlaliberacion.org\\\/crpmlm\\\/una-dura-derrota\\\/#primaryimage\",\"url\":\"https:\\\/\\\/i0.wp.com\\\/vamosporlaliberacion.org\\\/crpmlm\\\/wp-content\\\/uploads\\\/2025\\\/07\\\/milei-cag.jpg?fit=983%2C556&ssl=1\",\"contentUrl\":\"https:\\\/\\\/i0.wp.com\\\/vamosporlaliberacion.org\\\/crpmlm\\\/wp-content\\\/uploads\\\/2025\\\/07\\\/milei-cag.jpg?fit=983%2C556&ssl=1\",\"width\":983,\"height\":556},{\"@type\":\"BreadcrumbList\",\"@id\":\"https:\\\/\\\/vamosporlaliberacion.org\\\/crpmlm\\\/una-dura-derrota\\\/#breadcrumb\",\"itemListElement\":[{\"@type\":\"ListItem\",\"position\":1,\"name\":\"Portada\",\"item\":\"https:\\\/\\\/vamosporlaliberacion.org\\\/crpmlm\\\/\"},{\"@type\":\"ListItem\",\"position\":2,\"name\":\"Una dura derrota\"}]},{\"@type\":\"WebSite\",\"@id\":\"https:\\\/\\\/vamosporlaliberacion.org\\\/crpmlm\\\/#website\",\"url\":\"https:\\\/\\\/vamosporlaliberacion.org\\\/crpmlm\\\/\",\"name\":\"Vamos por la Liberaci\u00f3n\",\"description\":\"Prensa CR\",\"potentialAction\":[{\"@type\":\"SearchAction\",\"target\":{\"@type\":\"EntryPoint\",\"urlTemplate\":\"https:\\\/\\\/vamosporlaliberacion.org\\\/crpmlm\\\/?s={search_term_string}\"},\"query-input\":{\"@type\":\"PropertyValueSpecification\",\"valueRequired\":true,\"valueName\":\"search_term_string\"}}],\"inLanguage\":\"es\"},{\"@type\":\"Person\",\"@id\":\"https:\\\/\\\/vamosporlaliberacion.org\\\/crpmlm\\\/#\\\/schema\\\/person\\\/ebdbd4bf0e9418b9f0c0a93395366b2f\",\"name\":\"Prensa Vamos\",\"sameAs\":[\"http:\\\/\\\/vamposporlaliberacion.org\"],\"url\":\"http:\\\/\\\/vamosporlaliberacion.org\\\/crpmlm\\\/author\\\/editor\\\/\"}]}<\/script>\n<!-- \/ Yoast SEO plugin. -->","yoast_head_json":{"title":"Una dura derrota - Vamos por la Liberaci\u00f3n","robots":{"index":"index","follow":"follow","max-snippet":"max-snippet:-1","max-image-preview":"max-image-preview:large","max-video-preview":"max-video-preview:-1"},"canonical":"https:\/\/vamosporlaliberacion.org\/crpmlm\/una-dura-derrota\/","twitter_misc":{"Escrito por":"Prensa Vamos","Tiempo de lectura":"6 minutos"},"schema":{"@context":"https:\/\/schema.org","@graph":[{"@type":"Article","@id":"https:\/\/vamosporlaliberacion.org\/crpmlm\/una-dura-derrota\/#article","isPartOf":{"@id":"https:\/\/vamosporlaliberacion.org\/crpmlm\/una-dura-derrota\/"},"author":{"name":"Prensa Vamos","@id":"https:\/\/vamosporlaliberacion.org\/crpmlm\/#\/schema\/person\/ebdbd4bf0e9418b9f0c0a93395366b2f"},"headline":"Una dura derrota","datePublished":"2025-07-12T00:36:11+00:00","dateModified":"2025-07-17T21:34:25+00:00","mainEntityOfPage":{"@id":"https:\/\/vamosporlaliberacion.org\/crpmlm\/una-dura-derrota\/"},"wordCount":1086,"image":{"@id":"https:\/\/vamosporlaliberacion.org\/crpmlm\/una-dura-derrota\/#primaryimage"},"thumbnailUrl":"https:\/\/i0.wp.com\/vamosporlaliberacion.org\/crpmlm\/wp-content\/uploads\/2025\/07\/milei-cag.jpg?fit=983%2C556&ssl=1","articleSection":["Editoriales","Noticias"],"inLanguage":"es"},{"@type":"WebPage","@id":"https:\/\/vamosporlaliberacion.org\/crpmlm\/una-dura-derrota\/","url":"https:\/\/vamosporlaliberacion.org\/crpmlm\/una-dura-derrota\/","name":"Una dura derrota - Vamos por la Liberaci\u00f3n","isPartOf":{"@id":"https:\/\/vamosporlaliberacion.org\/crpmlm\/#website"},"primaryImageOfPage":{"@id":"https:\/\/vamosporlaliberacion.org\/crpmlm\/una-dura-derrota\/#primaryimage"},"image":{"@id":"https:\/\/vamosporlaliberacion.org\/crpmlm\/una-dura-derrota\/#primaryimage"},"thumbnailUrl":"https:\/\/i0.wp.com\/vamosporlaliberacion.org\/crpmlm\/wp-content\/uploads\/2025\/07\/milei-cag.jpg?fit=983%2C556&ssl=1","datePublished":"2025-07-12T00:36:11+00:00","dateModified":"2025-07-17T21:34:25+00:00","author":{"@id":"https:\/\/vamosporlaliberacion.org\/crpmlm\/#\/schema\/person\/ebdbd4bf0e9418b9f0c0a93395366b2f"},"breadcrumb":{"@id":"https:\/\/vamosporlaliberacion.org\/crpmlm\/una-dura-derrota\/#breadcrumb"},"inLanguage":"es","potentialAction":[{"@type":"ReadAction","target":["https:\/\/vamosporlaliberacion.org\/crpmlm\/una-dura-derrota\/"]}]},{"@type":"ImageObject","inLanguage":"es","@id":"https:\/\/vamosporlaliberacion.org\/crpmlm\/una-dura-derrota\/#primaryimage","url":"https:\/\/i0.wp.com\/vamosporlaliberacion.org\/crpmlm\/wp-content\/uploads\/2025\/07\/milei-cag.jpg?fit=983%2C556&ssl=1","contentUrl":"https:\/\/i0.wp.com\/vamosporlaliberacion.org\/crpmlm\/wp-content\/uploads\/2025\/07\/milei-cag.jpg?fit=983%2C556&ssl=1","width":983,"height":556},{"@type":"BreadcrumbList","@id":"https:\/\/vamosporlaliberacion.org\/crpmlm\/una-dura-derrota\/#breadcrumb","itemListElement":[{"@type":"ListItem","position":1,"name":"Portada","item":"https:\/\/vamosporlaliberacion.org\/crpmlm\/"},{"@type":"ListItem","position":2,"name":"Una dura derrota"}]},{"@type":"WebSite","@id":"https:\/\/vamosporlaliberacion.org\/crpmlm\/#website","url":"https:\/\/vamosporlaliberacion.org\/crpmlm\/","name":"Vamos por la Liberaci\u00f3n","description":"Prensa CR","potentialAction":[{"@type":"SearchAction","target":{"@type":"EntryPoint","urlTemplate":"https:\/\/vamosporlaliberacion.org\/crpmlm\/?s={search_term_string}"},"query-input":{"@type":"PropertyValueSpecification","valueRequired":true,"valueName":"search_term_string"}}],"inLanguage":"es"},{"@type":"Person","@id":"https:\/\/vamosporlaliberacion.org\/crpmlm\/#\/schema\/person\/ebdbd4bf0e9418b9f0c0a93395366b2f","name":"Prensa Vamos","sameAs":["http:\/\/vamposporlaliberacion.org"],"url":"http:\/\/vamosporlaliberacion.org\/crpmlm\/author\/editor\/"}]}},"jetpack_featured_media_url":"https:\/\/i0.wp.com\/vamosporlaliberacion.org\/crpmlm\/wp-content\/uploads\/2025\/07\/milei-cag.jpg?fit=983%2C556&ssl=1","jetpack_sharing_enabled":true,"_links":{"self":[{"href":"http:\/\/vamosporlaliberacion.org\/crpmlm\/wp-json\/wp\/v2\/posts\/28605","targetHints":{"allow":["GET"]}}],"collection":[{"href":"http:\/\/vamosporlaliberacion.org\/crpmlm\/wp-json\/wp\/v2\/posts"}],"about":[{"href":"http:\/\/vamosporlaliberacion.org\/crpmlm\/wp-json\/wp\/v2\/types\/post"}],"author":[{"embeddable":true,"href":"http:\/\/vamosporlaliberacion.org\/crpmlm\/wp-json\/wp\/v2\/users\/9"}],"replies":[{"embeddable":true,"href":"http:\/\/vamosporlaliberacion.org\/crpmlm\/wp-json\/wp\/v2\/comments?post=28605"}],"version-history":[{"count":1,"href":"http:\/\/vamosporlaliberacion.org\/crpmlm\/wp-json\/wp\/v2\/posts\/28605\/revisions"}],"predecessor-version":[{"id":28609,"href":"http:\/\/vamosporlaliberacion.org\/crpmlm\/wp-json\/wp\/v2\/posts\/28605\/revisions\/28609"}],"wp:featuredmedia":[{"embeddable":true,"href":"http:\/\/vamosporlaliberacion.org\/crpmlm\/wp-json\/wp\/v2\/media\/28607"}],"wp:attachment":[{"href":"http:\/\/vamosporlaliberacion.org\/crpmlm\/wp-json\/wp\/v2\/media?parent=28605"}],"wp:term":[{"taxonomy":"category","embeddable":true,"href":"http:\/\/vamosporlaliberacion.org\/crpmlm\/wp-json\/wp\/v2\/categories?post=28605"},{"taxonomy":"post_tag","embeddable":true,"href":"http:\/\/vamosporlaliberacion.org\/crpmlm\/wp-json\/wp\/v2\/tags?post=28605"}],"curies":[{"name":"wp","href":"https:\/\/api.w.org\/{rel}","templated":true}]}}