{"id":28526,"date":"2025-05-27T20:02:40","date_gmt":"2025-05-27T23:02:40","guid":{"rendered":"https:\/\/vamosporlaliberacion.org\/crpmlm\/?p=28526"},"modified":"2025-05-27T22:21:29","modified_gmt":"2025-05-28T01:21:29","slug":"en-tiempos-de-crueldad-organizada-no-te-entregues-corazon-libre","status":"publish","type":"post","link":"http:\/\/vamosporlaliberacion.org\/crpmlm\/en-tiempos-de-crueldad-organizada-no-te-entregues-corazon-libre\/","title":{"rendered":"En tiempos de crueldad organizada&#8230; no te entregues coraz\u00f3n libre"},"content":{"rendered":"\n<pre class=\"wp-block-verse\">\u201c<em>Te han sitiado coraz\u00f3n y esperan tu renuncia,<\/em> <em>los \u00fanicos vencidos coraz\u00f3n, son los que no luchan.\u201d<strong> <\/strong>(Rafael Amor)<\/em><\/pre>\n\n\n\n<p>Sin dudas las bellas y ciertas palabras del cantante y compositor, Rafael Amor, traen certezas y esperanzas a quienes sostenemos en medio de la tormenta las banderas de la justicia y la liberaci\u00f3n.<\/p>\n\n\n\n<p>Porque no podemos acostumbrarnos a tanta ignominia y crueldad organizada; <strong>no podemos admitir que nos derrumben la patria que no es mas que esa bocanada de aire fresco y limpio como<\/strong><strong>una necesidad constante cada trece segundos, que se vuelve a\u00fan m\u00e1s preciado cuando nos damos cuenta que all\u00ed va la vida misma.<\/strong> Ese aire que no pueden maniatar con cadenas, aquel que nunca muere mientras vivamos y mientras vivimos, no podemos darnos el lujo nefasto de descuidar la esperanza que se forja en tiempos de desesperanzas.<\/p>\n\n\n\n<p><strong>No podemos esperar que las hienas sedientas de sangre frenen su faena por propia voluntad, ni tirarles mas presas para que se sacien, (eso ya se prob\u00f3 cientos de miles de veces y solo logr\u00f3 fortalecerlos m\u00e1s). Conceder a los enemigos para mantenerlos a raya solo sirve para que nos destripen a campo abierto.<\/strong><\/p>\n\n\n\n<p>Esas hienas que ostentan el poder y hoy tienen a un t\u00edtere despiadado, se han llenado los bolsillos con todos los gobiernos desde la dictadura hasta aqu\u00ed, pero van por m\u00e1s, porque est\u00e1 en su naturaleza arrasar con todo para tenerlo todo. No pueden parar, no deben parar por propia voluntad.<\/p>\n\n\n\n<p>Hoy esas hienas y su mu\u00f1eco son mas poderosas que antes, porque controlan los medios que instalan para millones las mentiras y medias verdades que consumimos, esas que buscan entretenernos con la baja de la inflaci\u00f3n, mientras los alimentos b\u00e1sicos, servicios y salud aumentan mes a mes.<\/p>\n\n\n\n<p><strong>Hienas a las que solo les interesa sus ganancias inmediatas con planes que nada tiene que ver con el desarrollo como pa\u00eds, ya ni si quiera deformado, sino entregado y exprimido hasta la ultima gota.<\/strong><\/p>\n\n\n\n<p>Esos que se someten a las potencias imperiales, en particular EEUU con este gobierno, al que le ofrecen el banquete servido para que saquee nuestra patria incluso <strong>hasta la puesta en marcha del plan de terror como vaciar una provincia y as\u00ed instalar sus bases militares en Tierra del Fuego<\/strong>, la entrada a la Ant\u00e1rtida y la capital de Malvinas.<\/p>\n\n\n<div class=\"wp-block-image\">\n<figure class=\"aligncenter size-full is-resized\"><img data-recalc-dims=\"1\" loading=\"lazy\" decoding=\"async\" width=\"696\" height=\"464\" src=\"https:\/\/i0.wp.com\/vamosporlaliberacion.org\/crpmlm\/wp-content\/uploads\/2025\/05\/MileiJefedelComandoSur.jpeg?resize=696%2C464&#038;ssl=1\" alt=\"\" class=\"wp-image-28532\" style=\"width:532px;height:auto\" srcset=\"https:\/\/i0.wp.com\/vamosporlaliberacion.org\/crpmlm\/wp-content\/uploads\/2025\/05\/MileiJefedelComandoSur.jpeg?w=700&amp;ssl=1 700w, https:\/\/i0.wp.com\/vamosporlaliberacion.org\/crpmlm\/wp-content\/uploads\/2025\/05\/MileiJefedelComandoSur.jpeg?resize=300%2C200&amp;ssl=1 300w, https:\/\/i0.wp.com\/vamosporlaliberacion.org\/crpmlm\/wp-content\/uploads\/2025\/05\/MileiJefedelComandoSur.jpeg?resize=150%2C100&amp;ssl=1 150w, https:\/\/i0.wp.com\/vamosporlaliberacion.org\/crpmlm\/wp-content\/uploads\/2025\/05\/MileiJefedelComandoSur.jpeg?resize=696%2C464&amp;ssl=1 696w, https:\/\/i0.wp.com\/vamosporlaliberacion.org\/crpmlm\/wp-content\/uploads\/2025\/05\/MileiJefedelComandoSur.jpeg?resize=630%2C420&amp;ssl=1 630w\" sizes=\"auto, (max-width: 696px) 100vw, 696px\" \/><figcaption class=\"wp-element-caption\">Milei con el jefe del Comando Sur de EEUU, Almirante de la Marina Alvin Holsey.<\/figcaption><\/figure>\n<\/div>\n\n\n<p>Hienas que apalean a los jubilados cada mi\u00e9rcoles porque hacen visible que viven en la indigencia y la pobreza extrema mientras <strong>nos ponen a discutir \u201cc\u00f3mo sacar los d\u00f3lares del colch\u00f3n\u201d como si la inmensa mayor\u00eda de la poblaci\u00f3n conociera esos billetes,<\/strong> mientras los funcionarios del gobierno retienen millones de d\u00f3lares en oscuros para\u00edsos fiscales, mientras ofrecen a narcos, contrabandistas y tratantes blanquear sus divisas sin ning\u00fan control cual \u201cpara\u00edso fiscal\u201d.<\/p>\n\n\n\n<p>Pero en nombre de la libertad, ocultan que esas maniobras son evidencia cabal de la falta de d\u00f3lares, porque ellos se quemaron m\u00e1s de 39.000 millones de d\u00f3lares desde que son gobierno para mantener la divisa estable y poder as\u00ed aceitar la bicicleta financiera de los amigos del poder. Ellos que eliminan Pymes y con ellas los vestigios de alguna sustituci\u00f3n, mientras abren la importaci\u00f3n sin control alguno: \u00a1ahora importamos hasta leche y yerba mate!<\/p>\n\n\n\n<p>Estos mismos que habilitan un presupuesto extraordinario a la SIDE de 25.000 millones de pesos con una directiva secreta para&nbsp;<strong>\u201cidentificar y monitorear\u201d<\/strong>&nbsp;a todos los&nbsp;<strong>\u201cgrupos sociales vulnerables\u201d&nbsp;<\/strong>de la Argentina y a cualquier \u201cactor no estatal\u201d que cuestionen u organicen la rebeli\u00f3n contra el r\u00e9gimen. <strong>Las hienas se han propuesto avanzar hacia el armado de un r\u00e9gimen de tiran\u00eda para sostener sus objetivos.<\/strong><\/p>\n\n\n\n<pre class=\"wp-block-verse\"><em>\u201cNo los dejes coraz\u00f3n que maten la alegr\u00eda,remienda con un sue\u00f1o coraz\u00f3n, tus alas malheridas\u2026\u201d<\/em><\/pre>\n\n\n\n<p>Bestias que ponen a prueba y error la resistencia de una sociedad a los cambios de paradigmas. Paradigmas que en nombre de la libertad quita los derechos del pueblo todo para ampliarlos en la min\u00fascula jaur\u00eda de hienas due\u00f1os del poder.<\/p>\n\n\n\n<p><strong>Cada segundo que se les otorga lo utilizan para oprimir con menos democracia, \u00a1menos periodismo independiente, menos derechos laborales, menos medicamentos, menos educaci\u00f3n y salud, menos justicia, menos soberan\u00eda\u2026menos pueblo!<\/strong><\/p>\n\n\n\n<p>Pero no es la primera vez que el pueblo padece la opresi\u00f3n en estos \u00faltimos a\u00f1os de esta democracia, ya tuvimos un primer ensayo con el gobierno de Ceos encabezado por Mauricio Macri. Un primer ensayo que fue un fracaso rotundo que lo sigue pagando el pueblo con la deuda m\u00e1s grande del mundo. <strong>Pero igual las hienas hicieron fortunas.<\/strong><\/p>\n\n\n\n<p>No es la primera vez que sufrimos una gran frustraci\u00f3n como la que nos llev\u00f3 el gobierno de Alberto Fern\u00e1ndez elegido por el dedo m\u00e1gico de Cristina. Una gran desesperanza conducida por sectores que no parten de las necesidades populares y el bien de la patria. Por el contrario, aplicaron el lema <strong>\u201cgobernar para todos\u201d, como si Paolo Rocca (Techint) o <\/strong><strong>Eduardo Elsztain (IRSA)<\/strong><strong> <\/strong><strong>(el mismo que aparece al poner \u201cdue\u00f1o de argentina\u201d en el buscador de Google)<\/strong><strong> <\/strong><strong>fuera igual que Patricia o Mar\u00eda, que sostienen un comedor o merendero en alg\u00fan barrio carenciado.<\/strong> Un gobierno con nada de pueblo y mucho de concesi\u00f3n a los due\u00f1os del poder para que \u201cdejaran gobernar\u201d y as\u00ed, \u201cnos destriparon a campo abierto\u201d y la jaur\u00eda de hienas volvi\u00f3 a ganar fortunas obscenas mientras el pueblo pagaba la inflaci\u00f3n creciente.<\/p>\n\n\n\n<p>Y as\u00ed, la jaur\u00eda due\u00f1a del poder impuso su otro ensayo, pero esta vez con la ultraderecha que se mostraba saludable en el mundo y que pod\u00eda aprovechar la desaz\u00f3n que dej\u00f3 ese \u201cprogresismo c\u00f3mplice\u201d, al que ubicaron bajo el nombre de \u201cpopulismo\u201d, \u201czurdos\u201d o comunistas\u201d como el enemigo central, como bien lo dijo Paolo Rocca (Techint) a los Ceos de su monopolio. No es la primera vez que escuchamos que hay que \u201cachicar el d\u00e9ficit y el Estado\u201d, pero es la primera vez que se proponen destruirlo desde adentro como dijo el mu\u00f1eco maldito que manejan. <strong>\u201cSoy el topo que destruye el Estado desde adentro\u201d, otro ensayo que llevan a la pr\u00e1ctica y que paga el pueblo.<\/strong><\/p>\n\n\n\n<p>No les arrendamos las ganancias ya que luego de un a\u00f1o y medio de gobierno, hay se\u00f1ales claras que el pueblo los empieza a calar. Pero esa acci\u00f3n se realiza principalmente en la lucha como mostr\u00f3 el pueblo de Tierra del Fuego donde las y los metal\u00fargicxs est\u00e1n dispuestos a ir mas all\u00e1 de las agachadas de muchos dirigentes, mostrando en los hechos que \u201cno hay soberan\u00eda sin trabajadores\u201d.<\/p>\n\n\n\n<div class=\"wp-block-jetpack-tiled-gallery alignwide is-style-rectangular\"><div class=\"\"><div class=\"tiled-gallery__gallery\"><div class=\"tiled-gallery__row\"><div class=\"tiled-gallery__col\" style=\"flex-basis:52.89377%\"><figure class=\"tiled-gallery__item\"><img decoding=\"async\" srcset=\"https:\/\/i0.wp.com\/vamosporlaliberacion.org\/crpmlm\/wp-content\/uploads\/2025\/05\/UshuaiaUomPancarta-700x467.jpg?strip=info&#038;w=600 600w,https:\/\/i0.wp.com\/vamosporlaliberacion.org\/crpmlm\/wp-content\/uploads\/2025\/05\/UshuaiaUomPancarta-700x467.jpg?strip=info&#038;w=900 900w\" alt=\"\" data-height=\"601\" data-id=\"28527\" data-link=\"https:\/\/vamosporlaliberacion.org\/crpmlm\/en-tiempos-de-crueldad-organizada-no-te-entregues-corazon-libre\/ushuaiauompancarta\/\" data-url=\"http:\/\/vamosporlaliberacion.org\/crpmlm\/wp-content\/uploads\/2025\/05\/UshuaiaUomPancarta-700x467.jpg\" data-width=\"900\" src=\"https:\/\/i0.wp.com\/vamosporlaliberacion.org\/crpmlm\/wp-content\/uploads\/2025\/05\/UshuaiaUomPancarta-700x467.jpg\" data-amp-layout=\"responsive\" tabindex=\"0\" role=\"button\" aria-label=\"Abrir la imagen 1 de 2 en pantalla completa\"\/><\/figure><\/div><div class=\"tiled-gallery__col\" style=\"flex-basis:47.10623%\"><figure class=\"tiled-gallery__item\"><img decoding=\"async\" srcset=\"https:\/\/i0.wp.com\/vamosporlaliberacion.org\/crpmlm\/wp-content\/uploads\/2025\/05\/SutefMarcha-700x525.jpeg?strip=info&#038;w=600 600w,https:\/\/i0.wp.com\/vamosporlaliberacion.org\/crpmlm\/wp-content\/uploads\/2025\/05\/SutefMarcha-700x525.jpeg?strip=info&#038;w=900 900w,https:\/\/i0.wp.com\/vamosporlaliberacion.org\/crpmlm\/wp-content\/uploads\/2025\/05\/SutefMarcha-700x525.jpeg?strip=info&#038;w=1200 1200w,https:\/\/i0.wp.com\/vamosporlaliberacion.org\/crpmlm\/wp-content\/uploads\/2025\/05\/SutefMarcha-700x525.jpeg?strip=info&#038;w=1500 1500w,https:\/\/i0.wp.com\/vamosporlaliberacion.org\/crpmlm\/wp-content\/uploads\/2025\/05\/SutefMarcha-700x525.jpeg?strip=info&#038;w=1600 1600w\" alt=\"\" data-height=\"1200\" data-id=\"28533\" data-link=\"https:\/\/vamosporlaliberacion.org\/crpmlm\/en-tiempos-de-crueldad-organizada-no-te-entregues-corazon-libre\/sutefmarcha\/\" data-url=\"http:\/\/vamosporlaliberacion.org\/crpmlm\/wp-content\/uploads\/2025\/05\/SutefMarcha-700x525.jpeg\" data-width=\"1600\" src=\"https:\/\/i0.wp.com\/vamosporlaliberacion.org\/crpmlm\/wp-content\/uploads\/2025\/05\/SutefMarcha-700x525.jpeg\" data-amp-layout=\"responsive\" tabindex=\"0\" role=\"button\" aria-label=\"Abrir la imagen 2 de 2 en pantalla completa\"\/><\/figure><\/div><\/div><\/div><\/div><\/div>\n\n\n\n<p style=\"margin-top:25px\"><strong>O la incansable docencia de esa provincia que pone sobre la mesa una propuesta de financiamiento educativo donde se toca a \u201clas vacas sagradas\u201d que evaden impuestos, que poseen la tierra y monopolizan los bienes y servicios que consumimos<\/strong>, se\u00f1alando de donde deben salir los recursos para solventar la educaci\u00f3n p\u00fablica para que no haya desfinanciamiento ni docentes pobres, como parte fundamental de la construcci\u00f3n soberana, porque donde hay una escuela p\u00fablica, hay soberan\u00eda.<\/p>\n\n\n\n<p>O los jubilados que ya no les temen a los gases y palazos constituy\u00e9ndose en un polo de atracci\u00f3n para muchos sectores golpeados por la banda represiva del mu\u00f1eco Milei. <strong>La crueldad del gobierno y sus medios ensobrados nos quiere hacer creer que el problema son esos viejos que manifiestan todos los mi\u00e9rcoles en el Congreso, pero niega el \u201cbosque\u201d de mas de 5 millones en las mismas condiciones donde se les va casi el 15% de su haber solo en transporte.<\/strong><\/p>\n\n\n<div class=\"wp-block-image\">\n<figure class=\"aligncenter size-large is-resized\"><img data-recalc-dims=\"1\" loading=\"lazy\" decoding=\"async\" width=\"696\" height=\"464\" src=\"https:\/\/i0.wp.com\/vamosporlaliberacion.org\/crpmlm\/wp-content\/uploads\/2024\/08\/jubiladosCongreso2-700x467.jpeg?resize=696%2C464\" alt=\"\" class=\"wp-image-28039\" style=\"width:526px;height:auto\" srcset=\"https:\/\/i0.wp.com\/vamosporlaliberacion.org\/crpmlm\/wp-content\/uploads\/2024\/08\/jubiladosCongreso2.jpeg?resize=700%2C467&amp;ssl=1 700w, https:\/\/i0.wp.com\/vamosporlaliberacion.org\/crpmlm\/wp-content\/uploads\/2024\/08\/jubiladosCongreso2.jpeg?resize=300%2C200&amp;ssl=1 300w, https:\/\/i0.wp.com\/vamosporlaliberacion.org\/crpmlm\/wp-content\/uploads\/2024\/08\/jubiladosCongreso2.jpeg?resize=150%2C100&amp;ssl=1 150w, https:\/\/i0.wp.com\/vamosporlaliberacion.org\/crpmlm\/wp-content\/uploads\/2024\/08\/jubiladosCongreso2.jpeg?resize=696%2C464&amp;ssl=1 696w, https:\/\/i0.wp.com\/vamosporlaliberacion.org\/crpmlm\/wp-content\/uploads\/2024\/08\/jubiladosCongreso2.jpeg?resize=630%2C420&amp;ssl=1 630w, https:\/\/i0.wp.com\/vamosporlaliberacion.org\/crpmlm\/wp-content\/uploads\/2024\/08\/jubiladosCongreso2.jpeg?w=720&amp;ssl=1 720w\" sizes=\"auto, (max-width: 696px) 100vw, 696px\" \/><figcaption class=\"wp-element-caption\">Miercoles de represi\u00f3n a los jubilados en el Congreso. Esto sucede mientras adentro LLA y sus lacayos los siguen cagando trabando los aumentos a jubilaciones y pensiones.<\/figcaption><\/figure>\n<\/div>\n\n\n<p>Pero los profesionales de la salud, como los del Hospital Garrahan o Bonaparte, tambi\u00e9n se abren paso y desaf\u00edan al r\u00e9gimen que los empuja al abismo sin importarles que se vayan del pa\u00eds o a sus casas con tal de achicar la salud del pueblo y abrir negocios privados para pocos\u2026.<\/p>\n\n\n\n<p>Otro tanto aportan todos aquellxs que resisten la ignominia <strong>de la eliminaci\u00f3n la ciencia y la t\u00e9cnica en el pa\u00eds, piedra fundamental que nos diferencia de una colonia o semi-colonia.<\/strong><\/p>\n\n\n\n<pre class=\"wp-block-verse\"><em>\u201c\u2026Se equivocan coraz\u00f3n, con fr\u00e1giles cadenas,m\u00e1s viento que ra\u00edces coraz\u00f3n, destr\u00f3zalas y vuela.\u201d<\/em><\/pre>\n\n\n\n<p>El pu\u00f1ado de hienas celebran la macro econom\u00eda de la especulaci\u00f3n, el saqueo, el endeudamiento y las mega ganancias, mientras pasean al mu\u00f1eco sin escarapela un 25 de mayo donde todo es protocolo sin coraz\u00f3n. Donde todo es cinismo y agresi\u00f3n. Donde se pasean sin descanso los funcionarios del norte gringo como aves de rapi\u00f1a sobre su presa mal herida.<\/p>\n\n\n\n<p>No hay nada que celebrar, <strong>solo cuando se percibe en las calles la necesaria uni\u00f3n en la lucha<\/strong>, porque de eso se trata para terminar m\u00e1s temprano que tarde con este gobierno y la jaur\u00eda de hienas que lo sostiene. <strong>Pero una celebraci\u00f3n consciente de que los enemigos han llegado muy lejos y no largaran lo que conquistaron de la noche a la ma\u00f1ana o con un simple resultado electoral en su contra, no, por el contrario, hay que preparar a lo m\u00e1s avanzado del pueblo para librar la gran batalla, esa que de manera audaz y disruptiva le arrebata el poder a la jaur\u00eda de bestias.<\/strong><\/p>\n\n\n\n<p>Porque la l\u00f3gica de los pueblos requiere, emprender la marcha con nuevas formas, dirigentes y \u00e9picas sin relatos, que ponga a los despose\u00eddos a la cabeza, que levanten las banderas de aquellos que cayeron o la entregaron.<\/p>\n\n\n\n<p>\u2026miles de brazos surgir\u00e1n en esa acci\u00f3n emancipadora y sanadora de la felicidad de los pueblos que habitan nuestra querida Argentina.<\/p>\n\n\n\n<pre class=\"wp-block-verse\"><em>\u201c\u2026Adelante coraz\u00f3n, sin miedo a la derrota, durar, no es estar vivo coraz\u00f3n, vivir es otra cosa.\u201d<\/em><\/pre>\n\n\n\n<p class=\"has-text-align-right\"><em>Gustavo Funes<\/em><\/p>\n\n\n\n<p><strong>Letra completa de \u201cCoraz\u00f3n libre\u201d de Rafael Amor<\/strong><\/p>\n\n\n\n<div class=\"wp-block-group is-vertical is-layout-flex wp-container-core-group-is-layout-8cf370e7 wp-block-group-is-layout-flex\">\n<p>\u201c<em>Te han sitiado coraz\u00f3n y esperan tu renuncia,<\/em> <em>los \u00fanicos vencidos coraz\u00f3n, son los que no luchan.<\/em><\/p>\n\n\n\n<p><em>No los dejes coraz\u00f3n que maten la alegr\u00eda,remienda con un sue\u00f1o coraz\u00f3n, tus alas malheridas.<\/em><\/p>\n\n\n\n<p><em>No te entregues coraz\u00f3n libre, no te entregues.<\/em><\/p>\n\n\n\n<p><em>No te entregues coraz\u00f3n libre, no te entregues.<\/em><\/p>\n\n\n\n<p><em>Y recuerda coraz\u00f3n, la infancia sin fronteras,<\/em> <em>el tacto de la vida coraz\u00f3n, carne de primaveras.<\/em><\/p>\n\n\n\n<p><em>Se equivocan coraz\u00f3n, con fr\u00e1giles cadenas,m\u00e1s viento que ra\u00edces coraz\u00f3n, destr\u00f3zalas y vuela.<\/em><\/p>\n\n\n\n<p><em>No los oigas coraz\u00f3n, que sus voces no te aturdan,<\/em> <em>ser\u00e1s c\u00f3mplice y esclavo coraz\u00f3n, si es que los escuchas.<\/em><\/p>\n\n\n\n<p><em>Adelante coraz\u00f3n, sin miedo a la derrota,durar, no es estar vivo coraz\u00f3n, vivir es otra cosa\u201d.<\/em><\/p>\n<\/div>\n\n\n\n<figure class=\"wp-block-embed is-type-video is-provider-youtube wp-block-embed-youtube wp-embed-aspect-4-3 wp-has-aspect-ratio\"><div class=\"wp-block-embed__wrapper\">\n<iframe loading=\"lazy\" title=\"Rafael Amor - Coraz\u00f3n Libre\" width=\"696\" height=\"522\" src=\"https:\/\/www.youtube.com\/embed\/o74Tu1hcMpA?feature=oembed\" frameborder=\"0\" allow=\"accelerometer; autoplay; clipboard-write; encrypted-media; gyroscope; picture-in-picture; web-share\" referrerpolicy=\"strict-origin-when-cross-origin\" allowfullscreen><\/iframe>\n<\/div><\/figure>\n<!-- AddThis Advanced Settings generic via filter on the_content --><!-- AddThis Share Buttons generic via filter on the_content -->","protected":false},"excerpt":{"rendered":"<p>\u201cTe han sitiado coraz\u00f3n y esperan tu renuncia, los \u00fanicos vencidos coraz\u00f3n, son los que no luchan.\u201d (Rafael Amor) Sin dudas las bellas y ciertas palabras del cantante y compositor, Rafael Amor, traen certezas y esperanzas a quienes sostenemos en medio de la tormenta las banderas de la justicia y la liberaci\u00f3n. Porque no podemos [&hellip;]<!-- AddThis Advanced Settings generic via filter on get_the_excerpt --><!-- AddThis Share Buttons generic via filter on get_the_excerpt --><\/p>\n","protected":false},"author":9,"featured_media":28530,"comment_status":"closed","ping_status":"closed","sticky":false,"template":"","format":"standard","meta":{"_jetpack_memberships_contains_paid_content":false,"footnotes":""},"categories":[1881,1699],"tags":[],"class_list":{"0":"post-28526","1":"post","2":"type-post","3":"status-publish","4":"format-standard","5":"has-post-thumbnail","7":"category-editoriales","8":"category-noticias"},"yoast_head":"<!-- This site is optimized with the Yoast SEO plugin v27.4 - https:\/\/yoast.com\/product\/yoast-seo-wordpress\/ -->\n<title>En tiempos de crueldad organizada... no te entregues coraz\u00f3n libre - Vamos por la Liberaci\u00f3n<\/title>\n<meta name=\"robots\" content=\"index, follow, max-snippet:-1, max-image-preview:large, max-video-preview:-1\" \/>\n<link rel=\"canonical\" href=\"https:\/\/vamosporlaliberacion.org\/crpmlm\/en-tiempos-de-crueldad-organizada-no-te-entregues-corazon-libre\/\" \/>\n<meta name=\"twitter:label1\" content=\"Escrito por\" \/>\n\t<meta name=\"twitter:data1\" content=\"Prensa Vamos\" \/>\n\t<meta name=\"twitter:label2\" content=\"Tiempo de lectura\" \/>\n\t<meta name=\"twitter:data2\" content=\"9 minutos\" \/>\n<script type=\"application\/ld+json\" class=\"yoast-schema-graph\">{\"@context\":\"https:\\\/\\\/schema.org\",\"@graph\":[{\"@type\":\"Article\",\"@id\":\"https:\\\/\\\/vamosporlaliberacion.org\\\/crpmlm\\\/en-tiempos-de-crueldad-organizada-no-te-entregues-corazon-libre\\\/#article\",\"isPartOf\":{\"@id\":\"https:\\\/\\\/vamosporlaliberacion.org\\\/crpmlm\\\/en-tiempos-de-crueldad-organizada-no-te-entregues-corazon-libre\\\/\"},\"author\":{\"name\":\"Prensa Vamos\",\"@id\":\"https:\\\/\\\/vamosporlaliberacion.org\\\/crpmlm\\\/#\\\/schema\\\/person\\\/ebdbd4bf0e9418b9f0c0a93395366b2f\"},\"headline\":\"En tiempos de crueldad organizada&#8230; no te entregues coraz\u00f3n libre\",\"datePublished\":\"2025-05-27T23:02:40+00:00\",\"dateModified\":\"2025-05-28T01:21:29+00:00\",\"mainEntityOfPage\":{\"@id\":\"https:\\\/\\\/vamosporlaliberacion.org\\\/crpmlm\\\/en-tiempos-de-crueldad-organizada-no-te-entregues-corazon-libre\\\/\"},\"wordCount\":1805,\"image\":{\"@id\":\"https:\\\/\\\/vamosporlaliberacion.org\\\/crpmlm\\\/en-tiempos-de-crueldad-organizada-no-te-entregues-corazon-libre\\\/#primaryimage\"},\"thumbnailUrl\":\"https:\\\/\\\/i0.wp.com\\\/vamosporlaliberacion.org\\\/crpmlm\\\/wp-content\\\/uploads\\\/2025\\\/05\\\/UshuaiaUomCabeceraMarcha.jpg?fit=900%2C453&ssl=1\",\"articleSection\":[\"Editoriales\",\"Noticias\"],\"inLanguage\":\"es\"},{\"@type\":\"WebPage\",\"@id\":\"https:\\\/\\\/vamosporlaliberacion.org\\\/crpmlm\\\/en-tiempos-de-crueldad-organizada-no-te-entregues-corazon-libre\\\/\",\"url\":\"https:\\\/\\\/vamosporlaliberacion.org\\\/crpmlm\\\/en-tiempos-de-crueldad-organizada-no-te-entregues-corazon-libre\\\/\",\"name\":\"En tiempos de crueldad organizada... no te entregues coraz\u00f3n libre - Vamos por la Liberaci\u00f3n\",\"isPartOf\":{\"@id\":\"https:\\\/\\\/vamosporlaliberacion.org\\\/crpmlm\\\/#website\"},\"primaryImageOfPage\":{\"@id\":\"https:\\\/\\\/vamosporlaliberacion.org\\\/crpmlm\\\/en-tiempos-de-crueldad-organizada-no-te-entregues-corazon-libre\\\/#primaryimage\"},\"image\":{\"@id\":\"https:\\\/\\\/vamosporlaliberacion.org\\\/crpmlm\\\/en-tiempos-de-crueldad-organizada-no-te-entregues-corazon-libre\\\/#primaryimage\"},\"thumbnailUrl\":\"https:\\\/\\\/i0.wp.com\\\/vamosporlaliberacion.org\\\/crpmlm\\\/wp-content\\\/uploads\\\/2025\\\/05\\\/UshuaiaUomCabeceraMarcha.jpg?fit=900%2C453&ssl=1\",\"datePublished\":\"2025-05-27T23:02:40+00:00\",\"dateModified\":\"2025-05-28T01:21:29+00:00\",\"author\":{\"@id\":\"https:\\\/\\\/vamosporlaliberacion.org\\\/crpmlm\\\/#\\\/schema\\\/person\\\/ebdbd4bf0e9418b9f0c0a93395366b2f\"},\"breadcrumb\":{\"@id\":\"https:\\\/\\\/vamosporlaliberacion.org\\\/crpmlm\\\/en-tiempos-de-crueldad-organizada-no-te-entregues-corazon-libre\\\/#breadcrumb\"},\"inLanguage\":\"es\",\"potentialAction\":[{\"@type\":\"ReadAction\",\"target\":[\"https:\\\/\\\/vamosporlaliberacion.org\\\/crpmlm\\\/en-tiempos-de-crueldad-organizada-no-te-entregues-corazon-libre\\\/\"]}]},{\"@type\":\"ImageObject\",\"inLanguage\":\"es\",\"@id\":\"https:\\\/\\\/vamosporlaliberacion.org\\\/crpmlm\\\/en-tiempos-de-crueldad-organizada-no-te-entregues-corazon-libre\\\/#primaryimage\",\"url\":\"https:\\\/\\\/i0.wp.com\\\/vamosporlaliberacion.org\\\/crpmlm\\\/wp-content\\\/uploads\\\/2025\\\/05\\\/UshuaiaUomCabeceraMarcha.jpg?fit=900%2C453&ssl=1\",\"contentUrl\":\"https:\\\/\\\/i0.wp.com\\\/vamosporlaliberacion.org\\\/crpmlm\\\/wp-content\\\/uploads\\\/2025\\\/05\\\/UshuaiaUomCabeceraMarcha.jpg?fit=900%2C453&ssl=1\",\"width\":900,\"height\":453},{\"@type\":\"BreadcrumbList\",\"@id\":\"https:\\\/\\\/vamosporlaliberacion.org\\\/crpmlm\\\/en-tiempos-de-crueldad-organizada-no-te-entregues-corazon-libre\\\/#breadcrumb\",\"itemListElement\":[{\"@type\":\"ListItem\",\"position\":1,\"name\":\"Portada\",\"item\":\"https:\\\/\\\/vamosporlaliberacion.org\\\/crpmlm\\\/\"},{\"@type\":\"ListItem\",\"position\":2,\"name\":\"En tiempos de crueldad organizada&#8230; no te entregues coraz\u00f3n libre\"}]},{\"@type\":\"WebSite\",\"@id\":\"https:\\\/\\\/vamosporlaliberacion.org\\\/crpmlm\\\/#website\",\"url\":\"https:\\\/\\\/vamosporlaliberacion.org\\\/crpmlm\\\/\",\"name\":\"Vamos por la Liberaci\u00f3n\",\"description\":\"Prensa CR\",\"potentialAction\":[{\"@type\":\"SearchAction\",\"target\":{\"@type\":\"EntryPoint\",\"urlTemplate\":\"https:\\\/\\\/vamosporlaliberacion.org\\\/crpmlm\\\/?s={search_term_string}\"},\"query-input\":{\"@type\":\"PropertyValueSpecification\",\"valueRequired\":true,\"valueName\":\"search_term_string\"}}],\"inLanguage\":\"es\"},{\"@type\":\"Person\",\"@id\":\"https:\\\/\\\/vamosporlaliberacion.org\\\/crpmlm\\\/#\\\/schema\\\/person\\\/ebdbd4bf0e9418b9f0c0a93395366b2f\",\"name\":\"Prensa Vamos\",\"sameAs\":[\"http:\\\/\\\/vamposporlaliberacion.org\"],\"url\":\"http:\\\/\\\/vamosporlaliberacion.org\\\/crpmlm\\\/author\\\/editor\\\/\"}]}<\/script>\n<!-- \/ Yoast SEO plugin. -->","yoast_head_json":{"title":"En tiempos de crueldad organizada... no te entregues coraz\u00f3n libre - Vamos por la Liberaci\u00f3n","robots":{"index":"index","follow":"follow","max-snippet":"max-snippet:-1","max-image-preview":"max-image-preview:large","max-video-preview":"max-video-preview:-1"},"canonical":"https:\/\/vamosporlaliberacion.org\/crpmlm\/en-tiempos-de-crueldad-organizada-no-te-entregues-corazon-libre\/","twitter_misc":{"Escrito por":"Prensa Vamos","Tiempo de lectura":"9 minutos"},"schema":{"@context":"https:\/\/schema.org","@graph":[{"@type":"Article","@id":"https:\/\/vamosporlaliberacion.org\/crpmlm\/en-tiempos-de-crueldad-organizada-no-te-entregues-corazon-libre\/#article","isPartOf":{"@id":"https:\/\/vamosporlaliberacion.org\/crpmlm\/en-tiempos-de-crueldad-organizada-no-te-entregues-corazon-libre\/"},"author":{"name":"Prensa Vamos","@id":"https:\/\/vamosporlaliberacion.org\/crpmlm\/#\/schema\/person\/ebdbd4bf0e9418b9f0c0a93395366b2f"},"headline":"En tiempos de crueldad organizada&#8230; no te entregues coraz\u00f3n libre","datePublished":"2025-05-27T23:02:40+00:00","dateModified":"2025-05-28T01:21:29+00:00","mainEntityOfPage":{"@id":"https:\/\/vamosporlaliberacion.org\/crpmlm\/en-tiempos-de-crueldad-organizada-no-te-entregues-corazon-libre\/"},"wordCount":1805,"image":{"@id":"https:\/\/vamosporlaliberacion.org\/crpmlm\/en-tiempos-de-crueldad-organizada-no-te-entregues-corazon-libre\/#primaryimage"},"thumbnailUrl":"https:\/\/i0.wp.com\/vamosporlaliberacion.org\/crpmlm\/wp-content\/uploads\/2025\/05\/UshuaiaUomCabeceraMarcha.jpg?fit=900%2C453&ssl=1","articleSection":["Editoriales","Noticias"],"inLanguage":"es"},{"@type":"WebPage","@id":"https:\/\/vamosporlaliberacion.org\/crpmlm\/en-tiempos-de-crueldad-organizada-no-te-entregues-corazon-libre\/","url":"https:\/\/vamosporlaliberacion.org\/crpmlm\/en-tiempos-de-crueldad-organizada-no-te-entregues-corazon-libre\/","name":"En tiempos de crueldad organizada... no te entregues coraz\u00f3n libre - Vamos por la Liberaci\u00f3n","isPartOf":{"@id":"https:\/\/vamosporlaliberacion.org\/crpmlm\/#website"},"primaryImageOfPage":{"@id":"https:\/\/vamosporlaliberacion.org\/crpmlm\/en-tiempos-de-crueldad-organizada-no-te-entregues-corazon-libre\/#primaryimage"},"image":{"@id":"https:\/\/vamosporlaliberacion.org\/crpmlm\/en-tiempos-de-crueldad-organizada-no-te-entregues-corazon-libre\/#primaryimage"},"thumbnailUrl":"https:\/\/i0.wp.com\/vamosporlaliberacion.org\/crpmlm\/wp-content\/uploads\/2025\/05\/UshuaiaUomCabeceraMarcha.jpg?fit=900%2C453&ssl=1","datePublished":"2025-05-27T23:02:40+00:00","dateModified":"2025-05-28T01:21:29+00:00","author":{"@id":"https:\/\/vamosporlaliberacion.org\/crpmlm\/#\/schema\/person\/ebdbd4bf0e9418b9f0c0a93395366b2f"},"breadcrumb":{"@id":"https:\/\/vamosporlaliberacion.org\/crpmlm\/en-tiempos-de-crueldad-organizada-no-te-entregues-corazon-libre\/#breadcrumb"},"inLanguage":"es","potentialAction":[{"@type":"ReadAction","target":["https:\/\/vamosporlaliberacion.org\/crpmlm\/en-tiempos-de-crueldad-organizada-no-te-entregues-corazon-libre\/"]}]},{"@type":"ImageObject","inLanguage":"es","@id":"https:\/\/vamosporlaliberacion.org\/crpmlm\/en-tiempos-de-crueldad-organizada-no-te-entregues-corazon-libre\/#primaryimage","url":"https:\/\/i0.wp.com\/vamosporlaliberacion.org\/crpmlm\/wp-content\/uploads\/2025\/05\/UshuaiaUomCabeceraMarcha.jpg?fit=900%2C453&ssl=1","contentUrl":"https:\/\/i0.wp.com\/vamosporlaliberacion.org\/crpmlm\/wp-content\/uploads\/2025\/05\/UshuaiaUomCabeceraMarcha.jpg?fit=900%2C453&ssl=1","width":900,"height":453},{"@type":"BreadcrumbList","@id":"https:\/\/vamosporlaliberacion.org\/crpmlm\/en-tiempos-de-crueldad-organizada-no-te-entregues-corazon-libre\/#breadcrumb","itemListElement":[{"@type":"ListItem","position":1,"name":"Portada","item":"https:\/\/vamosporlaliberacion.org\/crpmlm\/"},{"@type":"ListItem","position":2,"name":"En tiempos de crueldad organizada&#8230; no te entregues coraz\u00f3n libre"}]},{"@type":"WebSite","@id":"https:\/\/vamosporlaliberacion.org\/crpmlm\/#website","url":"https:\/\/vamosporlaliberacion.org\/crpmlm\/","name":"Vamos por la Liberaci\u00f3n","description":"Prensa CR","potentialAction":[{"@type":"SearchAction","target":{"@type":"EntryPoint","urlTemplate":"https:\/\/vamosporlaliberacion.org\/crpmlm\/?s={search_term_string}"},"query-input":{"@type":"PropertyValueSpecification","valueRequired":true,"valueName":"search_term_string"}}],"inLanguage":"es"},{"@type":"Person","@id":"https:\/\/vamosporlaliberacion.org\/crpmlm\/#\/schema\/person\/ebdbd4bf0e9418b9f0c0a93395366b2f","name":"Prensa Vamos","sameAs":["http:\/\/vamposporlaliberacion.org"],"url":"http:\/\/vamosporlaliberacion.org\/crpmlm\/author\/editor\/"}]}},"jetpack_featured_media_url":"https:\/\/i0.wp.com\/vamosporlaliberacion.org\/crpmlm\/wp-content\/uploads\/2025\/05\/UshuaiaUomCabeceraMarcha.jpg?fit=900%2C453&ssl=1","jetpack_sharing_enabled":true,"_links":{"self":[{"href":"http:\/\/vamosporlaliberacion.org\/crpmlm\/wp-json\/wp\/v2\/posts\/28526","targetHints":{"allow":["GET"]}}],"collection":[{"href":"http:\/\/vamosporlaliberacion.org\/crpmlm\/wp-json\/wp\/v2\/posts"}],"about":[{"href":"http:\/\/vamosporlaliberacion.org\/crpmlm\/wp-json\/wp\/v2\/types\/post"}],"author":[{"embeddable":true,"href":"http:\/\/vamosporlaliberacion.org\/crpmlm\/wp-json\/wp\/v2\/users\/9"}],"replies":[{"embeddable":true,"href":"http:\/\/vamosporlaliberacion.org\/crpmlm\/wp-json\/wp\/v2\/comments?post=28526"}],"version-history":[{"count":7,"href":"http:\/\/vamosporlaliberacion.org\/crpmlm\/wp-json\/wp\/v2\/posts\/28526\/revisions"}],"predecessor-version":[{"id":28539,"href":"http:\/\/vamosporlaliberacion.org\/crpmlm\/wp-json\/wp\/v2\/posts\/28526\/revisions\/28539"}],"wp:featuredmedia":[{"embeddable":true,"href":"http:\/\/vamosporlaliberacion.org\/crpmlm\/wp-json\/wp\/v2\/media\/28530"}],"wp:attachment":[{"href":"http:\/\/vamosporlaliberacion.org\/crpmlm\/wp-json\/wp\/v2\/media?parent=28526"}],"wp:term":[{"taxonomy":"category","embeddable":true,"href":"http:\/\/vamosporlaliberacion.org\/crpmlm\/wp-json\/wp\/v2\/categories?post=28526"},{"taxonomy":"post_tag","embeddable":true,"href":"http:\/\/vamosporlaliberacion.org\/crpmlm\/wp-json\/wp\/v2\/tags?post=28526"}],"curies":[{"name":"wp","href":"https:\/\/api.w.org\/{rel}","templated":true}]}}