{"id":28449,"date":"2025-04-26T09:45:24","date_gmt":"2025-04-26T12:45:24","guid":{"rendered":"https:\/\/vamosporlaliberacion.org\/crpmlm\/?p=28449"},"modified":"2025-04-26T14:58:41","modified_gmt":"2025-04-26T17:58:41","slug":"la-cara-de-la-sumision-nacional","status":"publish","type":"post","link":"http:\/\/vamosporlaliberacion.org\/crpmlm\/la-cara-de-la-sumision-nacional\/","title":{"rendered":"La cara de la sumisi\u00f3n nacional"},"content":{"rendered":"\n<p>Con las \u00faltimas intervenciones del FMI y el desembolso de 20.000 millones de d\u00f3lares para asistir al gobierno de Milei-Caputo en plena crisis econ\u00f3mica y en el marco del acuerdo estrat\u00e9gico con EEUU, pens\u00e1bamos que hab\u00edamos visto la contextura definitiva de un gobierno que se arrastra y aspira a ser fiel lacayo de Donald Trump y los \u201cvalores de occidente\u201d. Pero con las declaraciones de la titular del FMI, Kristalina Georgieva, (portando en su saco un\u00a0pin con forma de motosierra)\u00a0meti\u00e9ndose directamente en la vida pol\u00edtica interna, de manera abierta y desembozada, llamando a votar al gobierno de Javier Milei e instando a seguir el rumbo econ\u00f3mico establecido en acuerdo con ese organismo: <em>\u201cDom\u00e9sticamente, el pa\u00eds\u00a0tendr\u00e1 elecciones en octubre,\u00a0y\u00a0es fundamental que no descarrile la voluntad de cambio. Hasta ahora no vemos que ese riesgo se materialice, pero\u00a0insto a Argentina a mantener ese rumbo\u201d<\/em>, <strong>creemos que de seguir este gobierno nos transformaremos en un nuevo virreinato del R\u00edo de la Plata, \u00e9poca que a\u00f1ora el propio Milei y su gabinete.<\/strong> <strong>\u00a1Ni el menemismo se atrevi\u00f3 a tanto!<\/strong><\/p>\n\n\n\n<p>Son tiempos hist\u00f3ricos nunca antes conocidos, de un pa\u00eds paralizado con un presidente que no gestiona, sin obra p\u00fablica, mientras las rutas nacionales de destruyen, con la industria destruida con una capacidad ociosa de menos del 55%, con una ola importadora que trae hasta naranjas de Egipto o maquinaria agr\u00edcola usada. Un pa\u00eds productor de alimentos pero inalcanzable para la inmensa mayor\u00eda de la poblaci\u00f3n, donde cae el consumo sin parar hace 16 meses, con los servicios en manos de privados que aumentan mes a mes, con privatizaciones en marcha a la medida de monopolios saqueadores como ahora la de ENARSA, con los jubilados sumidos en la pobreza y reprimidos cada semana, con asalariados cada vez m\u00e1s pobres donde el valor de su fuerza de trabajo volvi\u00f3 a perder con la devaluaci\u00f3n del 30% sin que se haya recuperado de lo ya perdido; mientras avanzan contra las libertades democr\u00e1ticas con cruzadas contra periodistas, destrucci\u00f3n de los espacios de la memoria y una \u201cdesmalvinizaci\u00f3n\u201d activa.<\/p>\n\n\n\n<p><strong>Son tiempos de falsas verdades multiplicadas por los medios<\/strong> <strong>y periodistas ac\u00f3litos que trabajan a destajo<\/strong> para instalar las bondades de una devaluaci\u00f3n que ahora llaman \u201cflotaci\u00f3n\u201d y que \u201cahora ser\u00e1 distinta la llegada del FMI\u201d. Son tiempos crueles donde la historia es negada y pisoteada por una realidad inventada, con un presidente que \u201cgrita gol\u201d con su equipo celebrando un nuevo endeudamiento y la macro econom\u00eda (que beneficia al min\u00fasculo 1% que detenta el poder), mientras por la TV Publica sus asesores ense\u00f1an con pizarra a especular en la bicicleta financiera (llamada \u201cCarry Trade\u201d) y el pueblo es castigado en la micro econom\u00eda que ellos esconden y deforman.<\/p>\n\n\n\n<p><strong>Son tiempos hist\u00f3ricos donde un presidente aspira a ser un empleado -el mejor- de una superpotencia<\/strong> <strong>que lo castiga<\/strong> al igual que otros pa\u00edses, pero atiende en privado a los sumisos que \u201cle besan el culo\u201d a su l\u00edder Donald Trump.<\/p>\n\n\n\n<p><strong>Son tan hist\u00f3rico los tiempos que corren que el felpudo de estas tierras, de manera est\u00fapida, elije para arrastrase a quienes est\u00e1n en problemas como EEUU<\/strong>, que va retrocediendo de sus bravuconadas en la guerra comercial frente a China y tiene su econom\u00eda en recesi\u00f3n probando la misma receta que ya se prob\u00f3 en la crisis de la d\u00e9cada del \u00b430 y en la primera presidencia del propio Trump.<\/p>\n\n\n\n<p><strong>Milei es peligroso porque ahora es mucho m\u00e1s vulnerable y EEUU lo sabe y se muestra en el inicio de una nueva injerencia nunca antes visto en la historia reciente.<\/strong> La arremetida de Georgieva fue precedida por la visita del secretario del tesoro de EEUU quien, por estos d\u00edas, con el ministro Caputo en Washington, dio se\u00f1ales muy fuertes de sostener al gobierno argentino, incluso con la promesa de nuevas partidas si fuesen necesario. <strong>Recordemos que una de las premisas de EEUU es que Argentina abandone el swap con China.<\/strong><\/p>\n\n\n\n<h3 class=\"wp-block-heading\"><strong>Del tiempo de la crueldad al tiempo de la esperanza<\/strong><\/h3>\n\n\n\n<p>La esperanza es el alimento futuro de los pueblos que lo forjan en procesos plagados de crueldades con la asistencia imprescindible de la subjetividad que le da forma diversa. <strong>La esperanza es la caracter\u00edstica que debe adoptar la lucha contra esa crueldad planificada.<\/strong><\/p>\n\n\n\n<p>El encuentro en las calles, que tanto le preocupa al poder, es una de las formas mas completas para forjar esperanzas. Es el \u00e1mbito que el pueblo no siempre busca, pero encuentra para hacerse escuchar y cambiar muchas veces la historia. <strong>En estos tiempos hist\u00f3rico de oscurantismo, de desesperanza la tarea de la militancia es sin dudas generar los encuentros para forjar esa esperanza.<\/strong><\/p>\n\n\n<div class=\"wp-block-image\">\n<figure class=\"aligncenter size-large is-resized\"><img data-recalc-dims=\"1\" loading=\"lazy\" decoding=\"async\" width=\"696\" height=\"522\" src=\"https:\/\/i0.wp.com\/vamosporlaliberacion.org\/crpmlm\/wp-content\/uploads\/2025\/04\/Marcha-Jubilados.jpg?resize=696%2C522&#038;ssl=1\" alt=\"\" class=\"wp-image-28452\" style=\"width:480px;height:auto\" srcset=\"https:\/\/i0.wp.com\/vamosporlaliberacion.org\/crpmlm\/wp-content\/uploads\/2025\/04\/Marcha-Jubilados.jpg?resize=700%2C525&amp;ssl=1 700w, https:\/\/i0.wp.com\/vamosporlaliberacion.org\/crpmlm\/wp-content\/uploads\/2025\/04\/Marcha-Jubilados.jpg?resize=300%2C225&amp;ssl=1 300w, https:\/\/i0.wp.com\/vamosporlaliberacion.org\/crpmlm\/wp-content\/uploads\/2025\/04\/Marcha-Jubilados.jpg?resize=150%2C113&amp;ssl=1 150w, https:\/\/i0.wp.com\/vamosporlaliberacion.org\/crpmlm\/wp-content\/uploads\/2025\/04\/Marcha-Jubilados.jpg?resize=696%2C522&amp;ssl=1 696w, https:\/\/i0.wp.com\/vamosporlaliberacion.org\/crpmlm\/wp-content\/uploads\/2025\/04\/Marcha-Jubilados.jpg?resize=560%2C420&amp;ssl=1 560w, https:\/\/i0.wp.com\/vamosporlaliberacion.org\/crpmlm\/wp-content\/uploads\/2025\/04\/Marcha-Jubilados.jpg?resize=80%2C60&amp;ssl=1 80w, https:\/\/i0.wp.com\/vamosporlaliberacion.org\/crpmlm\/wp-content\/uploads\/2025\/04\/Marcha-Jubilados.jpg?resize=265%2C198&amp;ssl=1 265w, https:\/\/i0.wp.com\/vamosporlaliberacion.org\/crpmlm\/wp-content\/uploads\/2025\/04\/Marcha-Jubilados.jpg?w=720&amp;ssl=1 720w\" sizes=\"auto, (max-width: 696px) 100vw, 696px\" \/><figcaption class=\"wp-element-caption\">Gran marcha en defensa de los jubilados<\/figcaption><\/figure>\n<\/div>\n\n\n<p>Una esperanza que hoy no est\u00e1 encarnada en ning\u00fan dirigente o reagrupamiento pol\u00edtico dentro del campo popular. Una esperanza que supo encarnar el Papa Francisco, pero donde la manera m\u00e1s confiable y duradera radica en las propias fuerzas del pueblo frente a un gobierno que promete desplegar con mayor fuerza la brutalidad si gana las elecciones de medio termino.<\/p>\n\n\n\n<p>Fuerzas propias para frenarlo <strong>con las herramientas populares que est\u00e9n a mano, pero para poder fortalecer las opciones de lucha que terminen m\u00e1s temprano que tarde con esta pol\u00edtica y este gobierno y abrir un sendero de esperanza para millones que no quieren volver atr\u00e1s.<\/strong><\/p>\n\n\n\n<h3 class=\"wp-block-heading\"><strong>Donde la liberaci\u00f3n nacional y social sea el objetivo de las amplias mayor\u00edas populares movilizadas.<\/strong><\/h3>\n\n\n\n<p><\/p>\n<!-- AddThis Advanced Settings generic via filter on the_content --><!-- AddThis Share Buttons generic via filter on the_content -->","protected":false},"excerpt":{"rendered":"<p>Con las \u00faltimas intervenciones del FMI y el desembolso de 20.000 millones de d\u00f3lares para asistir al gobierno de Milei-Caputo en plena crisis econ\u00f3mica y en el marco del acuerdo estrat\u00e9gico con EEUU, pens\u00e1bamos que hab\u00edamos visto la contextura definitiva de un gobierno que se arrastra y aspira a ser fiel lacayo de Donald Trump [&hellip;]<!-- AddThis Advanced Settings generic via filter on get_the_excerpt --><!-- AddThis Share Buttons generic via filter on get_the_excerpt --><\/p>\n","protected":false},"author":9,"featured_media":28451,"comment_status":"closed","ping_status":"closed","sticky":false,"template":"","format":"standard","meta":{"_jetpack_memberships_contains_paid_content":false,"footnotes":""},"categories":[1881,1699],"tags":[],"class_list":{"0":"post-28449","1":"post","2":"type-post","3":"status-publish","4":"format-standard","5":"has-post-thumbnail","7":"category-editoriales","8":"category-noticias"},"yoast_head":"<!-- This site is optimized with the Yoast SEO plugin v27.4 - https:\/\/yoast.com\/product\/yoast-seo-wordpress\/ -->\n<title>La cara de la sumisi\u00f3n nacional - Vamos por la Liberaci\u00f3n<\/title>\n<meta name=\"robots\" content=\"index, follow, max-snippet:-1, max-image-preview:large, max-video-preview:-1\" \/>\n<link rel=\"canonical\" href=\"https:\/\/vamosporlaliberacion.org\/crpmlm\/la-cara-de-la-sumision-nacional\/\" \/>\n<meta name=\"twitter:label1\" content=\"Escrito por\" \/>\n\t<meta name=\"twitter:data1\" content=\"Prensa Vamos\" \/>\n\t<meta name=\"twitter:label2\" content=\"Tiempo de lectura\" \/>\n\t<meta name=\"twitter:data2\" content=\"5 minutos\" \/>\n<script type=\"application\/ld+json\" class=\"yoast-schema-graph\">{\"@context\":\"https:\\\/\\\/schema.org\",\"@graph\":[{\"@type\":\"Article\",\"@id\":\"https:\\\/\\\/vamosporlaliberacion.org\\\/crpmlm\\\/la-cara-de-la-sumision-nacional\\\/#article\",\"isPartOf\":{\"@id\":\"https:\\\/\\\/vamosporlaliberacion.org\\\/crpmlm\\\/la-cara-de-la-sumision-nacional\\\/\"},\"author\":{\"name\":\"Prensa Vamos\",\"@id\":\"https:\\\/\\\/vamosporlaliberacion.org\\\/crpmlm\\\/#\\\/schema\\\/person\\\/ebdbd4bf0e9418b9f0c0a93395366b2f\"},\"headline\":\"La cara de la sumisi\u00f3n nacional\",\"datePublished\":\"2025-04-26T12:45:24+00:00\",\"dateModified\":\"2025-04-26T17:58:41+00:00\",\"mainEntityOfPage\":{\"@id\":\"https:\\\/\\\/vamosporlaliberacion.org\\\/crpmlm\\\/la-cara-de-la-sumision-nacional\\\/\"},\"wordCount\":952,\"image\":{\"@id\":\"https:\\\/\\\/vamosporlaliberacion.org\\\/crpmlm\\\/la-cara-de-la-sumision-nacional\\\/#primaryimage\"},\"thumbnailUrl\":\"https:\\\/\\\/i0.wp.com\\\/vamosporlaliberacion.org\\\/crpmlm\\\/wp-content\\\/uploads\\\/2025\\\/04\\\/MileiGergievaCaputo-abrazo-2.jpg?fit=1011%2C454&ssl=1\",\"articleSection\":[\"Editoriales\",\"Noticias\"],\"inLanguage\":\"es\"},{\"@type\":\"WebPage\",\"@id\":\"https:\\\/\\\/vamosporlaliberacion.org\\\/crpmlm\\\/la-cara-de-la-sumision-nacional\\\/\",\"url\":\"https:\\\/\\\/vamosporlaliberacion.org\\\/crpmlm\\\/la-cara-de-la-sumision-nacional\\\/\",\"name\":\"La cara de la sumisi\u00f3n nacional - Vamos por la Liberaci\u00f3n\",\"isPartOf\":{\"@id\":\"https:\\\/\\\/vamosporlaliberacion.org\\\/crpmlm\\\/#website\"},\"primaryImageOfPage\":{\"@id\":\"https:\\\/\\\/vamosporlaliberacion.org\\\/crpmlm\\\/la-cara-de-la-sumision-nacional\\\/#primaryimage\"},\"image\":{\"@id\":\"https:\\\/\\\/vamosporlaliberacion.org\\\/crpmlm\\\/la-cara-de-la-sumision-nacional\\\/#primaryimage\"},\"thumbnailUrl\":\"https:\\\/\\\/i0.wp.com\\\/vamosporlaliberacion.org\\\/crpmlm\\\/wp-content\\\/uploads\\\/2025\\\/04\\\/MileiGergievaCaputo-abrazo-2.jpg?fit=1011%2C454&ssl=1\",\"datePublished\":\"2025-04-26T12:45:24+00:00\",\"dateModified\":\"2025-04-26T17:58:41+00:00\",\"author\":{\"@id\":\"https:\\\/\\\/vamosporlaliberacion.org\\\/crpmlm\\\/#\\\/schema\\\/person\\\/ebdbd4bf0e9418b9f0c0a93395366b2f\"},\"breadcrumb\":{\"@id\":\"https:\\\/\\\/vamosporlaliberacion.org\\\/crpmlm\\\/la-cara-de-la-sumision-nacional\\\/#breadcrumb\"},\"inLanguage\":\"es\",\"potentialAction\":[{\"@type\":\"ReadAction\",\"target\":[\"https:\\\/\\\/vamosporlaliberacion.org\\\/crpmlm\\\/la-cara-de-la-sumision-nacional\\\/\"]}]},{\"@type\":\"ImageObject\",\"inLanguage\":\"es\",\"@id\":\"https:\\\/\\\/vamosporlaliberacion.org\\\/crpmlm\\\/la-cara-de-la-sumision-nacional\\\/#primaryimage\",\"url\":\"https:\\\/\\\/i0.wp.com\\\/vamosporlaliberacion.org\\\/crpmlm\\\/wp-content\\\/uploads\\\/2025\\\/04\\\/MileiGergievaCaputo-abrazo-2.jpg?fit=1011%2C454&ssl=1\",\"contentUrl\":\"https:\\\/\\\/i0.wp.com\\\/vamosporlaliberacion.org\\\/crpmlm\\\/wp-content\\\/uploads\\\/2025\\\/04\\\/MileiGergievaCaputo-abrazo-2.jpg?fit=1011%2C454&ssl=1\",\"width\":1011,\"height\":454},{\"@type\":\"BreadcrumbList\",\"@id\":\"https:\\\/\\\/vamosporlaliberacion.org\\\/crpmlm\\\/la-cara-de-la-sumision-nacional\\\/#breadcrumb\",\"itemListElement\":[{\"@type\":\"ListItem\",\"position\":1,\"name\":\"Portada\",\"item\":\"https:\\\/\\\/vamosporlaliberacion.org\\\/crpmlm\\\/\"},{\"@type\":\"ListItem\",\"position\":2,\"name\":\"La cara de la sumisi\u00f3n nacional\"}]},{\"@type\":\"WebSite\",\"@id\":\"https:\\\/\\\/vamosporlaliberacion.org\\\/crpmlm\\\/#website\",\"url\":\"https:\\\/\\\/vamosporlaliberacion.org\\\/crpmlm\\\/\",\"name\":\"Vamos por la Liberaci\u00f3n\",\"description\":\"Prensa CR\",\"potentialAction\":[{\"@type\":\"SearchAction\",\"target\":{\"@type\":\"EntryPoint\",\"urlTemplate\":\"https:\\\/\\\/vamosporlaliberacion.org\\\/crpmlm\\\/?s={search_term_string}\"},\"query-input\":{\"@type\":\"PropertyValueSpecification\",\"valueRequired\":true,\"valueName\":\"search_term_string\"}}],\"inLanguage\":\"es\"},{\"@type\":\"Person\",\"@id\":\"https:\\\/\\\/vamosporlaliberacion.org\\\/crpmlm\\\/#\\\/schema\\\/person\\\/ebdbd4bf0e9418b9f0c0a93395366b2f\",\"name\":\"Prensa Vamos\",\"sameAs\":[\"http:\\\/\\\/vamposporlaliberacion.org\"],\"url\":\"http:\\\/\\\/vamosporlaliberacion.org\\\/crpmlm\\\/author\\\/editor\\\/\"}]}<\/script>\n<!-- \/ Yoast SEO plugin. -->","yoast_head_json":{"title":"La cara de la sumisi\u00f3n nacional - Vamos por la Liberaci\u00f3n","robots":{"index":"index","follow":"follow","max-snippet":"max-snippet:-1","max-image-preview":"max-image-preview:large","max-video-preview":"max-video-preview:-1"},"canonical":"https:\/\/vamosporlaliberacion.org\/crpmlm\/la-cara-de-la-sumision-nacional\/","twitter_misc":{"Escrito por":"Prensa Vamos","Tiempo de lectura":"5 minutos"},"schema":{"@context":"https:\/\/schema.org","@graph":[{"@type":"Article","@id":"https:\/\/vamosporlaliberacion.org\/crpmlm\/la-cara-de-la-sumision-nacional\/#article","isPartOf":{"@id":"https:\/\/vamosporlaliberacion.org\/crpmlm\/la-cara-de-la-sumision-nacional\/"},"author":{"name":"Prensa Vamos","@id":"https:\/\/vamosporlaliberacion.org\/crpmlm\/#\/schema\/person\/ebdbd4bf0e9418b9f0c0a93395366b2f"},"headline":"La cara de la sumisi\u00f3n nacional","datePublished":"2025-04-26T12:45:24+00:00","dateModified":"2025-04-26T17:58:41+00:00","mainEntityOfPage":{"@id":"https:\/\/vamosporlaliberacion.org\/crpmlm\/la-cara-de-la-sumision-nacional\/"},"wordCount":952,"image":{"@id":"https:\/\/vamosporlaliberacion.org\/crpmlm\/la-cara-de-la-sumision-nacional\/#primaryimage"},"thumbnailUrl":"https:\/\/i0.wp.com\/vamosporlaliberacion.org\/crpmlm\/wp-content\/uploads\/2025\/04\/MileiGergievaCaputo-abrazo-2.jpg?fit=1011%2C454&ssl=1","articleSection":["Editoriales","Noticias"],"inLanguage":"es"},{"@type":"WebPage","@id":"https:\/\/vamosporlaliberacion.org\/crpmlm\/la-cara-de-la-sumision-nacional\/","url":"https:\/\/vamosporlaliberacion.org\/crpmlm\/la-cara-de-la-sumision-nacional\/","name":"La cara de la sumisi\u00f3n nacional - Vamos por la Liberaci\u00f3n","isPartOf":{"@id":"https:\/\/vamosporlaliberacion.org\/crpmlm\/#website"},"primaryImageOfPage":{"@id":"https:\/\/vamosporlaliberacion.org\/crpmlm\/la-cara-de-la-sumision-nacional\/#primaryimage"},"image":{"@id":"https:\/\/vamosporlaliberacion.org\/crpmlm\/la-cara-de-la-sumision-nacional\/#primaryimage"},"thumbnailUrl":"https:\/\/i0.wp.com\/vamosporlaliberacion.org\/crpmlm\/wp-content\/uploads\/2025\/04\/MileiGergievaCaputo-abrazo-2.jpg?fit=1011%2C454&ssl=1","datePublished":"2025-04-26T12:45:24+00:00","dateModified":"2025-04-26T17:58:41+00:00","author":{"@id":"https:\/\/vamosporlaliberacion.org\/crpmlm\/#\/schema\/person\/ebdbd4bf0e9418b9f0c0a93395366b2f"},"breadcrumb":{"@id":"https:\/\/vamosporlaliberacion.org\/crpmlm\/la-cara-de-la-sumision-nacional\/#breadcrumb"},"inLanguage":"es","potentialAction":[{"@type":"ReadAction","target":["https:\/\/vamosporlaliberacion.org\/crpmlm\/la-cara-de-la-sumision-nacional\/"]}]},{"@type":"ImageObject","inLanguage":"es","@id":"https:\/\/vamosporlaliberacion.org\/crpmlm\/la-cara-de-la-sumision-nacional\/#primaryimage","url":"https:\/\/i0.wp.com\/vamosporlaliberacion.org\/crpmlm\/wp-content\/uploads\/2025\/04\/MileiGergievaCaputo-abrazo-2.jpg?fit=1011%2C454&ssl=1","contentUrl":"https:\/\/i0.wp.com\/vamosporlaliberacion.org\/crpmlm\/wp-content\/uploads\/2025\/04\/MileiGergievaCaputo-abrazo-2.jpg?fit=1011%2C454&ssl=1","width":1011,"height":454},{"@type":"BreadcrumbList","@id":"https:\/\/vamosporlaliberacion.org\/crpmlm\/la-cara-de-la-sumision-nacional\/#breadcrumb","itemListElement":[{"@type":"ListItem","position":1,"name":"Portada","item":"https:\/\/vamosporlaliberacion.org\/crpmlm\/"},{"@type":"ListItem","position":2,"name":"La cara de la sumisi\u00f3n nacional"}]},{"@type":"WebSite","@id":"https:\/\/vamosporlaliberacion.org\/crpmlm\/#website","url":"https:\/\/vamosporlaliberacion.org\/crpmlm\/","name":"Vamos por la Liberaci\u00f3n","description":"Prensa CR","potentialAction":[{"@type":"SearchAction","target":{"@type":"EntryPoint","urlTemplate":"https:\/\/vamosporlaliberacion.org\/crpmlm\/?s={search_term_string}"},"query-input":{"@type":"PropertyValueSpecification","valueRequired":true,"valueName":"search_term_string"}}],"inLanguage":"es"},{"@type":"Person","@id":"https:\/\/vamosporlaliberacion.org\/crpmlm\/#\/schema\/person\/ebdbd4bf0e9418b9f0c0a93395366b2f","name":"Prensa Vamos","sameAs":["http:\/\/vamposporlaliberacion.org"],"url":"http:\/\/vamosporlaliberacion.org\/crpmlm\/author\/editor\/"}]}},"jetpack_featured_media_url":"https:\/\/i0.wp.com\/vamosporlaliberacion.org\/crpmlm\/wp-content\/uploads\/2025\/04\/MileiGergievaCaputo-abrazo-2.jpg?fit=1011%2C454&ssl=1","jetpack_sharing_enabled":true,"_links":{"self":[{"href":"http:\/\/vamosporlaliberacion.org\/crpmlm\/wp-json\/wp\/v2\/posts\/28449","targetHints":{"allow":["GET"]}}],"collection":[{"href":"http:\/\/vamosporlaliberacion.org\/crpmlm\/wp-json\/wp\/v2\/posts"}],"about":[{"href":"http:\/\/vamosporlaliberacion.org\/crpmlm\/wp-json\/wp\/v2\/types\/post"}],"author":[{"embeddable":true,"href":"http:\/\/vamosporlaliberacion.org\/crpmlm\/wp-json\/wp\/v2\/users\/9"}],"replies":[{"embeddable":true,"href":"http:\/\/vamosporlaliberacion.org\/crpmlm\/wp-json\/wp\/v2\/comments?post=28449"}],"version-history":[{"count":2,"href":"http:\/\/vamosporlaliberacion.org\/crpmlm\/wp-json\/wp\/v2\/posts\/28449\/revisions"}],"predecessor-version":[{"id":28454,"href":"http:\/\/vamosporlaliberacion.org\/crpmlm\/wp-json\/wp\/v2\/posts\/28449\/revisions\/28454"}],"wp:featuredmedia":[{"embeddable":true,"href":"http:\/\/vamosporlaliberacion.org\/crpmlm\/wp-json\/wp\/v2\/media\/28451"}],"wp:attachment":[{"href":"http:\/\/vamosporlaliberacion.org\/crpmlm\/wp-json\/wp\/v2\/media?parent=28449"}],"wp:term":[{"taxonomy":"category","embeddable":true,"href":"http:\/\/vamosporlaliberacion.org\/crpmlm\/wp-json\/wp\/v2\/categories?post=28449"},{"taxonomy":"post_tag","embeddable":true,"href":"http:\/\/vamosporlaliberacion.org\/crpmlm\/wp-json\/wp\/v2\/tags?post=28449"}],"curies":[{"name":"wp","href":"https:\/\/api.w.org\/{rel}","templated":true}]}}