{"id":28400,"date":"2025-04-01T14:08:19","date_gmt":"2025-04-01T17:08:19","guid":{"rendered":"https:\/\/vamosporlaliberacion.org\/crpmlm\/?p=28400"},"modified":"2025-04-01T14:08:22","modified_gmt":"2025-04-01T17:08:22","slug":"la-vuelta-al-fondo","status":"publish","type":"post","link":"http:\/\/vamosporlaliberacion.org\/crpmlm\/la-vuelta-al-fondo\/","title":{"rendered":"La vuelta al fondo\u2026"},"content":{"rendered":"\n<p><strong>Verdades que matan<\/strong><\/p>\n\n\n\n<p>\u201c<em>Tomar deuda, algo tan claro en el gobierno de MM, no solo no es de liberal, sino que lo consideramos inmoral por implicar el robo a generaciones futuras\u201d<\/em>. <strong>Javier Milei (2019)<\/strong><\/p>\n\n\n\n<p>\u201c<em>Tener que recurrir al FMI solo deja en evidencia el rotundo fracaso del Gobierno. Argentina, un pa\u00eds\u201d<\/em>. <strong>Manuel Adorni<\/strong>, <strong>vocero presidencial (2020)<\/strong><\/p>\n\n\n\n<p>Hoy, mientras volvemos a recurrir al FMI en busca de un \u201csalvavidas de plomo\u201d, estas afirmaciones pasadas solo muestran la verdad de la historia que atravesamos recientemente, solo que ahora pretenden, los mismos actores, introducir en su pretendida \u201cbatalla cultural\u201d, <strong>que solo vale el presente, desechando la historia<\/strong>.<\/p>\n\n\n\n<p><strong>Pero ya sabemos por doloroso, que la historia negada se repite con sangre<\/strong>. La conversi\u00f3n de estos oscuros personajes que hoy gobiernan el pa\u00eds, entre ellos el ministro Caputo que nos endeud\u00f3 por 45.000 millones de d\u00f3lares y una deuda a 100 a\u00f1os, hoy nos repite para justificar esta estafa, los mismos argumentos que nos hundieron en el pasado reciente.<\/p>\n\n\n\n<p><strong>Ya sabemos que nada bueno para el pueblo vendr\u00e1 con el FMI, solo mayor ajuste y despojo de la naci\u00f3n.<\/strong> Solo le dar\u00e1n mas beneficios al \u00ednfimo circulo de ese 1% que detenta el poder real en el pa\u00eds. Estos, ahora como antes, apuran la marcha para cambiar sus papeles en la bicicleta financiera para poder fugarse nuevamente los d\u00f3lares frescos.<\/p>\n\n\n\n<p>Si la \u00fanica verdad es la realidad (de ayer y hoy), entonces <strong>el gobierno agot\u00f3 su plan econ\u00f3mico basado en la \u201cmesa de dinero\u201d<\/strong> de la especulaci\u00f3n financiera, el lavado de activos y el recorte brutal de la econom\u00eda, llevando al pa\u00eds a la par\u00e1lisis y la desinversi\u00f3n sumando la inundaci\u00f3n de importaciones (hasta leche y harina se importa).<\/p>\n\n\n\n<p>Para sostener semejante plan siniestro, el gobierno necesita de los d\u00f3lares que volvi\u00f3 a fugar. El Banco Central lleva vendido mas de 4.100 millones de d\u00f3lares en los \u00faltimos diez d\u00edas, un ritmo insostenible para mantener una brecha ficticia baja y estable. <strong>La ayuda del FMI es como aquel paciente que tiene una herida sangrante a la que solo se le aplica trasfusi\u00f3n de sangre, pero no le curan la herida\u2026as\u00ed, seguir\u00e1 perdiendo sangre mientras avanza la infecci\u00f3n. Esto es lo que hace el gobierno y el FMI.<\/strong><\/p>\n\n\n\n<p>El costo de mantener esta pol\u00edtica es y ser\u00e1 un sufrimiento prolongado del pueblo. El costo de la baja de la inflaci\u00f3n <strong>(mal medida, donde se debe sumar el doble de lo que mide el INDEC)<\/strong> la pagan los jubilados que aportan el 24% del recorte del PBI, la obra publica y los despidos y recortes del Estado. <strong>\u00bfQu\u00e9 tiene de novedoso y revolucionario todo esto?, nada y como tal no podemos esperar mas que la repetici\u00f3n de la historia nefasta en nuestro pa\u00eds.<\/strong><\/p>\n\n\n\n<p>Esa mala medici\u00f3n de la inflaci\u00f3n repercute en la celebrada \u201cbaja de la pobreza\u201d que seg\u00fan el INDEC cay\u00f3 a 38,2%. Pero m\u00e1s all\u00e1 de esto, es una medici\u00f3n del segundo semestre del 2024 comparado con el 52,4% del primer semestre del mismo a\u00f1o. O sea, los mismos que rompieron r\u00e9cord en pobreza, son los mismos que celebran hoy la baja que lleg\u00f3 casi a lo que dej\u00f3 el gobierno del Frente de Todos en el 2do semestre del 2023, 41,7%.<\/p>\n\n\n\n<p>No saben de donde agarrarse para mantenerse a flote a la espera de la \u201cjeringa\u201d del FMI que ya anunci\u00f3 que llegar\u00e1 bastante desinflada, ya que solo adelantar\u00e1 8.000 millones de d\u00f3lares 40% del monto total, prolongando la agon\u00eda del paciente infectado. Ahora est\u00e1n suplicando a los exportadores que liquiden los d\u00f3lares mientras se dispara el riego pa\u00eds y cae la bolsa. As\u00ed, el \u201cdios mercado\u201d le empieza a dar la espalda llenando de estupor al coraz\u00f3n del ejecutivo.<\/p>\n\n\n\n<p><strong>El gobierno est\u00e1 frente a una gran encrucijada en el primer a\u00f1o electoral de su gobierno.<\/strong> A esta altura, todo ha sido mucho m\u00e1s din\u00e1mico que el gobierno de Macri que se fue diciendo <em>\u201csi lo volver\u00eda a hacer, har\u00eda lo mismo, pero mas r\u00e1pido\u201d<\/em> y Milei le tom\u00f3 la palabra y lleva adelante el ajuste mas grande de la historia en el tiempo mas reducido de la historia, hay que decir que la paciencia de las grandes masas que lo votaron (y no), en algo lo acompa\u00f1\u00f3, pero se est\u00e1 empezando a terminar, y si aceler\u00f3 para ajustar, no hay \u201cletra chica\u201d que diga que el contrato no se pueda romper antes de vencimiento por m\u00e1s que traten de asustar con la represi\u00f3n y las denuncias de \u201cgolpe institucional\u201d que solo servir\u00e1 para traer al presente al De La R\u00faa del pasado nefasto. <strong>Antes de las elecciones de octubre pueden pasar muchas cosas, y el gobierno lo sabe. Las elecciones provinciales antes de esa fecha le llevar\u00e1n se\u00f1ales anticipadas, pero si estas son tambi\u00e9n rodeadas de luchas mucho peor.<\/strong><\/p>\n\n\n\n<p>No todo se puede tapar con las operaciones de prensa, si bien han calado en parte importante de la poblaci\u00f3n que hoy ve estabilidad en lo que antes era pantano, pero hoy tiene los salarios con menos poder adquisitivo de los que tenia en el 2001, con una ca\u00edda del consumo del 10% y cientos de miles de despidos en el Estado y privados, con destrucci\u00f3n de las industrias Pymes que <strong>nos lleva a preguntar \u00bfc\u00f3mo se toma el estudio para medir la pobreza?<\/strong>, \u00bfD\u00f3nde fueron a parar los trabajadores de la construcci\u00f3n con una obra publica paralizada? \u00bfY los de la industria con un 55% de capacidad ociosa? \u00bfy los del Estado?<\/p>\n\n\n\n<p><strong>El gobierno es un adicto que en su desesperaci\u00f3n sale a vender las joyas de la abuela para poder mantenerse.<\/strong> De aquella miseria planificada, pasamos a la desesperaci\u00f3n y eso los saben los especuladores internacionales como el FMI o los fondos de inversi\u00f3n que pululan sobre nuestras cabezas como buitres carro\u00f1eros esperando el momento para lanzarse. <strong>O son ellos o somo el pueblo de pie, organizado, en las calles y en las urnas para echarlos a la mierda.<\/strong><\/p>\n<!-- AddThis Advanced Settings generic via filter on the_content --><!-- AddThis Share Buttons generic via filter on the_content -->","protected":false},"excerpt":{"rendered":"<p>Verdades que matan \u201cTomar deuda, algo tan claro en el gobierno de MM, no solo no es de liberal, sino que lo consideramos inmoral por implicar el robo a generaciones futuras\u201d. Javier Milei (2019) \u201cTener que recurrir al FMI solo deja en evidencia el rotundo fracaso del Gobierno. Argentina, un pa\u00eds\u201d. Manuel Adorni, vocero presidencial [&hellip;]<!-- AddThis Advanced Settings generic via filter on get_the_excerpt --><!-- AddThis Share Buttons generic via filter on get_the_excerpt --><\/p>\n","protected":false},"author":9,"featured_media":28401,"comment_status":"closed","ping_status":"closed","sticky":false,"template":"","format":"standard","meta":{"_jetpack_memberships_contains_paid_content":false,"footnotes":""},"categories":[1881,1699],"tags":[],"class_list":{"0":"post-28400","1":"post","2":"type-post","3":"status-publish","4":"format-standard","5":"has-post-thumbnail","7":"category-editoriales","8":"category-noticias"},"yoast_head":"<!-- This site is optimized with the Yoast SEO plugin v27.4 - https:\/\/yoast.com\/product\/yoast-seo-wordpress\/ -->\n<title>La vuelta al fondo\u2026 - Vamos por la Liberaci\u00f3n<\/title>\n<meta name=\"robots\" content=\"index, follow, max-snippet:-1, max-image-preview:large, max-video-preview:-1\" \/>\n<link rel=\"canonical\" href=\"https:\/\/vamosporlaliberacion.org\/crpmlm\/la-vuelta-al-fondo\/\" \/>\n<meta name=\"twitter:label1\" content=\"Escrito por\" \/>\n\t<meta name=\"twitter:data1\" content=\"Prensa Vamos\" \/>\n\t<meta name=\"twitter:label2\" content=\"Tiempo de lectura\" \/>\n\t<meta name=\"twitter:data2\" content=\"5 minutos\" \/>\n<script type=\"application\/ld+json\" class=\"yoast-schema-graph\">{\"@context\":\"https:\\\/\\\/schema.org\",\"@graph\":[{\"@type\":\"Article\",\"@id\":\"https:\\\/\\\/vamosporlaliberacion.org\\\/crpmlm\\\/la-vuelta-al-fondo\\\/#article\",\"isPartOf\":{\"@id\":\"https:\\\/\\\/vamosporlaliberacion.org\\\/crpmlm\\\/la-vuelta-al-fondo\\\/\"},\"author\":{\"name\":\"Prensa Vamos\",\"@id\":\"https:\\\/\\\/vamosporlaliberacion.org\\\/crpmlm\\\/#\\\/schema\\\/person\\\/ebdbd4bf0e9418b9f0c0a93395366b2f\"},\"headline\":\"La vuelta al fondo\u2026\",\"datePublished\":\"2025-04-01T17:08:19+00:00\",\"dateModified\":\"2025-04-01T17:08:22+00:00\",\"mainEntityOfPage\":{\"@id\":\"https:\\\/\\\/vamosporlaliberacion.org\\\/crpmlm\\\/la-vuelta-al-fondo\\\/\"},\"wordCount\":1035,\"image\":{\"@id\":\"https:\\\/\\\/vamosporlaliberacion.org\\\/crpmlm\\\/la-vuelta-al-fondo\\\/#primaryimage\"},\"thumbnailUrl\":\"https:\\\/\\\/i0.wp.com\\\/vamosporlaliberacion.org\\\/crpmlm\\\/wp-content\\\/uploads\\\/2025\\\/04\\\/Caputo-Milei-Georgieva.jpg?fit=420%2C222&ssl=1\",\"articleSection\":[\"Editoriales\",\"Noticias\"],\"inLanguage\":\"es\"},{\"@type\":\"WebPage\",\"@id\":\"https:\\\/\\\/vamosporlaliberacion.org\\\/crpmlm\\\/la-vuelta-al-fondo\\\/\",\"url\":\"https:\\\/\\\/vamosporlaliberacion.org\\\/crpmlm\\\/la-vuelta-al-fondo\\\/\",\"name\":\"La vuelta al fondo\u2026 - Vamos por la Liberaci\u00f3n\",\"isPartOf\":{\"@id\":\"https:\\\/\\\/vamosporlaliberacion.org\\\/crpmlm\\\/#website\"},\"primaryImageOfPage\":{\"@id\":\"https:\\\/\\\/vamosporlaliberacion.org\\\/crpmlm\\\/la-vuelta-al-fondo\\\/#primaryimage\"},\"image\":{\"@id\":\"https:\\\/\\\/vamosporlaliberacion.org\\\/crpmlm\\\/la-vuelta-al-fondo\\\/#primaryimage\"},\"thumbnailUrl\":\"https:\\\/\\\/i0.wp.com\\\/vamosporlaliberacion.org\\\/crpmlm\\\/wp-content\\\/uploads\\\/2025\\\/04\\\/Caputo-Milei-Georgieva.jpg?fit=420%2C222&ssl=1\",\"datePublished\":\"2025-04-01T17:08:19+00:00\",\"dateModified\":\"2025-04-01T17:08:22+00:00\",\"author\":{\"@id\":\"https:\\\/\\\/vamosporlaliberacion.org\\\/crpmlm\\\/#\\\/schema\\\/person\\\/ebdbd4bf0e9418b9f0c0a93395366b2f\"},\"breadcrumb\":{\"@id\":\"https:\\\/\\\/vamosporlaliberacion.org\\\/crpmlm\\\/la-vuelta-al-fondo\\\/#breadcrumb\"},\"inLanguage\":\"es\",\"potentialAction\":[{\"@type\":\"ReadAction\",\"target\":[\"https:\\\/\\\/vamosporlaliberacion.org\\\/crpmlm\\\/la-vuelta-al-fondo\\\/\"]}]},{\"@type\":\"ImageObject\",\"inLanguage\":\"es\",\"@id\":\"https:\\\/\\\/vamosporlaliberacion.org\\\/crpmlm\\\/la-vuelta-al-fondo\\\/#primaryimage\",\"url\":\"https:\\\/\\\/i0.wp.com\\\/vamosporlaliberacion.org\\\/crpmlm\\\/wp-content\\\/uploads\\\/2025\\\/04\\\/Caputo-Milei-Georgieva.jpg?fit=420%2C222&ssl=1\",\"contentUrl\":\"https:\\\/\\\/i0.wp.com\\\/vamosporlaliberacion.org\\\/crpmlm\\\/wp-content\\\/uploads\\\/2025\\\/04\\\/Caputo-Milei-Georgieva.jpg?fit=420%2C222&ssl=1\",\"width\":420,\"height\":222},{\"@type\":\"BreadcrumbList\",\"@id\":\"https:\\\/\\\/vamosporlaliberacion.org\\\/crpmlm\\\/la-vuelta-al-fondo\\\/#breadcrumb\",\"itemListElement\":[{\"@type\":\"ListItem\",\"position\":1,\"name\":\"Portada\",\"item\":\"https:\\\/\\\/vamosporlaliberacion.org\\\/crpmlm\\\/\"},{\"@type\":\"ListItem\",\"position\":2,\"name\":\"La vuelta al fondo\u2026\"}]},{\"@type\":\"WebSite\",\"@id\":\"https:\\\/\\\/vamosporlaliberacion.org\\\/crpmlm\\\/#website\",\"url\":\"https:\\\/\\\/vamosporlaliberacion.org\\\/crpmlm\\\/\",\"name\":\"Vamos por la Liberaci\u00f3n\",\"description\":\"Prensa CR\",\"potentialAction\":[{\"@type\":\"SearchAction\",\"target\":{\"@type\":\"EntryPoint\",\"urlTemplate\":\"https:\\\/\\\/vamosporlaliberacion.org\\\/crpmlm\\\/?s={search_term_string}\"},\"query-input\":{\"@type\":\"PropertyValueSpecification\",\"valueRequired\":true,\"valueName\":\"search_term_string\"}}],\"inLanguage\":\"es\"},{\"@type\":\"Person\",\"@id\":\"https:\\\/\\\/vamosporlaliberacion.org\\\/crpmlm\\\/#\\\/schema\\\/person\\\/ebdbd4bf0e9418b9f0c0a93395366b2f\",\"name\":\"Prensa Vamos\",\"sameAs\":[\"http:\\\/\\\/vamposporlaliberacion.org\"],\"url\":\"http:\\\/\\\/vamosporlaliberacion.org\\\/crpmlm\\\/author\\\/editor\\\/\"}]}<\/script>\n<!-- \/ Yoast SEO plugin. -->","yoast_head_json":{"title":"La vuelta al fondo\u2026 - Vamos por la Liberaci\u00f3n","robots":{"index":"index","follow":"follow","max-snippet":"max-snippet:-1","max-image-preview":"max-image-preview:large","max-video-preview":"max-video-preview:-1"},"canonical":"https:\/\/vamosporlaliberacion.org\/crpmlm\/la-vuelta-al-fondo\/","twitter_misc":{"Escrito por":"Prensa Vamos","Tiempo de lectura":"5 minutos"},"schema":{"@context":"https:\/\/schema.org","@graph":[{"@type":"Article","@id":"https:\/\/vamosporlaliberacion.org\/crpmlm\/la-vuelta-al-fondo\/#article","isPartOf":{"@id":"https:\/\/vamosporlaliberacion.org\/crpmlm\/la-vuelta-al-fondo\/"},"author":{"name":"Prensa Vamos","@id":"https:\/\/vamosporlaliberacion.org\/crpmlm\/#\/schema\/person\/ebdbd4bf0e9418b9f0c0a93395366b2f"},"headline":"La vuelta al fondo\u2026","datePublished":"2025-04-01T17:08:19+00:00","dateModified":"2025-04-01T17:08:22+00:00","mainEntityOfPage":{"@id":"https:\/\/vamosporlaliberacion.org\/crpmlm\/la-vuelta-al-fondo\/"},"wordCount":1035,"image":{"@id":"https:\/\/vamosporlaliberacion.org\/crpmlm\/la-vuelta-al-fondo\/#primaryimage"},"thumbnailUrl":"https:\/\/i0.wp.com\/vamosporlaliberacion.org\/crpmlm\/wp-content\/uploads\/2025\/04\/Caputo-Milei-Georgieva.jpg?fit=420%2C222&ssl=1","articleSection":["Editoriales","Noticias"],"inLanguage":"es"},{"@type":"WebPage","@id":"https:\/\/vamosporlaliberacion.org\/crpmlm\/la-vuelta-al-fondo\/","url":"https:\/\/vamosporlaliberacion.org\/crpmlm\/la-vuelta-al-fondo\/","name":"La vuelta al fondo\u2026 - Vamos por la Liberaci\u00f3n","isPartOf":{"@id":"https:\/\/vamosporlaliberacion.org\/crpmlm\/#website"},"primaryImageOfPage":{"@id":"https:\/\/vamosporlaliberacion.org\/crpmlm\/la-vuelta-al-fondo\/#primaryimage"},"image":{"@id":"https:\/\/vamosporlaliberacion.org\/crpmlm\/la-vuelta-al-fondo\/#primaryimage"},"thumbnailUrl":"https:\/\/i0.wp.com\/vamosporlaliberacion.org\/crpmlm\/wp-content\/uploads\/2025\/04\/Caputo-Milei-Georgieva.jpg?fit=420%2C222&ssl=1","datePublished":"2025-04-01T17:08:19+00:00","dateModified":"2025-04-01T17:08:22+00:00","author":{"@id":"https:\/\/vamosporlaliberacion.org\/crpmlm\/#\/schema\/person\/ebdbd4bf0e9418b9f0c0a93395366b2f"},"breadcrumb":{"@id":"https:\/\/vamosporlaliberacion.org\/crpmlm\/la-vuelta-al-fondo\/#breadcrumb"},"inLanguage":"es","potentialAction":[{"@type":"ReadAction","target":["https:\/\/vamosporlaliberacion.org\/crpmlm\/la-vuelta-al-fondo\/"]}]},{"@type":"ImageObject","inLanguage":"es","@id":"https:\/\/vamosporlaliberacion.org\/crpmlm\/la-vuelta-al-fondo\/#primaryimage","url":"https:\/\/i0.wp.com\/vamosporlaliberacion.org\/crpmlm\/wp-content\/uploads\/2025\/04\/Caputo-Milei-Georgieva.jpg?fit=420%2C222&ssl=1","contentUrl":"https:\/\/i0.wp.com\/vamosporlaliberacion.org\/crpmlm\/wp-content\/uploads\/2025\/04\/Caputo-Milei-Georgieva.jpg?fit=420%2C222&ssl=1","width":420,"height":222},{"@type":"BreadcrumbList","@id":"https:\/\/vamosporlaliberacion.org\/crpmlm\/la-vuelta-al-fondo\/#breadcrumb","itemListElement":[{"@type":"ListItem","position":1,"name":"Portada","item":"https:\/\/vamosporlaliberacion.org\/crpmlm\/"},{"@type":"ListItem","position":2,"name":"La vuelta al fondo\u2026"}]},{"@type":"WebSite","@id":"https:\/\/vamosporlaliberacion.org\/crpmlm\/#website","url":"https:\/\/vamosporlaliberacion.org\/crpmlm\/","name":"Vamos por la Liberaci\u00f3n","description":"Prensa CR","potentialAction":[{"@type":"SearchAction","target":{"@type":"EntryPoint","urlTemplate":"https:\/\/vamosporlaliberacion.org\/crpmlm\/?s={search_term_string}"},"query-input":{"@type":"PropertyValueSpecification","valueRequired":true,"valueName":"search_term_string"}}],"inLanguage":"es"},{"@type":"Person","@id":"https:\/\/vamosporlaliberacion.org\/crpmlm\/#\/schema\/person\/ebdbd4bf0e9418b9f0c0a93395366b2f","name":"Prensa Vamos","sameAs":["http:\/\/vamposporlaliberacion.org"],"url":"http:\/\/vamosporlaliberacion.org\/crpmlm\/author\/editor\/"}]}},"jetpack_featured_media_url":"https:\/\/i0.wp.com\/vamosporlaliberacion.org\/crpmlm\/wp-content\/uploads\/2025\/04\/Caputo-Milei-Georgieva.jpg?fit=420%2C222&ssl=1","jetpack_sharing_enabled":true,"_links":{"self":[{"href":"http:\/\/vamosporlaliberacion.org\/crpmlm\/wp-json\/wp\/v2\/posts\/28400","targetHints":{"allow":["GET"]}}],"collection":[{"href":"http:\/\/vamosporlaliberacion.org\/crpmlm\/wp-json\/wp\/v2\/posts"}],"about":[{"href":"http:\/\/vamosporlaliberacion.org\/crpmlm\/wp-json\/wp\/v2\/types\/post"}],"author":[{"embeddable":true,"href":"http:\/\/vamosporlaliberacion.org\/crpmlm\/wp-json\/wp\/v2\/users\/9"}],"replies":[{"embeddable":true,"href":"http:\/\/vamosporlaliberacion.org\/crpmlm\/wp-json\/wp\/v2\/comments?post=28400"}],"version-history":[{"count":1,"href":"http:\/\/vamosporlaliberacion.org\/crpmlm\/wp-json\/wp\/v2\/posts\/28400\/revisions"}],"predecessor-version":[{"id":28402,"href":"http:\/\/vamosporlaliberacion.org\/crpmlm\/wp-json\/wp\/v2\/posts\/28400\/revisions\/28402"}],"wp:featuredmedia":[{"embeddable":true,"href":"http:\/\/vamosporlaliberacion.org\/crpmlm\/wp-json\/wp\/v2\/media\/28401"}],"wp:attachment":[{"href":"http:\/\/vamosporlaliberacion.org\/crpmlm\/wp-json\/wp\/v2\/media?parent=28400"}],"wp:term":[{"taxonomy":"category","embeddable":true,"href":"http:\/\/vamosporlaliberacion.org\/crpmlm\/wp-json\/wp\/v2\/categories?post=28400"},{"taxonomy":"post_tag","embeddable":true,"href":"http:\/\/vamosporlaliberacion.org\/crpmlm\/wp-json\/wp\/v2\/tags?post=28400"}],"curies":[{"name":"wp","href":"https:\/\/api.w.org\/{rel}","templated":true}]}}