{"id":28282,"date":"2025-01-21T19:27:31","date_gmt":"2025-01-21T22:27:31","guid":{"rendered":"https:\/\/vamosporlaliberacion.org\/crpmlm\/?p=28282"},"modified":"2025-01-21T19:27:34","modified_gmt":"2025-01-21T22:27:34","slug":"el-silencio-de-los-inocentes","status":"publish","type":"post","link":"http:\/\/vamosporlaliberacion.org\/crpmlm\/el-silencio-de-los-inocentes\/","title":{"rendered":"\u00bfEl silencio de los inocentes?"},"content":{"rendered":"\n<h2 class=\"wp-block-heading\"><strong>Motosierra profunda<\/strong><\/h2>\n\n\n\n<p>Milei se ufana en que ahora va por la \u201cmotosierra profunda\u201d con m\u00e1s de 3000 recortes en el Estado en su plan de achique y reformas a\u00fan pendientes entre las que se cuentan con prioridad, la profundizaci\u00f3n de la&nbsp;<strong>reforma laboral y previsional, la concreci\u00f3n de privatizaciones y la eliminaci\u00f3n del 90% de los impuestos (a los m\u00e1s ricos, claro).<\/strong> <em>\u00abVamos a seguir quitando regulaciones. Este a\u00f1o subimos 70 puestos en libertad econ\u00f3mica. Pasamos del lote de los peores 35 al medio. Y solamente aplicamos un cuarto de las reformas, todav\u00eda nos quedan 3.200 pendientes. Las vamos a ir sacando en la medida en que nos permita el Congreso\u00bb<\/em>. Justamente, de eso se trata, de \u201caliviarles la carga a los que mas tienen\u201d, porque a los de a pie le sumaron regulaciones y aumento de impuestos\u2026por eso, mucho circo con la baja de inflaci\u00f3n y riego pa\u00eds, para contraer nuevas deudas que pagaremos los de a pie.<\/p>\n\n\n\n<p><strong>Al mismo tiempo que Milei-Caputo se alinean con EEUU pero acuden a la apertura indiscriminada de la econom\u00eda con d\u00f3lar barato y mientras en el mundo se dispara la divisa horas despu\u00e9s de la asunci\u00f3n de Donald Trump, la poderosa econom\u00eda de EEUU acude al proteccionismo como acaba de anunciar el nuevo presidente.<\/strong><\/p>\n\n\n<div class=\"wp-block-image\">\n<figure class=\"aligncenter size-large is-resized\" style=\"margin-bottom:25px\"><img data-recalc-dims=\"1\" loading=\"lazy\" decoding=\"async\" width=\"663\" height=\"700\" src=\"https:\/\/i0.wp.com\/vamosporlaliberacion.org\/crpmlm\/wp-content\/uploads\/2025\/01\/MileiyBanderaYanqui-663x700.jpeg?resize=663%2C700\" alt=\"\" class=\"wp-image-28287\" style=\"width:475px;height:auto\" srcset=\"https:\/\/i0.wp.com\/vamosporlaliberacion.org\/crpmlm\/wp-content\/uploads\/2025\/01\/MileiyBanderaYanqui.jpeg?resize=663%2C700&amp;ssl=1 663w, https:\/\/i0.wp.com\/vamosporlaliberacion.org\/crpmlm\/wp-content\/uploads\/2025\/01\/MileiyBanderaYanqui.jpeg?resize=284%2C300&amp;ssl=1 284w, https:\/\/i0.wp.com\/vamosporlaliberacion.org\/crpmlm\/wp-content\/uploads\/2025\/01\/MileiyBanderaYanqui.jpeg?resize=768%2C811&amp;ssl=1 768w, https:\/\/i0.wp.com\/vamosporlaliberacion.org\/crpmlm\/wp-content\/uploads\/2025\/01\/MileiyBanderaYanqui.jpeg?resize=150%2C158&amp;ssl=1 150w, https:\/\/i0.wp.com\/vamosporlaliberacion.org\/crpmlm\/wp-content\/uploads\/2025\/01\/MileiyBanderaYanqui.jpeg?resize=300%2C317&amp;ssl=1 300w, https:\/\/i0.wp.com\/vamosporlaliberacion.org\/crpmlm\/wp-content\/uploads\/2025\/01\/MileiyBanderaYanqui.jpeg?resize=696%2C735&amp;ssl=1 696w, https:\/\/i0.wp.com\/vamosporlaliberacion.org\/crpmlm\/wp-content\/uploads\/2025\/01\/MileiyBanderaYanqui.jpeg?resize=398%2C420&amp;ssl=1 398w, https:\/\/i0.wp.com\/vamosporlaliberacion.org\/crpmlm\/wp-content\/uploads\/2025\/01\/MileiyBanderaYanqui.jpeg?w=885&amp;ssl=1 885w\" sizes=\"auto, (max-width: 663px) 100vw, 663px\" \/><\/figure>\n<\/div>\n\n\n<p>Queda demostrado que esta pol\u00edtica es a la medida de la especulaci\u00f3n internacional, la destrucci\u00f3n del pa\u00eds y la agudizaci\u00f3n de la disputa Inter-monopolista como sucede por estos d\u00edas con Techint por la apertura de importaciones de tubos sin costura provenientes de China.<\/p>\n\n\n\n<p>Las celebraciones libertarias por la baja de la inflaci\u00f3n, del riesgo pa\u00eds y del d\u00f3lar solo muestran la cara que beneficia al circulo selecto de los due\u00f1os del poder, en particular los sectores de la especulaci\u00f3n financiera.<\/p>\n\n\n\n<p>El aumento de la recaudaci\u00f3n muestra una estructura donde el Estado recauda mientras el pueblo, las Pymes y las provincias soportan el ajuste. <strong>Por ejemplo, los combustibles aumentaron 378% (muy superior a la inflaci\u00f3n anual del 117%)<\/strong> y esto es por un motivo sencillo: solo el 10,4% va a las provincias. El restante se destina&nbsp;10,40%&nbsp;al Tesoro Nacional;&nbsp;15,07%&nbsp;al Fondo Nacional de Vivienda;&nbsp;28,69%&nbsp;al Sistema \u00danico de Seguridad Social;&nbsp;4,31%&nbsp;al Fideicomiso de Infraestructura H\u00eddrica;&nbsp;28,58%&nbsp;al Fideicomiso de Infraestructura de Transporte; y&nbsp;2,55%&nbsp;a la Compensaci\u00f3n del Transporte P\u00fablico. <strong>Todo le suma ya que las \u00e1reas descriptas est\u00e1n desfinanciadas o paralizadas.<\/strong><\/p>\n\n\n\n<p>Los cortes de energ\u00eda se explican por la paralizaci\u00f3n y discontinuidad en gran medida de obras claves que podr\u00edan evitar esos cortes: se paraliz\u00f3 la planta Dioxitek que alimenta Embalse y Atucha I y II; se paraliz\u00f3 la ampliaci\u00f3n de Atucha I; se detuvo la construcci\u00f3n de CAREM-25; paraliz\u00f3 la ampliaci\u00f3n del parque t\u00e9rmico argentino, entre otras obras estrat\u00e9gicas que afectan la coyuntura y el futuro energ\u00e9tico nacional.<\/p>\n\n\n\n<p><strong>De esta manera y en todos los sectores del Estado se dibuja el super\u00e1vit, mientras la tarifa de luz aument\u00f3 en el 2024 un 500% en promedio.<\/strong><\/p>\n\n\n\n<h3 class=\"wp-block-heading\"><strong>Motosierra cultural<\/strong><strong><\/strong><\/h3>\n\n\n\n<p>Los 1400 trabajadores profesionales del \u00e1rea de salud <strong>apuntando centralmente al cierre\/par\u00e1lisis del Hospital Bonaparte y Posadas<\/strong> que se llevan adelante desde el Ministerio de Salud de la Naci\u00f3n, grafica que la reducci\u00f3n del d\u00e9ficit conlleva la <strong>base ideol\u00f3gica donde debe prevalecer lo privado sobre lo p\u00fablico y los fuertes sobre los d\u00e9biles, que no son otra cosa que \u201ccargas para la sociedad\u201d<\/strong>. Pretenden cerrar 15 direcciones y coordinaciones abocadas a enfermedades como tuberculosis y lepra y se acaban de ejecutar m\u00e1s de 250 despidos en el PAMI. <\/p>\n\n\n<div class=\"wp-block-image\">\n<figure class=\"aligncenter size-full is-resized\" style=\"margin-bottom:25px\"><img data-recalc-dims=\"1\" loading=\"lazy\" decoding=\"async\" width=\"500\" height=\"625\" src=\"https:\/\/i0.wp.com\/vamosporlaliberacion.org\/crpmlm\/wp-content\/uploads\/2025\/01\/LuchaDelBonaparte2.jpeg?resize=500%2C625&#038;ssl=1\" alt=\"\" class=\"wp-image-28288\" style=\"width:354px;height:auto\" srcset=\"https:\/\/i0.wp.com\/vamosporlaliberacion.org\/crpmlm\/wp-content\/uploads\/2025\/01\/LuchaDelBonaparte2.jpeg?w=500&amp;ssl=1 500w, https:\/\/i0.wp.com\/vamosporlaliberacion.org\/crpmlm\/wp-content\/uploads\/2025\/01\/LuchaDelBonaparte2.jpeg?resize=240%2C300&amp;ssl=1 240w, https:\/\/i0.wp.com\/vamosporlaliberacion.org\/crpmlm\/wp-content\/uploads\/2025\/01\/LuchaDelBonaparte2.jpeg?resize=150%2C188&amp;ssl=1 150w, https:\/\/i0.wp.com\/vamosporlaliberacion.org\/crpmlm\/wp-content\/uploads\/2025\/01\/LuchaDelBonaparte2.jpeg?resize=300%2C375&amp;ssl=1 300w, https:\/\/i0.wp.com\/vamosporlaliberacion.org\/crpmlm\/wp-content\/uploads\/2025\/01\/LuchaDelBonaparte2.jpeg?resize=336%2C420&amp;ssl=1 336w\" sizes=\"auto, (max-width: 500px) 100vw, 500px\" \/><figcaption class=\"wp-element-caption\">Abrazo al Hospital Bonaparte del 20 de enero 2025<\/figcaption><\/figure>\n<\/div>\n\n\n<p><strong>Pero la motosierra econ\u00f3mica, va de la mano de aquella cultural, porque para sostener un modelo que atrasa m\u00e1s de un siglo deben resetear y ganar nuevas conciencias basadas en principios individualistas, mesianismo hacia sus lideres y faltos de empat\u00eda con los que nada tienen<\/strong>. Una conciencia donde \u201clos modelos colectivos e independientes nos a\u00edslan de los valores de los poderosos\u201d, milmillonarios como esos que estuvieron en la asunci\u00f3n de Donald Trump quienes son los elegidos de manera casi divina para guiarnos \u201cen el desierto regado de populismo\u201d. <strong>Una ideolog\u00eda retorcida, occidentalista donde los pobres son, en definitiva, los responsables de su condici\u00f3n por d\u00e9biles y no saber sobreponerse a la adversidad, pero <\/strong><em><strong>\u201cr\u00e1pidos para saber aprovecharse del esfuerzo de los contribuyentes\u201d<\/strong><\/em><strong>.<\/strong><\/p>\n\n\n\n<p>As\u00ed, con esta mescolanza y fraseolog\u00eda mesi\u00e1nica, <strong>reinventan el rol del Estado, ya no como un instrumento de dominaci\u00f3n de la clase dominante, sino un \u201cprotector\u201d o \u201calimentador\u201d de vagos, pobres y \u00f1oquis.<\/strong> Pero en el mientras tanto, hacen uso de este \u201cdespreciable instrumento\u201d para servir a los intereses de ese menos del 1% de ricos que detenta el poder real y de paso sostener a su tropa \u00f1oquis neo fascistas. <\/p>\n\n\n<div class=\"wp-block-image\">\n<figure class=\"aligncenter size-large is-resized\" style=\"margin-bottom:25px\"><img data-recalc-dims=\"1\" loading=\"lazy\" decoding=\"async\" width=\"376\" height=\"700\" src=\"https:\/\/i0.wp.com\/vamosporlaliberacion.org\/crpmlm\/wp-content\/uploads\/2025\/01\/LosQueDebenPagarLaCrisis-376x700.jpeg?resize=376%2C700\" alt=\"\" class=\"wp-image-28285\" style=\"width:281px;height:auto\" srcset=\"https:\/\/i0.wp.com\/vamosporlaliberacion.org\/crpmlm\/wp-content\/uploads\/2025\/01\/LosQueDebenPagarLaCrisis.jpeg?resize=376%2C700&amp;ssl=1 376w, https:\/\/i0.wp.com\/vamosporlaliberacion.org\/crpmlm\/wp-content\/uploads\/2025\/01\/LosQueDebenPagarLaCrisis.jpeg?resize=161%2C300&amp;ssl=1 161w, https:\/\/i0.wp.com\/vamosporlaliberacion.org\/crpmlm\/wp-content\/uploads\/2025\/01\/LosQueDebenPagarLaCrisis.jpeg?resize=150%2C279&amp;ssl=1 150w, https:\/\/i0.wp.com\/vamosporlaliberacion.org\/crpmlm\/wp-content\/uploads\/2025\/01\/LosQueDebenPagarLaCrisis.jpeg?resize=300%2C558&amp;ssl=1 300w, https:\/\/i0.wp.com\/vamosporlaliberacion.org\/crpmlm\/wp-content\/uploads\/2025\/01\/LosQueDebenPagarLaCrisis.jpeg?resize=226%2C420&amp;ssl=1 226w, https:\/\/i0.wp.com\/vamosporlaliberacion.org\/crpmlm\/wp-content\/uploads\/2025\/01\/LosQueDebenPagarLaCrisis.jpeg?w=688&amp;ssl=1 688w\" sizes=\"auto, (max-width: 376px) 100vw, 376px\" \/><\/figure>\n<\/div>\n\n\n<p>El objetivo de cierre de la secretaria de DDHH arranc\u00f3 con el desmantelamiento del Centro Cultural de la Memoria Aroldo Conti y los despidos de m\u00e1s de 2400 trabajadorxs del Ministerio de Justicia. <strong>Muestras claras de que van por todo para dar vuelta una pagina de la historia que muchos pensaron que no pod\u00eda volver a ocurrir,<\/strong> <strong>como si la historia de la lucha de clases fuese de una ves y para siempre.<\/strong> Estas acciones dejan la ense\u00f1anza de que, una vez logradas conquistas para el pueblo, <strong>luego en la adversidad hay que defenderlas con los dirigentes a la cabeza o con la cabeza de los dirigentes.<\/strong><\/p>\n\n\n\n<h3 class=\"wp-block-heading\"><strong>\u00bfEl silencio de los inocentes?<\/strong><\/h3>\n\n\n\n<p>Mientras esto transcurre, algunos se preguntan porque no crecen los focos de luchas como los abrazos al Hospital Bonaparte o al Aroldo Conti\u2026<\/p>\n\n\n<div class=\"wp-block-image\">\n<figure class=\"aligncenter size-large is-resized\" style=\"margin-bottom:20px\"><img data-recalc-dims=\"1\" loading=\"lazy\" decoding=\"async\" width=\"696\" height=\"464\" src=\"https:\/\/i0.wp.com\/vamosporlaliberacion.org\/crpmlm\/wp-content\/uploads\/2025\/01\/SecretariaDerechosHumanosEsma-700x467.jpeg?resize=696%2C464\" alt=\"\" class=\"wp-image-28284\" style=\"width:559px;height:auto\" srcset=\"https:\/\/i0.wp.com\/vamosporlaliberacion.org\/crpmlm\/wp-content\/uploads\/2025\/01\/SecretariaDerechosHumanosEsma.jpeg?resize=700%2C467&amp;ssl=1 700w, https:\/\/i0.wp.com\/vamosporlaliberacion.org\/crpmlm\/wp-content\/uploads\/2025\/01\/SecretariaDerechosHumanosEsma.jpeg?resize=300%2C200&amp;ssl=1 300w, https:\/\/i0.wp.com\/vamosporlaliberacion.org\/crpmlm\/wp-content\/uploads\/2025\/01\/SecretariaDerechosHumanosEsma.jpeg?resize=150%2C100&amp;ssl=1 150w, https:\/\/i0.wp.com\/vamosporlaliberacion.org\/crpmlm\/wp-content\/uploads\/2025\/01\/SecretariaDerechosHumanosEsma.jpeg?resize=696%2C464&amp;ssl=1 696w, https:\/\/i0.wp.com\/vamosporlaliberacion.org\/crpmlm\/wp-content\/uploads\/2025\/01\/SecretariaDerechosHumanosEsma.jpeg?resize=630%2C420&amp;ssl=1 630w, https:\/\/i0.wp.com\/vamosporlaliberacion.org\/crpmlm\/wp-content\/uploads\/2025\/01\/SecretariaDerechosHumanosEsma.jpeg?w=720&amp;ssl=1 720w\" sizes=\"auto, (max-width: 696px) 100vw, 696px\" \/><\/figure>\n<\/div>\n\n\n<p>\u00bfacaso est\u00e1n avalados por el pueblo? \u00bfacaso hay acuerdo con el ajuste, con perder el laburo o ver a los viejos deambular mendigando un medicamento que nunca podr\u00e1n pagar? \u00bfacaso la crueldad se apoder\u00f3 de las conciencias? <strong>\u00a1Decididamente no, de ninguna manera!<\/strong> Aunque sin negar las particularidades generacionales que sostienen el cambio cultural promovido por el gobierno, redes y medios alineados, que pueden encontrar un justificativo que avale la cagada a palos a gente pobre o en situaci\u00f3n de calle y jubilados o la quita de medicamentos a ellos o enfermos terminales, <strong>la inmensa mayor\u00eda del pueblo no elije de manera consciente ser parte de una crueldad tan ignorante a tal punto de no querer ni a tu madre.<\/strong><\/p>\n\n\n\n<p>Es justo entonces, preguntarnos frente a esa relativa quietud o anestesia de sectores golpeados por esta pol\u00edtica, que no la votaron o est\u00e1n desilusionados, <strong>pero que no encuentran \u201cuna rama para agarrarse\u201d, por el desamparo, la desprotecci\u00f3n o el abandono<\/strong> por parte de quienes deben ocupar un lugar central por el peso que tienen en la pol\u00edtica del campo popular.<\/p>\n\n\n\n<p><strong>\u00bfQu\u00e9 rol le cabe al principal partido de la oposici\u00f3n, el PJ, ahora dirigido por Cristina Kirchner?<\/strong> \u00bfEs acaso, una buena t\u00e1ctica la que deja que el enemigo se muestre como es, para luego recoger el rechazo? En nuestro caso, con Milei, es otorgarle m\u00e1s la iniciativa de la motosierra, gana tiempo y avanza, transformando esa t\u00e1ctica err\u00f3nea en un pacto impl\u00edcito, de gobernabilidad, que desprotege a los que este adversario\/enemigo denigra con total crueldad: el pueblo.<\/p>\n\n\n\n<p><strong>\u00bfNo es el tiempo, acaso, de llamar a la desobediencia civil frente a aquellos que se llevan puesto todo, saquean las arcas del Estado, entregan al pa\u00eds y buscan gobernar sin democracia?<\/strong><\/p>\n\n\n\n<p>El silencio de los inocentes podemos ubicarlo en aquellos que ven la realidad solo por su situaci\u00f3n econ\u00f3mica, sin levantar la cabeza para ver tambi\u00e9n el bosque de la batalla pol\u00edtico cultural. <strong>Pero el silencio de lxs dirigentes nunca es inocente porque su responsabilidad es la de centralizar la lucha por la esperanza frente a tanta brutalidad organizada.<\/strong><\/p>\n\n\n\n<p>Es la de darle certezas a esos que soportan los latigazos crueles de la ultraderecha en el poder, m\u00e1s all\u00e1 de los resultados; <strong>donde por primera vez en la historia tenemos un gobierno que no inaugura hospitales, sino que los cierra y apela los fallos que exigen la entrega de medicamentos oncol\u00f3gicos dejando a merced a los enfermos y jubilados<\/strong>.<\/p>\n\n\n\n<p>\u00bfQu\u00e9 rol debe tomar la cabeza, de hecho, de la oposici\u00f3n popular frente a quienes cierran los espacios de la memoria porque reivindican el genocidio y desmantelan los organismos oficiales de DDHH porque son cuevas de zurdos\u2026?<\/p>\n\n\n\n<h3 class=\"wp-block-heading\"><strong>Recrear la esperanza<\/strong><\/h3>\n\n\n\n<p><strong>La desesperanza y la frustraci\u00f3n es la gran herramienta que siempre ha utilizado el neoliberalismo en cualquiera de sus versiones para dividir y dominar a los pueblos.<\/strong><\/p>\n\n\n\n<p>Remontar esa cuesta para recobrar esa esperanza es la gran tarea colectiva del momento en el basto campo popular. El silencio o la inacci\u00f3n solo despeja el camino a los reyes de la desesperanza. Por el contrario, plantarse y organizar la rebeld\u00eda de todas las formas que se necesite, es dotar de certezas y abrazos solidarios, contenedores y reparadores para aquellos amplios sectores castigados.<\/p>\n\n\n\n<p><strong>Organizar la esperanza implica transitar un camino colectivo, de lucha, con los nuevos brazos que surgen del \u201ccastigo infinito\u201d al que nos quiere someter este gobierno sin esperar la \u201cmano salvadora\u201d de tal o cual dirigente o dirigenta.<\/strong><\/p>\n\n\n\n<p><strong>Organizar la esperanza es abrevar en la incansable lucha de la Abuelas de Plaza de Mayo que han recuperado a la nieta n\u00famero 139 y muestran que solo est\u00e1n derrotados aquellos que se arrodillan. <\/strong><\/p>\n\n\n<div class=\"wp-block-image\">\n<figure class=\"aligncenter size-full is-resized\" style=\"margin-bottom:25px\"><img data-recalc-dims=\"1\" loading=\"lazy\" decoding=\"async\" width=\"662\" height=\"640\" src=\"https:\/\/i0.wp.com\/vamosporlaliberacion.org\/crpmlm\/wp-content\/uploads\/2025\/01\/Nieta139.jpeg?resize=662%2C640\" alt=\"\" class=\"wp-image-28283\" style=\"width:441px;height:auto\" srcset=\"https:\/\/i0.wp.com\/vamosporlaliberacion.org\/crpmlm\/wp-content\/uploads\/2025\/01\/Nieta139.jpeg?w=662&amp;ssl=1 662w, https:\/\/i0.wp.com\/vamosporlaliberacion.org\/crpmlm\/wp-content\/uploads\/2025\/01\/Nieta139.jpeg?resize=300%2C290&amp;ssl=1 300w, https:\/\/i0.wp.com\/vamosporlaliberacion.org\/crpmlm\/wp-content\/uploads\/2025\/01\/Nieta139.jpeg?resize=150%2C145&amp;ssl=1 150w, https:\/\/i0.wp.com\/vamosporlaliberacion.org\/crpmlm\/wp-content\/uploads\/2025\/01\/Nieta139.jpeg?resize=434%2C420&amp;ssl=1 434w\" sizes=\"auto, (max-width: 662px) 100vw, 662px\" \/><\/figure>\n<\/div>\n\n\n<p>La tarea de todas aquellas expresiones subjetivas revolucionarias, democr\u00e1ticas, antimperialistas, feministas y ecologistas que hoy gravitan en esas luchas que mantienen encendidas las brasas de la rebeli\u00f3n, pasa por encender los fuegos que arrasen con tanta crueldad organizada.<br><\/p>\n<!-- AddThis Advanced Settings generic via filter on the_content --><!-- AddThis Share Buttons generic via filter on the_content -->","protected":false},"excerpt":{"rendered":"<p>Motosierra profunda Milei se ufana en que ahora va por la \u201cmotosierra profunda\u201d con m\u00e1s de 3000 recortes en el Estado en su plan de achique y reformas a\u00fan pendientes entre las que se cuentan con prioridad, la profundizaci\u00f3n de la&nbsp;reforma laboral y previsional, la concreci\u00f3n de privatizaciones y la eliminaci\u00f3n del 90% de los [&hellip;]<!-- AddThis Advanced Settings generic via filter on get_the_excerpt --><!-- AddThis Share Buttons generic via filter on get_the_excerpt --><\/p>\n","protected":false},"author":9,"featured_media":28286,"comment_status":"closed","ping_status":"closed","sticky":false,"template":"","format":"standard","meta":{"_jetpack_memberships_contains_paid_content":false,"footnotes":""},"categories":[1881],"tags":[],"class_list":{"0":"post-28282","1":"post","2":"type-post","3":"status-publish","4":"format-standard","5":"has-post-thumbnail","7":"category-editoriales"},"yoast_head":"<!-- This site is optimized with the Yoast SEO plugin v27.4 - https:\/\/yoast.com\/product\/yoast-seo-wordpress\/ -->\n<title>\u00bfEl silencio de los inocentes? - Vamos por la Liberaci\u00f3n<\/title>\n<meta name=\"robots\" content=\"index, follow, max-snippet:-1, max-image-preview:large, max-video-preview:-1\" \/>\n<link rel=\"canonical\" href=\"https:\/\/vamosporlaliberacion.org\/crpmlm\/el-silencio-de-los-inocentes\/\" \/>\n<meta name=\"twitter:label1\" content=\"Escrito por\" \/>\n\t<meta name=\"twitter:data1\" content=\"Prensa Vamos\" \/>\n\t<meta name=\"twitter:label2\" content=\"Tiempo de lectura\" \/>\n\t<meta name=\"twitter:data2\" content=\"9 minutos\" \/>\n<script type=\"application\/ld+json\" class=\"yoast-schema-graph\">{\"@context\":\"https:\\\/\\\/schema.org\",\"@graph\":[{\"@type\":\"Article\",\"@id\":\"https:\\\/\\\/vamosporlaliberacion.org\\\/crpmlm\\\/el-silencio-de-los-inocentes\\\/#article\",\"isPartOf\":{\"@id\":\"https:\\\/\\\/vamosporlaliberacion.org\\\/crpmlm\\\/el-silencio-de-los-inocentes\\\/\"},\"author\":{\"name\":\"Prensa Vamos\",\"@id\":\"https:\\\/\\\/vamosporlaliberacion.org\\\/crpmlm\\\/#\\\/schema\\\/person\\\/ebdbd4bf0e9418b9f0c0a93395366b2f\"},\"headline\":\"\u00bfEl silencio de los inocentes?\",\"datePublished\":\"2025-01-21T22:27:31+00:00\",\"dateModified\":\"2025-01-21T22:27:34+00:00\",\"mainEntityOfPage\":{\"@id\":\"https:\\\/\\\/vamosporlaliberacion.org\\\/crpmlm\\\/el-silencio-de-los-inocentes\\\/\"},\"wordCount\":1658,\"image\":{\"@id\":\"https:\\\/\\\/vamosporlaliberacion.org\\\/crpmlm\\\/el-silencio-de-los-inocentes\\\/#primaryimage\"},\"thumbnailUrl\":\"https:\\\/\\\/i0.wp.com\\\/vamosporlaliberacion.org\\\/crpmlm\\\/wp-content\\\/uploads\\\/2025\\\/01\\\/LuchaDelBonaparte1.jpeg?fit=1200%2C630&ssl=1\",\"articleSection\":[\"Editoriales\"],\"inLanguage\":\"es\"},{\"@type\":\"WebPage\",\"@id\":\"https:\\\/\\\/vamosporlaliberacion.org\\\/crpmlm\\\/el-silencio-de-los-inocentes\\\/\",\"url\":\"https:\\\/\\\/vamosporlaliberacion.org\\\/crpmlm\\\/el-silencio-de-los-inocentes\\\/\",\"name\":\"\u00bfEl silencio de los inocentes? - Vamos por la Liberaci\u00f3n\",\"isPartOf\":{\"@id\":\"https:\\\/\\\/vamosporlaliberacion.org\\\/crpmlm\\\/#website\"},\"primaryImageOfPage\":{\"@id\":\"https:\\\/\\\/vamosporlaliberacion.org\\\/crpmlm\\\/el-silencio-de-los-inocentes\\\/#primaryimage\"},\"image\":{\"@id\":\"https:\\\/\\\/vamosporlaliberacion.org\\\/crpmlm\\\/el-silencio-de-los-inocentes\\\/#primaryimage\"},\"thumbnailUrl\":\"https:\\\/\\\/i0.wp.com\\\/vamosporlaliberacion.org\\\/crpmlm\\\/wp-content\\\/uploads\\\/2025\\\/01\\\/LuchaDelBonaparte1.jpeg?fit=1200%2C630&ssl=1\",\"datePublished\":\"2025-01-21T22:27:31+00:00\",\"dateModified\":\"2025-01-21T22:27:34+00:00\",\"author\":{\"@id\":\"https:\\\/\\\/vamosporlaliberacion.org\\\/crpmlm\\\/#\\\/schema\\\/person\\\/ebdbd4bf0e9418b9f0c0a93395366b2f\"},\"breadcrumb\":{\"@id\":\"https:\\\/\\\/vamosporlaliberacion.org\\\/crpmlm\\\/el-silencio-de-los-inocentes\\\/#breadcrumb\"},\"inLanguage\":\"es\",\"potentialAction\":[{\"@type\":\"ReadAction\",\"target\":[\"https:\\\/\\\/vamosporlaliberacion.org\\\/crpmlm\\\/el-silencio-de-los-inocentes\\\/\"]}]},{\"@type\":\"ImageObject\",\"inLanguage\":\"es\",\"@id\":\"https:\\\/\\\/vamosporlaliberacion.org\\\/crpmlm\\\/el-silencio-de-los-inocentes\\\/#primaryimage\",\"url\":\"https:\\\/\\\/i0.wp.com\\\/vamosporlaliberacion.org\\\/crpmlm\\\/wp-content\\\/uploads\\\/2025\\\/01\\\/LuchaDelBonaparte1.jpeg?fit=1200%2C630&ssl=1\",\"contentUrl\":\"https:\\\/\\\/i0.wp.com\\\/vamosporlaliberacion.org\\\/crpmlm\\\/wp-content\\\/uploads\\\/2025\\\/01\\\/LuchaDelBonaparte1.jpeg?fit=1200%2C630&ssl=1\",\"width\":1200,\"height\":630},{\"@type\":\"BreadcrumbList\",\"@id\":\"https:\\\/\\\/vamosporlaliberacion.org\\\/crpmlm\\\/el-silencio-de-los-inocentes\\\/#breadcrumb\",\"itemListElement\":[{\"@type\":\"ListItem\",\"position\":1,\"name\":\"Portada\",\"item\":\"https:\\\/\\\/vamosporlaliberacion.org\\\/crpmlm\\\/\"},{\"@type\":\"ListItem\",\"position\":2,\"name\":\"\u00bfEl silencio de los inocentes?\"}]},{\"@type\":\"WebSite\",\"@id\":\"https:\\\/\\\/vamosporlaliberacion.org\\\/crpmlm\\\/#website\",\"url\":\"https:\\\/\\\/vamosporlaliberacion.org\\\/crpmlm\\\/\",\"name\":\"Vamos por la Liberaci\u00f3n\",\"description\":\"Prensa CR\",\"potentialAction\":[{\"@type\":\"SearchAction\",\"target\":{\"@type\":\"EntryPoint\",\"urlTemplate\":\"https:\\\/\\\/vamosporlaliberacion.org\\\/crpmlm\\\/?s={search_term_string}\"},\"query-input\":{\"@type\":\"PropertyValueSpecification\",\"valueRequired\":true,\"valueName\":\"search_term_string\"}}],\"inLanguage\":\"es\"},{\"@type\":\"Person\",\"@id\":\"https:\\\/\\\/vamosporlaliberacion.org\\\/crpmlm\\\/#\\\/schema\\\/person\\\/ebdbd4bf0e9418b9f0c0a93395366b2f\",\"name\":\"Prensa Vamos\",\"sameAs\":[\"http:\\\/\\\/vamposporlaliberacion.org\"],\"url\":\"http:\\\/\\\/vamosporlaliberacion.org\\\/crpmlm\\\/author\\\/editor\\\/\"}]}<\/script>\n<!-- \/ Yoast SEO plugin. -->","yoast_head_json":{"title":"\u00bfEl silencio de los inocentes? - Vamos por la Liberaci\u00f3n","robots":{"index":"index","follow":"follow","max-snippet":"max-snippet:-1","max-image-preview":"max-image-preview:large","max-video-preview":"max-video-preview:-1"},"canonical":"https:\/\/vamosporlaliberacion.org\/crpmlm\/el-silencio-de-los-inocentes\/","twitter_misc":{"Escrito por":"Prensa Vamos","Tiempo de lectura":"9 minutos"},"schema":{"@context":"https:\/\/schema.org","@graph":[{"@type":"Article","@id":"https:\/\/vamosporlaliberacion.org\/crpmlm\/el-silencio-de-los-inocentes\/#article","isPartOf":{"@id":"https:\/\/vamosporlaliberacion.org\/crpmlm\/el-silencio-de-los-inocentes\/"},"author":{"name":"Prensa Vamos","@id":"https:\/\/vamosporlaliberacion.org\/crpmlm\/#\/schema\/person\/ebdbd4bf0e9418b9f0c0a93395366b2f"},"headline":"\u00bfEl silencio de los inocentes?","datePublished":"2025-01-21T22:27:31+00:00","dateModified":"2025-01-21T22:27:34+00:00","mainEntityOfPage":{"@id":"https:\/\/vamosporlaliberacion.org\/crpmlm\/el-silencio-de-los-inocentes\/"},"wordCount":1658,"image":{"@id":"https:\/\/vamosporlaliberacion.org\/crpmlm\/el-silencio-de-los-inocentes\/#primaryimage"},"thumbnailUrl":"https:\/\/i0.wp.com\/vamosporlaliberacion.org\/crpmlm\/wp-content\/uploads\/2025\/01\/LuchaDelBonaparte1.jpeg?fit=1200%2C630&ssl=1","articleSection":["Editoriales"],"inLanguage":"es"},{"@type":"WebPage","@id":"https:\/\/vamosporlaliberacion.org\/crpmlm\/el-silencio-de-los-inocentes\/","url":"https:\/\/vamosporlaliberacion.org\/crpmlm\/el-silencio-de-los-inocentes\/","name":"\u00bfEl silencio de los inocentes? - Vamos por la Liberaci\u00f3n","isPartOf":{"@id":"https:\/\/vamosporlaliberacion.org\/crpmlm\/#website"},"primaryImageOfPage":{"@id":"https:\/\/vamosporlaliberacion.org\/crpmlm\/el-silencio-de-los-inocentes\/#primaryimage"},"image":{"@id":"https:\/\/vamosporlaliberacion.org\/crpmlm\/el-silencio-de-los-inocentes\/#primaryimage"},"thumbnailUrl":"https:\/\/i0.wp.com\/vamosporlaliberacion.org\/crpmlm\/wp-content\/uploads\/2025\/01\/LuchaDelBonaparte1.jpeg?fit=1200%2C630&ssl=1","datePublished":"2025-01-21T22:27:31+00:00","dateModified":"2025-01-21T22:27:34+00:00","author":{"@id":"https:\/\/vamosporlaliberacion.org\/crpmlm\/#\/schema\/person\/ebdbd4bf0e9418b9f0c0a93395366b2f"},"breadcrumb":{"@id":"https:\/\/vamosporlaliberacion.org\/crpmlm\/el-silencio-de-los-inocentes\/#breadcrumb"},"inLanguage":"es","potentialAction":[{"@type":"ReadAction","target":["https:\/\/vamosporlaliberacion.org\/crpmlm\/el-silencio-de-los-inocentes\/"]}]},{"@type":"ImageObject","inLanguage":"es","@id":"https:\/\/vamosporlaliberacion.org\/crpmlm\/el-silencio-de-los-inocentes\/#primaryimage","url":"https:\/\/i0.wp.com\/vamosporlaliberacion.org\/crpmlm\/wp-content\/uploads\/2025\/01\/LuchaDelBonaparte1.jpeg?fit=1200%2C630&ssl=1","contentUrl":"https:\/\/i0.wp.com\/vamosporlaliberacion.org\/crpmlm\/wp-content\/uploads\/2025\/01\/LuchaDelBonaparte1.jpeg?fit=1200%2C630&ssl=1","width":1200,"height":630},{"@type":"BreadcrumbList","@id":"https:\/\/vamosporlaliberacion.org\/crpmlm\/el-silencio-de-los-inocentes\/#breadcrumb","itemListElement":[{"@type":"ListItem","position":1,"name":"Portada","item":"https:\/\/vamosporlaliberacion.org\/crpmlm\/"},{"@type":"ListItem","position":2,"name":"\u00bfEl silencio de los inocentes?"}]},{"@type":"WebSite","@id":"https:\/\/vamosporlaliberacion.org\/crpmlm\/#website","url":"https:\/\/vamosporlaliberacion.org\/crpmlm\/","name":"Vamos por la Liberaci\u00f3n","description":"Prensa CR","potentialAction":[{"@type":"SearchAction","target":{"@type":"EntryPoint","urlTemplate":"https:\/\/vamosporlaliberacion.org\/crpmlm\/?s={search_term_string}"},"query-input":{"@type":"PropertyValueSpecification","valueRequired":true,"valueName":"search_term_string"}}],"inLanguage":"es"},{"@type":"Person","@id":"https:\/\/vamosporlaliberacion.org\/crpmlm\/#\/schema\/person\/ebdbd4bf0e9418b9f0c0a93395366b2f","name":"Prensa Vamos","sameAs":["http:\/\/vamposporlaliberacion.org"],"url":"http:\/\/vamosporlaliberacion.org\/crpmlm\/author\/editor\/"}]}},"jetpack_featured_media_url":"https:\/\/i0.wp.com\/vamosporlaliberacion.org\/crpmlm\/wp-content\/uploads\/2025\/01\/LuchaDelBonaparte1.jpeg?fit=1200%2C630&ssl=1","jetpack_sharing_enabled":true,"_links":{"self":[{"href":"http:\/\/vamosporlaliberacion.org\/crpmlm\/wp-json\/wp\/v2\/posts\/28282","targetHints":{"allow":["GET"]}}],"collection":[{"href":"http:\/\/vamosporlaliberacion.org\/crpmlm\/wp-json\/wp\/v2\/posts"}],"about":[{"href":"http:\/\/vamosporlaliberacion.org\/crpmlm\/wp-json\/wp\/v2\/types\/post"}],"author":[{"embeddable":true,"href":"http:\/\/vamosporlaliberacion.org\/crpmlm\/wp-json\/wp\/v2\/users\/9"}],"replies":[{"embeddable":true,"href":"http:\/\/vamosporlaliberacion.org\/crpmlm\/wp-json\/wp\/v2\/comments?post=28282"}],"version-history":[{"count":1,"href":"http:\/\/vamosporlaliberacion.org\/crpmlm\/wp-json\/wp\/v2\/posts\/28282\/revisions"}],"predecessor-version":[{"id":28289,"href":"http:\/\/vamosporlaliberacion.org\/crpmlm\/wp-json\/wp\/v2\/posts\/28282\/revisions\/28289"}],"wp:featuredmedia":[{"embeddable":true,"href":"http:\/\/vamosporlaliberacion.org\/crpmlm\/wp-json\/wp\/v2\/media\/28286"}],"wp:attachment":[{"href":"http:\/\/vamosporlaliberacion.org\/crpmlm\/wp-json\/wp\/v2\/media?parent=28282"}],"wp:term":[{"taxonomy":"category","embeddable":true,"href":"http:\/\/vamosporlaliberacion.org\/crpmlm\/wp-json\/wp\/v2\/categories?post=28282"},{"taxonomy":"post_tag","embeddable":true,"href":"http:\/\/vamosporlaliberacion.org\/crpmlm\/wp-json\/wp\/v2\/tags?post=28282"}],"curies":[{"name":"wp","href":"https:\/\/api.w.org\/{rel}","templated":true}]}}