{"id":28248,"date":"2024-12-19T10:43:25","date_gmt":"2024-12-19T13:43:25","guid":{"rendered":"http:\/\/vamosporlaliberacion.org\/crpmlm\/?p=28248"},"modified":"2024-12-19T10:45:00","modified_gmt":"2024-12-19T13:45:00","slug":"del-argentinazo-a-la-asamblea-constituyente-soberana","status":"publish","type":"post","link":"http:\/\/vamosporlaliberacion.org\/crpmlm\/del-argentinazo-a-la-asamblea-constituyente-soberana\/","title":{"rendered":"Del Argentinazo a la Asamblea Constituyente Soberana"},"content":{"rendered":"\n<h3 class=\"wp-block-heading\">A prop\u00f3sito de un nuevo aniversario de ese camino vigente.<\/h3>\n\n\n\n<p>Me dispon\u00eda, una vez m\u00e1s, a escribir sobre aquellos hist\u00f3ricos d\u00edas del Argentinazo del 2001 cuando volv\u00ed sobre mi nota de diciembre del 2023, luego del triunfo de Javier Milei, y la verdad que vi la vigencia que tiene aun esa nota de hace un a\u00f1o. Solo podr\u00eda agregar y \u201cpulir\u201d algunos conceptos que escrib\u00ed y que hace al titulo de esta introducci\u00f3n a aquella nota que pongo m\u00e1s abajo.<\/p>\n\n\n\n<p><strong>Creo que vale la pena leer esa nota (o releerla seg\u00fan el caso). No por un auto ego, sino por la vigencia del an\u00e1lisis<\/strong>.  Vale agregar, a un a\u00f1o de la asunci\u00f3n de Milei, que aquello que enunciaba respecto a lo que se dispon\u00eda a hacer la ultraderecha, lo ha superado con creces. El despojo y el castigo infinito a los jubilados que sostienen el 24% de recorte del PBI, o la desidia sobre los que nada tienen a los que se les quita la comida, unidades de ejecuci\u00f3n o planes y soportan el \u201ccartel cultural\u201d de \u201cplaneros\u201d o vagos; para los que se arm\u00f3 un protocolo especial para reprimirlos y criminalizarlos. O los estatales que bajo el mote de \u201c\u00f1oquis militantes\u201d o \u201cviven de la nuestra\u201d dejaron decenas de miles en la calle, cerrando ministerios y \u00e1reas enteras porque \u201cest\u00e1n de m\u00e1s y agrandan el d\u00e9ficit\u201d<strong>. Cada medida econ\u00f3mica va acompa\u00f1ada de un slogan de la llamada \u201cbatalla cultural\u201d de un neofascismo desembozado.<\/strong><\/p>\n\n\n\n<p>A la par de esto, y desde aquel diciembre de 2023, los ricos engordaron sus bolsillos de manera obscena, mientras la pobreza llegar\u00eda al 54% seg\u00fan datos oficiales, (no de la realidad en las barriadas y villas). Desde aquel diciembre millones se cayeron de la clase media para engrosar el terreno de la pobreza y millones se cayeron de la pobreza a la indigencia. Hubo luchas y las habr\u00e1. Hubo dos paros de la CGT (arrancado desde abajo), para luego negociar y traicionar\u2026una vez m\u00e1s. Hubo gigantesca lucha de la comunidad educativa, donde decenas de miles de j\u00f3venes muestran que hay reservas que defiende la educaci\u00f3n publica y lo nuestro frente al atropello brutal del gobierno. Hubo DNU y Ley Bases, donde se viola la Constituci\u00f3n y se regala, lisa y llana nuestra soberan\u00eda al mejor postor.<\/p>\n\n\n\n<p>Pero hubo luchas como la de los jubilados, poco acompa\u00f1ads, pero no para y hacen frente a la represi\u00f3n y la ignominia a la que son sometidos. Y hay una crisis en la oposici\u00f3n del campo popular que no encuentra el rumbo, principalmente desde el peronismo, <strong>donde sus principales dirigentes y corrientes han dado cuenta de sobra que no est\u00e1n dispuestos a romper con el statu quo que domina la econom\u00eda <\/strong>e insisten en los acuerdos de c\u00fapulas. Solo se limitan a mantener su confrontaci\u00f3n dentro de las instituciones y se sacan \u201cfotos que atrasan\u201d con miras a las elecciones de medio termino en el 2025. <\/p>\n\n\n\n<p>As\u00ed, de esta manera, solo le dan mas chances al oficialismo que cabalga sobre el \u201cveranito de la macro econom\u00eda\u201d que, ayudado por los medios, hacen creer que vamos por buen camino.<\/p>\n\n\n\n<p><strong>Statu quo donde los \u201celefantes blancos\u201d como Vaca Muerta, la megaminer\u00eda, la sojizacion, el pago de una deuda usuraria, el litio y hasta \u201cinversiones\u201d off shore en para\u00edsos fiscales, son la verdadera base que da sustento a una realidad estructural, dependiente lejos, muy lejos de una econom\u00eda soberana.<\/strong><\/p>\n\n\n\n<p>Entonces, aqu\u00ed podemos encontrar a una oposici\u00f3n que no est\u00e1 a la altura del grado de deberes que est\u00e1n planteados, ya sea por acci\u00f3n y parte del problema, o por omisi\u00f3n marcada en sus limitaciones de clase.<\/p>\n\n\n\n<p><strong>Lejos est\u00e1n de llamar y trabajar para la rebeli\u00f3n popular que termine con esta pol\u00edtica y este gobierno en camino a romper esos consensos<\/strong>.   La rebeli\u00f3n popular es el camino, como marca la historia, porque une a los de abajo y divide a los de arriba. La quietud es lo contrario en tiempos de desesperanza y ajustes, une a los de arriba y divide a los de abajo.<\/p>\n\n\n\n<p>Trabajar para la rebeli\u00f3n popular y que el 2025 venga cargado de luchas, va ser la se\u00f1al de la contraofensiva popular que haga tronar el escarmiento, donde los sectores populares, antiimperialistas, democr\u00e1ticos, anti-terratenientes, feministas, ecologistas y revolucionarios puedan abrirse paso dirigiendo a todos los sectores del campo popular, donde tambi\u00e9n se encuentran esas corrientes del peronismo que hablaba m\u00e1s arriba, pero ya no dirigiendo el proceso porque ya hicieron su experiencia y pagamos por no ir a fondo en la ruptura del \u201cconsenso extractivista- dependiente\u201d.<\/p>\n\n\n\n<p><strong><em>Una rebeli\u00f3n popular con otros y muchos argentinazos, que imponga el acuerdo para un programa estructural verdaderamente popular plasmado en una Asamblea Constituyente plenamente soberana con el pueblo en las calles como garante de ese programa<\/em><\/strong>. <strong>Sin dudas el mejor homenaje a aquella gesta del 2001 de la que 39 ciudadanos del pueblo dieron la vida, es volver a repetirla, pero con una salida a favor de la inmensa mayor\u00eda de los pueblos que habitan nuestro suelo. <\/strong><\/p>\n\n\n\n<p class=\"has-text-align-right\"><em>Gustavo Funes<\/em><\/p>\n\n\n\n<p class=\"has-text-align-right\" style=\"margin-top:-25px\"><em>19 de diciembre de 2024.<\/em><\/p>\n\n\n\n<h3 class=\"wp-block-heading\">Link de la nota del 2023 <\/h3>\n\n\n\n<p><a href=\"http:\/\/vamosporlaliberacion.org\/crpmlm\/argentinazo-22-anios\/\" target=\"_blank\" rel=\"noreferrer noopener\">http:\/\/vamosporlaliberacion.org\/crpmlm\/argentinazo-22-anios\/<\/a><\/p>\n\n\n\n<p><\/p>\n<!-- AddThis Advanced Settings generic via filter on the_content --><!-- AddThis Share Buttons generic via filter on the_content -->","protected":false},"excerpt":{"rendered":"<p>A prop\u00f3sito de un nuevo aniversario de ese camino vigente. Me dispon\u00eda, una vez m\u00e1s, a escribir sobre aquellos hist\u00f3ricos d\u00edas del Argentinazo del 2001 cuando volv\u00ed sobre mi nota de diciembre del 2023, luego del triunfo de Javier Milei, y la verdad que vi la vigencia que tiene aun esa nota de hace un [&hellip;]<!-- AddThis Advanced Settings generic via filter on get_the_excerpt --><!-- AddThis Share Buttons generic via filter on get_the_excerpt --><\/p>\n","protected":false},"author":9,"featured_media":28249,"comment_status":"closed","ping_status":"closed","sticky":false,"template":"","format":"standard","meta":{"_jetpack_memberships_contains_paid_content":false,"footnotes":""},"categories":[1881],"tags":[],"class_list":{"0":"post-28248","1":"post","2":"type-post","3":"status-publish","4":"format-standard","5":"has-post-thumbnail","7":"category-editoriales"},"yoast_head":"<!-- This site is optimized with the Yoast SEO plugin v27.4 - https:\/\/yoast.com\/product\/yoast-seo-wordpress\/ -->\n<title>Del Argentinazo a la Asamblea Constituyente Soberana - Vamos por la Liberaci\u00f3n<\/title>\n<meta name=\"description\" content=\"A prop\u00f3sito de un nuevo aniversario de ese camino vigente.\" \/>\n<meta name=\"robots\" content=\"index, follow, max-snippet:-1, max-image-preview:large, max-video-preview:-1\" \/>\n<link rel=\"canonical\" href=\"https:\/\/vamosporlaliberacion.org\/crpmlm\/del-argentinazo-a-la-asamblea-constituyente-soberana\/\" \/>\n<meta name=\"twitter:label1\" content=\"Escrito por\" \/>\n\t<meta name=\"twitter:data1\" content=\"Prensa Vamos\" \/>\n\t<meta name=\"twitter:label2\" content=\"Tiempo de lectura\" \/>\n\t<meta name=\"twitter:data2\" content=\"5 minutos\" \/>\n<script type=\"application\/ld+json\" class=\"yoast-schema-graph\">{\"@context\":\"https:\\\/\\\/schema.org\",\"@graph\":[{\"@type\":\"Article\",\"@id\":\"https:\\\/\\\/vamosporlaliberacion.org\\\/crpmlm\\\/del-argentinazo-a-la-asamblea-constituyente-soberana\\\/#article\",\"isPartOf\":{\"@id\":\"https:\\\/\\\/vamosporlaliberacion.org\\\/crpmlm\\\/del-argentinazo-a-la-asamblea-constituyente-soberana\\\/\"},\"author\":{\"name\":\"Prensa Vamos\",\"@id\":\"https:\\\/\\\/vamosporlaliberacion.org\\\/crpmlm\\\/#\\\/schema\\\/person\\\/ebdbd4bf0e9418b9f0c0a93395366b2f\"},\"headline\":\"Del Argentinazo a la Asamblea Constituyente Soberana\",\"datePublished\":\"2024-12-19T13:43:25+00:00\",\"dateModified\":\"2024-12-19T13:45:00+00:00\",\"mainEntityOfPage\":{\"@id\":\"https:\\\/\\\/vamosporlaliberacion.org\\\/crpmlm\\\/del-argentinazo-a-la-asamblea-constituyente-soberana\\\/\"},\"wordCount\":902,\"image\":{\"@id\":\"https:\\\/\\\/vamosporlaliberacion.org\\\/crpmlm\\\/del-argentinazo-a-la-asamblea-constituyente-soberana\\\/#primaryimage\"},\"thumbnailUrl\":\"https:\\\/\\\/i0.wp.com\\\/vamosporlaliberacion.org\\\/crpmlm\\\/wp-content\\\/uploads\\\/2024\\\/12\\\/IMG-20241219-WA0003.jpg?fit=567%2C325&ssl=1\",\"articleSection\":[\"Editoriales\"],\"inLanguage\":\"es\"},{\"@type\":\"WebPage\",\"@id\":\"https:\\\/\\\/vamosporlaliberacion.org\\\/crpmlm\\\/del-argentinazo-a-la-asamblea-constituyente-soberana\\\/\",\"url\":\"https:\\\/\\\/vamosporlaliberacion.org\\\/crpmlm\\\/del-argentinazo-a-la-asamblea-constituyente-soberana\\\/\",\"name\":\"Del Argentinazo a la Asamblea Constituyente Soberana - Vamos por la Liberaci\u00f3n\",\"isPartOf\":{\"@id\":\"https:\\\/\\\/vamosporlaliberacion.org\\\/crpmlm\\\/#website\"},\"primaryImageOfPage\":{\"@id\":\"https:\\\/\\\/vamosporlaliberacion.org\\\/crpmlm\\\/del-argentinazo-a-la-asamblea-constituyente-soberana\\\/#primaryimage\"},\"image\":{\"@id\":\"https:\\\/\\\/vamosporlaliberacion.org\\\/crpmlm\\\/del-argentinazo-a-la-asamblea-constituyente-soberana\\\/#primaryimage\"},\"thumbnailUrl\":\"https:\\\/\\\/i0.wp.com\\\/vamosporlaliberacion.org\\\/crpmlm\\\/wp-content\\\/uploads\\\/2024\\\/12\\\/IMG-20241219-WA0003.jpg?fit=567%2C325&ssl=1\",\"datePublished\":\"2024-12-19T13:43:25+00:00\",\"dateModified\":\"2024-12-19T13:45:00+00:00\",\"author\":{\"@id\":\"https:\\\/\\\/vamosporlaliberacion.org\\\/crpmlm\\\/#\\\/schema\\\/person\\\/ebdbd4bf0e9418b9f0c0a93395366b2f\"},\"description\":\"A prop\u00f3sito de un nuevo aniversario de ese camino vigente.\",\"breadcrumb\":{\"@id\":\"https:\\\/\\\/vamosporlaliberacion.org\\\/crpmlm\\\/del-argentinazo-a-la-asamblea-constituyente-soberana\\\/#breadcrumb\"},\"inLanguage\":\"es\",\"potentialAction\":[{\"@type\":\"ReadAction\",\"target\":[\"https:\\\/\\\/vamosporlaliberacion.org\\\/crpmlm\\\/del-argentinazo-a-la-asamblea-constituyente-soberana\\\/\"]}]},{\"@type\":\"ImageObject\",\"inLanguage\":\"es\",\"@id\":\"https:\\\/\\\/vamosporlaliberacion.org\\\/crpmlm\\\/del-argentinazo-a-la-asamblea-constituyente-soberana\\\/#primaryimage\",\"url\":\"https:\\\/\\\/i0.wp.com\\\/vamosporlaliberacion.org\\\/crpmlm\\\/wp-content\\\/uploads\\\/2024\\\/12\\\/IMG-20241219-WA0003.jpg?fit=567%2C325&ssl=1\",\"contentUrl\":\"https:\\\/\\\/i0.wp.com\\\/vamosporlaliberacion.org\\\/crpmlm\\\/wp-content\\\/uploads\\\/2024\\\/12\\\/IMG-20241219-WA0003.jpg?fit=567%2C325&ssl=1\",\"width\":567,\"height\":325},{\"@type\":\"BreadcrumbList\",\"@id\":\"https:\\\/\\\/vamosporlaliberacion.org\\\/crpmlm\\\/del-argentinazo-a-la-asamblea-constituyente-soberana\\\/#breadcrumb\",\"itemListElement\":[{\"@type\":\"ListItem\",\"position\":1,\"name\":\"Portada\",\"item\":\"https:\\\/\\\/vamosporlaliberacion.org\\\/crpmlm\\\/\"},{\"@type\":\"ListItem\",\"position\":2,\"name\":\"Del Argentinazo a la Asamblea Constituyente Soberana\"}]},{\"@type\":\"WebSite\",\"@id\":\"https:\\\/\\\/vamosporlaliberacion.org\\\/crpmlm\\\/#website\",\"url\":\"https:\\\/\\\/vamosporlaliberacion.org\\\/crpmlm\\\/\",\"name\":\"Vamos por la Liberaci\u00f3n\",\"description\":\"Prensa CR\",\"potentialAction\":[{\"@type\":\"SearchAction\",\"target\":{\"@type\":\"EntryPoint\",\"urlTemplate\":\"https:\\\/\\\/vamosporlaliberacion.org\\\/crpmlm\\\/?s={search_term_string}\"},\"query-input\":{\"@type\":\"PropertyValueSpecification\",\"valueRequired\":true,\"valueName\":\"search_term_string\"}}],\"inLanguage\":\"es\"},{\"@type\":\"Person\",\"@id\":\"https:\\\/\\\/vamosporlaliberacion.org\\\/crpmlm\\\/#\\\/schema\\\/person\\\/ebdbd4bf0e9418b9f0c0a93395366b2f\",\"name\":\"Prensa Vamos\",\"sameAs\":[\"http:\\\/\\\/vamposporlaliberacion.org\"],\"url\":\"http:\\\/\\\/vamosporlaliberacion.org\\\/crpmlm\\\/author\\\/editor\\\/\"}]}<\/script>\n<!-- \/ Yoast SEO plugin. -->","yoast_head_json":{"title":"Del Argentinazo a la Asamblea Constituyente Soberana - Vamos por la Liberaci\u00f3n","description":"A prop\u00f3sito de un nuevo aniversario de ese camino vigente.","robots":{"index":"index","follow":"follow","max-snippet":"max-snippet:-1","max-image-preview":"max-image-preview:large","max-video-preview":"max-video-preview:-1"},"canonical":"https:\/\/vamosporlaliberacion.org\/crpmlm\/del-argentinazo-a-la-asamblea-constituyente-soberana\/","twitter_misc":{"Escrito por":"Prensa Vamos","Tiempo de lectura":"5 minutos"},"schema":{"@context":"https:\/\/schema.org","@graph":[{"@type":"Article","@id":"https:\/\/vamosporlaliberacion.org\/crpmlm\/del-argentinazo-a-la-asamblea-constituyente-soberana\/#article","isPartOf":{"@id":"https:\/\/vamosporlaliberacion.org\/crpmlm\/del-argentinazo-a-la-asamblea-constituyente-soberana\/"},"author":{"name":"Prensa Vamos","@id":"https:\/\/vamosporlaliberacion.org\/crpmlm\/#\/schema\/person\/ebdbd4bf0e9418b9f0c0a93395366b2f"},"headline":"Del Argentinazo a la Asamblea Constituyente Soberana","datePublished":"2024-12-19T13:43:25+00:00","dateModified":"2024-12-19T13:45:00+00:00","mainEntityOfPage":{"@id":"https:\/\/vamosporlaliberacion.org\/crpmlm\/del-argentinazo-a-la-asamblea-constituyente-soberana\/"},"wordCount":902,"image":{"@id":"https:\/\/vamosporlaliberacion.org\/crpmlm\/del-argentinazo-a-la-asamblea-constituyente-soberana\/#primaryimage"},"thumbnailUrl":"https:\/\/i0.wp.com\/vamosporlaliberacion.org\/crpmlm\/wp-content\/uploads\/2024\/12\/IMG-20241219-WA0003.jpg?fit=567%2C325&ssl=1","articleSection":["Editoriales"],"inLanguage":"es"},{"@type":"WebPage","@id":"https:\/\/vamosporlaliberacion.org\/crpmlm\/del-argentinazo-a-la-asamblea-constituyente-soberana\/","url":"https:\/\/vamosporlaliberacion.org\/crpmlm\/del-argentinazo-a-la-asamblea-constituyente-soberana\/","name":"Del Argentinazo a la Asamblea Constituyente Soberana - Vamos por la Liberaci\u00f3n","isPartOf":{"@id":"https:\/\/vamosporlaliberacion.org\/crpmlm\/#website"},"primaryImageOfPage":{"@id":"https:\/\/vamosporlaliberacion.org\/crpmlm\/del-argentinazo-a-la-asamblea-constituyente-soberana\/#primaryimage"},"image":{"@id":"https:\/\/vamosporlaliberacion.org\/crpmlm\/del-argentinazo-a-la-asamblea-constituyente-soberana\/#primaryimage"},"thumbnailUrl":"https:\/\/i0.wp.com\/vamosporlaliberacion.org\/crpmlm\/wp-content\/uploads\/2024\/12\/IMG-20241219-WA0003.jpg?fit=567%2C325&ssl=1","datePublished":"2024-12-19T13:43:25+00:00","dateModified":"2024-12-19T13:45:00+00:00","author":{"@id":"https:\/\/vamosporlaliberacion.org\/crpmlm\/#\/schema\/person\/ebdbd4bf0e9418b9f0c0a93395366b2f"},"description":"A prop\u00f3sito de un nuevo aniversario de ese camino vigente.","breadcrumb":{"@id":"https:\/\/vamosporlaliberacion.org\/crpmlm\/del-argentinazo-a-la-asamblea-constituyente-soberana\/#breadcrumb"},"inLanguage":"es","potentialAction":[{"@type":"ReadAction","target":["https:\/\/vamosporlaliberacion.org\/crpmlm\/del-argentinazo-a-la-asamblea-constituyente-soberana\/"]}]},{"@type":"ImageObject","inLanguage":"es","@id":"https:\/\/vamosporlaliberacion.org\/crpmlm\/del-argentinazo-a-la-asamblea-constituyente-soberana\/#primaryimage","url":"https:\/\/i0.wp.com\/vamosporlaliberacion.org\/crpmlm\/wp-content\/uploads\/2024\/12\/IMG-20241219-WA0003.jpg?fit=567%2C325&ssl=1","contentUrl":"https:\/\/i0.wp.com\/vamosporlaliberacion.org\/crpmlm\/wp-content\/uploads\/2024\/12\/IMG-20241219-WA0003.jpg?fit=567%2C325&ssl=1","width":567,"height":325},{"@type":"BreadcrumbList","@id":"https:\/\/vamosporlaliberacion.org\/crpmlm\/del-argentinazo-a-la-asamblea-constituyente-soberana\/#breadcrumb","itemListElement":[{"@type":"ListItem","position":1,"name":"Portada","item":"https:\/\/vamosporlaliberacion.org\/crpmlm\/"},{"@type":"ListItem","position":2,"name":"Del Argentinazo a la Asamblea Constituyente Soberana"}]},{"@type":"WebSite","@id":"https:\/\/vamosporlaliberacion.org\/crpmlm\/#website","url":"https:\/\/vamosporlaliberacion.org\/crpmlm\/","name":"Vamos por la Liberaci\u00f3n","description":"Prensa CR","potentialAction":[{"@type":"SearchAction","target":{"@type":"EntryPoint","urlTemplate":"https:\/\/vamosporlaliberacion.org\/crpmlm\/?s={search_term_string}"},"query-input":{"@type":"PropertyValueSpecification","valueRequired":true,"valueName":"search_term_string"}}],"inLanguage":"es"},{"@type":"Person","@id":"https:\/\/vamosporlaliberacion.org\/crpmlm\/#\/schema\/person\/ebdbd4bf0e9418b9f0c0a93395366b2f","name":"Prensa Vamos","sameAs":["http:\/\/vamposporlaliberacion.org"],"url":"http:\/\/vamosporlaliberacion.org\/crpmlm\/author\/editor\/"}]}},"jetpack_featured_media_url":"https:\/\/i0.wp.com\/vamosporlaliberacion.org\/crpmlm\/wp-content\/uploads\/2024\/12\/IMG-20241219-WA0003.jpg?fit=567%2C325&ssl=1","jetpack_sharing_enabled":true,"_links":{"self":[{"href":"http:\/\/vamosporlaliberacion.org\/crpmlm\/wp-json\/wp\/v2\/posts\/28248","targetHints":{"allow":["GET"]}}],"collection":[{"href":"http:\/\/vamosporlaliberacion.org\/crpmlm\/wp-json\/wp\/v2\/posts"}],"about":[{"href":"http:\/\/vamosporlaliberacion.org\/crpmlm\/wp-json\/wp\/v2\/types\/post"}],"author":[{"embeddable":true,"href":"http:\/\/vamosporlaliberacion.org\/crpmlm\/wp-json\/wp\/v2\/users\/9"}],"replies":[{"embeddable":true,"href":"http:\/\/vamosporlaliberacion.org\/crpmlm\/wp-json\/wp\/v2\/comments?post=28248"}],"version-history":[{"count":2,"href":"http:\/\/vamosporlaliberacion.org\/crpmlm\/wp-json\/wp\/v2\/posts\/28248\/revisions"}],"predecessor-version":[{"id":28251,"href":"http:\/\/vamosporlaliberacion.org\/crpmlm\/wp-json\/wp\/v2\/posts\/28248\/revisions\/28251"}],"wp:featuredmedia":[{"embeddable":true,"href":"http:\/\/vamosporlaliberacion.org\/crpmlm\/wp-json\/wp\/v2\/media\/28249"}],"wp:attachment":[{"href":"http:\/\/vamosporlaliberacion.org\/crpmlm\/wp-json\/wp\/v2\/media?parent=28248"}],"wp:term":[{"taxonomy":"category","embeddable":true,"href":"http:\/\/vamosporlaliberacion.org\/crpmlm\/wp-json\/wp\/v2\/categories?post=28248"},{"taxonomy":"post_tag","embeddable":true,"href":"http:\/\/vamosporlaliberacion.org\/crpmlm\/wp-json\/wp\/v2\/tags?post=28248"}],"curies":[{"name":"wp","href":"https:\/\/api.w.org\/{rel}","templated":true}]}}