{"id":28198,"date":"2024-11-12T17:41:36","date_gmt":"2024-11-12T20:41:36","guid":{"rendered":"http:\/\/vamosporlaliberacion.org\/crpmlm\/?p=28198"},"modified":"2024-11-12T17:47:11","modified_gmt":"2024-11-12T20:47:11","slug":"la-fiesta-es-de-ellosy-la-paga-el-pueblo","status":"publish","type":"post","link":"http:\/\/vamosporlaliberacion.org\/crpmlm\/la-fiesta-es-de-ellosy-la-paga-el-pueblo\/","title":{"rendered":"La fiesta es de ellos&#8230; Y la paga el pueblo"},"content":{"rendered":"\n<p><em>(pero te quieren hacer creer que est\u00e1s mejor)<\/em><\/p>\n\n\n\n<p><em>Baja el riesgo pa\u00eds, d\u00f3lar est\u00e1 estable, baja la inflaci\u00f3n y el d\u00e9ficit\u2026 pero sube la pobreza, los alimentos, los servicios, la desocupaci\u00f3n\u2026y tu sueldo quieto.<\/em><\/p>\n\n\n\n<p>\u201c<em><strong>El pa\u00eds est\u00e1 entrando en su mejor momento de los \u00faltimos cien a\u00f1os\u201d<\/strong><\/em><strong> (Javier Milei 11\/11\/24).<\/strong> Sin lugar a dudas, con esta afirmaci\u00f3n, el presidente grafica cuanto est\u00e1n ganando los due\u00f1os del poder (sus h\u00e9roes) en estos 10 meses de gobierno (ver <a href=\"http:\/\/vamosporlaliberacion.org\/crpmlm\/la-obscenidad-cruel-de-los-dias-que-transcurren\/\" target=\"_blank\" rel=\"noreferrer noopener\">http:\/\/vamosporlaliberacion.org\/crpmlm\/la-obscenidad-cruel-de-los-dias-que-transcurren\/<\/a>).<\/p>\n\n\n\n<p>Est\u00e1n euf\u00f3ricos con los resultados financieros, de la macroeconom\u00eda, donde predominan los recortes en el Estado (con despidos masivos, cierres de ministerios, secretarias y programas sociales); donde los jubilados son ajustados (y reprimidos) brutalmente; donde las Pymes caen como moscas al piso (m\u00e1s de 16.500) y donde la bicicleta financiera (\u201ccarry trade\u201d) y la ganancia de los bancos, pone de manifiesto el peso del capital financiero en la econom\u00eda.<\/p>\n\n\n<div class=\"wp-block-image\">\n<figure class=\"aligncenter size-full is-resized\" style=\"margin-bottom:25px\"><img data-recalc-dims=\"1\" loading=\"lazy\" decoding=\"async\" width=\"576\" height=\"414\" src=\"https:\/\/i0.wp.com\/vamosporlaliberacion.org\/crpmlm\/wp-content\/uploads\/2024\/11\/Editorial11-2024-2.jpeg?resize=576%2C414\" alt=\"\" class=\"wp-image-28202\" style=\"width:467px;height:auto\" srcset=\"https:\/\/i0.wp.com\/vamosporlaliberacion.org\/crpmlm\/wp-content\/uploads\/2024\/11\/Editorial11-2024-2.jpeg?w=576&amp;ssl=1 576w, https:\/\/i0.wp.com\/vamosporlaliberacion.org\/crpmlm\/wp-content\/uploads\/2024\/11\/Editorial11-2024-2.jpeg?resize=300%2C216&amp;ssl=1 300w, https:\/\/i0.wp.com\/vamosporlaliberacion.org\/crpmlm\/wp-content\/uploads\/2024\/11\/Editorial11-2024-2.jpeg?resize=150%2C108&amp;ssl=1 150w\" sizes=\"auto, (max-width: 576px) 100vw, 576px\" \/><\/figure>\n<\/div>\n\n\n<p><strong>A esto, el ejecutivo le sum\u00f3 el d\u00eda de las \u201ccorbatas rojas\u201d para homenajear a Donald Trump, ganador de las elecciones en EEUU<\/strong>, mostrando al mundo que se puede dar una vuelta mas a la decadencia de la ultraderecha anti derechos, xen\u00f3foba y antinmigrantes. Una ultraderecha que utiliza la crisis en la econom\u00eda que golpea a los pueblos y se basa en la \u201ccrisis de la verdad\u201d, practicando la metamorfosis entre lo real y lo falso.<\/p>\n\n\n\n<p>Ahora, envalentonado, Milei se arriesga a colgarse del paragolpes de esa m\u00e1quina infernal especulando con algunas se\u00f1ales pol\u00edtica, financieras y dogm\u00e1ticas, que lo aleje del embudo chino al que a la fuerza cae en b\u00fasqueda de d\u00f3lares, agudizando quiz\u00e1s los nubarrones a contramano del pa\u00eds del norte que tiene a la potencia oriental como el principal obst\u00e1culo global. No ser\u00eda de extra\u00f1ar que Trump chantajee a su eventual amigo latino con las medidas proteccionistas que aplicar\u00e1 y que pueden afectar las econom\u00edas regionales en nuestro pa\u00eds, o posponiendo la se\u00f1al (que no llega) del FMI. Si eso ocurriere, Milei encontrar\u00e1 alg\u00fan tema para tratar de distraer al electorado, \u00bfle alcanzar\u00e1?<\/p>\n\n\n<div class=\"wp-block-image\">\n<figure class=\"aligncenter size-full is-resized\" style=\"margin-bottom:25px\"><img data-recalc-dims=\"1\" loading=\"lazy\" decoding=\"async\" width=\"480\" height=\"595\" src=\"https:\/\/i0.wp.com\/vamosporlaliberacion.org\/crpmlm\/wp-content\/uploads\/2024\/11\/Editorial11-2024-4.jpeg?resize=480%2C595\" alt=\"\" class=\"wp-image-28200\" style=\"width:321px;height:auto\" srcset=\"https:\/\/i0.wp.com\/vamosporlaliberacion.org\/crpmlm\/wp-content\/uploads\/2024\/11\/Editorial11-2024-4.jpeg?w=480&amp;ssl=1 480w, https:\/\/i0.wp.com\/vamosporlaliberacion.org\/crpmlm\/wp-content\/uploads\/2024\/11\/Editorial11-2024-4.jpeg?resize=242%2C300&amp;ssl=1 242w, https:\/\/i0.wp.com\/vamosporlaliberacion.org\/crpmlm\/wp-content\/uploads\/2024\/11\/Editorial11-2024-4.jpeg?resize=150%2C186&amp;ssl=1 150w, https:\/\/i0.wp.com\/vamosporlaliberacion.org\/crpmlm\/wp-content\/uploads\/2024\/11\/Editorial11-2024-4.jpeg?resize=300%2C372&amp;ssl=1 300w, https:\/\/i0.wp.com\/vamosporlaliberacion.org\/crpmlm\/wp-content\/uploads\/2024\/11\/Editorial11-2024-4.jpeg?resize=339%2C420&amp;ssl=1 339w\" sizes=\"auto, (max-width: 480px) 100vw, 480px\" \/><\/figure>\n<\/div>\n\n\n<p><strong>Mientras los festejos por arriba no paran, a vos en el llano, te dedican tiempo y recursos para las operaciones medi\u00e1ticas y \u201clos caramelos almibarados\u201d haci\u00e9ndote creer que \u201cla tortilla se va dando vuelta\u201d<\/strong> y nos encaminamos a buen puerto con una ef\u00edmera \u201cestabilidad\u201d sumada al \u201cefecto psicol\u00f3gico\u201d de la baja de la inflaci\u00f3n. Mientras te piden paciencia y que no \u201cdejes de remar ya que estamos todos en ese mismo barco\u201d. Mientras la propaganda masiva te dirige a que te creas que lo malo sigue siendo los efectos devastadores del \u00faltimo gobierno, solo comparable con Hiroshima. <em>\u201cQue es duro lo que vivimos, pero es necesario para salir de esa herencia, aunque ahora ya nos encaminamos a d\u00edas m\u00e1s felices\u201d<\/em>. As\u00ed el gobierno gana el tiempo necesario para prolongar la fiesta de pocos\u2026muy pocos que la gozan en nuestra cara.<\/p>\n\n\n\n<p>Mientras, en la ret\u00f3rica, Milei te habla de \u201clibertad\u201d, en la pr\u00e1ctica hace lo contrario ya que se profundiza la represi\u00f3n, las noticias falsas y la censura sobre hechos de resistencia que se suceden en el pa\u00eds, <strong>\u00bfo viste en alg\u00fan canal masivo de TV la marcha de los m\u00e9dicos y enfermeros del Hospital Garrahan dentro de un estadio de River Plate repleto, aplaudiendo de pie el domingo pasado?<\/strong>, \u00a1seguro que no! Pero tampoco ver\u00e1s la resistencia en las facultades de las universidades del pa\u00eds\u2026o los estatales, salvo, claro est\u00e1, que \u201cdesaf\u00eden el protocolo antipiquete\u201d. Que no lo muestren no quiere decir que no existen y constituyen, al igual que el estado de \u00e1nimo por abajo, las bases desde donde ir construyendo la contraofensiva que aplaque la \u201cespuma de los poderosos\u201d.<\/p>\n\n\n\n<p><strong>Es que la situaci\u00f3n del pueblo y las luchas no esperan a las posiciones que garantizan la institucionalidad en tiempos de desgracia social<\/strong>. Esas posiciones con \u201cretoricas duras y practicas blandas\u201d, \u201cprefieren el tiempo a la sangre\u201d, <strong>perdiendo de vista que ya se perdi\u00f3 mucho tiempo y corri\u00f3 mucha sangre del pueblo en estas ultimas d\u00e9cadas.<\/strong><\/p>\n\n\n<div class=\"wp-block-image\">\n<figure class=\"aligncenter size-full is-resized\" style=\"margin-bottom:25px\"><img data-recalc-dims=\"1\" loading=\"lazy\" decoding=\"async\" width=\"507\" height=\"664\" src=\"https:\/\/i0.wp.com\/vamosporlaliberacion.org\/crpmlm\/wp-content\/uploads\/2024\/11\/Editorial11-2024-3.jpeg?resize=507%2C664\" alt=\"\" class=\"wp-image-28201\" style=\"width:399px;height:auto\" srcset=\"https:\/\/i0.wp.com\/vamosporlaliberacion.org\/crpmlm\/wp-content\/uploads\/2024\/11\/Editorial11-2024-3.jpeg?w=507&amp;ssl=1 507w, https:\/\/i0.wp.com\/vamosporlaliberacion.org\/crpmlm\/wp-content\/uploads\/2024\/11\/Editorial11-2024-3.jpeg?resize=229%2C300&amp;ssl=1 229w, https:\/\/i0.wp.com\/vamosporlaliberacion.org\/crpmlm\/wp-content\/uploads\/2024\/11\/Editorial11-2024-3.jpeg?resize=150%2C196&amp;ssl=1 150w, https:\/\/i0.wp.com\/vamosporlaliberacion.org\/crpmlm\/wp-content\/uploads\/2024\/11\/Editorial11-2024-3.jpeg?resize=300%2C393&amp;ssl=1 300w, https:\/\/i0.wp.com\/vamosporlaliberacion.org\/crpmlm\/wp-content\/uploads\/2024\/11\/Editorial11-2024-3.jpeg?resize=321%2C420&amp;ssl=1 321w\" sizes=\"auto, (max-width: 507px) 100vw, 507px\" \/><\/figure>\n<\/div>\n\n\n<p>\u00bfComo parar el latrocinio que transcurre? \u00bfC\u00f3mo dejar de sentir verg\u00fcenza e impotencia cuando somos el \u00fanico pa\u00eds en el mundo que vota en la ONU contra los pueblos ind\u00edgenas?, \u00bfC\u00f3mo frenar la ola privatizadora del gobierno que incluye Aerol\u00edneas Argentinas y el Banco Naci\u00f3n, expresamente prohibido por el Congreso?, \u00bfC\u00f3mo dar vuelta una justicia que se dedica a criminalizar a los pobres, inmigrantes y persigue opositores como Cristina Kirchner?, \u00bfC\u00f3mo hacer que se discuta los gastos operativos y la tasa de ganancias de los mas ricos del pa\u00eds? \u00bfC\u00f3mo discutir el poncho (matriz econ\u00f3mica) y no los flecos con \u201cparches\u201d de corto plazo)? \u00bfC\u00f3mo terminar con esta pol\u00edtica antes que sea demasiado tarde?<\/p>\n\n\n\n<p><strong>Sin dudas con el pueblo organizado y en las calles, donde renazca la esperanza en un amplio acuerdo del campo popular dirigido por aquellos sectores revolucionarios, antiimperialistas, democr\u00e1ticos, feministas y ecologistas que imponga una <\/strong><strong>Asamblea Constituyente plenamente soberana<\/strong><strong>, poniendo a los pueblos como protagonistas de los cambios revolucionarios necesarios para poner en pie al pa\u00eds.<\/strong><\/p>\n\n\n\n<h2 class=\"wp-block-heading\"><strong>\u00a1Vale la pena intentarlo!<\/strong><\/h2>\n<!-- AddThis Advanced Settings generic via filter on the_content --><!-- AddThis Share Buttons generic via filter on the_content -->","protected":false},"excerpt":{"rendered":"<p>(pero te quieren hacer creer que est\u00e1s mejor) Baja el riesgo pa\u00eds, d\u00f3lar est\u00e1 estable, baja la inflaci\u00f3n y el d\u00e9ficit\u2026 pero sube la pobreza, los alimentos, los servicios, la desocupaci\u00f3n\u2026y tu sueldo quieto. \u201cEl pa\u00eds est\u00e1 entrando en su mejor momento de los \u00faltimos cien a\u00f1os\u201d (Javier Milei 11\/11\/24). Sin lugar a dudas, con [&hellip;]<!-- AddThis Advanced Settings generic via filter on get_the_excerpt --><!-- AddThis Share Buttons generic via filter on get_the_excerpt --><\/p>\n","protected":false},"author":9,"featured_media":28204,"comment_status":"closed","ping_status":"closed","sticky":false,"template":"","format":"standard","meta":{"_jetpack_memberships_contains_paid_content":false,"footnotes":""},"categories":[1881],"tags":[],"class_list":{"0":"post-28198","1":"post","2":"type-post","3":"status-publish","4":"format-standard","5":"has-post-thumbnail","7":"category-editoriales"},"yoast_head":"<!-- This site is optimized with the Yoast SEO plugin v27.4 - https:\/\/yoast.com\/product\/yoast-seo-wordpress\/ -->\n<title>La fiesta es de ellos... Y la paga el pueblo - Vamos por la Liberaci\u00f3n<\/title>\n<meta name=\"robots\" content=\"index, follow, max-snippet:-1, max-image-preview:large, max-video-preview:-1\" \/>\n<link rel=\"canonical\" href=\"http:\/\/vamosporlaliberacion.org\/crpmlm\/la-fiesta-es-de-ellosy-la-paga-el-pueblo\/\" \/>\n<meta name=\"twitter:label1\" content=\"Escrito por\" \/>\n\t<meta name=\"twitter:data1\" content=\"Prensa Vamos\" \/>\n\t<meta name=\"twitter:label2\" content=\"Tiempo de lectura\" \/>\n\t<meta name=\"twitter:data2\" content=\"5 minutos\" \/>\n<script type=\"application\/ld+json\" class=\"yoast-schema-graph\">{\"@context\":\"https:\\\/\\\/schema.org\",\"@graph\":[{\"@type\":\"Article\",\"@id\":\"http:\\\/\\\/vamosporlaliberacion.org\\\/crpmlm\\\/la-fiesta-es-de-ellosy-la-paga-el-pueblo\\\/#article\",\"isPartOf\":{\"@id\":\"http:\\\/\\\/vamosporlaliberacion.org\\\/crpmlm\\\/la-fiesta-es-de-ellosy-la-paga-el-pueblo\\\/\"},\"author\":{\"name\":\"Prensa Vamos\",\"@id\":\"https:\\\/\\\/vamosporlaliberacion.org\\\/crpmlm\\\/#\\\/schema\\\/person\\\/ebdbd4bf0e9418b9f0c0a93395366b2f\"},\"headline\":\"La fiesta es de ellos&#8230; Y la paga el pueblo\",\"datePublished\":\"2024-11-12T20:41:36+00:00\",\"dateModified\":\"2024-11-12T20:47:11+00:00\",\"mainEntityOfPage\":{\"@id\":\"http:\\\/\\\/vamosporlaliberacion.org\\\/crpmlm\\\/la-fiesta-es-de-ellosy-la-paga-el-pueblo\\\/\"},\"wordCount\":915,\"image\":{\"@id\":\"http:\\\/\\\/vamosporlaliberacion.org\\\/crpmlm\\\/la-fiesta-es-de-ellosy-la-paga-el-pueblo\\\/#primaryimage\"},\"thumbnailUrl\":\"https:\\\/\\\/i0.wp.com\\\/vamosporlaliberacion.org\\\/crpmlm\\\/wp-content\\\/uploads\\\/2024\\\/11\\\/Editorial11-2024-1B-1.jpeg?fit=825%2C614&ssl=1\",\"articleSection\":[\"Editoriales\"],\"inLanguage\":\"es\"},{\"@type\":\"WebPage\",\"@id\":\"http:\\\/\\\/vamosporlaliberacion.org\\\/crpmlm\\\/la-fiesta-es-de-ellosy-la-paga-el-pueblo\\\/\",\"url\":\"http:\\\/\\\/vamosporlaliberacion.org\\\/crpmlm\\\/la-fiesta-es-de-ellosy-la-paga-el-pueblo\\\/\",\"name\":\"La fiesta es de ellos... Y la paga el pueblo - Vamos por la Liberaci\u00f3n\",\"isPartOf\":{\"@id\":\"https:\\\/\\\/vamosporlaliberacion.org\\\/crpmlm\\\/#website\"},\"primaryImageOfPage\":{\"@id\":\"http:\\\/\\\/vamosporlaliberacion.org\\\/crpmlm\\\/la-fiesta-es-de-ellosy-la-paga-el-pueblo\\\/#primaryimage\"},\"image\":{\"@id\":\"http:\\\/\\\/vamosporlaliberacion.org\\\/crpmlm\\\/la-fiesta-es-de-ellosy-la-paga-el-pueblo\\\/#primaryimage\"},\"thumbnailUrl\":\"https:\\\/\\\/i0.wp.com\\\/vamosporlaliberacion.org\\\/crpmlm\\\/wp-content\\\/uploads\\\/2024\\\/11\\\/Editorial11-2024-1B-1.jpeg?fit=825%2C614&ssl=1\",\"datePublished\":\"2024-11-12T20:41:36+00:00\",\"dateModified\":\"2024-11-12T20:47:11+00:00\",\"author\":{\"@id\":\"https:\\\/\\\/vamosporlaliberacion.org\\\/crpmlm\\\/#\\\/schema\\\/person\\\/ebdbd4bf0e9418b9f0c0a93395366b2f\"},\"breadcrumb\":{\"@id\":\"http:\\\/\\\/vamosporlaliberacion.org\\\/crpmlm\\\/la-fiesta-es-de-ellosy-la-paga-el-pueblo\\\/#breadcrumb\"},\"inLanguage\":\"es\",\"potentialAction\":[{\"@type\":\"ReadAction\",\"target\":[\"http:\\\/\\\/vamosporlaliberacion.org\\\/crpmlm\\\/la-fiesta-es-de-ellosy-la-paga-el-pueblo\\\/\"]}]},{\"@type\":\"ImageObject\",\"inLanguage\":\"es\",\"@id\":\"http:\\\/\\\/vamosporlaliberacion.org\\\/crpmlm\\\/la-fiesta-es-de-ellosy-la-paga-el-pueblo\\\/#primaryimage\",\"url\":\"https:\\\/\\\/i0.wp.com\\\/vamosporlaliberacion.org\\\/crpmlm\\\/wp-content\\\/uploads\\\/2024\\\/11\\\/Editorial11-2024-1B-1.jpeg?fit=825%2C614&ssl=1\",\"contentUrl\":\"https:\\\/\\\/i0.wp.com\\\/vamosporlaliberacion.org\\\/crpmlm\\\/wp-content\\\/uploads\\\/2024\\\/11\\\/Editorial11-2024-1B-1.jpeg?fit=825%2C614&ssl=1\",\"width\":825,\"height\":614},{\"@type\":\"BreadcrumbList\",\"@id\":\"http:\\\/\\\/vamosporlaliberacion.org\\\/crpmlm\\\/la-fiesta-es-de-ellosy-la-paga-el-pueblo\\\/#breadcrumb\",\"itemListElement\":[{\"@type\":\"ListItem\",\"position\":1,\"name\":\"Portada\",\"item\":\"https:\\\/\\\/vamosporlaliberacion.org\\\/crpmlm\\\/\"},{\"@type\":\"ListItem\",\"position\":2,\"name\":\"La fiesta es de ellos&#8230; Y la paga el pueblo\"}]},{\"@type\":\"WebSite\",\"@id\":\"https:\\\/\\\/vamosporlaliberacion.org\\\/crpmlm\\\/#website\",\"url\":\"https:\\\/\\\/vamosporlaliberacion.org\\\/crpmlm\\\/\",\"name\":\"Vamos por la Liberaci\u00f3n\",\"description\":\"Prensa CR\",\"potentialAction\":[{\"@type\":\"SearchAction\",\"target\":{\"@type\":\"EntryPoint\",\"urlTemplate\":\"https:\\\/\\\/vamosporlaliberacion.org\\\/crpmlm\\\/?s={search_term_string}\"},\"query-input\":{\"@type\":\"PropertyValueSpecification\",\"valueRequired\":true,\"valueName\":\"search_term_string\"}}],\"inLanguage\":\"es\"},{\"@type\":\"Person\",\"@id\":\"https:\\\/\\\/vamosporlaliberacion.org\\\/crpmlm\\\/#\\\/schema\\\/person\\\/ebdbd4bf0e9418b9f0c0a93395366b2f\",\"name\":\"Prensa Vamos\",\"sameAs\":[\"http:\\\/\\\/vamposporlaliberacion.org\"],\"url\":\"http:\\\/\\\/vamosporlaliberacion.org\\\/crpmlm\\\/author\\\/editor\\\/\"}]}<\/script>\n<!-- \/ Yoast SEO plugin. -->","yoast_head_json":{"title":"La fiesta es de ellos... Y la paga el pueblo - Vamos por la Liberaci\u00f3n","robots":{"index":"index","follow":"follow","max-snippet":"max-snippet:-1","max-image-preview":"max-image-preview:large","max-video-preview":"max-video-preview:-1"},"canonical":"http:\/\/vamosporlaliberacion.org\/crpmlm\/la-fiesta-es-de-ellosy-la-paga-el-pueblo\/","twitter_misc":{"Escrito por":"Prensa Vamos","Tiempo de lectura":"5 minutos"},"schema":{"@context":"https:\/\/schema.org","@graph":[{"@type":"Article","@id":"http:\/\/vamosporlaliberacion.org\/crpmlm\/la-fiesta-es-de-ellosy-la-paga-el-pueblo\/#article","isPartOf":{"@id":"http:\/\/vamosporlaliberacion.org\/crpmlm\/la-fiesta-es-de-ellosy-la-paga-el-pueblo\/"},"author":{"name":"Prensa Vamos","@id":"https:\/\/vamosporlaliberacion.org\/crpmlm\/#\/schema\/person\/ebdbd4bf0e9418b9f0c0a93395366b2f"},"headline":"La fiesta es de ellos&#8230; Y la paga el pueblo","datePublished":"2024-11-12T20:41:36+00:00","dateModified":"2024-11-12T20:47:11+00:00","mainEntityOfPage":{"@id":"http:\/\/vamosporlaliberacion.org\/crpmlm\/la-fiesta-es-de-ellosy-la-paga-el-pueblo\/"},"wordCount":915,"image":{"@id":"http:\/\/vamosporlaliberacion.org\/crpmlm\/la-fiesta-es-de-ellosy-la-paga-el-pueblo\/#primaryimage"},"thumbnailUrl":"https:\/\/i0.wp.com\/vamosporlaliberacion.org\/crpmlm\/wp-content\/uploads\/2024\/11\/Editorial11-2024-1B-1.jpeg?fit=825%2C614&ssl=1","articleSection":["Editoriales"],"inLanguage":"es"},{"@type":"WebPage","@id":"http:\/\/vamosporlaliberacion.org\/crpmlm\/la-fiesta-es-de-ellosy-la-paga-el-pueblo\/","url":"http:\/\/vamosporlaliberacion.org\/crpmlm\/la-fiesta-es-de-ellosy-la-paga-el-pueblo\/","name":"La fiesta es de ellos... Y la paga el pueblo - Vamos por la Liberaci\u00f3n","isPartOf":{"@id":"https:\/\/vamosporlaliberacion.org\/crpmlm\/#website"},"primaryImageOfPage":{"@id":"http:\/\/vamosporlaliberacion.org\/crpmlm\/la-fiesta-es-de-ellosy-la-paga-el-pueblo\/#primaryimage"},"image":{"@id":"http:\/\/vamosporlaliberacion.org\/crpmlm\/la-fiesta-es-de-ellosy-la-paga-el-pueblo\/#primaryimage"},"thumbnailUrl":"https:\/\/i0.wp.com\/vamosporlaliberacion.org\/crpmlm\/wp-content\/uploads\/2024\/11\/Editorial11-2024-1B-1.jpeg?fit=825%2C614&ssl=1","datePublished":"2024-11-12T20:41:36+00:00","dateModified":"2024-11-12T20:47:11+00:00","author":{"@id":"https:\/\/vamosporlaliberacion.org\/crpmlm\/#\/schema\/person\/ebdbd4bf0e9418b9f0c0a93395366b2f"},"breadcrumb":{"@id":"http:\/\/vamosporlaliberacion.org\/crpmlm\/la-fiesta-es-de-ellosy-la-paga-el-pueblo\/#breadcrumb"},"inLanguage":"es","potentialAction":[{"@type":"ReadAction","target":["http:\/\/vamosporlaliberacion.org\/crpmlm\/la-fiesta-es-de-ellosy-la-paga-el-pueblo\/"]}]},{"@type":"ImageObject","inLanguage":"es","@id":"http:\/\/vamosporlaliberacion.org\/crpmlm\/la-fiesta-es-de-ellosy-la-paga-el-pueblo\/#primaryimage","url":"https:\/\/i0.wp.com\/vamosporlaliberacion.org\/crpmlm\/wp-content\/uploads\/2024\/11\/Editorial11-2024-1B-1.jpeg?fit=825%2C614&ssl=1","contentUrl":"https:\/\/i0.wp.com\/vamosporlaliberacion.org\/crpmlm\/wp-content\/uploads\/2024\/11\/Editorial11-2024-1B-1.jpeg?fit=825%2C614&ssl=1","width":825,"height":614},{"@type":"BreadcrumbList","@id":"http:\/\/vamosporlaliberacion.org\/crpmlm\/la-fiesta-es-de-ellosy-la-paga-el-pueblo\/#breadcrumb","itemListElement":[{"@type":"ListItem","position":1,"name":"Portada","item":"https:\/\/vamosporlaliberacion.org\/crpmlm\/"},{"@type":"ListItem","position":2,"name":"La fiesta es de ellos&#8230; Y la paga el pueblo"}]},{"@type":"WebSite","@id":"https:\/\/vamosporlaliberacion.org\/crpmlm\/#website","url":"https:\/\/vamosporlaliberacion.org\/crpmlm\/","name":"Vamos por la Liberaci\u00f3n","description":"Prensa CR","potentialAction":[{"@type":"SearchAction","target":{"@type":"EntryPoint","urlTemplate":"https:\/\/vamosporlaliberacion.org\/crpmlm\/?s={search_term_string}"},"query-input":{"@type":"PropertyValueSpecification","valueRequired":true,"valueName":"search_term_string"}}],"inLanguage":"es"},{"@type":"Person","@id":"https:\/\/vamosporlaliberacion.org\/crpmlm\/#\/schema\/person\/ebdbd4bf0e9418b9f0c0a93395366b2f","name":"Prensa Vamos","sameAs":["http:\/\/vamposporlaliberacion.org"],"url":"http:\/\/vamosporlaliberacion.org\/crpmlm\/author\/editor\/"}]}},"jetpack_featured_media_url":"https:\/\/i0.wp.com\/vamosporlaliberacion.org\/crpmlm\/wp-content\/uploads\/2024\/11\/Editorial11-2024-1B-1.jpeg?fit=825%2C614&ssl=1","jetpack_sharing_enabled":true,"_links":{"self":[{"href":"http:\/\/vamosporlaliberacion.org\/crpmlm\/wp-json\/wp\/v2\/posts\/28198","targetHints":{"allow":["GET"]}}],"collection":[{"href":"http:\/\/vamosporlaliberacion.org\/crpmlm\/wp-json\/wp\/v2\/posts"}],"about":[{"href":"http:\/\/vamosporlaliberacion.org\/crpmlm\/wp-json\/wp\/v2\/types\/post"}],"author":[{"embeddable":true,"href":"http:\/\/vamosporlaliberacion.org\/crpmlm\/wp-json\/wp\/v2\/users\/9"}],"replies":[{"embeddable":true,"href":"http:\/\/vamosporlaliberacion.org\/crpmlm\/wp-json\/wp\/v2\/comments?post=28198"}],"version-history":[{"count":4,"href":"http:\/\/vamosporlaliberacion.org\/crpmlm\/wp-json\/wp\/v2\/posts\/28198\/revisions"}],"predecessor-version":[{"id":28210,"href":"http:\/\/vamosporlaliberacion.org\/crpmlm\/wp-json\/wp\/v2\/posts\/28198\/revisions\/28210"}],"wp:featuredmedia":[{"embeddable":true,"href":"http:\/\/vamosporlaliberacion.org\/crpmlm\/wp-json\/wp\/v2\/media\/28204"}],"wp:attachment":[{"href":"http:\/\/vamosporlaliberacion.org\/crpmlm\/wp-json\/wp\/v2\/media?parent=28198"}],"wp:term":[{"taxonomy":"category","embeddable":true,"href":"http:\/\/vamosporlaliberacion.org\/crpmlm\/wp-json\/wp\/v2\/categories?post=28198"},{"taxonomy":"post_tag","embeddable":true,"href":"http:\/\/vamosporlaliberacion.org\/crpmlm\/wp-json\/wp\/v2\/tags?post=28198"}],"curies":[{"name":"wp","href":"https:\/\/api.w.org\/{rel}","templated":true}]}}