{"id":28181,"date":"2024-10-24T20:00:34","date_gmt":"2024-10-24T23:00:34","guid":{"rendered":"http:\/\/vamosporlaliberacion.org\/crpmlm\/?p=28181"},"modified":"2024-10-24T21:19:06","modified_gmt":"2024-10-25T00:19:06","slug":"la-obscenidad-cruel-de-los-dias-que-transcurren","status":"publish","type":"post","link":"http:\/\/vamosporlaliberacion.org\/crpmlm\/la-obscenidad-cruel-de-los-dias-que-transcurren\/","title":{"rendered":"La obscenidad cruel de los d\u00edas que transcurren"},"content":{"rendered":"\n<p><strong>En nombre de la baja de la inflaci\u00f3n y el \u201cd\u00e9ficit cero\u201d, la casta pol\u00edtica es m\u00e1s imp\u00fadica y los due\u00f1os del poder mas ricos y poderosos. Milei lo hizo en solo nueve meses de gobierno como lo explic\u00f3 en el \u00faltimo Coloquio de IDEA<\/strong>(foto de portada)<strong>.<\/strong><\/p>\n\n\n\n<p>\u00bfPuede esta realidad ser tal y sostenerse sin que los de abajo, el pueblo, caiga en una espiral sin piso? \u00a1\u00a1Claro que no!!<\/p>\n\n\n\n<p><strong>Mientras cae el consumo a niveles hist\u00f3ricos, mientras la pobreza se expande, mientras son cerca de 500 mil los despedidos y las pymes caen como fichas de domin\u00f3, mientras se recortan presupuestos de lo p\u00fablico\u2026<\/strong><\/p>\n\n\n\n<p><strong>La casta en estos meses de gobierno quintuplic\u00f3 sus ganancias, veamos y nos indignemos:<\/strong><\/p>\n\n\n\n<p>los resultados operativos como los netos se quintuplicaron en el a\u00f1o considerando la informaci\u00f3n correspondiente a los primeros semestres 2024 vs. 2023 de 26 grandes firmas pertenecientes a 11 sectores de actividad como hidrocarburos, energ\u00eda, alimentos, financiero entre los m\u00e1s importantes.<\/p>\n\n\n\n<p><strong>Algunos sectores se despegaron de la media del panel<\/strong>. Sobresalen los resultados operativos del sector de hidrocarburos (+709,6%) y el sector bancario (+450,6%). Al considerar otros conceptos de ganancia, los resultados netos se vieron especialmente engrosados nuevamente en el sector del petr\u00f3leo y gas (+740%) y se suma el sector productor de alimentos (+683%).<\/p>\n\n\n\n<p><strong>Tambi\u00e9n algunas empresas se diferenciaron notablemente del ya extraordinario comportamiento de las empresas m\u00e1s grandes que cotizan en la Bolsa de Comercio<\/strong>. El selecto grupo cuenta con firmas como Molinos Agro, la cerealera de P\u00e9rez Companc, que expandi\u00f3 el resultado operativo en +7.543%, Metrogas lo hizo en un 2.581% y Mirgor de la familia Caputo con una ampliaci\u00f3n de 1.097%.<\/p>\n\n\n\n<p>Las ganancias netas volvieron a tener como protagonista a la empresa de los Caputo con un aumento del 2.788%. Otras empresas que multiplicaron sus beneficios finales por 20 en tan s\u00f3lo un a\u00f1o fueron: Telecom (+2.080%) que aprovech\u00f3 la desregulaci\u00f3n de los precios de todos sus servicios de internet y telefon\u00eda m\u00f3vil; Mastellone Hermanos engros\u00f3 el volumen de sus ganancias en un 2.050% a pesar de que en ese mismo per\u00edodo el consumo de l\u00e1cteos en el pa\u00eds cay\u00f3 un 17,6% (seg\u00fan el IDAA); Tecpetrol se expandi\u00f3 en un 1.860,4% y Laboratorio Richmond en un 1.325%. <strong>(fuente: IPyPP)<\/strong><\/p>\n\n\n\n<p><strong>\u00a1Esta es la realidad y es la \u00fanica verdad! Un pueblo empobrecido al m\u00e1ximo, para enriquecer al selecto grupo que ostenta los resortes de la econom\u00eda del pa\u00eds.<\/strong><\/p>\n\n\n\n<p>A esto hay que sumarle la Deuda Externa usuraria y fraudulenta que se lleva los d\u00f3lares de intereses y capital a la vez que condiciona y la bicicleta financiera que hace en un abrir y cerrar de ojos, m\u00e1s ricos a los buitres fugadores que ponen los bonos en pesos que les otorga el gobierno en plazos fijos con altos intereses, para luego capitalizarse en la comprar de d\u00f3lares planchados para luego fugarlos del pa\u00eds o meterlos en el blanqueo de capitales que tambi\u00e9n le garantiza el gobierno nacional.<\/p>\n\n\n\n<p>El gobierno celebra los resultados de la macro econom\u00eda, que es donde abreva el capital financiero y la especulaci\u00f3n internacional que, aunque cautelosa, celebra la marcha del ajuste del gobierno.<\/p>\n\n\n\n<p><strong>El gobierno no detiene su marcha y ahora va por el plan de privatizaciones de todo lo que sea p\u00fablico<\/strong>, repitiendo la pel\u00edcula de los a\u00f1os \u00b490 cuando el menemismo rif\u00f3 al pa\u00eds y nos hundi\u00f3 en el infierno.<\/p>\n\n\n\n<p>Si vuelven a insistir en lo mismo es porque el plan es el saqueo liso y llano y eso si que les va a volver a dar resultados extraordinarios a los que se quedaran con todo, si no media la rebeli\u00f3n popular a gran escala.<\/p>\n\n\n\n<p><strong>Esta contradicci\u00f3n, donde los ricos son m\u00e1s ricos y los pobres m\u00e1s pobres; entre la soberan\u00eda y el despojo, se ha agudizado al m\u00e1ximo.<\/strong><\/p>\n\n\n\n<p>La rebeli\u00f3n va tomando forma con nuevas generaciones como vemos en la universidad y la salud, <strong>pero hacerla elevar como una ola gigantesca es la tarea del momento.<\/strong><\/p>\n\n\n\n<figure class=\"wp-block-gallery has-nested-images columns-default is-cropped wp-block-gallery-1 is-layout-flex wp-block-gallery-is-layout-flex\">\n<figure class=\"wp-block-image size-large\"><img data-recalc-dims=\"1\" loading=\"lazy\" decoding=\"async\" width=\"696\" height=\"392\" data-id=\"28182\" src=\"https:\/\/i0.wp.com\/vamosporlaliberacion.org\/crpmlm\/wp-content\/uploads\/2024\/10\/CalsesPublicasSocialesUBA-700x394.jpeg?resize=696%2C392\" alt=\"\" class=\"wp-image-28182\" srcset=\"https:\/\/i0.wp.com\/vamosporlaliberacion.org\/crpmlm\/wp-content\/uploads\/2024\/10\/CalsesPublicasSocialesUBA.jpeg?resize=700%2C394&amp;ssl=1 700w, https:\/\/i0.wp.com\/vamosporlaliberacion.org\/crpmlm\/wp-content\/uploads\/2024\/10\/CalsesPublicasSocialesUBA.jpeg?resize=300%2C169&amp;ssl=1 300w, https:\/\/i0.wp.com\/vamosporlaliberacion.org\/crpmlm\/wp-content\/uploads\/2024\/10\/CalsesPublicasSocialesUBA.jpeg?resize=768%2C432&amp;ssl=1 768w, https:\/\/i0.wp.com\/vamosporlaliberacion.org\/crpmlm\/wp-content\/uploads\/2024\/10\/CalsesPublicasSocialesUBA.jpeg?resize=1536%2C864&amp;ssl=1 1536w, https:\/\/i0.wp.com\/vamosporlaliberacion.org\/crpmlm\/wp-content\/uploads\/2024\/10\/CalsesPublicasSocialesUBA.jpeg?resize=150%2C84&amp;ssl=1 150w, https:\/\/i0.wp.com\/vamosporlaliberacion.org\/crpmlm\/wp-content\/uploads\/2024\/10\/CalsesPublicasSocialesUBA.jpeg?resize=696%2C392&amp;ssl=1 696w, https:\/\/i0.wp.com\/vamosporlaliberacion.org\/crpmlm\/wp-content\/uploads\/2024\/10\/CalsesPublicasSocialesUBA.jpeg?resize=1068%2C601&amp;ssl=1 1068w, https:\/\/i0.wp.com\/vamosporlaliberacion.org\/crpmlm\/wp-content\/uploads\/2024\/10\/CalsesPublicasSocialesUBA.jpeg?resize=747%2C420&amp;ssl=1 747w, https:\/\/i0.wp.com\/vamosporlaliberacion.org\/crpmlm\/wp-content\/uploads\/2024\/10\/CalsesPublicasSocialesUBA.jpeg?w=1600&amp;ssl=1 1600w, https:\/\/i0.wp.com\/vamosporlaliberacion.org\/crpmlm\/wp-content\/uploads\/2024\/10\/CalsesPublicasSocialesUBA.jpeg?w=1392&amp;ssl=1 1392w\" sizes=\"auto, (max-width: 696px) 100vw, 696px\" \/><figcaption class=\"wp-element-caption\">Clases p\u00fablicas callejeras en la UBA<\/figcaption><\/figure>\n\n\n\n<figure class=\"wp-block-image size-large\"><img data-recalc-dims=\"1\" loading=\"lazy\" decoding=\"async\" width=\"696\" height=\"524\" data-id=\"28158\" src=\"https:\/\/i0.wp.com\/vamosporlaliberacion.org\/crpmlm\/wp-content\/uploads\/2024\/10\/HospitalBonaparte5-10-2024-2-700x527.jpeg?resize=696%2C524\" alt=\"\" class=\"wp-image-28158\" srcset=\"https:\/\/i0.wp.com\/vamosporlaliberacion.org\/crpmlm\/wp-content\/uploads\/2024\/10\/HospitalBonaparte5-10-2024-2.jpeg?resize=700%2C527&amp;ssl=1 700w, https:\/\/i0.wp.com\/vamosporlaliberacion.org\/crpmlm\/wp-content\/uploads\/2024\/10\/HospitalBonaparte5-10-2024-2.jpeg?resize=300%2C226&amp;ssl=1 300w, https:\/\/i0.wp.com\/vamosporlaliberacion.org\/crpmlm\/wp-content\/uploads\/2024\/10\/HospitalBonaparte5-10-2024-2.jpeg?resize=768%2C578&amp;ssl=1 768w, https:\/\/i0.wp.com\/vamosporlaliberacion.org\/crpmlm\/wp-content\/uploads\/2024\/10\/HospitalBonaparte5-10-2024-2.jpeg?resize=150%2C113&amp;ssl=1 150w, https:\/\/i0.wp.com\/vamosporlaliberacion.org\/crpmlm\/wp-content\/uploads\/2024\/10\/HospitalBonaparte5-10-2024-2.jpeg?resize=696%2C524&amp;ssl=1 696w, https:\/\/i0.wp.com\/vamosporlaliberacion.org\/crpmlm\/wp-content\/uploads\/2024\/10\/HospitalBonaparte5-10-2024-2.jpeg?resize=1068%2C804&amp;ssl=1 1068w, https:\/\/i0.wp.com\/vamosporlaliberacion.org\/crpmlm\/wp-content\/uploads\/2024\/10\/HospitalBonaparte5-10-2024-2.jpeg?resize=558%2C420&amp;ssl=1 558w, https:\/\/i0.wp.com\/vamosporlaliberacion.org\/crpmlm\/wp-content\/uploads\/2024\/10\/HospitalBonaparte5-10-2024-2.jpeg?resize=80%2C60&amp;ssl=1 80w, https:\/\/i0.wp.com\/vamosporlaliberacion.org\/crpmlm\/wp-content\/uploads\/2024\/10\/HospitalBonaparte5-10-2024-2.jpeg?w=1280&amp;ssl=1 1280w\" sizes=\"auto, (max-width: 696px) 100vw, 696px\" \/><figcaption class=\"wp-element-caption\">La lucha del Hospital Bonaparte<\/figcaption><\/figure>\n<\/figure>\n\n\n\n<p>No trabajar en ese sentido, \u201cesperando el momento oportuno\u201d cuidando la \u201cinstitucionalidad\u201d (cuando es el propio ejecutivo el que las viola), para llevarse al pueblo y la democracia puesta, es contribuir -por acci\u00f3n u omisi\u00f3n- a que los enemigos declarados del pueblo y de la patria avancen todo lo que m\u00e1s puedan.<\/p>\n\n\n\n<p><strong>No organizar la contraofensiva popular es contribuir a la derrota cultural que est\u00e1 en marcha donde prima el odio, el ego\u00edsmo y el individualismo<\/strong>. Donde todo lo popular y p\u00fablico es sin\u00f3nimo de corrupci\u00f3n u obra de los \u201czurdos de mierda\u201d o donde los pobres, inmigrantes y disidencias son los malos de la pel\u00edcula.<\/p>\n\n\n\n<p>En este sentido, <strong>darles visibilidad y fortaleza a las luchas en curso, es fundamental<\/strong>, as\u00ed como trabajar para iniciar y multiplicar la organizaci\u00f3n en los territorios, discutiendo colectivamente, armando \u201cpliegos\u201d de reivindicaciones m\u00e1s urgentes y al calor de eso organizar o reactivar las juntas vecinales, asambleas y otras organizaciones donde los vecinos y vecinas se vinculan y reconocen como propia.<\/p>\n\n\n\n<p><strong>La importancia de motorizar verdaderos \u201ccabildos abiertos\u201d o \u201cplazas de la resistencia\u201d es vital para confluir en iniciativas de luchas mas grandes como la Marcha Federal que se va organizando desde las dos CTAs y organizaciones del campo popular<\/strong> para la primera quincena de diciembre.<\/p>\n\n\n\n<h3 class=\"wp-block-heading\"><strong>\u00a1Son tiempos de \u201clevar el pan\u201d de la contraofensiva popular!<\/strong><\/h3>\n\n\n\n<p>Son tiempos y oportunidades, cuando las grandes fuerzas pol\u00edticas se fragmentan ya sea por la influencia directa de la ultraderecha como sucede con la UCR, el PRO o sectores del peronismo, pero tambi\u00e9n las que \u201ccomulgan\u201d en el campo popular donde predomina la disgregaci\u00f3n por no estar a la altura de los acontecimientos.<\/p>\n\n\n\n<p>Son tiempos para que las corrientes revolucionarias, antiimperialistas y democr\u00e1ticas jueguen con gran audacia para ser el b\u00e1lsamo de la unidad del campo popular, para acaudillar a amplios sectores y clases, cerr\u00e1ndoles el paso al \u201cgolpismo institucional\u201d que se prepara en algunos rincones, <strong>poniendo en marcha una propuesta de poder como la Asamblea Constituyente Soberana con el pueblo como sujeto y en las calles<\/strong>.<\/p>\n\n\n<div class=\"wp-block-image\">\n<figure class=\"aligncenter size-large\"><img data-recalc-dims=\"1\" loading=\"lazy\" decoding=\"async\" width=\"696\" height=\"463\" src=\"https:\/\/i0.wp.com\/vamosporlaliberacion.org\/crpmlm\/wp-content\/uploads\/2024\/04\/MarchaFedUniv-2-700x466.jpg?resize=696%2C463\" alt=\"\" class=\"wp-image-27785\" srcset=\"https:\/\/i0.wp.com\/vamosporlaliberacion.org\/crpmlm\/wp-content\/uploads\/2024\/04\/MarchaFedUniv-2.jpg?resize=700%2C466&amp;ssl=1 700w, https:\/\/i0.wp.com\/vamosporlaliberacion.org\/crpmlm\/wp-content\/uploads\/2024\/04\/MarchaFedUniv-2.jpg?resize=300%2C200&amp;ssl=1 300w, https:\/\/i0.wp.com\/vamosporlaliberacion.org\/crpmlm\/wp-content\/uploads\/2024\/04\/MarchaFedUniv-2.jpg?resize=768%2C512&amp;ssl=1 768w, https:\/\/i0.wp.com\/vamosporlaliberacion.org\/crpmlm\/wp-content\/uploads\/2024\/04\/MarchaFedUniv-2.jpg?resize=150%2C100&amp;ssl=1 150w, https:\/\/i0.wp.com\/vamosporlaliberacion.org\/crpmlm\/wp-content\/uploads\/2024\/04\/MarchaFedUniv-2.jpg?resize=696%2C464&amp;ssl=1 696w, https:\/\/i0.wp.com\/vamosporlaliberacion.org\/crpmlm\/wp-content\/uploads\/2024\/04\/MarchaFedUniv-2.jpg?resize=630%2C420&amp;ssl=1 630w, https:\/\/i0.wp.com\/vamosporlaliberacion.org\/crpmlm\/wp-content\/uploads\/2024\/04\/MarchaFedUniv-2.jpg?w=800&amp;ssl=1 800w\" sizes=\"auto, (max-width: 696px) 100vw, 696px\" \/><figcaption class=\"wp-element-caption\">Marcha Federal Universitaria 23 de abril<\/figcaption><\/figure>\n<\/div>\n\n\n<p>Una herramienta para discutirlo todo a favor de los pueblos, y empezar a revertir el latrocinio en el que nos han sumergidos, con un claro objetivo en la liberaci\u00f3n nacional y social.<\/p>\n\n\n\n<p>\u201c<em>Nadie, nadie, nadie, que enfrente no hay nadie<br>que es nadie la muerte si va en tu montura<br>galopa caballo cuatralbo, jinete del pueblo<br>que la tierra es tuya<\/em><\/p>\n\n\n\n<p><em>A galopar, a galopar, hasta enterrarlos en el mar\u201d (bis)<\/em><\/p>\n\n\n\n<p>(\u201c<strong>A galopar<\/strong>\u201d, fragmento de la canci\u00f3n de Paco Ib\u00e1\u00f1ez y Rafael Alberti)<\/p>\n<!-- AddThis Advanced Settings generic via filter on the_content --><!-- AddThis Share Buttons generic via filter on the_content -->","protected":false},"excerpt":{"rendered":"<p>En nombre de la baja de la inflaci\u00f3n y el \u201cd\u00e9ficit cero\u201d, la casta pol\u00edtica es m\u00e1s imp\u00fadica y los due\u00f1os del poder mas ricos y poderosos. Milei lo hizo en solo nueve meses de gobierno como lo explic\u00f3 en el \u00faltimo Coloquio de IDEA(foto de portada). \u00bfPuede esta realidad ser tal y sostenerse sin [&hellip;]<!-- AddThis Advanced Settings generic via filter on get_the_excerpt --><!-- AddThis Share Buttons generic via filter on get_the_excerpt --><\/p>\n","protected":false},"author":9,"featured_media":28190,"comment_status":"closed","ping_status":"closed","sticky":false,"template":"","format":"standard","meta":{"_jetpack_memberships_contains_paid_content":false,"footnotes":""},"categories":[1881],"tags":[],"class_list":{"0":"post-28181","1":"post","2":"type-post","3":"status-publish","4":"format-standard","5":"has-post-thumbnail","7":"category-editoriales"},"yoast_head":"<!-- This site is optimized with the Yoast SEO plugin v27.4 - https:\/\/yoast.com\/product\/yoast-seo-wordpress\/ -->\n<title>La obscenidad cruel de los d\u00edas que transcurren - Vamos por la Liberaci\u00f3n<\/title>\n<meta name=\"robots\" content=\"index, follow, max-snippet:-1, max-image-preview:large, max-video-preview:-1\" \/>\n<link rel=\"canonical\" href=\"http:\/\/vamosporlaliberacion.org\/crpmlm\/la-obscenidad-cruel-de-los-dias-que-transcurren\/\" \/>\n<meta name=\"twitter:label1\" content=\"Escrito por\" \/>\n\t<meta name=\"twitter:data1\" content=\"Prensa Vamos\" \/>\n\t<meta name=\"twitter:label2\" content=\"Tiempo de lectura\" \/>\n\t<meta name=\"twitter:data2\" content=\"6 minutos\" \/>\n<script type=\"application\/ld+json\" class=\"yoast-schema-graph\">{\"@context\":\"https:\\\/\\\/schema.org\",\"@graph\":[{\"@type\":\"Article\",\"@id\":\"http:\\\/\\\/vamosporlaliberacion.org\\\/crpmlm\\\/la-obscenidad-cruel-de-los-dias-que-transcurren\\\/#article\",\"isPartOf\":{\"@id\":\"http:\\\/\\\/vamosporlaliberacion.org\\\/crpmlm\\\/la-obscenidad-cruel-de-los-dias-que-transcurren\\\/\"},\"author\":{\"name\":\"Prensa Vamos\",\"@id\":\"https:\\\/\\\/vamosporlaliberacion.org\\\/crpmlm\\\/#\\\/schema\\\/person\\\/ebdbd4bf0e9418b9f0c0a93395366b2f\"},\"headline\":\"La obscenidad cruel de los d\u00edas que transcurren\",\"datePublished\":\"2024-10-24T23:00:34+00:00\",\"dateModified\":\"2024-10-25T00:19:06+00:00\",\"mainEntityOfPage\":{\"@id\":\"http:\\\/\\\/vamosporlaliberacion.org\\\/crpmlm\\\/la-obscenidad-cruel-de-los-dias-que-transcurren\\\/\"},\"wordCount\":1146,\"image\":{\"@id\":\"http:\\\/\\\/vamosporlaliberacion.org\\\/crpmlm\\\/la-obscenidad-cruel-de-los-dias-que-transcurren\\\/#primaryimage\"},\"thumbnailUrl\":\"https:\\\/\\\/i0.wp.com\\\/vamosporlaliberacion.org\\\/crpmlm\\\/wp-content\\\/uploads\\\/2024\\\/10\\\/MileiColoquiodeIdea2024-3.jpg?fit=960%2C411&ssl=1\",\"articleSection\":[\"Editoriales\"],\"inLanguage\":\"es\"},{\"@type\":\"WebPage\",\"@id\":\"http:\\\/\\\/vamosporlaliberacion.org\\\/crpmlm\\\/la-obscenidad-cruel-de-los-dias-que-transcurren\\\/\",\"url\":\"http:\\\/\\\/vamosporlaliberacion.org\\\/crpmlm\\\/la-obscenidad-cruel-de-los-dias-que-transcurren\\\/\",\"name\":\"La obscenidad cruel de los d\u00edas que transcurren - Vamos por la Liberaci\u00f3n\",\"isPartOf\":{\"@id\":\"https:\\\/\\\/vamosporlaliberacion.org\\\/crpmlm\\\/#website\"},\"primaryImageOfPage\":{\"@id\":\"http:\\\/\\\/vamosporlaliberacion.org\\\/crpmlm\\\/la-obscenidad-cruel-de-los-dias-que-transcurren\\\/#primaryimage\"},\"image\":{\"@id\":\"http:\\\/\\\/vamosporlaliberacion.org\\\/crpmlm\\\/la-obscenidad-cruel-de-los-dias-que-transcurren\\\/#primaryimage\"},\"thumbnailUrl\":\"https:\\\/\\\/i0.wp.com\\\/vamosporlaliberacion.org\\\/crpmlm\\\/wp-content\\\/uploads\\\/2024\\\/10\\\/MileiColoquiodeIdea2024-3.jpg?fit=960%2C411&ssl=1\",\"datePublished\":\"2024-10-24T23:00:34+00:00\",\"dateModified\":\"2024-10-25T00:19:06+00:00\",\"author\":{\"@id\":\"https:\\\/\\\/vamosporlaliberacion.org\\\/crpmlm\\\/#\\\/schema\\\/person\\\/ebdbd4bf0e9418b9f0c0a93395366b2f\"},\"breadcrumb\":{\"@id\":\"http:\\\/\\\/vamosporlaliberacion.org\\\/crpmlm\\\/la-obscenidad-cruel-de-los-dias-que-transcurren\\\/#breadcrumb\"},\"inLanguage\":\"es\",\"potentialAction\":[{\"@type\":\"ReadAction\",\"target\":[\"http:\\\/\\\/vamosporlaliberacion.org\\\/crpmlm\\\/la-obscenidad-cruel-de-los-dias-que-transcurren\\\/\"]}]},{\"@type\":\"ImageObject\",\"inLanguage\":\"es\",\"@id\":\"http:\\\/\\\/vamosporlaliberacion.org\\\/crpmlm\\\/la-obscenidad-cruel-de-los-dias-que-transcurren\\\/#primaryimage\",\"url\":\"https:\\\/\\\/i0.wp.com\\\/vamosporlaliberacion.org\\\/crpmlm\\\/wp-content\\\/uploads\\\/2024\\\/10\\\/MileiColoquiodeIdea2024-3.jpg?fit=960%2C411&ssl=1\",\"contentUrl\":\"https:\\\/\\\/i0.wp.com\\\/vamosporlaliberacion.org\\\/crpmlm\\\/wp-content\\\/uploads\\\/2024\\\/10\\\/MileiColoquiodeIdea2024-3.jpg?fit=960%2C411&ssl=1\",\"width\":960,\"height\":411},{\"@type\":\"BreadcrumbList\",\"@id\":\"http:\\\/\\\/vamosporlaliberacion.org\\\/crpmlm\\\/la-obscenidad-cruel-de-los-dias-que-transcurren\\\/#breadcrumb\",\"itemListElement\":[{\"@type\":\"ListItem\",\"position\":1,\"name\":\"Portada\",\"item\":\"https:\\\/\\\/vamosporlaliberacion.org\\\/crpmlm\\\/\"},{\"@type\":\"ListItem\",\"position\":2,\"name\":\"La obscenidad cruel de los d\u00edas que transcurren\"}]},{\"@type\":\"WebSite\",\"@id\":\"https:\\\/\\\/vamosporlaliberacion.org\\\/crpmlm\\\/#website\",\"url\":\"https:\\\/\\\/vamosporlaliberacion.org\\\/crpmlm\\\/\",\"name\":\"Vamos por la Liberaci\u00f3n\",\"description\":\"Prensa CR\",\"potentialAction\":[{\"@type\":\"SearchAction\",\"target\":{\"@type\":\"EntryPoint\",\"urlTemplate\":\"https:\\\/\\\/vamosporlaliberacion.org\\\/crpmlm\\\/?s={search_term_string}\"},\"query-input\":{\"@type\":\"PropertyValueSpecification\",\"valueRequired\":true,\"valueName\":\"search_term_string\"}}],\"inLanguage\":\"es\"},{\"@type\":\"Person\",\"@id\":\"https:\\\/\\\/vamosporlaliberacion.org\\\/crpmlm\\\/#\\\/schema\\\/person\\\/ebdbd4bf0e9418b9f0c0a93395366b2f\",\"name\":\"Prensa Vamos\",\"sameAs\":[\"http:\\\/\\\/vamposporlaliberacion.org\"],\"url\":\"http:\\\/\\\/vamosporlaliberacion.org\\\/crpmlm\\\/author\\\/editor\\\/\"}]}<\/script>\n<!-- \/ Yoast SEO plugin. -->","yoast_head_json":{"title":"La obscenidad cruel de los d\u00edas que transcurren - Vamos por la Liberaci\u00f3n","robots":{"index":"index","follow":"follow","max-snippet":"max-snippet:-1","max-image-preview":"max-image-preview:large","max-video-preview":"max-video-preview:-1"},"canonical":"http:\/\/vamosporlaliberacion.org\/crpmlm\/la-obscenidad-cruel-de-los-dias-que-transcurren\/","twitter_misc":{"Escrito por":"Prensa Vamos","Tiempo de lectura":"6 minutos"},"schema":{"@context":"https:\/\/schema.org","@graph":[{"@type":"Article","@id":"http:\/\/vamosporlaliberacion.org\/crpmlm\/la-obscenidad-cruel-de-los-dias-que-transcurren\/#article","isPartOf":{"@id":"http:\/\/vamosporlaliberacion.org\/crpmlm\/la-obscenidad-cruel-de-los-dias-que-transcurren\/"},"author":{"name":"Prensa Vamos","@id":"https:\/\/vamosporlaliberacion.org\/crpmlm\/#\/schema\/person\/ebdbd4bf0e9418b9f0c0a93395366b2f"},"headline":"La obscenidad cruel de los d\u00edas que transcurren","datePublished":"2024-10-24T23:00:34+00:00","dateModified":"2024-10-25T00:19:06+00:00","mainEntityOfPage":{"@id":"http:\/\/vamosporlaliberacion.org\/crpmlm\/la-obscenidad-cruel-de-los-dias-que-transcurren\/"},"wordCount":1146,"image":{"@id":"http:\/\/vamosporlaliberacion.org\/crpmlm\/la-obscenidad-cruel-de-los-dias-que-transcurren\/#primaryimage"},"thumbnailUrl":"https:\/\/i0.wp.com\/vamosporlaliberacion.org\/crpmlm\/wp-content\/uploads\/2024\/10\/MileiColoquiodeIdea2024-3.jpg?fit=960%2C411&ssl=1","articleSection":["Editoriales"],"inLanguage":"es"},{"@type":"WebPage","@id":"http:\/\/vamosporlaliberacion.org\/crpmlm\/la-obscenidad-cruel-de-los-dias-que-transcurren\/","url":"http:\/\/vamosporlaliberacion.org\/crpmlm\/la-obscenidad-cruel-de-los-dias-que-transcurren\/","name":"La obscenidad cruel de los d\u00edas que transcurren - Vamos por la Liberaci\u00f3n","isPartOf":{"@id":"https:\/\/vamosporlaliberacion.org\/crpmlm\/#website"},"primaryImageOfPage":{"@id":"http:\/\/vamosporlaliberacion.org\/crpmlm\/la-obscenidad-cruel-de-los-dias-que-transcurren\/#primaryimage"},"image":{"@id":"http:\/\/vamosporlaliberacion.org\/crpmlm\/la-obscenidad-cruel-de-los-dias-que-transcurren\/#primaryimage"},"thumbnailUrl":"https:\/\/i0.wp.com\/vamosporlaliberacion.org\/crpmlm\/wp-content\/uploads\/2024\/10\/MileiColoquiodeIdea2024-3.jpg?fit=960%2C411&ssl=1","datePublished":"2024-10-24T23:00:34+00:00","dateModified":"2024-10-25T00:19:06+00:00","author":{"@id":"https:\/\/vamosporlaliberacion.org\/crpmlm\/#\/schema\/person\/ebdbd4bf0e9418b9f0c0a93395366b2f"},"breadcrumb":{"@id":"http:\/\/vamosporlaliberacion.org\/crpmlm\/la-obscenidad-cruel-de-los-dias-que-transcurren\/#breadcrumb"},"inLanguage":"es","potentialAction":[{"@type":"ReadAction","target":["http:\/\/vamosporlaliberacion.org\/crpmlm\/la-obscenidad-cruel-de-los-dias-que-transcurren\/"]}]},{"@type":"ImageObject","inLanguage":"es","@id":"http:\/\/vamosporlaliberacion.org\/crpmlm\/la-obscenidad-cruel-de-los-dias-que-transcurren\/#primaryimage","url":"https:\/\/i0.wp.com\/vamosporlaliberacion.org\/crpmlm\/wp-content\/uploads\/2024\/10\/MileiColoquiodeIdea2024-3.jpg?fit=960%2C411&ssl=1","contentUrl":"https:\/\/i0.wp.com\/vamosporlaliberacion.org\/crpmlm\/wp-content\/uploads\/2024\/10\/MileiColoquiodeIdea2024-3.jpg?fit=960%2C411&ssl=1","width":960,"height":411},{"@type":"BreadcrumbList","@id":"http:\/\/vamosporlaliberacion.org\/crpmlm\/la-obscenidad-cruel-de-los-dias-que-transcurren\/#breadcrumb","itemListElement":[{"@type":"ListItem","position":1,"name":"Portada","item":"https:\/\/vamosporlaliberacion.org\/crpmlm\/"},{"@type":"ListItem","position":2,"name":"La obscenidad cruel de los d\u00edas que transcurren"}]},{"@type":"WebSite","@id":"https:\/\/vamosporlaliberacion.org\/crpmlm\/#website","url":"https:\/\/vamosporlaliberacion.org\/crpmlm\/","name":"Vamos por la Liberaci\u00f3n","description":"Prensa CR","potentialAction":[{"@type":"SearchAction","target":{"@type":"EntryPoint","urlTemplate":"https:\/\/vamosporlaliberacion.org\/crpmlm\/?s={search_term_string}"},"query-input":{"@type":"PropertyValueSpecification","valueRequired":true,"valueName":"search_term_string"}}],"inLanguage":"es"},{"@type":"Person","@id":"https:\/\/vamosporlaliberacion.org\/crpmlm\/#\/schema\/person\/ebdbd4bf0e9418b9f0c0a93395366b2f","name":"Prensa Vamos","sameAs":["http:\/\/vamposporlaliberacion.org"],"url":"http:\/\/vamosporlaliberacion.org\/crpmlm\/author\/editor\/"}]}},"jetpack_featured_media_url":"https:\/\/i0.wp.com\/vamosporlaliberacion.org\/crpmlm\/wp-content\/uploads\/2024\/10\/MileiColoquiodeIdea2024-3.jpg?fit=960%2C411&ssl=1","jetpack_sharing_enabled":true,"_links":{"self":[{"href":"http:\/\/vamosporlaliberacion.org\/crpmlm\/wp-json\/wp\/v2\/posts\/28181","targetHints":{"allow":["GET"]}}],"collection":[{"href":"http:\/\/vamosporlaliberacion.org\/crpmlm\/wp-json\/wp\/v2\/posts"}],"about":[{"href":"http:\/\/vamosporlaliberacion.org\/crpmlm\/wp-json\/wp\/v2\/types\/post"}],"author":[{"embeddable":true,"href":"http:\/\/vamosporlaliberacion.org\/crpmlm\/wp-json\/wp\/v2\/users\/9"}],"replies":[{"embeddable":true,"href":"http:\/\/vamosporlaliberacion.org\/crpmlm\/wp-json\/wp\/v2\/comments?post=28181"}],"version-history":[{"count":3,"href":"http:\/\/vamosporlaliberacion.org\/crpmlm\/wp-json\/wp\/v2\/posts\/28181\/revisions"}],"predecessor-version":[{"id":28188,"href":"http:\/\/vamosporlaliberacion.org\/crpmlm\/wp-json\/wp\/v2\/posts\/28181\/revisions\/28188"}],"wp:featuredmedia":[{"embeddable":true,"href":"http:\/\/vamosporlaliberacion.org\/crpmlm\/wp-json\/wp\/v2\/media\/28190"}],"wp:attachment":[{"href":"http:\/\/vamosporlaliberacion.org\/crpmlm\/wp-json\/wp\/v2\/media?parent=28181"}],"wp:term":[{"taxonomy":"category","embeddable":true,"href":"http:\/\/vamosporlaliberacion.org\/crpmlm\/wp-json\/wp\/v2\/categories?post=28181"},{"taxonomy":"post_tag","embeddable":true,"href":"http:\/\/vamosporlaliberacion.org\/crpmlm\/wp-json\/wp\/v2\/tags?post=28181"}],"curies":[{"name":"wp","href":"https:\/\/api.w.org\/{rel}","templated":true}]}}