{"id":28109,"date":"2024-09-30T10:37:34","date_gmt":"2024-09-30T13:37:34","guid":{"rendered":"http:\/\/vamosporlaliberacion.org\/crpmlm\/?p=28109"},"modified":"2024-09-30T10:37:38","modified_gmt":"2024-09-30T13:37:38","slug":"vetemos-a-milei-con-unidad-en-las-calles","status":"publish","type":"post","link":"http:\/\/vamosporlaliberacion.org\/crpmlm\/vetemos-a-milei-con-unidad-en-las-calles\/","title":{"rendered":"\u00abVETEMOS\u00bb a Milei con unidad en las calles"},"content":{"rendered":"\n<h3 class=\"wp-block-heading\"><em>Frente al hambre, la entrega, la represi\u00f3n y el odio al pueblo<\/em><\/h3>\n\n\n\n<p>Los \u00edndices oficiales de pobreza e indigencia que dio a conocer el INDEC no sorprenden, pero muestran la cruda realidad donde el crecimiento hace estragos con el 52,9% durante el primer semestre de 2024, un incremento de 12,8% respecto a los datos de igual per\u00edodo de 2023 (40,1%). Adem\u00e1s, la indigencia se duplic\u00f3 en un a\u00f1o: pas\u00f3 del 9,3% en el primer semestre de 2023 al 18,1% en los primeros 6 meses de este a\u00f1o.<\/p>\n\n\n\n<p>Si se proyectan los datos de la Encuesta Permanente de Hogares (EPH) a todo el pa\u00eds,&nbsp;25 millones de personas son pobres&nbsp;(6 millones m\u00e1s que en el segundo semestre de 2023), de las cuales 8,5 millones son indigentes.<\/p>\n\n\n\n<p>Para completar el cuadro del <strong>\u201cInfierno de Milei\u201d<\/strong>, podemos se\u00f1alar el 66,1% de pobreza y 27% la indigencia en los j\u00f3venes; mas el 2% de subida del desempleo (254.000 personas); 145% de inflaci\u00f3n; 2,3% la ca\u00edda de la actividad econ\u00f3mica; 18% y 25% fue la ca\u00edda de los salarios formales e informales y 12,8% cayeron las ventas en supermercados.<\/p>\n\n\n\n<p>Se ha llegado a una situaci\u00f3n tan dram\u00e1tica para el pueblo y los intereses del pa\u00eds que exigen medidas a la altura de tama\u00f1a gravedad. <strong>El paro activo general de las centrales sindicales es, sin dudas, la m\u00e1s importante y necesaria.<\/strong><\/p>\n\n\n\n<p>No estamos frente a un gobierno de derecha m\u00e1s, con todo lo que eso implica, sino que se ha entrado en una fase donde el cinismo y la crueldad se manifiesta como pieza clave de la pol\u00edtica de gobierno.<\/p>\n\n\n\n<p><strong>No son neoliberales que tratan de justificar el ajuste a los jubilados y la represi\u00f3n, por el contrario, \u00a1\u00a1la celebran con asado y llaman h\u00e9roes a los que lo consiguieron!!<\/strong><\/p>\n\n\n\n<p>Llaman \u201cnido de ratas al Congreso\u201d, gobiernan por decreto o salen a comprar voluntades. Pisotean la democracia republicana \u00a1\u00a1y se ufanan de hacerlo!!, espantando a sectores de la oposici\u00f3n que veneran las instituciones y no tienen mejor idea (porque son herramientas constitucionales ejercidas por un presidente elegido por el 56%), que salir a aceptar el veto de aumento a los jubilados (\u00bfy la universidad p\u00fablica?) o el DNU 70\/30, <strong>admitiendo que una legitimidad de un gobierno se basa solo si es elegido por los votos<\/strong>, desechando el paso posterior en cuanto a si ese gobierno somete al pueblo y entrega el pa\u00eds, llevando adelante la represi\u00f3n a jubilados, persigue a opositores o utiliza los recursos del Estado para armar ej\u00e9rcitos de troles.<\/p>\n\n\n\n<p><strong>La legitimidad de un gobierno no solo se la dan los votos, tambi\u00e9n cuenta para que sector social gobierna. Si lo hace contra el pueblo y el pa\u00eds, estamos frente a una \u201ctiran\u00eda elegida por los votos\u201d.<\/strong><\/p>\n\n\n\n<p><strong>Organizar la desobediencia civil<\/strong><\/p>\n\n\n\n<p>\u00bfQu\u00e9 hacer cuando entramos en la fase m\u00e1s autoritaria del gobierno, mas provocadora, mas inescrupulosa y violenta? \u00bfmorir abrazados a las instituciones que han demostrado no ser barrera de contenci\u00f3n frente al fascismo y el descaro?, \u00bfesperar tres a\u00f1os a que termine su mandato? No est\u00e1 mal accionar contra el DNU 70\/23 que viola la Constituci\u00f3n; no est\u00e1 mal recurrir a la justicia u otros instrumentos legales, pero cuando eso no alcanza, la rebeli\u00f3n es la justicia.<\/p>\n\n\n\n<p><strong>La desobediencia civil se va haciendo de hecho, en miles que empujados por la crisis y la miseria optan por transgredir la regla<\/strong> donde se establece que es legal blanquear capitales de las estafas, narcotr\u00e1fico y fugas de un pu\u00f1ado a los que se los libera por 30 a\u00f1os de impuestos, se les baja los bienes personales, mientras a ese ciudadano o ciudadana de a pie, les ponen la polic\u00eda o seguridad privada para que no salte los molinetes en las estaciones de tren o subte, o debe afrontar aumentos de servicios de 400 o 600% \u201cporque esa es la regla\u201d.<\/p>\n\n\n\n<p><strong>Aqu\u00ed est\u00e1n las bases de la desobediencia civil organizada, que depender\u00e1 de la subjetividad social y pol\u00edtica para llevarla a un plano superior. Este es el camino que se inici\u00f3 en Tierra del Fuego (<a href=\"http:\/\/vamosporlaliberacion.org\/crpmlm\/gran-jornada-contra-los-tarifazos-en-tierra-del-fuego\/\" target=\"_blank\" rel=\"noreferrer noopener\">ver nota<\/a>).<\/strong> Esta es la verdadera encuesta, coincidente con los papales de las consultoras respecto de la p\u00e9rdida de confianza en el gobierno, <strong>marcando el principio del fin de la luna de miel con Milei<\/strong>. Ahora todo ser\u00e1 cuesta arriba para el gobierno que buscar\u00e1 no perder la iniciativa pol\u00edtica pero tambi\u00e9n se tornar\u00e1 m\u00e1s peligroso como una fiera acorralada donde acudir\u00e1 a mayor represi\u00f3n y montaje de provocaciones para cambiar el eje de la econom\u00eda como si el sol se pudiera tapar con la mano.<\/p>\n\n\n\n<figure class=\"wp-block-gallery has-nested-images columns-default is-cropped wp-block-gallery-1 is-layout-flex wp-block-gallery-is-layout-flex\">\n<figure class=\"wp-block-image size-large\"><img data-recalc-dims=\"1\" loading=\"lazy\" decoding=\"async\" width=\"696\" height=\"457\" data-id=\"28101\" src=\"https:\/\/i0.wp.com\/vamosporlaliberacion.org\/crpmlm\/wp-content\/uploads\/2024\/09\/ContraTarifazos-700x460.jpg?resize=696%2C457\" alt=\"\" class=\"wp-image-28101\" srcset=\"https:\/\/i0.wp.com\/vamosporlaliberacion.org\/crpmlm\/wp-content\/uploads\/2024\/09\/ContraTarifazos.jpg?resize=700%2C460&amp;ssl=1 700w, https:\/\/i0.wp.com\/vamosporlaliberacion.org\/crpmlm\/wp-content\/uploads\/2024\/09\/ContraTarifazos.jpg?resize=300%2C197&amp;ssl=1 300w, https:\/\/i0.wp.com\/vamosporlaliberacion.org\/crpmlm\/wp-content\/uploads\/2024\/09\/ContraTarifazos.jpg?resize=768%2C504&amp;ssl=1 768w, https:\/\/i0.wp.com\/vamosporlaliberacion.org\/crpmlm\/wp-content\/uploads\/2024\/09\/ContraTarifazos.jpg?resize=150%2C98&amp;ssl=1 150w, https:\/\/i0.wp.com\/vamosporlaliberacion.org\/crpmlm\/wp-content\/uploads\/2024\/09\/ContraTarifazos.jpg?resize=696%2C457&amp;ssl=1 696w, https:\/\/i0.wp.com\/vamosporlaliberacion.org\/crpmlm\/wp-content\/uploads\/2024\/09\/ContraTarifazos.jpg?resize=1068%2C701&amp;ssl=1 1068w, https:\/\/i0.wp.com\/vamosporlaliberacion.org\/crpmlm\/wp-content\/uploads\/2024\/09\/ContraTarifazos.jpg?resize=640%2C420&amp;ssl=1 640w, https:\/\/i0.wp.com\/vamosporlaliberacion.org\/crpmlm\/wp-content\/uploads\/2024\/09\/ContraTarifazos.jpg?resize=741%2C486&amp;ssl=1 741w, https:\/\/i0.wp.com\/vamosporlaliberacion.org\/crpmlm\/wp-content\/uploads\/2024\/09\/ContraTarifazos.jpg?w=1080&amp;ssl=1 1080w\" sizes=\"auto, (max-width: 696px) 100vw, 696px\" \/><figcaption class=\"wp-element-caption\">Contra los tarifazos en Tierra del Fuego s\u00e1bado 28\/9<\/figcaption><\/figure>\n\n\n\n<figure class=\"wp-block-image size-large\"><img data-recalc-dims=\"1\" loading=\"lazy\" decoding=\"async\" width=\"525\" height=\"700\" data-id=\"28103\" src=\"https:\/\/i0.wp.com\/vamosporlaliberacion.org\/crpmlm\/wp-content\/uploads\/2024\/09\/ContraTarifazos2-525x700.jpg?resize=525%2C700\" alt=\"\" class=\"wp-image-28103\" srcset=\"https:\/\/i0.wp.com\/vamosporlaliberacion.org\/crpmlm\/wp-content\/uploads\/2024\/09\/ContraTarifazos2.jpg?resize=525%2C700&amp;ssl=1 525w, https:\/\/i0.wp.com\/vamosporlaliberacion.org\/crpmlm\/wp-content\/uploads\/2024\/09\/ContraTarifazos2.jpg?resize=225%2C300&amp;ssl=1 225w, https:\/\/i0.wp.com\/vamosporlaliberacion.org\/crpmlm\/wp-content\/uploads\/2024\/09\/ContraTarifazos2.jpg?resize=768%2C1024&amp;ssl=1 768w, https:\/\/i0.wp.com\/vamosporlaliberacion.org\/crpmlm\/wp-content\/uploads\/2024\/09\/ContraTarifazos2.jpg?resize=150%2C200&amp;ssl=1 150w, https:\/\/i0.wp.com\/vamosporlaliberacion.org\/crpmlm\/wp-content\/uploads\/2024\/09\/ContraTarifazos2.jpg?resize=300%2C400&amp;ssl=1 300w, https:\/\/i0.wp.com\/vamosporlaliberacion.org\/crpmlm\/wp-content\/uploads\/2024\/09\/ContraTarifazos2.jpg?resize=696%2C928&amp;ssl=1 696w, https:\/\/i0.wp.com\/vamosporlaliberacion.org\/crpmlm\/wp-content\/uploads\/2024\/09\/ContraTarifazos2.jpg?resize=315%2C420&amp;ssl=1 315w, https:\/\/i0.wp.com\/vamosporlaliberacion.org\/crpmlm\/wp-content\/uploads\/2024\/09\/ContraTarifazos2.jpg?w=960&amp;ssl=1 960w\" sizes=\"auto, (max-width: 525px) 100vw, 525px\" \/><\/figure>\n<\/figure>\n\n\n\n<p><strong>Organizar la desobediencia civil, dotarla de las herramientas legales como los \u201camparos colectivos\u201d<\/strong> frente a los tarifazos que equivale en la mayor\u00eda de los casos a mas del 60\/70% de los salarios, sino m\u00e1s. Medidas que posibiliten a ir organizando en los territorios, desde los \u00f3rganos naturales de masas reconocidos por el pueblo como las juntas o centros vecinales, clubes, sindicatos o centros de estudiantes, etc.<\/p>\n\n\n\n<p><strong>Acciones directas acompa\u00f1adas con escraches, cortes y movilizaciones que le impongan a las centrales sindicales un paro activo nacional por tiempo indeterminado en las regionales para que se retroceda en este ajuste brutal sobre la inmensa mayor\u00eda del pueblo.<\/strong><\/p>\n\n\n\n<p>No se puede esperar a un recambio de derecha \u201cpor arriba\u201d para cambiar de figuritas gastadas y poner otras que siga con el ajuste con \u201cotros t\u00e9rminos\u201d. Tampoco se puede esperar tres a\u00f1os o jugar solo con la expectativa de cambiar la correlaci\u00f3n de fuerzas en el Congreso para \u201cforzar negociaciones\u201d con sectores de poder.<\/p>\n\n\n\n<p><strong>El pueblo debe imponer su impronta, con unidad y lucha por abajo, como la gran marcha federal en defensa de la educaci\u00f3n p\u00fablica el pr\u00f3ximo 2 de octubre.<\/strong><\/p>\n\n\n<div class=\"wp-block-image\">\n<figure class=\"aligncenter size-large is-resized\"><img data-recalc-dims=\"1\" loading=\"lazy\" decoding=\"async\" width=\"696\" height=\"463\" src=\"https:\/\/i0.wp.com\/vamosporlaliberacion.org\/crpmlm\/wp-content\/uploads\/2024\/04\/MarchaFedUniv-2-700x466.jpg?resize=696%2C463\" alt=\"\" class=\"wp-image-27785\" style=\"width:616px;height:auto\" srcset=\"https:\/\/i0.wp.com\/vamosporlaliberacion.org\/crpmlm\/wp-content\/uploads\/2024\/04\/MarchaFedUniv-2.jpg?resize=700%2C466&amp;ssl=1 700w, https:\/\/i0.wp.com\/vamosporlaliberacion.org\/crpmlm\/wp-content\/uploads\/2024\/04\/MarchaFedUniv-2.jpg?resize=300%2C200&amp;ssl=1 300w, https:\/\/i0.wp.com\/vamosporlaliberacion.org\/crpmlm\/wp-content\/uploads\/2024\/04\/MarchaFedUniv-2.jpg?resize=768%2C512&amp;ssl=1 768w, https:\/\/i0.wp.com\/vamosporlaliberacion.org\/crpmlm\/wp-content\/uploads\/2024\/04\/MarchaFedUniv-2.jpg?resize=150%2C100&amp;ssl=1 150w, https:\/\/i0.wp.com\/vamosporlaliberacion.org\/crpmlm\/wp-content\/uploads\/2024\/04\/MarchaFedUniv-2.jpg?resize=696%2C464&amp;ssl=1 696w, https:\/\/i0.wp.com\/vamosporlaliberacion.org\/crpmlm\/wp-content\/uploads\/2024\/04\/MarchaFedUniv-2.jpg?resize=630%2C420&amp;ssl=1 630w, https:\/\/i0.wp.com\/vamosporlaliberacion.org\/crpmlm\/wp-content\/uploads\/2024\/04\/MarchaFedUniv-2.jpg?w=800&amp;ssl=1 800w\" sizes=\"auto, (max-width: 696px) 100vw, 696px\" \/><figcaption class=\"wp-element-caption\">Marcha Federal Universitaria 23 de abril<\/figcaption><\/figure>\n<\/div>\n\n\n<p>Imponer una impronta donde est\u00e9 presente el cambio en la correlaci\u00f3n de fuerzas como ocurri\u00f3 en Chile en el 2019 donde el detonante fue el aumento del boleto, de una situaci\u00f3n que se ven\u00eda incubando de meses de ajuste brutal al pueblo. Un camino que pudo imponer la \u201cPlaza de la Dignidad\u201d, con lucha, heridos y muertos, pero pudo torcer el brazo a los poderosos, dividirlos e imponer el llamado a la Asamblea Constituyente y elecciones.<\/p>\n\n\n\n<p><strong>Debemos trabajar para iniciar el camino de la desobediencia civil, el paro general y llegar a las elecciones de 2025 con una gran unidad para cambiar la composici\u00f3n y lograr el llamado a una Asamblea Constituyente soberana con el pueblo en las calles. &nbsp;&nbsp;<\/strong><\/p>\n<!-- AddThis Advanced Settings generic via filter on the_content --><!-- AddThis Share Buttons generic via filter on the_content -->","protected":false},"excerpt":{"rendered":"<p>Frente al hambre, la entrega, la represi\u00f3n y el odio al pueblo Los \u00edndices oficiales de pobreza e indigencia que dio a conocer el INDEC no sorprenden, pero muestran la cruda realidad donde el crecimiento hace estragos con el 52,9% durante el primer semestre de 2024, un incremento de 12,8% respecto a los datos de [&hellip;]<!-- AddThis Advanced Settings generic via filter on get_the_excerpt --><!-- AddThis Share Buttons generic via filter on get_the_excerpt --><\/p>\n","protected":false},"author":9,"featured_media":28110,"comment_status":"closed","ping_status":"closed","sticky":false,"template":"","format":"standard","meta":{"_jetpack_memberships_contains_paid_content":false,"footnotes":""},"categories":[1881],"tags":[],"class_list":{"0":"post-28109","1":"post","2":"type-post","3":"status-publish","4":"format-standard","5":"has-post-thumbnail","7":"category-editoriales"},"yoast_head":"<!-- This site is optimized with the Yoast SEO plugin v27.4 - https:\/\/yoast.com\/product\/yoast-seo-wordpress\/ -->\n<title>&quot;VETEMOS&quot; a Milei con unidad en las calles - Vamos por la Liberaci\u00f3n<\/title>\n<meta name=\"robots\" content=\"index, follow, max-snippet:-1, max-image-preview:large, max-video-preview:-1\" \/>\n<link rel=\"canonical\" href=\"http:\/\/vamosporlaliberacion.org\/crpmlm\/vetemos-a-milei-con-unidad-en-las-calles\/\" \/>\n<meta name=\"twitter:label1\" content=\"Escrito por\" \/>\n\t<meta name=\"twitter:data1\" content=\"Prensa Vamos\" \/>\n\t<meta name=\"twitter:label2\" content=\"Tiempo de lectura\" \/>\n\t<meta name=\"twitter:data2\" content=\"6 minutos\" \/>\n<script type=\"application\/ld+json\" class=\"yoast-schema-graph\">{\"@context\":\"https:\\\/\\\/schema.org\",\"@graph\":[{\"@type\":\"Article\",\"@id\":\"http:\\\/\\\/vamosporlaliberacion.org\\\/crpmlm\\\/vetemos-a-milei-con-unidad-en-las-calles\\\/#article\",\"isPartOf\":{\"@id\":\"http:\\\/\\\/vamosporlaliberacion.org\\\/crpmlm\\\/vetemos-a-milei-con-unidad-en-las-calles\\\/\"},\"author\":{\"name\":\"Prensa Vamos\",\"@id\":\"https:\\\/\\\/vamosporlaliberacion.org\\\/crpmlm\\\/#\\\/schema\\\/person\\\/ebdbd4bf0e9418b9f0c0a93395366b2f\"},\"headline\":\"\u00abVETEMOS\u00bb a Milei con unidad en las calles\",\"datePublished\":\"2024-09-30T13:37:34+00:00\",\"dateModified\":\"2024-09-30T13:37:38+00:00\",\"mainEntityOfPage\":{\"@id\":\"http:\\\/\\\/vamosporlaliberacion.org\\\/crpmlm\\\/vetemos-a-milei-con-unidad-en-las-calles\\\/\"},\"wordCount\":1118,\"image\":{\"@id\":\"http:\\\/\\\/vamosporlaliberacion.org\\\/crpmlm\\\/vetemos-a-milei-con-unidad-en-las-calles\\\/#primaryimage\"},\"thumbnailUrl\":\"https:\\\/\\\/i0.wp.com\\\/vamosporlaliberacion.org\\\/crpmlm\\\/wp-content\\\/uploads\\\/2024\\\/09\\\/WhatsApp-Image-2024-09-27-at-18.41.47.jpeg?fit=900%2C599&ssl=1\",\"articleSection\":[\"Editoriales\"],\"inLanguage\":\"es\"},{\"@type\":\"WebPage\",\"@id\":\"http:\\\/\\\/vamosporlaliberacion.org\\\/crpmlm\\\/vetemos-a-milei-con-unidad-en-las-calles\\\/\",\"url\":\"http:\\\/\\\/vamosporlaliberacion.org\\\/crpmlm\\\/vetemos-a-milei-con-unidad-en-las-calles\\\/\",\"name\":\"\\\"VETEMOS\\\" a Milei con unidad en las calles - Vamos por la Liberaci\u00f3n\",\"isPartOf\":{\"@id\":\"https:\\\/\\\/vamosporlaliberacion.org\\\/crpmlm\\\/#website\"},\"primaryImageOfPage\":{\"@id\":\"http:\\\/\\\/vamosporlaliberacion.org\\\/crpmlm\\\/vetemos-a-milei-con-unidad-en-las-calles\\\/#primaryimage\"},\"image\":{\"@id\":\"http:\\\/\\\/vamosporlaliberacion.org\\\/crpmlm\\\/vetemos-a-milei-con-unidad-en-las-calles\\\/#primaryimage\"},\"thumbnailUrl\":\"https:\\\/\\\/i0.wp.com\\\/vamosporlaliberacion.org\\\/crpmlm\\\/wp-content\\\/uploads\\\/2024\\\/09\\\/WhatsApp-Image-2024-09-27-at-18.41.47.jpeg?fit=900%2C599&ssl=1\",\"datePublished\":\"2024-09-30T13:37:34+00:00\",\"dateModified\":\"2024-09-30T13:37:38+00:00\",\"author\":{\"@id\":\"https:\\\/\\\/vamosporlaliberacion.org\\\/crpmlm\\\/#\\\/schema\\\/person\\\/ebdbd4bf0e9418b9f0c0a93395366b2f\"},\"breadcrumb\":{\"@id\":\"http:\\\/\\\/vamosporlaliberacion.org\\\/crpmlm\\\/vetemos-a-milei-con-unidad-en-las-calles\\\/#breadcrumb\"},\"inLanguage\":\"es\",\"potentialAction\":[{\"@type\":\"ReadAction\",\"target\":[\"http:\\\/\\\/vamosporlaliberacion.org\\\/crpmlm\\\/vetemos-a-milei-con-unidad-en-las-calles\\\/\"]}]},{\"@type\":\"ImageObject\",\"inLanguage\":\"es\",\"@id\":\"http:\\\/\\\/vamosporlaliberacion.org\\\/crpmlm\\\/vetemos-a-milei-con-unidad-en-las-calles\\\/#primaryimage\",\"url\":\"https:\\\/\\\/i0.wp.com\\\/vamosporlaliberacion.org\\\/crpmlm\\\/wp-content\\\/uploads\\\/2024\\\/09\\\/WhatsApp-Image-2024-09-27-at-18.41.47.jpeg?fit=900%2C599&ssl=1\",\"contentUrl\":\"https:\\\/\\\/i0.wp.com\\\/vamosporlaliberacion.org\\\/crpmlm\\\/wp-content\\\/uploads\\\/2024\\\/09\\\/WhatsApp-Image-2024-09-27-at-18.41.47.jpeg?fit=900%2C599&ssl=1\",\"width\":900,\"height\":599},{\"@type\":\"BreadcrumbList\",\"@id\":\"http:\\\/\\\/vamosporlaliberacion.org\\\/crpmlm\\\/vetemos-a-milei-con-unidad-en-las-calles\\\/#breadcrumb\",\"itemListElement\":[{\"@type\":\"ListItem\",\"position\":1,\"name\":\"Portada\",\"item\":\"https:\\\/\\\/vamosporlaliberacion.org\\\/crpmlm\\\/\"},{\"@type\":\"ListItem\",\"position\":2,\"name\":\"\u00abVETEMOS\u00bb a Milei con unidad en las calles\"}]},{\"@type\":\"WebSite\",\"@id\":\"https:\\\/\\\/vamosporlaliberacion.org\\\/crpmlm\\\/#website\",\"url\":\"https:\\\/\\\/vamosporlaliberacion.org\\\/crpmlm\\\/\",\"name\":\"Vamos por la Liberaci\u00f3n\",\"description\":\"Prensa CR\",\"potentialAction\":[{\"@type\":\"SearchAction\",\"target\":{\"@type\":\"EntryPoint\",\"urlTemplate\":\"https:\\\/\\\/vamosporlaliberacion.org\\\/crpmlm\\\/?s={search_term_string}\"},\"query-input\":{\"@type\":\"PropertyValueSpecification\",\"valueRequired\":true,\"valueName\":\"search_term_string\"}}],\"inLanguage\":\"es\"},{\"@type\":\"Person\",\"@id\":\"https:\\\/\\\/vamosporlaliberacion.org\\\/crpmlm\\\/#\\\/schema\\\/person\\\/ebdbd4bf0e9418b9f0c0a93395366b2f\",\"name\":\"Prensa Vamos\",\"sameAs\":[\"http:\\\/\\\/vamposporlaliberacion.org\"],\"url\":\"http:\\\/\\\/vamosporlaliberacion.org\\\/crpmlm\\\/author\\\/editor\\\/\"}]}<\/script>\n<!-- \/ Yoast SEO plugin. -->","yoast_head_json":{"title":"\"VETEMOS\" a Milei con unidad en las calles - Vamos por la Liberaci\u00f3n","robots":{"index":"index","follow":"follow","max-snippet":"max-snippet:-1","max-image-preview":"max-image-preview:large","max-video-preview":"max-video-preview:-1"},"canonical":"http:\/\/vamosporlaliberacion.org\/crpmlm\/vetemos-a-milei-con-unidad-en-las-calles\/","twitter_misc":{"Escrito por":"Prensa Vamos","Tiempo de lectura":"6 minutos"},"schema":{"@context":"https:\/\/schema.org","@graph":[{"@type":"Article","@id":"http:\/\/vamosporlaliberacion.org\/crpmlm\/vetemos-a-milei-con-unidad-en-las-calles\/#article","isPartOf":{"@id":"http:\/\/vamosporlaliberacion.org\/crpmlm\/vetemos-a-milei-con-unidad-en-las-calles\/"},"author":{"name":"Prensa Vamos","@id":"https:\/\/vamosporlaliberacion.org\/crpmlm\/#\/schema\/person\/ebdbd4bf0e9418b9f0c0a93395366b2f"},"headline":"\u00abVETEMOS\u00bb a Milei con unidad en las calles","datePublished":"2024-09-30T13:37:34+00:00","dateModified":"2024-09-30T13:37:38+00:00","mainEntityOfPage":{"@id":"http:\/\/vamosporlaliberacion.org\/crpmlm\/vetemos-a-milei-con-unidad-en-las-calles\/"},"wordCount":1118,"image":{"@id":"http:\/\/vamosporlaliberacion.org\/crpmlm\/vetemos-a-milei-con-unidad-en-las-calles\/#primaryimage"},"thumbnailUrl":"https:\/\/i0.wp.com\/vamosporlaliberacion.org\/crpmlm\/wp-content\/uploads\/2024\/09\/WhatsApp-Image-2024-09-27-at-18.41.47.jpeg?fit=900%2C599&ssl=1","articleSection":["Editoriales"],"inLanguage":"es"},{"@type":"WebPage","@id":"http:\/\/vamosporlaliberacion.org\/crpmlm\/vetemos-a-milei-con-unidad-en-las-calles\/","url":"http:\/\/vamosporlaliberacion.org\/crpmlm\/vetemos-a-milei-con-unidad-en-las-calles\/","name":"\"VETEMOS\" a Milei con unidad en las calles - Vamos por la Liberaci\u00f3n","isPartOf":{"@id":"https:\/\/vamosporlaliberacion.org\/crpmlm\/#website"},"primaryImageOfPage":{"@id":"http:\/\/vamosporlaliberacion.org\/crpmlm\/vetemos-a-milei-con-unidad-en-las-calles\/#primaryimage"},"image":{"@id":"http:\/\/vamosporlaliberacion.org\/crpmlm\/vetemos-a-milei-con-unidad-en-las-calles\/#primaryimage"},"thumbnailUrl":"https:\/\/i0.wp.com\/vamosporlaliberacion.org\/crpmlm\/wp-content\/uploads\/2024\/09\/WhatsApp-Image-2024-09-27-at-18.41.47.jpeg?fit=900%2C599&ssl=1","datePublished":"2024-09-30T13:37:34+00:00","dateModified":"2024-09-30T13:37:38+00:00","author":{"@id":"https:\/\/vamosporlaliberacion.org\/crpmlm\/#\/schema\/person\/ebdbd4bf0e9418b9f0c0a93395366b2f"},"breadcrumb":{"@id":"http:\/\/vamosporlaliberacion.org\/crpmlm\/vetemos-a-milei-con-unidad-en-las-calles\/#breadcrumb"},"inLanguage":"es","potentialAction":[{"@type":"ReadAction","target":["http:\/\/vamosporlaliberacion.org\/crpmlm\/vetemos-a-milei-con-unidad-en-las-calles\/"]}]},{"@type":"ImageObject","inLanguage":"es","@id":"http:\/\/vamosporlaliberacion.org\/crpmlm\/vetemos-a-milei-con-unidad-en-las-calles\/#primaryimage","url":"https:\/\/i0.wp.com\/vamosporlaliberacion.org\/crpmlm\/wp-content\/uploads\/2024\/09\/WhatsApp-Image-2024-09-27-at-18.41.47.jpeg?fit=900%2C599&ssl=1","contentUrl":"https:\/\/i0.wp.com\/vamosporlaliberacion.org\/crpmlm\/wp-content\/uploads\/2024\/09\/WhatsApp-Image-2024-09-27-at-18.41.47.jpeg?fit=900%2C599&ssl=1","width":900,"height":599},{"@type":"BreadcrumbList","@id":"http:\/\/vamosporlaliberacion.org\/crpmlm\/vetemos-a-milei-con-unidad-en-las-calles\/#breadcrumb","itemListElement":[{"@type":"ListItem","position":1,"name":"Portada","item":"https:\/\/vamosporlaliberacion.org\/crpmlm\/"},{"@type":"ListItem","position":2,"name":"\u00abVETEMOS\u00bb a Milei con unidad en las calles"}]},{"@type":"WebSite","@id":"https:\/\/vamosporlaliberacion.org\/crpmlm\/#website","url":"https:\/\/vamosporlaliberacion.org\/crpmlm\/","name":"Vamos por la Liberaci\u00f3n","description":"Prensa CR","potentialAction":[{"@type":"SearchAction","target":{"@type":"EntryPoint","urlTemplate":"https:\/\/vamosporlaliberacion.org\/crpmlm\/?s={search_term_string}"},"query-input":{"@type":"PropertyValueSpecification","valueRequired":true,"valueName":"search_term_string"}}],"inLanguage":"es"},{"@type":"Person","@id":"https:\/\/vamosporlaliberacion.org\/crpmlm\/#\/schema\/person\/ebdbd4bf0e9418b9f0c0a93395366b2f","name":"Prensa Vamos","sameAs":["http:\/\/vamposporlaliberacion.org"],"url":"http:\/\/vamosporlaliberacion.org\/crpmlm\/author\/editor\/"}]}},"jetpack_featured_media_url":"https:\/\/i0.wp.com\/vamosporlaliberacion.org\/crpmlm\/wp-content\/uploads\/2024\/09\/WhatsApp-Image-2024-09-27-at-18.41.47.jpeg?fit=900%2C599&ssl=1","jetpack_sharing_enabled":true,"_links":{"self":[{"href":"http:\/\/vamosporlaliberacion.org\/crpmlm\/wp-json\/wp\/v2\/posts\/28109","targetHints":{"allow":["GET"]}}],"collection":[{"href":"http:\/\/vamosporlaliberacion.org\/crpmlm\/wp-json\/wp\/v2\/posts"}],"about":[{"href":"http:\/\/vamosporlaliberacion.org\/crpmlm\/wp-json\/wp\/v2\/types\/post"}],"author":[{"embeddable":true,"href":"http:\/\/vamosporlaliberacion.org\/crpmlm\/wp-json\/wp\/v2\/users\/9"}],"replies":[{"embeddable":true,"href":"http:\/\/vamosporlaliberacion.org\/crpmlm\/wp-json\/wp\/v2\/comments?post=28109"}],"version-history":[{"count":1,"href":"http:\/\/vamosporlaliberacion.org\/crpmlm\/wp-json\/wp\/v2\/posts\/28109\/revisions"}],"predecessor-version":[{"id":28111,"href":"http:\/\/vamosporlaliberacion.org\/crpmlm\/wp-json\/wp\/v2\/posts\/28109\/revisions\/28111"}],"wp:featuredmedia":[{"embeddable":true,"href":"http:\/\/vamosporlaliberacion.org\/crpmlm\/wp-json\/wp\/v2\/media\/28110"}],"wp:attachment":[{"href":"http:\/\/vamosporlaliberacion.org\/crpmlm\/wp-json\/wp\/v2\/media?parent=28109"}],"wp:term":[{"taxonomy":"category","embeddable":true,"href":"http:\/\/vamosporlaliberacion.org\/crpmlm\/wp-json\/wp\/v2\/categories?post=28109"},{"taxonomy":"post_tag","embeddable":true,"href":"http:\/\/vamosporlaliberacion.org\/crpmlm\/wp-json\/wp\/v2\/tags?post=28109"}],"curies":[{"name":"wp","href":"https:\/\/api.w.org\/{rel}","templated":true}]}}