{"id":28100,"date":"2024-09-30T10:10:11","date_gmt":"2024-09-30T13:10:11","guid":{"rendered":"http:\/\/vamosporlaliberacion.org\/crpmlm\/?p=28100"},"modified":"2024-09-30T10:16:27","modified_gmt":"2024-09-30T13:16:27","slug":"gran-jornada-contra-los-tarifazos-en-tierra-del-fuego","status":"publish","type":"post","link":"http:\/\/vamosporlaliberacion.org\/crpmlm\/gran-jornada-contra-los-tarifazos-en-tierra-del-fuego\/","title":{"rendered":"Gran jornada contra los tarifazos en Tierra del Fuego"},"content":{"rendered":"\n<p>Se realiz\u00f3 el 28\/9 frente a la oficina de Camuzzi gas en Ushuaia, y en la Torre del Agua en R\u00edo Grande  con una gran convocatoria lanzada por organizaciones pol\u00edticas, barriales y sindicales que se manifestaron el el s\u00e1bado contra los infames tarifazos en los servicios.<\/p>\n\n\n<div class=\"wp-block-image\">\n<figure class=\"aligncenter size-full is-resized\"><img data-recalc-dims=\"1\" loading=\"lazy\" decoding=\"async\" width=\"540\" height=\"405\" src=\"https:\/\/i0.wp.com\/vamosporlaliberacion.org\/crpmlm\/wp-content\/uploads\/2024\/09\/contraTarifazosTdF.jpg.jpeg?resize=540%2C405\" alt=\"\" class=\"wp-image-28102\" style=\"width:423px;height:auto\" srcset=\"https:\/\/i0.wp.com\/vamosporlaliberacion.org\/crpmlm\/wp-content\/uploads\/2024\/09\/contraTarifazosTdF.jpg.jpeg?w=540&amp;ssl=1 540w, https:\/\/i0.wp.com\/vamosporlaliberacion.org\/crpmlm\/wp-content\/uploads\/2024\/09\/contraTarifazosTdF.jpg.jpeg?resize=300%2C225&amp;ssl=1 300w, https:\/\/i0.wp.com\/vamosporlaliberacion.org\/crpmlm\/wp-content\/uploads\/2024\/09\/contraTarifazosTdF.jpg.jpeg?resize=150%2C113&amp;ssl=1 150w, https:\/\/i0.wp.com\/vamosporlaliberacion.org\/crpmlm\/wp-content\/uploads\/2024\/09\/contraTarifazosTdF.jpg.jpeg?resize=80%2C60&amp;ssl=1 80w, https:\/\/i0.wp.com\/vamosporlaliberacion.org\/crpmlm\/wp-content\/uploads\/2024\/09\/contraTarifazosTdF.jpg.jpeg?resize=265%2C198&amp;ssl=1 265w\" sizes=\"auto, (max-width: 540px) 100vw, 540px\" \/><\/figure>\n<\/div>\n\n\n<p>La convocatoria se realiz\u00f3 en una conferencia de prensa el 25\/9 con la declaraci\u00f3n que compartimos debajo:<\/p>\n\n\n\n<p>\u201cEn un contexto de crisis social y econ\u00f3mica \u2013de depreciaci\u00f3n del poder adquisitivo de los salarios, cierres de f\u00e1bricas, despidos, ceses de contratos, recesi\u00f3n en la producci\u00f3n, ca\u00edda del consumo, incremento de la pobreza\u2013 se profundiza un modelo energ\u00e9tico que concibe a la energ\u00eda como una mercanc\u00eda.<\/p>\n\n\n\n<p>Con la quita de subsidios y un aumento de las tarifas de los servicios p\u00fablicos de gas, electricidad y agua se castiga al pueblo trabajador para incrementar los altos m\u00e1rgenes de ganancia de las empresas privadas.<\/p>\n\n\n\n<p>\u00a1Basta de aumentos! \u00a1El gas, la electricidad y el agua no son un negocio, son un derecho! \u00a1Hay que poner la energ\u00eda al servicio del pueblo y de la clase trabajadora! \u00a1El tarifazo es una estafa y no debe pagarse! Desde ya, agradecemos la presencia de periodistas y medios de comunicaci\u00f3n que participen de la conferencia.<\/p>\n\n\n\n<p>Invitan y convocan: UTHGRA \/ SATSAID \/ UTEDYC \/ STVYARA \/ UOCRA \/ UOYEP \/ SUTERH \/ UTA \/ SEAMARA \/ SUETRA \/ La Bancaria \/ UPCN \/ AOT \/ SOMU \/ SMATA \/ SDU \/ UEJN \/ SECASFPI \/ SUTEF \/ FEDUN \/ SEMUP \/ ATSA \/ APUN \/ APOPS \/ SOEM \/ UDA \/ AATRAC \/ SADOP \/ SUPARA \/ APDFA \/ LUZ Y FUERZA PATAGONIA \/ CEA \/ APEL \/ Sindicato de Guincheros Maquinistas y Gr\u00faas M\u00f3viles \/ ASIMRA \/ SOMRA \/ ASEOM \/ SOYEM TOLHUIN \/ La Fraternidad \/ ATRARA \/ Corriente Insurrecta \/ Que nos escuchen \/ Movimiento Evita \/ Soberanxs \/ Faldeo de Andorra \/ UTEP \/ Barrios de Pie\u201d<\/p>\n\n\n\n<p><strong><em>Una convocatoria para repetir en todo el pa\u00eds y empezar a organizarse para la lucha ganando las calles contra la pol\u00edtica de empobrecimiento y entrega de Milei.<\/em><\/strong><\/p>\n\n\n\n<p><strong>\u00a1La energ\u00eda es un Derecho Humano!<\/strong><\/p>\n\n\n\n<div class=\"wp-block-jetpack-tiled-gallery aligncenter is-style-rectangular\"><div class=\"\"><div class=\"tiled-gallery__gallery\"><div class=\"tiled-gallery__row\"><div class=\"tiled-gallery__col\" style=\"flex-basis:18.44838%\"><figure class=\"tiled-gallery__item\"><img decoding=\"async\" srcset=\"https:\/\/i1.wp.com\/vamosporlaliberacion.org\/crpmlm\/wp-content\/uploads\/2024\/09\/ContraTarifazos2-525x700.jpg?strip=info&#038;w=600&#038;ssl=1 600w,https:\/\/i1.wp.com\/vamosporlaliberacion.org\/crpmlm\/wp-content\/uploads\/2024\/09\/ContraTarifazos2-525x700.jpg?strip=info&#038;w=900&#038;ssl=1 900w,https:\/\/i1.wp.com\/vamosporlaliberacion.org\/crpmlm\/wp-content\/uploads\/2024\/09\/ContraTarifazos2-525x700.jpg?strip=info&#038;w=960&#038;ssl=1 960w\" alt=\"\" data-height=\"1280\" data-id=\"28103\" data-link=\"http:\/\/vamosporlaliberacion.org\/crpmlm\/?attachment_id=28103\" data-url=\"http:\/\/vamosporlaliberacion.org\/crpmlm\/wp-content\/uploads\/2024\/09\/ContraTarifazos2-525x700.jpg\" data-width=\"960\" src=\"https:\/\/i1.wp.com\/vamosporlaliberacion.org\/crpmlm\/wp-content\/uploads\/2024\/09\/ContraTarifazos2-525x700.jpg?ssl=1\" data-amp-layout=\"responsive\" tabindex=\"0\" role=\"button\" aria-label=\"Abrir la imagen 1 de 3 en pantalla completa\"\/><\/figure><\/div><div class=\"tiled-gallery__col\" style=\"flex-basis:32.65674%\"><figure class=\"tiled-gallery__item\"><img decoding=\"async\" srcset=\"https:\/\/i1.wp.com\/vamosporlaliberacion.org\/crpmlm\/wp-content\/uploads\/2024\/09\/ContraTarifazos3-700x525.jpg?strip=info&#038;w=600&#038;ssl=1 600w,https:\/\/i1.wp.com\/vamosporlaliberacion.org\/crpmlm\/wp-content\/uploads\/2024\/09\/ContraTarifazos3-700x525.jpg?strip=info&#038;w=900&#038;ssl=1 900w,https:\/\/i1.wp.com\/vamosporlaliberacion.org\/crpmlm\/wp-content\/uploads\/2024\/09\/ContraTarifazos3-700x525.jpg?strip=info&#038;w=1200&#038;ssl=1 1200w,https:\/\/i1.wp.com\/vamosporlaliberacion.org\/crpmlm\/wp-content\/uploads\/2024\/09\/ContraTarifazos3-700x525.jpg?strip=info&#038;w=1280&#038;ssl=1 1280w\" alt=\"\" data-height=\"960\" data-id=\"28104\" data-link=\"http:\/\/vamosporlaliberacion.org\/crpmlm\/?attachment_id=28104\" data-url=\"http:\/\/vamosporlaliberacion.org\/crpmlm\/wp-content\/uploads\/2024\/09\/ContraTarifazos3-700x525.jpg\" data-width=\"1280\" src=\"https:\/\/i1.wp.com\/vamosporlaliberacion.org\/crpmlm\/wp-content\/uploads\/2024\/09\/ContraTarifazos3-700x525.jpg?ssl=1\" data-amp-layout=\"responsive\" tabindex=\"0\" role=\"button\" aria-label=\"Abrir la imagen 2 de 3 en pantalla completa\"\/><\/figure><\/div><div class=\"tiled-gallery__col\" style=\"flex-basis:48.89487%\"><figure class=\"tiled-gallery__item\"><img decoding=\"async\" srcset=\"https:\/\/i0.wp.com\/vamosporlaliberacion.org\/crpmlm\/wp-content\/uploads\/2024\/09\/ContraTarifazosConvocatoria-700x350.jpg?strip=info&#038;w=600&#038;ssl=1 600w,https:\/\/i0.wp.com\/vamosporlaliberacion.org\/crpmlm\/wp-content\/uploads\/2024\/09\/ContraTarifazosConvocatoria-700x350.jpg?strip=info&#038;w=740&#038;ssl=1 740w\" alt=\"\" data-height=\"370\" data-id=\"28105\" data-link=\"http:\/\/vamosporlaliberacion.org\/crpmlm\/?attachment_id=28105\" data-url=\"http:\/\/vamosporlaliberacion.org\/crpmlm\/wp-content\/uploads\/2024\/09\/ContraTarifazosConvocatoria-700x350.jpg\" data-width=\"740\" src=\"https:\/\/i0.wp.com\/vamosporlaliberacion.org\/crpmlm\/wp-content\/uploads\/2024\/09\/ContraTarifazosConvocatoria-700x350.jpg?ssl=1\" data-amp-layout=\"responsive\" tabindex=\"0\" role=\"button\" aria-label=\"Abrir la imagen 3 de 3 en pantalla completa\"\/><\/figure><\/div><\/div><\/div><\/div><\/div>\n\n\n\n<figure class=\"wp-block-embed aligncenter is-type-video is-provider-youtube wp-block-embed-youtube wp-embed-aspect-16-9 wp-has-aspect-ratio\"><div class=\"wp-block-embed__wrapper\">\n<iframe loading=\"lazy\" title=\"Conferencia de prensa: \u00a1NO A LOS TARIFAZOS!\" width=\"696\" height=\"392\" src=\"https:\/\/www.youtube.com\/embed\/y286vmmZN90?feature=oembed\" frameborder=\"0\" allow=\"accelerometer; autoplay; clipboard-write; encrypted-media; gyroscope; picture-in-picture; web-share\" referrerpolicy=\"strict-origin-when-cross-origin\" allowfullscreen><\/iframe>\n<\/div><\/figure>\n\n\n\n<p>#laenergiaesunderechohumano<\/p>\n\n\n\n<p style=\"margin-top:-27px\">#lapatrianosevende<\/p>\n\n\n\n<p style=\"margin-top:-27px\">#soberania<\/p>\n\n\n\n<p style=\"margin-top:-27px\">#bastadetarifazos<\/p>\n\n\n\n<p style=\"margin-top:-27px\">#bastadeamoresdemierda<\/p>\n\n\n\n<p>Nota: algunas de las fotos fueron compartidas por los compa\u00f1eros de Soberanxs Tierra del Fuego.<\/p>\n<!-- AddThis Advanced Settings generic via filter on the_content --><!-- AddThis Share Buttons generic via filter on the_content -->","protected":false},"excerpt":{"rendered":"<p>Se realiz\u00f3 el 28\/9 frente a la oficina de Camuzzi gas en Ushuaia, y en la Torre del Agua en R\u00edo Grande con una gran convocatoria lanzada por organizaciones pol\u00edticas, barriales y sindicales que se manifestaron el el s\u00e1bado contra los infames tarifazos en los servicios. La convocatoria se realiz\u00f3 en una conferencia de prensa [&hellip;]<!-- AddThis Advanced Settings generic via filter on get_the_excerpt --><!-- AddThis Share Buttons generic via filter on get_the_excerpt --><\/p>\n","protected":false},"author":9,"featured_media":28101,"comment_status":"closed","ping_status":"closed","sticky":false,"template":"","format":"standard","meta":{"_jetpack_memberships_contains_paid_content":false,"footnotes":""},"categories":[1699],"tags":[],"class_list":{"0":"post-28100","1":"post","2":"type-post","3":"status-publish","4":"format-standard","5":"has-post-thumbnail","7":"category-noticias"},"yoast_head":"<!-- This site is optimized with the Yoast SEO plugin v27.4 - https:\/\/yoast.com\/product\/yoast-seo-wordpress\/ -->\n<title>Gran jornada contra los tarifazos en Tierra del Fuego - Vamos por la Liberaci\u00f3n<\/title>\n<meta name=\"description\" content=\"Se realiz\u00f3 el 28\/9 frente a la oficina de Camuzzi gas en Ushuaia, y en la Torre del Agua en R\u00edo Grande con una gran convocatoria lanzada por organizaciones pol\u00edticas, barriales y sindicales que se manifestaron el el s\u00e1bado contra los infames tarifazos en los servicios.\" \/>\n<meta name=\"robots\" content=\"index, follow, max-snippet:-1, max-image-preview:large, max-video-preview:-1\" \/>\n<link rel=\"canonical\" href=\"http:\/\/vamosporlaliberacion.org\/crpmlm\/gran-jornada-contra-los-tarifazos-en-tierra-del-fuego\/\" \/>\n<meta name=\"twitter:label1\" content=\"Escrito por\" \/>\n\t<meta name=\"twitter:data1\" content=\"Prensa Vamos\" \/>\n\t<meta name=\"twitter:label2\" content=\"Tiempo de lectura\" \/>\n\t<meta name=\"twitter:data2\" content=\"3 minutos\" \/>\n<script type=\"application\/ld+json\" class=\"yoast-schema-graph\">{\"@context\":\"https:\\\/\\\/schema.org\",\"@graph\":[{\"@type\":\"Article\",\"@id\":\"http:\\\/\\\/vamosporlaliberacion.org\\\/crpmlm\\\/gran-jornada-contra-los-tarifazos-en-tierra-del-fuego\\\/#article\",\"isPartOf\":{\"@id\":\"http:\\\/\\\/vamosporlaliberacion.org\\\/crpmlm\\\/gran-jornada-contra-los-tarifazos-en-tierra-del-fuego\\\/\"},\"author\":{\"name\":\"Prensa Vamos\",\"@id\":\"https:\\\/\\\/vamosporlaliberacion.org\\\/crpmlm\\\/#\\\/schema\\\/person\\\/ebdbd4bf0e9418b9f0c0a93395366b2f\"},\"headline\":\"Gran jornada contra los tarifazos en Tierra del Fuego\",\"datePublished\":\"2024-09-30T13:10:11+00:00\",\"dateModified\":\"2024-09-30T13:16:27+00:00\",\"mainEntityOfPage\":{\"@id\":\"http:\\\/\\\/vamosporlaliberacion.org\\\/crpmlm\\\/gran-jornada-contra-los-tarifazos-en-tierra-del-fuego\\\/\"},\"wordCount\":360,\"image\":{\"@id\":\"http:\\\/\\\/vamosporlaliberacion.org\\\/crpmlm\\\/gran-jornada-contra-los-tarifazos-en-tierra-del-fuego\\\/#primaryimage\"},\"thumbnailUrl\":\"https:\\\/\\\/i0.wp.com\\\/vamosporlaliberacion.org\\\/crpmlm\\\/wp-content\\\/uploads\\\/2024\\\/09\\\/ContraTarifazos.jpg?fit=1080%2C709&ssl=1\",\"articleSection\":[\"Noticias\"],\"inLanguage\":\"es\"},{\"@type\":\"WebPage\",\"@id\":\"http:\\\/\\\/vamosporlaliberacion.org\\\/crpmlm\\\/gran-jornada-contra-los-tarifazos-en-tierra-del-fuego\\\/\",\"url\":\"http:\\\/\\\/vamosporlaliberacion.org\\\/crpmlm\\\/gran-jornada-contra-los-tarifazos-en-tierra-del-fuego\\\/\",\"name\":\"Gran jornada contra los tarifazos en Tierra del Fuego - Vamos por la Liberaci\u00f3n\",\"isPartOf\":{\"@id\":\"https:\\\/\\\/vamosporlaliberacion.org\\\/crpmlm\\\/#website\"},\"primaryImageOfPage\":{\"@id\":\"http:\\\/\\\/vamosporlaliberacion.org\\\/crpmlm\\\/gran-jornada-contra-los-tarifazos-en-tierra-del-fuego\\\/#primaryimage\"},\"image\":{\"@id\":\"http:\\\/\\\/vamosporlaliberacion.org\\\/crpmlm\\\/gran-jornada-contra-los-tarifazos-en-tierra-del-fuego\\\/#primaryimage\"},\"thumbnailUrl\":\"https:\\\/\\\/i0.wp.com\\\/vamosporlaliberacion.org\\\/crpmlm\\\/wp-content\\\/uploads\\\/2024\\\/09\\\/ContraTarifazos.jpg?fit=1080%2C709&ssl=1\",\"datePublished\":\"2024-09-30T13:10:11+00:00\",\"dateModified\":\"2024-09-30T13:16:27+00:00\",\"author\":{\"@id\":\"https:\\\/\\\/vamosporlaliberacion.org\\\/crpmlm\\\/#\\\/schema\\\/person\\\/ebdbd4bf0e9418b9f0c0a93395366b2f\"},\"description\":\"Se realiz\u00f3 el 28\\\/9 frente a la oficina de Camuzzi gas en Ushuaia, y en la Torre del Agua en R\u00edo Grande con una gran convocatoria lanzada por organizaciones pol\u00edticas, barriales y sindicales que se manifestaron el el s\u00e1bado contra los infames tarifazos en los servicios.\",\"breadcrumb\":{\"@id\":\"http:\\\/\\\/vamosporlaliberacion.org\\\/crpmlm\\\/gran-jornada-contra-los-tarifazos-en-tierra-del-fuego\\\/#breadcrumb\"},\"inLanguage\":\"es\",\"potentialAction\":[{\"@type\":\"ReadAction\",\"target\":[\"http:\\\/\\\/vamosporlaliberacion.org\\\/crpmlm\\\/gran-jornada-contra-los-tarifazos-en-tierra-del-fuego\\\/\"]}]},{\"@type\":\"ImageObject\",\"inLanguage\":\"es\",\"@id\":\"http:\\\/\\\/vamosporlaliberacion.org\\\/crpmlm\\\/gran-jornada-contra-los-tarifazos-en-tierra-del-fuego\\\/#primaryimage\",\"url\":\"https:\\\/\\\/i0.wp.com\\\/vamosporlaliberacion.org\\\/crpmlm\\\/wp-content\\\/uploads\\\/2024\\\/09\\\/ContraTarifazos.jpg?fit=1080%2C709&ssl=1\",\"contentUrl\":\"https:\\\/\\\/i0.wp.com\\\/vamosporlaliberacion.org\\\/crpmlm\\\/wp-content\\\/uploads\\\/2024\\\/09\\\/ContraTarifazos.jpg?fit=1080%2C709&ssl=1\",\"width\":1080,\"height\":709,\"caption\":\"Contra los tarifazoz en Tierra del Fuego s\u00e1bado 28\\\/9\"},{\"@type\":\"BreadcrumbList\",\"@id\":\"http:\\\/\\\/vamosporlaliberacion.org\\\/crpmlm\\\/gran-jornada-contra-los-tarifazos-en-tierra-del-fuego\\\/#breadcrumb\",\"itemListElement\":[{\"@type\":\"ListItem\",\"position\":1,\"name\":\"Portada\",\"item\":\"https:\\\/\\\/vamosporlaliberacion.org\\\/crpmlm\\\/\"},{\"@type\":\"ListItem\",\"position\":2,\"name\":\"Gran jornada contra los tarifazos en Tierra del Fuego\"}]},{\"@type\":\"WebSite\",\"@id\":\"https:\\\/\\\/vamosporlaliberacion.org\\\/crpmlm\\\/#website\",\"url\":\"https:\\\/\\\/vamosporlaliberacion.org\\\/crpmlm\\\/\",\"name\":\"Vamos por la Liberaci\u00f3n\",\"description\":\"Prensa CR\",\"potentialAction\":[{\"@type\":\"SearchAction\",\"target\":{\"@type\":\"EntryPoint\",\"urlTemplate\":\"https:\\\/\\\/vamosporlaliberacion.org\\\/crpmlm\\\/?s={search_term_string}\"},\"query-input\":{\"@type\":\"PropertyValueSpecification\",\"valueRequired\":true,\"valueName\":\"search_term_string\"}}],\"inLanguage\":\"es\"},{\"@type\":\"Person\",\"@id\":\"https:\\\/\\\/vamosporlaliberacion.org\\\/crpmlm\\\/#\\\/schema\\\/person\\\/ebdbd4bf0e9418b9f0c0a93395366b2f\",\"name\":\"Prensa Vamos\",\"sameAs\":[\"http:\\\/\\\/vamposporlaliberacion.org\"],\"url\":\"http:\\\/\\\/vamosporlaliberacion.org\\\/crpmlm\\\/author\\\/editor\\\/\"}]}<\/script>\n<!-- \/ Yoast SEO plugin. -->","yoast_head_json":{"title":"Gran jornada contra los tarifazos en Tierra del Fuego - Vamos por la Liberaci\u00f3n","description":"Se realiz\u00f3 el 28\/9 frente a la oficina de Camuzzi gas en Ushuaia, y en la Torre del Agua en R\u00edo Grande con una gran convocatoria lanzada por organizaciones pol\u00edticas, barriales y sindicales que se manifestaron el el s\u00e1bado contra los infames tarifazos en los servicios.","robots":{"index":"index","follow":"follow","max-snippet":"max-snippet:-1","max-image-preview":"max-image-preview:large","max-video-preview":"max-video-preview:-1"},"canonical":"http:\/\/vamosporlaliberacion.org\/crpmlm\/gran-jornada-contra-los-tarifazos-en-tierra-del-fuego\/","twitter_misc":{"Escrito por":"Prensa Vamos","Tiempo de lectura":"3 minutos"},"schema":{"@context":"https:\/\/schema.org","@graph":[{"@type":"Article","@id":"http:\/\/vamosporlaliberacion.org\/crpmlm\/gran-jornada-contra-los-tarifazos-en-tierra-del-fuego\/#article","isPartOf":{"@id":"http:\/\/vamosporlaliberacion.org\/crpmlm\/gran-jornada-contra-los-tarifazos-en-tierra-del-fuego\/"},"author":{"name":"Prensa Vamos","@id":"https:\/\/vamosporlaliberacion.org\/crpmlm\/#\/schema\/person\/ebdbd4bf0e9418b9f0c0a93395366b2f"},"headline":"Gran jornada contra los tarifazos en Tierra del Fuego","datePublished":"2024-09-30T13:10:11+00:00","dateModified":"2024-09-30T13:16:27+00:00","mainEntityOfPage":{"@id":"http:\/\/vamosporlaliberacion.org\/crpmlm\/gran-jornada-contra-los-tarifazos-en-tierra-del-fuego\/"},"wordCount":360,"image":{"@id":"http:\/\/vamosporlaliberacion.org\/crpmlm\/gran-jornada-contra-los-tarifazos-en-tierra-del-fuego\/#primaryimage"},"thumbnailUrl":"https:\/\/i0.wp.com\/vamosporlaliberacion.org\/crpmlm\/wp-content\/uploads\/2024\/09\/ContraTarifazos.jpg?fit=1080%2C709&ssl=1","articleSection":["Noticias"],"inLanguage":"es"},{"@type":"WebPage","@id":"http:\/\/vamosporlaliberacion.org\/crpmlm\/gran-jornada-contra-los-tarifazos-en-tierra-del-fuego\/","url":"http:\/\/vamosporlaliberacion.org\/crpmlm\/gran-jornada-contra-los-tarifazos-en-tierra-del-fuego\/","name":"Gran jornada contra los tarifazos en Tierra del Fuego - Vamos por la Liberaci\u00f3n","isPartOf":{"@id":"https:\/\/vamosporlaliberacion.org\/crpmlm\/#website"},"primaryImageOfPage":{"@id":"http:\/\/vamosporlaliberacion.org\/crpmlm\/gran-jornada-contra-los-tarifazos-en-tierra-del-fuego\/#primaryimage"},"image":{"@id":"http:\/\/vamosporlaliberacion.org\/crpmlm\/gran-jornada-contra-los-tarifazos-en-tierra-del-fuego\/#primaryimage"},"thumbnailUrl":"https:\/\/i0.wp.com\/vamosporlaliberacion.org\/crpmlm\/wp-content\/uploads\/2024\/09\/ContraTarifazos.jpg?fit=1080%2C709&ssl=1","datePublished":"2024-09-30T13:10:11+00:00","dateModified":"2024-09-30T13:16:27+00:00","author":{"@id":"https:\/\/vamosporlaliberacion.org\/crpmlm\/#\/schema\/person\/ebdbd4bf0e9418b9f0c0a93395366b2f"},"description":"Se realiz\u00f3 el 28\/9 frente a la oficina de Camuzzi gas en Ushuaia, y en la Torre del Agua en R\u00edo Grande con una gran convocatoria lanzada por organizaciones pol\u00edticas, barriales y sindicales que se manifestaron el el s\u00e1bado contra los infames tarifazos en los servicios.","breadcrumb":{"@id":"http:\/\/vamosporlaliberacion.org\/crpmlm\/gran-jornada-contra-los-tarifazos-en-tierra-del-fuego\/#breadcrumb"},"inLanguage":"es","potentialAction":[{"@type":"ReadAction","target":["http:\/\/vamosporlaliberacion.org\/crpmlm\/gran-jornada-contra-los-tarifazos-en-tierra-del-fuego\/"]}]},{"@type":"ImageObject","inLanguage":"es","@id":"http:\/\/vamosporlaliberacion.org\/crpmlm\/gran-jornada-contra-los-tarifazos-en-tierra-del-fuego\/#primaryimage","url":"https:\/\/i0.wp.com\/vamosporlaliberacion.org\/crpmlm\/wp-content\/uploads\/2024\/09\/ContraTarifazos.jpg?fit=1080%2C709&ssl=1","contentUrl":"https:\/\/i0.wp.com\/vamosporlaliberacion.org\/crpmlm\/wp-content\/uploads\/2024\/09\/ContraTarifazos.jpg?fit=1080%2C709&ssl=1","width":1080,"height":709,"caption":"Contra los tarifazoz en Tierra del Fuego s\u00e1bado 28\/9"},{"@type":"BreadcrumbList","@id":"http:\/\/vamosporlaliberacion.org\/crpmlm\/gran-jornada-contra-los-tarifazos-en-tierra-del-fuego\/#breadcrumb","itemListElement":[{"@type":"ListItem","position":1,"name":"Portada","item":"https:\/\/vamosporlaliberacion.org\/crpmlm\/"},{"@type":"ListItem","position":2,"name":"Gran jornada contra los tarifazos en Tierra del Fuego"}]},{"@type":"WebSite","@id":"https:\/\/vamosporlaliberacion.org\/crpmlm\/#website","url":"https:\/\/vamosporlaliberacion.org\/crpmlm\/","name":"Vamos por la Liberaci\u00f3n","description":"Prensa CR","potentialAction":[{"@type":"SearchAction","target":{"@type":"EntryPoint","urlTemplate":"https:\/\/vamosporlaliberacion.org\/crpmlm\/?s={search_term_string}"},"query-input":{"@type":"PropertyValueSpecification","valueRequired":true,"valueName":"search_term_string"}}],"inLanguage":"es"},{"@type":"Person","@id":"https:\/\/vamosporlaliberacion.org\/crpmlm\/#\/schema\/person\/ebdbd4bf0e9418b9f0c0a93395366b2f","name":"Prensa Vamos","sameAs":["http:\/\/vamposporlaliberacion.org"],"url":"http:\/\/vamosporlaliberacion.org\/crpmlm\/author\/editor\/"}]}},"jetpack_featured_media_url":"https:\/\/i0.wp.com\/vamosporlaliberacion.org\/crpmlm\/wp-content\/uploads\/2024\/09\/ContraTarifazos.jpg?fit=1080%2C709&ssl=1","jetpack_sharing_enabled":true,"_links":{"self":[{"href":"http:\/\/vamosporlaliberacion.org\/crpmlm\/wp-json\/wp\/v2\/posts\/28100","targetHints":{"allow":["GET"]}}],"collection":[{"href":"http:\/\/vamosporlaliberacion.org\/crpmlm\/wp-json\/wp\/v2\/posts"}],"about":[{"href":"http:\/\/vamosporlaliberacion.org\/crpmlm\/wp-json\/wp\/v2\/types\/post"}],"author":[{"embeddable":true,"href":"http:\/\/vamosporlaliberacion.org\/crpmlm\/wp-json\/wp\/v2\/users\/9"}],"replies":[{"embeddable":true,"href":"http:\/\/vamosporlaliberacion.org\/crpmlm\/wp-json\/wp\/v2\/comments?post=28100"}],"version-history":[{"count":2,"href":"http:\/\/vamosporlaliberacion.org\/crpmlm\/wp-json\/wp\/v2\/posts\/28100\/revisions"}],"predecessor-version":[{"id":28108,"href":"http:\/\/vamosporlaliberacion.org\/crpmlm\/wp-json\/wp\/v2\/posts\/28100\/revisions\/28108"}],"wp:featuredmedia":[{"embeddable":true,"href":"http:\/\/vamosporlaliberacion.org\/crpmlm\/wp-json\/wp\/v2\/media\/28101"}],"wp:attachment":[{"href":"http:\/\/vamosporlaliberacion.org\/crpmlm\/wp-json\/wp\/v2\/media?parent=28100"}],"wp:term":[{"taxonomy":"category","embeddable":true,"href":"http:\/\/vamosporlaliberacion.org\/crpmlm\/wp-json\/wp\/v2\/categories?post=28100"},{"taxonomy":"post_tag","embeddable":true,"href":"http:\/\/vamosporlaliberacion.org\/crpmlm\/wp-json\/wp\/v2\/tags?post=28100"}],"curies":[{"name":"wp","href":"https:\/\/api.w.org\/{rel}","templated":true}]}}