{"id":27772,"date":"2024-04-29T09:37:22","date_gmt":"2024-04-29T12:37:22","guid":{"rendered":"http:\/\/vamosporlaliberacion.org\/crpmlm\/?p=27772"},"modified":"2024-04-29T11:27:08","modified_gmt":"2024-04-29T14:27:08","slug":"23a-debe-ser-un-punto-de-quiebre","status":"publish","type":"post","link":"http:\/\/vamosporlaliberacion.org\/crpmlm\/23a-debe-ser-un-punto-de-quiebre\/","title":{"rendered":"23A: debe ser un punto de quiebre"},"content":{"rendered":"\n<h2 class=\"wp-block-heading\">\u00a1\u00a1Vamos por un masivo paro nacional el 9\/05, bajar la Ley \u00d3mnibus y el DNU!!<\/h2>\n\n\n\n<p>Mas de un mill\u00f3n y medio de personas en todo el pa\u00eds, solo en CABA se calcula m\u00e1s de 800 mil personas. La movilizaci\u00f3n popular en defensa de la universidad y educaci\u00f3n p\u00fablica, estuvo a la altura del ajuste brutal que lleva delante el gobierno en estos 120 d\u00edas de gobierno.<\/p>\n\n\n\n<p><strong>Se march\u00f3 en defensa de la educaci\u00f3n p\u00fablica, federal y gratuita como expresi\u00f3n m\u00e1s democr\u00e1tica en el \u00e1mbito de la superestructura<\/strong> ya que antes de ser publica y gratuita estudiaba una elite que pod\u00eda acceder a la educaci\u00f3n privada, cuando eso cambi\u00f3, no se les neg\u00f3 a los hijos de los ricos estudiar en la universidad p\u00fablica, <strong>sino que el cambio de paradigma consisti\u00f3 en que pudieron acceder aquellos y aquellas que no ten\u00edan recursos<\/strong>. Eso es lo que est\u00e1 en juego, que tiene un trasfondo econ\u00f3mico, <strong>pero reviste una cuesti\u00f3n de fondo que hace a la esencia de una sociedad m\u00e1s igualitaria, aun bajo las condiciones de este Estado opresor<\/strong>. Son conquistas hist\u00f3ricas que se quieren borrar como otras a las que con el uso del DNU se van eliminando en el \u00e1mbito de la cultura, genero, comunicaci\u00f3n y derechos adquiridos expresados en el Articulo 14Bis de la Constituci\u00f3n Nacional.<\/p>\n\n\n\n<p>La afirmaci\u00f3n del diputado de la LLA, Alberto \u201c<strong>Bertie\u201d Benegas-Lynch, \u201cLa libertad tambi\u00e9n es que, si no quer\u00e9s mandar a tu hijo al colegio porque lo necesitas en el taller, puedas hacerlo<\/strong>\u201d, es quiz\u00e1s la expresi\u00f3n ideol\u00f3gica del ejecutivo nacional mas completa en cuanto a una filosof\u00eda de vida donde prima el mercado, la explotaci\u00f3n y la propiedad privada por sobre el derecho a la educaci\u00f3n y trabajo. Para este modelo de extrema explotaci\u00f3n sobra la cultura que da identidad a un pueblo, sobra la educaci\u00f3n para alfabetizarse, conocer la historia o dominar la ciencia. \u00a1Sobran los libros! <strong>Para este modelo se requiere embrutecimiento de las mayor\u00edas a quienes se pretende dominar<\/strong>.<\/p>\n\n\n<div class=\"wp-block-image\">\n<figure class=\"aligncenter size-large is-resized\"><img data-recalc-dims=\"1\" loading=\"lazy\" decoding=\"async\" width=\"696\" height=\"463\" src=\"https:\/\/i0.wp.com\/vamosporlaliberacion.org\/crpmlm\/wp-content\/uploads\/2024\/04\/MarchaFedUniv-2-700x466.jpg?resize=696%2C463\" alt=\"\" class=\"wp-image-27785\" style=\"width:535px;height:auto\" srcset=\"https:\/\/i0.wp.com\/vamosporlaliberacion.org\/crpmlm\/wp-content\/uploads\/2024\/04\/MarchaFedUniv-2.jpg?resize=700%2C466&amp;ssl=1 700w, https:\/\/i0.wp.com\/vamosporlaliberacion.org\/crpmlm\/wp-content\/uploads\/2024\/04\/MarchaFedUniv-2.jpg?resize=300%2C200&amp;ssl=1 300w, https:\/\/i0.wp.com\/vamosporlaliberacion.org\/crpmlm\/wp-content\/uploads\/2024\/04\/MarchaFedUniv-2.jpg?resize=768%2C512&amp;ssl=1 768w, https:\/\/i0.wp.com\/vamosporlaliberacion.org\/crpmlm\/wp-content\/uploads\/2024\/04\/MarchaFedUniv-2.jpg?resize=150%2C100&amp;ssl=1 150w, https:\/\/i0.wp.com\/vamosporlaliberacion.org\/crpmlm\/wp-content\/uploads\/2024\/04\/MarchaFedUniv-2.jpg?resize=696%2C464&amp;ssl=1 696w, https:\/\/i0.wp.com\/vamosporlaliberacion.org\/crpmlm\/wp-content\/uploads\/2024\/04\/MarchaFedUniv-2.jpg?resize=630%2C420&amp;ssl=1 630w, https:\/\/i0.wp.com\/vamosporlaliberacion.org\/crpmlm\/wp-content\/uploads\/2024\/04\/MarchaFedUniv-2.jpg?w=800&amp;ssl=1 800w\" sizes=\"auto, (max-width: 696px) 100vw, 696px\" \/><figcaption class=\"wp-element-caption\">Masividad enorme, en todas las movilizaciones en el pa\u00eds. La toma de un drone, muestra inenegablemente las 800 mil personas que marcharon de Congreso a Plaza de Mayo en CABA en defensa de la Universidad P\u00fablica.<\/figcaption><\/figure>\n<\/div>\n\n\n<p><strong>\u00a1Quiz\u00e1s haya que agradecerles a Milei o los Benegas Linch, por la marcha del 23A!<\/strong>, por despertar conciencia en aquellxs que los votaron y marcharon, as\u00ed como reforzar y dotar de mayores sentidos a los que estaban aun golpeados o \u201cdesorientados\u201d por la abrumadora rapidez de la \u201cmotosierra\u201d libertaria.<\/p>\n\n\n\n<p><strong>La mejor y primera \u201cmaestra\u201d de la conciencia es la realidad cuando golpea, son los n\u00fameros, las \u201cluces de alerta\u201d \u2026la acci\u00f3n de gobierno. Este es el primer s\u00edntoma, luego aparece la b\u00fasqueda de explicaciones y argumentos para comprenderla y transformarla.<\/strong><\/p>\n\n\n\n<p>El 23A tuvo un centro en la educaci\u00f3n como el detonante, pero la diversidad mostr\u00f3 en todo el pa\u00eds el rechazo masivo a esta pol\u00edtica. Mostr\u00f3 que el \u201cajuste mas brutal de la humanidad\u201d del cual se ufana el presidente tiene l\u00edmites, por m\u00e1s que se trate de instalar \u201cla baja del d\u00e9ficit\u201d o \u201cla marcha atr\u00e1s de la inflaci\u00f3n\u201d como t\u00edtulos de diarios o portadas de medios sostenedores del gobierno, ocultando que ese n\u00famero, real se asienta sobre el 60% de pobreza, la ca\u00edda hist\u00f3rica del consumo de leche, la ca\u00edda de la producci\u00f3n del 8,7% y 13,6% en la industria, con la Pymes destruidas por la ca\u00edda del consumo y la par\u00e1lisis de la industria automotriz y la ca\u00edda de la obra p\u00fablica en un 86%.<\/p>\n\n\n\n<h3 class=\"wp-block-heading\">El costo social de un super\u00e1vit inventado<\/h3>\n\n\n\n<p>El super\u00e1vit que tanto balancea Milei no es producto de un incremento en la recaudaci\u00f3n sino de un brutal derrumbe del gasto de 28,6%, deuda que se deber\u00e1 pagar de manera urgente como a CAMMESA.<\/p>\n\n\n\n<p>Este super\u00e1vit inventado, es explicado por la ca\u00edda de casi todas las partidas presupuestarias, la mayor\u00eda con reducciones reales de dos d\u00edgitos. Se destaca el derrumbe de las jubilaciones (-31%), de las prestaciones de PAMI (-14%) y los gastos de funcionamiento del Estado, principalmente salarios (-21%). (Fuente CEPA).<\/p>\n\n\n\n<p>O sea, <strong>de cada 100 pesos de ajuste en marzo, 37 pesos correspondieron a recortes en jubilaciones, siendo el principal factor explicativo de la reducci\u00f3n real del gasto<\/strong>. Le siguen en importancia los gastos de capital (que aportaron un 26% del ajuste total) y los subsidios econ\u00f3micos (5%), principalmente energ\u00e9ticos (por la falta de transferencias a CAMMESA), que impactaron en la suba de tarifas tanto de transporte como de gas y luz.<\/p>\n\n\n\n<p>Las transferencias a provincias cayeron -76% y las transferencias a Universidades Nacionales -18% profundizaron su ca\u00edda en el mes de marzo. En el caso de las provincias, el golpe de la eliminaci\u00f3n del Fondo Nacional de Incentivo Docente (FONID), pone en riesgo la continuidad del dictado de clases en el pr\u00f3ximo semestre.<\/p>\n\n\n<div class=\"wp-block-image\">\n<figure class=\"aligncenter size-full\"><img data-recalc-dims=\"1\" loading=\"lazy\" decoding=\"async\" width=\"603\" height=\"386\" src=\"https:\/\/i0.wp.com\/vamosporlaliberacion.org\/crpmlm\/wp-content\/uploads\/2024\/04\/MileiCadenaNacionalB.jpg?resize=603%2C386\" alt=\"\" class=\"wp-image-27786\" srcset=\"https:\/\/i0.wp.com\/vamosporlaliberacion.org\/crpmlm\/wp-content\/uploads\/2024\/04\/MileiCadenaNacionalB.jpg?w=603&amp;ssl=1 603w, https:\/\/i0.wp.com\/vamosporlaliberacion.org\/crpmlm\/wp-content\/uploads\/2024\/04\/MileiCadenaNacionalB.jpg?resize=300%2C192&amp;ssl=1 300w, https:\/\/i0.wp.com\/vamosporlaliberacion.org\/crpmlm\/wp-content\/uploads\/2024\/04\/MileiCadenaNacionalB.jpg?resize=150%2C96&amp;ssl=1 150w\" sizes=\"auto, (max-width: 603px) 100vw, 603px\" \/><figcaption class=\"wp-element-caption\">Milei anunciando su supe\u00e1vit inventado.<\/figcaption><\/figure>\n<\/div>\n\n\n<p>Los gastos de capital (es\u00a0la inversi\u00f3n que realiza el sector p\u00fablico y su contribuci\u00f3n al incremento de la capacidad instalada de producci\u00f3n) <strong>registraron una disminuci\u00f3n real de 87% en marzo, con una ejecuci\u00f3n pr\u00e1cticamente nula debido a la decisi\u00f3n de paralizar la obra p\u00fablica<\/strong>. La inversi\u00f3n en infraestructura fue m\u00ednima, alcanzando niveles no vistos desde marzo de 2017.Con un super\u00e1vit fiscal acumulado de $3,8 billones en el primer trimestre del 2024, la meta fiscal modificada por el FMI, que requer\u00eda un super\u00e1vit de $0,9 billones para el primer trimestre del a\u00f1o, fue sobre cumplida festejada por Milei y Caputo, pero ese ahorro fiscal, en el mes de marzo no fue para duplicar las partidas destinadas para jubilaciones y o para triplicar las partidas para AUH. <\/p>\n\n\n\n<h3 class=\"wp-block-heading\">\u201cH\u00e9roes fugadores\u201d o resistencia popular<\/h3>\n\n\n\n<p>Mientras el presidente sostiene (y estimula) que los que fugan d\u00f3lares o blanquean d\u00f3lares son h\u00e9roes (porque evaden al Estado), los miles y miles que defienden la universidad y la educaci\u00f3n publica y gratuita, sostienen el necesario papel de Estado. <strong>Dos caminos antag\u00f3nicos<\/strong>.<strong> Uno apuesta a la fuga, la evasi\u00f3n y el lavado de dinero<\/strong> del narcotr\u00e1fico, para\u00edso fiscal o contrabando, sumado a entregar a los monopolios internacionales y la marina e los EEUU, el control sobre el R\u00edo Paran\u00e1, entrada y salida del 80% de nuestras exportaciones.<\/p>\n\n\n\n<p><strong>El otro camino es el de lxs que defienden el salario<\/strong> frente a la inflaci\u00f3n expresado en el precio de los alimentos, alquileres, servicios, medicamentos y combustibles. Lxs que reclaman por alimentos, los jubiladxs frente al saqueo y el oprobio, los docentes por salarios, los estatales frente a los despidos, las PyMES frente a la destrucci\u00f3n de las fuentes de trabajo, en definitiva, el camino de la lucha de un pueblo que se une frente al ajuste, aunque todav\u00eda no est\u00e9 marcado un rumbo, ni emerja un v\u00e9rtice, un \u201cpolo popular\u201d que aglutine a las grandes mayor\u00edas.<\/p>\n\n\n\n<p>Frente a este \u201canarco colonialismo\u201d como bien lo defini\u00f3 Cristina Kirchner, l<strong>a masividad de la resistencia popular act\u00faa como un condicionante y divisor entre los sectores dominantes y aquellos gobernadores que se prestan al chantaje de la billetera de Caputo para votar la Ley \u00d3mnibus<\/strong> donde se avalan las privatizaciones sin mas sentido que el negocio para privados y la entrega del patrimonio p\u00fablico colectivo; la reforma laboral donde solo ser\u00e1n beneficiados los empresarios y monopolios coartando el derecho a reclamar, precarizando mas la mano de obra, evadiendo obligaciones como las indemnizaciones, pero sobre todo destruyendo los Cuerpos de Delegados, impidiendo su funcionamientos y derecho a reclamar en los centros fabriles. Introduciendo nuevamente el impuesto al salario y castigando a los jubilados y pensionados. A la par del escandaloso art\u00edculo sobre Bienes Personales, (es el Impuesto sobre las riquezas) que se llev\u00f3 a un m\u00ednimo no imponible de 100 millones de pesos para empezar a pagar y 1,5% por el excedente. Junto con la excepci\u00f3n impositiva para grandes empresas dejando afuera a las Pymes.<span class=\"\"><span class=\"x3nfvp2 xxymvpz xlshs6z xqtp20y xexx8yu x150jy0e x18d9i69 x1e558r4 x12lo8hy x152skdk\" aria-hidden=\"true\"><span class=\"x1c4vz4f x2lah0s\"><\/span><\/span><\/span><\/p>\n\n\n\n<h3 class=\"wp-block-heading\"><strong>Avalar la Ley \u00d3mnibus y el DNU 70\/23 es criminal para los intereses del pa\u00eds y el pueblo.<\/strong><\/h3>\n\n\n\n<p>Desde esta realidad, la marcha del 23 puede marcar el inicio de un nuevo ciclo donde se empiece a desandar el camino de esta tragedia pol\u00edtica-econ\u00f3mica que gobierna, <strong>cerr\u00e1ndole el paso al recambio que se prepara desde algunas capillas en las alturas, mediante un \u201crecambio institucional\u201d, donde no estar\u00e1n los intereses populares en su agenda, sino m\u00e1s de lo mismo<\/strong>, pero con \u201cun consenso\u201d luego de hacerle pagar lo mas duro del ajuste a Milei-Caputo. Estas opciones ya las conocemos y las padecimos en nuestra historia reciente.<\/p>\n\n\n\n<p><strong><span style=\"text-decoration: underline;\">Frente a estas variantes, la unidad y movilizaci\u00f3n es la clave para imponer forjar un centro de luchas e iniciativas de los sectores populares alrededor de un programa de salvaci\u00f3n nacional<\/span><\/strong> que acuda de inmediato a atender las urgencias de los que est\u00e1n sumergidos en la pobreza que ya alcanza el 60%, apuntando a que paguen la crisis los que la generan como el FMI y aquellos sectores concentrados que multiplican sus ganancias mientras el pa\u00eds y el pueblo se hunden.<\/p>\n\n\n\n<p>Sostenemos la necesidad de imponer con una amplia unidad popular y en las calles, una Asamblea Constituyente Soberana que, de una salida en el marco de la Constituci\u00f3n, poniendo en el debate los temas centrales, de fondo, que atraviesa nuestro pa\u00eds.<\/p>\n\n\n\n<p>El paro del 9 de mayo convocado por la CGT y otras centrales sindicales aparece en el horizonte como la herramienta encabezada por la clase trabajadora para enfrentar la reforma laboral que se introduce en la llamada Ley \u00d3mnibus, los despidos y la pol\u00edtica del gobierno y los monopolios en su conjunto.<\/p>\n\n\n\n<p><strong>El 9 de mayo debe ser el otro moj\u00f3n hist\u00f3rico luego de la jornada del 23 A, donde se muestre la voluntad de lucha que crece entre lxs gtrabajadorxs, y que introduce una nueva pincelada de esperanza a los pueblos que habitan nuestra patria. <\/strong><\/p>\n\n\n\n<p>Publicamos fotos de algunos lugares del pa\u00eds para ejemplificar que las movilizaciones por la defensa de la Universidad P\u00fablica se multiplicaron de Ushuaia a la Quiaca!!<\/p>\n\n\n\n<div class=\"wp-block-jetpack-slideshow aligncenter\" data-effect=\"slide\"><div class=\"wp-block-jetpack-slideshow_container swiper-container\"><ul class=\"wp-block-jetpack-slideshow_swiper-wrapper swiper-wrapper\"><li class=\"wp-block-jetpack-slideshow_slide swiper-slide\"><figure><img data-recalc-dims=\"1\" loading=\"lazy\" decoding=\"async\" width=\"696\" height=\"392\" alt=\"\" class=\"wp-block-jetpack-slideshow_image wp-image-27787\" data-id=\"27787\" src=\"https:\/\/i0.wp.com\/vamosporlaliberacion.org\/crpmlm\/wp-content\/uploads\/2024\/04\/MarchaFedUniv-Cordoba-700x394.jpg?resize=696%2C392\" srcset=\"https:\/\/i0.wp.com\/vamosporlaliberacion.org\/crpmlm\/wp-content\/uploads\/2024\/04\/MarchaFedUniv-Cordoba.jpg?resize=700%2C394&amp;ssl=1 700w, https:\/\/i0.wp.com\/vamosporlaliberacion.org\/crpmlm\/wp-content\/uploads\/2024\/04\/MarchaFedUniv-Cordoba.jpg?resize=300%2C169&amp;ssl=1 300w, https:\/\/i0.wp.com\/vamosporlaliberacion.org\/crpmlm\/wp-content\/uploads\/2024\/04\/MarchaFedUniv-Cordoba.jpg?resize=768%2C432&amp;ssl=1 768w, https:\/\/i0.wp.com\/vamosporlaliberacion.org\/crpmlm\/wp-content\/uploads\/2024\/04\/MarchaFedUniv-Cordoba.jpg?resize=150%2C84&amp;ssl=1 150w, https:\/\/i0.wp.com\/vamosporlaliberacion.org\/crpmlm\/wp-content\/uploads\/2024\/04\/MarchaFedUniv-Cordoba.jpg?resize=696%2C392&amp;ssl=1 696w, https:\/\/i0.wp.com\/vamosporlaliberacion.org\/crpmlm\/wp-content\/uploads\/2024\/04\/MarchaFedUniv-Cordoba.jpg?resize=747%2C420&amp;ssl=1 747w, https:\/\/i0.wp.com\/vamosporlaliberacion.org\/crpmlm\/wp-content\/uploads\/2024\/04\/MarchaFedUniv-Cordoba.jpg?w=800&amp;ssl=1 800w\" sizes=\"(max-width: 696px) 100vw, 696px\" \/><figcaption class=\"wp-block-jetpack-slideshow_caption gallery-caption\">C\u00f3rdoba<\/figcaption><\/figure><\/li><li class=\"wp-block-jetpack-slideshow_slide swiper-slide\"><figure><img data-recalc-dims=\"1\" loading=\"lazy\" decoding=\"async\" width=\"696\" height=\"562\" alt=\"\" class=\"wp-block-jetpack-slideshow_image wp-image-27792\" data-id=\"27792\" src=\"https:\/\/i0.wp.com\/vamosporlaliberacion.org\/crpmlm\/wp-content\/uploads\/2024\/04\/MarchaFedUniv-Rosario-700x565.jpg?resize=696%2C562\" srcset=\"https:\/\/i0.wp.com\/vamosporlaliberacion.org\/crpmlm\/wp-content\/uploads\/2024\/04\/MarchaFedUniv-Rosario.jpg?resize=700%2C565&amp;ssl=1 700w, https:\/\/i0.wp.com\/vamosporlaliberacion.org\/crpmlm\/wp-content\/uploads\/2024\/04\/MarchaFedUniv-Rosario.jpg?resize=300%2C242&amp;ssl=1 300w, https:\/\/i0.wp.com\/vamosporlaliberacion.org\/crpmlm\/wp-content\/uploads\/2024\/04\/MarchaFedUniv-Rosario.jpg?resize=768%2C620&amp;ssl=1 768w, https:\/\/i0.wp.com\/vamosporlaliberacion.org\/crpmlm\/wp-content\/uploads\/2024\/04\/MarchaFedUniv-Rosario.jpg?resize=150%2C121&amp;ssl=1 150w, https:\/\/i0.wp.com\/vamosporlaliberacion.org\/crpmlm\/wp-content\/uploads\/2024\/04\/MarchaFedUniv-Rosario.jpg?resize=696%2C562&amp;ssl=1 696w, https:\/\/i0.wp.com\/vamosporlaliberacion.org\/crpmlm\/wp-content\/uploads\/2024\/04\/MarchaFedUniv-Rosario.jpg?resize=520%2C420&amp;ssl=1 520w, https:\/\/i0.wp.com\/vamosporlaliberacion.org\/crpmlm\/wp-content\/uploads\/2024\/04\/MarchaFedUniv-Rosario.jpg?w=800&amp;ssl=1 800w\" sizes=\"(max-width: 696px) 100vw, 696px\" \/><\/figure><\/li><li class=\"wp-block-jetpack-slideshow_slide swiper-slide\"><figure><img data-recalc-dims=\"1\" loading=\"lazy\" decoding=\"async\" width=\"696\" height=\"395\" alt=\"\" class=\"wp-block-jetpack-slideshow_image wp-image-27788\" data-id=\"27788\" src=\"https:\/\/i0.wp.com\/vamosporlaliberacion.org\/crpmlm\/wp-content\/uploads\/2024\/04\/MarchaFedUniv-BBlanca-700x397.jpg?resize=696%2C395\" srcset=\"https:\/\/i0.wp.com\/vamosporlaliberacion.org\/crpmlm\/wp-content\/uploads\/2024\/04\/MarchaFedUniv-BBlanca.jpg?resize=700%2C397&amp;ssl=1 700w, https:\/\/i0.wp.com\/vamosporlaliberacion.org\/crpmlm\/wp-content\/uploads\/2024\/04\/MarchaFedUniv-BBlanca.jpg?resize=300%2C170&amp;ssl=1 300w, https:\/\/i0.wp.com\/vamosporlaliberacion.org\/crpmlm\/wp-content\/uploads\/2024\/04\/MarchaFedUniv-BBlanca.jpg?resize=768%2C435&amp;ssl=1 768w, https:\/\/i0.wp.com\/vamosporlaliberacion.org\/crpmlm\/wp-content\/uploads\/2024\/04\/MarchaFedUniv-BBlanca.jpg?resize=150%2C85&amp;ssl=1 150w, https:\/\/i0.wp.com\/vamosporlaliberacion.org\/crpmlm\/wp-content\/uploads\/2024\/04\/MarchaFedUniv-BBlanca.jpg?resize=696%2C395&amp;ssl=1 696w, https:\/\/i0.wp.com\/vamosporlaliberacion.org\/crpmlm\/wp-content\/uploads\/2024\/04\/MarchaFedUniv-BBlanca.jpg?resize=741%2C420&amp;ssl=1 741w, https:\/\/i0.wp.com\/vamosporlaliberacion.org\/crpmlm\/wp-content\/uploads\/2024\/04\/MarchaFedUniv-BBlanca.jpg?w=785&amp;ssl=1 785w\" sizes=\"(max-width: 696px) 100vw, 696px\" \/><figcaption class=\"wp-block-jetpack-slideshow_caption gallery-caption\">Bah\u00eda Blanca<\/figcaption><\/figure><\/li><li class=\"wp-block-jetpack-slideshow_slide swiper-slide\"><figure><img data-recalc-dims=\"1\" loading=\"lazy\" decoding=\"async\" width=\"696\" height=\"373\" alt=\"\" class=\"wp-block-jetpack-slideshow_image wp-image-27789\" data-id=\"27789\" src=\"https:\/\/i0.wp.com\/vamosporlaliberacion.org\/crpmlm\/wp-content\/uploads\/2024\/04\/MarchaFedUniv-Santiago-700x375.jpg?resize=696%2C373\" srcset=\"https:\/\/i0.wp.com\/vamosporlaliberacion.org\/crpmlm\/wp-content\/uploads\/2024\/04\/MarchaFedUniv-Santiago.jpg?resize=700%2C375&amp;ssl=1 700w, https:\/\/i0.wp.com\/vamosporlaliberacion.org\/crpmlm\/wp-content\/uploads\/2024\/04\/MarchaFedUniv-Santiago.jpg?resize=300%2C161&amp;ssl=1 300w, https:\/\/i0.wp.com\/vamosporlaliberacion.org\/crpmlm\/wp-content\/uploads\/2024\/04\/MarchaFedUniv-Santiago.jpg?resize=768%2C412&amp;ssl=1 768w, https:\/\/i0.wp.com\/vamosporlaliberacion.org\/crpmlm\/wp-content\/uploads\/2024\/04\/MarchaFedUniv-Santiago.jpg?resize=150%2C80&amp;ssl=1 150w, https:\/\/i0.wp.com\/vamosporlaliberacion.org\/crpmlm\/wp-content\/uploads\/2024\/04\/MarchaFedUniv-Santiago.jpg?resize=696%2C373&amp;ssl=1 696w, https:\/\/i0.wp.com\/vamosporlaliberacion.org\/crpmlm\/wp-content\/uploads\/2024\/04\/MarchaFedUniv-Santiago.jpg?resize=783%2C420&amp;ssl=1 783w, https:\/\/i0.wp.com\/vamosporlaliberacion.org\/crpmlm\/wp-content\/uploads\/2024\/04\/MarchaFedUniv-Santiago.jpg?w=800&amp;ssl=1 800w\" sizes=\"(max-width: 696px) 100vw, 696px\" \/><figcaption class=\"wp-block-jetpack-slideshow_caption gallery-caption\">Santiago del estero<\/figcaption><\/figure><\/li><li class=\"wp-block-jetpack-slideshow_slide swiper-slide\"><figure><img data-recalc-dims=\"1\" loading=\"lazy\" decoding=\"async\" width=\"374\" height=\"336\" alt=\"\" class=\"wp-block-jetpack-slideshow_image wp-image-27790\" data-id=\"27790\" src=\"https:\/\/i0.wp.com\/vamosporlaliberacion.org\/crpmlm\/wp-content\/uploads\/2024\/04\/MarchaFedUniv-TDF2.jpg?resize=374%2C336\" srcset=\"https:\/\/i0.wp.com\/vamosporlaliberacion.org\/crpmlm\/wp-content\/uploads\/2024\/04\/MarchaFedUniv-TDF2.jpg?w=374&amp;ssl=1 374w, https:\/\/i0.wp.com\/vamosporlaliberacion.org\/crpmlm\/wp-content\/uploads\/2024\/04\/MarchaFedUniv-TDF2.jpg?resize=300%2C270&amp;ssl=1 300w, https:\/\/i0.wp.com\/vamosporlaliberacion.org\/crpmlm\/wp-content\/uploads\/2024\/04\/MarchaFedUniv-TDF2.jpg?resize=150%2C135&amp;ssl=1 150w\" sizes=\"(max-width: 374px) 100vw, 374px\" \/><figcaption class=\"wp-block-jetpack-slideshow_caption gallery-caption\">Tierra del Fuego<\/figcaption><\/figure><\/li><li class=\"wp-block-jetpack-slideshow_slide swiper-slide\"><figure><img data-recalc-dims=\"1\" loading=\"lazy\" decoding=\"async\" width=\"696\" height=\"463\" alt=\"\" class=\"wp-block-jetpack-slideshow_image wp-image-27791\" data-id=\"27791\" src=\"https:\/\/i0.wp.com\/vamosporlaliberacion.org\/crpmlm\/wp-content\/uploads\/2024\/04\/MarchaFedUniv-Neuquen-700x466.jpg?resize=696%2C463\" srcset=\"https:\/\/i0.wp.com\/vamosporlaliberacion.org\/crpmlm\/wp-content\/uploads\/2024\/04\/MarchaFedUniv-Neuquen.jpg?resize=700%2C466&amp;ssl=1 700w, https:\/\/i0.wp.com\/vamosporlaliberacion.org\/crpmlm\/wp-content\/uploads\/2024\/04\/MarchaFedUniv-Neuquen.jpg?resize=300%2C200&amp;ssl=1 300w, https:\/\/i0.wp.com\/vamosporlaliberacion.org\/crpmlm\/wp-content\/uploads\/2024\/04\/MarchaFedUniv-Neuquen.jpg?resize=768%2C512&amp;ssl=1 768w, https:\/\/i0.wp.com\/vamosporlaliberacion.org\/crpmlm\/wp-content\/uploads\/2024\/04\/MarchaFedUniv-Neuquen.jpg?resize=150%2C100&amp;ssl=1 150w, https:\/\/i0.wp.com\/vamosporlaliberacion.org\/crpmlm\/wp-content\/uploads\/2024\/04\/MarchaFedUniv-Neuquen.jpg?resize=696%2C464&amp;ssl=1 696w, https:\/\/i0.wp.com\/vamosporlaliberacion.org\/crpmlm\/wp-content\/uploads\/2024\/04\/MarchaFedUniv-Neuquen.jpg?resize=630%2C420&amp;ssl=1 630w, https:\/\/i0.wp.com\/vamosporlaliberacion.org\/crpmlm\/wp-content\/uploads\/2024\/04\/MarchaFedUniv-Neuquen.jpg?w=800&amp;ssl=1 800w\" sizes=\"(max-width: 696px) 100vw, 696px\" \/><figcaption class=\"wp-block-jetpack-slideshow_caption gallery-caption\">Neuqu\u00e9n<\/figcaption><\/figure><\/li><\/ul><a class=\"wp-block-jetpack-slideshow_button-prev swiper-button-prev swiper-button-white\" role=\"button\"><\/a><a class=\"wp-block-jetpack-slideshow_button-next swiper-button-next swiper-button-white\" role=\"button\"><\/a><a aria-label=\"Pause Slideshow\" class=\"wp-block-jetpack-slideshow_button-pause\" role=\"button\"><\/a><div class=\"wp-block-jetpack-slideshow_pagination swiper-pagination swiper-pagination-white\"><\/div><\/div><\/div>\n<!-- AddThis Advanced Settings generic via filter on the_content --><!-- AddThis Share Buttons generic via filter on the_content -->","protected":false},"excerpt":{"rendered":"<p>\u00a1\u00a1Vamos por un masivo paro nacional el 9\/05, bajar la Ley \u00d3mnibus y el DNU!! Mas de un mill\u00f3n y medio de personas en todo el pa\u00eds, solo en CABA se calcula m\u00e1s de 800 mil personas. La movilizaci\u00f3n popular en defensa de la universidad y educaci\u00f3n p\u00fablica, estuvo a la altura del ajuste brutal [&hellip;]<!-- AddThis Advanced Settings generic via filter on get_the_excerpt --><!-- AddThis Share Buttons generic via filter on get_the_excerpt --><\/p>\n","protected":false},"author":9,"featured_media":27783,"comment_status":"closed","ping_status":"closed","sticky":false,"template":"","format":"standard","meta":{"_jetpack_memberships_contains_paid_content":false,"footnotes":""},"categories":[1881,1699],"tags":[],"class_list":{"0":"post-27772","1":"post","2":"type-post","3":"status-publish","4":"format-standard","5":"has-post-thumbnail","7":"category-editoriales","8":"category-noticias"},"yoast_head":"<!-- This site is optimized with the Yoast SEO plugin v27.4 - https:\/\/yoast.com\/product\/yoast-seo-wordpress\/ -->\n<title>23A: debe ser un punto de quiebre - Vamos por la Liberaci\u00f3n<\/title>\n<meta name=\"robots\" content=\"index, follow, max-snippet:-1, max-image-preview:large, max-video-preview:-1\" \/>\n<link rel=\"canonical\" href=\"http:\/\/vamosporlaliberacion.org\/crpmlm\/23a-debe-ser-un-punto-de-quiebre\/\" \/>\n<meta name=\"twitter:label1\" content=\"Escrito por\" \/>\n\t<meta name=\"twitter:data1\" content=\"Prensa Vamos\" \/>\n\t<meta name=\"twitter:label2\" content=\"Tiempo de lectura\" \/>\n\t<meta name=\"twitter:data2\" content=\"10 minutos\" \/>\n<script type=\"application\/ld+json\" class=\"yoast-schema-graph\">{\"@context\":\"https:\\\/\\\/schema.org\",\"@graph\":[{\"@type\":\"Article\",\"@id\":\"http:\\\/\\\/vamosporlaliberacion.org\\\/crpmlm\\\/23a-debe-ser-un-punto-de-quiebre\\\/#article\",\"isPartOf\":{\"@id\":\"http:\\\/\\\/vamosporlaliberacion.org\\\/crpmlm\\\/23a-debe-ser-un-punto-de-quiebre\\\/\"},\"author\":{\"name\":\"Prensa Vamos\",\"@id\":\"https:\\\/\\\/vamosporlaliberacion.org\\\/crpmlm\\\/#\\\/schema\\\/person\\\/ebdbd4bf0e9418b9f0c0a93395366b2f\"},\"headline\":\"23A: debe ser un punto de quiebre\",\"datePublished\":\"2024-04-29T12:37:22+00:00\",\"dateModified\":\"2024-04-29T14:27:08+00:00\",\"mainEntityOfPage\":{\"@id\":\"http:\\\/\\\/vamosporlaliberacion.org\\\/crpmlm\\\/23a-debe-ser-un-punto-de-quiebre\\\/\"},\"wordCount\":1761,\"image\":{\"@id\":\"http:\\\/\\\/vamosporlaliberacion.org\\\/crpmlm\\\/23a-debe-ser-un-punto-de-quiebre\\\/#primaryimage\"},\"thumbnailUrl\":\"https:\\\/\\\/i0.wp.com\\\/vamosporlaliberacion.org\\\/crpmlm\\\/wp-content\\\/uploads\\\/2024\\\/04\\\/MarchaFedUniv-1.jpg?fit=800%2C450&ssl=1\",\"articleSection\":[\"Editoriales\",\"Noticias\"],\"inLanguage\":\"es\"},{\"@type\":\"WebPage\",\"@id\":\"http:\\\/\\\/vamosporlaliberacion.org\\\/crpmlm\\\/23a-debe-ser-un-punto-de-quiebre\\\/\",\"url\":\"http:\\\/\\\/vamosporlaliberacion.org\\\/crpmlm\\\/23a-debe-ser-un-punto-de-quiebre\\\/\",\"name\":\"23A: debe ser un punto de quiebre - Vamos por la Liberaci\u00f3n\",\"isPartOf\":{\"@id\":\"https:\\\/\\\/vamosporlaliberacion.org\\\/crpmlm\\\/#website\"},\"primaryImageOfPage\":{\"@id\":\"http:\\\/\\\/vamosporlaliberacion.org\\\/crpmlm\\\/23a-debe-ser-un-punto-de-quiebre\\\/#primaryimage\"},\"image\":{\"@id\":\"http:\\\/\\\/vamosporlaliberacion.org\\\/crpmlm\\\/23a-debe-ser-un-punto-de-quiebre\\\/#primaryimage\"},\"thumbnailUrl\":\"https:\\\/\\\/i0.wp.com\\\/vamosporlaliberacion.org\\\/crpmlm\\\/wp-content\\\/uploads\\\/2024\\\/04\\\/MarchaFedUniv-1.jpg?fit=800%2C450&ssl=1\",\"datePublished\":\"2024-04-29T12:37:22+00:00\",\"dateModified\":\"2024-04-29T14:27:08+00:00\",\"author\":{\"@id\":\"https:\\\/\\\/vamosporlaliberacion.org\\\/crpmlm\\\/#\\\/schema\\\/person\\\/ebdbd4bf0e9418b9f0c0a93395366b2f\"},\"breadcrumb\":{\"@id\":\"http:\\\/\\\/vamosporlaliberacion.org\\\/crpmlm\\\/23a-debe-ser-un-punto-de-quiebre\\\/#breadcrumb\"},\"inLanguage\":\"es\",\"potentialAction\":[{\"@type\":\"ReadAction\",\"target\":[\"http:\\\/\\\/vamosporlaliberacion.org\\\/crpmlm\\\/23a-debe-ser-un-punto-de-quiebre\\\/\"]}]},{\"@type\":\"ImageObject\",\"inLanguage\":\"es\",\"@id\":\"http:\\\/\\\/vamosporlaliberacion.org\\\/crpmlm\\\/23a-debe-ser-un-punto-de-quiebre\\\/#primaryimage\",\"url\":\"https:\\\/\\\/i0.wp.com\\\/vamosporlaliberacion.org\\\/crpmlm\\\/wp-content\\\/uploads\\\/2024\\\/04\\\/MarchaFedUniv-1.jpg?fit=800%2C450&ssl=1\",\"contentUrl\":\"https:\\\/\\\/i0.wp.com\\\/vamosporlaliberacion.org\\\/crpmlm\\\/wp-content\\\/uploads\\\/2024\\\/04\\\/MarchaFedUniv-1.jpg?fit=800%2C450&ssl=1\",\"width\":800,\"height\":450},{\"@type\":\"BreadcrumbList\",\"@id\":\"http:\\\/\\\/vamosporlaliberacion.org\\\/crpmlm\\\/23a-debe-ser-un-punto-de-quiebre\\\/#breadcrumb\",\"itemListElement\":[{\"@type\":\"ListItem\",\"position\":1,\"name\":\"Portada\",\"item\":\"https:\\\/\\\/vamosporlaliberacion.org\\\/crpmlm\\\/\"},{\"@type\":\"ListItem\",\"position\":2,\"name\":\"23A: debe ser un punto de quiebre\"}]},{\"@type\":\"WebSite\",\"@id\":\"https:\\\/\\\/vamosporlaliberacion.org\\\/crpmlm\\\/#website\",\"url\":\"https:\\\/\\\/vamosporlaliberacion.org\\\/crpmlm\\\/\",\"name\":\"Vamos por la Liberaci\u00f3n\",\"description\":\"Prensa CR\",\"potentialAction\":[{\"@type\":\"SearchAction\",\"target\":{\"@type\":\"EntryPoint\",\"urlTemplate\":\"https:\\\/\\\/vamosporlaliberacion.org\\\/crpmlm\\\/?s={search_term_string}\"},\"query-input\":{\"@type\":\"PropertyValueSpecification\",\"valueRequired\":true,\"valueName\":\"search_term_string\"}}],\"inLanguage\":\"es\"},{\"@type\":\"Person\",\"@id\":\"https:\\\/\\\/vamosporlaliberacion.org\\\/crpmlm\\\/#\\\/schema\\\/person\\\/ebdbd4bf0e9418b9f0c0a93395366b2f\",\"name\":\"Prensa Vamos\",\"sameAs\":[\"http:\\\/\\\/vamposporlaliberacion.org\"],\"url\":\"http:\\\/\\\/vamosporlaliberacion.org\\\/crpmlm\\\/author\\\/editor\\\/\"}]}<\/script>\n<!-- \/ Yoast SEO plugin. -->","yoast_head_json":{"title":"23A: debe ser un punto de quiebre - Vamos por la Liberaci\u00f3n","robots":{"index":"index","follow":"follow","max-snippet":"max-snippet:-1","max-image-preview":"max-image-preview:large","max-video-preview":"max-video-preview:-1"},"canonical":"http:\/\/vamosporlaliberacion.org\/crpmlm\/23a-debe-ser-un-punto-de-quiebre\/","twitter_misc":{"Escrito por":"Prensa Vamos","Tiempo de lectura":"10 minutos"},"schema":{"@context":"https:\/\/schema.org","@graph":[{"@type":"Article","@id":"http:\/\/vamosporlaliberacion.org\/crpmlm\/23a-debe-ser-un-punto-de-quiebre\/#article","isPartOf":{"@id":"http:\/\/vamosporlaliberacion.org\/crpmlm\/23a-debe-ser-un-punto-de-quiebre\/"},"author":{"name":"Prensa Vamos","@id":"https:\/\/vamosporlaliberacion.org\/crpmlm\/#\/schema\/person\/ebdbd4bf0e9418b9f0c0a93395366b2f"},"headline":"23A: debe ser un punto de quiebre","datePublished":"2024-04-29T12:37:22+00:00","dateModified":"2024-04-29T14:27:08+00:00","mainEntityOfPage":{"@id":"http:\/\/vamosporlaliberacion.org\/crpmlm\/23a-debe-ser-un-punto-de-quiebre\/"},"wordCount":1761,"image":{"@id":"http:\/\/vamosporlaliberacion.org\/crpmlm\/23a-debe-ser-un-punto-de-quiebre\/#primaryimage"},"thumbnailUrl":"https:\/\/i0.wp.com\/vamosporlaliberacion.org\/crpmlm\/wp-content\/uploads\/2024\/04\/MarchaFedUniv-1.jpg?fit=800%2C450&ssl=1","articleSection":["Editoriales","Noticias"],"inLanguage":"es"},{"@type":"WebPage","@id":"http:\/\/vamosporlaliberacion.org\/crpmlm\/23a-debe-ser-un-punto-de-quiebre\/","url":"http:\/\/vamosporlaliberacion.org\/crpmlm\/23a-debe-ser-un-punto-de-quiebre\/","name":"23A: debe ser un punto de quiebre - Vamos por la Liberaci\u00f3n","isPartOf":{"@id":"https:\/\/vamosporlaliberacion.org\/crpmlm\/#website"},"primaryImageOfPage":{"@id":"http:\/\/vamosporlaliberacion.org\/crpmlm\/23a-debe-ser-un-punto-de-quiebre\/#primaryimage"},"image":{"@id":"http:\/\/vamosporlaliberacion.org\/crpmlm\/23a-debe-ser-un-punto-de-quiebre\/#primaryimage"},"thumbnailUrl":"https:\/\/i0.wp.com\/vamosporlaliberacion.org\/crpmlm\/wp-content\/uploads\/2024\/04\/MarchaFedUniv-1.jpg?fit=800%2C450&ssl=1","datePublished":"2024-04-29T12:37:22+00:00","dateModified":"2024-04-29T14:27:08+00:00","author":{"@id":"https:\/\/vamosporlaliberacion.org\/crpmlm\/#\/schema\/person\/ebdbd4bf0e9418b9f0c0a93395366b2f"},"breadcrumb":{"@id":"http:\/\/vamosporlaliberacion.org\/crpmlm\/23a-debe-ser-un-punto-de-quiebre\/#breadcrumb"},"inLanguage":"es","potentialAction":[{"@type":"ReadAction","target":["http:\/\/vamosporlaliberacion.org\/crpmlm\/23a-debe-ser-un-punto-de-quiebre\/"]}]},{"@type":"ImageObject","inLanguage":"es","@id":"http:\/\/vamosporlaliberacion.org\/crpmlm\/23a-debe-ser-un-punto-de-quiebre\/#primaryimage","url":"https:\/\/i0.wp.com\/vamosporlaliberacion.org\/crpmlm\/wp-content\/uploads\/2024\/04\/MarchaFedUniv-1.jpg?fit=800%2C450&ssl=1","contentUrl":"https:\/\/i0.wp.com\/vamosporlaliberacion.org\/crpmlm\/wp-content\/uploads\/2024\/04\/MarchaFedUniv-1.jpg?fit=800%2C450&ssl=1","width":800,"height":450},{"@type":"BreadcrumbList","@id":"http:\/\/vamosporlaliberacion.org\/crpmlm\/23a-debe-ser-un-punto-de-quiebre\/#breadcrumb","itemListElement":[{"@type":"ListItem","position":1,"name":"Portada","item":"https:\/\/vamosporlaliberacion.org\/crpmlm\/"},{"@type":"ListItem","position":2,"name":"23A: debe ser un punto de quiebre"}]},{"@type":"WebSite","@id":"https:\/\/vamosporlaliberacion.org\/crpmlm\/#website","url":"https:\/\/vamosporlaliberacion.org\/crpmlm\/","name":"Vamos por la Liberaci\u00f3n","description":"Prensa CR","potentialAction":[{"@type":"SearchAction","target":{"@type":"EntryPoint","urlTemplate":"https:\/\/vamosporlaliberacion.org\/crpmlm\/?s={search_term_string}"},"query-input":{"@type":"PropertyValueSpecification","valueRequired":true,"valueName":"search_term_string"}}],"inLanguage":"es"},{"@type":"Person","@id":"https:\/\/vamosporlaliberacion.org\/crpmlm\/#\/schema\/person\/ebdbd4bf0e9418b9f0c0a93395366b2f","name":"Prensa Vamos","sameAs":["http:\/\/vamposporlaliberacion.org"],"url":"http:\/\/vamosporlaliberacion.org\/crpmlm\/author\/editor\/"}]}},"jetpack_featured_media_url":"https:\/\/i0.wp.com\/vamosporlaliberacion.org\/crpmlm\/wp-content\/uploads\/2024\/04\/MarchaFedUniv-1.jpg?fit=800%2C450&ssl=1","jetpack_sharing_enabled":true,"_links":{"self":[{"href":"http:\/\/vamosporlaliberacion.org\/crpmlm\/wp-json\/wp\/v2\/posts\/27772","targetHints":{"allow":["GET"]}}],"collection":[{"href":"http:\/\/vamosporlaliberacion.org\/crpmlm\/wp-json\/wp\/v2\/posts"}],"about":[{"href":"http:\/\/vamosporlaliberacion.org\/crpmlm\/wp-json\/wp\/v2\/types\/post"}],"author":[{"embeddable":true,"href":"http:\/\/vamosporlaliberacion.org\/crpmlm\/wp-json\/wp\/v2\/users\/9"}],"replies":[{"embeddable":true,"href":"http:\/\/vamosporlaliberacion.org\/crpmlm\/wp-json\/wp\/v2\/comments?post=27772"}],"version-history":[{"count":5,"href":"http:\/\/vamosporlaliberacion.org\/crpmlm\/wp-json\/wp\/v2\/posts\/27772\/revisions"}],"predecessor-version":[{"id":27794,"href":"http:\/\/vamosporlaliberacion.org\/crpmlm\/wp-json\/wp\/v2\/posts\/27772\/revisions\/27794"}],"wp:featuredmedia":[{"embeddable":true,"href":"http:\/\/vamosporlaliberacion.org\/crpmlm\/wp-json\/wp\/v2\/media\/27783"}],"wp:attachment":[{"href":"http:\/\/vamosporlaliberacion.org\/crpmlm\/wp-json\/wp\/v2\/media?parent=27772"}],"wp:term":[{"taxonomy":"category","embeddable":true,"href":"http:\/\/vamosporlaliberacion.org\/crpmlm\/wp-json\/wp\/v2\/categories?post=27772"},{"taxonomy":"post_tag","embeddable":true,"href":"http:\/\/vamosporlaliberacion.org\/crpmlm\/wp-json\/wp\/v2\/tags?post=27772"}],"curies":[{"name":"wp","href":"https:\/\/api.w.org\/{rel}","templated":true}]}}