{"id":2762,"date":"2015-05-15T21:15:29","date_gmt":"2015-05-16T00:15:29","guid":{"rendered":"http:\/\/vamosporlaliberacion.org\/crpmlm\/?p=2762"},"modified":"2020-11-06T18:38:37","modified_gmt":"2020-11-06T21:38:37","slug":"romper-el-techo-salarial","status":"publish","type":"post","link":"http:\/\/vamosporlaliberacion.org\/crpmlm\/romper-el-techo-salarial\/","title":{"rendered":"Romper el techo salarial"},"content":{"rendered":"<h3><b>Un modelo de dependencia en crisis<\/b><\/h3>\n<p>Sostener el consumo popular sin reactivar de manera independiente la industria y el agro, con una pol\u00edtica que profundiza la dependencia en forma muy acelerada \u2013como se evidenci\u00f3 en estos 12 a\u00f1os de gobierno kirchnerista\u2013, lleva m\u00e1s tarde o m\u00e1s temprano a nuevos endeudamientos para poder sostener este modelo agro-minero-exportador.<\/p>\n<p>El gobierno fue amarrando la dependencia de diferentes formas. Con el imperialismo chino celebr\u00f3 m\u00e1s acuerdos comerciales y de inversi\u00f3n en obras que le posibilitaran la entrada de d\u00f3lares, foment\u00f3 y estimul\u00f3 al empresariado y gobernadores a celebrar acuerdos en la energ\u00eda, la miner\u00eda, la industria, el agro y servicios. Su penetraci\u00f3n capilar es silenciosa pero ha penetrado en poros sensibles de las econom\u00edas regionales. La base aeroespacial con implicancias militares en la provincia de Neuqu\u00e9n es una clara muestra del grado de acuerdos con ese imperialismo que van m\u00e1s all\u00e1 de lo econ\u00f3mico. Tambi\u00e9n se han adecuado la legislaci\u00f3n a su medida.<\/p>\n<p>Se ha reactivado en los \u00faltimos a\u00f1os el comercio con Rusia, con su econom\u00eda en crisis, llegando en el \u00faltimo viaje de CFK a acuerdos en materia energ\u00e9tica, nuclear y militar.<\/p>\n<p>El Gobierno desde YPF tiene como socio estrat\u00e9gico a Chevr\u00f3n en Vaca Muerta, mientras sostiene a otros monopolios y \u00faltimamente permite la entrada de chinos y rusos en el yacimiento. As\u00ed, amarrando la dependencia, trae \u201cinversiones\u201d y d\u00f3lares.<\/p>\n<p>Pero eso no alcanz\u00f3 porque es m\u00e1s la fuga de remesas constante que giran los monopolios que las inversiones. Y porque es deficiPretaria la balanza comercial con estados como china, donde es m\u00e1s lo que entra de ese pa\u00eds que lo que sale. Como no puede ser de otra manera.<\/p>\n<p>Entonces el Gobierno, falto de d\u00f3lares para sostener el consumo con la ca\u00edda del crecimiento hace 20 meses, se encuentra en el dilema hist\u00f3rico de ajustar de manera \u201cortodoxa\u201d o seguir endeud\u00e1ndose. Frente a esta disyuntiva amenaza con la vuelta \u2013que traen varios candidatos de la oposici\u00f3n\u2013 a las recetas de \u201cajuste ortodoxo\u201d, como la devaluaci\u00f3n o recorte de subsidios al transporte, servicios y asistencia social. Mientras tanto, desarrolla el ajuste neo-desarrollista por inflaci\u00f3n y nuevos endeudamientos de manera directa, con el convenio swap con China y con la colocaci\u00f3n del Bonar24. Y como esto no alcanza, mantienen el impuesto distorsivo al salario; porque el ajuste, \u201cortodoxo\u201d o \u201cneo-desarrollista\u201d, es ajuste.<\/p>\n<p>La disyuntiva no es ajuste \u201cortodoxo\u201d o \u201csuave\u201d, sino romper esa polaridad y avanzar hacia la liberaci\u00f3n nacional y social, fortaleciendo el reagrupamiento para esos objetivos.<\/p>\n<h3><b>Las paritarias: el gran problema<\/b><\/h3>\n<p>En este marco recesivo y falta de d\u00f3lares con una ca\u00edda del consumo, el gobierno enfrenta las paritarias con la premisa de no superar el 25% de techo. Nadie quiere \u201cincendiar las naves\u201d en el sindicalismo traidor que controlan los principales sindicatos y centrales obreras. Pero contrasta con la realidad por abajo, donde la plata no alcanza y se preparan despidos y suspensiones en las terminales automotrices, principalmente por la crisis en Brasil que se lleva el 70% de lo producido en el pa\u00eds.<\/p>\n<p>Los anuncios del ministro Kicillof sobre el impuesto a las ganancias buscaron confundir m\u00e1s sin cambiar pr\u00e1cticamente nada. El propio ministro reconoci\u00f3 que con los nuevos aumentos en paritarias se pagar\u00e1 m\u00e1s por ganancia, \u201ccomo pasa con todo\u201d, dijo. Est\u00e1 claro que, con este impuesto distorsivo, los trabajadores bancan gran parte de la pol\u00edtica asistencial como tambi\u00e9n afirm\u00f3 Kicillof.<\/p>\n<p>Entonces nuevamente las paritarias son el palo en la rueda de la pol\u00edtica econ\u00f3mica del gobierno. Para lograr un techo en las paritarias, el Gobierno se une con los principales monopolios, \u201cayudado\u201d por alguna voz \u201cortodoxa\u201d de la UIA que sugieren \u201caumentar por decreto\u201d o \u201celiminar las paritarias\u201d, ejerciendo as\u00ed el rol de \u201cpuching-ball\u201d del Gobierno para argumentar y aplicar el \u201cajuste blando\u201d.<\/p>\n<p>La situaci\u00f3n de los trabajadores y el pueblo se han agravado en los \u00faltimos a\u00f1os. Ha crecido la pobreza: uno de cada tres habitantes es pobre, superando los 800 mil argentinos. Al comienzo de la d\u00e9cada se necesitaban 60 sueldos en promedio para acceder a una vivienda; ahora se necesitan 90 y los cr\u00e9ditos son inaccesibles. La precarizaci\u00f3n laboral ha crecido y la denuncia de los talleres clandestinos son s\u00f3lo la punta de un iceberg que muestra la lacra del sistema capitalista a 3 kil\u00f3metros de la Casa Rosada.<\/p>\n<p>Pero la lucha de los trabajadores va creciendo desde abajo cargando conquistas muy importantes, como las de los docentes de Tierra del Fuego que arrancaron 46% de aumento con su lucha ejemplar (ver nota) o la de los docentes de Tigre.<\/p>\n<p>Diversos destacamento del movimiento obrero y asalariados est\u00e1n en las gateras de paro. Los bancarios arrancan el plan de lucha con paros y movilizaciones, la UOM va al paro luego de la conciliaci\u00f3n ya que no hubo acuerdo y el Gobierno tomar\u00e1 como gremios testigos para la paritaria a Comercio y la Construcci\u00f3n que acordaron el 26%. Los motores se calientan con muestras duras como los aceiteros que decretaron un paro por tiempo indeterminado y est\u00e1n a la espera de la CGT San Lorenzo, que si se pliega paran los principales puertos de Santa Fe. Moyano est\u00e1 esperando a Fern\u00e1ndez de la UTA si se decide llamar a un paro para plegarse. Las urgencias de los trabajadores, bien gracias.<\/p>\n<h3><b>La lucha y las elecciones<\/b><\/h3>\n<p>Los actos del 1\u00ba de Mayo mostraron en gran medida que los que salen a la calle y se manifiestan son los sectores combativos del movimiento obrero (ver nota). La CTA Aut\u00f3noma tambi\u00e9n hizo actos. Casi ninguno de los jerarcas record\u00f3 esa fecha tan sentida para los trabajadores.<\/p>\n<p>El acto m\u00e1s importante fue el del FIT en Plaza de Mayo, donde el CR concurri\u00f3, previa choriceada y acto frente al Cabildo.<\/p>\n<p>Luego de conocerse los resultados de las elecciones en Mendoza el domingo 3 de mayo, donde el candidato Del Ca\u00f1o (PTS-FIT) sali\u00f3 segundo en las lecciones a intendente por la Ciudad de Mendoza, se agudiz\u00f3 la interna en el FIT y anunciaron que ir\u00e1n a las PASO para dirimir la candidatura presidencial. Esta crisis tiene un trasfondo en que por un lado Izquierda Socialista y el PO buscan ampliar el frente (como se pudo ver en el acto del 1\u00ba de Mayo), y por otro el PTS, con una visi\u00f3n m\u00e1s \u201cideologizada\u201d del frente, resiste y critica el manejo de las candidaturas.<\/p>\n<p>Nosotros, que no integramos el FIT, ratificamos nuestros fundamentos pol\u00edticos de nuestro voto nacional al Frente, ya que entendemos que expresa un programa y una confluencia de sectores protagonistas de las principales lucha en el \u00faltimo per\u00edodo, y que los \u00faltimos resultados en el interior y en Capital Federal muestran que frente a un escenario de dispersi\u00f3n un sector del pueblo elige al FIT como un canal frente a las variantes de las clases dominantes. Esta opci\u00f3n se inscribe dentro del reagrupamiento que enfrenta el ajuste y la entrega, y ayuda objetivamente a la lucha por la liberaci\u00f3n nacional y social.<\/p>\n<p>Con estas mismas fuerzas hoy empujamos, en diferentes sindicatos y reagrupamientos como el Encuentro Sindical, la lucha por el paro activo de 36hs para romper los topes salariales, por un aumento del 40% con 12 mil pesos de salario m\u00ednimo, aumento de las jubilaciones y el 82% m\u00f3vil, en el camino de hacer pagar la crisis a los monopolios, los terratenientes y los bancos.<\/p>\n<!-- AddThis Advanced Settings generic via filter on the_content --><!-- AddThis Share Buttons generic via filter on the_content -->","protected":false},"excerpt":{"rendered":"<p>Un modelo de dependencia en crisis Sostener el consumo popular sin reactivar de manera independiente la industria y el agro, con una pol\u00edtica que profundiza la dependencia en forma muy acelerada \u2013como se evidenci\u00f3 en estos 12 a\u00f1os de gobierno kirchnerista\u2013, lleva m\u00e1s tarde o m\u00e1s temprano a nuevos endeudamientos para poder sostener este modelo [&hellip;]<!-- AddThis Advanced Settings generic via filter on get_the_excerpt --><!-- AddThis Share Buttons generic via filter on get_the_excerpt --><\/p>\n","protected":false},"author":6,"featured_media":2738,"comment_status":"open","ping_status":"open","sticky":false,"template":"","format":"standard","meta":{"_jetpack_memberships_contains_paid_content":false,"footnotes":""},"categories":[1881],"tags":[385],"class_list":{"0":"post-2762","1":"post","2":"type-post","3":"status-publish","4":"format-standard","5":"has-post-thumbnail","7":"category-editoriales","8":"tag-editorial-51"},"yoast_head":"<!-- This site is optimized with the Yoast SEO plugin v27.4 - https:\/\/yoast.com\/product\/yoast-seo-wordpress\/ -->\n<title>Romper el techo salarial - Vamos por la Liberaci\u00f3n<\/title>\n<meta name=\"robots\" content=\"index, follow, max-snippet:-1, max-image-preview:large, max-video-preview:-1\" \/>\n<link rel=\"canonical\" href=\"http:\/\/vamosporlaliberacion.org\/crpmlm\/romper-el-techo-salarial\/\" \/>\n<meta name=\"twitter:label1\" content=\"Escrito por\" \/>\n\t<meta name=\"twitter:data1\" content=\"vamos!\" \/>\n\t<meta name=\"twitter:label2\" content=\"Tiempo de lectura\" \/>\n\t<meta name=\"twitter:data2\" content=\"6 minutos\" \/>\n<script type=\"application\/ld+json\" class=\"yoast-schema-graph\">{\"@context\":\"https:\\\/\\\/schema.org\",\"@graph\":[{\"@type\":\"Article\",\"@id\":\"http:\\\/\\\/vamosporlaliberacion.org\\\/crpmlm\\\/romper-el-techo-salarial\\\/#article\",\"isPartOf\":{\"@id\":\"http:\\\/\\\/vamosporlaliberacion.org\\\/crpmlm\\\/romper-el-techo-salarial\\\/\"},\"author\":{\"name\":\"vamos!\",\"@id\":\"https:\\\/\\\/vamosporlaliberacion.org\\\/crpmlm\\\/#\\\/schema\\\/person\\\/d6eac7758df3770dae9cd9eb104d615c\"},\"headline\":\"Romper el techo salarial\",\"datePublished\":\"2015-05-16T00:15:29+00:00\",\"dateModified\":\"2020-11-06T21:38:37+00:00\",\"mainEntityOfPage\":{\"@id\":\"http:\\\/\\\/vamosporlaliberacion.org\\\/crpmlm\\\/romper-el-techo-salarial\\\/\"},\"wordCount\":1276,\"commentCount\":0,\"image\":{\"@id\":\"http:\\\/\\\/vamosporlaliberacion.org\\\/crpmlm\\\/romper-el-techo-salarial\\\/#primaryimage\"},\"thumbnailUrl\":\"https:\\\/\\\/i0.wp.com\\\/vamosporlaliberacion.org\\\/crpmlm\\\/wp-content\\\/uploads\\\/2015\\\/10\\\/vxl51-08.jpg?fit=696%2C469&ssl=1\",\"keywords\":[\"editorial 51\"],\"articleSection\":[\"Editoriales\"],\"inLanguage\":\"es\",\"potentialAction\":[{\"@type\":\"CommentAction\",\"name\":\"Comment\",\"target\":[\"http:\\\/\\\/vamosporlaliberacion.org\\\/crpmlm\\\/romper-el-techo-salarial\\\/#respond\"]}]},{\"@type\":\"WebPage\",\"@id\":\"http:\\\/\\\/vamosporlaliberacion.org\\\/crpmlm\\\/romper-el-techo-salarial\\\/\",\"url\":\"http:\\\/\\\/vamosporlaliberacion.org\\\/crpmlm\\\/romper-el-techo-salarial\\\/\",\"name\":\"Romper el techo salarial - Vamos por la Liberaci\u00f3n\",\"isPartOf\":{\"@id\":\"https:\\\/\\\/vamosporlaliberacion.org\\\/crpmlm\\\/#website\"},\"primaryImageOfPage\":{\"@id\":\"http:\\\/\\\/vamosporlaliberacion.org\\\/crpmlm\\\/romper-el-techo-salarial\\\/#primaryimage\"},\"image\":{\"@id\":\"http:\\\/\\\/vamosporlaliberacion.org\\\/crpmlm\\\/romper-el-techo-salarial\\\/#primaryimage\"},\"thumbnailUrl\":\"https:\\\/\\\/i0.wp.com\\\/vamosporlaliberacion.org\\\/crpmlm\\\/wp-content\\\/uploads\\\/2015\\\/10\\\/vxl51-08.jpg?fit=696%2C469&ssl=1\",\"datePublished\":\"2015-05-16T00:15:29+00:00\",\"dateModified\":\"2020-11-06T21:38:37+00:00\",\"author\":{\"@id\":\"https:\\\/\\\/vamosporlaliberacion.org\\\/crpmlm\\\/#\\\/schema\\\/person\\\/d6eac7758df3770dae9cd9eb104d615c\"},\"breadcrumb\":{\"@id\":\"http:\\\/\\\/vamosporlaliberacion.org\\\/crpmlm\\\/romper-el-techo-salarial\\\/#breadcrumb\"},\"inLanguage\":\"es\",\"potentialAction\":[{\"@type\":\"ReadAction\",\"target\":[\"http:\\\/\\\/vamosporlaliberacion.org\\\/crpmlm\\\/romper-el-techo-salarial\\\/\"]}]},{\"@type\":\"ImageObject\",\"inLanguage\":\"es\",\"@id\":\"http:\\\/\\\/vamosporlaliberacion.org\\\/crpmlm\\\/romper-el-techo-salarial\\\/#primaryimage\",\"url\":\"https:\\\/\\\/i0.wp.com\\\/vamosporlaliberacion.org\\\/crpmlm\\\/wp-content\\\/uploads\\\/2015\\\/10\\\/vxl51-08.jpg?fit=696%2C469&ssl=1\",\"contentUrl\":\"https:\\\/\\\/i0.wp.com\\\/vamosporlaliberacion.org\\\/crpmlm\\\/wp-content\\\/uploads\\\/2015\\\/10\\\/vxl51-08.jpg?fit=696%2C469&ssl=1\",\"width\":696,\"height\":469},{\"@type\":\"BreadcrumbList\",\"@id\":\"http:\\\/\\\/vamosporlaliberacion.org\\\/crpmlm\\\/romper-el-techo-salarial\\\/#breadcrumb\",\"itemListElement\":[{\"@type\":\"ListItem\",\"position\":1,\"name\":\"Portada\",\"item\":\"https:\\\/\\\/vamosporlaliberacion.org\\\/crpmlm\\\/\"},{\"@type\":\"ListItem\",\"position\":2,\"name\":\"Romper el techo salarial\"}]},{\"@type\":\"WebSite\",\"@id\":\"https:\\\/\\\/vamosporlaliberacion.org\\\/crpmlm\\\/#website\",\"url\":\"https:\\\/\\\/vamosporlaliberacion.org\\\/crpmlm\\\/\",\"name\":\"Vamos por la Liberaci\u00f3n\",\"description\":\"Prensa CR\",\"potentialAction\":[{\"@type\":\"SearchAction\",\"target\":{\"@type\":\"EntryPoint\",\"urlTemplate\":\"https:\\\/\\\/vamosporlaliberacion.org\\\/crpmlm\\\/?s={search_term_string}\"},\"query-input\":{\"@type\":\"PropertyValueSpecification\",\"valueRequired\":true,\"valueName\":\"search_term_string\"}}],\"inLanguage\":\"es\"},{\"@type\":\"Person\",\"@id\":\"https:\\\/\\\/vamosporlaliberacion.org\\\/crpmlm\\\/#\\\/schema\\\/person\\\/d6eac7758df3770dae9cd9eb104d615c\",\"name\":\"vamos!\",\"url\":\"http:\\\/\\\/vamosporlaliberacion.org\\\/crpmlm\\\/author\\\/adminvxl\\\/\"}]}<\/script>\n<!-- \/ Yoast SEO plugin. -->","yoast_head_json":{"title":"Romper el techo salarial - Vamos por la Liberaci\u00f3n","robots":{"index":"index","follow":"follow","max-snippet":"max-snippet:-1","max-image-preview":"max-image-preview:large","max-video-preview":"max-video-preview:-1"},"canonical":"http:\/\/vamosporlaliberacion.org\/crpmlm\/romper-el-techo-salarial\/","twitter_misc":{"Escrito por":"vamos!","Tiempo de lectura":"6 minutos"},"schema":{"@context":"https:\/\/schema.org","@graph":[{"@type":"Article","@id":"http:\/\/vamosporlaliberacion.org\/crpmlm\/romper-el-techo-salarial\/#article","isPartOf":{"@id":"http:\/\/vamosporlaliberacion.org\/crpmlm\/romper-el-techo-salarial\/"},"author":{"name":"vamos!","@id":"https:\/\/vamosporlaliberacion.org\/crpmlm\/#\/schema\/person\/d6eac7758df3770dae9cd9eb104d615c"},"headline":"Romper el techo salarial","datePublished":"2015-05-16T00:15:29+00:00","dateModified":"2020-11-06T21:38:37+00:00","mainEntityOfPage":{"@id":"http:\/\/vamosporlaliberacion.org\/crpmlm\/romper-el-techo-salarial\/"},"wordCount":1276,"commentCount":0,"image":{"@id":"http:\/\/vamosporlaliberacion.org\/crpmlm\/romper-el-techo-salarial\/#primaryimage"},"thumbnailUrl":"https:\/\/i0.wp.com\/vamosporlaliberacion.org\/crpmlm\/wp-content\/uploads\/2015\/10\/vxl51-08.jpg?fit=696%2C469&ssl=1","keywords":["editorial 51"],"articleSection":["Editoriales"],"inLanguage":"es","potentialAction":[{"@type":"CommentAction","name":"Comment","target":["http:\/\/vamosporlaliberacion.org\/crpmlm\/romper-el-techo-salarial\/#respond"]}]},{"@type":"WebPage","@id":"http:\/\/vamosporlaliberacion.org\/crpmlm\/romper-el-techo-salarial\/","url":"http:\/\/vamosporlaliberacion.org\/crpmlm\/romper-el-techo-salarial\/","name":"Romper el techo salarial - Vamos por la Liberaci\u00f3n","isPartOf":{"@id":"https:\/\/vamosporlaliberacion.org\/crpmlm\/#website"},"primaryImageOfPage":{"@id":"http:\/\/vamosporlaliberacion.org\/crpmlm\/romper-el-techo-salarial\/#primaryimage"},"image":{"@id":"http:\/\/vamosporlaliberacion.org\/crpmlm\/romper-el-techo-salarial\/#primaryimage"},"thumbnailUrl":"https:\/\/i0.wp.com\/vamosporlaliberacion.org\/crpmlm\/wp-content\/uploads\/2015\/10\/vxl51-08.jpg?fit=696%2C469&ssl=1","datePublished":"2015-05-16T00:15:29+00:00","dateModified":"2020-11-06T21:38:37+00:00","author":{"@id":"https:\/\/vamosporlaliberacion.org\/crpmlm\/#\/schema\/person\/d6eac7758df3770dae9cd9eb104d615c"},"breadcrumb":{"@id":"http:\/\/vamosporlaliberacion.org\/crpmlm\/romper-el-techo-salarial\/#breadcrumb"},"inLanguage":"es","potentialAction":[{"@type":"ReadAction","target":["http:\/\/vamosporlaliberacion.org\/crpmlm\/romper-el-techo-salarial\/"]}]},{"@type":"ImageObject","inLanguage":"es","@id":"http:\/\/vamosporlaliberacion.org\/crpmlm\/romper-el-techo-salarial\/#primaryimage","url":"https:\/\/i0.wp.com\/vamosporlaliberacion.org\/crpmlm\/wp-content\/uploads\/2015\/10\/vxl51-08.jpg?fit=696%2C469&ssl=1","contentUrl":"https:\/\/i0.wp.com\/vamosporlaliberacion.org\/crpmlm\/wp-content\/uploads\/2015\/10\/vxl51-08.jpg?fit=696%2C469&ssl=1","width":696,"height":469},{"@type":"BreadcrumbList","@id":"http:\/\/vamosporlaliberacion.org\/crpmlm\/romper-el-techo-salarial\/#breadcrumb","itemListElement":[{"@type":"ListItem","position":1,"name":"Portada","item":"https:\/\/vamosporlaliberacion.org\/crpmlm\/"},{"@type":"ListItem","position":2,"name":"Romper el techo salarial"}]},{"@type":"WebSite","@id":"https:\/\/vamosporlaliberacion.org\/crpmlm\/#website","url":"https:\/\/vamosporlaliberacion.org\/crpmlm\/","name":"Vamos por la Liberaci\u00f3n","description":"Prensa CR","potentialAction":[{"@type":"SearchAction","target":{"@type":"EntryPoint","urlTemplate":"https:\/\/vamosporlaliberacion.org\/crpmlm\/?s={search_term_string}"},"query-input":{"@type":"PropertyValueSpecification","valueRequired":true,"valueName":"search_term_string"}}],"inLanguage":"es"},{"@type":"Person","@id":"https:\/\/vamosporlaliberacion.org\/crpmlm\/#\/schema\/person\/d6eac7758df3770dae9cd9eb104d615c","name":"vamos!","url":"http:\/\/vamosporlaliberacion.org\/crpmlm\/author\/adminvxl\/"}]}},"jetpack_featured_media_url":"https:\/\/i0.wp.com\/vamosporlaliberacion.org\/crpmlm\/wp-content\/uploads\/2015\/10\/vxl51-08.jpg?fit=696%2C469&ssl=1","jetpack_sharing_enabled":true,"_links":{"self":[{"href":"http:\/\/vamosporlaliberacion.org\/crpmlm\/wp-json\/wp\/v2\/posts\/2762","targetHints":{"allow":["GET"]}}],"collection":[{"href":"http:\/\/vamosporlaliberacion.org\/crpmlm\/wp-json\/wp\/v2\/posts"}],"about":[{"href":"http:\/\/vamosporlaliberacion.org\/crpmlm\/wp-json\/wp\/v2\/types\/post"}],"author":[{"embeddable":true,"href":"http:\/\/vamosporlaliberacion.org\/crpmlm\/wp-json\/wp\/v2\/users\/6"}],"replies":[{"embeddable":true,"href":"http:\/\/vamosporlaliberacion.org\/crpmlm\/wp-json\/wp\/v2\/comments?post=2762"}],"version-history":[{"count":1,"href":"http:\/\/vamosporlaliberacion.org\/crpmlm\/wp-json\/wp\/v2\/posts\/2762\/revisions"}],"predecessor-version":[{"id":21915,"href":"http:\/\/vamosporlaliberacion.org\/crpmlm\/wp-json\/wp\/v2\/posts\/2762\/revisions\/21915"}],"wp:featuredmedia":[{"embeddable":true,"href":"http:\/\/vamosporlaliberacion.org\/crpmlm\/wp-json\/wp\/v2\/media\/2738"}],"wp:attachment":[{"href":"http:\/\/vamosporlaliberacion.org\/crpmlm\/wp-json\/wp\/v2\/media?parent=2762"}],"wp:term":[{"taxonomy":"category","embeddable":true,"href":"http:\/\/vamosporlaliberacion.org\/crpmlm\/wp-json\/wp\/v2\/categories?post=2762"},{"taxonomy":"post_tag","embeddable":true,"href":"http:\/\/vamosporlaliberacion.org\/crpmlm\/wp-json\/wp\/v2\/tags?post=2762"}],"curies":[{"name":"wp","href":"https:\/\/api.w.org\/{rel}","templated":true}]}}