{"id":27158,"date":"2023-09-25T10:37:36","date_gmt":"2023-09-25T13:37:36","guid":{"rendered":"http:\/\/vamosporlaliberacion.org\/crpmlm\/?p=27158"},"modified":"2023-09-25T11:52:53","modified_gmt":"2023-09-25T14:52:53","slug":"repudiamos-la-persecucion-politica-contra-hector-cacho-ramirez","status":"publish","type":"post","link":"http:\/\/vamosporlaliberacion.org\/crpmlm\/repudiamos-la-persecucion-politica-contra-hector-cacho-ramirez\/","title":{"rendered":"Repudiamos la persecuci\u00f3n  pol\u00edtica contra H\u00e9ctor Cacho Ramirez"},"content":{"rendered":"\n<p>El compa\u00f1ero Cacho Ramirez dirigente de la Corriente Ren\u00e9 Salamanca y del Comunismo Revolucionario, y candidato a intendente de Malague\u00f1o (C\u00f3rdoba) en las pasadas elecciones, fue allanado el d\u00eda 12 de septiembre intespestivamente en su casa de Villa Carlos Paz por la polic\u00eda de la ciudad de Malague\u00f1o.<br>Est\u00e1 polic\u00eda no tiene jurisdicci\u00f3n en Carlos Paz, se presentaron sin fiscal ni secretario del ning\u00fan juzgado y se llevaron documentaci\u00f3n de la Corriente Ren\u00e9 Salamanca, su celular y efectos personales.<br>Este es un claro hecho de intento de imputaci\u00f3n, amedrentaci\u00f3n y persecuci\u00f3n pol\u00edtica hacia Cacho y su organizaci\u00f3n, ya que ni \u00e9l ni otra persona vinculada tiene causa ni imputaci\u00f3n legal.<\/p>\n\n\n\n<p>La impunidad de una justicia y cierta pol\u00edtica clasista que manejan las fuerzas de seguridad, violando el debido proceso y las garant\u00edas democr\u00e1ticas, no se pueden instalar como moneda corriente como ocurri\u00f3 en otros tiempos oscuros de nuestro pa\u00eds.<\/p>\n\n\n\n<p>Hacemos responsable al gobierno de Cordoba, a la justicia y a la policia de Malague\u00f1o por cualquier cosa que le pueda pasar a nuestro referente Cacho Ramirez u otra\/o miembro de su familia o de la Corriente Clasista Ren\u00e9 Salamanca.<br>Exigimos que se esclarezcan los hechos y se paguen los responsables.<\/p>\n\n\n\n<p>Compartimos su carta abierta del s\u00e1bado 23 de septiembre.<\/p>\n\n\n<div class=\"wp-block-image\">\n<figure class=\"aligncenter size-full is-resized\"><img data-recalc-dims=\"1\" loading=\"lazy\" decoding=\"async\" src=\"https:\/\/i0.wp.com\/vamosporlaliberacion.org\/crpmlm\/wp-content\/uploads\/2023\/09\/IMG-20230925-WA0009.jpg?resize=337%2C337\" alt=\"\" class=\"wp-image-27162\" style=\"width:337px;height:337px\" width=\"337\" height=\"337\" srcset=\"https:\/\/i0.wp.com\/vamosporlaliberacion.org\/crpmlm\/wp-content\/uploads\/2023\/09\/IMG-20230925-WA0009.jpg?w=414&amp;ssl=1 414w, https:\/\/i0.wp.com\/vamosporlaliberacion.org\/crpmlm\/wp-content\/uploads\/2023\/09\/IMG-20230925-WA0009.jpg?resize=300%2C300&amp;ssl=1 300w, https:\/\/i0.wp.com\/vamosporlaliberacion.org\/crpmlm\/wp-content\/uploads\/2023\/09\/IMG-20230925-WA0009.jpg?resize=150%2C150&amp;ssl=1 150w\" sizes=\"auto, (max-width: 337px) 100vw, 337px\" \/><figcaption class=\"wp-element-caption\">Cacho encabezando una columna de la Ren\u00e9 Salamanca <\/figcaption><\/figure>\n<\/div>\n\n\n<h3 class=\"wp-block-heading\">CARTA ABIERTA A LOS VECINOS DE MALAGUE\u00d1O<\/h3>\n\n\n\n<p>El d\u00eda doce de septiembre a las doce y treinta horas fue allanada mi casa en calle Entre R\u00edos 53 Villa Carlos Paz, por efectivos policiales de Malague\u00f1o sin jurisdicci\u00f3n en Carlos Paz, aduciendo que secuestraban tres celulares, dos notas presentadas al Municipio de Malague\u00f1o con fecha diez de julio una y otra veinticinco de agosto de este a\u00f1o, cuadernos y recibos del movimiento Corriente Clasista Rene Salamanca, haci\u00e9ndome responsable de la toma de tierra sucedida el&nbsp; d\u00eda veintiuno de agosto en Malague\u00f1o. Hecho del cual nunca estuve de acuerdo, porque en asamblea el d\u00eda diecinueve de agosto por mayor\u00eda de los compa\u00f1eros se decidi\u00f3 de que no se estaba de acuerdo con la toma, a lo cual un grupo de personas fueron igual el veintiuno de agosto.<\/p>\n\n\n\n<p>Digo esto por tres razones:&nbsp;<\/p>\n\n\n\n<p>(-UNO-) Por la ilegalidad del Proceso, donde vinieron polic\u00edas de Malague\u00f1o cuando hay polic\u00edas en Carlos Paz y yo vivo en Carlos Paz, no vino un secretario de justicia ni tampoco un secretario de minoridad cuando yo tengo una hija menor de tres a\u00f1os.<\/p>\n\n\n\n<p>(-DOS-) No estoy imputado en la causa, motivo por el cual nos hace pensar tanto a nuestros abogados como a nosotros mismos, por que no se me cita como testigo antes de hacerme un allanamiento.<\/p>\n\n\n\n<p>(-TRES-) Este hecho del allanamiento al lugar en el que vivo no es m\u00e1s que una persecuci\u00f3n pol\u00edtica hacia mi persona como individuo pol\u00edtico pensante, pero tambi\u00e9n hacia el movimiento y las personas que est\u00e1n en \u00e9l y en la lucha, esperando que se les reconozcan por medio del Municipio un pedacito de sus derechos, y digo un pedacito de sus derechos por que en vez de dar respuestas a las familias del movimiento que esperan un pedacito de tierra para vivir donde incluso muchos los han votado a ellos, se encargan de hablar mal de m\u00ed y del Movimiento al que pertenezco, el cual solo lucha por los derechos de las personas.<\/p>\n\n\n\n<p>En el mes de julio por parte de la junta electoral de Malague\u00f1o se hizo un acto para la proclamaci\u00f3n de autoridades electas el 25 de junio y que asumir\u00e1n el diez de diciembre en el Municipio de Malague\u00f1o, de las 7 fuerzas pol\u00edticas que participamos en las elecciones del 25 de junio, hemos sido la \u00fanica organizaci\u00f3n pol\u00edtica que no fue invitada a dicho acto de proclamaci\u00f3n.<\/p>\n\n\n\n<p><strong>Estos son Hechos Pol\u00edticos que buscan las formas pol\u00edticas para Hacernos Desaparecer Pol\u00edticamente.&nbsp;<\/strong><\/p>\n\n\n\n<p>Dicho esto, es necesario para nosotros resaltar que no estamos de acuerdo con aquellas personas que fueron a la toma por lo menos por tres motivos: UNO_ Porque la asamblea, por mayor\u00eda decidi\u00f3 no ir a la toma, cuando fue una propuesta de estas personas y que se vot\u00f3 en asamblea y la propuesta ganadora fue no ir a la toma, es decir la nuestra.<\/p>\n\n\n\n<p>DOS_ Porque hemos presentado el proyecto ARCA a la SISU del Gobierno Nacional.<\/p>\n\n\n\n<p>TRES_ Hemos presentado nota al Gobierno Municipal para que resuelva la problem\u00e1tica habitacional de Malague\u00f1o y que se deje de lado el fant\u00e1stico negocio inmobiliario.<\/p>\n\n\n\n<p>Cuatro_ Nosotros, jam\u00e1s pero jam\u00e1s vamos a estar de acuerdo con la lucha del pobre contra el pobre, y consideramos que aquella toma del veintiuno de agosto del 2023, fue una lucha del pobre contra el pobre.<\/p>\n\n\n\n<p class=\"has-text-align-right\">UN ABRAZO<\/p>\n\n\n\n<p class=\"has-text-align-right\">HECTOR RAMIREZ<\/p>\n\n\n\n<p class=\"has-text-align-right\">23\/9\/2023<\/p>\n<!-- AddThis Advanced Settings generic via filter on the_content --><!-- AddThis Share Buttons generic via filter on the_content -->","protected":false},"excerpt":{"rendered":"<p>El compa\u00f1ero Cacho Ramirez dirigente de la Corriente Ren\u00e9 Salamanca y del Comunismo Revolucionario, y candidato a intendente de Malague\u00f1o (C\u00f3rdoba) en las pasadas elecciones, fue allanado el d\u00eda 12 de septiembre intespestivamente en su casa de Villa Carlos Paz por la polic\u00eda de la ciudad de Malague\u00f1o.Est\u00e1 polic\u00eda no tiene jurisdicci\u00f3n en Carlos Paz, [&hellip;]<!-- AddThis Advanced Settings generic via filter on get_the_excerpt --><!-- AddThis Share Buttons generic via filter on get_the_excerpt --><\/p>\n","protected":false},"author":9,"featured_media":26758,"comment_status":"closed","ping_status":"closed","sticky":false,"template":"","format":"standard","meta":{"_jetpack_memberships_contains_paid_content":false,"footnotes":""},"categories":[1699],"tags":[],"class_list":{"0":"post-27158","1":"post","2":"type-post","3":"status-publish","4":"format-standard","5":"has-post-thumbnail","7":"category-noticias"},"yoast_head":"<!-- This site is optimized with the Yoast SEO plugin v27.4 - https:\/\/yoast.com\/product\/yoast-seo-wordpress\/ -->\n<title>Repudiamos la persecuci\u00f3n pol\u00edtica contra H\u00e9ctor Cacho Ramirez - Vamos por la Liberaci\u00f3n<\/title>\n<meta name=\"robots\" content=\"index, follow, max-snippet:-1, max-image-preview:large, max-video-preview:-1\" \/>\n<link rel=\"canonical\" href=\"http:\/\/vamosporlaliberacion.org\/crpmlm\/repudiamos-la-persecucion-politica-contra-hector-cacho-ramirez\/\" \/>\n<meta name=\"twitter:label1\" content=\"Escrito por\" \/>\n\t<meta name=\"twitter:data1\" content=\"Prensa Vamos\" \/>\n\t<meta name=\"twitter:label2\" content=\"Tiempo de lectura\" \/>\n\t<meta name=\"twitter:data2\" content=\"4 minutos\" \/>\n<script type=\"application\/ld+json\" class=\"yoast-schema-graph\">{\"@context\":\"https:\\\/\\\/schema.org\",\"@graph\":[{\"@type\":\"Article\",\"@id\":\"http:\\\/\\\/vamosporlaliberacion.org\\\/crpmlm\\\/repudiamos-la-persecucion-politica-contra-hector-cacho-ramirez\\\/#article\",\"isPartOf\":{\"@id\":\"http:\\\/\\\/vamosporlaliberacion.org\\\/crpmlm\\\/repudiamos-la-persecucion-politica-contra-hector-cacho-ramirez\\\/\"},\"author\":{\"name\":\"Prensa Vamos\",\"@id\":\"https:\\\/\\\/vamosporlaliberacion.org\\\/crpmlm\\\/#\\\/schema\\\/person\\\/ebdbd4bf0e9418b9f0c0a93395366b2f\"},\"headline\":\"Repudiamos la persecuci\u00f3n pol\u00edtica contra H\u00e9ctor Cacho Ramirez\",\"datePublished\":\"2023-09-25T13:37:36+00:00\",\"dateModified\":\"2023-09-25T14:52:53+00:00\",\"mainEntityOfPage\":{\"@id\":\"http:\\\/\\\/vamosporlaliberacion.org\\\/crpmlm\\\/repudiamos-la-persecucion-politica-contra-hector-cacho-ramirez\\\/\"},\"wordCount\":844,\"image\":{\"@id\":\"http:\\\/\\\/vamosporlaliberacion.org\\\/crpmlm\\\/repudiamos-la-persecucion-politica-contra-hector-cacho-ramirez\\\/#primaryimage\"},\"thumbnailUrl\":\"https:\\\/\\\/i0.wp.com\\\/vamosporlaliberacion.org\\\/crpmlm\\\/wp-content\\\/uploads\\\/2023\\\/06\\\/Malagueno1.jpg?fit=700%2C394&ssl=1\",\"articleSection\":[\"Noticias\"],\"inLanguage\":\"es\"},{\"@type\":\"WebPage\",\"@id\":\"http:\\\/\\\/vamosporlaliberacion.org\\\/crpmlm\\\/repudiamos-la-persecucion-politica-contra-hector-cacho-ramirez\\\/\",\"url\":\"http:\\\/\\\/vamosporlaliberacion.org\\\/crpmlm\\\/repudiamos-la-persecucion-politica-contra-hector-cacho-ramirez\\\/\",\"name\":\"Repudiamos la persecuci\u00f3n pol\u00edtica contra H\u00e9ctor Cacho Ramirez - Vamos por la Liberaci\u00f3n\",\"isPartOf\":{\"@id\":\"https:\\\/\\\/vamosporlaliberacion.org\\\/crpmlm\\\/#website\"},\"primaryImageOfPage\":{\"@id\":\"http:\\\/\\\/vamosporlaliberacion.org\\\/crpmlm\\\/repudiamos-la-persecucion-politica-contra-hector-cacho-ramirez\\\/#primaryimage\"},\"image\":{\"@id\":\"http:\\\/\\\/vamosporlaliberacion.org\\\/crpmlm\\\/repudiamos-la-persecucion-politica-contra-hector-cacho-ramirez\\\/#primaryimage\"},\"thumbnailUrl\":\"https:\\\/\\\/i0.wp.com\\\/vamosporlaliberacion.org\\\/crpmlm\\\/wp-content\\\/uploads\\\/2023\\\/06\\\/Malagueno1.jpg?fit=700%2C394&ssl=1\",\"datePublished\":\"2023-09-25T13:37:36+00:00\",\"dateModified\":\"2023-09-25T14:52:53+00:00\",\"author\":{\"@id\":\"https:\\\/\\\/vamosporlaliberacion.org\\\/crpmlm\\\/#\\\/schema\\\/person\\\/ebdbd4bf0e9418b9f0c0a93395366b2f\"},\"breadcrumb\":{\"@id\":\"http:\\\/\\\/vamosporlaliberacion.org\\\/crpmlm\\\/repudiamos-la-persecucion-politica-contra-hector-cacho-ramirez\\\/#breadcrumb\"},\"inLanguage\":\"es\",\"potentialAction\":[{\"@type\":\"ReadAction\",\"target\":[\"http:\\\/\\\/vamosporlaliberacion.org\\\/crpmlm\\\/repudiamos-la-persecucion-politica-contra-hector-cacho-ramirez\\\/\"]}]},{\"@type\":\"ImageObject\",\"inLanguage\":\"es\",\"@id\":\"http:\\\/\\\/vamosporlaliberacion.org\\\/crpmlm\\\/repudiamos-la-persecucion-politica-contra-hector-cacho-ramirez\\\/#primaryimage\",\"url\":\"https:\\\/\\\/i0.wp.com\\\/vamosporlaliberacion.org\\\/crpmlm\\\/wp-content\\\/uploads\\\/2023\\\/06\\\/Malagueno1.jpg?fit=700%2C394&ssl=1\",\"contentUrl\":\"https:\\\/\\\/i0.wp.com\\\/vamosporlaliberacion.org\\\/crpmlm\\\/wp-content\\\/uploads\\\/2023\\\/06\\\/Malagueno1.jpg?fit=700%2C394&ssl=1\",\"width\":700,\"height\":394},{\"@type\":\"BreadcrumbList\",\"@id\":\"http:\\\/\\\/vamosporlaliberacion.org\\\/crpmlm\\\/repudiamos-la-persecucion-politica-contra-hector-cacho-ramirez\\\/#breadcrumb\",\"itemListElement\":[{\"@type\":\"ListItem\",\"position\":1,\"name\":\"Portada\",\"item\":\"https:\\\/\\\/vamosporlaliberacion.org\\\/crpmlm\\\/\"},{\"@type\":\"ListItem\",\"position\":2,\"name\":\"Repudiamos la persecuci\u00f3n pol\u00edtica contra H\u00e9ctor Cacho Ramirez\"}]},{\"@type\":\"WebSite\",\"@id\":\"https:\\\/\\\/vamosporlaliberacion.org\\\/crpmlm\\\/#website\",\"url\":\"https:\\\/\\\/vamosporlaliberacion.org\\\/crpmlm\\\/\",\"name\":\"Vamos por la Liberaci\u00f3n\",\"description\":\"Prensa CR\",\"potentialAction\":[{\"@type\":\"SearchAction\",\"target\":{\"@type\":\"EntryPoint\",\"urlTemplate\":\"https:\\\/\\\/vamosporlaliberacion.org\\\/crpmlm\\\/?s={search_term_string}\"},\"query-input\":{\"@type\":\"PropertyValueSpecification\",\"valueRequired\":true,\"valueName\":\"search_term_string\"}}],\"inLanguage\":\"es\"},{\"@type\":\"Person\",\"@id\":\"https:\\\/\\\/vamosporlaliberacion.org\\\/crpmlm\\\/#\\\/schema\\\/person\\\/ebdbd4bf0e9418b9f0c0a93395366b2f\",\"name\":\"Prensa Vamos\",\"sameAs\":[\"http:\\\/\\\/vamposporlaliberacion.org\"],\"url\":\"http:\\\/\\\/vamosporlaliberacion.org\\\/crpmlm\\\/author\\\/editor\\\/\"}]}<\/script>\n<!-- \/ Yoast SEO plugin. -->","yoast_head_json":{"title":"Repudiamos la persecuci\u00f3n pol\u00edtica contra H\u00e9ctor Cacho Ramirez - Vamos por la Liberaci\u00f3n","robots":{"index":"index","follow":"follow","max-snippet":"max-snippet:-1","max-image-preview":"max-image-preview:large","max-video-preview":"max-video-preview:-1"},"canonical":"http:\/\/vamosporlaliberacion.org\/crpmlm\/repudiamos-la-persecucion-politica-contra-hector-cacho-ramirez\/","twitter_misc":{"Escrito por":"Prensa Vamos","Tiempo de lectura":"4 minutos"},"schema":{"@context":"https:\/\/schema.org","@graph":[{"@type":"Article","@id":"http:\/\/vamosporlaliberacion.org\/crpmlm\/repudiamos-la-persecucion-politica-contra-hector-cacho-ramirez\/#article","isPartOf":{"@id":"http:\/\/vamosporlaliberacion.org\/crpmlm\/repudiamos-la-persecucion-politica-contra-hector-cacho-ramirez\/"},"author":{"name":"Prensa Vamos","@id":"https:\/\/vamosporlaliberacion.org\/crpmlm\/#\/schema\/person\/ebdbd4bf0e9418b9f0c0a93395366b2f"},"headline":"Repudiamos la persecuci\u00f3n pol\u00edtica contra H\u00e9ctor Cacho Ramirez","datePublished":"2023-09-25T13:37:36+00:00","dateModified":"2023-09-25T14:52:53+00:00","mainEntityOfPage":{"@id":"http:\/\/vamosporlaliberacion.org\/crpmlm\/repudiamos-la-persecucion-politica-contra-hector-cacho-ramirez\/"},"wordCount":844,"image":{"@id":"http:\/\/vamosporlaliberacion.org\/crpmlm\/repudiamos-la-persecucion-politica-contra-hector-cacho-ramirez\/#primaryimage"},"thumbnailUrl":"https:\/\/i0.wp.com\/vamosporlaliberacion.org\/crpmlm\/wp-content\/uploads\/2023\/06\/Malagueno1.jpg?fit=700%2C394&ssl=1","articleSection":["Noticias"],"inLanguage":"es"},{"@type":"WebPage","@id":"http:\/\/vamosporlaliberacion.org\/crpmlm\/repudiamos-la-persecucion-politica-contra-hector-cacho-ramirez\/","url":"http:\/\/vamosporlaliberacion.org\/crpmlm\/repudiamos-la-persecucion-politica-contra-hector-cacho-ramirez\/","name":"Repudiamos la persecuci\u00f3n pol\u00edtica contra H\u00e9ctor Cacho Ramirez - Vamos por la Liberaci\u00f3n","isPartOf":{"@id":"https:\/\/vamosporlaliberacion.org\/crpmlm\/#website"},"primaryImageOfPage":{"@id":"http:\/\/vamosporlaliberacion.org\/crpmlm\/repudiamos-la-persecucion-politica-contra-hector-cacho-ramirez\/#primaryimage"},"image":{"@id":"http:\/\/vamosporlaliberacion.org\/crpmlm\/repudiamos-la-persecucion-politica-contra-hector-cacho-ramirez\/#primaryimage"},"thumbnailUrl":"https:\/\/i0.wp.com\/vamosporlaliberacion.org\/crpmlm\/wp-content\/uploads\/2023\/06\/Malagueno1.jpg?fit=700%2C394&ssl=1","datePublished":"2023-09-25T13:37:36+00:00","dateModified":"2023-09-25T14:52:53+00:00","author":{"@id":"https:\/\/vamosporlaliberacion.org\/crpmlm\/#\/schema\/person\/ebdbd4bf0e9418b9f0c0a93395366b2f"},"breadcrumb":{"@id":"http:\/\/vamosporlaliberacion.org\/crpmlm\/repudiamos-la-persecucion-politica-contra-hector-cacho-ramirez\/#breadcrumb"},"inLanguage":"es","potentialAction":[{"@type":"ReadAction","target":["http:\/\/vamosporlaliberacion.org\/crpmlm\/repudiamos-la-persecucion-politica-contra-hector-cacho-ramirez\/"]}]},{"@type":"ImageObject","inLanguage":"es","@id":"http:\/\/vamosporlaliberacion.org\/crpmlm\/repudiamos-la-persecucion-politica-contra-hector-cacho-ramirez\/#primaryimage","url":"https:\/\/i0.wp.com\/vamosporlaliberacion.org\/crpmlm\/wp-content\/uploads\/2023\/06\/Malagueno1.jpg?fit=700%2C394&ssl=1","contentUrl":"https:\/\/i0.wp.com\/vamosporlaliberacion.org\/crpmlm\/wp-content\/uploads\/2023\/06\/Malagueno1.jpg?fit=700%2C394&ssl=1","width":700,"height":394},{"@type":"BreadcrumbList","@id":"http:\/\/vamosporlaliberacion.org\/crpmlm\/repudiamos-la-persecucion-politica-contra-hector-cacho-ramirez\/#breadcrumb","itemListElement":[{"@type":"ListItem","position":1,"name":"Portada","item":"https:\/\/vamosporlaliberacion.org\/crpmlm\/"},{"@type":"ListItem","position":2,"name":"Repudiamos la persecuci\u00f3n pol\u00edtica contra H\u00e9ctor Cacho Ramirez"}]},{"@type":"WebSite","@id":"https:\/\/vamosporlaliberacion.org\/crpmlm\/#website","url":"https:\/\/vamosporlaliberacion.org\/crpmlm\/","name":"Vamos por la Liberaci\u00f3n","description":"Prensa CR","potentialAction":[{"@type":"SearchAction","target":{"@type":"EntryPoint","urlTemplate":"https:\/\/vamosporlaliberacion.org\/crpmlm\/?s={search_term_string}"},"query-input":{"@type":"PropertyValueSpecification","valueRequired":true,"valueName":"search_term_string"}}],"inLanguage":"es"},{"@type":"Person","@id":"https:\/\/vamosporlaliberacion.org\/crpmlm\/#\/schema\/person\/ebdbd4bf0e9418b9f0c0a93395366b2f","name":"Prensa Vamos","sameAs":["http:\/\/vamposporlaliberacion.org"],"url":"http:\/\/vamosporlaliberacion.org\/crpmlm\/author\/editor\/"}]}},"jetpack_featured_media_url":"https:\/\/i0.wp.com\/vamosporlaliberacion.org\/crpmlm\/wp-content\/uploads\/2023\/06\/Malagueno1.jpg?fit=700%2C394&ssl=1","jetpack_sharing_enabled":true,"_links":{"self":[{"href":"http:\/\/vamosporlaliberacion.org\/crpmlm\/wp-json\/wp\/v2\/posts\/27158","targetHints":{"allow":["GET"]}}],"collection":[{"href":"http:\/\/vamosporlaliberacion.org\/crpmlm\/wp-json\/wp\/v2\/posts"}],"about":[{"href":"http:\/\/vamosporlaliberacion.org\/crpmlm\/wp-json\/wp\/v2\/types\/post"}],"author":[{"embeddable":true,"href":"http:\/\/vamosporlaliberacion.org\/crpmlm\/wp-json\/wp\/v2\/users\/9"}],"replies":[{"embeddable":true,"href":"http:\/\/vamosporlaliberacion.org\/crpmlm\/wp-json\/wp\/v2\/comments?post=27158"}],"version-history":[{"count":4,"href":"http:\/\/vamosporlaliberacion.org\/crpmlm\/wp-json\/wp\/v2\/posts\/27158\/revisions"}],"predecessor-version":[{"id":27165,"href":"http:\/\/vamosporlaliberacion.org\/crpmlm\/wp-json\/wp\/v2\/posts\/27158\/revisions\/27165"}],"wp:featuredmedia":[{"embeddable":true,"href":"http:\/\/vamosporlaliberacion.org\/crpmlm\/wp-json\/wp\/v2\/media\/26758"}],"wp:attachment":[{"href":"http:\/\/vamosporlaliberacion.org\/crpmlm\/wp-json\/wp\/v2\/media?parent=27158"}],"wp:term":[{"taxonomy":"category","embeddable":true,"href":"http:\/\/vamosporlaliberacion.org\/crpmlm\/wp-json\/wp\/v2\/categories?post=27158"},{"taxonomy":"post_tag","embeddable":true,"href":"http:\/\/vamosporlaliberacion.org\/crpmlm\/wp-json\/wp\/v2\/tags?post=27158"}],"curies":[{"name":"wp","href":"https:\/\/api.w.org\/{rel}","templated":true}]}}