{"id":26766,"date":"2023-06-02T11:17:07","date_gmt":"2023-06-02T14:17:07","guid":{"rendered":"http:\/\/vamosporlaliberacion.org\/crpmlm\/?p=26766"},"modified":"2023-06-02T12:39:34","modified_gmt":"2023-06-02T15:39:34","slug":"unidad-del-pueblo-para-frenar-a-la-derecha-neoliberal-y-fascista-e-imponer-un-rumbo-soberano","status":"publish","type":"post","link":"http:\/\/vamosporlaliberacion.org\/crpmlm\/unidad-del-pueblo-para-frenar-a-la-derecha-neoliberal-y-fascista-e-imponer-un-rumbo-soberano\/","title":{"rendered":"Unidad del Pueblo para frenar a la derecha neoliberal y fascista e imponer un rumbo soberano"},"content":{"rendered":"\n<p><strong>Sergio Massa y Maximo Kirchner vuelven de China con la renovaci\u00f3n por tres a\u00f1os mas del swap con el Banco Popular de China por 130 mil millones de yuanes, (que equivalen a unos 19.000 millones de d\u00f3lares).<\/strong> Tambi\u00e9n se logr\u00f3 un pre acuerdo para la extensi\u00f3n a otros 5.000 millones de d\u00f3lares, de los ya activados, que si bien son de uso de libre disponibilidad (es decir que les brindar\u00e1 mayor capacidad de intervenci\u00f3n en el mercado de cambio), tendr\u00e1n como prioridad el pago del d\u00e9ficit bilateral.<\/p>\n\n\n\n<p><strong>China dej\u00f3 sentado que este acuerdo no implica modificar en nada el acuerdo en marcha con el FMI<\/strong> lo que desde ya, acept\u00f3 la delegaci\u00f3n argentina. Tambi\u00e9n, los entes aduaneros del gigante asi\u00e1tico, reclamaron a nuestro pa\u00eds por la pol\u00edtica de Dumping (competencia desleal) particularmente sobre su participaci\u00f3n en la cuenca h\u00eddrica del R\u00edo Paran\u00e1-Paraguay.<\/p>\n\n\n\n<p>El viaje y los acuerdos alcanzados constituyen un cambio importante en la pol\u00edtica a corto y mediano plazo. Algunos dicen un s\u00edntoma desesperado por la falta de d\u00f3lares, otros lo ven como una tabla de salvaci\u00f3n con efecto directo en las elecciones ya que vendr\u00e1n con las alforjas cargadas que se traducir\u00e1n en inversiones y acuerdos que aliviaran las salidas de d\u00f3lares frente a la sequ\u00eda manifiesta del Banco Central.<\/p>\n\n\n\n<p><strong>Las empresas chinas podr\u00e1n invertir en yuanes en nuestro pa\u00eds. \u201cSe establece la apertura del intercambio comercial directo entre ambos pa\u00edses a trav\u00e9s de yuanes\u201d<\/strong>, con \u201cel objetivo de acelerar la relaci\u00f3n comercial y eliminar la intermediaci\u00f3n\u201d que los inversores chinos deben hacer usando d\u00f3lares.<\/p>\n\n\n\n<p>La puerta de entrada a los Brics est\u00e1 abierta y el primer paso se dar\u00e1 si Argentina se incorpora al Banco de Desarrollo de los Brics presidido por la brasilera Dilma Rousseff en la reuni\u00f3n de los BRICS en el mes de agosto. Por otro lado, la decisi\u00f3n del gobierno de Lula de financiar el segundo tramo del gasoducto Nestor Kirchner, consolida el intercambio con Brasil, pero tambi\u00e9n la entrada de nuestro pa\u00eds al grupo BRICS. Los movimientos son r\u00e1pidos ya que la incertidumbre electoral en nuestro pa\u00eds inciden en los acuerdos a futuro.<\/p>\n\n\n<div class=\"wp-block-image\">\n<figure class=\"aligncenter size-large is-resized\"><img data-recalc-dims=\"1\" loading=\"lazy\" decoding=\"async\" src=\"https:\/\/i0.wp.com\/vamosporlaliberacion.org\/crpmlm\/wp-content\/uploads\/2023\/06\/Dilma-y-Massa-Banco-Brics-700x394.jpg?resize=480%2C270\" alt=\"\" class=\"wp-image-26773\" width=\"480\" height=\"270\" srcset=\"https:\/\/i0.wp.com\/vamosporlaliberacion.org\/crpmlm\/wp-content\/uploads\/2023\/06\/Dilma-y-Massa-Banco-Brics.jpg?resize=700%2C394&amp;ssl=1 700w, https:\/\/i0.wp.com\/vamosporlaliberacion.org\/crpmlm\/wp-content\/uploads\/2023\/06\/Dilma-y-Massa-Banco-Brics.jpg?resize=300%2C169&amp;ssl=1 300w, https:\/\/i0.wp.com\/vamosporlaliberacion.org\/crpmlm\/wp-content\/uploads\/2023\/06\/Dilma-y-Massa-Banco-Brics.jpg?resize=768%2C432&amp;ssl=1 768w, https:\/\/i0.wp.com\/vamosporlaliberacion.org\/crpmlm\/wp-content\/uploads\/2023\/06\/Dilma-y-Massa-Banco-Brics.jpg?resize=150%2C84&amp;ssl=1 150w, https:\/\/i0.wp.com\/vamosporlaliberacion.org\/crpmlm\/wp-content\/uploads\/2023\/06\/Dilma-y-Massa-Banco-Brics.jpg?resize=696%2C392&amp;ssl=1 696w, https:\/\/i0.wp.com\/vamosporlaliberacion.org\/crpmlm\/wp-content\/uploads\/2023\/06\/Dilma-y-Massa-Banco-Brics.jpg?resize=1068%2C601&amp;ssl=1 1068w, https:\/\/i0.wp.com\/vamosporlaliberacion.org\/crpmlm\/wp-content\/uploads\/2023\/06\/Dilma-y-Massa-Banco-Brics.jpg?resize=747%2C420&amp;ssl=1 747w, https:\/\/i0.wp.com\/vamosporlaliberacion.org\/crpmlm\/wp-content\/uploads\/2023\/06\/Dilma-y-Massa-Banco-Brics.jpg?w=1200&amp;ssl=1 1200w\" sizes=\"auto, (max-width: 480px) 100vw, 480px\" \/><figcaption class=\"wp-element-caption\">Dilma Rousseff y Sergio Massa en el nuevo banco de los BRICS.<\/figcaption><\/figure>\n<\/div>\n\n\n<p>Estas negociaciones no cambian la pol\u00edtica de <strong>\u201cdiversificaci\u00f3n de la dependencia\u201d<\/strong>. Pero no es lo mismo desde que \u201cvereda\u201d se efect\u00faa esa pol\u00edtica, si es desde el acuerdo con EEUU o desde los BRICS. Lula es un ejemplo y lo viene mostrando, sin romper con EEUU se \u201ccorre\u201d hacia los BRICS y no solo eso, fue anfitri\u00f3n de la reuni\u00f3n de la UNASUR y reintegr\u00f3 a Venezuela, lo que le vali\u00f3 grandes criticas de otros gobiernos de la regi\u00f3n, pero mostr\u00f3 hacia donde va sobreactuando la entrevista con Nicol\u00e1s Maduro, ahora Venezuela ser\u00e1 el pr\u00f3ximo pa\u00eds en incorporarse al grupo BRICS.<\/p>\n\n\n\n<p>M\u00e1ximo Kirchner destac\u00f3 que \u00abel car\u00e1cter colaborativo de la relaci\u00f3n donde las ayudas se realizan sin ejercer ning\u00fan tipo de presi\u00f3n\u00bb. Pero, por mas que la delegaci\u00f3n argentina se fotograf\u00ede en el monumento a Mao Tse-Tung, las asimetr\u00edas en las relaciones comerciales siguen mandando, ya que nada se dice en cuanto a la aceptaci\u00f3n por parte de China de nuestra moneda, como tampoco en nuevos acuerdos comerciales para venderles productos industrializados en nuestro pa\u00eds.<\/p>\n\n\n\n<p><strong>Solo se puede ponderar nuestra moneda si el eje de la econom\u00eda es el desarrollo industrial independiente, reduciendo las importaciones y poniendo en primer lugar el mercado interno para luego exportar.<\/strong> De lo contrario podemos cambiar el yuan por el d\u00f3lar, pero ser\u00e1 como \u201ccambiar de collar sin dejar de ser perros\u201d, por qu\u00e9 la dependencia seguir\u00e1 y nos conformaremos con tener mas d\u00f3lares\/yuanes para pagar al FMI y la ola de productos importados.<\/p>\n\n\n\n<p>No es un detalle que haya \u201csubido\u201d M\u00e1ximo Kirchner a China y hayan \u201cbajado\u201d al canciller Santiago Cafiero del viaje. <strong>Subi\u00f3 el portador de un apellido que marc\u00f3 una alianza estrat\u00e9gica con el gigante asi\u00e1tico y trata de dar una se\u00f1al de continuidad<\/strong>, y baj\u00f3 a uno de los que, seg\u00fan fuentes del propio gobierno, fueron parte del grupo de Alberto Fern\u00e1ndez\/Beliz\/Arguello, que oper\u00f3 para obturar un salvataje con China antes y mientras se discut\u00eda la renegociaci\u00f3n con el FMI. Tambi\u00e9n hay evidencias, de que China dio su consentimiento en el directorio del FMI cuando se le otorg\u00f3 el pr\u00e9stamo al gobierno de Macri.<\/p>\n\n\n\n<p>La foto de Massa\/M\u00e1ximo es quiz\u00e1s la se\u00f1al mas fuerte de una alianza hacia el futuro que va mas all\u00e1 de la mera cuesti\u00f3n electoral, sobre todo en un mundo que va \u201creconfigurando\u201d su hegemon\u00eda y sobre todo donde el avance de las derechas en sus versiones neoliberales duras y hasta fascistas avanzan como podemos ver en la elecciones de Espa\u00f1a o Grecia, o en las acciones golpistas como en Per\u00fa o Ecuador donde el presidente Lasso cerr\u00f3 el parlamento.<\/p>\n\n\n\n<p>Solo si se est\u00e1 frente a cambios de magnitud se puede explicar como expresiones del progresismo encarnado en Cristina Kirchner puede parar a su lado en un acto multitudinario como el del 25 de mayo a Sergio Massa, responsable de mantener el acuerdo con el FMI (que ella cuestiona y exige terminarlo), con los resultados nefastos para el pueblo respecto a la inflaci\u00f3n que no para y las \u201cdevaluaciones dirigidas\u201d a los sectores de poder, pero que pagamos todos, junto a la monumental timba financiera con las lelics con subidas de tasas que fomentan la especulaci\u00f3n y la fuga.<\/p>\n\n\n\n<p>Nestor Kirchner sol\u00eda afirmar, respecto a Massa, aquello que Roosvelt (presidente de EEUU entre 1933 a 1945) dec\u00eda de Anastasio Somoza (dictador nicarag\u00fcense): <em>\u201ces un hijo de puta&#8230;pero es nuestro hijo de puta\u201d. <\/em>Kirchner no se refer\u00eda a uno de los suyos, sino a sectores que comulgan en el peronismo y pueden ser potenciales aliados. Este \u201chijo de puta\u201d tiene llegada a la embajada de EEUU y entrada directa a sectores de poder de aquel pa\u00eds, pero tambi\u00e9n a demostrado ser un verdadero \u201cinvertebrado\u201d.<\/p>\n\n\n\n<p>\u00bfAlguien puede pensar que una elecci\u00f3n se gana con 8,7% de inflaci\u00f3n mensual y 114% anual? \u00bfAlguien puede proyectar una formula electoral competitiva integrada por el responsable de que el mes de junio arranque con nuevos aumentos de las pre-pagas, electricidad, gas, agua, combustibles, educaci\u00f3n y alimentos que no paran de subir en ning\u00fan mes?<\/p>\n\n\n\n<p>Solo se puede pensar si la l\u00f3gica de campa\u00f1a est\u00e1 puesta en que hay que <strong>\u201caceptar lo malo frente a lo peor\u201d.<\/strong> <strong>\u201cHabr\u00e1 que bancar la inflaci\u00f3n, la precarizaci\u00f3n, pero hay trabajo, paritarias y sumas fijas\u201d, este es el eje impl\u00edcito o explicito que se plantea<\/strong>. Pero esto ser\u00eda mejor que los que pretenden arrasar con los derechos b\u00e1sicos como los convenios colectivos, ayudas sociales, achicar gastos del Estado (despidos), cerrar ministerios, privatizar, perseguir&#8230;reprimir. <strong>\u201cSiempre va haber un escal\u00f3n mas abajo en el infierno\u201d<\/strong>.<\/p>\n\n\n\n<p><strong>DEBATES EN EL CAMPO POPULAR<\/strong><\/p>\n\n\n\n<p>Estos fueron los ejes de campa\u00f1a del \u201cprogresismo\u201d del PSOE que gobierna Espa\u00f1a, pero no sirvi\u00f3 frente a la derecha mas rancia y reaccionaria que arras\u00f3 en las elecciones. Fracas\u00f3 porque<strong> la campa\u00f1a de los oficialismos est\u00e1 marcada por la gesti\u00f3n, en el terreno econ\u00f3mico pero tambi\u00e9n en lo pol\u00edtico y cultural <\/strong>y en este caso su plan econ\u00f3mico fue de ajuste, inflaci\u00f3n, recortes en el estado y avance sobre derechos laborales. La misma realidad vive Grecia con la derrota del \u201cprogresismo\u201d y se prepara Portugal donde se prev\u00e9 tambi\u00e9n el avance de la derecha.<\/p>\n\n\n<div class=\"wp-block-image\">\n<figure class=\"aligncenter size-full\"><img data-recalc-dims=\"1\" loading=\"lazy\" decoding=\"async\" width=\"360\" height=\"240\" src=\"https:\/\/i0.wp.com\/vamosporlaliberacion.org\/crpmlm\/wp-content\/uploads\/2023\/06\/ayuso.jpg?resize=360%2C240\" alt=\"\" class=\"wp-image-26769\" srcset=\"https:\/\/i0.wp.com\/vamosporlaliberacion.org\/crpmlm\/wp-content\/uploads\/2023\/06\/ayuso.jpg?w=360&amp;ssl=1 360w, https:\/\/i0.wp.com\/vamosporlaliberacion.org\/crpmlm\/wp-content\/uploads\/2023\/06\/ayuso.jpg?resize=300%2C200&amp;ssl=1 300w, https:\/\/i0.wp.com\/vamosporlaliberacion.org\/crpmlm\/wp-content\/uploads\/2023\/06\/ayuso.jpg?resize=150%2C100&amp;ssl=1 150w\" sizes=\"auto, (max-width: 360px) 100vw, 360px\" \/><figcaption class=\"wp-element-caption\">Isabel D\u00edaz Ayuso, Alcaldesa de Madrid y miembro del PP.<\/figcaption><\/figure>\n<\/div>\n\n\n<p>\u00bfPuede ser diferente en nuestro pa\u00eds? Habr\u00e1 que ver, teniendo en cuenta que Argentina no es Espa\u00f1a, pero con el poder de los medios de comunicaci\u00f3n, las noticias \u201cvuelan\u201d y muy r\u00e1pido. Esos medios que se apoyaron en los \u201climites del progresismo\u201d para instalar las mentiras de Macri en su momento o inventar candidatos como Milei u otros que hoy ganan a sectores de la juventud desesperanzados y encantados con el discurso \u201cefectivista\u201d, disruptivo contra algunas \u201ccastas\u201d ejercido desde la \u201canti pol\u00edtica y sin historia\u201d. Exponentes de la derecha fascista que cabalgan frente al fracaso de Juntos por el Cambio y el derrotero del Frente de Todos.<\/p>\n\n\n\n<p><strong>La gesti\u00f3n es la expresi\u00f3n de la realidad efectiva y supera a las retoricas progresistas y hasta \u201cantiimperialistas\u201d<\/strong>. La franja de votantes mayoritaria de un pa\u00eds no responde en su totalidad a arraigos ideol\u00f3gicos de tal o cual corriente. Optan por quienes les resuelve los problemas econ\u00f3micos cotidianos y urgentes, pero tambi\u00e9n influyen aquellas medidas estructurales que impactaran en las futuras generaciones y la integridad de un pa\u00eds que los hace protagonistas. Si esta fuera la realidad efectiva, otro ser\u00eda el cantar en las encuestas electorales en cuanto a la suerte de los oficialismos populares.<\/p>\n\n\n\n<p>Pero se opta por no \u201cromper los moldes\u201d y se encasilla a los mensajes disrruptivos en los \u201cmargenes\u201d tanto de la \u201cultra derecha\u201d o expresiones desde \u201cla izquierda\u201d, pero principalmente de la \u201cultra derecha\u201d porque son mas difundidas por los medios hegem\u00f3nicos. El progresismo no puede ver que las medidas de fondo, soberanas son en primer lugar necesarias para salir de una crisis como la actual, y vuelve a insistir por el mismo camino con los mismos actores. <strong>No ocupa lo disruptivo desde lo popular, est\u00e1 para \u201cconciliar las contradicciones\u201d sin mediar entre las antag\u00f3nicas de las que no lo son en esta sociedad capitalista imperialista.<\/strong><\/p>\n\n\n\n<p>Si se tratan por igual las contradicciones, entre el campo enemigo y el pueblo, salvo que el pueblo controle el poder econ\u00f3mico y pol\u00edtico, <strong>siempre ganar\u00e1n los que \u201ctengan la sart\u00e9n por el mango\u201d<\/strong> como vemos en la actualidad. \u00bfComo se resuelve esa contradicci\u00f3n antag\u00f3nica que traba el desarrollo de un pa\u00eds? <strong>Siempre de la misma manera, confrontando. <\/strong>Pero cuando se gobierna con el poder econ\u00f3mico concentrado en la vereda del frente, con mas raz\u00f3n se tiene que ir dando pasos hacia el control de los resortes claves por parte de Estado. <strong>De hacerse, agudizar\u00e1n las contradicciones, pero tambi\u00e9n el pueblo estar\u00e1 preparado para afrontar las dificultades y provocaciones porque defender\u00e1 lo propio conquistado.<\/strong><\/p>\n\n\n\n<p><strong>Este es el sentido del porque acumular fuerzas dentro del amplio \u201ccampo popular\u201d<\/strong>. La conciliaci\u00f3n \u201cpara convivir con los poderosos\u201d destruye esa acumulaci\u00f3n, divide al pueblo y solo le queda recibir las migajas que se caen del \u201cderrame\u201d. Por eso los sectores populares, verdaderamente antiimperialistas y democr\u00e1ticos deben disputar la hegemon\u00eda del campo popular, porque la realidad indica que hay que ir mas all\u00e1, <strong>hay que transitar el camino de la grieta con los que descaradamente se enriquecen, hambrean y saquean nuestras riquezas para imponer un modelo de muerte a largo o corto plazo.<\/strong><\/p>\n\n\n\n<p>\u00bfQueda alguna duda que el camino no es otro que el revolucionario que cambie la matriz dependiente, por una soberana?. Aquellos que llaman a esto una quimera, compraron (con o sin verg\u00fcenza), la teor\u00eda del \u201cfin de la historia\u201d de Fukuyama adoptando \u201cque el capitalismo es la ultima estaci\u00f3n de la historia\u201d&#8230;por lo tanto, <em>\u201clo \u00fanico que nos quedar\u00eda es tratar de mejorar este sistema\u201d<\/em>, en definitiva, <em>\u201ccuidarlo para mejorarlo\u201d<\/em>. Nada mas que una teor\u00eda \u201ca medida\u201d, re\u00f1ida con las ciencias sociales, la historia y dial\u00e9ctica del desarrollo de la humanidad.<\/p>\n\n\n\n<p>El propio desarrollo y contradicciones de la sociedad muestra que cuando termina una historia empieza otra, <em>\u201clo nuevo reemplaza a lo viejo&#8230;nace de lo viejo\u201d<\/em>. \u00bfSi Fukuyama fuera un se\u00f1or feudal hubiera dicho que \u201cel feudalismo, como sistema social, ser\u00eda el fin de la historia\u201d? Bueno, se hubiera equivocado de medio a medio, como aquellos que hoy abrazan o \u201ccompran\u201d esa teor\u00eda.<\/p>\n\n\n\n<p>No puede haber fin de la historia!, si de periodos o etapas. El capitalismo fue superior al feudalismo y se impuso por las contradicciones internas agudizadas por luchas y guerras de ese sistema durante siglos, que se volvieron en su contrario, \u00bfpor que va ser diferente con el capitalismo?, \u00bfacaso su propio desarrollo no genera antagonismos? <strong>Para que se vuelvan en su contrario y exploten hace falta la acci\u00f3n de las grandes masas populares, con el protagonismo de los trabajadores que generan las riquezas sumando la unidad y las vanguardias revolucionarias para superarlo por un sistema superior.<\/strong><\/p>\n\n\n\n<p>Es un recorrido largo y sinuoso pasar de un sistema social a otro, nada f\u00e1cil ni pacifico, pero vamos a llegar a la conclusi\u00f3n de que el capitalismo no es la ultima estaci\u00f3n, es la primera en transici\u00f3n a otras tantas que vendr\u00e1n\u2026liberaci\u00f3n, socialismo, comunismo&#8230;cada una con sus contradicciones y sus tiempos, pero nada detendr\u00e1 el desarrollo de la humanidad.<\/p>\n\n\n<div class=\"wp-block-image\">\n<figure class=\"aligncenter size-full is-resized\"><img data-recalc-dims=\"1\" loading=\"lazy\" decoding=\"async\" src=\"https:\/\/i0.wp.com\/vamosporlaliberacion.org\/crpmlm\/wp-content\/uploads\/2023\/06\/Acto25-5-2023Cristina-1.jpeg?resize=462%2C260\" alt=\"\" class=\"wp-image-26772\" width=\"462\" height=\"260\" srcset=\"https:\/\/i0.wp.com\/vamosporlaliberacion.org\/crpmlm\/wp-content\/uploads\/2023\/06\/Acto25-5-2023Cristina-1.jpeg?w=700&amp;ssl=1 700w, https:\/\/i0.wp.com\/vamosporlaliberacion.org\/crpmlm\/wp-content\/uploads\/2023\/06\/Acto25-5-2023Cristina-1.jpeg?resize=300%2C169&amp;ssl=1 300w, https:\/\/i0.wp.com\/vamosporlaliberacion.org\/crpmlm\/wp-content\/uploads\/2023\/06\/Acto25-5-2023Cristina-1.jpeg?resize=150%2C84&amp;ssl=1 150w, https:\/\/i0.wp.com\/vamosporlaliberacion.org\/crpmlm\/wp-content\/uploads\/2023\/06\/Acto25-5-2023Cristina-1.jpeg?resize=696%2C392&amp;ssl=1 696w\" sizes=\"auto, (max-width: 462px) 100vw, 462px\" \/><figcaption class=\"wp-element-caption\">Cristina Kirchner en el acto del 25 de Mayo. M\u00e1ximo, Wado y Massa juntos.<\/figcaption><\/figure>\n<\/div>\n\n\n<p>En este sentido, Cristina en el discurso del 25 de mayo invita a debatir en el campo del pueblo como se puede superar el actual estado de situaci\u00f3n, y genera esperanzas por su pasado resiente, pero todo debe estar dentro de los limites que se imponen desde el \u201cstatu quo\u201d (el estado de cosas de un determinado momento) por ejemplo con el acuerdo con el FMI sostuvo que no se puede gobernar y pidi\u00f3 \u201cunidad nacional\u201d para cambiarlo, pero exigi\u00f3 un nuevo acuerdo que permita el desarrollo, la sustituci\u00f3n y nuevas inversiones <strong>para poder pagar<\/strong> \u201c<em>como siempre han hecho los kucas\u201d<\/em> afirm\u00f3, (aun sabiendo y mencionando el informe de la AGN que sostiene que el pr\u00e9stamo que tom\u00f3 Macri fue fraudulento y una estafa hist\u00f3rica) porque si optara primero por una posici\u00f3n soberana, como suspender los pagos e investigar (que tambi\u00e9n ella misma sostiene), romper\u00eda ese \u201cstatu quo\u201d.<\/p>\n\n\n\n<p>Lo mismo podemos decir en cuanto al desarrollo industrial y la relaci\u00f3n con las metr\u00f3polis imperialistas, cuando critica las \u201ccabezas coloniales\u201d que hay en el pa\u00eds y no volver al \u201cmodelo de Potos\u00ed\u201d (se refiere a la explotaci\u00f3n en las minas de plata en Potos\u00ed, Bolivia, descubierta por los originarios en 1545, luego apropiada por los espa\u00f1oles logrando el per\u00edodo de m\u00e1xima explotaci\u00f3n entre 1579 y 1635. Los trabajadores realizaban sus tareas en condiciones infrahumanas, con jornadas interminables de 24 bajo la mina sin ver el sol, a veces no dispon\u00edan ni de pala ni de pico y deb\u00edan remover la tierra con las manos. Potos\u00ed prove\u00eda del 80% de la plata que circulaba en Europa. Se estima que m\u00e1s de veinte mil ind\u00edgenas fallecieron en las explotaciones de plata de Potos\u00ed). A eso le contrapone el modelo de Malasia o Corea, pero donde las trabajadoras del calzado, ganan por jornadas de 14hs, menos de lo que cuesta un par de zapatillas en nuestro pa\u00eds en condiciones de extrema precariedad.<\/p>\n\n\n\n<p><strong>\u00bfPorque en todo caso no levantar el modelo del peronismo del 45 al 55? por la sencilla raz\u00f3n que hoy equivaldr\u00eda a emprender un camino disruptivo con el de la dependencia que sostiene el gobierno.<\/strong><\/p>\n\n\n\n<p>En los hechos se sostiene que ese modelo de desarrollo es imposible en este periodo porque argentina ha cambiado y el mundo tambi\u00e9n. Pero con mayor \u00e9nfasis en el modelo desarrollista, se sostiene e invita a que los monopolios internacionales vengan a extraer el litio, el petroleo y gas de Vaca Muerta, instalen fabricas para ocupar mano de obra nacional. A lo \u00fanico que podemos aspirar es a \u201cvengan, exploten el litio, pero por lo menos d\u00e9jenos hacer una bater\u00eda o d\u00e9jenos hacer las bater\u00edas, no les pedimos ya los coches, los autos, pero s\u00ed las bater\u00edas\u201d.<\/p>\n\n\n\n<p>Las afirmaciones son saludables en la medida que se puede abrir y mostrar estos debates trascendentales del periodo que vivimos. <strong>\u00bf\u201cLiberaci\u00f3n o dependencia\u201d dej\u00f3 de ser una disyuntiva de hierro para la realidad efectiva? <\/strong>\u00bfNo deber\u00eda presidir el debate sobre el papel del Estado en esa \u201calianza\u201d que sostiene Cristina entre lo publico y lo privado, o solo queda para una \u201cretorica dura\u201d?.<\/p>\n\n\n\n<p>\u00bfEl Estado controlar\u00e1 los recursos estrat\u00e9gicos como la energ\u00eda, el litio, petroleo, alimentos, cuenca h\u00eddrica Paran\u00e1 Paraguay? <strong>Este es el debate que debemos darnos en el campo popular.<\/strong> Si el piso es no ser Potos\u00ed, todo lo que est\u00e9 por encima se puede aceptar, y as\u00ed terminaremos aceptando lo que vivimos en este periodo, donde los monopolios saquean y se llevan las riquezas y remesas al exterior, pero algunos se contentan que \u201cden trabajo\u201d.<\/p>\n\n\n<div class=\"wp-block-image\">\n<figure class=\"aligncenter size-large is-resized\"><img data-recalc-dims=\"1\" loading=\"lazy\" decoding=\"async\" src=\"https:\/\/i0.wp.com\/vamosporlaliberacion.org\/crpmlm\/wp-content\/uploads\/2023\/06\/SoberaxsMarcha24-3-23-700x613.jpeg?resize=508%2C445\" alt=\"\" class=\"wp-image-26768\" width=\"508\" height=\"445\" srcset=\"https:\/\/i0.wp.com\/vamosporlaliberacion.org\/crpmlm\/wp-content\/uploads\/2023\/06\/SoberaxsMarcha24-3-23.jpeg?resize=700%2C613&amp;ssl=1 700w, https:\/\/i0.wp.com\/vamosporlaliberacion.org\/crpmlm\/wp-content\/uploads\/2023\/06\/SoberaxsMarcha24-3-23.jpeg?resize=300%2C263&amp;ssl=1 300w, https:\/\/i0.wp.com\/vamosporlaliberacion.org\/crpmlm\/wp-content\/uploads\/2023\/06\/SoberaxsMarcha24-3-23.jpeg?resize=768%2C672&amp;ssl=1 768w, https:\/\/i0.wp.com\/vamosporlaliberacion.org\/crpmlm\/wp-content\/uploads\/2023\/06\/SoberaxsMarcha24-3-23.jpeg?resize=150%2C131&amp;ssl=1 150w, https:\/\/i0.wp.com\/vamosporlaliberacion.org\/crpmlm\/wp-content\/uploads\/2023\/06\/SoberaxsMarcha24-3-23.jpeg?resize=696%2C609&amp;ssl=1 696w, https:\/\/i0.wp.com\/vamosporlaliberacion.org\/crpmlm\/wp-content\/uploads\/2023\/06\/SoberaxsMarcha24-3-23.jpeg?resize=1068%2C935&amp;ssl=1 1068w, https:\/\/i0.wp.com\/vamosporlaliberacion.org\/crpmlm\/wp-content\/uploads\/2023\/06\/SoberaxsMarcha24-3-23.jpeg?resize=480%2C420&amp;ssl=1 480w, https:\/\/i0.wp.com\/vamosporlaliberacion.org\/crpmlm\/wp-content\/uploads\/2023\/06\/SoberaxsMarcha24-3-23.jpeg?w=1200&amp;ssl=1 1200w\" sizes=\"auto, (max-width: 508px) 100vw, 508px\" \/><figcaption class=\"wp-element-caption\">Columna de Soberanxs en la marcha del 24 de marzo.<\/figcaption><\/figure>\n<\/div>\n\n\n<p><strong>Debemos levantar el piso y ponerlo en la dependencia<\/strong>, y desde all\u00ed discutir un programa de gobierno como propone Soberanxs con su \u201c<a href=\"http:\/\/vamosporlaliberacion.org\/crpmlm\/wp-content\/uploads\/2023\/06\/Plan-de-la-Patria-de-Soberanxs-.pdf\" target=\"_blank\" rel=\"noreferrer noopener\">PLAN DE LA PATRIA<\/a>\u201d. Una propuesta que requiere instancias democr\u00e1ticas para discutir con otras propuestas en el campo popular y el Frente de Todos.<\/p>\n\n\n\n<p>Propuestas que puede unir al campo popular para frenar a las variantes de la derecha y ganar en octubre, pero aprendiendo del pasado reciente, los sectores populares no pueden abandonar las calles, por el contrario, deben redoblar los esfuerzos para imponer desde la unidad de los de abajo y el pueblo en las calles un programa soberano y un rumbo liberador.<\/p>\n<!-- AddThis Advanced Settings generic via filter on the_content --><!-- AddThis Share Buttons generic via filter on the_content -->","protected":false},"excerpt":{"rendered":"<p>Sergio Massa y Maximo Kirchner vuelven de China con la renovaci\u00f3n por tres a\u00f1os mas del swap con el Banco Popular de China por 130 mil millones de yuanes, (que equivalen a unos 19.000 millones de d\u00f3lares). Tambi\u00e9n se logr\u00f3 un pre acuerdo para la extensi\u00f3n a otros 5.000 millones de d\u00f3lares, de los ya [&hellip;]<!-- AddThis Advanced Settings generic via filter on get_the_excerpt --><!-- AddThis Share Buttons generic via filter on get_the_excerpt --><\/p>\n","protected":false},"author":9,"featured_media":26771,"comment_status":"closed","ping_status":"closed","sticky":false,"template":"","format":"standard","meta":{"_jetpack_memberships_contains_paid_content":false,"footnotes":""},"categories":[1881],"tags":[],"class_list":{"0":"post-26766","1":"post","2":"type-post","3":"status-publish","4":"format-standard","5":"has-post-thumbnail","7":"category-editoriales"},"yoast_head":"<!-- This site is optimized with the Yoast SEO plugin v27.4 - https:\/\/yoast.com\/product\/yoast-seo-wordpress\/ -->\n<title>Unidad del Pueblo para frenar a la derecha neoliberal y fascista e imponer un rumbo soberano - Vamos por la Liberaci\u00f3n<\/title>\n<meta name=\"robots\" content=\"index, follow, max-snippet:-1, max-image-preview:large, max-video-preview:-1\" \/>\n<link rel=\"canonical\" href=\"http:\/\/vamosporlaliberacion.org\/crpmlm\/unidad-del-pueblo-para-frenar-a-la-derecha-neoliberal-y-fascista-e-imponer-un-rumbo-soberano\/\" \/>\n<meta name=\"twitter:label1\" content=\"Escrito por\" \/>\n\t<meta name=\"twitter:data1\" content=\"Prensa Vamos\" \/>\n\t<meta name=\"twitter:label2\" content=\"Tiempo de lectura\" \/>\n\t<meta name=\"twitter:data2\" content=\"15 minutos\" \/>\n<script type=\"application\/ld+json\" class=\"yoast-schema-graph\">{\"@context\":\"https:\\\/\\\/schema.org\",\"@graph\":[{\"@type\":\"Article\",\"@id\":\"http:\\\/\\\/vamosporlaliberacion.org\\\/crpmlm\\\/unidad-del-pueblo-para-frenar-a-la-derecha-neoliberal-y-fascista-e-imponer-un-rumbo-soberano\\\/#article\",\"isPartOf\":{\"@id\":\"http:\\\/\\\/vamosporlaliberacion.org\\\/crpmlm\\\/unidad-del-pueblo-para-frenar-a-la-derecha-neoliberal-y-fascista-e-imponer-un-rumbo-soberano\\\/\"},\"author\":{\"name\":\"Prensa Vamos\",\"@id\":\"https:\\\/\\\/vamosporlaliberacion.org\\\/crpmlm\\\/#\\\/schema\\\/person\\\/ebdbd4bf0e9418b9f0c0a93395366b2f\"},\"headline\":\"Unidad del Pueblo para frenar a la derecha neoliberal y fascista e imponer un rumbo soberano\",\"datePublished\":\"2023-06-02T14:17:07+00:00\",\"dateModified\":\"2023-06-02T15:39:34+00:00\",\"mainEntityOfPage\":{\"@id\":\"http:\\\/\\\/vamosporlaliberacion.org\\\/crpmlm\\\/unidad-del-pueblo-para-frenar-a-la-derecha-neoliberal-y-fascista-e-imponer-un-rumbo-soberano\\\/\"},\"wordCount\":2972,\"image\":{\"@id\":\"http:\\\/\\\/vamosporlaliberacion.org\\\/crpmlm\\\/unidad-del-pueblo-para-frenar-a-la-derecha-neoliberal-y-fascista-e-imponer-un-rumbo-soberano\\\/#primaryimage\"},\"thumbnailUrl\":\"https:\\\/\\\/i0.wp.com\\\/vamosporlaliberacion.org\\\/crpmlm\\\/wp-content\\\/uploads\\\/2023\\\/06\\\/delegacionArgentina_China.jpg?fit=880%2C512&ssl=1\",\"articleSection\":[\"Editoriales\"],\"inLanguage\":\"es\"},{\"@type\":\"WebPage\",\"@id\":\"http:\\\/\\\/vamosporlaliberacion.org\\\/crpmlm\\\/unidad-del-pueblo-para-frenar-a-la-derecha-neoliberal-y-fascista-e-imponer-un-rumbo-soberano\\\/\",\"url\":\"http:\\\/\\\/vamosporlaliberacion.org\\\/crpmlm\\\/unidad-del-pueblo-para-frenar-a-la-derecha-neoliberal-y-fascista-e-imponer-un-rumbo-soberano\\\/\",\"name\":\"Unidad del Pueblo para frenar a la derecha neoliberal y fascista e imponer un rumbo soberano - Vamos por la Liberaci\u00f3n\",\"isPartOf\":{\"@id\":\"https:\\\/\\\/vamosporlaliberacion.org\\\/crpmlm\\\/#website\"},\"primaryImageOfPage\":{\"@id\":\"http:\\\/\\\/vamosporlaliberacion.org\\\/crpmlm\\\/unidad-del-pueblo-para-frenar-a-la-derecha-neoliberal-y-fascista-e-imponer-un-rumbo-soberano\\\/#primaryimage\"},\"image\":{\"@id\":\"http:\\\/\\\/vamosporlaliberacion.org\\\/crpmlm\\\/unidad-del-pueblo-para-frenar-a-la-derecha-neoliberal-y-fascista-e-imponer-un-rumbo-soberano\\\/#primaryimage\"},\"thumbnailUrl\":\"https:\\\/\\\/i0.wp.com\\\/vamosporlaliberacion.org\\\/crpmlm\\\/wp-content\\\/uploads\\\/2023\\\/06\\\/delegacionArgentina_China.jpg?fit=880%2C512&ssl=1\",\"datePublished\":\"2023-06-02T14:17:07+00:00\",\"dateModified\":\"2023-06-02T15:39:34+00:00\",\"author\":{\"@id\":\"https:\\\/\\\/vamosporlaliberacion.org\\\/crpmlm\\\/#\\\/schema\\\/person\\\/ebdbd4bf0e9418b9f0c0a93395366b2f\"},\"breadcrumb\":{\"@id\":\"http:\\\/\\\/vamosporlaliberacion.org\\\/crpmlm\\\/unidad-del-pueblo-para-frenar-a-la-derecha-neoliberal-y-fascista-e-imponer-un-rumbo-soberano\\\/#breadcrumb\"},\"inLanguage\":\"es\",\"potentialAction\":[{\"@type\":\"ReadAction\",\"target\":[\"http:\\\/\\\/vamosporlaliberacion.org\\\/crpmlm\\\/unidad-del-pueblo-para-frenar-a-la-derecha-neoliberal-y-fascista-e-imponer-un-rumbo-soberano\\\/\"]}]},{\"@type\":\"ImageObject\",\"inLanguage\":\"es\",\"@id\":\"http:\\\/\\\/vamosporlaliberacion.org\\\/crpmlm\\\/unidad-del-pueblo-para-frenar-a-la-derecha-neoliberal-y-fascista-e-imponer-un-rumbo-soberano\\\/#primaryimage\",\"url\":\"https:\\\/\\\/i0.wp.com\\\/vamosporlaliberacion.org\\\/crpmlm\\\/wp-content\\\/uploads\\\/2023\\\/06\\\/delegacionArgentina_China.jpg?fit=880%2C512&ssl=1\",\"contentUrl\":\"https:\\\/\\\/i0.wp.com\\\/vamosporlaliberacion.org\\\/crpmlm\\\/wp-content\\\/uploads\\\/2023\\\/06\\\/delegacionArgentina_China.jpg?fit=880%2C512&ssl=1\",\"width\":880,\"height\":512},{\"@type\":\"BreadcrumbList\",\"@id\":\"http:\\\/\\\/vamosporlaliberacion.org\\\/crpmlm\\\/unidad-del-pueblo-para-frenar-a-la-derecha-neoliberal-y-fascista-e-imponer-un-rumbo-soberano\\\/#breadcrumb\",\"itemListElement\":[{\"@type\":\"ListItem\",\"position\":1,\"name\":\"Portada\",\"item\":\"https:\\\/\\\/vamosporlaliberacion.org\\\/crpmlm\\\/\"},{\"@type\":\"ListItem\",\"position\":2,\"name\":\"Unidad del Pueblo para frenar a la derecha neoliberal y fascista e imponer un rumbo soberano\"}]},{\"@type\":\"WebSite\",\"@id\":\"https:\\\/\\\/vamosporlaliberacion.org\\\/crpmlm\\\/#website\",\"url\":\"https:\\\/\\\/vamosporlaliberacion.org\\\/crpmlm\\\/\",\"name\":\"Vamos por la Liberaci\u00f3n\",\"description\":\"Prensa CR\",\"potentialAction\":[{\"@type\":\"SearchAction\",\"target\":{\"@type\":\"EntryPoint\",\"urlTemplate\":\"https:\\\/\\\/vamosporlaliberacion.org\\\/crpmlm\\\/?s={search_term_string}\"},\"query-input\":{\"@type\":\"PropertyValueSpecification\",\"valueRequired\":true,\"valueName\":\"search_term_string\"}}],\"inLanguage\":\"es\"},{\"@type\":\"Person\",\"@id\":\"https:\\\/\\\/vamosporlaliberacion.org\\\/crpmlm\\\/#\\\/schema\\\/person\\\/ebdbd4bf0e9418b9f0c0a93395366b2f\",\"name\":\"Prensa Vamos\",\"sameAs\":[\"http:\\\/\\\/vamposporlaliberacion.org\"],\"url\":\"http:\\\/\\\/vamosporlaliberacion.org\\\/crpmlm\\\/author\\\/editor\\\/\"}]}<\/script>\n<!-- \/ Yoast SEO plugin. -->","yoast_head_json":{"title":"Unidad del Pueblo para frenar a la derecha neoliberal y fascista e imponer un rumbo soberano - Vamos por la Liberaci\u00f3n","robots":{"index":"index","follow":"follow","max-snippet":"max-snippet:-1","max-image-preview":"max-image-preview:large","max-video-preview":"max-video-preview:-1"},"canonical":"http:\/\/vamosporlaliberacion.org\/crpmlm\/unidad-del-pueblo-para-frenar-a-la-derecha-neoliberal-y-fascista-e-imponer-un-rumbo-soberano\/","twitter_misc":{"Escrito por":"Prensa Vamos","Tiempo de lectura":"15 minutos"},"schema":{"@context":"https:\/\/schema.org","@graph":[{"@type":"Article","@id":"http:\/\/vamosporlaliberacion.org\/crpmlm\/unidad-del-pueblo-para-frenar-a-la-derecha-neoliberal-y-fascista-e-imponer-un-rumbo-soberano\/#article","isPartOf":{"@id":"http:\/\/vamosporlaliberacion.org\/crpmlm\/unidad-del-pueblo-para-frenar-a-la-derecha-neoliberal-y-fascista-e-imponer-un-rumbo-soberano\/"},"author":{"name":"Prensa Vamos","@id":"https:\/\/vamosporlaliberacion.org\/crpmlm\/#\/schema\/person\/ebdbd4bf0e9418b9f0c0a93395366b2f"},"headline":"Unidad del Pueblo para frenar a la derecha neoliberal y fascista e imponer un rumbo soberano","datePublished":"2023-06-02T14:17:07+00:00","dateModified":"2023-06-02T15:39:34+00:00","mainEntityOfPage":{"@id":"http:\/\/vamosporlaliberacion.org\/crpmlm\/unidad-del-pueblo-para-frenar-a-la-derecha-neoliberal-y-fascista-e-imponer-un-rumbo-soberano\/"},"wordCount":2972,"image":{"@id":"http:\/\/vamosporlaliberacion.org\/crpmlm\/unidad-del-pueblo-para-frenar-a-la-derecha-neoliberal-y-fascista-e-imponer-un-rumbo-soberano\/#primaryimage"},"thumbnailUrl":"https:\/\/i0.wp.com\/vamosporlaliberacion.org\/crpmlm\/wp-content\/uploads\/2023\/06\/delegacionArgentina_China.jpg?fit=880%2C512&ssl=1","articleSection":["Editoriales"],"inLanguage":"es"},{"@type":"WebPage","@id":"http:\/\/vamosporlaliberacion.org\/crpmlm\/unidad-del-pueblo-para-frenar-a-la-derecha-neoliberal-y-fascista-e-imponer-un-rumbo-soberano\/","url":"http:\/\/vamosporlaliberacion.org\/crpmlm\/unidad-del-pueblo-para-frenar-a-la-derecha-neoliberal-y-fascista-e-imponer-un-rumbo-soberano\/","name":"Unidad del Pueblo para frenar a la derecha neoliberal y fascista e imponer un rumbo soberano - Vamos por la Liberaci\u00f3n","isPartOf":{"@id":"https:\/\/vamosporlaliberacion.org\/crpmlm\/#website"},"primaryImageOfPage":{"@id":"http:\/\/vamosporlaliberacion.org\/crpmlm\/unidad-del-pueblo-para-frenar-a-la-derecha-neoliberal-y-fascista-e-imponer-un-rumbo-soberano\/#primaryimage"},"image":{"@id":"http:\/\/vamosporlaliberacion.org\/crpmlm\/unidad-del-pueblo-para-frenar-a-la-derecha-neoliberal-y-fascista-e-imponer-un-rumbo-soberano\/#primaryimage"},"thumbnailUrl":"https:\/\/i0.wp.com\/vamosporlaliberacion.org\/crpmlm\/wp-content\/uploads\/2023\/06\/delegacionArgentina_China.jpg?fit=880%2C512&ssl=1","datePublished":"2023-06-02T14:17:07+00:00","dateModified":"2023-06-02T15:39:34+00:00","author":{"@id":"https:\/\/vamosporlaliberacion.org\/crpmlm\/#\/schema\/person\/ebdbd4bf0e9418b9f0c0a93395366b2f"},"breadcrumb":{"@id":"http:\/\/vamosporlaliberacion.org\/crpmlm\/unidad-del-pueblo-para-frenar-a-la-derecha-neoliberal-y-fascista-e-imponer-un-rumbo-soberano\/#breadcrumb"},"inLanguage":"es","potentialAction":[{"@type":"ReadAction","target":["http:\/\/vamosporlaliberacion.org\/crpmlm\/unidad-del-pueblo-para-frenar-a-la-derecha-neoliberal-y-fascista-e-imponer-un-rumbo-soberano\/"]}]},{"@type":"ImageObject","inLanguage":"es","@id":"http:\/\/vamosporlaliberacion.org\/crpmlm\/unidad-del-pueblo-para-frenar-a-la-derecha-neoliberal-y-fascista-e-imponer-un-rumbo-soberano\/#primaryimage","url":"https:\/\/i0.wp.com\/vamosporlaliberacion.org\/crpmlm\/wp-content\/uploads\/2023\/06\/delegacionArgentina_China.jpg?fit=880%2C512&ssl=1","contentUrl":"https:\/\/i0.wp.com\/vamosporlaliberacion.org\/crpmlm\/wp-content\/uploads\/2023\/06\/delegacionArgentina_China.jpg?fit=880%2C512&ssl=1","width":880,"height":512},{"@type":"BreadcrumbList","@id":"http:\/\/vamosporlaliberacion.org\/crpmlm\/unidad-del-pueblo-para-frenar-a-la-derecha-neoliberal-y-fascista-e-imponer-un-rumbo-soberano\/#breadcrumb","itemListElement":[{"@type":"ListItem","position":1,"name":"Portada","item":"https:\/\/vamosporlaliberacion.org\/crpmlm\/"},{"@type":"ListItem","position":2,"name":"Unidad del Pueblo para frenar a la derecha neoliberal y fascista e imponer un rumbo soberano"}]},{"@type":"WebSite","@id":"https:\/\/vamosporlaliberacion.org\/crpmlm\/#website","url":"https:\/\/vamosporlaliberacion.org\/crpmlm\/","name":"Vamos por la Liberaci\u00f3n","description":"Prensa CR","potentialAction":[{"@type":"SearchAction","target":{"@type":"EntryPoint","urlTemplate":"https:\/\/vamosporlaliberacion.org\/crpmlm\/?s={search_term_string}"},"query-input":{"@type":"PropertyValueSpecification","valueRequired":true,"valueName":"search_term_string"}}],"inLanguage":"es"},{"@type":"Person","@id":"https:\/\/vamosporlaliberacion.org\/crpmlm\/#\/schema\/person\/ebdbd4bf0e9418b9f0c0a93395366b2f","name":"Prensa Vamos","sameAs":["http:\/\/vamposporlaliberacion.org"],"url":"http:\/\/vamosporlaliberacion.org\/crpmlm\/author\/editor\/"}]}},"jetpack_featured_media_url":"https:\/\/i0.wp.com\/vamosporlaliberacion.org\/crpmlm\/wp-content\/uploads\/2023\/06\/delegacionArgentina_China.jpg?fit=880%2C512&ssl=1","jetpack_sharing_enabled":true,"_links":{"self":[{"href":"http:\/\/vamosporlaliberacion.org\/crpmlm\/wp-json\/wp\/v2\/posts\/26766","targetHints":{"allow":["GET"]}}],"collection":[{"href":"http:\/\/vamosporlaliberacion.org\/crpmlm\/wp-json\/wp\/v2\/posts"}],"about":[{"href":"http:\/\/vamosporlaliberacion.org\/crpmlm\/wp-json\/wp\/v2\/types\/post"}],"author":[{"embeddable":true,"href":"http:\/\/vamosporlaliberacion.org\/crpmlm\/wp-json\/wp\/v2\/users\/9"}],"replies":[{"embeddable":true,"href":"http:\/\/vamosporlaliberacion.org\/crpmlm\/wp-json\/wp\/v2\/comments?post=26766"}],"version-history":[{"count":4,"href":"http:\/\/vamosporlaliberacion.org\/crpmlm\/wp-json\/wp\/v2\/posts\/26766\/revisions"}],"predecessor-version":[{"id":26779,"href":"http:\/\/vamosporlaliberacion.org\/crpmlm\/wp-json\/wp\/v2\/posts\/26766\/revisions\/26779"}],"wp:featuredmedia":[{"embeddable":true,"href":"http:\/\/vamosporlaliberacion.org\/crpmlm\/wp-json\/wp\/v2\/media\/26771"}],"wp:attachment":[{"href":"http:\/\/vamosporlaliberacion.org\/crpmlm\/wp-json\/wp\/v2\/media?parent=26766"}],"wp:term":[{"taxonomy":"category","embeddable":true,"href":"http:\/\/vamosporlaliberacion.org\/crpmlm\/wp-json\/wp\/v2\/categories?post=26766"},{"taxonomy":"post_tag","embeddable":true,"href":"http:\/\/vamosporlaliberacion.org\/crpmlm\/wp-json\/wp\/v2\/tags?post=26766"}],"curies":[{"name":"wp","href":"https:\/\/api.w.org\/{rel}","templated":true}]}}