{"id":26447,"date":"2023-02-18T10:58:41","date_gmt":"2023-02-18T13:58:41","guid":{"rendered":"http:\/\/vamosporlaliberacion.org\/crpmlm\/?p=26447"},"modified":"2023-02-23T17:59:28","modified_gmt":"2023-02-23T20:59:28","slug":"pierde-el-pueblo-y-ganan-los-duenos-del-poder","status":"publish","type":"post","link":"http:\/\/vamosporlaliberacion.org\/crpmlm\/pierde-el-pueblo-y-ganan-los-duenos-del-poder\/","title":{"rendered":"<strong>Pierde el pueblo y ganan los due\u00f1os del poder<\/strong>"},"content":{"rendered":"\n<h3 class=\"wp-block-heading\"><em><strong>Con FMI, 6% (98,8%) de inflaci\u00f3n, super ganancias para monopolios terratenientes y bancos, + precarizaci\u00f3n laboral, aumentos de alimentos y servicios, recorte de planes sociales\u2026<\/strong><\/em><\/h3>\n\n\n\n<p>La relaci\u00f3n de la Deuda respecto al PBI (Producto Bruto Interno), salt\u00f3 del 56% al 85%. La relaci\u00f3n de la Deuda respecto las reservas salt\u00f3 del 235% al 245%. (datos de la Auditoria General de la Naci\u00f3n) el mismo organismo que elabor\u00f3 el informe ratificando la ilegalidad del acuerdo tomado por Juntos por el Cambio con el FMI.<\/p>\n\n\n\n<p>Al reconocerse por parte de sectores del oficialismo del frente de Todos esa deuda odiosa e impagable, se acept\u00f3 hipotecar el pa\u00eds, su crecimiento y ajustes sobre la econom\u00eda cotidiana as\u00ed como a largo plazo. Los vencimientos e intereses que se debe pagar solo se podr\u00e1n hacer renegociando la deuda lo que implica nuevos acuerdos leoninos por lo que seguir\u00e1 sangrando el pa\u00eds y el pueblo. (<em><a href=\"http:\/\/vamosporlaliberacion.org\/crpmlm\/sobre-el-informe-de-la-agn-respecto-a-la-deuda-macrista-con-el-fmi\/\" target=\"_blank\" rel=\"noreferrer noopener\">Ver Sobre el informe de la AGN&#8230;<\/a><\/em>)<\/p>\n\n\n<div class=\"wp-block-image\">\n<figure class=\"aligncenter size-large is-resized\"><img data-recalc-dims=\"1\" loading=\"lazy\" decoding=\"async\" src=\"https:\/\/i0.wp.com\/vamosporlaliberacion.org\/crpmlm\/wp-content\/uploads\/2023\/02\/IMG-20230201-WA0003-700x467.jpg?resize=358%2C231\" alt=\"\" class=\"wp-image-26379\" width=\"358\" height=\"231\"\/><\/figure>\n<\/div>\n\n\n<p><strong>Este cepo al crecimiento y al bolsillo de las familias argentinas se expresa en el plan econ\u00f3mico inflacionario y altamente dependiente, <\/strong>lo que hace que toda medida antiinflacionaria sean parches que siempre se caen porque para que <strong>pueda cumplirse el Estado debe tener el control de la econom\u00eda y los resortes fundamentales como los alimentos, la energ\u00eda, la banca y control de cambio, as\u00ed como las exportaciones. <\/strong>Pero nada de esto ocurre por lo que se vuelve a empezar cada ciclo de la pol\u00edtica, sin modificar las bases de fondo.<\/p>\n\n\n\n<p>No hay pol\u00edticas soberanas y se mantiene la estructura agroexportadora contaminante y altamente dependiente de la divisi\u00f3n internacional que imponen las metr\u00f3polis imperialistas.<\/p>\n\n\n\n<p>El mes pasado desde el ejecutivo se celebraba una \u201ctendencia a la baja\u201d de la inflaci\u00f3n, pero eso volvi\u00f3 a cambiar con <strong>los resultados de enero donde trep\u00f3 al 6% y 98,8% anual<\/strong>. Y as\u00ed ser\u00e1 porque el Estado no maneja la producci\u00f3n, el transporte y la comercializaci\u00f3n de los productos. <strong>No existe como en Bolivia una Empresa Estatal de Alimentos (EMAPA) en acuerdo con los peque\u00f1os productores y la econom\u00eda popular donde el Estado regula<\/strong> y establece acuerdos de lo que se siembra, a la ves que compra o subsidia una parte y tambi\u00e9n tienen una cadena de comercializaci\u00f3n en todo el pa\u00eds, permitiendo que los alimentos no superen ciertos precios m\u00e1ximos. Lo mismo sucede con la energ\u00eda que est\u00e1 en manos del Estado. Alg\u00fan necio pondr\u00e1 en duda de que esto no tiene que ver con <strong>los \u00edndices magros de inflaci\u00f3n que ese hermano pa\u00eds maneja donde los proyectados arrojan para todo el a\u00f1o 2023 arroja un 3,1% (siendo a\u00fan un numero alto en el registro de los \u00faltimos a\u00f1os).<\/strong><\/p>\n\n\n\n<p>Pero la realidad es que los monopolios vinculados a la alimentaci\u00f3n y dem\u00e1s industriales <strong>han superado las expectativas de la capacidad productiva instalada que ya arrima al 70%<\/strong>, mostrando un \u00edndice alt\u00edsimo de ocupaci\u00f3n de mano de obra y este es el factor, a diferencia del gobierno de Juntos por el Cambio, de que no haya un estallido social ya que si bien hay mayores niveles de inflaci\u00f3n respecto de aquel gobierno, en este per\u00edodo crece el PBI, cosa que antes tambi\u00e9n ca\u00eda estrepitosamente.<\/p>\n\n\n\n<p>La mayor\u00eda de las provincias registra \u00edndices alt\u00edsimos de empleo, pero aqu\u00ed aparece el factor central para el pueblo como son las condiciones de trabajo sumado a la inflaci\u00f3n. <strong>La elevada precarizaci\u00f3n y el fen\u00f3meno de trabajadores con salarios de pobreza<\/strong> muestra una realidad que de acuerdo al informe sobre la cuenta de generaci\u00f3n del ingreso e insumo de mano de obra elaborado por Indec, la distribuci\u00f3n del ingreso en Argentina, para el tercer trimestre del a\u00f1o pasado, <strong>se compone por una marcada desigualdad de las remuneraciones en la distribuci\u00f3n del ingreso total<\/strong>, donde los trabajadores reciben el 34% en el sector privado, los aut\u00f3nomos\/monotributistas el 13% y los empresarios el 53% de lo generado en el pa\u00eds. En ramas del sector industrial el rango trepa alrededor de un 46%, mientras que en el sector agropecuario es de un 9%.<\/p>\n\n\n\n<p>En el tercer trimestre de 2022, la remuneraci\u00f3n al trabajo asalariado aument\u00f3 84,6% respecto al mismo per\u00edodo de 2021, <strong>pero qued\u00f3 a varios puntos por debajo de la inflaci\u00f3n, sin sumar lo que se viene perdiendo de arrastre cercano al 28%.<\/strong> Por estas razones, en t\u00e9rminos del valor agregado bruto (VAB) medido a precios b\u00e1sicos en t\u00e9rminos generales, su participaci\u00f3n represent\u00f3 un 42%, y registr\u00f3 un descenso de mas de 0,25 puntos porcentuales (p.p.) respecto del tercer trimestre del 2021.<\/p>\n\n\n\n<p>Estas cuentas solo sirven para poder ingresar en el an\u00e1lisis del d\u00eda a d\u00eda, contrapuestos a aquellos objetivos como que \u201clos salarios le ganen a la inflaci\u00f3n\u201d, ya que son ef\u00edmeros o enga\u00f1osos <strong>y no se tiene en cuenta que estos llegan a mes vencido cuando ya ocurrieron los aumentos en los productos, por lo tanto siempre van a correr por detr\u00e1s de la inflaci\u00f3n.<\/strong><\/p>\n\n\n\n<p>Los \u201ccontroles de precios\u201d han fracasado ya que la cadena monop\u00f3lica que controla los alimentos desaf\u00eda al gobierno sabiendo que lo m\u00e1ximo que aplicar\u00e1n ser\u00e1n multas absorbidas inmediatamente con sus mega ganancias.<\/p>\n\n\n\n<p>Seg\u00fan el INDEC, el empleo creci\u00f3 en un 5,8% alcanzando los 21.499.000 puestos de trabajo. Los asalariados explican el 75% del total contabilizando 16.209.000 de personas entre los cuales el 67% se encuentran registrados y el 32% restante se emplea fuera de los marcos legales. <strong>Esta \u00faltima categor\u00eda de asalariados es la modalidad que m\u00e1s crecimiento experiment\u00f3 con un 13% interanual, empleando m\u00e1s de 5 millones de personas para el tercer trimestre del a\u00f1o que termin\u00f3.<\/strong><\/p>\n\n\n<div class=\"wp-block-image\">\n<figure class=\"aligncenter size-large is-resized\"><img data-recalc-dims=\"1\" loading=\"lazy\" decoding=\"async\" src=\"https:\/\/i0.wp.com\/vamosporlaliberacion.org\/crpmlm\/wp-content\/uploads\/2023\/02\/IMG-20230217-WA0024-700x454.jpg?resize=333%2C209\" alt=\"\" class=\"wp-image-26450\" width=\"333\" height=\"209\"\/><\/figure>\n<\/div>\n\n\n<p>A la par se evidencia que los niveles de pobreza no han disminuido, manteniendo los niveles cercanos al 40%. Fen\u00f3meno que golpea en particular a los menores de edad que superan el 55%. El acuerdo con el FMI golpea duramente en este cord\u00f3n d\u00e9bil de la sociedad. El ejecutivo ejecuta las medidas como las que acaba de hacer con el recorte de mas de 100.000 programas sociales, mientras como bien afirma el dirigente peronista Gabriel Mariotto de Soberanxs, <em><strong>\u201cel Gobierno paga por intereses Leliq 730.000 millones de pesos a los Bancos y por planes sociales 180.000 millones de pesos a la ciudadan\u00eda. Los Bancos fugan! Lxs desocupadxs van al almac\u00e9n. Entonces&#8230; \u00bfCual es el verdadero problema?\u201d<\/strong><\/em>.<\/p>\n\n\n\n<h4 class=\"wp-block-heading\"><strong>C<\/strong>on la unidad no alcanza<\/h4>\n\n\n\n<p>La reuni\u00f3n del Frente de Todos fue un inicio de una necesaria unidad frente a una derecha neoliberal y fascista que no perdi\u00f3 poder por mas que se saquen los ojos en la interna. Una oposici\u00f3n que trae como novedad que ya no miente como en el 2015 en las medidas retrogradas que aplicar\u00e1 si llega al gobierno y as\u00ed y todo, como la inflaci\u00f3n no deja de crecer y golpea las expectativas de grandes sectores populares, captan ese descontento.<\/p>\n\n\n\n<p>El efecto Massa logr\u00f3 evitar la devaluaci\u00f3n desbocada, pero la forma fue <strong>aplicar devaluaciones sectoriales como el d\u00f3lar soja u otras similares alimentando el festival de bonos como las leliq donde los bancos y entidades financieras ganan fortunas.<\/strong> <strong>Esto sumando las l\u00edneas de cr\u00e9ditos y otras ayudas a los sectores concentrados<\/strong>. Esta es la raz\u00f3n fundamental del porque fueron estos sectores los que frenaron la \u201coperaci\u00f3n bomba\u201d impulsada desde sectores de Juntos por el Cambio con el claro objetivo de impulsar la corrida del d\u00f3lar para forzar una mega devaluaci\u00f3n que llevar\u00eda a un estallido en la econom\u00eda. Mostrando una de las cartas de sectores del poder concentrado que acuerdan con Massa en econom\u00eda y lo querr\u00edan para presidente.<\/p>\n\n\n\n<p>Pero volviendo a la reuni\u00f3n del Frente de Todos, se discuten candidaturas, entre ellas la principal en relaci\u00f3n a que Cristina pueda desafiar a la justicia y enfrentar las maniobras antidemocr\u00e1ticas de proscribirla present\u00e1ndose como candidata a presidenta uniendo as\u00ed a la diversidad de expresiones en el frente.<\/p>\n\n\n\n<p>Pero si a\u00fan se lograra su candidatura, no alcanza. <strong>Si no alcanz\u00f3 solo con Cristina en el 2019 siendo opositores, esta vez se evaluar\u00e1 la gesti\u00f3n y estamos en serios problemas.<\/strong> Hoy la unidad es a base \u201cdel espanto\u201d frente a una derecha que en su diversidad se impondr\u00e1 en el ballotage, sabiendo incluso que as\u00ed encabece Cristina, se desatar\u00e1 una gran ofensiva de provocaciones y maniobras desestabilizadoras para impedir que se traccione a sectores que otros candidatos no logran hacer. Los d\u00edas por venir ser\u00e1n decisivos, ya que hay varios anotados incluso el dubitativo Alberto Fern\u00e1ndez y el \u201cnegador\u201d Sergio Massa. El \u201coperativo clamor\u201d por Cristina est\u00e1 empezando a calentar motores.<\/p>\n\n\n\n<p><strong>Pero mas all\u00e1 de todo este juego de figuras, lo que no se discute es el rumbo econ\u00f3mico y social, y justamente all\u00ed radica el problema del Frente de Todos<\/strong>, ya que para \u201cser competitivos\u201d, el programa del FMI no suele ganar elecciones como muestran otras experiencias en la regi\u00f3n y el mundo, y menos con una escalada inflacionaria con aumentos que golpean los bolsillos.<\/p>\n\n\n\n<p>Sin modificar el rumbo, seguro habr\u00e1 mas derrame a los sectores populares en el a\u00f1o electoral, que se deber\u00e1 aprovechar para pechar en las calles por las urgencias, trabajo, alimentos o ca\u00edda de planes como lo hacen las organizaciones sociales o los trabajadores del sindicato de televisi\u00f3n que luchan por salarios enfrentando a los monopolios de la comunicaci\u00f3n, luchas necesarias <strong>mientras<\/strong> <strong>se impide en las elecciones que vuelva la derecha sanguinaria que arrasar\u00e1 con lo poco que queda<\/strong>.<\/p>\n\n\n\n<p><strong>Mientras se sostiene esta disyuntiva<\/strong>, es fundamental que los sectores populares, democr\u00e1ticos y antimperialistas levantemos de manera unitaria un programa que nos posicione en dos escenarios posibles: <strong>uno<\/strong> <strong>si logra reelegir el Frente de Todos para pechar desde el inicio por un rumbo popular con medidas soberanas; y otro si gana la derecha reaccionaria y neoliberal, acorral\u00e1ndola de entrada como hace el valeroso pueblo peruano con paros y lucha en las calles y rutas.<\/strong><\/p>\n\n\n<div class=\"wp-block-image\">\n<figure class=\"aligncenter size-full is-resized\"><img data-recalc-dims=\"1\" loading=\"lazy\" decoding=\"async\" src=\"https:\/\/i0.wp.com\/vamosporlaliberacion.org\/crpmlm\/wp-content\/uploads\/2023\/02\/img_20230217_090808419.jpg?resize=403%2C531\" alt=\"\" class=\"wp-image-26444\" width=\"403\" height=\"531\"\/><\/figure>\n<\/div><!-- AddThis Advanced Settings generic via filter on the_content --><!-- AddThis Share Buttons generic via filter on the_content -->","protected":false},"excerpt":{"rendered":"<p>Con FMI, 6% (98,8%) de inflaci\u00f3n, super ganancias para monopolios terratenientes y bancos, + precarizaci\u00f3n laboral, aumentos de alimentos y servicios, recorte de planes sociales\u2026 La relaci\u00f3n de la Deuda respecto al PBI (Producto Bruto Interno), salt\u00f3 del 56% al 85%. La relaci\u00f3n de la Deuda respecto las reservas salt\u00f3 del 235% al 245%. (datos [&hellip;]<!-- AddThis Advanced Settings generic via filter on get_the_excerpt --><!-- AddThis Share Buttons generic via filter on get_the_excerpt --><\/p>\n","protected":false},"author":9,"featured_media":26449,"comment_status":"closed","ping_status":"closed","sticky":false,"template":"","format":"standard","meta":{"_jetpack_memberships_contains_paid_content":false,"footnotes":""},"categories":[1881],"tags":[],"class_list":{"0":"post-26447","1":"post","2":"type-post","3":"status-publish","4":"format-standard","5":"has-post-thumbnail","7":"category-editoriales"},"yoast_head":"<!-- This site is optimized with the Yoast SEO plugin v27.4 - https:\/\/yoast.com\/product\/yoast-seo-wordpress\/ -->\n<title>Pierde el pueblo y ganan los due\u00f1os del poder - Vamos por la Liberaci\u00f3n<\/title>\n<meta name=\"robots\" content=\"index, follow, max-snippet:-1, max-image-preview:large, max-video-preview:-1\" \/>\n<link rel=\"canonical\" href=\"http:\/\/vamosporlaliberacion.org\/crpmlm\/pierde-el-pueblo-y-ganan-los-duenos-del-poder\/\" \/>\n<meta name=\"twitter:label1\" content=\"Escrito por\" \/>\n\t<meta name=\"twitter:data1\" content=\"Prensa Vamos\" \/>\n\t<meta name=\"twitter:label2\" content=\"Tiempo de lectura\" \/>\n\t<meta name=\"twitter:data2\" content=\"9 minutos\" \/>\n<script type=\"application\/ld+json\" class=\"yoast-schema-graph\">{\"@context\":\"https:\\\/\\\/schema.org\",\"@graph\":[{\"@type\":\"Article\",\"@id\":\"http:\\\/\\\/vamosporlaliberacion.org\\\/crpmlm\\\/pierde-el-pueblo-y-ganan-los-duenos-del-poder\\\/#article\",\"isPartOf\":{\"@id\":\"http:\\\/\\\/vamosporlaliberacion.org\\\/crpmlm\\\/pierde-el-pueblo-y-ganan-los-duenos-del-poder\\\/\"},\"author\":{\"name\":\"Prensa Vamos\",\"@id\":\"https:\\\/\\\/vamosporlaliberacion.org\\\/crpmlm\\\/#\\\/schema\\\/person\\\/ebdbd4bf0e9418b9f0c0a93395366b2f\"},\"headline\":\"Pierde el pueblo y ganan los due\u00f1os del poder\",\"datePublished\":\"2023-02-18T13:58:41+00:00\",\"dateModified\":\"2023-02-23T20:59:28+00:00\",\"mainEntityOfPage\":{\"@id\":\"http:\\\/\\\/vamosporlaliberacion.org\\\/crpmlm\\\/pierde-el-pueblo-y-ganan-los-duenos-del-poder\\\/\"},\"wordCount\":1701,\"image\":{\"@id\":\"http:\\\/\\\/vamosporlaliberacion.org\\\/crpmlm\\\/pierde-el-pueblo-y-ganan-los-duenos-del-poder\\\/#primaryimage\"},\"thumbnailUrl\":\"https:\\\/\\\/i0.wp.com\\\/vamosporlaliberacion.org\\\/crpmlm\\\/wp-content\\\/uploads\\\/2023\\\/02\\\/IMG-20230217-WA0026.jpg?fit=1280%2C854&ssl=1\",\"articleSection\":[\"Editoriales\"],\"inLanguage\":\"es\"},{\"@type\":\"WebPage\",\"@id\":\"http:\\\/\\\/vamosporlaliberacion.org\\\/crpmlm\\\/pierde-el-pueblo-y-ganan-los-duenos-del-poder\\\/\",\"url\":\"http:\\\/\\\/vamosporlaliberacion.org\\\/crpmlm\\\/pierde-el-pueblo-y-ganan-los-duenos-del-poder\\\/\",\"name\":\"Pierde el pueblo y ganan los due\u00f1os del poder - Vamos por la Liberaci\u00f3n\",\"isPartOf\":{\"@id\":\"https:\\\/\\\/vamosporlaliberacion.org\\\/crpmlm\\\/#website\"},\"primaryImageOfPage\":{\"@id\":\"http:\\\/\\\/vamosporlaliberacion.org\\\/crpmlm\\\/pierde-el-pueblo-y-ganan-los-duenos-del-poder\\\/#primaryimage\"},\"image\":{\"@id\":\"http:\\\/\\\/vamosporlaliberacion.org\\\/crpmlm\\\/pierde-el-pueblo-y-ganan-los-duenos-del-poder\\\/#primaryimage\"},\"thumbnailUrl\":\"https:\\\/\\\/i0.wp.com\\\/vamosporlaliberacion.org\\\/crpmlm\\\/wp-content\\\/uploads\\\/2023\\\/02\\\/IMG-20230217-WA0026.jpg?fit=1280%2C854&ssl=1\",\"datePublished\":\"2023-02-18T13:58:41+00:00\",\"dateModified\":\"2023-02-23T20:59:28+00:00\",\"author\":{\"@id\":\"https:\\\/\\\/vamosporlaliberacion.org\\\/crpmlm\\\/#\\\/schema\\\/person\\\/ebdbd4bf0e9418b9f0c0a93395366b2f\"},\"breadcrumb\":{\"@id\":\"http:\\\/\\\/vamosporlaliberacion.org\\\/crpmlm\\\/pierde-el-pueblo-y-ganan-los-duenos-del-poder\\\/#breadcrumb\"},\"inLanguage\":\"es\",\"potentialAction\":[{\"@type\":\"ReadAction\",\"target\":[\"http:\\\/\\\/vamosporlaliberacion.org\\\/crpmlm\\\/pierde-el-pueblo-y-ganan-los-duenos-del-poder\\\/\"]}]},{\"@type\":\"ImageObject\",\"inLanguage\":\"es\",\"@id\":\"http:\\\/\\\/vamosporlaliberacion.org\\\/crpmlm\\\/pierde-el-pueblo-y-ganan-los-duenos-del-poder\\\/#primaryimage\",\"url\":\"https:\\\/\\\/i0.wp.com\\\/vamosporlaliberacion.org\\\/crpmlm\\\/wp-content\\\/uploads\\\/2023\\\/02\\\/IMG-20230217-WA0026.jpg?fit=1280%2C854&ssl=1\",\"contentUrl\":\"https:\\\/\\\/i0.wp.com\\\/vamosporlaliberacion.org\\\/crpmlm\\\/wp-content\\\/uploads\\\/2023\\\/02\\\/IMG-20230217-WA0026.jpg?fit=1280%2C854&ssl=1\",\"width\":1280,\"height\":854},{\"@type\":\"BreadcrumbList\",\"@id\":\"http:\\\/\\\/vamosporlaliberacion.org\\\/crpmlm\\\/pierde-el-pueblo-y-ganan-los-duenos-del-poder\\\/#breadcrumb\",\"itemListElement\":[{\"@type\":\"ListItem\",\"position\":1,\"name\":\"Portada\",\"item\":\"https:\\\/\\\/vamosporlaliberacion.org\\\/crpmlm\\\/\"},{\"@type\":\"ListItem\",\"position\":2,\"name\":\"Pierde el pueblo y ganan los due\u00f1os del poder\"}]},{\"@type\":\"WebSite\",\"@id\":\"https:\\\/\\\/vamosporlaliberacion.org\\\/crpmlm\\\/#website\",\"url\":\"https:\\\/\\\/vamosporlaliberacion.org\\\/crpmlm\\\/\",\"name\":\"Vamos por la Liberaci\u00f3n\",\"description\":\"Prensa CR\",\"potentialAction\":[{\"@type\":\"SearchAction\",\"target\":{\"@type\":\"EntryPoint\",\"urlTemplate\":\"https:\\\/\\\/vamosporlaliberacion.org\\\/crpmlm\\\/?s={search_term_string}\"},\"query-input\":{\"@type\":\"PropertyValueSpecification\",\"valueRequired\":true,\"valueName\":\"search_term_string\"}}],\"inLanguage\":\"es\"},{\"@type\":\"Person\",\"@id\":\"https:\\\/\\\/vamosporlaliberacion.org\\\/crpmlm\\\/#\\\/schema\\\/person\\\/ebdbd4bf0e9418b9f0c0a93395366b2f\",\"name\":\"Prensa Vamos\",\"sameAs\":[\"http:\\\/\\\/vamposporlaliberacion.org\"],\"url\":\"http:\\\/\\\/vamosporlaliberacion.org\\\/crpmlm\\\/author\\\/editor\\\/\"}]}<\/script>\n<!-- \/ Yoast SEO plugin. -->","yoast_head_json":{"title":"Pierde el pueblo y ganan los due\u00f1os del poder - Vamos por la Liberaci\u00f3n","robots":{"index":"index","follow":"follow","max-snippet":"max-snippet:-1","max-image-preview":"max-image-preview:large","max-video-preview":"max-video-preview:-1"},"canonical":"http:\/\/vamosporlaliberacion.org\/crpmlm\/pierde-el-pueblo-y-ganan-los-duenos-del-poder\/","twitter_misc":{"Escrito por":"Prensa Vamos","Tiempo de lectura":"9 minutos"},"schema":{"@context":"https:\/\/schema.org","@graph":[{"@type":"Article","@id":"http:\/\/vamosporlaliberacion.org\/crpmlm\/pierde-el-pueblo-y-ganan-los-duenos-del-poder\/#article","isPartOf":{"@id":"http:\/\/vamosporlaliberacion.org\/crpmlm\/pierde-el-pueblo-y-ganan-los-duenos-del-poder\/"},"author":{"name":"Prensa Vamos","@id":"https:\/\/vamosporlaliberacion.org\/crpmlm\/#\/schema\/person\/ebdbd4bf0e9418b9f0c0a93395366b2f"},"headline":"Pierde el pueblo y ganan los due\u00f1os del poder","datePublished":"2023-02-18T13:58:41+00:00","dateModified":"2023-02-23T20:59:28+00:00","mainEntityOfPage":{"@id":"http:\/\/vamosporlaliberacion.org\/crpmlm\/pierde-el-pueblo-y-ganan-los-duenos-del-poder\/"},"wordCount":1701,"image":{"@id":"http:\/\/vamosporlaliberacion.org\/crpmlm\/pierde-el-pueblo-y-ganan-los-duenos-del-poder\/#primaryimage"},"thumbnailUrl":"https:\/\/i0.wp.com\/vamosporlaliberacion.org\/crpmlm\/wp-content\/uploads\/2023\/02\/IMG-20230217-WA0026.jpg?fit=1280%2C854&ssl=1","articleSection":["Editoriales"],"inLanguage":"es"},{"@type":"WebPage","@id":"http:\/\/vamosporlaliberacion.org\/crpmlm\/pierde-el-pueblo-y-ganan-los-duenos-del-poder\/","url":"http:\/\/vamosporlaliberacion.org\/crpmlm\/pierde-el-pueblo-y-ganan-los-duenos-del-poder\/","name":"Pierde el pueblo y ganan los due\u00f1os del poder - Vamos por la Liberaci\u00f3n","isPartOf":{"@id":"https:\/\/vamosporlaliberacion.org\/crpmlm\/#website"},"primaryImageOfPage":{"@id":"http:\/\/vamosporlaliberacion.org\/crpmlm\/pierde-el-pueblo-y-ganan-los-duenos-del-poder\/#primaryimage"},"image":{"@id":"http:\/\/vamosporlaliberacion.org\/crpmlm\/pierde-el-pueblo-y-ganan-los-duenos-del-poder\/#primaryimage"},"thumbnailUrl":"https:\/\/i0.wp.com\/vamosporlaliberacion.org\/crpmlm\/wp-content\/uploads\/2023\/02\/IMG-20230217-WA0026.jpg?fit=1280%2C854&ssl=1","datePublished":"2023-02-18T13:58:41+00:00","dateModified":"2023-02-23T20:59:28+00:00","author":{"@id":"https:\/\/vamosporlaliberacion.org\/crpmlm\/#\/schema\/person\/ebdbd4bf0e9418b9f0c0a93395366b2f"},"breadcrumb":{"@id":"http:\/\/vamosporlaliberacion.org\/crpmlm\/pierde-el-pueblo-y-ganan-los-duenos-del-poder\/#breadcrumb"},"inLanguage":"es","potentialAction":[{"@type":"ReadAction","target":["http:\/\/vamosporlaliberacion.org\/crpmlm\/pierde-el-pueblo-y-ganan-los-duenos-del-poder\/"]}]},{"@type":"ImageObject","inLanguage":"es","@id":"http:\/\/vamosporlaliberacion.org\/crpmlm\/pierde-el-pueblo-y-ganan-los-duenos-del-poder\/#primaryimage","url":"https:\/\/i0.wp.com\/vamosporlaliberacion.org\/crpmlm\/wp-content\/uploads\/2023\/02\/IMG-20230217-WA0026.jpg?fit=1280%2C854&ssl=1","contentUrl":"https:\/\/i0.wp.com\/vamosporlaliberacion.org\/crpmlm\/wp-content\/uploads\/2023\/02\/IMG-20230217-WA0026.jpg?fit=1280%2C854&ssl=1","width":1280,"height":854},{"@type":"BreadcrumbList","@id":"http:\/\/vamosporlaliberacion.org\/crpmlm\/pierde-el-pueblo-y-ganan-los-duenos-del-poder\/#breadcrumb","itemListElement":[{"@type":"ListItem","position":1,"name":"Portada","item":"https:\/\/vamosporlaliberacion.org\/crpmlm\/"},{"@type":"ListItem","position":2,"name":"Pierde el pueblo y ganan los due\u00f1os del poder"}]},{"@type":"WebSite","@id":"https:\/\/vamosporlaliberacion.org\/crpmlm\/#website","url":"https:\/\/vamosporlaliberacion.org\/crpmlm\/","name":"Vamos por la Liberaci\u00f3n","description":"Prensa CR","potentialAction":[{"@type":"SearchAction","target":{"@type":"EntryPoint","urlTemplate":"https:\/\/vamosporlaliberacion.org\/crpmlm\/?s={search_term_string}"},"query-input":{"@type":"PropertyValueSpecification","valueRequired":true,"valueName":"search_term_string"}}],"inLanguage":"es"},{"@type":"Person","@id":"https:\/\/vamosporlaliberacion.org\/crpmlm\/#\/schema\/person\/ebdbd4bf0e9418b9f0c0a93395366b2f","name":"Prensa Vamos","sameAs":["http:\/\/vamposporlaliberacion.org"],"url":"http:\/\/vamosporlaliberacion.org\/crpmlm\/author\/editor\/"}]}},"jetpack_featured_media_url":"https:\/\/i0.wp.com\/vamosporlaliberacion.org\/crpmlm\/wp-content\/uploads\/2023\/02\/IMG-20230217-WA0026.jpg?fit=1280%2C854&ssl=1","jetpack_sharing_enabled":true,"_links":{"self":[{"href":"http:\/\/vamosporlaliberacion.org\/crpmlm\/wp-json\/wp\/v2\/posts\/26447","targetHints":{"allow":["GET"]}}],"collection":[{"href":"http:\/\/vamosporlaliberacion.org\/crpmlm\/wp-json\/wp\/v2\/posts"}],"about":[{"href":"http:\/\/vamosporlaliberacion.org\/crpmlm\/wp-json\/wp\/v2\/types\/post"}],"author":[{"embeddable":true,"href":"http:\/\/vamosporlaliberacion.org\/crpmlm\/wp-json\/wp\/v2\/users\/9"}],"replies":[{"embeddable":true,"href":"http:\/\/vamosporlaliberacion.org\/crpmlm\/wp-json\/wp\/v2\/comments?post=26447"}],"version-history":[{"count":4,"href":"http:\/\/vamosporlaliberacion.org\/crpmlm\/wp-json\/wp\/v2\/posts\/26447\/revisions"}],"predecessor-version":[{"id":26457,"href":"http:\/\/vamosporlaliberacion.org\/crpmlm\/wp-json\/wp\/v2\/posts\/26447\/revisions\/26457"}],"wp:featuredmedia":[{"embeddable":true,"href":"http:\/\/vamosporlaliberacion.org\/crpmlm\/wp-json\/wp\/v2\/media\/26449"}],"wp:attachment":[{"href":"http:\/\/vamosporlaliberacion.org\/crpmlm\/wp-json\/wp\/v2\/media?parent=26447"}],"wp:term":[{"taxonomy":"category","embeddable":true,"href":"http:\/\/vamosporlaliberacion.org\/crpmlm\/wp-json\/wp\/v2\/categories?post=26447"},{"taxonomy":"post_tag","embeddable":true,"href":"http:\/\/vamosporlaliberacion.org\/crpmlm\/wp-json\/wp\/v2\/tags?post=26447"}],"curies":[{"name":"wp","href":"https:\/\/api.w.org\/{rel}","templated":true}]}}