{"id":26321,"date":"2022-12-20T18:11:06","date_gmt":"2022-12-20T21:11:06","guid":{"rendered":"http:\/\/vamosporlaliberacion.org\/crpmlm\/?p=26321"},"modified":"2022-12-20T18:31:56","modified_gmt":"2022-12-20T21:31:56","slug":"20-12-2001-20-12-2022-a-21-anos-del-argentinazo","status":"publish","type":"post","link":"http:\/\/vamosporlaliberacion.org\/crpmlm\/20-12-2001-20-12-2022-a-21-anos-del-argentinazo\/","title":{"rendered":"A 21 a\u00f1os del \u00a1ARGENTINAZO! de diciembre de 2001"},"content":{"rendered":"\n<h3 class=\"wp-block-heading\"><strong>Un camino vigente para romper con la opresi\u00f3n y la dependencia.<\/strong><\/h3>\n\n\n\n<p>Conocemos, por m\u00faltiples relatos (que pondremos en los links debajo de la nota) de los d\u00edas previos y las jornadas del 19 y 20 de aquel 2001.<\/p>\n\n\n\n<p>Pero siempre es importante abundar en la g\u00e9nesis y las ense\u00f1anzas de esos d\u00edas, a\u00f1os y meses previos que constituyen el Argentinazo que desembocar\u00eda en aquel 19 y 20 de diciembre en el que por esa acci\u00f3n insurreccional de la lucha de calles un gobierno ilegitimo era desplazado.<\/p>\n\n\n\n<p>Esa g\u00e9nesis la podemos encontrar en el odio acumulado de m\u00e1s de una d\u00e9cada de hambre y entrega. En el desenlace al oprobio, desguace y entrega del patrimonio nacional y endeudamientos que anclaron la dependencia a niveles nunca visto.<\/p>\n\n\n\n<p>Hab\u00edamos dejado de ser due\u00f1os de lo nuestro y generaciones enteras eran nuevamente endeudadas\u2026<\/p>\n\n\n\n<p>El Argentinazo fue el desenlace de otras puebladas que conmovieron al pa\u00eds y tuvieron epicentro en esos lugares donde la pobreza hab\u00eda perforado el piso del tejido social. Mor\u00edan m\u00e1s de 50 ni\u00f1xs por d\u00eda a causa de la desnutrici\u00f3n, era una tragedia social. Hab\u00edamos tocado fondo.<\/p>\n\n\n\n<p>Pero el pueblo y los pueblos se levantaron con las mujeres a la cabeza que se hicieron cargo de las familias golpeadas por la desocupaci\u00f3n que juntaba ya dos o tres generaciones bajo el mismo techo.<\/p>\n\n\n\n<p>As\u00ed nacieron los piquetes que desafiaban las balas de la represi\u00f3n en las rutas desde el sur al norte de nuestro pa\u00eds.<\/p>\n\n\n\n<p>La lucha fue uniendo a los despojados de todo, en los piquetes y en las calles con aquellos sectores medios que tambi\u00e9n hab\u00edan perdido en la cruzada neoliberal contra el pueblo.<\/p>\n\n\n\n<p>El movimiento obrero ten\u00eda la cabeza contra el piso, cuidando el poco trabajo que quedaba en una argentina con la mitad de la poblaci\u00f3n desocupada, pagando la traici\u00f3n de una dirigencia sindical ya parte de una estructura necesaria para hacer pasar el ajuste y la desocupaci\u00f3n.<\/p>\n\n\n\n<p><strong>Unidad por abajo\u2026divisi\u00f3n por arriba<\/strong><\/p>\n\n\n\n<p>Como no pod\u00eda ser de otra forma, la lucha popular, las puebladas no llevaron uni\u00f3n a los de arriba, sino todo lo contrario, mayores crisis y divisiones\u2026<\/p>\n\n\n\n<p>As\u00ed fuimos llegando a las jornadas previas al Argentinazo con un gobierno, el de La Alianza, que hab\u00eda usado el cuestionamiento al menemismo para ocultar \u201csus alforjas\u201d llenas de la misma receta neoliberal, entreguista, ajustadora y endeudadora como mostraron los mismos actores cuando gobernaron con Macri desde el 2015.<\/p>\n\n\n<div class=\"wp-block-image\">\n<figure class=\"aligncenter size-large is-resized\"><img data-recalc-dims=\"1\" loading=\"lazy\" decoding=\"async\" src=\"https:\/\/i0.wp.com\/vamosporlaliberacion.org\/crpmlm\/wp-content\/uploads\/2022\/12\/20201203105218_de-la-rua-cavallo-2-700x389.jpg?resize=498%2C277\" alt=\"\" class=\"wp-image-26330\" width=\"498\" height=\"277\" srcset=\"https:\/\/i0.wp.com\/vamosporlaliberacion.org\/crpmlm\/wp-content\/uploads\/2022\/12\/20201203105218_de-la-rua-cavallo-2.jpg?resize=700%2C389&amp;ssl=1 700w, https:\/\/i0.wp.com\/vamosporlaliberacion.org\/crpmlm\/wp-content\/uploads\/2022\/12\/20201203105218_de-la-rua-cavallo-2.jpg?resize=300%2C167&amp;ssl=1 300w, https:\/\/i0.wp.com\/vamosporlaliberacion.org\/crpmlm\/wp-content\/uploads\/2022\/12\/20201203105218_de-la-rua-cavallo-2.jpg?resize=768%2C427&amp;ssl=1 768w, https:\/\/i0.wp.com\/vamosporlaliberacion.org\/crpmlm\/wp-content\/uploads\/2022\/12\/20201203105218_de-la-rua-cavallo-2.jpg?resize=150%2C83&amp;ssl=1 150w, https:\/\/i0.wp.com\/vamosporlaliberacion.org\/crpmlm\/wp-content\/uploads\/2022\/12\/20201203105218_de-la-rua-cavallo-2.jpg?resize=696%2C387&amp;ssl=1 696w, https:\/\/i0.wp.com\/vamosporlaliberacion.org\/crpmlm\/wp-content\/uploads\/2022\/12\/20201203105218_de-la-rua-cavallo-2.jpg?resize=755%2C420&amp;ssl=1 755w, https:\/\/i0.wp.com\/vamosporlaliberacion.org\/crpmlm\/wp-content\/uploads\/2022\/12\/20201203105218_de-la-rua-cavallo-2.jpg?w=780&amp;ssl=1 780w\" sizes=\"auto, (max-width: 498px) 100vw, 498px\" \/><figcaption class=\"wp-element-caption\">Fern\u00e1ndo de la R\u00faa y Domingo Cavallo<\/figcaption><\/figure>\n<\/div>\n\n\n<p>La crisis social deriv\u00f3 en la crisis pol\u00edtica y esta en una de gobernabilidad donde el estado de sitio, como ahora muestra la hermana republica del Per\u00fa, lejos de amedrentar al pueblo lo expulsa a las calles y rutas a\u00fan sabiendo de las avanzadas represivas con balas de plomo que se lleva vidas del pueblo.<\/p>\n\n\n\n<p>Sectores de clases dominantes le soltaron la mano al gobierno de la Alianza y pasaban a tratar de encauzar una situaci\u00f3n de claro desborde dentro de las instituciones cuestionadas una y mil veces por el pueblo. <em>\u201cque se vayan todos, que no quede ni uno solo\u201d<\/em>.<\/p>\n\n\n\n<p>As\u00ed se abrir\u00eda un periodo repleto de inestabilidades sociales que golpearon en las calles las salidas que se probaban desde diferentes sectores, a la llegada de Rodr\u00edguez Sa\u00e1 luego de la ca\u00edda de Fernando de la R\u00faa trajo medidas populares para forzar una a favor de los sectores populares. <strong>El anuncio del no pago de la Deuda fraudulenta con el FMI le cost\u00f3 caro y solo dur\u00f3 una semana en el poder<\/strong>. La falta de correlaci\u00f3n de fuerzas y la desconfianza del pueblo jug\u00f3 a favor de otros sectores dominantes como Duhalde en acuerdo con Clar\u00edn, que no vacilaron en desplazarlo.<\/p>\n\n\n\n<figure class=\"wp-block-gallery aligncenter has-nested-images columns-default is-cropped wp-block-gallery-1 is-layout-flex wp-block-gallery-is-layout-flex\">\n<figure class=\"wp-block-image size-large\"><img data-recalc-dims=\"1\" loading=\"lazy\" decoding=\"async\" width=\"696\" height=\"392\" data-id=\"26339\" src=\"https:\/\/i0.wp.com\/vamosporlaliberacion.org\/crpmlm\/wp-content\/uploads\/2022\/12\/AdolfoRodriguezSaa-700x394.jpg?resize=696%2C392\" alt=\"\" class=\"wp-image-26339\" srcset=\"https:\/\/i0.wp.com\/vamosporlaliberacion.org\/crpmlm\/wp-content\/uploads\/2022\/12\/AdolfoRodriguezSaa.jpg?resize=700%2C394&amp;ssl=1 700w, https:\/\/i0.wp.com\/vamosporlaliberacion.org\/crpmlm\/wp-content\/uploads\/2022\/12\/AdolfoRodriguezSaa.jpg?resize=300%2C169&amp;ssl=1 300w, https:\/\/i0.wp.com\/vamosporlaliberacion.org\/crpmlm\/wp-content\/uploads\/2022\/12\/AdolfoRodriguezSaa.jpg?resize=768%2C432&amp;ssl=1 768w, https:\/\/i0.wp.com\/vamosporlaliberacion.org\/crpmlm\/wp-content\/uploads\/2022\/12\/AdolfoRodriguezSaa.jpg?resize=150%2C84&amp;ssl=1 150w, https:\/\/i0.wp.com\/vamosporlaliberacion.org\/crpmlm\/wp-content\/uploads\/2022\/12\/AdolfoRodriguezSaa.jpg?resize=696%2C392&amp;ssl=1 696w, https:\/\/i0.wp.com\/vamosporlaliberacion.org\/crpmlm\/wp-content\/uploads\/2022\/12\/AdolfoRodriguezSaa.jpg?resize=1068%2C601&amp;ssl=1 1068w, https:\/\/i0.wp.com\/vamosporlaliberacion.org\/crpmlm\/wp-content\/uploads\/2022\/12\/AdolfoRodriguezSaa.jpg?resize=747%2C420&amp;ssl=1 747w, https:\/\/i0.wp.com\/vamosporlaliberacion.org\/crpmlm\/wp-content\/uploads\/2022\/12\/AdolfoRodriguezSaa.jpg?w=1280&amp;ssl=1 1280w\" sizes=\"auto, (max-width: 696px) 100vw, 696px\" \/><\/figure>\n\n\n\n<figure class=\"wp-block-image size-full\"><img data-recalc-dims=\"1\" loading=\"lazy\" decoding=\"async\" width=\"680\" height=\"343\" data-id=\"26324\" src=\"https:\/\/i0.wp.com\/vamosporlaliberacion.org\/crpmlm\/wp-content\/uploads\/2022\/12\/DuhaldePresi.jpeg?resize=680%2C343\" alt=\"\" class=\"wp-image-26324\" srcset=\"https:\/\/i0.wp.com\/vamosporlaliberacion.org\/crpmlm\/wp-content\/uploads\/2022\/12\/DuhaldePresi.jpeg?w=680&amp;ssl=1 680w, https:\/\/i0.wp.com\/vamosporlaliberacion.org\/crpmlm\/wp-content\/uploads\/2022\/12\/DuhaldePresi.jpeg?resize=300%2C151&amp;ssl=1 300w, https:\/\/i0.wp.com\/vamosporlaliberacion.org\/crpmlm\/wp-content\/uploads\/2022\/12\/DuhaldePresi.jpeg?resize=150%2C76&amp;ssl=1 150w\" sizes=\"auto, (max-width: 680px) 100vw, 680px\" \/><figcaption class=\"wp-element-caption\">Eduardo Duhalde<\/figcaption><\/figure>\n<\/figure>\n\n\n\n<p>As\u00ed sigui\u00f3 el duhaldismo que licu\u00f3 las deudas de los principales monopolios y terratenientes con la mega devaluaci\u00f3n y condonaci\u00f3n de deudas, dando a los sectores populares un golpe a los salarios. La situaci\u00f3n social era explosiva, mostrando que las condiciones de vida de los sectores populares se hab\u00edan agravado. La masacre de Avellaneda donde son asesinados Maximiliano Kosteki y Dar\u00edo Santill\u00e1n, iba a ser el ejemplo m\u00e1ximo de hasta donde estaban dispuestos a llegar para estabilizar ese gobierno en un marco de aguda lucha entre los sectores dominantes. Este hecho, fue el \u201cgolpe de gracia\u201d al gobierno de Duhalde obligado a adelantar las elecciones donde se impondr\u00eda N\u00e9stor Kirchner en el 2003 <strong>y quien mejor supo interpretar aquellas acciones, programa y profundidad del auge que hab\u00eda mostrado el Argentinazo.<\/strong><\/p>\n\n\n\n<p>Esto permiti\u00f3 abrirse paso con concesiones entre las clases dominantes, para luego avanzar en los a\u00f1os posteriores en reivindicaciones muy sentidas, recuperar derechos, conquistar otros y avanzar con reparaciones estructurales como la eliminaci\u00f3n de las AFJP, estatizaci\u00f3n del agua, YPF, los juicios de la memoria, ley de medios audiovisuales, reconocimiento de la econom\u00eda popular, recuperadas, etc., que le permiti\u00f3 ampliar y consolidar una base popular fundamental para los gobiernos posteriores, aunque manteniendo una matriz agroexportadora contaminante centrada en la soja principalmente a China. Al mantener esta matriz y no avanzar m\u00e1s sobre los resortes claves de la econom\u00eda, posibilit\u00f3 que los sectores reaccionarios enfrentados, se fortalecieran con el ascenso de la econom\u00eda mundial y se prepararan para la disputa por el poder cuando creyeran conveniente.<\/p>\n\n\n\n<p><strong>Contexto y debates<\/strong><\/p>\n\n\n\n<p>Los procesos donde triunfaron las uniones progresistas derrotando a gobiernos neoliberales o reaccionarios en Am\u00e9rica Latina, fueron precedidos por gigantescas puebladas o rebeliones populares. El pueblo dej\u00f3 decenas de muertos, encarcelados y heridos en cada lucha.<\/p>\n\n\n\n<p>Pero la crisis pol\u00edtica termin\u00f3 siendo ingobernable, dando paso a desenlaces electorales donde fueron desplazados inaugurando nuevas etapas donde se recuperaron derechos y conquistaron otros, pero el pueblo no pudo imponerse en las decisiones fundamentales, aquellas que respectan a la matriz econ\u00f3mica y social de un pa\u00eds, lo que llev\u00f3 a que la dependencia se mantuviera con otros actores o se profundizara, los due\u00f1os de los resortes econ\u00f3micos mantuvieran su poder, sin democratizar las FFAA, la justicia y los medios de comunicaci\u00f3n.<\/p>\n\n\n\n<p>En todos los casos \u201cse trat\u00f3 de gobernar\u201d algunos dando m\u00e1s derechos a los sectores populares y otros menos, pero la mayor\u00eda sin ir a fondo con las medidas estrat\u00e9gicas.<\/p>\n\n\n\n<p>Esto posibilit\u00f3 que m\u00e1s temprano que tarde esas fuerzas reaccionarias en el poder real forjaran desde los medios de comunicaci\u00f3n una corriente en el pueblo enfrentada al llamado \u201cpopulismo\u201d encarnado en el peronismo, m\u00e1s a\u00fan en el kirchnerismo, en definitiva contra aquellas fuerzas que defienden la intervenci\u00f3n del Estado como regulador y administrador de la cosa p\u00fablica por sobre el mercado.<\/p>\n\n\n\n<p>Se lo relacion\u00f3 con la corrupci\u00f3n, el despilfarro, \u201csostenedor de pobres\u201d, pero no para lograr la verdad y que el pueblo avance, sino para llevar mayores divisiones y grietas para que avancen y se consoliden las ideas reaccionarias que mostraron cuando nuevamente conquistaron el gobierno.<\/p>\n\n\n\n<p><strong>Ense\u00f1anzas fundamentales<\/strong><\/p>\n\n\n\n<p>Recordando el Argentinazo hay quienes se apartan de aquellas jornadas como un camino v\u00e1lido porque el pueblo dej\u00f3 decenas de muertos en el pa\u00eds.<\/p>\n\n\n\n<p>No reparan que, si bien es un camino que el pueblo no busca ni quiere, es empujado por los sectores y gobiernos que avanzan con el ajuste y la entrega, <strong>y frente a eso la acci\u00f3n del pueblo en las calles es en defensa propia, <\/strong><strong>pero la experiencia indica que si solo se queda all\u00ed estar\u00e1 condenado a perder en esa pulseada fundamental.<\/strong><\/p>\n\n\n\n<p>Frente a esto se puede rehuir la lucha, \u201camoldarse\u201d y tratar de gobernar bajo sus condiciones, <strong>y el ejemplo del proceso y gobierno del Frente de Todos es muy claro<\/strong>, ya que los sectores que hegemonizan el frente y el gobierno <strong>aceptaron ese \u201ccamino minado\u201d<\/strong> con recortes y ajustes del FMI y los due\u00f1os del poder, esos a los que se beneficia con el d\u00f3lar soja, o desestabilizan, condenan y proscriben a la vice presidenta desde el v\u00e9rtice mismo de la justicia con la Corte Suprema violando de manera mafiosa los otros poderes del Estado. <strong>Estas son las reglas de juego que imponen esos due\u00f1os del poder cuando no se los enfrenta y se aparta del pueblo.<\/strong><\/p>\n\n\n<div class=\"wp-block-image\">\n<figure class=\"aligncenter size-large is-resized\"><img data-recalc-dims=\"1\" loading=\"lazy\" decoding=\"async\" src=\"https:\/\/i0.wp.com\/vamosporlaliberacion.org\/crpmlm\/wp-content\/uploads\/2022\/10\/cristinaAlbertoMassa.jpg?resize=528%2C292\" alt=\"\" class=\"wp-image-26007\" width=\"528\" height=\"292\" srcset=\"https:\/\/i0.wp.com\/vamosporlaliberacion.org\/crpmlm\/wp-content\/uploads\/2022\/10\/cristinaAlbertoMassa.jpg?resize=150%2C84&amp;ssl=1 150w, https:\/\/i0.wp.com\/vamosporlaliberacion.org\/crpmlm\/wp-content\/uploads\/2022\/10\/cristinaAlbertoMassa.jpg?resize=696%2C385&amp;ssl=1 696w\" sizes=\"auto, (max-width: 528px) 100vw, 528px\" \/><\/figure>\n<\/div>\n\n\n<p><strong>Se los dej\u00f3 llegar muy lejos<\/strong> <strong>en el control de la econom\u00eda, la justicia y la comunicaci\u00f3n.<\/strong> Elementos fundamentales para imponer como nunca las reglas de juego.<\/p>\n\n\n\n<p>Se les permiti\u00f3 generar una cultura donde los pobres e inmigrantes son el problema, donde las vacunas y medidas sanitarias en una pandemia hist\u00f3rica son el problema. Donde alguien puede reivindicar a la dictadura y el fascismo en medios masivos de comunicaci\u00f3n pero el gobierno mantiene las millonarias pautas (5.000 millones) a esos medios y no avanza porque \u201catentar\u00eda\u201d contra \u201clibertad de expresi\u00f3n\u201d. Con el mismo criterio se cedi\u00f3 a la presi\u00f3n de la derecha para que la selecci\u00f3n de futbol no se mostrara en la Casa Rosada o con el presidente porque eso \u201ces hacer uso de la selecci\u00f3n nacional\u201d, quedando en los hechos atr\u00e1s de Videla y Alfons\u00edn. <strong>Nada se hizo con el intento de magnicidio a la vicepresidenta como si eso fuera la acci\u00f3n de dos loquitos sueltos<\/strong>, lo mismo con la reuni\u00f3n en Lago Escondido organizada por Clar\u00edn con presencia de jueces, fiscales, servicios, ministros y empresarios para conspirar. Ahora la Corte Suprema ratifica la condena a 13 a\u00f1os de prisi\u00f3n a Milagro Sala sin que el presidente enfrente a la Corte y gobierno de Jujuy y haga uso del indulto presidencial. <strong>Se ha retrocedido tanto que se gobierna para ellos!!<\/strong><\/p>\n\n\n\n<figure class=\"wp-block-gallery has-nested-images columns-default is-cropped wp-block-gallery-2 is-layout-flex wp-block-gallery-is-layout-flex\">\n<figure class=\"wp-block-image size-large\"><img data-recalc-dims=\"1\" loading=\"lazy\" decoding=\"async\" width=\"696\" height=\"391\" data-id=\"26336\" src=\"https:\/\/i0.wp.com\/vamosporlaliberacion.org\/crpmlm\/wp-content\/uploads\/2022\/12\/seleccion2-700x393.jpg?resize=696%2C391\" alt=\"\" class=\"wp-image-26336\" srcset=\"https:\/\/i0.wp.com\/vamosporlaliberacion.org\/crpmlm\/wp-content\/uploads\/2022\/12\/seleccion2.jpg?resize=700%2C393&amp;ssl=1 700w, https:\/\/i0.wp.com\/vamosporlaliberacion.org\/crpmlm\/wp-content\/uploads\/2022\/12\/seleccion2.jpg?resize=300%2C168&amp;ssl=1 300w, https:\/\/i0.wp.com\/vamosporlaliberacion.org\/crpmlm\/wp-content\/uploads\/2022\/12\/seleccion2.jpg?resize=768%2C431&amp;ssl=1 768w, https:\/\/i0.wp.com\/vamosporlaliberacion.org\/crpmlm\/wp-content\/uploads\/2022\/12\/seleccion2.jpg?resize=150%2C84&amp;ssl=1 150w, https:\/\/i0.wp.com\/vamosporlaliberacion.org\/crpmlm\/wp-content\/uploads\/2022\/12\/seleccion2.jpg?resize=696%2C391&amp;ssl=1 696w, https:\/\/i0.wp.com\/vamosporlaliberacion.org\/crpmlm\/wp-content\/uploads\/2022\/12\/seleccion2.jpg?resize=749%2C420&amp;ssl=1 749w, https:\/\/i0.wp.com\/vamosporlaliberacion.org\/crpmlm\/wp-content\/uploads\/2022\/12\/seleccion2.jpg?w=1023&amp;ssl=1 1023w\" sizes=\"auto, (max-width: 696px) 100vw, 696px\" \/><\/figure>\n\n\n\n<figure class=\"wp-block-image size-large\"><img data-recalc-dims=\"1\" loading=\"lazy\" decoding=\"async\" width=\"696\" height=\"454\" data-id=\"26335\" src=\"https:\/\/i0.wp.com\/vamosporlaliberacion.org\/crpmlm\/wp-content\/uploads\/2022\/12\/seleccion1-700x457.jpg?resize=696%2C454\" alt=\"\" class=\"wp-image-26335\" srcset=\"https:\/\/i0.wp.com\/vamosporlaliberacion.org\/crpmlm\/wp-content\/uploads\/2022\/12\/seleccion1.jpg?resize=700%2C457&amp;ssl=1 700w, https:\/\/i0.wp.com\/vamosporlaliberacion.org\/crpmlm\/wp-content\/uploads\/2022\/12\/seleccion1.jpg?resize=300%2C196&amp;ssl=1 300w, https:\/\/i0.wp.com\/vamosporlaliberacion.org\/crpmlm\/wp-content\/uploads\/2022\/12\/seleccion1.jpg?resize=768%2C502&amp;ssl=1 768w, https:\/\/i0.wp.com\/vamosporlaliberacion.org\/crpmlm\/wp-content\/uploads\/2022\/12\/seleccion1.jpg?resize=150%2C98&amp;ssl=1 150w, https:\/\/i0.wp.com\/vamosporlaliberacion.org\/crpmlm\/wp-content\/uploads\/2022\/12\/seleccion1.jpg?resize=696%2C455&amp;ssl=1 696w, https:\/\/i0.wp.com\/vamosporlaliberacion.org\/crpmlm\/wp-content\/uploads\/2022\/12\/seleccion1.jpg?resize=643%2C420&amp;ssl=1 643w, https:\/\/i0.wp.com\/vamosporlaliberacion.org\/crpmlm\/wp-content\/uploads\/2022\/12\/seleccion1.jpg?w=980&amp;ssl=1 980w\" sizes=\"auto, (max-width: 696px) 100vw, 696px\" \/><\/figure>\n<figcaption class=\"blocks-gallery-caption wp-element-caption\">Caravana de la Selecci\u00f3n Argentina campeona del mundo 2022<\/figcaption><\/figure>\n\n\n\n<p><strong>La otra es prepararse para enfrentar y ganar<\/strong><strong>. Y es precisamente en los periodos de resistencia, de defensiva, donde se preparan aquellxs que estar\u00e1n en la primera fila de la contraofensiva popular<\/strong> integrando las vanguardias y militancia dispuestos a llegar hasta el final. La lucha ejerce el poder de confrontar y pasar en limpio lo aprendido e incorporar nuevas ense\u00f1anzas.<\/p>\n\n\n\n<p>Aun en avances por caminos relativamente pac\u00edficos como las elecciones hay que aplicar las ense\u00f1anzas que nos muestra sin tapujos lo equivocado (y hasta criminal) <strong>de<\/strong> <strong>ver como un \u201cpunto de llegada\u201d el triunfo de los frentes pol\u00edticos progresistas heterog\u00e9neos. <\/strong>Por el contrario, si realmente se comprende la estructura heterog\u00e9nea y d\u00e9bil de esas unidades pol\u00edticas, el pueblo debe aprovecharlas para hacerse m\u00e1s fuerte conquistando derechos, pero son los sectores revolucionarios, democr\u00e1ticos y antiimperialistas en su seno <strong>los que lo deben hacer avanzar en la lucha para imponer decisiones m\u00e1s de fondo, que no es otra cosa que ir sobre los intereses del poder real,<\/strong> avanzando hacia un cambio de matriz econ\u00f3mica, cultural, soberano, de liberaci\u00f3n\u2026 <strong>y eso nunca ser\u00e1 por las buenas!<\/strong><\/p>\n\n\n\n<h1 class=\"wp-block-heading\">Aquellos fuegos del 19 y 20<\/h1>\n\n\n\n<p>Muchas y muchos militantes populares sab\u00edamos que ven\u00eda algo grande.&nbsp;<\/p>\n\n\n\n<p>Sab\u00edamos&nbsp;principalmente porque lo subjetivo se mostraba m\u00e1s palpable que nunca, mucho m\u00e1s cercano que otras veces.&nbsp;<\/p>\n\n\n\n<p>Lo sent\u00edamos en la piel y en los d\u00edas de adrenalina.&nbsp;Sent\u00edamos&nbsp;que pod\u00edamos tomar el cielo por asalto. Lo&nbsp;ve\u00edamos&nbsp;en los piquetes, cacerolazos, marchas y conmovedoras luchas como la de las y los trabajadorxs de las f\u00e1bricas recuperadas. Los ejemplos de solidaridad de clases de sectores que se encuentran cuando la reacci\u00f3n somete a un pueblo digno se multiplicaban y conmov\u00edan.<\/p>\n\n\n\n<p>Algo grande se aproximaba porque la objetividad de la crisis econ\u00f3mica y social nos sepultaba. Lo sab\u00edamos. Lo padec\u00edamos porque ve\u00edamos sufrir y arrodillarse a\u00fan a los m\u00e1s valientes. Lo llor\u00e1bamos porque mor\u00edan 53 chicxs por d\u00eda. Porque cerraban las f\u00e1bricas. Porque reinaba el hambre y porque el corralito atrap\u00f3 millones de aquellxs que fueron guardando pesitos de toda una vida y una vez m\u00e1s \u00e9ramos prisioneros en el gran corral del FMI.<\/p>\n\n\n\n<p>Pero fuimos dignos&nbsp;y m\u00e1s j\u00f3venes, nos sent\u00edamos vitales con toda la fuerza, porque no hab\u00edan podido con el pueblo\u2026no hab\u00edan podido.&nbsp;<\/p>\n\n\n\n<p>Y nos levantamos, dijimos hasta ac\u00e1, no va m\u00e1s\u2026se acab\u00f3!&nbsp;y no fue la suerte de acciones espont\u00e1neas\u2026no.&nbsp;&nbsp;Hab\u00eda conciencia y organizaci\u00f3n de muchxs que la ven\u00edan remando, y a esto como siempre sucede se sum\u00f3 ese espontaneidad vigorosa, creativa y harta.&nbsp;<\/p>\n\n\n\n<figure class=\"wp-block-gallery has-nested-images columns-default is-cropped wp-block-gallery-3 is-layout-flex wp-block-gallery-is-layout-flex\">\n<figure class=\"wp-block-image size-large\"><img data-recalc-dims=\"1\" loading=\"lazy\" decoding=\"async\" width=\"696\" height=\"454\" data-id=\"26327\" src=\"https:\/\/i0.wp.com\/vamosporlaliberacion.org\/crpmlm\/wp-content\/uploads\/2022\/12\/argentinazo-7-700x457.jpg?resize=696%2C454\" alt=\"\" class=\"wp-image-26327\" srcset=\"https:\/\/i0.wp.com\/vamosporlaliberacion.org\/crpmlm\/wp-content\/uploads\/2022\/12\/argentinazo-7.jpg?resize=700%2C457&amp;ssl=1 700w, https:\/\/i0.wp.com\/vamosporlaliberacion.org\/crpmlm\/wp-content\/uploads\/2022\/12\/argentinazo-7.jpg?resize=300%2C196&amp;ssl=1 300w, https:\/\/i0.wp.com\/vamosporlaliberacion.org\/crpmlm\/wp-content\/uploads\/2022\/12\/argentinazo-7.jpg?resize=768%2C502&amp;ssl=1 768w, https:\/\/i0.wp.com\/vamosporlaliberacion.org\/crpmlm\/wp-content\/uploads\/2022\/12\/argentinazo-7.jpg?resize=150%2C98&amp;ssl=1 150w, https:\/\/i0.wp.com\/vamosporlaliberacion.org\/crpmlm\/wp-content\/uploads\/2022\/12\/argentinazo-7.jpg?resize=696%2C455&amp;ssl=1 696w, https:\/\/i0.wp.com\/vamosporlaliberacion.org\/crpmlm\/wp-content\/uploads\/2022\/12\/argentinazo-7.jpg?resize=643%2C420&amp;ssl=1 643w, https:\/\/i0.wp.com\/vamosporlaliberacion.org\/crpmlm\/wp-content\/uploads\/2022\/12\/argentinazo-7.jpg?w=980&amp;ssl=1 980w\" sizes=\"auto, (max-width: 696px) 100vw, 696px\" \/><\/figure>\n\n\n\n<figure class=\"wp-block-image size-large\"><img data-recalc-dims=\"1\" loading=\"lazy\" decoding=\"async\" width=\"696\" height=\"483\" data-id=\"26328\" src=\"https:\/\/i0.wp.com\/vamosporlaliberacion.org\/crpmlm\/wp-content\/uploads\/2022\/12\/argentinazo-6-700x486.jpg?resize=696%2C483\" alt=\"\" class=\"wp-image-26328\" srcset=\"https:\/\/i0.wp.com\/vamosporlaliberacion.org\/crpmlm\/wp-content\/uploads\/2022\/12\/argentinazo-6.jpg?resize=700%2C486&amp;ssl=1 700w, https:\/\/i0.wp.com\/vamosporlaliberacion.org\/crpmlm\/wp-content\/uploads\/2022\/12\/argentinazo-6.jpg?resize=300%2C208&amp;ssl=1 300w, https:\/\/i0.wp.com\/vamosporlaliberacion.org\/crpmlm\/wp-content\/uploads\/2022\/12\/argentinazo-6.jpg?resize=768%2C533&amp;ssl=1 768w, https:\/\/i0.wp.com\/vamosporlaliberacion.org\/crpmlm\/wp-content\/uploads\/2022\/12\/argentinazo-6.jpg?resize=150%2C104&amp;ssl=1 150w, https:\/\/i0.wp.com\/vamosporlaliberacion.org\/crpmlm\/wp-content\/uploads\/2022\/12\/argentinazo-6.jpg?resize=218%2C150&amp;ssl=1 218w, https:\/\/i0.wp.com\/vamosporlaliberacion.org\/crpmlm\/wp-content\/uploads\/2022\/12\/argentinazo-6.jpg?resize=696%2C483&amp;ssl=1 696w, https:\/\/i0.wp.com\/vamosporlaliberacion.org\/crpmlm\/wp-content\/uploads\/2022\/12\/argentinazo-6.jpg?resize=605%2C420&amp;ssl=1 605w, https:\/\/i0.wp.com\/vamosporlaliberacion.org\/crpmlm\/wp-content\/uploads\/2022\/12\/argentinazo-6.jpg?resize=100%2C70&amp;ssl=1 100w, https:\/\/i0.wp.com\/vamosporlaliberacion.org\/crpmlm\/wp-content\/uploads\/2022\/12\/argentinazo-6.jpg?w=800&amp;ssl=1 800w\" sizes=\"auto, (max-width: 696px) 100vw, 696px\" \/><\/figure>\n\n\n\n<figure class=\"wp-block-image size-large\"><img data-recalc-dims=\"1\" loading=\"lazy\" decoding=\"async\" width=\"640\" height=\"362\" data-id=\"24787\" src=\"https:\/\/i0.wp.com\/vamosporlaliberacion.org\/crpmlm\/wp-content\/uploads\/2021\/12\/conmemoracionArgentinazo2021-2.jpeg?resize=640%2C362\" alt=\"\" class=\"wp-image-24787\" srcset=\"https:\/\/i0.wp.com\/vamosporlaliberacion.org\/crpmlm\/wp-content\/uploads\/2021\/12\/conmemoracionArgentinazo2021-2.jpeg?w=640&amp;ssl=1 640w, https:\/\/i0.wp.com\/vamosporlaliberacion.org\/crpmlm\/wp-content\/uploads\/2021\/12\/conmemoracionArgentinazo2021-2.jpeg?resize=300%2C170&amp;ssl=1 300w, https:\/\/i0.wp.com\/vamosporlaliberacion.org\/crpmlm\/wp-content\/uploads\/2021\/12\/conmemoracionArgentinazo2021-2.jpeg?resize=150%2C85&amp;ssl=1 150w\" sizes=\"auto, (max-width: 640px) 100vw, 640px\" \/><\/figure>\n\n\n\n<figure class=\"wp-block-image size-large\"><img data-recalc-dims=\"1\" loading=\"lazy\" decoding=\"async\" width=\"696\" height=\"470\" data-id=\"24778\" src=\"https:\/\/i0.wp.com\/vamosporlaliberacion.org\/crpmlm\/wp-content\/uploads\/2021\/12\/argentinazo2001-2-700x473.jpeg?resize=696%2C470\" alt=\"\" class=\"wp-image-24778\" srcset=\"https:\/\/i0.wp.com\/vamosporlaliberacion.org\/crpmlm\/wp-content\/uploads\/2021\/12\/argentinazo2001-2.jpeg?resize=700%2C473&amp;ssl=1 700w, https:\/\/i0.wp.com\/vamosporlaliberacion.org\/crpmlm\/wp-content\/uploads\/2021\/12\/argentinazo2001-2.jpeg?resize=300%2C203&amp;ssl=1 300w, https:\/\/i0.wp.com\/vamosporlaliberacion.org\/crpmlm\/wp-content\/uploads\/2021\/12\/argentinazo2001-2.jpeg?resize=768%2C518&amp;ssl=1 768w, https:\/\/i0.wp.com\/vamosporlaliberacion.org\/crpmlm\/wp-content\/uploads\/2021\/12\/argentinazo2001-2.jpeg?resize=150%2C101&amp;ssl=1 150w, https:\/\/i0.wp.com\/vamosporlaliberacion.org\/crpmlm\/wp-content\/uploads\/2021\/12\/argentinazo2001-2.jpeg?resize=696%2C470&amp;ssl=1 696w, https:\/\/i0.wp.com\/vamosporlaliberacion.org\/crpmlm\/wp-content\/uploads\/2021\/12\/argentinazo2001-2.jpeg?resize=622%2C420&amp;ssl=1 622w, https:\/\/i0.wp.com\/vamosporlaliberacion.org\/crpmlm\/wp-content\/uploads\/2021\/12\/argentinazo2001-2.jpeg?w=840&amp;ssl=1 840w\" sizes=\"auto, (max-width: 696px) 100vw, 696px\" \/><\/figure>\n<\/figure>\n\n\n\n<p>Ven\u00edamos del insulto de De La R\u00faa que afirmaba por cadena nacional lo bueno \u201cque es dar buenas noticias\u201d cuando cerraron el acuerdo (\u201cblindaje\u201d) con el FMI, y a los pocos d\u00edas nos remachaba por cadena nacional el Estado de Sitio.&nbsp;Pero este fue el verdadero combustible para poner en marcha un motor caliente que ven\u00eda bramando.&nbsp;Un motor que se alimentaba de los \u201ctanques\u201d de las puebladas del interior de nuestro pa\u00eds porque hab\u00edan destruido el federalismo, y as\u00ed fue que un pueblo hambriento pero digno&nbsp;se lanz\u00f3 como un derrame gigantesco, una masa viscosa sobre las ciudades y el propio centro del poder pol\u00edtico nacional.<\/p>\n\n\n\n<p>As\u00ed arranc\u00f3 aquella noche del&nbsp;19 de diciembre. As\u00ed arrancaron miles que llegamos a la plaza de mayo y hasta la vereda misma de la Casa Rosada.&nbsp;<\/p>\n\n\n\n<p>Les pibes de los barrios m\u00e1s combativos del conurbano se preparaban para entrar en acci\u00f3n en la capital aquel 20 de diciembre. Muchos de ellxs no pudieron llegar porque tuvieron que replegarse y resistir en los barrios que hab\u00edan sido militarizados aquella madruga y los persegu\u00edan y disparaban con balas de plomo. Los primeros muertos fueron del 19 a la noche.<\/p>\n\n\n\n<p>Esa noche gloriosa nadie durmi\u00f3 porque la adrenalina estaba en ebullici\u00f3n y hab\u00eda que pertrecharse para el otro d\u00eda. Los estudiantes bramaban y transmit\u00edan a sus amistades y compa\u00f1erxs la necesidad de no perderse estas oportunidades que da cada tanto la vida.&nbsp;<\/p>\n\n\n\n<figure class=\"wp-block-gallery has-nested-images columns-default is-cropped wp-block-gallery-4 is-layout-flex wp-block-gallery-is-layout-flex\">\n<figure class=\"wp-block-image size-large\"><img data-recalc-dims=\"1\" loading=\"lazy\" decoding=\"async\" width=\"696\" height=\"448\" data-id=\"26325\" src=\"https:\/\/i0.wp.com\/vamosporlaliberacion.org\/crpmlm\/wp-content\/uploads\/2022\/12\/argentinazo-4-700x451.jpg?resize=696%2C448\" alt=\"\" class=\"wp-image-26325\" srcset=\"https:\/\/i0.wp.com\/vamosporlaliberacion.org\/crpmlm\/wp-content\/uploads\/2022\/12\/argentinazo-4.jpg?resize=700%2C451&amp;ssl=1 700w, https:\/\/i0.wp.com\/vamosporlaliberacion.org\/crpmlm\/wp-content\/uploads\/2022\/12\/argentinazo-4.jpg?resize=300%2C193&amp;ssl=1 300w, https:\/\/i0.wp.com\/vamosporlaliberacion.org\/crpmlm\/wp-content\/uploads\/2022\/12\/argentinazo-4.jpg?resize=768%2C494&amp;ssl=1 768w, https:\/\/i0.wp.com\/vamosporlaliberacion.org\/crpmlm\/wp-content\/uploads\/2022\/12\/argentinazo-4.jpg?resize=150%2C97&amp;ssl=1 150w, https:\/\/i0.wp.com\/vamosporlaliberacion.org\/crpmlm\/wp-content\/uploads\/2022\/12\/argentinazo-4.jpg?resize=696%2C448&amp;ssl=1 696w, https:\/\/i0.wp.com\/vamosporlaliberacion.org\/crpmlm\/wp-content\/uploads\/2022\/12\/argentinazo-4.jpg?resize=652%2C420&amp;ssl=1 652w, https:\/\/i0.wp.com\/vamosporlaliberacion.org\/crpmlm\/wp-content\/uploads\/2022\/12\/argentinazo-4.jpg?w=800&amp;ssl=1 800w\" sizes=\"auto, (max-width: 696px) 100vw, 696px\" \/><\/figure>\n\n\n\n<figure class=\"wp-block-image size-large\"><img data-recalc-dims=\"1\" loading=\"lazy\" decoding=\"async\" width=\"696\" height=\"465\" data-id=\"26326\" src=\"https:\/\/i0.wp.com\/vamosporlaliberacion.org\/crpmlm\/wp-content\/uploads\/2022\/12\/argentinazo-3-700x468.jpg?resize=696%2C465\" alt=\"\" class=\"wp-image-26326\" srcset=\"https:\/\/i0.wp.com\/vamosporlaliberacion.org\/crpmlm\/wp-content\/uploads\/2022\/12\/argentinazo-3.jpg?resize=700%2C468&amp;ssl=1 700w, https:\/\/i0.wp.com\/vamosporlaliberacion.org\/crpmlm\/wp-content\/uploads\/2022\/12\/argentinazo-3.jpg?resize=300%2C200&amp;ssl=1 300w, https:\/\/i0.wp.com\/vamosporlaliberacion.org\/crpmlm\/wp-content\/uploads\/2022\/12\/argentinazo-3.jpg?resize=150%2C100&amp;ssl=1 150w, https:\/\/i0.wp.com\/vamosporlaliberacion.org\/crpmlm\/wp-content\/uploads\/2022\/12\/argentinazo-3.jpg?resize=696%2C465&amp;ssl=1 696w, https:\/\/i0.wp.com\/vamosporlaliberacion.org\/crpmlm\/wp-content\/uploads\/2022\/12\/argentinazo-3.jpg?resize=629%2C420&amp;ssl=1 629w, https:\/\/i0.wp.com\/vamosporlaliberacion.org\/crpmlm\/wp-content\/uploads\/2022\/12\/argentinazo-3.jpg?w=768&amp;ssl=1 768w\" sizes=\"auto, (max-width: 696px) 100vw, 696px\" \/><\/figure>\n\n\n\n<figure class=\"wp-block-image size-large\"><img data-recalc-dims=\"1\" loading=\"lazy\" decoding=\"async\" width=\"696\" height=\"392\" data-id=\"26331\" src=\"https:\/\/i0.wp.com\/vamosporlaliberacion.org\/crpmlm\/wp-content\/uploads\/2022\/12\/argentinazo-8-700x394.jpg?resize=696%2C392\" alt=\"\" class=\"wp-image-26331\" srcset=\"https:\/\/i0.wp.com\/vamosporlaliberacion.org\/crpmlm\/wp-content\/uploads\/2022\/12\/argentinazo-8.jpg?resize=700%2C394&amp;ssl=1 700w, https:\/\/i0.wp.com\/vamosporlaliberacion.org\/crpmlm\/wp-content\/uploads\/2022\/12\/argentinazo-8.jpg?resize=300%2C169&amp;ssl=1 300w, https:\/\/i0.wp.com\/vamosporlaliberacion.org\/crpmlm\/wp-content\/uploads\/2022\/12\/argentinazo-8.jpg?resize=768%2C432&amp;ssl=1 768w, https:\/\/i0.wp.com\/vamosporlaliberacion.org\/crpmlm\/wp-content\/uploads\/2022\/12\/argentinazo-8.jpg?resize=150%2C84&amp;ssl=1 150w, https:\/\/i0.wp.com\/vamosporlaliberacion.org\/crpmlm\/wp-content\/uploads\/2022\/12\/argentinazo-8.jpg?resize=696%2C392&amp;ssl=1 696w, https:\/\/i0.wp.com\/vamosporlaliberacion.org\/crpmlm\/wp-content\/uploads\/2022\/12\/argentinazo-8.jpg?resize=747%2C420&amp;ssl=1 747w, https:\/\/i0.wp.com\/vamosporlaliberacion.org\/crpmlm\/wp-content\/uploads\/2022\/12\/argentinazo-8.jpg?w=800&amp;ssl=1 800w\" sizes=\"auto, (max-width: 696px) 100vw, 696px\" \/><\/figure>\n<\/figure>\n\n\n\n<p>Esa noche se combati\u00f3 en la plaza de mayo, el Congreso y ciudades del interior.&nbsp;La militancia no dorm\u00eda\u2026no pod\u00eda.&nbsp;Esta enorme gesta popular hab\u00eda parido una nueva generaci\u00f3n de j\u00f3venes.<\/p>\n\n\n\n<p>Las Madres de Plaza de Mayo mostraban donde hab\u00eda que estar el 20 de diciembre\u2026justamente all\u00ed poniendo el pecho desde temprano a los caballos, gases, balas de goma y de plomo de la infanter\u00eda en la hist\u00f3rica plaza.<\/p>\n\n\n\n<p>Los 39 m\u00e1rtires de esas jornadas son los que nos marcaron hasta donde hab\u00eda que llegar y cu\u00e1les eran nuestras limitaciones.&nbsp;<\/p>\n\n\n<div class=\"wp-block-image\">\n<figure class=\"aligncenter size-large is-resized\"><img data-recalc-dims=\"1\" loading=\"lazy\" decoding=\"async\" src=\"https:\/\/i0.wp.com\/vamosporlaliberacion.org\/crpmlm\/wp-content\/uploads\/2022\/12\/argentinazo-5-700x394.jpg?resize=581%2C327\" alt=\"\" class=\"wp-image-26329\" width=\"581\" height=\"327\" srcset=\"https:\/\/i0.wp.com\/vamosporlaliberacion.org\/crpmlm\/wp-content\/uploads\/2022\/12\/argentinazo-5.jpg?resize=700%2C394&amp;ssl=1 700w, https:\/\/i0.wp.com\/vamosporlaliberacion.org\/crpmlm\/wp-content\/uploads\/2022\/12\/argentinazo-5.jpg?resize=300%2C169&amp;ssl=1 300w, https:\/\/i0.wp.com\/vamosporlaliberacion.org\/crpmlm\/wp-content\/uploads\/2022\/12\/argentinazo-5.jpg?resize=768%2C432&amp;ssl=1 768w, https:\/\/i0.wp.com\/vamosporlaliberacion.org\/crpmlm\/wp-content\/uploads\/2022\/12\/argentinazo-5.jpg?resize=150%2C84&amp;ssl=1 150w, https:\/\/i0.wp.com\/vamosporlaliberacion.org\/crpmlm\/wp-content\/uploads\/2022\/12\/argentinazo-5.jpg?resize=696%2C392&amp;ssl=1 696w, https:\/\/i0.wp.com\/vamosporlaliberacion.org\/crpmlm\/wp-content\/uploads\/2022\/12\/argentinazo-5.jpg?resize=747%2C420&amp;ssl=1 747w, https:\/\/i0.wp.com\/vamosporlaliberacion.org\/crpmlm\/wp-content\/uploads\/2022\/12\/argentinazo-5.jpg?w=800&amp;ssl=1 800w\" sizes=\"auto, (max-width: 581px) 100vw, 581px\" \/><figcaption class=\"wp-element-caption\">Fern\u00e1ndo de la R\u00faa Abandona el gobierno en helicoptero<\/figcaption><\/figure>\n<\/div>\n\n\n<p>Fue una impronta popular como debe ser, porosa, variopinta\u2026una correntada brava de un r\u00edo que busca su cauce que arrastra a su paso nada de uniformidad, con piedras, palos y ramas, con mezcla de agua clara y quieta con aquellas torrentosas y hasta peligrosas.<\/p>\n\n\n\n<p>Pero esa gesta fue la que logr\u00f3 terminar con un gobierno antipopular. El pueblo no pudo imponerse, pero abri\u00f3 un camino y nos dio miles de elementos para pensar y aprender.&nbsp;<\/p>\n\n\n\n<h3 class=\"wp-block-heading\"><strong>\u00a1Que grandiosos fueron esos d\u00edas de diciembre!<\/strong><\/h3>\n<!-- AddThis Advanced Settings generic via filter on the_content --><!-- AddThis Share Buttons generic via filter on the_content -->","protected":false},"excerpt":{"rendered":"<p>Un camino vigente para romper con la opresi\u00f3n y la dependencia. Conocemos, por m\u00faltiples relatos (que pondremos en los links debajo de la nota) de los d\u00edas previos y las jornadas del 19 y 20 de aquel 2001. Pero siempre es importante abundar en la g\u00e9nesis y las ense\u00f1anzas de esos d\u00edas, a\u00f1os y meses [&hellip;]<!-- AddThis Advanced Settings generic via filter on get_the_excerpt --><!-- AddThis Share Buttons generic via filter on get_the_excerpt --><\/p>\n","protected":false},"author":9,"featured_media":26322,"comment_status":"closed","ping_status":"closed","sticky":false,"template":"","format":"standard","meta":{"_jetpack_memberships_contains_paid_content":false,"footnotes":""},"categories":[1881],"tags":[],"class_list":{"0":"post-26321","1":"post","2":"type-post","3":"status-publish","4":"format-standard","5":"has-post-thumbnail","7":"category-editoriales"},"yoast_head":"<!-- This site is optimized with the Yoast SEO plugin v27.4 - https:\/\/yoast.com\/product\/yoast-seo-wordpress\/ -->\n<title>A 21 a\u00f1os del \u00a1ARGENTINAZO! de diciembre de 2001 - Vamos por la Liberaci\u00f3n<\/title>\n<meta name=\"robots\" content=\"index, follow, max-snippet:-1, max-image-preview:large, max-video-preview:-1\" \/>\n<link rel=\"canonical\" href=\"http:\/\/vamosporlaliberacion.org\/crpmlm\/20-12-2001-20-12-2022-a-21-anos-del-argentinazo\/\" \/>\n<meta name=\"twitter:label1\" content=\"Escrito por\" \/>\n\t<meta name=\"twitter:data1\" content=\"Prensa Vamos\" \/>\n\t<meta name=\"twitter:label2\" content=\"Tiempo de lectura\" \/>\n\t<meta name=\"twitter:data2\" content=\"14 minutos\" \/>\n<script type=\"application\/ld+json\" class=\"yoast-schema-graph\">{\"@context\":\"https:\\\/\\\/schema.org\",\"@graph\":[{\"@type\":\"Article\",\"@id\":\"http:\\\/\\\/vamosporlaliberacion.org\\\/crpmlm\\\/20-12-2001-20-12-2022-a-21-anos-del-argentinazo\\\/#article\",\"isPartOf\":{\"@id\":\"http:\\\/\\\/vamosporlaliberacion.org\\\/crpmlm\\\/20-12-2001-20-12-2022-a-21-anos-del-argentinazo\\\/\"},\"author\":{\"name\":\"Prensa Vamos\",\"@id\":\"https:\\\/\\\/vamosporlaliberacion.org\\\/crpmlm\\\/#\\\/schema\\\/person\\\/ebdbd4bf0e9418b9f0c0a93395366b2f\"},\"headline\":\"A 21 a\u00f1os del \u00a1ARGENTINAZO! de diciembre de 2001\",\"datePublished\":\"2022-12-20T21:11:06+00:00\",\"dateModified\":\"2022-12-20T21:31:56+00:00\",\"mainEntityOfPage\":{\"@id\":\"http:\\\/\\\/vamosporlaliberacion.org\\\/crpmlm\\\/20-12-2001-20-12-2022-a-21-anos-del-argentinazo\\\/\"},\"wordCount\":2599,\"image\":{\"@id\":\"http:\\\/\\\/vamosporlaliberacion.org\\\/crpmlm\\\/20-12-2001-20-12-2022-a-21-anos-del-argentinazo\\\/#primaryimage\"},\"thumbnailUrl\":\"https:\\\/\\\/i0.wp.com\\\/vamosporlaliberacion.org\\\/crpmlm\\\/wp-content\\\/uploads\\\/2022\\\/12\\\/argentinazo-1.jpg?fit=700%2C352&ssl=1\",\"articleSection\":[\"Editoriales\"],\"inLanguage\":\"es\"},{\"@type\":\"WebPage\",\"@id\":\"http:\\\/\\\/vamosporlaliberacion.org\\\/crpmlm\\\/20-12-2001-20-12-2022-a-21-anos-del-argentinazo\\\/\",\"url\":\"http:\\\/\\\/vamosporlaliberacion.org\\\/crpmlm\\\/20-12-2001-20-12-2022-a-21-anos-del-argentinazo\\\/\",\"name\":\"A 21 a\u00f1os del \u00a1ARGENTINAZO! de diciembre de 2001 - Vamos por la Liberaci\u00f3n\",\"isPartOf\":{\"@id\":\"https:\\\/\\\/vamosporlaliberacion.org\\\/crpmlm\\\/#website\"},\"primaryImageOfPage\":{\"@id\":\"http:\\\/\\\/vamosporlaliberacion.org\\\/crpmlm\\\/20-12-2001-20-12-2022-a-21-anos-del-argentinazo\\\/#primaryimage\"},\"image\":{\"@id\":\"http:\\\/\\\/vamosporlaliberacion.org\\\/crpmlm\\\/20-12-2001-20-12-2022-a-21-anos-del-argentinazo\\\/#primaryimage\"},\"thumbnailUrl\":\"https:\\\/\\\/i0.wp.com\\\/vamosporlaliberacion.org\\\/crpmlm\\\/wp-content\\\/uploads\\\/2022\\\/12\\\/argentinazo-1.jpg?fit=700%2C352&ssl=1\",\"datePublished\":\"2022-12-20T21:11:06+00:00\",\"dateModified\":\"2022-12-20T21:31:56+00:00\",\"author\":{\"@id\":\"https:\\\/\\\/vamosporlaliberacion.org\\\/crpmlm\\\/#\\\/schema\\\/person\\\/ebdbd4bf0e9418b9f0c0a93395366b2f\"},\"breadcrumb\":{\"@id\":\"http:\\\/\\\/vamosporlaliberacion.org\\\/crpmlm\\\/20-12-2001-20-12-2022-a-21-anos-del-argentinazo\\\/#breadcrumb\"},\"inLanguage\":\"es\",\"potentialAction\":[{\"@type\":\"ReadAction\",\"target\":[\"http:\\\/\\\/vamosporlaliberacion.org\\\/crpmlm\\\/20-12-2001-20-12-2022-a-21-anos-del-argentinazo\\\/\"]}]},{\"@type\":\"ImageObject\",\"inLanguage\":\"es\",\"@id\":\"http:\\\/\\\/vamosporlaliberacion.org\\\/crpmlm\\\/20-12-2001-20-12-2022-a-21-anos-del-argentinazo\\\/#primaryimage\",\"url\":\"https:\\\/\\\/i0.wp.com\\\/vamosporlaliberacion.org\\\/crpmlm\\\/wp-content\\\/uploads\\\/2022\\\/12\\\/argentinazo-1.jpg?fit=700%2C352&ssl=1\",\"contentUrl\":\"https:\\\/\\\/i0.wp.com\\\/vamosporlaliberacion.org\\\/crpmlm\\\/wp-content\\\/uploads\\\/2022\\\/12\\\/argentinazo-1.jpg?fit=700%2C352&ssl=1\",\"width\":700,\"height\":352},{\"@type\":\"BreadcrumbList\",\"@id\":\"http:\\\/\\\/vamosporlaliberacion.org\\\/crpmlm\\\/20-12-2001-20-12-2022-a-21-anos-del-argentinazo\\\/#breadcrumb\",\"itemListElement\":[{\"@type\":\"ListItem\",\"position\":1,\"name\":\"Portada\",\"item\":\"https:\\\/\\\/vamosporlaliberacion.org\\\/crpmlm\\\/\"},{\"@type\":\"ListItem\",\"position\":2,\"name\":\"A 21 a\u00f1os del \u00a1ARGENTINAZO! de diciembre de 2001\"}]},{\"@type\":\"WebSite\",\"@id\":\"https:\\\/\\\/vamosporlaliberacion.org\\\/crpmlm\\\/#website\",\"url\":\"https:\\\/\\\/vamosporlaliberacion.org\\\/crpmlm\\\/\",\"name\":\"Vamos por la Liberaci\u00f3n\",\"description\":\"Prensa CR\",\"potentialAction\":[{\"@type\":\"SearchAction\",\"target\":{\"@type\":\"EntryPoint\",\"urlTemplate\":\"https:\\\/\\\/vamosporlaliberacion.org\\\/crpmlm\\\/?s={search_term_string}\"},\"query-input\":{\"@type\":\"PropertyValueSpecification\",\"valueRequired\":true,\"valueName\":\"search_term_string\"}}],\"inLanguage\":\"es\"},{\"@type\":\"Person\",\"@id\":\"https:\\\/\\\/vamosporlaliberacion.org\\\/crpmlm\\\/#\\\/schema\\\/person\\\/ebdbd4bf0e9418b9f0c0a93395366b2f\",\"name\":\"Prensa Vamos\",\"sameAs\":[\"http:\\\/\\\/vamposporlaliberacion.org\"],\"url\":\"http:\\\/\\\/vamosporlaliberacion.org\\\/crpmlm\\\/author\\\/editor\\\/\"}]}<\/script>\n<!-- \/ Yoast SEO plugin. -->","yoast_head_json":{"title":"A 21 a\u00f1os del \u00a1ARGENTINAZO! de diciembre de 2001 - Vamos por la Liberaci\u00f3n","robots":{"index":"index","follow":"follow","max-snippet":"max-snippet:-1","max-image-preview":"max-image-preview:large","max-video-preview":"max-video-preview:-1"},"canonical":"http:\/\/vamosporlaliberacion.org\/crpmlm\/20-12-2001-20-12-2022-a-21-anos-del-argentinazo\/","twitter_misc":{"Escrito por":"Prensa Vamos","Tiempo de lectura":"14 minutos"},"schema":{"@context":"https:\/\/schema.org","@graph":[{"@type":"Article","@id":"http:\/\/vamosporlaliberacion.org\/crpmlm\/20-12-2001-20-12-2022-a-21-anos-del-argentinazo\/#article","isPartOf":{"@id":"http:\/\/vamosporlaliberacion.org\/crpmlm\/20-12-2001-20-12-2022-a-21-anos-del-argentinazo\/"},"author":{"name":"Prensa Vamos","@id":"https:\/\/vamosporlaliberacion.org\/crpmlm\/#\/schema\/person\/ebdbd4bf0e9418b9f0c0a93395366b2f"},"headline":"A 21 a\u00f1os del \u00a1ARGENTINAZO! de diciembre de 2001","datePublished":"2022-12-20T21:11:06+00:00","dateModified":"2022-12-20T21:31:56+00:00","mainEntityOfPage":{"@id":"http:\/\/vamosporlaliberacion.org\/crpmlm\/20-12-2001-20-12-2022-a-21-anos-del-argentinazo\/"},"wordCount":2599,"image":{"@id":"http:\/\/vamosporlaliberacion.org\/crpmlm\/20-12-2001-20-12-2022-a-21-anos-del-argentinazo\/#primaryimage"},"thumbnailUrl":"https:\/\/i0.wp.com\/vamosporlaliberacion.org\/crpmlm\/wp-content\/uploads\/2022\/12\/argentinazo-1.jpg?fit=700%2C352&ssl=1","articleSection":["Editoriales"],"inLanguage":"es"},{"@type":"WebPage","@id":"http:\/\/vamosporlaliberacion.org\/crpmlm\/20-12-2001-20-12-2022-a-21-anos-del-argentinazo\/","url":"http:\/\/vamosporlaliberacion.org\/crpmlm\/20-12-2001-20-12-2022-a-21-anos-del-argentinazo\/","name":"A 21 a\u00f1os del \u00a1ARGENTINAZO! de diciembre de 2001 - Vamos por la Liberaci\u00f3n","isPartOf":{"@id":"https:\/\/vamosporlaliberacion.org\/crpmlm\/#website"},"primaryImageOfPage":{"@id":"http:\/\/vamosporlaliberacion.org\/crpmlm\/20-12-2001-20-12-2022-a-21-anos-del-argentinazo\/#primaryimage"},"image":{"@id":"http:\/\/vamosporlaliberacion.org\/crpmlm\/20-12-2001-20-12-2022-a-21-anos-del-argentinazo\/#primaryimage"},"thumbnailUrl":"https:\/\/i0.wp.com\/vamosporlaliberacion.org\/crpmlm\/wp-content\/uploads\/2022\/12\/argentinazo-1.jpg?fit=700%2C352&ssl=1","datePublished":"2022-12-20T21:11:06+00:00","dateModified":"2022-12-20T21:31:56+00:00","author":{"@id":"https:\/\/vamosporlaliberacion.org\/crpmlm\/#\/schema\/person\/ebdbd4bf0e9418b9f0c0a93395366b2f"},"breadcrumb":{"@id":"http:\/\/vamosporlaliberacion.org\/crpmlm\/20-12-2001-20-12-2022-a-21-anos-del-argentinazo\/#breadcrumb"},"inLanguage":"es","potentialAction":[{"@type":"ReadAction","target":["http:\/\/vamosporlaliberacion.org\/crpmlm\/20-12-2001-20-12-2022-a-21-anos-del-argentinazo\/"]}]},{"@type":"ImageObject","inLanguage":"es","@id":"http:\/\/vamosporlaliberacion.org\/crpmlm\/20-12-2001-20-12-2022-a-21-anos-del-argentinazo\/#primaryimage","url":"https:\/\/i0.wp.com\/vamosporlaliberacion.org\/crpmlm\/wp-content\/uploads\/2022\/12\/argentinazo-1.jpg?fit=700%2C352&ssl=1","contentUrl":"https:\/\/i0.wp.com\/vamosporlaliberacion.org\/crpmlm\/wp-content\/uploads\/2022\/12\/argentinazo-1.jpg?fit=700%2C352&ssl=1","width":700,"height":352},{"@type":"BreadcrumbList","@id":"http:\/\/vamosporlaliberacion.org\/crpmlm\/20-12-2001-20-12-2022-a-21-anos-del-argentinazo\/#breadcrumb","itemListElement":[{"@type":"ListItem","position":1,"name":"Portada","item":"https:\/\/vamosporlaliberacion.org\/crpmlm\/"},{"@type":"ListItem","position":2,"name":"A 21 a\u00f1os del \u00a1ARGENTINAZO! de diciembre de 2001"}]},{"@type":"WebSite","@id":"https:\/\/vamosporlaliberacion.org\/crpmlm\/#website","url":"https:\/\/vamosporlaliberacion.org\/crpmlm\/","name":"Vamos por la Liberaci\u00f3n","description":"Prensa CR","potentialAction":[{"@type":"SearchAction","target":{"@type":"EntryPoint","urlTemplate":"https:\/\/vamosporlaliberacion.org\/crpmlm\/?s={search_term_string}"},"query-input":{"@type":"PropertyValueSpecification","valueRequired":true,"valueName":"search_term_string"}}],"inLanguage":"es"},{"@type":"Person","@id":"https:\/\/vamosporlaliberacion.org\/crpmlm\/#\/schema\/person\/ebdbd4bf0e9418b9f0c0a93395366b2f","name":"Prensa Vamos","sameAs":["http:\/\/vamposporlaliberacion.org"],"url":"http:\/\/vamosporlaliberacion.org\/crpmlm\/author\/editor\/"}]}},"jetpack_featured_media_url":"https:\/\/i0.wp.com\/vamosporlaliberacion.org\/crpmlm\/wp-content\/uploads\/2022\/12\/argentinazo-1.jpg?fit=700%2C352&ssl=1","jetpack_sharing_enabled":true,"_links":{"self":[{"href":"http:\/\/vamosporlaliberacion.org\/crpmlm\/wp-json\/wp\/v2\/posts\/26321","targetHints":{"allow":["GET"]}}],"collection":[{"href":"http:\/\/vamosporlaliberacion.org\/crpmlm\/wp-json\/wp\/v2\/posts"}],"about":[{"href":"http:\/\/vamosporlaliberacion.org\/crpmlm\/wp-json\/wp\/v2\/types\/post"}],"author":[{"embeddable":true,"href":"http:\/\/vamosporlaliberacion.org\/crpmlm\/wp-json\/wp\/v2\/users\/9"}],"replies":[{"embeddable":true,"href":"http:\/\/vamosporlaliberacion.org\/crpmlm\/wp-json\/wp\/v2\/comments?post=26321"}],"version-history":[{"count":4,"href":"http:\/\/vamosporlaliberacion.org\/crpmlm\/wp-json\/wp\/v2\/posts\/26321\/revisions"}],"predecessor-version":[{"id":26341,"href":"http:\/\/vamosporlaliberacion.org\/crpmlm\/wp-json\/wp\/v2\/posts\/26321\/revisions\/26341"}],"wp:featuredmedia":[{"embeddable":true,"href":"http:\/\/vamosporlaliberacion.org\/crpmlm\/wp-json\/wp\/v2\/media\/26322"}],"wp:attachment":[{"href":"http:\/\/vamosporlaliberacion.org\/crpmlm\/wp-json\/wp\/v2\/media?parent=26321"}],"wp:term":[{"taxonomy":"category","embeddable":true,"href":"http:\/\/vamosporlaliberacion.org\/crpmlm\/wp-json\/wp\/v2\/categories?post=26321"},{"taxonomy":"post_tag","embeddable":true,"href":"http:\/\/vamosporlaliberacion.org\/crpmlm\/wp-json\/wp\/v2\/tags?post=26321"}],"curies":[{"name":"wp","href":"https:\/\/api.w.org\/{rel}","templated":true}]}}