{"id":26232,"date":"2022-12-07T18:04:46","date_gmt":"2022-12-07T21:04:46","guid":{"rendered":"http:\/\/vamosporlaliberacion.org\/crpmlm\/?p=26232"},"modified":"2022-12-07T18:04:55","modified_gmt":"2022-12-07T21:04:55","slug":"de-la-resistencia-a-la-contraofensiva-popular-basta-de-retroceder","status":"publish","type":"post","link":"http:\/\/vamosporlaliberacion.org\/crpmlm\/de-la-resistencia-a-la-contraofensiva-popular-basta-de-retroceder\/","title":{"rendered":"De la resistencia a la contraofensiva popular! <br>Basta de retroceder!"},"content":{"rendered":"\n<h3 class=\"wp-block-heading\">El d\u00eda despu\u00e9s<\/h3>\n\n\n\n<p><span style=\"color: initial;\">En la conferencia de prensa del Frente de Todos en el Congreso, se describe una verdad incontrastable en cuanto a la situaci\u00f3n creada respecto al fallo condenatorio a la vice presidenta y el accionar de una justicia mafiosa que no investiga el intento de magnicidio a la vicepresidenta, entrelazada con empresarios, funcionarios, servicios de inteligencia y el poder medi\u00e1tico como muestra el esc\u00e1ndalo de la reuni\u00f3n \u201cclandestina\u201d en Lago Escondido, constituyendo un verdadero \u201cEstado paralelo\u201d (o la muestra impune de aquellos sectores que ostentan el poder real del Estado).<\/span><\/p>\n\n\n\n<p>Frente a esta descripci\u00f3n de la realidad, lxs legisladores se limitaron al relato duro y certero\u2026.y hacer la denuncia\u2026en la justicia. Nada de movilizar, claro.<br>As\u00ed, se habla, cuestiona y se se\u00f1ala a esa mafia que hoy controla la justicia, pero no se recurre para estos casos a la militancia y al pueblo despu\u00e9s de haber mostrado la capacidad de movilizaci\u00f3n en actos recientes, por el contrario, se acatan los fallos viciados de nulidad y cargados de intencionalidad f\u00e1ctica con el solo objetivo de proscribir a Cristina Kirchner y aleccionar a todxs aquellos que desaf\u00eden el poder concentrado.<br>Ayer fue un oscuro d\u00eda de derrota en manos de Magneto y otros \u201cdue\u00f1os del poder\u201d en el pa\u00eds.<\/p>\n\n\n<div class=\"wp-block-image\">\n<figure class=\"aligncenter size-large is-resized\"><img data-recalc-dims=\"1\" loading=\"lazy\" decoding=\"async\" src=\"https:\/\/i0.wp.com\/vamosporlaliberacion.org\/crpmlm\/wp-content\/uploads\/2022\/12\/FB_IMG_1670446103051-700x393.jpg?resize=285%2C159\" alt=\"\" class=\"wp-image-26235\" width=\"285\" height=\"159\" srcset=\"https:\/\/i0.wp.com\/vamosporlaliberacion.org\/crpmlm\/wp-content\/uploads\/2022\/12\/FB_IMG_1670446103051.jpg?resize=700%2C393&amp;ssl=1 700w, https:\/\/i0.wp.com\/vamosporlaliberacion.org\/crpmlm\/wp-content\/uploads\/2022\/12\/FB_IMG_1670446103051.jpg?resize=300%2C168&amp;ssl=1 300w, https:\/\/i0.wp.com\/vamosporlaliberacion.org\/crpmlm\/wp-content\/uploads\/2022\/12\/FB_IMG_1670446103051.jpg?resize=768%2C431&amp;ssl=1 768w, https:\/\/i0.wp.com\/vamosporlaliberacion.org\/crpmlm\/wp-content\/uploads\/2022\/12\/FB_IMG_1670446103051.jpg?resize=150%2C84&amp;ssl=1 150w, https:\/\/i0.wp.com\/vamosporlaliberacion.org\/crpmlm\/wp-content\/uploads\/2022\/12\/FB_IMG_1670446103051.jpg?resize=696%2C385&amp;ssl=1 696w, https:\/\/i0.wp.com\/vamosporlaliberacion.org\/crpmlm\/wp-content\/uploads\/2022\/12\/FB_IMG_1670446103051.jpg?resize=1068%2C599&amp;ssl=1 1068w, https:\/\/i0.wp.com\/vamosporlaliberacion.org\/crpmlm\/wp-content\/uploads\/2022\/12\/FB_IMG_1670446103051.jpg?resize=749%2C420&amp;ssl=1 749w, https:\/\/i0.wp.com\/vamosporlaliberacion.org\/crpmlm\/wp-content\/uploads\/2022\/12\/FB_IMG_1670446103051.jpg?w=1080&amp;ssl=1 1080w\" sizes=\"auto, (max-width: 285px) 100vw, 285px\" \/><\/figure>\n<\/div>\n\n\n<p>\u00bfNo se registra (o no se quiere registrar) que en el d\u00eda de ayer hubo un quiebre en la pol\u00edtica, donde se conden\u00f3 y proscribi\u00f3 a la vice presidenta en ejercicio, constituyendo un hecho hist\u00f3rico?.<br>Hay dirigentes, legisladores y funcionarios que se siguen moviendo como si eso no hubiera existido, esta a otro ritmo\u2026en tiempos pasados.<\/p>\n\n\n\n<p>\u00bfSi no se desconf\u00eda y no se le teme al pueblo en las calles, porque no se impulsa la movilizaci\u00f3n popular? \u00bfPorque no golpean la mesa y convocan al debate y llenan de certezas a la militancia que no puede digerir el d\u00eda de la derrota en manos de los due\u00f1os del poder? \u00bfLe temen a la autocr\u00edtica de porque est\u00e1s mafias llegaron tan lejos? , bueno, \u201cp\u00f3nganse a tiro\u201d, reflexionen y hagan autocr\u00edtica que no ser\u00eda otra cosa que dejar seguir adelante a los que decididamente optan por enfrentar y est\u00e1n dispuestos a dejar el cuero si hace falta!<br>O creen que la pibada cuando canta \u201cac\u00e1 ten\u00e9s los pibxs para la liberaci\u00f3n\u2026\u201d lo dice en joda?<br>Basta de ret\u00f3rica dura y acciones d\u00e9biles!!<\/p>\n\n\n<div class=\"wp-block-image\">\n<figure class=\"aligncenter size-full is-resized\"><img data-recalc-dims=\"1\" loading=\"lazy\" decoding=\"async\" src=\"https:\/\/i0.wp.com\/vamosporlaliberacion.org\/crpmlm\/wp-content\/uploads\/2022\/12\/FB_IMG_1670446096110.jpg?resize=274%2C154\" alt=\"\" class=\"wp-image-26236\" width=\"274\" height=\"154\" srcset=\"https:\/\/i0.wp.com\/vamosporlaliberacion.org\/crpmlm\/wp-content\/uploads\/2022\/12\/FB_IMG_1670446096110.jpg?w=608&amp;ssl=1 608w, https:\/\/i0.wp.com\/vamosporlaliberacion.org\/crpmlm\/wp-content\/uploads\/2022\/12\/FB_IMG_1670446096110.jpg?resize=300%2C168&amp;ssl=1 300w, https:\/\/i0.wp.com\/vamosporlaliberacion.org\/crpmlm\/wp-content\/uploads\/2022\/12\/FB_IMG_1670446096110.jpg?resize=150%2C84&amp;ssl=1 150w\" sizes=\"auto, (max-width: 274px) 100vw, 274px\" \/><\/figure>\n<\/div>\n\n\n<p>La derrota comenz\u00f3 cuando estos due\u00f1os del poder impusieron la impunidad, dej\u00e1ndo que la \u201cjusticia se auto depure\u201d como supo decir el presidente, dejando que la corrupci\u00f3n de Vicentin saliera ganando, que el FMI siga y digite la econom\u00eda.<br>Quiz\u00e1s su pasividad y desmovilizaci\u00f3n sea el reconocimiento de que es muy jodido conmover a un pueblo para que sea protagonista en el terreno de la superestructura democr\u00e1tica, mientras su propio gobierno lo castiga en la base econ\u00f3mica con el 100% de inflaci\u00f3n, 40% de pobreza, mayor diferencias sociales, recorte de planes sociales y ajuste en todos los ministerios, mientras se concede con \u201cdolar soja\u201d o la bicicleta financiera para que sigan ganando de manera obscena los monopolios, terratenientes y bancos.<br>El pueblo todo lo ve y ya se manifest\u00f3 en el 2021. No lo subestimen!<\/p>\n\n\n\n<p>Los que se quieran quedar solo en el \u201crelato duro\u201d, est\u00e1n en su derecho pero los que sabemos que a estas mafias del poder se las derrota si se las enfrenta \u201ca la plebeya\u201d sin tantos cuidados (como ellos carecen) debemos encontrarnos y prepararnos.<br>Necesitamos que no se retroceda mas! porque de esa manera nos arrastran a ver a los verdugos como gigantes porque estaremos de rodillas.<\/p>\n\n\n\n<p>Por el contrario, nunca como ahora es tiempo de la acci\u00f3n militante, que interpele, se organice y movilice para levantar al pueblo y llenarlo de certezas.<br>Para estar dispuesto a enfrentarlos en las buenas y en las malas que es a la que nos empujan porque no van a ceder su poder.<br>Para desconocer a esa justicia mafiosa, paraestatal, patriarcal y golpista.<br>Para exigir e imponer con el pueblo en las calles que vayan en cana esos funcionarios p\u00fablicos, servicios y empresarios.<br>Para sacarle la pauta publicitaria de miles de millones de pesos a Clar\u00edn y otros medios golpistas.<br>Para derogar los decretos de Macri contra la Ley de medios.<\/p>\n\n\n<div class=\"wp-block-image\">\n<figure class=\"aligncenter size-large is-resized\"><img data-recalc-dims=\"1\" loading=\"lazy\" decoding=\"async\" src=\"https:\/\/i0.wp.com\/vamosporlaliberacion.org\/crpmlm\/wp-content\/uploads\/2022\/12\/FB_IMG_1670446107591-700x393.jpg?resize=274%2C153\" alt=\"\" class=\"wp-image-26234\" width=\"274\" height=\"153\" srcset=\"https:\/\/i0.wp.com\/vamosporlaliberacion.org\/crpmlm\/wp-content\/uploads\/2022\/12\/FB_IMG_1670446107591.jpg?resize=700%2C393&amp;ssl=1 700w, https:\/\/i0.wp.com\/vamosporlaliberacion.org\/crpmlm\/wp-content\/uploads\/2022\/12\/FB_IMG_1670446107591.jpg?resize=300%2C168&amp;ssl=1 300w, https:\/\/i0.wp.com\/vamosporlaliberacion.org\/crpmlm\/wp-content\/uploads\/2022\/12\/FB_IMG_1670446107591.jpg?resize=150%2C84&amp;ssl=1 150w, https:\/\/i0.wp.com\/vamosporlaliberacion.org\/crpmlm\/wp-content\/uploads\/2022\/12\/FB_IMG_1670446107591.jpg?resize=696%2C385&amp;ssl=1 696w, https:\/\/i0.wp.com\/vamosporlaliberacion.org\/crpmlm\/wp-content\/uploads\/2022\/12\/FB_IMG_1670446107591.jpg?w=720&amp;ssl=1 720w\" sizes=\"auto, (max-width: 274px) 100vw, 274px\" \/><\/figure>\n<\/div>\n\n\n<p>Cuando la realidad indica que vienen por todo, por la industria nacional, los r\u00edos y reservas naturales, la justicia, las libertades y los derechos conquistados, es la se\u00f1al de que con la resistencia no alcanza.<br>Es la se\u00f1al de qu\u00e9 hay que pasar a la contraofensiva popular con lo que m\u00e1s le duele: el pueblo en las calles y un programa soberano.<\/p>\n\n\n\n<h3 class=\"wp-block-heading\">Basta de retroceder!!<\/h3>\n<!-- AddThis Advanced Settings generic via filter on the_content --><!-- AddThis Share Buttons generic via filter on the_content -->","protected":false},"excerpt":{"rendered":"<p>El d\u00eda despu\u00e9s En la conferencia de prensa del Frente de Todos en el Congreso, se describe una verdad incontrastable en cuanto a la situaci\u00f3n creada respecto al fallo condenatorio a la vice presidenta y el accionar de una justicia mafiosa que no investiga el intento de magnicidio a la vicepresidenta, entrelazada con empresarios, funcionarios, [&hellip;]<!-- AddThis Advanced Settings generic via filter on get_the_excerpt --><!-- AddThis Share Buttons generic via filter on get_the_excerpt --><\/p>\n","protected":false},"author":9,"featured_media":26233,"comment_status":"closed","ping_status":"closed","sticky":false,"template":"","format":"standard","meta":{"_jetpack_memberships_contains_paid_content":false,"footnotes":""},"categories":[1881],"tags":[],"class_list":{"0":"post-26232","1":"post","2":"type-post","3":"status-publish","4":"format-standard","5":"has-post-thumbnail","7":"category-editoriales"},"yoast_head":"<!-- This site is optimized with the Yoast SEO plugin v27.4 - https:\/\/yoast.com\/product\/yoast-seo-wordpress\/ -->\n<title>De la resistencia a la contraofensiva popular! Basta de retroceder! - Vamos por la Liberaci\u00f3n<\/title>\n<meta name=\"robots\" content=\"index, follow, max-snippet:-1, max-image-preview:large, max-video-preview:-1\" \/>\n<link rel=\"canonical\" href=\"http:\/\/vamosporlaliberacion.org\/crpmlm\/de-la-resistencia-a-la-contraofensiva-popular-basta-de-retroceder\/\" \/>\n<meta name=\"twitter:label1\" content=\"Escrito por\" \/>\n\t<meta name=\"twitter:data1\" content=\"Prensa Vamos\" \/>\n\t<meta name=\"twitter:label2\" content=\"Tiempo de lectura\" \/>\n\t<meta name=\"twitter:data2\" content=\"5 minutos\" \/>\n<script type=\"application\/ld+json\" class=\"yoast-schema-graph\">{\"@context\":\"https:\\\/\\\/schema.org\",\"@graph\":[{\"@type\":\"Article\",\"@id\":\"http:\\\/\\\/vamosporlaliberacion.org\\\/crpmlm\\\/de-la-resistencia-a-la-contraofensiva-popular-basta-de-retroceder\\\/#article\",\"isPartOf\":{\"@id\":\"http:\\\/\\\/vamosporlaliberacion.org\\\/crpmlm\\\/de-la-resistencia-a-la-contraofensiva-popular-basta-de-retroceder\\\/\"},\"author\":{\"name\":\"Prensa Vamos\",\"@id\":\"https:\\\/\\\/vamosporlaliberacion.org\\\/crpmlm\\\/#\\\/schema\\\/person\\\/ebdbd4bf0e9418b9f0c0a93395366b2f\"},\"headline\":\"De la resistencia a la contraofensiva popular! Basta de retroceder!\",\"datePublished\":\"2022-12-07T21:04:46+00:00\",\"dateModified\":\"2022-12-07T21:04:55+00:00\",\"mainEntityOfPage\":{\"@id\":\"http:\\\/\\\/vamosporlaliberacion.org\\\/crpmlm\\\/de-la-resistencia-a-la-contraofensiva-popular-basta-de-retroceder\\\/\"},\"wordCount\":825,\"image\":{\"@id\":\"http:\\\/\\\/vamosporlaliberacion.org\\\/crpmlm\\\/de-la-resistencia-a-la-contraofensiva-popular-basta-de-retroceder\\\/#primaryimage\"},\"thumbnailUrl\":\"https:\\\/\\\/i0.wp.com\\\/vamosporlaliberacion.org\\\/crpmlm\\\/wp-content\\\/uploads\\\/2022\\\/12\\\/FB_IMG_1670446091724.jpg?fit=300%2C168&ssl=1\",\"articleSection\":[\"Editoriales\"],\"inLanguage\":\"es\"},{\"@type\":\"WebPage\",\"@id\":\"http:\\\/\\\/vamosporlaliberacion.org\\\/crpmlm\\\/de-la-resistencia-a-la-contraofensiva-popular-basta-de-retroceder\\\/\",\"url\":\"http:\\\/\\\/vamosporlaliberacion.org\\\/crpmlm\\\/de-la-resistencia-a-la-contraofensiva-popular-basta-de-retroceder\\\/\",\"name\":\"De la resistencia a la contraofensiva popular! Basta de retroceder! - Vamos por la Liberaci\u00f3n\",\"isPartOf\":{\"@id\":\"https:\\\/\\\/vamosporlaliberacion.org\\\/crpmlm\\\/#website\"},\"primaryImageOfPage\":{\"@id\":\"http:\\\/\\\/vamosporlaliberacion.org\\\/crpmlm\\\/de-la-resistencia-a-la-contraofensiva-popular-basta-de-retroceder\\\/#primaryimage\"},\"image\":{\"@id\":\"http:\\\/\\\/vamosporlaliberacion.org\\\/crpmlm\\\/de-la-resistencia-a-la-contraofensiva-popular-basta-de-retroceder\\\/#primaryimage\"},\"thumbnailUrl\":\"https:\\\/\\\/i0.wp.com\\\/vamosporlaliberacion.org\\\/crpmlm\\\/wp-content\\\/uploads\\\/2022\\\/12\\\/FB_IMG_1670446091724.jpg?fit=300%2C168&ssl=1\",\"datePublished\":\"2022-12-07T21:04:46+00:00\",\"dateModified\":\"2022-12-07T21:04:55+00:00\",\"author\":{\"@id\":\"https:\\\/\\\/vamosporlaliberacion.org\\\/crpmlm\\\/#\\\/schema\\\/person\\\/ebdbd4bf0e9418b9f0c0a93395366b2f\"},\"breadcrumb\":{\"@id\":\"http:\\\/\\\/vamosporlaliberacion.org\\\/crpmlm\\\/de-la-resistencia-a-la-contraofensiva-popular-basta-de-retroceder\\\/#breadcrumb\"},\"inLanguage\":\"es\",\"potentialAction\":[{\"@type\":\"ReadAction\",\"target\":[\"http:\\\/\\\/vamosporlaliberacion.org\\\/crpmlm\\\/de-la-resistencia-a-la-contraofensiva-popular-basta-de-retroceder\\\/\"]}]},{\"@type\":\"ImageObject\",\"inLanguage\":\"es\",\"@id\":\"http:\\\/\\\/vamosporlaliberacion.org\\\/crpmlm\\\/de-la-resistencia-a-la-contraofensiva-popular-basta-de-retroceder\\\/#primaryimage\",\"url\":\"https:\\\/\\\/i0.wp.com\\\/vamosporlaliberacion.org\\\/crpmlm\\\/wp-content\\\/uploads\\\/2022\\\/12\\\/FB_IMG_1670446091724.jpg?fit=300%2C168&ssl=1\",\"contentUrl\":\"https:\\\/\\\/i0.wp.com\\\/vamosporlaliberacion.org\\\/crpmlm\\\/wp-content\\\/uploads\\\/2022\\\/12\\\/FB_IMG_1670446091724.jpg?fit=300%2C168&ssl=1\",\"width\":300,\"height\":168},{\"@type\":\"BreadcrumbList\",\"@id\":\"http:\\\/\\\/vamosporlaliberacion.org\\\/crpmlm\\\/de-la-resistencia-a-la-contraofensiva-popular-basta-de-retroceder\\\/#breadcrumb\",\"itemListElement\":[{\"@type\":\"ListItem\",\"position\":1,\"name\":\"Portada\",\"item\":\"https:\\\/\\\/vamosporlaliberacion.org\\\/crpmlm\\\/\"},{\"@type\":\"ListItem\",\"position\":2,\"name\":\"De la resistencia a la contraofensiva popular! Basta de retroceder!\"}]},{\"@type\":\"WebSite\",\"@id\":\"https:\\\/\\\/vamosporlaliberacion.org\\\/crpmlm\\\/#website\",\"url\":\"https:\\\/\\\/vamosporlaliberacion.org\\\/crpmlm\\\/\",\"name\":\"Vamos por la Liberaci\u00f3n\",\"description\":\"Prensa CR\",\"potentialAction\":[{\"@type\":\"SearchAction\",\"target\":{\"@type\":\"EntryPoint\",\"urlTemplate\":\"https:\\\/\\\/vamosporlaliberacion.org\\\/crpmlm\\\/?s={search_term_string}\"},\"query-input\":{\"@type\":\"PropertyValueSpecification\",\"valueRequired\":true,\"valueName\":\"search_term_string\"}}],\"inLanguage\":\"es\"},{\"@type\":\"Person\",\"@id\":\"https:\\\/\\\/vamosporlaliberacion.org\\\/crpmlm\\\/#\\\/schema\\\/person\\\/ebdbd4bf0e9418b9f0c0a93395366b2f\",\"name\":\"Prensa Vamos\",\"sameAs\":[\"http:\\\/\\\/vamposporlaliberacion.org\"],\"url\":\"http:\\\/\\\/vamosporlaliberacion.org\\\/crpmlm\\\/author\\\/editor\\\/\"}]}<\/script>\n<!-- \/ Yoast SEO plugin. -->","yoast_head_json":{"title":"De la resistencia a la contraofensiva popular! Basta de retroceder! - Vamos por la Liberaci\u00f3n","robots":{"index":"index","follow":"follow","max-snippet":"max-snippet:-1","max-image-preview":"max-image-preview:large","max-video-preview":"max-video-preview:-1"},"canonical":"http:\/\/vamosporlaliberacion.org\/crpmlm\/de-la-resistencia-a-la-contraofensiva-popular-basta-de-retroceder\/","twitter_misc":{"Escrito por":"Prensa Vamos","Tiempo de lectura":"5 minutos"},"schema":{"@context":"https:\/\/schema.org","@graph":[{"@type":"Article","@id":"http:\/\/vamosporlaliberacion.org\/crpmlm\/de-la-resistencia-a-la-contraofensiva-popular-basta-de-retroceder\/#article","isPartOf":{"@id":"http:\/\/vamosporlaliberacion.org\/crpmlm\/de-la-resistencia-a-la-contraofensiva-popular-basta-de-retroceder\/"},"author":{"name":"Prensa Vamos","@id":"https:\/\/vamosporlaliberacion.org\/crpmlm\/#\/schema\/person\/ebdbd4bf0e9418b9f0c0a93395366b2f"},"headline":"De la resistencia a la contraofensiva popular! Basta de retroceder!","datePublished":"2022-12-07T21:04:46+00:00","dateModified":"2022-12-07T21:04:55+00:00","mainEntityOfPage":{"@id":"http:\/\/vamosporlaliberacion.org\/crpmlm\/de-la-resistencia-a-la-contraofensiva-popular-basta-de-retroceder\/"},"wordCount":825,"image":{"@id":"http:\/\/vamosporlaliberacion.org\/crpmlm\/de-la-resistencia-a-la-contraofensiva-popular-basta-de-retroceder\/#primaryimage"},"thumbnailUrl":"https:\/\/i0.wp.com\/vamosporlaliberacion.org\/crpmlm\/wp-content\/uploads\/2022\/12\/FB_IMG_1670446091724.jpg?fit=300%2C168&ssl=1","articleSection":["Editoriales"],"inLanguage":"es"},{"@type":"WebPage","@id":"http:\/\/vamosporlaliberacion.org\/crpmlm\/de-la-resistencia-a-la-contraofensiva-popular-basta-de-retroceder\/","url":"http:\/\/vamosporlaliberacion.org\/crpmlm\/de-la-resistencia-a-la-contraofensiva-popular-basta-de-retroceder\/","name":"De la resistencia a la contraofensiva popular! Basta de retroceder! - Vamos por la Liberaci\u00f3n","isPartOf":{"@id":"https:\/\/vamosporlaliberacion.org\/crpmlm\/#website"},"primaryImageOfPage":{"@id":"http:\/\/vamosporlaliberacion.org\/crpmlm\/de-la-resistencia-a-la-contraofensiva-popular-basta-de-retroceder\/#primaryimage"},"image":{"@id":"http:\/\/vamosporlaliberacion.org\/crpmlm\/de-la-resistencia-a-la-contraofensiva-popular-basta-de-retroceder\/#primaryimage"},"thumbnailUrl":"https:\/\/i0.wp.com\/vamosporlaliberacion.org\/crpmlm\/wp-content\/uploads\/2022\/12\/FB_IMG_1670446091724.jpg?fit=300%2C168&ssl=1","datePublished":"2022-12-07T21:04:46+00:00","dateModified":"2022-12-07T21:04:55+00:00","author":{"@id":"https:\/\/vamosporlaliberacion.org\/crpmlm\/#\/schema\/person\/ebdbd4bf0e9418b9f0c0a93395366b2f"},"breadcrumb":{"@id":"http:\/\/vamosporlaliberacion.org\/crpmlm\/de-la-resistencia-a-la-contraofensiva-popular-basta-de-retroceder\/#breadcrumb"},"inLanguage":"es","potentialAction":[{"@type":"ReadAction","target":["http:\/\/vamosporlaliberacion.org\/crpmlm\/de-la-resistencia-a-la-contraofensiva-popular-basta-de-retroceder\/"]}]},{"@type":"ImageObject","inLanguage":"es","@id":"http:\/\/vamosporlaliberacion.org\/crpmlm\/de-la-resistencia-a-la-contraofensiva-popular-basta-de-retroceder\/#primaryimage","url":"https:\/\/i0.wp.com\/vamosporlaliberacion.org\/crpmlm\/wp-content\/uploads\/2022\/12\/FB_IMG_1670446091724.jpg?fit=300%2C168&ssl=1","contentUrl":"https:\/\/i0.wp.com\/vamosporlaliberacion.org\/crpmlm\/wp-content\/uploads\/2022\/12\/FB_IMG_1670446091724.jpg?fit=300%2C168&ssl=1","width":300,"height":168},{"@type":"BreadcrumbList","@id":"http:\/\/vamosporlaliberacion.org\/crpmlm\/de-la-resistencia-a-la-contraofensiva-popular-basta-de-retroceder\/#breadcrumb","itemListElement":[{"@type":"ListItem","position":1,"name":"Portada","item":"https:\/\/vamosporlaliberacion.org\/crpmlm\/"},{"@type":"ListItem","position":2,"name":"De la resistencia a la contraofensiva popular! Basta de retroceder!"}]},{"@type":"WebSite","@id":"https:\/\/vamosporlaliberacion.org\/crpmlm\/#website","url":"https:\/\/vamosporlaliberacion.org\/crpmlm\/","name":"Vamos por la Liberaci\u00f3n","description":"Prensa CR","potentialAction":[{"@type":"SearchAction","target":{"@type":"EntryPoint","urlTemplate":"https:\/\/vamosporlaliberacion.org\/crpmlm\/?s={search_term_string}"},"query-input":{"@type":"PropertyValueSpecification","valueRequired":true,"valueName":"search_term_string"}}],"inLanguage":"es"},{"@type":"Person","@id":"https:\/\/vamosporlaliberacion.org\/crpmlm\/#\/schema\/person\/ebdbd4bf0e9418b9f0c0a93395366b2f","name":"Prensa Vamos","sameAs":["http:\/\/vamposporlaliberacion.org"],"url":"http:\/\/vamosporlaliberacion.org\/crpmlm\/author\/editor\/"}]}},"jetpack_featured_media_url":"https:\/\/i0.wp.com\/vamosporlaliberacion.org\/crpmlm\/wp-content\/uploads\/2022\/12\/FB_IMG_1670446091724.jpg?fit=300%2C168&ssl=1","jetpack_sharing_enabled":true,"_links":{"self":[{"href":"http:\/\/vamosporlaliberacion.org\/crpmlm\/wp-json\/wp\/v2\/posts\/26232","targetHints":{"allow":["GET"]}}],"collection":[{"href":"http:\/\/vamosporlaliberacion.org\/crpmlm\/wp-json\/wp\/v2\/posts"}],"about":[{"href":"http:\/\/vamosporlaliberacion.org\/crpmlm\/wp-json\/wp\/v2\/types\/post"}],"author":[{"embeddable":true,"href":"http:\/\/vamosporlaliberacion.org\/crpmlm\/wp-json\/wp\/v2\/users\/9"}],"replies":[{"embeddable":true,"href":"http:\/\/vamosporlaliberacion.org\/crpmlm\/wp-json\/wp\/v2\/comments?post=26232"}],"version-history":[{"count":1,"href":"http:\/\/vamosporlaliberacion.org\/crpmlm\/wp-json\/wp\/v2\/posts\/26232\/revisions"}],"predecessor-version":[{"id":26237,"href":"http:\/\/vamosporlaliberacion.org\/crpmlm\/wp-json\/wp\/v2\/posts\/26232\/revisions\/26237"}],"wp:featuredmedia":[{"embeddable":true,"href":"http:\/\/vamosporlaliberacion.org\/crpmlm\/wp-json\/wp\/v2\/media\/26233"}],"wp:attachment":[{"href":"http:\/\/vamosporlaliberacion.org\/crpmlm\/wp-json\/wp\/v2\/media?parent=26232"}],"wp:term":[{"taxonomy":"category","embeddable":true,"href":"http:\/\/vamosporlaliberacion.org\/crpmlm\/wp-json\/wp\/v2\/categories?post=26232"},{"taxonomy":"post_tag","embeddable":true,"href":"http:\/\/vamosporlaliberacion.org\/crpmlm\/wp-json\/wp\/v2\/tags?post=26232"}],"curies":[{"name":"wp","href":"https:\/\/api.w.org\/{rel}","templated":true}]}}