{"id":25915,"date":"2022-09-29T11:35:31","date_gmt":"2022-09-29T14:35:31","guid":{"rendered":"http:\/\/vamosporlaliberacion.org\/crpmlm\/?p=25915"},"modified":"2022-09-29T12:37:07","modified_gmt":"2022-09-29T15:37:07","slug":"la-lucha-del-neumatico-desnuda-el-corazon-de-la-politica-economica","status":"publish","type":"post","link":"http:\/\/vamosporlaliberacion.org\/crpmlm\/la-lucha-del-neumatico-desnuda-el-corazon-de-la-politica-economica\/","title":{"rendered":"LA LUCHA DEL NEUM\u00c1TICO DESNUDA EL CORAZ\u00d3N DE LA POL\u00cdTICA ECON\u00d3MICA"},"content":{"rendered":"\n<h3 class=\"wp-block-heading\"><em>Inflaci\u00f3n, aumento de la tasa de ganancia de los monopolios, precarizaci\u00f3n y \u201cd\u00f3lar a medida\u201d<\/em><\/h3>\n\n\n\n<p>La pelea por el salario y condiciones de trabajo que llevan adelante los trabajadores del SUTNA pone de relieve dos cuestiones importantes: la pol\u00edtica de elevar la tasa de ganancia de las empresas y un Ministerio de Trabajo que se coloca del lado de las patronales a la hora de resolver conflictos duros como los que se empiezan a crear producto de una inflaci\u00f3n que se acerca r\u00e1pidamente a los tres d\u00edgitos.<\/p>\n\n\n\n<p>En medio de una sideral suba en los precios, que se ha dado desde el comienzo de la pandemia all\u00e1 por abril de 2020, se empuj\u00f3 la ideologizaci\u00f3n del conflicto, con origen desde las patronales, principalmente FATE y de los medios hegem\u00f3nicos, los cuales enfocaron a la lucha de los trabajadores como la que produjo la suba de precios y la falta de neum\u00e1ticos en el mercado, escas\u00e9s que seg\u00fan los mismos medios, podr\u00eda poner en peligro la fabricaci\u00f3n de autom\u00f3viles.<\/p>\n\n\n\n<p><strong>Este conflicto tiene la clara impronta de una l\u00ednea de las patronales del neum\u00e1tico de incrementar sus ganancias.<\/strong> Esto se ha expresado en la continuidad, luego de 120 d\u00edas, de una propuesta paritaria a la baja y la negativa a resolver 20 puntos sobre condiciones de trabajo y el punto que los trabajadores ponen de relevancia que tiene que ver con el pago de las horas de s\u00e1bados, domingos y feriados como marca la ley al 200%.<\/p>\n\n\n\n<p>Las empresas tienen una forma de trabajo de 6&#215;2 o 7&#215;2, trabajando seis y siete d\u00edas seguidos y descansando dos, en turnos rotativos. <strong>Esto implica que los francos rara vez caen los fines de semana.<\/strong> Por eso el pedido de reconocer las horas de fin de semana con lo que recibir\u00edan una mejora salarial del 15%, nada imposible para estos monopolios, <strong>ya que la diferencia del aumento de los neum\u00e1ticos con respecto a los salarios en los \u00faltimos a\u00f1os es de casi el 200% en contra del salario.<\/strong><\/p>\n\n\n\n<figure class=\"wp-block-gallery has-nested-images columns-default is-cropped wp-block-gallery-1 is-layout-flex wp-block-gallery-is-layout-flex\">\n<figure class=\"wp-block-image size-large\"><img data-recalc-dims=\"1\" loading=\"lazy\" decoding=\"async\" width=\"696\" height=\"522\" data-id=\"25920\" src=\"https:\/\/i0.wp.com\/vamosporlaliberacion.org\/crpmlm\/wp-content\/uploads\/2022\/09\/Bridgestone.jpg?resize=696%2C522\" alt=\"\" class=\"wp-image-25920\" srcset=\"https:\/\/i0.wp.com\/vamosporlaliberacion.org\/crpmlm\/wp-content\/uploads\/2022\/09\/Bridgestone.jpg?w=780&amp;ssl=1 780w, https:\/\/i0.wp.com\/vamosporlaliberacion.org\/crpmlm\/wp-content\/uploads\/2022\/09\/Bridgestone.jpg?resize=300%2C225&amp;ssl=1 300w, https:\/\/i0.wp.com\/vamosporlaliberacion.org\/crpmlm\/wp-content\/uploads\/2022\/09\/Bridgestone.jpg?resize=700%2C525&amp;ssl=1 700w, https:\/\/i0.wp.com\/vamosporlaliberacion.org\/crpmlm\/wp-content\/uploads\/2022\/09\/Bridgestone.jpg?resize=768%2C576&amp;ssl=1 768w, https:\/\/i0.wp.com\/vamosporlaliberacion.org\/crpmlm\/wp-content\/uploads\/2022\/09\/Bridgestone.jpg?resize=150%2C113&amp;ssl=1 150w, https:\/\/i0.wp.com\/vamosporlaliberacion.org\/crpmlm\/wp-content\/uploads\/2022\/09\/Bridgestone.jpg?resize=696%2C522&amp;ssl=1 696w, https:\/\/i0.wp.com\/vamosporlaliberacion.org\/crpmlm\/wp-content\/uploads\/2022\/09\/Bridgestone.jpg?resize=560%2C420&amp;ssl=1 560w, https:\/\/i0.wp.com\/vamosporlaliberacion.org\/crpmlm\/wp-content\/uploads\/2022\/09\/Bridgestone.jpg?resize=80%2C60&amp;ssl=1 80w, https:\/\/i0.wp.com\/vamosporlaliberacion.org\/crpmlm\/wp-content\/uploads\/2022\/09\/Bridgestone.jpg?resize=265%2C198&amp;ssl=1 265w\" sizes=\"auto, (max-width: 696px) 100vw, 696px\" \/><\/figure>\n\n\n\n<figure class=\"wp-block-image size-large\"><img data-recalc-dims=\"1\" loading=\"lazy\" decoding=\"async\" width=\"696\" height=\"392\" data-id=\"25917\" src=\"https:\/\/i0.wp.com\/vamosporlaliberacion.org\/crpmlm\/wp-content\/uploads\/2022\/09\/fate.jpg?resize=696%2C392\" alt=\"\" class=\"wp-image-25917\" srcset=\"https:\/\/i0.wp.com\/vamosporlaliberacion.org\/crpmlm\/wp-content\/uploads\/2022\/09\/fate.jpg?w=700&amp;ssl=1 700w, https:\/\/i0.wp.com\/vamosporlaliberacion.org\/crpmlm\/wp-content\/uploads\/2022\/09\/fate.jpg?resize=300%2C169&amp;ssl=1 300w, https:\/\/i0.wp.com\/vamosporlaliberacion.org\/crpmlm\/wp-content\/uploads\/2022\/09\/fate.jpg?resize=150%2C84&amp;ssl=1 150w, https:\/\/i0.wp.com\/vamosporlaliberacion.org\/crpmlm\/wp-content\/uploads\/2022\/09\/fate.jpg?resize=696%2C392&amp;ssl=1 696w\" sizes=\"auto, (max-width: 696px) 100vw, 696px\" \/><\/figure>\n\n\n\n<figure class=\"wp-block-image size-large\"><img data-recalc-dims=\"1\" loading=\"lazy\" decoding=\"async\" width=\"696\" height=\"392\" data-id=\"25922\" src=\"https:\/\/i0.wp.com\/vamosporlaliberacion.org\/crpmlm\/wp-content\/uploads\/2022\/09\/pirelli.jpg?resize=696%2C392\" alt=\"\" class=\"wp-image-25922\" srcset=\"https:\/\/i0.wp.com\/vamosporlaliberacion.org\/crpmlm\/wp-content\/uploads\/2022\/09\/pirelli.jpg?w=1200&amp;ssl=1 1200w, https:\/\/i0.wp.com\/vamosporlaliberacion.org\/crpmlm\/wp-content\/uploads\/2022\/09\/pirelli.jpg?resize=300%2C169&amp;ssl=1 300w, https:\/\/i0.wp.com\/vamosporlaliberacion.org\/crpmlm\/wp-content\/uploads\/2022\/09\/pirelli.jpg?resize=700%2C394&amp;ssl=1 700w, https:\/\/i0.wp.com\/vamosporlaliberacion.org\/crpmlm\/wp-content\/uploads\/2022\/09\/pirelli.jpg?resize=768%2C432&amp;ssl=1 768w, https:\/\/i0.wp.com\/vamosporlaliberacion.org\/crpmlm\/wp-content\/uploads\/2022\/09\/pirelli.jpg?resize=150%2C84&amp;ssl=1 150w, https:\/\/i0.wp.com\/vamosporlaliberacion.org\/crpmlm\/wp-content\/uploads\/2022\/09\/pirelli.jpg?resize=696%2C392&amp;ssl=1 696w, https:\/\/i0.wp.com\/vamosporlaliberacion.org\/crpmlm\/wp-content\/uploads\/2022\/09\/pirelli.jpg?resize=1068%2C601&amp;ssl=1 1068w, https:\/\/i0.wp.com\/vamosporlaliberacion.org\/crpmlm\/wp-content\/uploads\/2022\/09\/pirelli.jpg?resize=747%2C420&amp;ssl=1 747w\" sizes=\"auto, (max-width: 696px) 100vw, 696px\" \/><\/figure>\n<\/figure>\n\n\n\n<p>Pirelli y Bridgestone son las empresas multinacionales fabricantes de neum\u00e1ticos m\u00e1s poderosas en el mundo. Bridgestone hizo un acuerdo de un bono a cuenta de ganancias, all\u00e1 por el 2001, en medio de la crisis y con una marcada recesi\u00f3n y con una rebaja voluntaria del 40% en los salarios. Ese bono no se ejecut\u00f3 desde aquel a\u00f1o y en febrero de este a\u00f1o la conducci\u00f3n del SUTNA negoci\u00f3 con la empresa que se cumpla ese acuerdo y la Bridgestone, que ven\u00eda con ganancias fuertes, pag\u00f3 un bono de $730 mil pesos para cada trabajador, suma correspondiente al acuerdo no cobrado desde 2001. <strong>Fue un acuerdo con mucha repercusi\u00f3n, que muestra la situaci\u00f3n econ\u00f3mica en alza que tienen las empresas del sector, lo que expone la conducta que toman en las discusiones paritarias 2021-22 y 2022-23, de maximizar su nivel de ganancia que se estiman por sobre el 150% en este a\u00f1o.<\/strong><\/p>\n\n\n\n<p>\u201c<strong>Pirelli (que no cotiza en la Bolsa local) inform\u00f3 una ganancia de 462 millones de d\u00f3lares en el primer semestre del a\u00f1o<\/strong>. Bridgestone acumula una ganancia de 372 millones de d\u00f3lares en el primer trimestre y otros 360 millones en el segundo. En el caso de FATE, sus resultados son parte del conglomerado Aluar (que s\u00ed cotiza en el mercado argentino), de Javier Madanes Quintanilla:<strong>&nbsp;evidencia un saldo positivo por compras y ventas de bienes y servicios&nbsp;de 904,5&nbsp;millones de pesos y \u201cresultados financieros\u201d, por otros 799,6 millones.\u201d <\/strong><strong><em>El destape web 27\/09\/2022.<\/em><\/strong><\/p>\n\n\n\n<p>FATE es una empresa de capitales nacionales. Su due\u00f1o, Madanes Quintanilla, tambi\u00e9n es due\u00f1o de otra empresa, ALUAR, con posici\u00f3n dominante en el mercado, en este caso en el aluminio. <strong>FATE es la \u00fanica que fabrica neum\u00e1ticos de camiones en el pa\u00eds, por lo que cuenta con una posici\u00f3n dominante en este nicho, contra las otras empresas que tienen que importarlas.<\/strong> Los trabajadores de FATE denuncian que la carga salarial en la fabricaci\u00f3n de cada neum\u00e1tico en esa empresa es de $1000 con lo que la incidencia del salario en el costo de neum\u00e1ticos no llega al 2%. Neum\u00e1ticos que si tomamos el precio al comienzo del conflicto promediaban los $30 mil para los de autos y han llegado a estar entre $60 y $70 mil en estos d\u00edas. <strong>Madanes Quintanilla ha dicho<\/strong> <strong>que los gremios dirigidos por sindicalistas de izquierda no deber\u00edan existir<\/strong> y que si Crespo no reflexiona esto va a seguir as\u00ed, <strong>en una clara posici\u00f3n amenazante y fomentando declaraciones como las de Espert sobre que hay que darles \u201cc\u00e1rcel o bala\u201d a los que paralicen f\u00e1bricas.<\/strong><\/p>\n\n\n<div class=\"wp-block-image\">\n<figure class=\"aligncenter size-large is-resized\"><img data-recalc-dims=\"1\" loading=\"lazy\" decoding=\"async\" src=\"https:\/\/i0.wp.com\/vamosporlaliberacion.org\/crpmlm\/wp-content\/uploads\/2022\/09\/puertaFATE-700x388.jpg?resize=484%2C268\" alt=\"\" class=\"wp-image-25919\" width=\"484\" height=\"268\" srcset=\"https:\/\/i0.wp.com\/vamosporlaliberacion.org\/crpmlm\/wp-content\/uploads\/2022\/09\/puertaFATE.jpg?resize=700%2C388&amp;ssl=1 700w, https:\/\/i0.wp.com\/vamosporlaliberacion.org\/crpmlm\/wp-content\/uploads\/2022\/09\/puertaFATE.jpg?resize=300%2C166&amp;ssl=1 300w, https:\/\/i0.wp.com\/vamosporlaliberacion.org\/crpmlm\/wp-content\/uploads\/2022\/09\/puertaFATE.jpg?resize=768%2C426&amp;ssl=1 768w, https:\/\/i0.wp.com\/vamosporlaliberacion.org\/crpmlm\/wp-content\/uploads\/2022\/09\/puertaFATE.jpg?resize=150%2C83&amp;ssl=1 150w, https:\/\/i0.wp.com\/vamosporlaliberacion.org\/crpmlm\/wp-content\/uploads\/2022\/09\/puertaFATE.jpg?resize=696%2C385&amp;ssl=1 696w, https:\/\/i0.wp.com\/vamosporlaliberacion.org\/crpmlm\/wp-content\/uploads\/2022\/09\/puertaFATE.jpg?resize=757%2C420&amp;ssl=1 757w, https:\/\/i0.wp.com\/vamosporlaliberacion.org\/crpmlm\/wp-content\/uploads\/2022\/09\/puertaFATE.jpg?w=1024&amp;ssl=1 1024w\" sizes=\"auto, (max-width: 484px) 100vw, 484px\" \/><figcaption>Puerta de FATE<\/figcaption><\/figure>\n<\/div>\n\n\n<p>Los salarios son desiguales en la industria del neum\u00e1tico. Hay diferencias de casi el 40% seg\u00fan categor\u00edas. Un armador de Pirelli cobra la hora poco m\u00e1s de $400 y FATE poco m\u00e1s de $600. Los salarios en FATE, reconocidos por su due\u00f1o, rondan los $150mil y en Pirelli los $120 mil. La canasta familiar b\u00e1sica supera hoy los $120 mil.<\/p>\n\n\n\n<p>Es bueno recordar que las empresas han realizado provocaciones a la permanencia de los trabajadores en las puertas de f\u00e1brica, con espionajes, aprietes con empresas de seguridad, denuncia de bloqueos inexistentes, etc. Metodolog\u00eda que siempre tiene un solo objetivo, dividir a los trabajadores.<\/p>\n\n\n\n<p>Esta situaci\u00f3n la han padecido <strong>tambi\u00e9n los trabajadores de L\u00e1cteos Vidal, que llevan casi 50 d\u00edas de conflicto y hasta han sufrido el despido de los trabajadores que se concentraban en la puerta.<\/strong> <strong>Con la lucha, ATILRA, el gremio que los nuclea consigui\u00f3 que la justicia declare ilegales los despidos y siguen luchando en la puerta de f\u00e1brica.<\/strong><\/p>\n\n\n<div class=\"wp-block-image\">\n<figure class=\"aligncenter size-large is-resized\"><img data-recalc-dims=\"1\" loading=\"lazy\" decoding=\"async\" src=\"https:\/\/i0.wp.com\/vamosporlaliberacion.org\/crpmlm\/wp-content\/uploads\/2022\/09\/lacteosVidal-700x500.jpg?resize=524%2C374\" alt=\"\" class=\"wp-image-25908\" width=\"524\" height=\"374\" srcset=\"https:\/\/i0.wp.com\/vamosporlaliberacion.org\/crpmlm\/wp-content\/uploads\/2022\/09\/lacteosVidal.jpg?resize=700%2C500&amp;ssl=1 700w, https:\/\/i0.wp.com\/vamosporlaliberacion.org\/crpmlm\/wp-content\/uploads\/2022\/09\/lacteosVidal.jpg?resize=300%2C214&amp;ssl=1 300w, https:\/\/i0.wp.com\/vamosporlaliberacion.org\/crpmlm\/wp-content\/uploads\/2022\/09\/lacteosVidal.jpg?resize=150%2C107&amp;ssl=1 150w, https:\/\/i0.wp.com\/vamosporlaliberacion.org\/crpmlm\/wp-content\/uploads\/2022\/09\/lacteosVidal.jpg?resize=696%2C497&amp;ssl=1 696w, https:\/\/i0.wp.com\/vamosporlaliberacion.org\/crpmlm\/wp-content\/uploads\/2022\/09\/lacteosVidal.jpg?resize=588%2C420&amp;ssl=1 588w, https:\/\/i0.wp.com\/vamosporlaliberacion.org\/crpmlm\/wp-content\/uploads\/2022\/09\/lacteosVidal.jpg?resize=100%2C70&amp;ssl=1 100w, https:\/\/i0.wp.com\/vamosporlaliberacion.org\/crpmlm\/wp-content\/uploads\/2022\/09\/lacteosVidal.jpg?w=750&amp;ssl=1 750w\" sizes=\"auto, (max-width: 524px) 100vw, 524px\" \/><figcaption>Trabajadores de Lacteos Vidal<\/figcaption><\/figure>\n<\/div>\n\n\n<h3 class=\"wp-block-heading\"><strong>El gobierno<\/strong><\/h3>\n\n\n\n<p>El otro tema es como explica el gobierno que su ministro de trabajo, luego de 120 d\u00edas, 34 audiencias y varias conciliaciones obligatorias, no pudo lograr que las partes lleguen a acuerdo en el conflicto del neum\u00e1tico. <strong>O a\u00fan peor, en la reuni\u00f3n anterior pretendi\u00f3 cerrar a la baja la paritaria 2021-22 y el primer tramo de la 2022-23 unilateralmente junto a las empresas, desatando un nuevo paro de los trabajadores.<\/strong> Se explica seguramente porque las empresas presionan un acuerdo sobre importaciones y por la pol\u00edtica de ajuste y encadenamiento al FMI y concesiones al poder real que se impuso desde la llegada de Massa a econom\u00eda y que aceler\u00f3 concesiones a terratenientes y monopolios agroexportadores con el \u201cd\u00f3lar soja\u201d, que les permite a estos intentar maximizar sus ganancias a costa de la ca\u00edda de los salarios, en medio de un anuncio de un casi 37% de pobreza en Argentina (17 millones de personas). Millones de pobres son trabajadores en actividad.<\/p>\n\n\n\n<p>El mismo Massa amenaz\u00f3 con abrir las exportaciones, expresando que no se puede tener a la industria automotriz parada por que unos pocos no se sientan en una mesa. Y volvi\u00f3 a exasperarse contra los trabajadores del SUTNA en la comisi\u00f3n de presupuesto del Congreso, llamando a Crespo mentiroso y negando las reuniones. Los n\u00fameros de audiencias de negociaci\u00f3n desmienten al ministro, que asumi\u00f3 justamente con la necesidad de \u201cregular importaciones\u201d para juntar d\u00f3lares y pagar la deuda externa al FMI. Ahora Massa sacar\u00eda los d\u00f3lares del BCRA para bancar las importaciones de las empresas del neum\u00e1tico, aceptado por el FMI.<\/p>\n\n\n\n<h3 class=\"wp-block-heading\"><strong>El \u201ccuello de botella\u201d: el acuerdo con el FMI<\/strong><\/h3>\n\n\n\n<p>El FMI impuso su rumbo y el conjunto de las clases dominantes, de dentro y fuera del gobierno, (incluyendo al llamado \u201cpoder real\u201d) acordaron. Sectores del Frente de Todos lo justificaron aduciendo que era la forma de \u201cordenar la macroeconom\u00eda\u201d que Guzm\u00e1n \u201chab\u00eda dejado hecha pedazos\u201d y eso significa \u201caceptar un periodo de pragmatismo\u201d, \u201cde medidas odiosas\u201d (ajuste) en medio de una crisis.<\/p>\n\n\n\n<p>Es m\u00e1s potente correr al Palacio Bosh de la embajada de los EEUU y posar para la foto con el embajador Mark Stanley\u2026como la c\u00fapula de la CGT, de la CTA liderada por Hugo Yasky y Roberto Baradel, que jug\u00e1rsela y apoyar a los trabajadores en lucha como los del neum\u00e1tico, lacteos o estatales.<\/p>\n\n\n\n<p><strong>Esta realidad muestra, que hace mucho que los sectores populares perdieron la capacidad para poder incidir en el rumbo del FdT y el gobierno.<\/strong> Entonces, el acuerdo que sentimos corporalmente que avala el ajuste y camina al ritmo del que impone el FMI y los EEUU, no lo emprenden sectores que miran a los intereses del pueblo y parten (y no se mueven) de all\u00ed, no, hablan de que <strong>\u201clograron tranquilidad porque ordenaron la macro\u201d y eso es sobre una obscena transferencia del pueblo a los sectores concentrados, <\/strong>con el d\u00f3lar soja a las agroexportadoras y la Mesa de Enlace, plata que se paga directamente con emisi\u00f3n, que nos vuelve a meter en un ciclo de m\u00e1s inflaci\u00f3n. Las facilidades de d\u00f3lares a precio oficial para importaci\u00f3n se prioriza para los monopolios, perjudicando a miles de pymes de producci\u00f3n que necesitan d\u00f3lares para insumos que, producto de no haber una pol\u00edtica de sustituci\u00f3n de importaciones, quedan paralizadas.<\/p>\n\n\n\n<p><strong>Ac\u00e1 lo que se paga, y lo venimos diciendo hace mucho, es el encubrimiento del endeudamiento, la evasi\u00f3n y la fuga de capitales del macrismo y el FMI,<\/strong> y eso tiene un costo para el Estado que lo pagamos todos. Pensaban que \u201cpateaban la pelota para delante\u201d, <strong>pero la pelota viene atr\u00e1s y se va haciendo una bola de nieve porque la inflaci\u00f3n no para, pero la fuga y el chantaje del \u201cpoder real\u201d tampoco.<\/strong><\/p>\n\n\n\n<h3 class=\"wp-block-heading\"><strong>La tasa de ganancia de los monopolios y la lucha de lxs trabajadorxs<\/strong><\/h3>\n\n\n\n<p>Ese poder real al que se busca complacer es cada vez m\u00e1s fuerte e impone su impronta desde los resortes de la econom\u00eda, la justicia y la pol\u00edtica, y va por m\u00e1s y ya no solo no ocultan las barbaridades que har\u00e1n si vuelven a tener el control del gobierno en el 2023, sino que instalan desde los medios que controlan, mensajes y provocaciones donde los \u201cchicos malos\u201d son los obreros o los estudiantes que luchan. Mensaje \u201ccomprado\u201d por parte del gobierno, mientras se va viendo que son esos mismos sectores que est\u00e1n atr\u00e1s de los grupos \u201cparaestatales\u201d de servicios que protagonizaron el intento de magnicidio a la vicepresidenta Cristina Kirchner.<\/p>\n\n\n\n<p>Una impronta de mano dura que se mostr\u00f3 con la \u201cmesa judicial\u201d contra los sindicatos opositores cuando gobernaron y hoy muestran sin tapujos tanto Rodr\u00edguez Larreta en la CABA contra los estudiantes que luchan y son perseguidos, amedrentados y criminalizados junto a padres y docentes, o como Gerardo Morales en Jujuy que con ayuda de sectores del PJ modific\u00f3 la Constituci\u00f3n Provincial para impedir los cortes de rutas y calles, llev\u00e1ndose puesta la Constituci\u00f3n Nacional.<\/p>\n\n\n\n<figure class=\"wp-block-gallery has-nested-images columns-default is-cropped wp-block-gallery-2 is-layout-flex wp-block-gallery-is-layout-flex\">\n<figure class=\"wp-block-image size-large\"><img data-recalc-dims=\"1\" loading=\"lazy\" decoding=\"async\" width=\"470\" height=\"313\" data-id=\"25924\" src=\"https:\/\/i0.wp.com\/vamosporlaliberacion.org\/crpmlm\/wp-content\/uploads\/2022\/09\/escuelatomada2.jpg?resize=470%2C313\" alt=\"\" class=\"wp-image-25924\" srcset=\"https:\/\/i0.wp.com\/vamosporlaliberacion.org\/crpmlm\/wp-content\/uploads\/2022\/09\/escuelatomada2.jpg?w=470&amp;ssl=1 470w, https:\/\/i0.wp.com\/vamosporlaliberacion.org\/crpmlm\/wp-content\/uploads\/2022\/09\/escuelatomada2.jpg?resize=300%2C200&amp;ssl=1 300w, https:\/\/i0.wp.com\/vamosporlaliberacion.org\/crpmlm\/wp-content\/uploads\/2022\/09\/escuelatomada2.jpg?resize=150%2C100&amp;ssl=1 150w\" sizes=\"auto, (max-width: 470px) 100vw, 470px\" \/><\/figure>\n\n\n\n<figure class=\"wp-block-image size-large\"><img data-recalc-dims=\"1\" loading=\"lazy\" decoding=\"async\" width=\"696\" height=\"342\" data-id=\"25925\" src=\"https:\/\/i0.wp.com\/vamosporlaliberacion.org\/crpmlm\/wp-content\/uploads\/2022\/09\/escuelaTomada.jpg?resize=696%2C342\" alt=\"\" class=\"wp-image-25925\" srcset=\"https:\/\/i0.wp.com\/vamosporlaliberacion.org\/crpmlm\/wp-content\/uploads\/2022\/09\/escuelaTomada.jpg?w=700&amp;ssl=1 700w, https:\/\/i0.wp.com\/vamosporlaliberacion.org\/crpmlm\/wp-content\/uploads\/2022\/09\/escuelaTomada.jpg?resize=300%2C147&amp;ssl=1 300w, https:\/\/i0.wp.com\/vamosporlaliberacion.org\/crpmlm\/wp-content\/uploads\/2022\/09\/escuelaTomada.jpg?resize=150%2C74&amp;ssl=1 150w, https:\/\/i0.wp.com\/vamosporlaliberacion.org\/crpmlm\/wp-content\/uploads\/2022\/09\/escuelaTomada.jpg?resize=696%2C342&amp;ssl=1 696w, https:\/\/i0.wp.com\/vamosporlaliberacion.org\/crpmlm\/wp-content\/uploads\/2022\/09\/escuelaTomada.jpg?resize=324%2C160&amp;ssl=1 324w, https:\/\/i0.wp.com\/vamosporlaliberacion.org\/crpmlm\/wp-content\/uploads\/2022\/09\/escuelaTomada.jpg?resize=533%2C261&amp;ssl=1 533w\" sizes=\"auto, (max-width: 696px) 100vw, 696px\" \/><\/figure>\n<\/figure>\n\n\n\n<p>Por ello, <strong>la lucha de los obreros del neum\u00e1tico se mete brutalmente <\/strong><strong>en<\/strong><strong> la tasa de ganancias del pu\u00f1ado de empresas monop\u00f3licas<\/strong> y la realidad de los trabajadores golpeados por la inflaci\u00f3n, producto entre otras cosas porque se permiten desde el gobierno esas ganancias obscenas, en particular en los alimentos y bienes de consumo masivo. Pero esa tasa de ganancias tampoco podr\u00eda darse sin super explotaci\u00f3n y precarizaci\u00f3n de millones de trabajadorxs.<\/p>\n\n\n<div class=\"wp-block-image\">\n<figure class=\"aligncenter size-large is-resized\"><img data-recalc-dims=\"1\" loading=\"lazy\" decoding=\"async\" src=\"https:\/\/i0.wp.com\/vamosporlaliberacion.org\/crpmlm\/wp-content\/uploads\/2022\/09\/paro-ate-27-septiembre-700x467.jpg?resize=456%2C304\" alt=\"\" class=\"wp-image-25923\" width=\"456\" height=\"304\" srcset=\"https:\/\/i0.wp.com\/vamosporlaliberacion.org\/crpmlm\/wp-content\/uploads\/2022\/09\/paro-ate-27-septiembre.jpg?resize=700%2C467&amp;ssl=1 700w, https:\/\/i0.wp.com\/vamosporlaliberacion.org\/crpmlm\/wp-content\/uploads\/2022\/09\/paro-ate-27-septiembre.jpg?resize=300%2C200&amp;ssl=1 300w, https:\/\/i0.wp.com\/vamosporlaliberacion.org\/crpmlm\/wp-content\/uploads\/2022\/09\/paro-ate-27-septiembre.jpg?resize=768%2C512&amp;ssl=1 768w, https:\/\/i0.wp.com\/vamosporlaliberacion.org\/crpmlm\/wp-content\/uploads\/2022\/09\/paro-ate-27-septiembre.jpg?resize=150%2C100&amp;ssl=1 150w, https:\/\/i0.wp.com\/vamosporlaliberacion.org\/crpmlm\/wp-content\/uploads\/2022\/09\/paro-ate-27-septiembre.jpg?resize=696%2C464&amp;ssl=1 696w, https:\/\/i0.wp.com\/vamosporlaliberacion.org\/crpmlm\/wp-content\/uploads\/2022\/09\/paro-ate-27-septiembre.jpg?resize=630%2C420&amp;ssl=1 630w, https:\/\/i0.wp.com\/vamosporlaliberacion.org\/crpmlm\/wp-content\/uploads\/2022\/09\/paro-ate-27-septiembre.jpg?w=888&amp;ssl=1 888w\" sizes=\"auto, (max-width: 456px) 100vw, 456px\" \/><figcaption>Paro nacional de ATE.<\/figcaption><\/figure>\n<\/div>\n\n\n<p>Esta es una lucha que excede el campo ideol\u00f3gico de quienes dirigen el gremio, (que dicho sea de paso, el troskismo tiene al secretario general, pero comparte con dirigentes kirchneristas la conducci\u00f3n del SUTNA y son mayor\u00eda en las f\u00e1bricas, aunque ahora m\u00e1s desencantados que antes).<\/p>\n\n\n\n<p>El apoyo de todos a las luchas de los trabajadores por su salario, como el SUTNA, Lacteos Vidal y estatales es necesario para que triunfen. <strong>Sus logros fortalecen el frente popular para enfrentar al llamado \u201cpoder real\u201d, los que generan m\u00e1s miseria y para ponerle un freno a la pol\u00edtica econ\u00f3mica del gobierno que los beneficia en desmedro de la mayor\u00eda de lxs trabajadores.<\/strong><\/p>\n\n\n\n<h3 class=\"wp-block-heading\">Es en las calles, sin ajuste, sin FMI y organizando la solidaridad con el pueblo que lucha.<\/h3>\n<!-- AddThis Advanced Settings generic via filter on the_content --><!-- AddThis Share Buttons generic via filter on the_content -->","protected":false},"excerpt":{"rendered":"<p>Inflaci\u00f3n, aumento de la tasa de ganancia de los monopolios, precarizaci\u00f3n y \u201cd\u00f3lar a medida\u201d La pelea por el salario y condiciones de trabajo que llevan adelante los trabajadores del SUTNA pone de relieve dos cuestiones importantes: la pol\u00edtica de elevar la tasa de ganancia de las empresas y un Ministerio de Trabajo que se [&hellip;]<!-- AddThis Advanced Settings generic via filter on get_the_excerpt --><!-- AddThis Share Buttons generic via filter on get_the_excerpt --><\/p>\n","protected":false},"author":9,"featured_media":25918,"comment_status":"open","ping_status":"open","sticky":false,"template":"","format":"standard","meta":{"_jetpack_memberships_contains_paid_content":false,"footnotes":""},"categories":[1881],"tags":[],"class_list":{"0":"post-25915","1":"post","2":"type-post","3":"status-publish","4":"format-standard","5":"has-post-thumbnail","7":"category-editoriales"},"yoast_head":"<!-- This site is optimized with the Yoast SEO plugin v27.4 - https:\/\/yoast.com\/product\/yoast-seo-wordpress\/ -->\n<title>LA LUCHA DEL NEUM\u00c1TICO DESNUDA EL CORAZ\u00d3N DE LA POL\u00cdTICA ECON\u00d3MICA - Vamos por la Liberaci\u00f3n<\/title>\n<meta name=\"robots\" content=\"index, follow, max-snippet:-1, max-image-preview:large, max-video-preview:-1\" \/>\n<link rel=\"canonical\" href=\"http:\/\/vamosporlaliberacion.org\/crpmlm\/la-lucha-del-neumatico-desnuda-el-corazon-de-la-politica-economica\/\" \/>\n<meta name=\"twitter:label1\" content=\"Escrito por\" \/>\n\t<meta name=\"twitter:data1\" content=\"Prensa Vamos\" \/>\n\t<meta name=\"twitter:label2\" content=\"Tiempo de lectura\" \/>\n\t<meta name=\"twitter:data2\" content=\"11 minutos\" \/>\n<script type=\"application\/ld+json\" class=\"yoast-schema-graph\">{\"@context\":\"https:\\\/\\\/schema.org\",\"@graph\":[{\"@type\":\"Article\",\"@id\":\"http:\\\/\\\/vamosporlaliberacion.org\\\/crpmlm\\\/la-lucha-del-neumatico-desnuda-el-corazon-de-la-politica-economica\\\/#article\",\"isPartOf\":{\"@id\":\"http:\\\/\\\/vamosporlaliberacion.org\\\/crpmlm\\\/la-lucha-del-neumatico-desnuda-el-corazon-de-la-politica-economica\\\/\"},\"author\":{\"name\":\"Prensa Vamos\",\"@id\":\"https:\\\/\\\/vamosporlaliberacion.org\\\/crpmlm\\\/#\\\/schema\\\/person\\\/ebdbd4bf0e9418b9f0c0a93395366b2f\"},\"headline\":\"LA LUCHA DEL NEUM\u00c1TICO DESNUDA EL CORAZ\u00d3N DE LA POL\u00cdTICA ECON\u00d3MICA\",\"datePublished\":\"2022-09-29T14:35:31+00:00\",\"dateModified\":\"2022-09-29T15:37:07+00:00\",\"mainEntityOfPage\":{\"@id\":\"http:\\\/\\\/vamosporlaliberacion.org\\\/crpmlm\\\/la-lucha-del-neumatico-desnuda-el-corazon-de-la-politica-economica\\\/\"},\"wordCount\":2065,\"commentCount\":0,\"image\":{\"@id\":\"http:\\\/\\\/vamosporlaliberacion.org\\\/crpmlm\\\/la-lucha-del-neumatico-desnuda-el-corazon-de-la-politica-economica\\\/#primaryimage\"},\"thumbnailUrl\":\"https:\\\/\\\/i0.wp.com\\\/vamosporlaliberacion.org\\\/crpmlm\\\/wp-content\\\/uploads\\\/2022\\\/09\\\/SutnaMinTrabAlem.jpg?fit=767%2C511&ssl=1\",\"articleSection\":[\"Editoriales\"],\"inLanguage\":\"es\",\"potentialAction\":[{\"@type\":\"CommentAction\",\"name\":\"Comment\",\"target\":[\"http:\\\/\\\/vamosporlaliberacion.org\\\/crpmlm\\\/la-lucha-del-neumatico-desnuda-el-corazon-de-la-politica-economica\\\/#respond\"]}]},{\"@type\":\"WebPage\",\"@id\":\"http:\\\/\\\/vamosporlaliberacion.org\\\/crpmlm\\\/la-lucha-del-neumatico-desnuda-el-corazon-de-la-politica-economica\\\/\",\"url\":\"http:\\\/\\\/vamosporlaliberacion.org\\\/crpmlm\\\/la-lucha-del-neumatico-desnuda-el-corazon-de-la-politica-economica\\\/\",\"name\":\"LA LUCHA DEL NEUM\u00c1TICO DESNUDA EL CORAZ\u00d3N DE LA POL\u00cdTICA ECON\u00d3MICA - Vamos por la Liberaci\u00f3n\",\"isPartOf\":{\"@id\":\"https:\\\/\\\/vamosporlaliberacion.org\\\/crpmlm\\\/#website\"},\"primaryImageOfPage\":{\"@id\":\"http:\\\/\\\/vamosporlaliberacion.org\\\/crpmlm\\\/la-lucha-del-neumatico-desnuda-el-corazon-de-la-politica-economica\\\/#primaryimage\"},\"image\":{\"@id\":\"http:\\\/\\\/vamosporlaliberacion.org\\\/crpmlm\\\/la-lucha-del-neumatico-desnuda-el-corazon-de-la-politica-economica\\\/#primaryimage\"},\"thumbnailUrl\":\"https:\\\/\\\/i0.wp.com\\\/vamosporlaliberacion.org\\\/crpmlm\\\/wp-content\\\/uploads\\\/2022\\\/09\\\/SutnaMinTrabAlem.jpg?fit=767%2C511&ssl=1\",\"datePublished\":\"2022-09-29T14:35:31+00:00\",\"dateModified\":\"2022-09-29T15:37:07+00:00\",\"author\":{\"@id\":\"https:\\\/\\\/vamosporlaliberacion.org\\\/crpmlm\\\/#\\\/schema\\\/person\\\/ebdbd4bf0e9418b9f0c0a93395366b2f\"},\"breadcrumb\":{\"@id\":\"http:\\\/\\\/vamosporlaliberacion.org\\\/crpmlm\\\/la-lucha-del-neumatico-desnuda-el-corazon-de-la-politica-economica\\\/#breadcrumb\"},\"inLanguage\":\"es\",\"potentialAction\":[{\"@type\":\"ReadAction\",\"target\":[\"http:\\\/\\\/vamosporlaliberacion.org\\\/crpmlm\\\/la-lucha-del-neumatico-desnuda-el-corazon-de-la-politica-economica\\\/\"]}]},{\"@type\":\"ImageObject\",\"inLanguage\":\"es\",\"@id\":\"http:\\\/\\\/vamosporlaliberacion.org\\\/crpmlm\\\/la-lucha-del-neumatico-desnuda-el-corazon-de-la-politica-economica\\\/#primaryimage\",\"url\":\"https:\\\/\\\/i0.wp.com\\\/vamosporlaliberacion.org\\\/crpmlm\\\/wp-content\\\/uploads\\\/2022\\\/09\\\/SutnaMinTrabAlem.jpg?fit=767%2C511&ssl=1\",\"contentUrl\":\"https:\\\/\\\/i0.wp.com\\\/vamosporlaliberacion.org\\\/crpmlm\\\/wp-content\\\/uploads\\\/2022\\\/09\\\/SutnaMinTrabAlem.jpg?fit=767%2C511&ssl=1\",\"width\":767,\"height\":511},{\"@type\":\"BreadcrumbList\",\"@id\":\"http:\\\/\\\/vamosporlaliberacion.org\\\/crpmlm\\\/la-lucha-del-neumatico-desnuda-el-corazon-de-la-politica-economica\\\/#breadcrumb\",\"itemListElement\":[{\"@type\":\"ListItem\",\"position\":1,\"name\":\"Portada\",\"item\":\"https:\\\/\\\/vamosporlaliberacion.org\\\/crpmlm\\\/\"},{\"@type\":\"ListItem\",\"position\":2,\"name\":\"LA LUCHA DEL NEUM\u00c1TICO DESNUDA EL CORAZ\u00d3N DE LA POL\u00cdTICA ECON\u00d3MICA\"}]},{\"@type\":\"WebSite\",\"@id\":\"https:\\\/\\\/vamosporlaliberacion.org\\\/crpmlm\\\/#website\",\"url\":\"https:\\\/\\\/vamosporlaliberacion.org\\\/crpmlm\\\/\",\"name\":\"Vamos por la Liberaci\u00f3n\",\"description\":\"Prensa CR\",\"potentialAction\":[{\"@type\":\"SearchAction\",\"target\":{\"@type\":\"EntryPoint\",\"urlTemplate\":\"https:\\\/\\\/vamosporlaliberacion.org\\\/crpmlm\\\/?s={search_term_string}\"},\"query-input\":{\"@type\":\"PropertyValueSpecification\",\"valueRequired\":true,\"valueName\":\"search_term_string\"}}],\"inLanguage\":\"es\"},{\"@type\":\"Person\",\"@id\":\"https:\\\/\\\/vamosporlaliberacion.org\\\/crpmlm\\\/#\\\/schema\\\/person\\\/ebdbd4bf0e9418b9f0c0a93395366b2f\",\"name\":\"Prensa Vamos\",\"sameAs\":[\"http:\\\/\\\/vamposporlaliberacion.org\"],\"url\":\"http:\\\/\\\/vamosporlaliberacion.org\\\/crpmlm\\\/author\\\/editor\\\/\"}]}<\/script>\n<!-- \/ Yoast SEO plugin. -->","yoast_head_json":{"title":"LA LUCHA DEL NEUM\u00c1TICO DESNUDA EL CORAZ\u00d3N DE LA POL\u00cdTICA ECON\u00d3MICA - Vamos por la Liberaci\u00f3n","robots":{"index":"index","follow":"follow","max-snippet":"max-snippet:-1","max-image-preview":"max-image-preview:large","max-video-preview":"max-video-preview:-1"},"canonical":"http:\/\/vamosporlaliberacion.org\/crpmlm\/la-lucha-del-neumatico-desnuda-el-corazon-de-la-politica-economica\/","twitter_misc":{"Escrito por":"Prensa Vamos","Tiempo de lectura":"11 minutos"},"schema":{"@context":"https:\/\/schema.org","@graph":[{"@type":"Article","@id":"http:\/\/vamosporlaliberacion.org\/crpmlm\/la-lucha-del-neumatico-desnuda-el-corazon-de-la-politica-economica\/#article","isPartOf":{"@id":"http:\/\/vamosporlaliberacion.org\/crpmlm\/la-lucha-del-neumatico-desnuda-el-corazon-de-la-politica-economica\/"},"author":{"name":"Prensa Vamos","@id":"https:\/\/vamosporlaliberacion.org\/crpmlm\/#\/schema\/person\/ebdbd4bf0e9418b9f0c0a93395366b2f"},"headline":"LA LUCHA DEL NEUM\u00c1TICO DESNUDA EL CORAZ\u00d3N DE LA POL\u00cdTICA ECON\u00d3MICA","datePublished":"2022-09-29T14:35:31+00:00","dateModified":"2022-09-29T15:37:07+00:00","mainEntityOfPage":{"@id":"http:\/\/vamosporlaliberacion.org\/crpmlm\/la-lucha-del-neumatico-desnuda-el-corazon-de-la-politica-economica\/"},"wordCount":2065,"commentCount":0,"image":{"@id":"http:\/\/vamosporlaliberacion.org\/crpmlm\/la-lucha-del-neumatico-desnuda-el-corazon-de-la-politica-economica\/#primaryimage"},"thumbnailUrl":"https:\/\/i0.wp.com\/vamosporlaliberacion.org\/crpmlm\/wp-content\/uploads\/2022\/09\/SutnaMinTrabAlem.jpg?fit=767%2C511&ssl=1","articleSection":["Editoriales"],"inLanguage":"es","potentialAction":[{"@type":"CommentAction","name":"Comment","target":["http:\/\/vamosporlaliberacion.org\/crpmlm\/la-lucha-del-neumatico-desnuda-el-corazon-de-la-politica-economica\/#respond"]}]},{"@type":"WebPage","@id":"http:\/\/vamosporlaliberacion.org\/crpmlm\/la-lucha-del-neumatico-desnuda-el-corazon-de-la-politica-economica\/","url":"http:\/\/vamosporlaliberacion.org\/crpmlm\/la-lucha-del-neumatico-desnuda-el-corazon-de-la-politica-economica\/","name":"LA LUCHA DEL NEUM\u00c1TICO DESNUDA EL CORAZ\u00d3N DE LA POL\u00cdTICA ECON\u00d3MICA - Vamos por la Liberaci\u00f3n","isPartOf":{"@id":"https:\/\/vamosporlaliberacion.org\/crpmlm\/#website"},"primaryImageOfPage":{"@id":"http:\/\/vamosporlaliberacion.org\/crpmlm\/la-lucha-del-neumatico-desnuda-el-corazon-de-la-politica-economica\/#primaryimage"},"image":{"@id":"http:\/\/vamosporlaliberacion.org\/crpmlm\/la-lucha-del-neumatico-desnuda-el-corazon-de-la-politica-economica\/#primaryimage"},"thumbnailUrl":"https:\/\/i0.wp.com\/vamosporlaliberacion.org\/crpmlm\/wp-content\/uploads\/2022\/09\/SutnaMinTrabAlem.jpg?fit=767%2C511&ssl=1","datePublished":"2022-09-29T14:35:31+00:00","dateModified":"2022-09-29T15:37:07+00:00","author":{"@id":"https:\/\/vamosporlaliberacion.org\/crpmlm\/#\/schema\/person\/ebdbd4bf0e9418b9f0c0a93395366b2f"},"breadcrumb":{"@id":"http:\/\/vamosporlaliberacion.org\/crpmlm\/la-lucha-del-neumatico-desnuda-el-corazon-de-la-politica-economica\/#breadcrumb"},"inLanguage":"es","potentialAction":[{"@type":"ReadAction","target":["http:\/\/vamosporlaliberacion.org\/crpmlm\/la-lucha-del-neumatico-desnuda-el-corazon-de-la-politica-economica\/"]}]},{"@type":"ImageObject","inLanguage":"es","@id":"http:\/\/vamosporlaliberacion.org\/crpmlm\/la-lucha-del-neumatico-desnuda-el-corazon-de-la-politica-economica\/#primaryimage","url":"https:\/\/i0.wp.com\/vamosporlaliberacion.org\/crpmlm\/wp-content\/uploads\/2022\/09\/SutnaMinTrabAlem.jpg?fit=767%2C511&ssl=1","contentUrl":"https:\/\/i0.wp.com\/vamosporlaliberacion.org\/crpmlm\/wp-content\/uploads\/2022\/09\/SutnaMinTrabAlem.jpg?fit=767%2C511&ssl=1","width":767,"height":511},{"@type":"BreadcrumbList","@id":"http:\/\/vamosporlaliberacion.org\/crpmlm\/la-lucha-del-neumatico-desnuda-el-corazon-de-la-politica-economica\/#breadcrumb","itemListElement":[{"@type":"ListItem","position":1,"name":"Portada","item":"https:\/\/vamosporlaliberacion.org\/crpmlm\/"},{"@type":"ListItem","position":2,"name":"LA LUCHA DEL NEUM\u00c1TICO DESNUDA EL CORAZ\u00d3N DE LA POL\u00cdTICA ECON\u00d3MICA"}]},{"@type":"WebSite","@id":"https:\/\/vamosporlaliberacion.org\/crpmlm\/#website","url":"https:\/\/vamosporlaliberacion.org\/crpmlm\/","name":"Vamos por la Liberaci\u00f3n","description":"Prensa CR","potentialAction":[{"@type":"SearchAction","target":{"@type":"EntryPoint","urlTemplate":"https:\/\/vamosporlaliberacion.org\/crpmlm\/?s={search_term_string}"},"query-input":{"@type":"PropertyValueSpecification","valueRequired":true,"valueName":"search_term_string"}}],"inLanguage":"es"},{"@type":"Person","@id":"https:\/\/vamosporlaliberacion.org\/crpmlm\/#\/schema\/person\/ebdbd4bf0e9418b9f0c0a93395366b2f","name":"Prensa Vamos","sameAs":["http:\/\/vamposporlaliberacion.org"],"url":"http:\/\/vamosporlaliberacion.org\/crpmlm\/author\/editor\/"}]}},"jetpack_featured_media_url":"https:\/\/i0.wp.com\/vamosporlaliberacion.org\/crpmlm\/wp-content\/uploads\/2022\/09\/SutnaMinTrabAlem.jpg?fit=767%2C511&ssl=1","jetpack_sharing_enabled":true,"_links":{"self":[{"href":"http:\/\/vamosporlaliberacion.org\/crpmlm\/wp-json\/wp\/v2\/posts\/25915","targetHints":{"allow":["GET"]}}],"collection":[{"href":"http:\/\/vamosporlaliberacion.org\/crpmlm\/wp-json\/wp\/v2\/posts"}],"about":[{"href":"http:\/\/vamosporlaliberacion.org\/crpmlm\/wp-json\/wp\/v2\/types\/post"}],"author":[{"embeddable":true,"href":"http:\/\/vamosporlaliberacion.org\/crpmlm\/wp-json\/wp\/v2\/users\/9"}],"replies":[{"embeddable":true,"href":"http:\/\/vamosporlaliberacion.org\/crpmlm\/wp-json\/wp\/v2\/comments?post=25915"}],"version-history":[{"count":4,"href":"http:\/\/vamosporlaliberacion.org\/crpmlm\/wp-json\/wp\/v2\/posts\/25915\/revisions"}],"predecessor-version":[{"id":25944,"href":"http:\/\/vamosporlaliberacion.org\/crpmlm\/wp-json\/wp\/v2\/posts\/25915\/revisions\/25944"}],"wp:featuredmedia":[{"embeddable":true,"href":"http:\/\/vamosporlaliberacion.org\/crpmlm\/wp-json\/wp\/v2\/media\/25918"}],"wp:attachment":[{"href":"http:\/\/vamosporlaliberacion.org\/crpmlm\/wp-json\/wp\/v2\/media?parent=25915"}],"wp:term":[{"taxonomy":"category","embeddable":true,"href":"http:\/\/vamosporlaliberacion.org\/crpmlm\/wp-json\/wp\/v2\/categories?post=25915"},{"taxonomy":"post_tag","embeddable":true,"href":"http:\/\/vamosporlaliberacion.org\/crpmlm\/wp-json\/wp\/v2\/tags?post=25915"}],"curies":[{"name":"wp","href":"https:\/\/api.w.org\/{rel}","templated":true}]}}