{"id":25785,"date":"2022-09-03T12:52:56","date_gmt":"2022-09-03T15:52:56","guid":{"rendered":"http:\/\/vamosporlaliberacion.org\/crpmlm\/?p=25785"},"modified":"2022-09-03T12:53:02","modified_gmt":"2022-09-03T15:53:02","slug":"el-pueblo-gano-las-calles-en-todo-el-pais","status":"publish","type":"post","link":"http:\/\/vamosporlaliberacion.org\/crpmlm\/el-pueblo-gano-las-calles-en-todo-el-pais\/","title":{"rendered":"El pueblo gan\u00f3 las calles en todo el pa\u00eds"},"content":{"rendered":"\n<h2 class=\"wp-block-heading\">La respuesta al odio y el intento de asesinato a Cristina<\/h2>\n\n\n\n<p>Se puso de pie un pueblo que <strong>defiende las libertades democr\u00e1ticas,<\/strong> <strong>rechaza el odio<\/strong> expresado en la persecuci\u00f3n (Lawfare) e intento de asesinato de la vicepresidenta Cristina Kirchner. <strong>Un pueblo con su juventud que va tomando dimensi\u00f3n de lo que sucede.<\/strong><\/p>\n\n\n\n<p><strong>Toma dimensi\u00f3n del significado practico de ese odio a lxs pobres, a lxs luchadorxs populares<\/strong> y a todas aquellas personas y procesos (hist\u00f3ricos y presentes) que defienden los intereses del pueblo y el pa\u00eds, y que afectan otros intereses concentrados. Ese odio de clase que chorrea por las pantallas de los medios y las bocas de periodistas acreditados en ese infierno.<\/p>\n\n\n<div class=\"wp-block-image\">\n<figure class=\"aligncenter size-large is-resized\"><img data-recalc-dims=\"1\" loading=\"lazy\" decoding=\"async\" src=\"https:\/\/i0.wp.com\/vamosporlaliberacion.org\/crpmlm\/wp-content\/uploads\/2022\/09\/IMG-20220901-WA0018-579x700.jpg?resize=355%2C429\" alt=\"\" class=\"wp-image-25777\" width=\"355\" height=\"429\" srcset=\"https:\/\/i0.wp.com\/vamosporlaliberacion.org\/crpmlm\/wp-content\/uploads\/2022\/09\/IMG-20220901-WA0018.jpg?resize=579%2C700&amp;ssl=1 579w, https:\/\/i0.wp.com\/vamosporlaliberacion.org\/crpmlm\/wp-content\/uploads\/2022\/09\/IMG-20220901-WA0018.jpg?resize=248%2C300&amp;ssl=1 248w, https:\/\/i0.wp.com\/vamosporlaliberacion.org\/crpmlm\/wp-content\/uploads\/2022\/09\/IMG-20220901-WA0018.jpg?resize=150%2C181&amp;ssl=1 150w, https:\/\/i0.wp.com\/vamosporlaliberacion.org\/crpmlm\/wp-content\/uploads\/2022\/09\/IMG-20220901-WA0018.jpg?resize=300%2C362&amp;ssl=1 300w, https:\/\/i0.wp.com\/vamosporlaliberacion.org\/crpmlm\/wp-content\/uploads\/2022\/09\/IMG-20220901-WA0018.jpg?resize=348%2C420&amp;ssl=1 348w, https:\/\/i0.wp.com\/vamosporlaliberacion.org\/crpmlm\/wp-content\/uploads\/2022\/09\/IMG-20220901-WA0018.jpg?w=649&amp;ssl=1 649w\" sizes=\"auto, (max-width: 355px) 100vw, 355px\" \/><\/figure>\n<\/div>\n\n\n<p><strong>Ese odio que es inmoral pero quieren hacerlo legal<\/strong>, ya no por medio dictaduras militares, sino a trav\u00e9s \u201cgolpes blandos\u201d con la justicia c\u00f3mplice y los chantajes ny operaciones del poder econ\u00f3mico y los medios de comunicaci\u00f3n ac\u00f3litos.<\/p>\n\n\n\n<p><strong>Ese odio con nombre y apellido \u201ccarga las armas\u201d de sicarios<\/strong> como el \u201cgatillador\u201d sobre Cristina, pero tambi\u00e9n envenena la cabeza de miles que profundizan la grieta en el pueblo.<\/p>\n\n\n\n<p><strong>Esos odiadores tienen rostros y lugares comunes, pero se esconden<\/strong> detr\u00e1s de los resortes claves de la econom\u00eda, la justicia, los medios y la pol\u00edtica, pero <strong>necesitan un pa\u00eds empobrecido, desmoralizado y desesperado por lo que se lleva a la mesa cada d\u00eda,<\/strong> porque saben que cuando a los hijos les duele la panza de hambre no hay razones que valgan m\u00e1s que esa primera necesidad.<\/p>\n\n\n\n<p><strong>Esos necesitan de gobiernos d\u00f3ciles o c\u00f3mplices<\/strong> para subordinarlos o utilizarlos para su faena, <strong>y cuanto m\u00e1s se les concede m\u00e1s nos acorralan y asfixian.<\/strong><\/p>\n\n\n\n<p><strong>Para defender las libertades democr\u00e1ticas que tanta sangre cost\u00f3 conseguir, debe haber un pueblo sin hambre, sin FMI y sin dependencia, <\/strong>para dar paso a un<strong> programa soberano <\/strong>porque as\u00ed y solo as\u00ed, podremos empoderarnos y ser invencibles en causas nobles.<\/p>\n\n\n\n<p>Porque no es la acci\u00f3n de un \u201clobo solitario\u201d el atentado sobre la vicepresidenta como esos odiadores empiezan a ensayar para cubrir su \u201cretirada moment\u00e1nea\u201d. <strong>Ac\u00e1 est\u00e1 en juego no volver a ese oscuro pasado que ellos manejan tan bien <\/strong>y que muchos pensaban que eso nunca iba a suceder. Por eso debemos seguir luchando y convenciendo a\u00fan a mas, <strong>que esta democracia si bien impura, ha sido parida por los 30 mil compa\u00f1eras\/ros que dieron su vida y estas libertades democr\u00e1ticas conquistadas permiten un mejor escenario para ir por m\u00e1s derechos<\/strong> y avanzar hacia la liberaci\u00f3n y una democracia grande, la del pueblo en el poder. <strong>Por eso no podemos ni debemos dar un paso atr\u00e1s.<\/strong><\/p>\n\n\n\n<p>Ayer dimos una muestra de que la militancia se renueva y son decenas de miles de j\u00f3venes que no vivieron el terror pero si aprendieron de la historia. <strong>Son tiempos de debate colectivo para conocer y aprender m\u00e1s la historia, y preparar el futuro donde las fuerzas revolucionarias, democr\u00e1ticas y antiimperialistas ser\u00e1n fundamentales para transformar la realidad para y con el protagonismo de las amplias mayor\u00edas.<\/strong><\/p>\n\n\n\n<p><strong>\u00a1El tiempo es ahora porque hay futuro!<\/strong> y esa es la mejor demostraci\u00f3n de jornadas hist\u00f3ricas como la del 2 de septiembre de 2022.<\/p>\n\n\n\n<figure class=\"wp-block-gallery has-nested-images columns-default is-cropped wp-block-gallery-1 is-layout-flex wp-block-gallery-is-layout-flex\">\n<figure class=\"wp-block-image size-large\"><img data-recalc-dims=\"1\" loading=\"lazy\" decoding=\"async\" width=\"696\" height=\"522\" data-id=\"25786\" src=\"https:\/\/i0.wp.com\/vamosporlaliberacion.org\/crpmlm\/wp-content\/uploads\/2022\/09\/PlazaM2-9-22_b.jpeg?resize=696%2C522\" alt=\"\" class=\"wp-image-25786\" srcset=\"https:\/\/i0.wp.com\/vamosporlaliberacion.org\/crpmlm\/wp-content\/uploads\/2022\/09\/PlazaM2-9-22_b.jpeg?w=1599&amp;ssl=1 1599w, https:\/\/i0.wp.com\/vamosporlaliberacion.org\/crpmlm\/wp-content\/uploads\/2022\/09\/PlazaM2-9-22_b.jpeg?resize=300%2C225&amp;ssl=1 300w, https:\/\/i0.wp.com\/vamosporlaliberacion.org\/crpmlm\/wp-content\/uploads\/2022\/09\/PlazaM2-9-22_b.jpeg?resize=700%2C525&amp;ssl=1 700w, https:\/\/i0.wp.com\/vamosporlaliberacion.org\/crpmlm\/wp-content\/uploads\/2022\/09\/PlazaM2-9-22_b.jpeg?resize=768%2C576&amp;ssl=1 768w, https:\/\/i0.wp.com\/vamosporlaliberacion.org\/crpmlm\/wp-content\/uploads\/2022\/09\/PlazaM2-9-22_b.jpeg?resize=1536%2C1153&amp;ssl=1 1536w, https:\/\/i0.wp.com\/vamosporlaliberacion.org\/crpmlm\/wp-content\/uploads\/2022\/09\/PlazaM2-9-22_b.jpeg?resize=150%2C113&amp;ssl=1 150w, https:\/\/i0.wp.com\/vamosporlaliberacion.org\/crpmlm\/wp-content\/uploads\/2022\/09\/PlazaM2-9-22_b.jpeg?resize=696%2C522&amp;ssl=1 696w, https:\/\/i0.wp.com\/vamosporlaliberacion.org\/crpmlm\/wp-content\/uploads\/2022\/09\/PlazaM2-9-22_b.jpeg?resize=1068%2C802&amp;ssl=1 1068w, https:\/\/i0.wp.com\/vamosporlaliberacion.org\/crpmlm\/wp-content\/uploads\/2022\/09\/PlazaM2-9-22_b.jpeg?resize=560%2C420&amp;ssl=1 560w, https:\/\/i0.wp.com\/vamosporlaliberacion.org\/crpmlm\/wp-content\/uploads\/2022\/09\/PlazaM2-9-22_b.jpeg?resize=80%2C60&amp;ssl=1 80w, https:\/\/i0.wp.com\/vamosporlaliberacion.org\/crpmlm\/wp-content\/uploads\/2022\/09\/PlazaM2-9-22_b.jpeg?resize=265%2C198&amp;ssl=1 265w, https:\/\/i0.wp.com\/vamosporlaliberacion.org\/crpmlm\/wp-content\/uploads\/2022\/09\/PlazaM2-9-22_b.jpeg?w=1392&amp;ssl=1 1392w\" sizes=\"auto, (max-width: 696px) 100vw, 696px\" \/><\/figure>\n\n\n\n<figure class=\"wp-block-image size-large\"><img data-recalc-dims=\"1\" loading=\"lazy\" decoding=\"async\" width=\"696\" height=\"313\" data-id=\"25788\" src=\"https:\/\/i0.wp.com\/vamosporlaliberacion.org\/crpmlm\/wp-content\/uploads\/2022\/09\/PlazaM2-9-22_c.jpeg?resize=696%2C313\" alt=\"\" class=\"wp-image-25788\" srcset=\"https:\/\/i0.wp.com\/vamosporlaliberacion.org\/crpmlm\/wp-content\/uploads\/2022\/09\/PlazaM2-9-22_c.jpeg?w=1600&amp;ssl=1 1600w, https:\/\/i0.wp.com\/vamosporlaliberacion.org\/crpmlm\/wp-content\/uploads\/2022\/09\/PlazaM2-9-22_c.jpeg?resize=300%2C135&amp;ssl=1 300w, https:\/\/i0.wp.com\/vamosporlaliberacion.org\/crpmlm\/wp-content\/uploads\/2022\/09\/PlazaM2-9-22_c.jpeg?resize=700%2C315&amp;ssl=1 700w, https:\/\/i0.wp.com\/vamosporlaliberacion.org\/crpmlm\/wp-content\/uploads\/2022\/09\/PlazaM2-9-22_c.jpeg?resize=768%2C346&amp;ssl=1 768w, https:\/\/i0.wp.com\/vamosporlaliberacion.org\/crpmlm\/wp-content\/uploads\/2022\/09\/PlazaM2-9-22_c.jpeg?resize=1536%2C691&amp;ssl=1 1536w, https:\/\/i0.wp.com\/vamosporlaliberacion.org\/crpmlm\/wp-content\/uploads\/2022\/09\/PlazaM2-9-22_c.jpeg?resize=150%2C68&amp;ssl=1 150w, https:\/\/i0.wp.com\/vamosporlaliberacion.org\/crpmlm\/wp-content\/uploads\/2022\/09\/PlazaM2-9-22_c.jpeg?resize=696%2C313&amp;ssl=1 696w, https:\/\/i0.wp.com\/vamosporlaliberacion.org\/crpmlm\/wp-content\/uploads\/2022\/09\/PlazaM2-9-22_c.jpeg?resize=1068%2C481&amp;ssl=1 1068w, https:\/\/i0.wp.com\/vamosporlaliberacion.org\/crpmlm\/wp-content\/uploads\/2022\/09\/PlazaM2-9-22_c.jpeg?resize=933%2C420&amp;ssl=1 933w, https:\/\/i0.wp.com\/vamosporlaliberacion.org\/crpmlm\/wp-content\/uploads\/2022\/09\/PlazaM2-9-22_c.jpeg?w=1392&amp;ssl=1 1392w\" sizes=\"auto, (max-width: 696px) 100vw, 696px\" \/><\/figure>\n<\/figure>\n\n\n\n<p>Hay tiempos para retroceder, tiempos para estar en el mismo lugar y tiempos para avanzar, y ese avance depende muchas veces de la fuerza propia, la debilidad del enemigo o las dos cosas.<\/p>\n\n\n\n<p><strong>\u00a1Estos son tiempos de avances y aprendizajes! porque los odiadores se repliegan luego de sus fechor\u00edas descubiertas<\/strong>, pero no se ir\u00e1n, se reagrupar\u00e1n y \u201clamer\u00e1n sus heridas\u201d para volver porque vienen por todo y por tod@s y eso no es una ocurrencia individual, es una decisi\u00f3n tomada por \u201clos due\u00f1os del poder real\u201d en el pa\u00eds en consonancia con EEUU y el FMI principalmente.<\/p>\n\n\n\n<p><strong>\u00a1Ahora es cuando hay que avanzar!,<\/strong> pero no para que predomine el odio de nuestro lado, sino para <strong>que prueben lo que para ellos es el \u201cveneno maldito\u201d<\/strong>, lo que para nosotros es m\u00e1s democracia, m\u00e1s justicia, m\u00e1s soberan\u00eda econ\u00f3mica y cultural para traer m\u00e1s felicidad y alegr\u00eda como vivimos ayer en la lucha, en las calles\u2026en la enorme lucha del pueblo.<\/p>\n<!-- AddThis Advanced Settings generic via filter on the_content --><!-- AddThis Share Buttons generic via filter on the_content -->","protected":false},"excerpt":{"rendered":"<p>La respuesta al odio y el intento de asesinato a Cristina Se puso de pie un pueblo que defiende las libertades democr\u00e1ticas, rechaza el odio expresado en la persecuci\u00f3n (Lawfare) e intento de asesinato de la vicepresidenta Cristina Kirchner. Un pueblo con su juventud que va tomando dimensi\u00f3n de lo que sucede. Toma dimensi\u00f3n del [&hellip;]<!-- AddThis Advanced Settings generic via filter on get_the_excerpt --><!-- AddThis Share Buttons generic via filter on get_the_excerpt --><\/p>\n","protected":false},"author":9,"featured_media":25787,"comment_status":"open","ping_status":"open","sticky":false,"template":"","format":"standard","meta":{"_jetpack_memberships_contains_paid_content":false,"footnotes":""},"categories":[1881],"tags":[],"class_list":{"0":"post-25785","1":"post","2":"type-post","3":"status-publish","4":"format-standard","5":"has-post-thumbnail","7":"category-editoriales"},"yoast_head":"<!-- This site is optimized with the Yoast SEO plugin v27.4 - https:\/\/yoast.com\/product\/yoast-seo-wordpress\/ -->\n<title>El pueblo gan\u00f3 las calles en todo el pa\u00eds - Vamos por la Liberaci\u00f3n<\/title>\n<meta name=\"robots\" content=\"index, follow, max-snippet:-1, max-image-preview:large, max-video-preview:-1\" \/>\n<link rel=\"canonical\" href=\"http:\/\/vamosporlaliberacion.org\/crpmlm\/el-pueblo-gano-las-calles-en-todo-el-pais\/\" \/>\n<meta name=\"twitter:label1\" content=\"Escrito por\" \/>\n\t<meta name=\"twitter:data1\" content=\"Prensa Vamos\" \/>\n\t<meta name=\"twitter:label2\" content=\"Tiempo de lectura\" \/>\n\t<meta name=\"twitter:data2\" content=\"4 minutos\" \/>\n<script type=\"application\/ld+json\" class=\"yoast-schema-graph\">{\"@context\":\"https:\\\/\\\/schema.org\",\"@graph\":[{\"@type\":\"Article\",\"@id\":\"http:\\\/\\\/vamosporlaliberacion.org\\\/crpmlm\\\/el-pueblo-gano-las-calles-en-todo-el-pais\\\/#article\",\"isPartOf\":{\"@id\":\"http:\\\/\\\/vamosporlaliberacion.org\\\/crpmlm\\\/el-pueblo-gano-las-calles-en-todo-el-pais\\\/\"},\"author\":{\"name\":\"Prensa Vamos\",\"@id\":\"https:\\\/\\\/vamosporlaliberacion.org\\\/crpmlm\\\/#\\\/schema\\\/person\\\/ebdbd4bf0e9418b9f0c0a93395366b2f\"},\"headline\":\"El pueblo gan\u00f3 las calles en todo el pa\u00eds\",\"datePublished\":\"2022-09-03T15:52:56+00:00\",\"dateModified\":\"2022-09-03T15:53:02+00:00\",\"mainEntityOfPage\":{\"@id\":\"http:\\\/\\\/vamosporlaliberacion.org\\\/crpmlm\\\/el-pueblo-gano-las-calles-en-todo-el-pais\\\/\"},\"wordCount\":741,\"commentCount\":0,\"image\":{\"@id\":\"http:\\\/\\\/vamosporlaliberacion.org\\\/crpmlm\\\/el-pueblo-gano-las-calles-en-todo-el-pais\\\/#primaryimage\"},\"thumbnailUrl\":\"https:\\\/\\\/i0.wp.com\\\/vamosporlaliberacion.org\\\/crpmlm\\\/wp-content\\\/uploads\\\/2022\\\/09\\\/PlazaM2-9-22_a.jpeg?fit=722%2C407&ssl=1\",\"articleSection\":[\"Editoriales\"],\"inLanguage\":\"es\",\"potentialAction\":[{\"@type\":\"CommentAction\",\"name\":\"Comment\",\"target\":[\"http:\\\/\\\/vamosporlaliberacion.org\\\/crpmlm\\\/el-pueblo-gano-las-calles-en-todo-el-pais\\\/#respond\"]}]},{\"@type\":\"WebPage\",\"@id\":\"http:\\\/\\\/vamosporlaliberacion.org\\\/crpmlm\\\/el-pueblo-gano-las-calles-en-todo-el-pais\\\/\",\"url\":\"http:\\\/\\\/vamosporlaliberacion.org\\\/crpmlm\\\/el-pueblo-gano-las-calles-en-todo-el-pais\\\/\",\"name\":\"El pueblo gan\u00f3 las calles en todo el pa\u00eds - Vamos por la Liberaci\u00f3n\",\"isPartOf\":{\"@id\":\"https:\\\/\\\/vamosporlaliberacion.org\\\/crpmlm\\\/#website\"},\"primaryImageOfPage\":{\"@id\":\"http:\\\/\\\/vamosporlaliberacion.org\\\/crpmlm\\\/el-pueblo-gano-las-calles-en-todo-el-pais\\\/#primaryimage\"},\"image\":{\"@id\":\"http:\\\/\\\/vamosporlaliberacion.org\\\/crpmlm\\\/el-pueblo-gano-las-calles-en-todo-el-pais\\\/#primaryimage\"},\"thumbnailUrl\":\"https:\\\/\\\/i0.wp.com\\\/vamosporlaliberacion.org\\\/crpmlm\\\/wp-content\\\/uploads\\\/2022\\\/09\\\/PlazaM2-9-22_a.jpeg?fit=722%2C407&ssl=1\",\"datePublished\":\"2022-09-03T15:52:56+00:00\",\"dateModified\":\"2022-09-03T15:53:02+00:00\",\"author\":{\"@id\":\"https:\\\/\\\/vamosporlaliberacion.org\\\/crpmlm\\\/#\\\/schema\\\/person\\\/ebdbd4bf0e9418b9f0c0a93395366b2f\"},\"breadcrumb\":{\"@id\":\"http:\\\/\\\/vamosporlaliberacion.org\\\/crpmlm\\\/el-pueblo-gano-las-calles-en-todo-el-pais\\\/#breadcrumb\"},\"inLanguage\":\"es\",\"potentialAction\":[{\"@type\":\"ReadAction\",\"target\":[\"http:\\\/\\\/vamosporlaliberacion.org\\\/crpmlm\\\/el-pueblo-gano-las-calles-en-todo-el-pais\\\/\"]}]},{\"@type\":\"ImageObject\",\"inLanguage\":\"es\",\"@id\":\"http:\\\/\\\/vamosporlaliberacion.org\\\/crpmlm\\\/el-pueblo-gano-las-calles-en-todo-el-pais\\\/#primaryimage\",\"url\":\"https:\\\/\\\/i0.wp.com\\\/vamosporlaliberacion.org\\\/crpmlm\\\/wp-content\\\/uploads\\\/2022\\\/09\\\/PlazaM2-9-22_a.jpeg?fit=722%2C407&ssl=1\",\"contentUrl\":\"https:\\\/\\\/i0.wp.com\\\/vamosporlaliberacion.org\\\/crpmlm\\\/wp-content\\\/uploads\\\/2022\\\/09\\\/PlazaM2-9-22_a.jpeg?fit=722%2C407&ssl=1\",\"width\":722,\"height\":407},{\"@type\":\"BreadcrumbList\",\"@id\":\"http:\\\/\\\/vamosporlaliberacion.org\\\/crpmlm\\\/el-pueblo-gano-las-calles-en-todo-el-pais\\\/#breadcrumb\",\"itemListElement\":[{\"@type\":\"ListItem\",\"position\":1,\"name\":\"Portada\",\"item\":\"https:\\\/\\\/vamosporlaliberacion.org\\\/crpmlm\\\/\"},{\"@type\":\"ListItem\",\"position\":2,\"name\":\"El pueblo gan\u00f3 las calles en todo el pa\u00eds\"}]},{\"@type\":\"WebSite\",\"@id\":\"https:\\\/\\\/vamosporlaliberacion.org\\\/crpmlm\\\/#website\",\"url\":\"https:\\\/\\\/vamosporlaliberacion.org\\\/crpmlm\\\/\",\"name\":\"Vamos por la Liberaci\u00f3n\",\"description\":\"Prensa CR\",\"potentialAction\":[{\"@type\":\"SearchAction\",\"target\":{\"@type\":\"EntryPoint\",\"urlTemplate\":\"https:\\\/\\\/vamosporlaliberacion.org\\\/crpmlm\\\/?s={search_term_string}\"},\"query-input\":{\"@type\":\"PropertyValueSpecification\",\"valueRequired\":true,\"valueName\":\"search_term_string\"}}],\"inLanguage\":\"es\"},{\"@type\":\"Person\",\"@id\":\"https:\\\/\\\/vamosporlaliberacion.org\\\/crpmlm\\\/#\\\/schema\\\/person\\\/ebdbd4bf0e9418b9f0c0a93395366b2f\",\"name\":\"Prensa Vamos\",\"sameAs\":[\"http:\\\/\\\/vamposporlaliberacion.org\"],\"url\":\"http:\\\/\\\/vamosporlaliberacion.org\\\/crpmlm\\\/author\\\/editor\\\/\"}]}<\/script>\n<!-- \/ Yoast SEO plugin. -->","yoast_head_json":{"title":"El pueblo gan\u00f3 las calles en todo el pa\u00eds - Vamos por la Liberaci\u00f3n","robots":{"index":"index","follow":"follow","max-snippet":"max-snippet:-1","max-image-preview":"max-image-preview:large","max-video-preview":"max-video-preview:-1"},"canonical":"http:\/\/vamosporlaliberacion.org\/crpmlm\/el-pueblo-gano-las-calles-en-todo-el-pais\/","twitter_misc":{"Escrito por":"Prensa Vamos","Tiempo de lectura":"4 minutos"},"schema":{"@context":"https:\/\/schema.org","@graph":[{"@type":"Article","@id":"http:\/\/vamosporlaliberacion.org\/crpmlm\/el-pueblo-gano-las-calles-en-todo-el-pais\/#article","isPartOf":{"@id":"http:\/\/vamosporlaliberacion.org\/crpmlm\/el-pueblo-gano-las-calles-en-todo-el-pais\/"},"author":{"name":"Prensa Vamos","@id":"https:\/\/vamosporlaliberacion.org\/crpmlm\/#\/schema\/person\/ebdbd4bf0e9418b9f0c0a93395366b2f"},"headline":"El pueblo gan\u00f3 las calles en todo el pa\u00eds","datePublished":"2022-09-03T15:52:56+00:00","dateModified":"2022-09-03T15:53:02+00:00","mainEntityOfPage":{"@id":"http:\/\/vamosporlaliberacion.org\/crpmlm\/el-pueblo-gano-las-calles-en-todo-el-pais\/"},"wordCount":741,"commentCount":0,"image":{"@id":"http:\/\/vamosporlaliberacion.org\/crpmlm\/el-pueblo-gano-las-calles-en-todo-el-pais\/#primaryimage"},"thumbnailUrl":"https:\/\/i0.wp.com\/vamosporlaliberacion.org\/crpmlm\/wp-content\/uploads\/2022\/09\/PlazaM2-9-22_a.jpeg?fit=722%2C407&ssl=1","articleSection":["Editoriales"],"inLanguage":"es","potentialAction":[{"@type":"CommentAction","name":"Comment","target":["http:\/\/vamosporlaliberacion.org\/crpmlm\/el-pueblo-gano-las-calles-en-todo-el-pais\/#respond"]}]},{"@type":"WebPage","@id":"http:\/\/vamosporlaliberacion.org\/crpmlm\/el-pueblo-gano-las-calles-en-todo-el-pais\/","url":"http:\/\/vamosporlaliberacion.org\/crpmlm\/el-pueblo-gano-las-calles-en-todo-el-pais\/","name":"El pueblo gan\u00f3 las calles en todo el pa\u00eds - Vamos por la Liberaci\u00f3n","isPartOf":{"@id":"https:\/\/vamosporlaliberacion.org\/crpmlm\/#website"},"primaryImageOfPage":{"@id":"http:\/\/vamosporlaliberacion.org\/crpmlm\/el-pueblo-gano-las-calles-en-todo-el-pais\/#primaryimage"},"image":{"@id":"http:\/\/vamosporlaliberacion.org\/crpmlm\/el-pueblo-gano-las-calles-en-todo-el-pais\/#primaryimage"},"thumbnailUrl":"https:\/\/i0.wp.com\/vamosporlaliberacion.org\/crpmlm\/wp-content\/uploads\/2022\/09\/PlazaM2-9-22_a.jpeg?fit=722%2C407&ssl=1","datePublished":"2022-09-03T15:52:56+00:00","dateModified":"2022-09-03T15:53:02+00:00","author":{"@id":"https:\/\/vamosporlaliberacion.org\/crpmlm\/#\/schema\/person\/ebdbd4bf0e9418b9f0c0a93395366b2f"},"breadcrumb":{"@id":"http:\/\/vamosporlaliberacion.org\/crpmlm\/el-pueblo-gano-las-calles-en-todo-el-pais\/#breadcrumb"},"inLanguage":"es","potentialAction":[{"@type":"ReadAction","target":["http:\/\/vamosporlaliberacion.org\/crpmlm\/el-pueblo-gano-las-calles-en-todo-el-pais\/"]}]},{"@type":"ImageObject","inLanguage":"es","@id":"http:\/\/vamosporlaliberacion.org\/crpmlm\/el-pueblo-gano-las-calles-en-todo-el-pais\/#primaryimage","url":"https:\/\/i0.wp.com\/vamosporlaliberacion.org\/crpmlm\/wp-content\/uploads\/2022\/09\/PlazaM2-9-22_a.jpeg?fit=722%2C407&ssl=1","contentUrl":"https:\/\/i0.wp.com\/vamosporlaliberacion.org\/crpmlm\/wp-content\/uploads\/2022\/09\/PlazaM2-9-22_a.jpeg?fit=722%2C407&ssl=1","width":722,"height":407},{"@type":"BreadcrumbList","@id":"http:\/\/vamosporlaliberacion.org\/crpmlm\/el-pueblo-gano-las-calles-en-todo-el-pais\/#breadcrumb","itemListElement":[{"@type":"ListItem","position":1,"name":"Portada","item":"https:\/\/vamosporlaliberacion.org\/crpmlm\/"},{"@type":"ListItem","position":2,"name":"El pueblo gan\u00f3 las calles en todo el pa\u00eds"}]},{"@type":"WebSite","@id":"https:\/\/vamosporlaliberacion.org\/crpmlm\/#website","url":"https:\/\/vamosporlaliberacion.org\/crpmlm\/","name":"Vamos por la Liberaci\u00f3n","description":"Prensa CR","potentialAction":[{"@type":"SearchAction","target":{"@type":"EntryPoint","urlTemplate":"https:\/\/vamosporlaliberacion.org\/crpmlm\/?s={search_term_string}"},"query-input":{"@type":"PropertyValueSpecification","valueRequired":true,"valueName":"search_term_string"}}],"inLanguage":"es"},{"@type":"Person","@id":"https:\/\/vamosporlaliberacion.org\/crpmlm\/#\/schema\/person\/ebdbd4bf0e9418b9f0c0a93395366b2f","name":"Prensa Vamos","sameAs":["http:\/\/vamposporlaliberacion.org"],"url":"http:\/\/vamosporlaliberacion.org\/crpmlm\/author\/editor\/"}]}},"jetpack_featured_media_url":"https:\/\/i0.wp.com\/vamosporlaliberacion.org\/crpmlm\/wp-content\/uploads\/2022\/09\/PlazaM2-9-22_a.jpeg?fit=722%2C407&ssl=1","jetpack_sharing_enabled":true,"_links":{"self":[{"href":"http:\/\/vamosporlaliberacion.org\/crpmlm\/wp-json\/wp\/v2\/posts\/25785","targetHints":{"allow":["GET"]}}],"collection":[{"href":"http:\/\/vamosporlaliberacion.org\/crpmlm\/wp-json\/wp\/v2\/posts"}],"about":[{"href":"http:\/\/vamosporlaliberacion.org\/crpmlm\/wp-json\/wp\/v2\/types\/post"}],"author":[{"embeddable":true,"href":"http:\/\/vamosporlaliberacion.org\/crpmlm\/wp-json\/wp\/v2\/users\/9"}],"replies":[{"embeddable":true,"href":"http:\/\/vamosporlaliberacion.org\/crpmlm\/wp-json\/wp\/v2\/comments?post=25785"}],"version-history":[{"count":1,"href":"http:\/\/vamosporlaliberacion.org\/crpmlm\/wp-json\/wp\/v2\/posts\/25785\/revisions"}],"predecessor-version":[{"id":25789,"href":"http:\/\/vamosporlaliberacion.org\/crpmlm\/wp-json\/wp\/v2\/posts\/25785\/revisions\/25789"}],"wp:featuredmedia":[{"embeddable":true,"href":"http:\/\/vamosporlaliberacion.org\/crpmlm\/wp-json\/wp\/v2\/media\/25787"}],"wp:attachment":[{"href":"http:\/\/vamosporlaliberacion.org\/crpmlm\/wp-json\/wp\/v2\/media?parent=25785"}],"wp:term":[{"taxonomy":"category","embeddable":true,"href":"http:\/\/vamosporlaliberacion.org\/crpmlm\/wp-json\/wp\/v2\/categories?post=25785"},{"taxonomy":"post_tag","embeddable":true,"href":"http:\/\/vamosporlaliberacion.org\/crpmlm\/wp-json\/wp\/v2\/tags?post=25785"}],"curies":[{"name":"wp","href":"https:\/\/api.w.org\/{rel}","templated":true}]}}