{"id":25746,"date":"2022-08-26T07:53:50","date_gmt":"2022-08-26T10:53:50","guid":{"rendered":"http:\/\/vamosporlaliberacion.org\/crpmlm\/?p=25746"},"modified":"2022-08-28T21:34:50","modified_gmt":"2022-08-29T00:34:50","slug":"para-derrotar-al-lawfare-es-en-las-calles-sin-ajuste-sin-fmi","status":"publish","type":"post","link":"http:\/\/vamosporlaliberacion.org\/crpmlm\/para-derrotar-al-lawfare-es-en-las-calles-sin-ajuste-sin-fmi\/","title":{"rendered":"Para derrotar al lawfare: es en las calles, sin ajuste. Sin FMI"},"content":{"rendered":"\n<p>Frente a la ofensiva reaccionaria para proscribir a Cristina y arrasar con las conquistas populares. Hace falta amplia unidad en las calles, sin ajuste y sin FMI que solo fortalece al poder concentrado y desarma al pueblo. <strong>El camino de la unidad popular exige:<\/strong><\/p>\n\n\n\n<h2 class=\"wp-block-heading\">Basta de gobernar para los que promueven el lawfare y nos quieren de rodillas<\/h2>\n\n\n\n<p>La respuesta popular frente al pedido de condena de 12 a\u00f1os de prisi\u00f3n por parte del fiscal macrista del Lawfare, Luciani, conmovi\u00f3 a muchos y sorprendi\u00f3 a otros. La ampliaci\u00f3n negada a CFK, transmitida por una cadena nacional de hecho, fue la se\u00f1al de largada para las decenas de iniciativas masivas en diferentes ciudades del pa\u00eds, repudiando el accionar mafioso de una justicia corrupta, expresi\u00f3n del poder concentrado.<\/p>\n\n\n\n<p>Con raz\u00f3n, Cristina se\u00f1al\u00f3 que estos sectores<em> \u201cVan por todo, pero no por m\u00ed\u201d (\u2026) \u201cvienen por ustedes, por los salarios, por los derechos de los trabajadores, de los jubilados, del endeudamiento, vienen por eso, y vinieron por eso\u201d. <\/em>A esto se le pueden sumar tambi\u00e9n las conquistas hist\u00f3ricas de otros gobiernos como el peronismo del 45 al 55. Conquistas que hasta hoy se mantienen como la educaci\u00f3n y la salud p\u00fablica y gratuita, los convenios colectivos de trabajo y otros que fueron recuperados en los gobiernos kirchneristas. Pero estos sectores reaccionarios, llevaron adelante golpes de estado, dictaduras y 30.000 desaparecidos para terminar con conquistas hist\u00f3ricas. El menemismo, La Alianza y el macrismo terminaron de destruir gran parte de los que a\u00fan quedaba en pie como las empresas estatales. Sin dudas estamos muy mal en la actualidad, con una inflaci\u00f3n creciente y ajuste, pero no hay dudas que el programa que traen los sectores reaccionarios es mil veces peor y lo har\u00e1n pasar con sangre. <strong>A veces la lucha pasa por dar batalla \u201cdentro de lo malo\u201d, para tratar de mejorar la situaci\u00f3n del pueblo y para evitar que venga lo peor.<\/strong><\/p>\n\n\n\n<p>Ahora, necesitan destruir a las expresiones como las que encabeza CFK para tener via libre y volver al poder, para terminar la \u201cfaena\u201d que les qued\u00f3 inconclusa en los cuatro a\u00f1os que gobernaron. Para terminar con la estabilidad y las conquistas laborales, los convenios colectivos, aplicar la flexibilizaci\u00f3n laboral, privatizar lo que es estatal como las jubilaciones, Aerol\u00edneas argentinas, YPF, AYSA y garantizarles a los monopolios internacionales el mayor control de los recursos naturales, pero tambi\u00e9n se proponen terminar con las ayudas sociales, los derechos de las mujeres, g\u00e9neros y dem\u00e1s identidades.<\/p>\n\n\n\n<p><strong>Por esto, es que sostenemos que para enfrentar y derrotar semejante poder, hace falta un pueblo empoderado y en las calles. <\/strong><strong>Pero eso no es posible si la pol\u00edtica que lleva adelante el ejecutivo es m\u00e1s ajuste al pueblo y mayor transferencia hacia esos sectores concentrados.<\/strong> <strong>Esto solo fortalece a los verdugos y desarma al pueblo.<\/strong><\/p>\n\n\n<div class=\"wp-block-image\">\n<figure class=\"aligncenter size-large is-resized\"><img data-recalc-dims=\"1\" loading=\"lazy\" decoding=\"async\" src=\"https:\/\/i0.wp.com\/vamosporlaliberacion.org\/crpmlm\/wp-content\/uploads\/2022\/08\/IMG-20220825-WA0038-700x700.jpg?resize=418%2C418\" alt=\"\" class=\"wp-image-25724\" width=\"418\" height=\"418\" srcset=\"https:\/\/i0.wp.com\/vamosporlaliberacion.org\/crpmlm\/wp-content\/uploads\/2022\/08\/IMG-20220825-WA0038.jpg?resize=700%2C700&amp;ssl=1 700w, https:\/\/i0.wp.com\/vamosporlaliberacion.org\/crpmlm\/wp-content\/uploads\/2022\/08\/IMG-20220825-WA0038.jpg?resize=300%2C300&amp;ssl=1 300w, https:\/\/i0.wp.com\/vamosporlaliberacion.org\/crpmlm\/wp-content\/uploads\/2022\/08\/IMG-20220825-WA0038.jpg?resize=150%2C150&amp;ssl=1 150w, https:\/\/i0.wp.com\/vamosporlaliberacion.org\/crpmlm\/wp-content\/uploads\/2022\/08\/IMG-20220825-WA0038.jpg?resize=768%2C768&amp;ssl=1 768w, https:\/\/i0.wp.com\/vamosporlaliberacion.org\/crpmlm\/wp-content\/uploads\/2022\/08\/IMG-20220825-WA0038.jpg?resize=696%2C696&amp;ssl=1 696w, https:\/\/i0.wp.com\/vamosporlaliberacion.org\/crpmlm\/wp-content\/uploads\/2022\/08\/IMG-20220825-WA0038.jpg?resize=1068%2C1068&amp;ssl=1 1068w, https:\/\/i0.wp.com\/vamosporlaliberacion.org\/crpmlm\/wp-content\/uploads\/2022\/08\/IMG-20220825-WA0038.jpg?resize=420%2C420&amp;ssl=1 420w, https:\/\/i0.wp.com\/vamosporlaliberacion.org\/crpmlm\/wp-content\/uploads\/2022\/08\/IMG-20220825-WA0038.jpg?w=1080&amp;ssl=1 1080w\" sizes=\"auto, (max-width: 418px) 100vw, 418px\" \/><\/figure>\n<\/div>\n\n\n<h3 class=\"wp-block-heading\"><strong>E<\/strong>l ajuste<\/h3>\n\n\n\n<p>El ajuste en marcha anunciado estos d\u00edas equivale a 128.000 millones de pesos <strong>(Nota al pie)<\/strong> de recortes en educaci\u00f3n, salud, vivienda, programas sociales y producci\u00f3n junto al nuevo aumento de los combustibles<strong>. <\/strong>Que se suma a otros como el congelamiento de la planta estatal en todo el pa\u00eds, el monitoreo para recortar los programas sociales, el ajuste en las tarifas, etc, <strong>que se ejecutaron a<\/strong> <strong>partir de la llegada de Massa para garantizar la reducci\u00f3n del d\u00e9ficit fiscal que exige el FMI<\/strong>.<\/p>\n\n\n\n<p>A la par, se despliega una bater\u00eda de medidas que se est\u00e1n llevando adelante <strong>para atraer d\u00f3lares donde se les garantiza a los sectores concentrados mayor transferencia de recursos en eximici\u00f3n de impuestos, cargas patronales, \u201cd\u00f3lar especial\u201d y participaci\u00f3n en la timba financiera con garant\u00edas de fuga de capitales.<\/strong><\/p>\n\n\n\n<p>Queda a las claras que la salida a la crisis promovida por los monopolios agroexportadores y formadores de precios de los alimentos no fue solo concederles, sino instalar en el Ministerio de Econom\u00eda, ya sin caretas, a aquellos que dan un salto en el ajuste como lo son Massa y Rubinstein. Hay quienes en el Frente de Todos celebran la unidad en torno a esta salida, \u201cporque se logr\u00f3 estabilidad\u201d y una salida de la crisis politica (<strong>aunque el d\u00f3lar financiero y paralelo no baja y aun no se rindieron los 15 mil millones de d\u00f3lares de la soja porque buscan la devaluaci\u00f3n<\/strong>) pero \u201chay m\u00e1s clima de estabilidad interna\u201d, dicen.<\/p>\n\n\n\n<p><strong>Esa estabilidad es por arriba, por abajo hay bronca, desesperanza y mayor p\u00e9rdida de electorado, en particular los j\u00f3venes que se alejan del Frente de Todos<\/strong>, aunque tampoco eligen a los que ya gobernaron de Juntos por el Cambio pero buscan otro rumbo y suelen ser \u201cpresas f\u00e1ciles\u201d de opciones fascistas, \u201clobos con piel de corderos\u201d.<\/p>\n\n\n\n<p>La macro pol\u00edtica de conceder a los \u201cdue\u00f1os del poder\u201d, nos trajo al abismo y la resultante es que se fortalecen mas y van por todo y por todos. <strong>Son los mismos que est\u00e1n atr\u00e1s del Lawfare a Cristina y vienen por todos nosotros. Vaya paradoja!<\/strong><\/p>\n\n\n\n<figure class=\"wp-block-gallery has-nested-images columns-default is-cropped wp-block-gallery-1 is-layout-flex wp-block-gallery-is-layout-flex\">\n<figure class=\"wp-block-image size-large\"><img data-recalc-dims=\"1\" loading=\"lazy\" decoding=\"async\" width=\"696\" height=\"1237\" data-id=\"25750\" src=\"https:\/\/i0.wp.com\/vamosporlaliberacion.org\/crpmlm\/wp-content\/uploads\/2022\/08\/PeronismoCapital.jpeg?resize=696%2C1237\" alt=\"\" class=\"wp-image-25750\" srcset=\"https:\/\/i0.wp.com\/vamosporlaliberacion.org\/crpmlm\/wp-content\/uploads\/2022\/08\/PeronismoCapital.jpeg?w=720&amp;ssl=1 720w, https:\/\/i0.wp.com\/vamosporlaliberacion.org\/crpmlm\/wp-content\/uploads\/2022\/08\/PeronismoCapital.jpeg?resize=169%2C300&amp;ssl=1 169w, https:\/\/i0.wp.com\/vamosporlaliberacion.org\/crpmlm\/wp-content\/uploads\/2022\/08\/PeronismoCapital.jpeg?resize=394%2C700&amp;ssl=1 394w, https:\/\/i0.wp.com\/vamosporlaliberacion.org\/crpmlm\/wp-content\/uploads\/2022\/08\/PeronismoCapital.jpeg?resize=150%2C267&amp;ssl=1 150w, https:\/\/i0.wp.com\/vamosporlaliberacion.org\/crpmlm\/wp-content\/uploads\/2022\/08\/PeronismoCapital.jpeg?resize=300%2C533&amp;ssl=1 300w, https:\/\/i0.wp.com\/vamosporlaliberacion.org\/crpmlm\/wp-content\/uploads\/2022\/08\/PeronismoCapital.jpeg?resize=696%2C1237&amp;ssl=1 696w, https:\/\/i0.wp.com\/vamosporlaliberacion.org\/crpmlm\/wp-content\/uploads\/2022\/08\/PeronismoCapital.jpeg?resize=236%2C420&amp;ssl=1 236w\" sizes=\"auto, (max-width: 696px) 100vw, 696px\" \/><figcaption>Peronismo CABA<\/figcaption><\/figure>\n\n\n\n<figure class=\"wp-block-image size-large\"><img data-recalc-dims=\"1\" loading=\"lazy\" decoding=\"async\" width=\"696\" height=\"418\" data-id=\"25749\" src=\"https:\/\/i0.wp.com\/vamosporlaliberacion.org\/crpmlm\/wp-content\/uploads\/2022\/08\/ConcentracionCordoba.jpeg?resize=696%2C418\" alt=\"\" class=\"wp-image-25749\" srcset=\"https:\/\/i0.wp.com\/vamosporlaliberacion.org\/crpmlm\/wp-content\/uploads\/2022\/08\/ConcentracionCordoba.jpeg?w=1280&amp;ssl=1 1280w, https:\/\/i0.wp.com\/vamosporlaliberacion.org\/crpmlm\/wp-content\/uploads\/2022\/08\/ConcentracionCordoba.jpeg?resize=300%2C180&amp;ssl=1 300w, https:\/\/i0.wp.com\/vamosporlaliberacion.org\/crpmlm\/wp-content\/uploads\/2022\/08\/ConcentracionCordoba.jpeg?resize=700%2C420&amp;ssl=1 700w, https:\/\/i0.wp.com\/vamosporlaliberacion.org\/crpmlm\/wp-content\/uploads\/2022\/08\/ConcentracionCordoba.jpeg?resize=768%2C461&amp;ssl=1 768w, https:\/\/i0.wp.com\/vamosporlaliberacion.org\/crpmlm\/wp-content\/uploads\/2022\/08\/ConcentracionCordoba.jpeg?resize=150%2C90&amp;ssl=1 150w, https:\/\/i0.wp.com\/vamosporlaliberacion.org\/crpmlm\/wp-content\/uploads\/2022\/08\/ConcentracionCordoba.jpeg?resize=696%2C418&amp;ssl=1 696w, https:\/\/i0.wp.com\/vamosporlaliberacion.org\/crpmlm\/wp-content\/uploads\/2022\/08\/ConcentracionCordoba.jpeg?resize=1068%2C641&amp;ssl=1 1068w\" sizes=\"auto, (max-width: 696px) 100vw, 696px\" \/><figcaption>C\u00f3rdoba<\/figcaption><\/figure>\n\n\n\n<figure class=\"wp-block-image size-large\"><img data-recalc-dims=\"1\" loading=\"lazy\" decoding=\"async\" width=\"696\" height=\"418\" data-id=\"25748\" src=\"https:\/\/i0.wp.com\/vamosporlaliberacion.org\/crpmlm\/wp-content\/uploads\/2022\/08\/ConcentracionCordoba2.jpeg?resize=696%2C418\" alt=\"\" class=\"wp-image-25748\" srcset=\"https:\/\/i0.wp.com\/vamosporlaliberacion.org\/crpmlm\/wp-content\/uploads\/2022\/08\/ConcentracionCordoba2.jpeg?w=1280&amp;ssl=1 1280w, https:\/\/i0.wp.com\/vamosporlaliberacion.org\/crpmlm\/wp-content\/uploads\/2022\/08\/ConcentracionCordoba2.jpeg?resize=300%2C180&amp;ssl=1 300w, https:\/\/i0.wp.com\/vamosporlaliberacion.org\/crpmlm\/wp-content\/uploads\/2022\/08\/ConcentracionCordoba2.jpeg?resize=700%2C420&amp;ssl=1 700w, https:\/\/i0.wp.com\/vamosporlaliberacion.org\/crpmlm\/wp-content\/uploads\/2022\/08\/ConcentracionCordoba2.jpeg?resize=768%2C461&amp;ssl=1 768w, https:\/\/i0.wp.com\/vamosporlaliberacion.org\/crpmlm\/wp-content\/uploads\/2022\/08\/ConcentracionCordoba2.jpeg?resize=150%2C90&amp;ssl=1 150w, https:\/\/i0.wp.com\/vamosporlaliberacion.org\/crpmlm\/wp-content\/uploads\/2022\/08\/ConcentracionCordoba2.jpeg?resize=696%2C418&amp;ssl=1 696w, https:\/\/i0.wp.com\/vamosporlaliberacion.org\/crpmlm\/wp-content\/uploads\/2022\/08\/ConcentracionCordoba2.jpeg?resize=1068%2C641&amp;ssl=1 1068w\" sizes=\"auto, (max-width: 696px) 100vw, 696px\" \/><figcaption>C\u00f3rdoba<\/figcaption><\/figure>\n<\/figure>\n\n\n\n<br><br>\n\n\n\n<h3 class=\"wp-block-heading\">La hora de los pueblos<\/h3>\n\n\n\n<p>La movilizaci\u00f3n permanente que se logr\u00f3 contra el Lawfare reaccionario, <strong>no hay que perderla, hay que profundizarla y llenarla m\u00e1s de contenido program\u00e1tico, forjando una unidad que pueda ser la base de un nuevo per\u00edodo pol\u00edtico<\/strong> donde las certezas est\u00e9n en la lucha popular, para empoderar al pueblo y avanzar en un camino soberano <strong>poniendo en debate todo<\/strong>, no solo para no ser pisoteados por los sectores reaccionarios, sino tambi\u00e9n para frenar el ajuste y arrancar conquistas urgentes y estructurales antes que sea demasiado tarde.<\/p>\n\n\n\n<p><strong>Ponernos de pie es la tarea de la hora, como aquel 17 de octubre, como aquel Argentinazo<\/strong> para construir una nueva agenda que verdaderamente sea inclusiva, que no derrame a los mas necesitados sino que los haga protagonistas de los cambios hist\u00f3ricos que demanda la hora.<\/p>\n\n\n\n<p><strong>En este camino proponemos un programa para la unidad en la acci\u00f3n.<\/strong><\/p>\n\n\n\n<ul class=\"wp-block-list\"><li>Aumento de emergencia de 40.000$. Salarios igual a la canasta familiar.<\/li><li>Aumento de los programas sociales.<\/li><li>Suspensi\u00f3n del acuerdo con el FMI. Que paguen los que la fugaron.<\/li><li>Nacionalizaci\u00f3n de los recursos naturales.<\/li><li>Retenciones segmentadas.<\/li><li>Impuesto extraordinario a la renta terrateniente. Impuesto permanente a las grandes fortunas<\/li><li>Empresa nacional de alimentos.<\/li><li>Control del comercio exterior y la banca. Soberan\u00eda de nuestro R\u00edo Paran\u00e1.<\/li><li>Reforma judicial democr\u00e1tica con perspectiva de g\u00e9nero.<\/li><li>Reforma agraria. Tierra para quien la trabaja.<\/li><li>Reducci\u00f3n de la jornada de trabajo sin reducci\u00f3n salarial. Que los monopolios ganen menos!<\/li><li>\u00a1Ley de humedales ya! \u00a1Basta de incendios y agrot\u00f3xicos!<\/li><li>Efectivizaci\u00f3n y pase a planta permanente de lxs trabadorexs precarizados.<\/li><\/ul>\n\n\n\n<p><\/p>\n\n\n\n<p><strong>Nota:<\/strong><\/p>\n\n\n\n<p><a href=\"https:\/\/www.pagina12.com.ar\/475789-ajuste-de-128-000-millones-en-el-gasto-publico\"><u>Ajuste de $128.000 millones en el gasto p\u00fablico | Afecta a \u00e1reas sensibles del gobierno. Pasos previos al viaje a Washington | P\u00e1gina12 (pagina12.com.ar)<\/u><\/a><\/p>\n\n\n\n<p><a href=\"https:\/\/acij.org.ar\/wp-content\/uploads\/2022\/08\/Informe-El-impacto-de-la-reduccion-presupuestaria-en-los-derechos-sociales.pdf?utm_source=mailup&amp;utm_medium=email&amp;utm_campaign=general\">https:\/\/acij.org.ar\/wp-content\/uploads\/2022\/08\/Informe-El-impacto-de-la-reduccion-presupuestaria-en-los-derechos-sociales.pdf?utm_source=mailup&amp;utm_medium=email&amp;utm_campaign=general<\/a><\/p>\n<!-- AddThis Advanced Settings generic via filter on the_content --><!-- AddThis Share Buttons generic via filter on the_content -->","protected":false},"excerpt":{"rendered":"<p>Frente a la ofensiva reaccionaria para proscribir a Cristina y arrasar con las conquistas populares. Hace falta amplia unidad en las calles, sin ajuste y sin FMI que solo fortalece al poder concentrado y desarma al pueblo. El camino de la unidad popular exige: Basta de gobernar para los que promueven el lawfare y nos [&hellip;]<!-- AddThis Advanced Settings generic via filter on get_the_excerpt --><!-- AddThis Share Buttons generic via filter on get_the_excerpt --><\/p>\n","protected":false},"author":9,"featured_media":25747,"comment_status":"open","ping_status":"open","sticky":false,"template":"","format":"standard","meta":{"_jetpack_memberships_contains_paid_content":false,"footnotes":""},"categories":[1881],"tags":[],"class_list":{"0":"post-25746","1":"post","2":"type-post","3":"status-publish","4":"format-standard","5":"has-post-thumbnail","7":"category-editoriales"},"yoast_head":"<!-- This site is optimized with the Yoast SEO plugin v27.4 - https:\/\/yoast.com\/product\/yoast-seo-wordpress\/ -->\n<title>Para derrotar al lawfare: es en las calles, sin ajuste. Sin FMI - Vamos por la Liberaci\u00f3n<\/title>\n<meta name=\"robots\" content=\"index, follow, max-snippet:-1, max-image-preview:large, max-video-preview:-1\" \/>\n<link rel=\"canonical\" href=\"http:\/\/vamosporlaliberacion.org\/crpmlm\/para-derrotar-al-lawfare-es-en-las-calles-sin-ajuste-sin-fmi\/\" \/>\n<meta name=\"twitter:label1\" content=\"Escrito por\" \/>\n\t<meta name=\"twitter:data1\" content=\"Prensa Vamos\" \/>\n\t<meta name=\"twitter:label2\" content=\"Tiempo de lectura\" \/>\n\t<meta name=\"twitter:data2\" content=\"6 minutos\" \/>\n<script type=\"application\/ld+json\" class=\"yoast-schema-graph\">{\"@context\":\"https:\\\/\\\/schema.org\",\"@graph\":[{\"@type\":\"Article\",\"@id\":\"http:\\\/\\\/vamosporlaliberacion.org\\\/crpmlm\\\/para-derrotar-al-lawfare-es-en-las-calles-sin-ajuste-sin-fmi\\\/#article\",\"isPartOf\":{\"@id\":\"http:\\\/\\\/vamosporlaliberacion.org\\\/crpmlm\\\/para-derrotar-al-lawfare-es-en-las-calles-sin-ajuste-sin-fmi\\\/\"},\"author\":{\"name\":\"Prensa Vamos\",\"@id\":\"https:\\\/\\\/vamosporlaliberacion.org\\\/crpmlm\\\/#\\\/schema\\\/person\\\/ebdbd4bf0e9418b9f0c0a93395366b2f\"},\"headline\":\"Para derrotar al lawfare: es en las calles, sin ajuste. Sin FMI\",\"datePublished\":\"2022-08-26T10:53:50+00:00\",\"dateModified\":\"2022-08-29T00:34:50+00:00\",\"mainEntityOfPage\":{\"@id\":\"http:\\\/\\\/vamosporlaliberacion.org\\\/crpmlm\\\/para-derrotar-al-lawfare-es-en-las-calles-sin-ajuste-sin-fmi\\\/\"},\"wordCount\":1194,\"commentCount\":0,\"image\":{\"@id\":\"http:\\\/\\\/vamosporlaliberacion.org\\\/crpmlm\\\/para-derrotar-al-lawfare-es-en-las-calles-sin-ajuste-sin-fmi\\\/#primaryimage\"},\"thumbnailUrl\":\"https:\\\/\\\/i0.wp.com\\\/vamosporlaliberacion.org\\\/crpmlm\\\/wp-content\\\/uploads\\\/2022\\\/08\\\/MassaRubinstein.jpeg?fit=1120%2C630&ssl=1\",\"articleSection\":[\"Editoriales\"],\"inLanguage\":\"es\",\"potentialAction\":[{\"@type\":\"CommentAction\",\"name\":\"Comment\",\"target\":[\"http:\\\/\\\/vamosporlaliberacion.org\\\/crpmlm\\\/para-derrotar-al-lawfare-es-en-las-calles-sin-ajuste-sin-fmi\\\/#respond\"]}]},{\"@type\":\"WebPage\",\"@id\":\"http:\\\/\\\/vamosporlaliberacion.org\\\/crpmlm\\\/para-derrotar-al-lawfare-es-en-las-calles-sin-ajuste-sin-fmi\\\/\",\"url\":\"http:\\\/\\\/vamosporlaliberacion.org\\\/crpmlm\\\/para-derrotar-al-lawfare-es-en-las-calles-sin-ajuste-sin-fmi\\\/\",\"name\":\"Para derrotar al lawfare: es en las calles, sin ajuste. Sin FMI - Vamos por la Liberaci\u00f3n\",\"isPartOf\":{\"@id\":\"https:\\\/\\\/vamosporlaliberacion.org\\\/crpmlm\\\/#website\"},\"primaryImageOfPage\":{\"@id\":\"http:\\\/\\\/vamosporlaliberacion.org\\\/crpmlm\\\/para-derrotar-al-lawfare-es-en-las-calles-sin-ajuste-sin-fmi\\\/#primaryimage\"},\"image\":{\"@id\":\"http:\\\/\\\/vamosporlaliberacion.org\\\/crpmlm\\\/para-derrotar-al-lawfare-es-en-las-calles-sin-ajuste-sin-fmi\\\/#primaryimage\"},\"thumbnailUrl\":\"https:\\\/\\\/i0.wp.com\\\/vamosporlaliberacion.org\\\/crpmlm\\\/wp-content\\\/uploads\\\/2022\\\/08\\\/MassaRubinstein.jpeg?fit=1120%2C630&ssl=1\",\"datePublished\":\"2022-08-26T10:53:50+00:00\",\"dateModified\":\"2022-08-29T00:34:50+00:00\",\"author\":{\"@id\":\"https:\\\/\\\/vamosporlaliberacion.org\\\/crpmlm\\\/#\\\/schema\\\/person\\\/ebdbd4bf0e9418b9f0c0a93395366b2f\"},\"breadcrumb\":{\"@id\":\"http:\\\/\\\/vamosporlaliberacion.org\\\/crpmlm\\\/para-derrotar-al-lawfare-es-en-las-calles-sin-ajuste-sin-fmi\\\/#breadcrumb\"},\"inLanguage\":\"es\",\"potentialAction\":[{\"@type\":\"ReadAction\",\"target\":[\"http:\\\/\\\/vamosporlaliberacion.org\\\/crpmlm\\\/para-derrotar-al-lawfare-es-en-las-calles-sin-ajuste-sin-fmi\\\/\"]}]},{\"@type\":\"ImageObject\",\"inLanguage\":\"es\",\"@id\":\"http:\\\/\\\/vamosporlaliberacion.org\\\/crpmlm\\\/para-derrotar-al-lawfare-es-en-las-calles-sin-ajuste-sin-fmi\\\/#primaryimage\",\"url\":\"https:\\\/\\\/i0.wp.com\\\/vamosporlaliberacion.org\\\/crpmlm\\\/wp-content\\\/uploads\\\/2022\\\/08\\\/MassaRubinstein.jpeg?fit=1120%2C630&ssl=1\",\"contentUrl\":\"https:\\\/\\\/i0.wp.com\\\/vamosporlaliberacion.org\\\/crpmlm\\\/wp-content\\\/uploads\\\/2022\\\/08\\\/MassaRubinstein.jpeg?fit=1120%2C630&ssl=1\",\"width\":1120,\"height\":630},{\"@type\":\"BreadcrumbList\",\"@id\":\"http:\\\/\\\/vamosporlaliberacion.org\\\/crpmlm\\\/para-derrotar-al-lawfare-es-en-las-calles-sin-ajuste-sin-fmi\\\/#breadcrumb\",\"itemListElement\":[{\"@type\":\"ListItem\",\"position\":1,\"name\":\"Portada\",\"item\":\"https:\\\/\\\/vamosporlaliberacion.org\\\/crpmlm\\\/\"},{\"@type\":\"ListItem\",\"position\":2,\"name\":\"Para derrotar al lawfare: es en las calles, sin ajuste. Sin FMI\"}]},{\"@type\":\"WebSite\",\"@id\":\"https:\\\/\\\/vamosporlaliberacion.org\\\/crpmlm\\\/#website\",\"url\":\"https:\\\/\\\/vamosporlaliberacion.org\\\/crpmlm\\\/\",\"name\":\"Vamos por la Liberaci\u00f3n\",\"description\":\"Prensa CR\",\"potentialAction\":[{\"@type\":\"SearchAction\",\"target\":{\"@type\":\"EntryPoint\",\"urlTemplate\":\"https:\\\/\\\/vamosporlaliberacion.org\\\/crpmlm\\\/?s={search_term_string}\"},\"query-input\":{\"@type\":\"PropertyValueSpecification\",\"valueRequired\":true,\"valueName\":\"search_term_string\"}}],\"inLanguage\":\"es\"},{\"@type\":\"Person\",\"@id\":\"https:\\\/\\\/vamosporlaliberacion.org\\\/crpmlm\\\/#\\\/schema\\\/person\\\/ebdbd4bf0e9418b9f0c0a93395366b2f\",\"name\":\"Prensa Vamos\",\"sameAs\":[\"http:\\\/\\\/vamposporlaliberacion.org\"],\"url\":\"http:\\\/\\\/vamosporlaliberacion.org\\\/crpmlm\\\/author\\\/editor\\\/\"}]}<\/script>\n<!-- \/ Yoast SEO plugin. -->","yoast_head_json":{"title":"Para derrotar al lawfare: es en las calles, sin ajuste. Sin FMI - Vamos por la Liberaci\u00f3n","robots":{"index":"index","follow":"follow","max-snippet":"max-snippet:-1","max-image-preview":"max-image-preview:large","max-video-preview":"max-video-preview:-1"},"canonical":"http:\/\/vamosporlaliberacion.org\/crpmlm\/para-derrotar-al-lawfare-es-en-las-calles-sin-ajuste-sin-fmi\/","twitter_misc":{"Escrito por":"Prensa Vamos","Tiempo de lectura":"6 minutos"},"schema":{"@context":"https:\/\/schema.org","@graph":[{"@type":"Article","@id":"http:\/\/vamosporlaliberacion.org\/crpmlm\/para-derrotar-al-lawfare-es-en-las-calles-sin-ajuste-sin-fmi\/#article","isPartOf":{"@id":"http:\/\/vamosporlaliberacion.org\/crpmlm\/para-derrotar-al-lawfare-es-en-las-calles-sin-ajuste-sin-fmi\/"},"author":{"name":"Prensa Vamos","@id":"https:\/\/vamosporlaliberacion.org\/crpmlm\/#\/schema\/person\/ebdbd4bf0e9418b9f0c0a93395366b2f"},"headline":"Para derrotar al lawfare: es en las calles, sin ajuste. Sin FMI","datePublished":"2022-08-26T10:53:50+00:00","dateModified":"2022-08-29T00:34:50+00:00","mainEntityOfPage":{"@id":"http:\/\/vamosporlaliberacion.org\/crpmlm\/para-derrotar-al-lawfare-es-en-las-calles-sin-ajuste-sin-fmi\/"},"wordCount":1194,"commentCount":0,"image":{"@id":"http:\/\/vamosporlaliberacion.org\/crpmlm\/para-derrotar-al-lawfare-es-en-las-calles-sin-ajuste-sin-fmi\/#primaryimage"},"thumbnailUrl":"https:\/\/i0.wp.com\/vamosporlaliberacion.org\/crpmlm\/wp-content\/uploads\/2022\/08\/MassaRubinstein.jpeg?fit=1120%2C630&ssl=1","articleSection":["Editoriales"],"inLanguage":"es","potentialAction":[{"@type":"CommentAction","name":"Comment","target":["http:\/\/vamosporlaliberacion.org\/crpmlm\/para-derrotar-al-lawfare-es-en-las-calles-sin-ajuste-sin-fmi\/#respond"]}]},{"@type":"WebPage","@id":"http:\/\/vamosporlaliberacion.org\/crpmlm\/para-derrotar-al-lawfare-es-en-las-calles-sin-ajuste-sin-fmi\/","url":"http:\/\/vamosporlaliberacion.org\/crpmlm\/para-derrotar-al-lawfare-es-en-las-calles-sin-ajuste-sin-fmi\/","name":"Para derrotar al lawfare: es en las calles, sin ajuste. Sin FMI - Vamos por la Liberaci\u00f3n","isPartOf":{"@id":"https:\/\/vamosporlaliberacion.org\/crpmlm\/#website"},"primaryImageOfPage":{"@id":"http:\/\/vamosporlaliberacion.org\/crpmlm\/para-derrotar-al-lawfare-es-en-las-calles-sin-ajuste-sin-fmi\/#primaryimage"},"image":{"@id":"http:\/\/vamosporlaliberacion.org\/crpmlm\/para-derrotar-al-lawfare-es-en-las-calles-sin-ajuste-sin-fmi\/#primaryimage"},"thumbnailUrl":"https:\/\/i0.wp.com\/vamosporlaliberacion.org\/crpmlm\/wp-content\/uploads\/2022\/08\/MassaRubinstein.jpeg?fit=1120%2C630&ssl=1","datePublished":"2022-08-26T10:53:50+00:00","dateModified":"2022-08-29T00:34:50+00:00","author":{"@id":"https:\/\/vamosporlaliberacion.org\/crpmlm\/#\/schema\/person\/ebdbd4bf0e9418b9f0c0a93395366b2f"},"breadcrumb":{"@id":"http:\/\/vamosporlaliberacion.org\/crpmlm\/para-derrotar-al-lawfare-es-en-las-calles-sin-ajuste-sin-fmi\/#breadcrumb"},"inLanguage":"es","potentialAction":[{"@type":"ReadAction","target":["http:\/\/vamosporlaliberacion.org\/crpmlm\/para-derrotar-al-lawfare-es-en-las-calles-sin-ajuste-sin-fmi\/"]}]},{"@type":"ImageObject","inLanguage":"es","@id":"http:\/\/vamosporlaliberacion.org\/crpmlm\/para-derrotar-al-lawfare-es-en-las-calles-sin-ajuste-sin-fmi\/#primaryimage","url":"https:\/\/i0.wp.com\/vamosporlaliberacion.org\/crpmlm\/wp-content\/uploads\/2022\/08\/MassaRubinstein.jpeg?fit=1120%2C630&ssl=1","contentUrl":"https:\/\/i0.wp.com\/vamosporlaliberacion.org\/crpmlm\/wp-content\/uploads\/2022\/08\/MassaRubinstein.jpeg?fit=1120%2C630&ssl=1","width":1120,"height":630},{"@type":"BreadcrumbList","@id":"http:\/\/vamosporlaliberacion.org\/crpmlm\/para-derrotar-al-lawfare-es-en-las-calles-sin-ajuste-sin-fmi\/#breadcrumb","itemListElement":[{"@type":"ListItem","position":1,"name":"Portada","item":"https:\/\/vamosporlaliberacion.org\/crpmlm\/"},{"@type":"ListItem","position":2,"name":"Para derrotar al lawfare: es en las calles, sin ajuste. Sin FMI"}]},{"@type":"WebSite","@id":"https:\/\/vamosporlaliberacion.org\/crpmlm\/#website","url":"https:\/\/vamosporlaliberacion.org\/crpmlm\/","name":"Vamos por la Liberaci\u00f3n","description":"Prensa CR","potentialAction":[{"@type":"SearchAction","target":{"@type":"EntryPoint","urlTemplate":"https:\/\/vamosporlaliberacion.org\/crpmlm\/?s={search_term_string}"},"query-input":{"@type":"PropertyValueSpecification","valueRequired":true,"valueName":"search_term_string"}}],"inLanguage":"es"},{"@type":"Person","@id":"https:\/\/vamosporlaliberacion.org\/crpmlm\/#\/schema\/person\/ebdbd4bf0e9418b9f0c0a93395366b2f","name":"Prensa Vamos","sameAs":["http:\/\/vamposporlaliberacion.org"],"url":"http:\/\/vamosporlaliberacion.org\/crpmlm\/author\/editor\/"}]}},"jetpack_featured_media_url":"https:\/\/i0.wp.com\/vamosporlaliberacion.org\/crpmlm\/wp-content\/uploads\/2022\/08\/MassaRubinstein.jpeg?fit=1120%2C630&ssl=1","jetpack_sharing_enabled":true,"_links":{"self":[{"href":"http:\/\/vamosporlaliberacion.org\/crpmlm\/wp-json\/wp\/v2\/posts\/25746","targetHints":{"allow":["GET"]}}],"collection":[{"href":"http:\/\/vamosporlaliberacion.org\/crpmlm\/wp-json\/wp\/v2\/posts"}],"about":[{"href":"http:\/\/vamosporlaliberacion.org\/crpmlm\/wp-json\/wp\/v2\/types\/post"}],"author":[{"embeddable":true,"href":"http:\/\/vamosporlaliberacion.org\/crpmlm\/wp-json\/wp\/v2\/users\/9"}],"replies":[{"embeddable":true,"href":"http:\/\/vamosporlaliberacion.org\/crpmlm\/wp-json\/wp\/v2\/comments?post=25746"}],"version-history":[{"count":7,"href":"http:\/\/vamosporlaliberacion.org\/crpmlm\/wp-json\/wp\/v2\/posts\/25746\/revisions"}],"predecessor-version":[{"id":25768,"href":"http:\/\/vamosporlaliberacion.org\/crpmlm\/wp-json\/wp\/v2\/posts\/25746\/revisions\/25768"}],"wp:featuredmedia":[{"embeddable":true,"href":"http:\/\/vamosporlaliberacion.org\/crpmlm\/wp-json\/wp\/v2\/media\/25747"}],"wp:attachment":[{"href":"http:\/\/vamosporlaliberacion.org\/crpmlm\/wp-json\/wp\/v2\/media?parent=25746"}],"wp:term":[{"taxonomy":"category","embeddable":true,"href":"http:\/\/vamosporlaliberacion.org\/crpmlm\/wp-json\/wp\/v2\/categories?post=25746"},{"taxonomy":"post_tag","embeddable":true,"href":"http:\/\/vamosporlaliberacion.org\/crpmlm\/wp-json\/wp\/v2\/tags?post=25746"}],"curies":[{"name":"wp","href":"https:\/\/api.w.org\/{rel}","templated":true}]}}