{"id":25686,"date":"2022-08-18T12:52:58","date_gmt":"2022-08-18T15:52:58","guid":{"rendered":"http:\/\/vamosporlaliberacion.org\/crpmlm\/?p=25686"},"modified":"2022-08-18T12:53:06","modified_gmt":"2022-08-18T15:53:06","slug":"masiva-demostracion-obrera-y-popular","status":"publish","type":"post","link":"http:\/\/vamosporlaliberacion.org\/crpmlm\/masiva-demostracion-obrera-y-popular\/","title":{"rendered":"Masiva demostraci\u00f3n obrera y popular"},"content":{"rendered":"\n<p><em>17 de agosto<\/em><\/p>\n\n\n\n<h2 class=\"wp-block-heading\"><strong>Lxs trabajadorxs no quieren ajustes<\/strong><\/h2>\n\n\n\n<p>Las columnas obreras del interior del pa\u00eds fueron llegando desde la ma\u00f1ana temprano a la Capital Federal. Grupos de obreros y obreras, empleadxs con tonadas provincianas se mov\u00edan por las calles, sacaban fotos y selfis, conociendo de cerca lo que ven todos los d\u00edas en la TV, en un pa\u00eds donde el federalismo es una materia pendiente.<\/p>\n\n\n\n<p><strong>Mucho entusiasmo en el estado de \u00e1nimo que, sumado a la masividad, mostraban muchas ganas de estar en la calle a pesar de algunos dirigentes.<\/strong> Si preguntabas por que marchabas pod\u00edas encontrar muchas respuestas diferentes, pero con \u00e1nimos similares en cuanto al sentimiento de estar juntos en la lucha.<\/p>\n\n\n\n<p>Algunos dirigentes afirmaban que esta era una marcha en apoyo al gobierno, pero otros dec\u00edan otra cosa, <strong>pero la mayor\u00eda coincid\u00eda en que hab\u00eda que marcar a los formadores de precios y especuladores como responsables de una situaci\u00f3n muy dura para lxs trabajadores y sus familias golpeadas por la inflaci\u00f3n.<\/strong><\/p>\n\n\n\n<p>Se mostr\u00f3 una unidad por abajo, pero entre los dirigentes las diferencias son marcadas y as\u00ed se expresaron en las palabras de Pablo Moyano del sindicato de camioneros o de Pablo Michelli de la CTA.<\/p>\n\n\n\n<p>Moyano en un acto ante sus afiliados antes de arrancar la marcha, exigi\u00f3 a Alberto Fern\u00e1ndez <em>\u201cPon\u00e9 los que ten\u00e9s que poner,<\/em><strong><em>&nbsp;sent\u00e1 a estos tipos y aplicales la multa, los trabajadores te vamos a bancar\u201d.<\/em><\/strong><\/p>\n\n\n\n<p>Adem\u00e1s, apunt\u00f3 contra la Asociaci\u00f3n de Empresarios Argentina (AEA) por el aumento de precios y dijo que las entidades bancarias <strong>llevan<\/strong><em><strong> \u201cun golpe institucional contra el gobierno\u201d.<\/strong><\/em><\/p>\n\n\n\n<p>\u201c<em>Hay que denunciarlos,&nbsp;<\/em><strong><em>nosotros no venimos a filosofar, hablamos como somos nosotros, los trabajadores<\/em><\/strong><em>\u201d<\/em>, asegur\u00f3 el hijo de Hugo Moyano, y pidi\u00f3 <em>\u201cdenunciar a estos delincuentes que todos los d\u00edas atacan al Gobierno y a los dirigentes que est\u00e1n en la calle\u201d<\/em>. Tambi\u00e9n resalt\u00f3 que no ser\u00e1 la primera marcha de la CGT<strong>&nbsp;<\/strong><strong><em>\u201csi siguen sac\u00e1ndole un plato de comida al argentino, si le siguen cagando los salarios\u201d<\/em><\/strong>, y agreg\u00f3, \u201cno es posible seguir con estos niveles de inflaci\u00f3n\u201d y le pidi\u00f3 al presidente que act\u00fae.<\/p>\n\n\n\n<p>Por su parte Pablo Michelli ven\u00eda expres\u00e1ndose en los medios la semana previa desarrollando la posici\u00f3n de la CTA que parte de que <strong>ning\u00fan trabajador\/ra pobre en nuestro pa\u00eds<\/strong>, se\u00f1alando a los responsables de esta situaci\u00f3n que padece el pueblo, en los exportadores y monopolios que controlan los alimentos. Michelli tambi\u00e9n fue claro en cuanto a exigir que <em>\u201c<\/em><em><strong>reaccione el gobierno, porque est\u00e1 claro qui\u00e9nes son los culpables de la inflaci\u00f3n. Y quien puede parar y controlar ese tema es el gobierno\u201d, <\/strong><\/em><em>aclarando que <\/em>las primeras decisiones que tom\u00f3 Sergio Massa\u201cno fueron muy alentadoras\u201d y <em>\u201c<\/em><em>no se ha notado mucho el tema del control del d\u00f3lar paralelo, que el gobierno tiende a subestimar, pero lo cierto es que los precios de los alimentos van al comp\u00e1s de ese d\u00f3lar, no al d\u00f3lar oficial\u201d<\/em>\u2026 <em>\u201cseguir haciendo se\u00f1ales para los mercados no es el camino\u201d,<\/em> a\u00f1adi\u00f3.<\/p>\n\n\n\n<figure class=\"wp-block-gallery has-nested-images columns-default is-cropped wp-block-gallery-1 is-layout-flex wp-block-gallery-is-layout-flex\">\n<figure class=\"wp-block-image size-large\"><img data-recalc-dims=\"1\" loading=\"lazy\" decoding=\"async\" width=\"696\" height=\"928\" data-id=\"25690\" src=\"https:\/\/i0.wp.com\/vamosporlaliberacion.org\/crpmlm\/wp-content\/uploads\/2022\/08\/17deagosteRS-2.jpg?resize=696%2C928\" alt=\"\" class=\"wp-image-25690\" srcset=\"https:\/\/i0.wp.com\/vamosporlaliberacion.org\/crpmlm\/wp-content\/uploads\/2022\/08\/17deagosteRS-2.jpg?w=1536&amp;ssl=1 1536w, https:\/\/i0.wp.com\/vamosporlaliberacion.org\/crpmlm\/wp-content\/uploads\/2022\/08\/17deagosteRS-2.jpg?resize=225%2C300&amp;ssl=1 225w, https:\/\/i0.wp.com\/vamosporlaliberacion.org\/crpmlm\/wp-content\/uploads\/2022\/08\/17deagosteRS-2.jpg?resize=525%2C700&amp;ssl=1 525w, https:\/\/i0.wp.com\/vamosporlaliberacion.org\/crpmlm\/wp-content\/uploads\/2022\/08\/17deagosteRS-2.jpg?resize=768%2C1024&amp;ssl=1 768w, https:\/\/i0.wp.com\/vamosporlaliberacion.org\/crpmlm\/wp-content\/uploads\/2022\/08\/17deagosteRS-2.jpg?resize=1152%2C1536&amp;ssl=1 1152w, https:\/\/i0.wp.com\/vamosporlaliberacion.org\/crpmlm\/wp-content\/uploads\/2022\/08\/17deagosteRS-2.jpg?resize=150%2C200&amp;ssl=1 150w, https:\/\/i0.wp.com\/vamosporlaliberacion.org\/crpmlm\/wp-content\/uploads\/2022\/08\/17deagosteRS-2.jpg?resize=300%2C400&amp;ssl=1 300w, https:\/\/i0.wp.com\/vamosporlaliberacion.org\/crpmlm\/wp-content\/uploads\/2022\/08\/17deagosteRS-2.jpg?resize=696%2C928&amp;ssl=1 696w, https:\/\/i0.wp.com\/vamosporlaliberacion.org\/crpmlm\/wp-content\/uploads\/2022\/08\/17deagosteRS-2.jpg?resize=1068%2C1424&amp;ssl=1 1068w, https:\/\/i0.wp.com\/vamosporlaliberacion.org\/crpmlm\/wp-content\/uploads\/2022\/08\/17deagosteRS-2.jpg?resize=315%2C420&amp;ssl=1 315w, https:\/\/i0.wp.com\/vamosporlaliberacion.org\/crpmlm\/wp-content\/uploads\/2022\/08\/17deagosteRS-2.jpg?w=1392&amp;ssl=1 1392w\" sizes=\"auto, (max-width: 696px) 100vw, 696px\" \/><\/figure>\n\n\n\n<figure class=\"wp-block-image size-large\"><img data-recalc-dims=\"1\" loading=\"lazy\" decoding=\"async\" width=\"696\" height=\"928\" data-id=\"25691\" src=\"https:\/\/i0.wp.com\/vamosporlaliberacion.org\/crpmlm\/wp-content\/uploads\/2022\/08\/17deagosteRS-1.jpg?resize=696%2C928\" alt=\"\" class=\"wp-image-25691\" srcset=\"https:\/\/i0.wp.com\/vamosporlaliberacion.org\/crpmlm\/wp-content\/uploads\/2022\/08\/17deagosteRS-1.jpg?w=1536&amp;ssl=1 1536w, https:\/\/i0.wp.com\/vamosporlaliberacion.org\/crpmlm\/wp-content\/uploads\/2022\/08\/17deagosteRS-1.jpg?resize=225%2C300&amp;ssl=1 225w, https:\/\/i0.wp.com\/vamosporlaliberacion.org\/crpmlm\/wp-content\/uploads\/2022\/08\/17deagosteRS-1.jpg?resize=525%2C700&amp;ssl=1 525w, https:\/\/i0.wp.com\/vamosporlaliberacion.org\/crpmlm\/wp-content\/uploads\/2022\/08\/17deagosteRS-1.jpg?resize=768%2C1024&amp;ssl=1 768w, https:\/\/i0.wp.com\/vamosporlaliberacion.org\/crpmlm\/wp-content\/uploads\/2022\/08\/17deagosteRS-1.jpg?resize=1152%2C1536&amp;ssl=1 1152w, https:\/\/i0.wp.com\/vamosporlaliberacion.org\/crpmlm\/wp-content\/uploads\/2022\/08\/17deagosteRS-1.jpg?resize=150%2C200&amp;ssl=1 150w, https:\/\/i0.wp.com\/vamosporlaliberacion.org\/crpmlm\/wp-content\/uploads\/2022\/08\/17deagosteRS-1.jpg?resize=300%2C400&amp;ssl=1 300w, https:\/\/i0.wp.com\/vamosporlaliberacion.org\/crpmlm\/wp-content\/uploads\/2022\/08\/17deagosteRS-1.jpg?resize=696%2C928&amp;ssl=1 696w, https:\/\/i0.wp.com\/vamosporlaliberacion.org\/crpmlm\/wp-content\/uploads\/2022\/08\/17deagosteRS-1.jpg?resize=1068%2C1424&amp;ssl=1 1068w, https:\/\/i0.wp.com\/vamosporlaliberacion.org\/crpmlm\/wp-content\/uploads\/2022\/08\/17deagosteRS-1.jpg?resize=315%2C420&amp;ssl=1 315w, https:\/\/i0.wp.com\/vamosporlaliberacion.org\/crpmlm\/wp-content\/uploads\/2022\/08\/17deagosteRS-1.jpg?w=1392&amp;ssl=1 1392w\" sizes=\"auto, (max-width: 696px) 100vw, 696px\" \/><\/figure>\n\n\n\n<figure class=\"wp-block-image size-large\"><img data-recalc-dims=\"1\" loading=\"lazy\" decoding=\"async\" width=\"555\" height=\"393\" data-id=\"25688\" src=\"https:\/\/i0.wp.com\/vamosporlaliberacion.org\/crpmlm\/wp-content\/uploads\/2022\/08\/17deagosteRS-4.jpg?resize=555%2C393\" alt=\"\" class=\"wp-image-25688\" srcset=\"https:\/\/i0.wp.com\/vamosporlaliberacion.org\/crpmlm\/wp-content\/uploads\/2022\/08\/17deagosteRS-4.jpg?w=555&amp;ssl=1 555w, https:\/\/i0.wp.com\/vamosporlaliberacion.org\/crpmlm\/wp-content\/uploads\/2022\/08\/17deagosteRS-4.jpg?resize=300%2C212&amp;ssl=1 300w, https:\/\/i0.wp.com\/vamosporlaliberacion.org\/crpmlm\/wp-content\/uploads\/2022\/08\/17deagosteRS-4.jpg?resize=150%2C106&amp;ssl=1 150w, https:\/\/i0.wp.com\/vamosporlaliberacion.org\/crpmlm\/wp-content\/uploads\/2022\/08\/17deagosteRS-4.jpg?resize=100%2C70&amp;ssl=1 100w\" sizes=\"auto, (max-width: 555px) 100vw, 555px\" \/><\/figure>\n<\/figure>\n\n\n\n<p>Adem\u00e1s, expres\u00f3 su preocupaci\u00f3n no solo por los empleados registrados que no llegan a fin de mes, sino tambi\u00e9n por quienes pertenecen a la econom\u00eda informal o popular. En este sentido, exigi\u00f3 un aumento de emergencia, remunerativo y bonificable de 40.000 pesos para todos los trabajadorxs estatales y privados, \u201cporque venimos de una perdida que se arrastra del gobierno de Juntos por el Cambio del 20% en los privados y m\u00e1s del 27% en estatales\u201d. Pidi\u00f3 que los salarios <em>\u201cvuelvan a los valores que estaban en el gobierno de&nbsp;<\/em><em>Cristina Kirchner<\/em><em>\u201d<\/em>.<\/p>\n\n\n\n<p>Las columnas obreras iban ganando las avenidas y la 9 de Julio hacia Congreso donde se leer\u00eda un documento \u201cconsensuado\u201d de una gran tibieza y procurando el \u201cconsenso\u201d, mostrando \u201cla pluma\u201d de los gordos de la CGT que saben de conciliaciones y traiciones. <strong>Justamente ese llamado al \u201cconsenso\u201d con los verdugos, es lo que los ha hecho mas fuerte y nos arrastraron a donde estamos.<\/strong><\/p>\n\n\n\n<p>Pero otros sectores del sindicalismo mostraron su disconformidad con el gobierno frente esos enemigos declarados que \u201cnos sacan el alimento de la mesa de lxs argentinxs\u201d a decir de Pablo Moyano. La columna de la Corriente Federal y la CTAT tambi\u00e9n fueron numerosas, si bien hubo dirigentes que prefirieron la tibieza en sus declaraciones afirmando que la \u201cmarcha es en apoyo al gobierno\u201d, sin mediar ni matices.<\/p>\n\n\n\n<p><strong>El \u201cvariopinto\u201d en la marcha es expresi\u00f3n de una situaci\u00f3n particular, donde los dirigentes m\u00e1s cr\u00edticos marcharon con los m\u00e1s conciliadores, pero el sentimiento por abajo apunt\u00f3 a los mismos responsables, los due\u00f1os del poder de la econom\u00eda y el FMI que impone las condiciones.<\/strong><\/p>\n\n\n\n<p>Y es por este camino sinuoso donde debemos plantarnos y cerrarles el paso al neoliberalismo que chantajea y se prepara para volver. <strong>Es por este camino donde se muestra cierta dirigencia a buscar la \u201cunidad en la acci\u00f3n\u201d y le se\u00f1ala al gobierno que no \u201chay cheque en blanco\u201d y si la salida es el ajuste y la concesi\u00f3n a esos sectores concentrados, va a haber luchas m\u00e1s grandes a\u00fan.<\/strong><\/p>\n\n\n\n<p>Es el camino que lamentablemente no entienden aquellxs que plantean \u201ccaminos alternativos\u201d, como el FIT-U que hizo su acto en Plaza de Mayo, abandonado la disputa por la direcci\u00f3n del movimiento obrero y popular, subestimando las numerosas corrientes combativas y antiimperialistas que \u201cnadamos\u201d de manera independiente en \u00abcorrientes tormentosas\u00bb y que tenemos un concepto de unidad que no parte de la ideolog\u00eda, sino de la pol\u00edtica para enfrentar a enemigos m\u00e1s poderosos y no terminar haci\u00e9ndole el juego dividiendo al pueblo.<\/p>\n\n\n\n<p>La marcha sirvi\u00f3 para mostrar que hay voluntad de lucha por abajo, y que, si hay unidad y decisiones claras, ser\u00e1 el inicio de un nuevo per\u00edodo de luchas en las calles. <strong>Que los sectores m\u00e1s confrontativos del movimiento obrero hayan estado all\u00ed y se hayan hecho ver y escuchar es muy importante para la disputa de todxs los trabajadorxs en los tiempos que vendr\u00e1n.<\/strong><\/p>\n\n\n\n<p>Salamanca con el MPL y el CR dijeron presentes con una numerosa columna de compa\u00f1eras y compa\u00f1eros que marcharon junto a la CTA que conduce Pablo Michelli.<\/p>\n\n\n\n<p><strong>El balance es altamente positivo y da muchas mas fuerzas para seguir la lucha por un programa popular que confronte en las calles para que el ajuste caiga sobre los enemigos del pueblo y de la patria.<\/strong><\/p>\n\n\n\n<figure class=\"wp-block-video\"><video height=\"480\" style=\"aspect-ratio: 848 \/ 480;\" width=\"848\" controls src=\"http:\/\/vamosporlaliberacion.org\/crpmlm\/wp-content\/uploads\/2022\/08\/17deAgostoRS-video.mp4\"><\/video><\/figure>\n<!-- AddThis Advanced Settings generic via filter on the_content --><!-- AddThis Share Buttons generic via filter on the_content -->","protected":false},"excerpt":{"rendered":"<p>17 de agosto Lxs trabajadorxs no quieren ajustes Las columnas obreras del interior del pa\u00eds fueron llegando desde la ma\u00f1ana temprano a la Capital Federal. Grupos de obreros y obreras, empleadxs con tonadas provincianas se mov\u00edan por las calles, sacaban fotos y selfis, conociendo de cerca lo que ven todos los d\u00edas en la TV, [&hellip;]<!-- AddThis Advanced Settings generic via filter on get_the_excerpt --><!-- AddThis Share Buttons generic via filter on get_the_excerpt --><\/p>\n","protected":false},"author":9,"featured_media":25689,"comment_status":"open","ping_status":"open","sticky":false,"template":"","format":"standard","meta":{"_jetpack_memberships_contains_paid_content":false,"footnotes":""},"categories":[1881],"tags":[],"class_list":{"0":"post-25686","1":"post","2":"type-post","3":"status-publish","4":"format-standard","5":"has-post-thumbnail","7":"category-editoriales"},"yoast_head":"<!-- This site is optimized with the Yoast SEO plugin v27.4 - https:\/\/yoast.com\/product\/yoast-seo-wordpress\/ -->\n<title>Masiva demostraci\u00f3n obrera y popular - Vamos por la Liberaci\u00f3n<\/title>\n<meta name=\"robots\" content=\"index, follow, max-snippet:-1, max-image-preview:large, max-video-preview:-1\" \/>\n<link rel=\"canonical\" href=\"http:\/\/vamosporlaliberacion.org\/crpmlm\/masiva-demostracion-obrera-y-popular\/\" \/>\n<meta name=\"twitter:label1\" content=\"Escrito por\" \/>\n\t<meta name=\"twitter:data1\" content=\"Prensa Vamos\" \/>\n\t<meta name=\"twitter:label2\" content=\"Tiempo de lectura\" \/>\n\t<meta name=\"twitter:data2\" content=\"6 minutos\" \/>\n<script type=\"application\/ld+json\" class=\"yoast-schema-graph\">{\"@context\":\"https:\\\/\\\/schema.org\",\"@graph\":[{\"@type\":\"Article\",\"@id\":\"http:\\\/\\\/vamosporlaliberacion.org\\\/crpmlm\\\/masiva-demostracion-obrera-y-popular\\\/#article\",\"isPartOf\":{\"@id\":\"http:\\\/\\\/vamosporlaliberacion.org\\\/crpmlm\\\/masiva-demostracion-obrera-y-popular\\\/\"},\"author\":{\"name\":\"Prensa Vamos\",\"@id\":\"https:\\\/\\\/vamosporlaliberacion.org\\\/crpmlm\\\/#\\\/schema\\\/person\\\/ebdbd4bf0e9418b9f0c0a93395366b2f\"},\"headline\":\"Masiva demostraci\u00f3n obrera y popular\",\"datePublished\":\"2022-08-18T15:52:58+00:00\",\"dateModified\":\"2022-08-18T15:53:06+00:00\",\"mainEntityOfPage\":{\"@id\":\"http:\\\/\\\/vamosporlaliberacion.org\\\/crpmlm\\\/masiva-demostracion-obrera-y-popular\\\/\"},\"wordCount\":1114,\"commentCount\":0,\"image\":{\"@id\":\"http:\\\/\\\/vamosporlaliberacion.org\\\/crpmlm\\\/masiva-demostracion-obrera-y-popular\\\/#primaryimage\"},\"thumbnailUrl\":\"https:\\\/\\\/i0.wp.com\\\/vamosporlaliberacion.org\\\/crpmlm\\\/wp-content\\\/uploads\\\/2022\\\/08\\\/17deagosteRS-3.jpg?fit=1600%2C1200&ssl=1\",\"articleSection\":[\"Editoriales\"],\"inLanguage\":\"es\",\"potentialAction\":[{\"@type\":\"CommentAction\",\"name\":\"Comment\",\"target\":[\"http:\\\/\\\/vamosporlaliberacion.org\\\/crpmlm\\\/masiva-demostracion-obrera-y-popular\\\/#respond\"]}]},{\"@type\":\"WebPage\",\"@id\":\"http:\\\/\\\/vamosporlaliberacion.org\\\/crpmlm\\\/masiva-demostracion-obrera-y-popular\\\/\",\"url\":\"http:\\\/\\\/vamosporlaliberacion.org\\\/crpmlm\\\/masiva-demostracion-obrera-y-popular\\\/\",\"name\":\"Masiva demostraci\u00f3n obrera y popular - Vamos por la Liberaci\u00f3n\",\"isPartOf\":{\"@id\":\"https:\\\/\\\/vamosporlaliberacion.org\\\/crpmlm\\\/#website\"},\"primaryImageOfPage\":{\"@id\":\"http:\\\/\\\/vamosporlaliberacion.org\\\/crpmlm\\\/masiva-demostracion-obrera-y-popular\\\/#primaryimage\"},\"image\":{\"@id\":\"http:\\\/\\\/vamosporlaliberacion.org\\\/crpmlm\\\/masiva-demostracion-obrera-y-popular\\\/#primaryimage\"},\"thumbnailUrl\":\"https:\\\/\\\/i0.wp.com\\\/vamosporlaliberacion.org\\\/crpmlm\\\/wp-content\\\/uploads\\\/2022\\\/08\\\/17deagosteRS-3.jpg?fit=1600%2C1200&ssl=1\",\"datePublished\":\"2022-08-18T15:52:58+00:00\",\"dateModified\":\"2022-08-18T15:53:06+00:00\",\"author\":{\"@id\":\"https:\\\/\\\/vamosporlaliberacion.org\\\/crpmlm\\\/#\\\/schema\\\/person\\\/ebdbd4bf0e9418b9f0c0a93395366b2f\"},\"breadcrumb\":{\"@id\":\"http:\\\/\\\/vamosporlaliberacion.org\\\/crpmlm\\\/masiva-demostracion-obrera-y-popular\\\/#breadcrumb\"},\"inLanguage\":\"es\",\"potentialAction\":[{\"@type\":\"ReadAction\",\"target\":[\"http:\\\/\\\/vamosporlaliberacion.org\\\/crpmlm\\\/masiva-demostracion-obrera-y-popular\\\/\"]}]},{\"@type\":\"ImageObject\",\"inLanguage\":\"es\",\"@id\":\"http:\\\/\\\/vamosporlaliberacion.org\\\/crpmlm\\\/masiva-demostracion-obrera-y-popular\\\/#primaryimage\",\"url\":\"https:\\\/\\\/i0.wp.com\\\/vamosporlaliberacion.org\\\/crpmlm\\\/wp-content\\\/uploads\\\/2022\\\/08\\\/17deagosteRS-3.jpg?fit=1600%2C1200&ssl=1\",\"contentUrl\":\"https:\\\/\\\/i0.wp.com\\\/vamosporlaliberacion.org\\\/crpmlm\\\/wp-content\\\/uploads\\\/2022\\\/08\\\/17deagosteRS-3.jpg?fit=1600%2C1200&ssl=1\",\"width\":1600,\"height\":1200},{\"@type\":\"BreadcrumbList\",\"@id\":\"http:\\\/\\\/vamosporlaliberacion.org\\\/crpmlm\\\/masiva-demostracion-obrera-y-popular\\\/#breadcrumb\",\"itemListElement\":[{\"@type\":\"ListItem\",\"position\":1,\"name\":\"Portada\",\"item\":\"https:\\\/\\\/vamosporlaliberacion.org\\\/crpmlm\\\/\"},{\"@type\":\"ListItem\",\"position\":2,\"name\":\"Masiva demostraci\u00f3n obrera y popular\"}]},{\"@type\":\"WebSite\",\"@id\":\"https:\\\/\\\/vamosporlaliberacion.org\\\/crpmlm\\\/#website\",\"url\":\"https:\\\/\\\/vamosporlaliberacion.org\\\/crpmlm\\\/\",\"name\":\"Vamos por la Liberaci\u00f3n\",\"description\":\"Prensa CR\",\"potentialAction\":[{\"@type\":\"SearchAction\",\"target\":{\"@type\":\"EntryPoint\",\"urlTemplate\":\"https:\\\/\\\/vamosporlaliberacion.org\\\/crpmlm\\\/?s={search_term_string}\"},\"query-input\":{\"@type\":\"PropertyValueSpecification\",\"valueRequired\":true,\"valueName\":\"search_term_string\"}}],\"inLanguage\":\"es\"},{\"@type\":\"Person\",\"@id\":\"https:\\\/\\\/vamosporlaliberacion.org\\\/crpmlm\\\/#\\\/schema\\\/person\\\/ebdbd4bf0e9418b9f0c0a93395366b2f\",\"name\":\"Prensa Vamos\",\"sameAs\":[\"http:\\\/\\\/vamposporlaliberacion.org\"],\"url\":\"http:\\\/\\\/vamosporlaliberacion.org\\\/crpmlm\\\/author\\\/editor\\\/\"}]}<\/script>\n<!-- \/ Yoast SEO plugin. -->","yoast_head_json":{"title":"Masiva demostraci\u00f3n obrera y popular - Vamos por la Liberaci\u00f3n","robots":{"index":"index","follow":"follow","max-snippet":"max-snippet:-1","max-image-preview":"max-image-preview:large","max-video-preview":"max-video-preview:-1"},"canonical":"http:\/\/vamosporlaliberacion.org\/crpmlm\/masiva-demostracion-obrera-y-popular\/","twitter_misc":{"Escrito por":"Prensa Vamos","Tiempo de lectura":"6 minutos"},"schema":{"@context":"https:\/\/schema.org","@graph":[{"@type":"Article","@id":"http:\/\/vamosporlaliberacion.org\/crpmlm\/masiva-demostracion-obrera-y-popular\/#article","isPartOf":{"@id":"http:\/\/vamosporlaliberacion.org\/crpmlm\/masiva-demostracion-obrera-y-popular\/"},"author":{"name":"Prensa Vamos","@id":"https:\/\/vamosporlaliberacion.org\/crpmlm\/#\/schema\/person\/ebdbd4bf0e9418b9f0c0a93395366b2f"},"headline":"Masiva demostraci\u00f3n obrera y popular","datePublished":"2022-08-18T15:52:58+00:00","dateModified":"2022-08-18T15:53:06+00:00","mainEntityOfPage":{"@id":"http:\/\/vamosporlaliberacion.org\/crpmlm\/masiva-demostracion-obrera-y-popular\/"},"wordCount":1114,"commentCount":0,"image":{"@id":"http:\/\/vamosporlaliberacion.org\/crpmlm\/masiva-demostracion-obrera-y-popular\/#primaryimage"},"thumbnailUrl":"https:\/\/i0.wp.com\/vamosporlaliberacion.org\/crpmlm\/wp-content\/uploads\/2022\/08\/17deagosteRS-3.jpg?fit=1600%2C1200&ssl=1","articleSection":["Editoriales"],"inLanguage":"es","potentialAction":[{"@type":"CommentAction","name":"Comment","target":["http:\/\/vamosporlaliberacion.org\/crpmlm\/masiva-demostracion-obrera-y-popular\/#respond"]}]},{"@type":"WebPage","@id":"http:\/\/vamosporlaliberacion.org\/crpmlm\/masiva-demostracion-obrera-y-popular\/","url":"http:\/\/vamosporlaliberacion.org\/crpmlm\/masiva-demostracion-obrera-y-popular\/","name":"Masiva demostraci\u00f3n obrera y popular - Vamos por la Liberaci\u00f3n","isPartOf":{"@id":"https:\/\/vamosporlaliberacion.org\/crpmlm\/#website"},"primaryImageOfPage":{"@id":"http:\/\/vamosporlaliberacion.org\/crpmlm\/masiva-demostracion-obrera-y-popular\/#primaryimage"},"image":{"@id":"http:\/\/vamosporlaliberacion.org\/crpmlm\/masiva-demostracion-obrera-y-popular\/#primaryimage"},"thumbnailUrl":"https:\/\/i0.wp.com\/vamosporlaliberacion.org\/crpmlm\/wp-content\/uploads\/2022\/08\/17deagosteRS-3.jpg?fit=1600%2C1200&ssl=1","datePublished":"2022-08-18T15:52:58+00:00","dateModified":"2022-08-18T15:53:06+00:00","author":{"@id":"https:\/\/vamosporlaliberacion.org\/crpmlm\/#\/schema\/person\/ebdbd4bf0e9418b9f0c0a93395366b2f"},"breadcrumb":{"@id":"http:\/\/vamosporlaliberacion.org\/crpmlm\/masiva-demostracion-obrera-y-popular\/#breadcrumb"},"inLanguage":"es","potentialAction":[{"@type":"ReadAction","target":["http:\/\/vamosporlaliberacion.org\/crpmlm\/masiva-demostracion-obrera-y-popular\/"]}]},{"@type":"ImageObject","inLanguage":"es","@id":"http:\/\/vamosporlaliberacion.org\/crpmlm\/masiva-demostracion-obrera-y-popular\/#primaryimage","url":"https:\/\/i0.wp.com\/vamosporlaliberacion.org\/crpmlm\/wp-content\/uploads\/2022\/08\/17deagosteRS-3.jpg?fit=1600%2C1200&ssl=1","contentUrl":"https:\/\/i0.wp.com\/vamosporlaliberacion.org\/crpmlm\/wp-content\/uploads\/2022\/08\/17deagosteRS-3.jpg?fit=1600%2C1200&ssl=1","width":1600,"height":1200},{"@type":"BreadcrumbList","@id":"http:\/\/vamosporlaliberacion.org\/crpmlm\/masiva-demostracion-obrera-y-popular\/#breadcrumb","itemListElement":[{"@type":"ListItem","position":1,"name":"Portada","item":"https:\/\/vamosporlaliberacion.org\/crpmlm\/"},{"@type":"ListItem","position":2,"name":"Masiva demostraci\u00f3n obrera y popular"}]},{"@type":"WebSite","@id":"https:\/\/vamosporlaliberacion.org\/crpmlm\/#website","url":"https:\/\/vamosporlaliberacion.org\/crpmlm\/","name":"Vamos por la Liberaci\u00f3n","description":"Prensa CR","potentialAction":[{"@type":"SearchAction","target":{"@type":"EntryPoint","urlTemplate":"https:\/\/vamosporlaliberacion.org\/crpmlm\/?s={search_term_string}"},"query-input":{"@type":"PropertyValueSpecification","valueRequired":true,"valueName":"search_term_string"}}],"inLanguage":"es"},{"@type":"Person","@id":"https:\/\/vamosporlaliberacion.org\/crpmlm\/#\/schema\/person\/ebdbd4bf0e9418b9f0c0a93395366b2f","name":"Prensa Vamos","sameAs":["http:\/\/vamposporlaliberacion.org"],"url":"http:\/\/vamosporlaliberacion.org\/crpmlm\/author\/editor\/"}]}},"jetpack_featured_media_url":"https:\/\/i0.wp.com\/vamosporlaliberacion.org\/crpmlm\/wp-content\/uploads\/2022\/08\/17deagosteRS-3.jpg?fit=1600%2C1200&ssl=1","jetpack_sharing_enabled":true,"_links":{"self":[{"href":"http:\/\/vamosporlaliberacion.org\/crpmlm\/wp-json\/wp\/v2\/posts\/25686","targetHints":{"allow":["GET"]}}],"collection":[{"href":"http:\/\/vamosporlaliberacion.org\/crpmlm\/wp-json\/wp\/v2\/posts"}],"about":[{"href":"http:\/\/vamosporlaliberacion.org\/crpmlm\/wp-json\/wp\/v2\/types\/post"}],"author":[{"embeddable":true,"href":"http:\/\/vamosporlaliberacion.org\/crpmlm\/wp-json\/wp\/v2\/users\/9"}],"replies":[{"embeddable":true,"href":"http:\/\/vamosporlaliberacion.org\/crpmlm\/wp-json\/wp\/v2\/comments?post=25686"}],"version-history":[{"count":1,"href":"http:\/\/vamosporlaliberacion.org\/crpmlm\/wp-json\/wp\/v2\/posts\/25686\/revisions"}],"predecessor-version":[{"id":25692,"href":"http:\/\/vamosporlaliberacion.org\/crpmlm\/wp-json\/wp\/v2\/posts\/25686\/revisions\/25692"}],"wp:featuredmedia":[{"embeddable":true,"href":"http:\/\/vamosporlaliberacion.org\/crpmlm\/wp-json\/wp\/v2\/media\/25689"}],"wp:attachment":[{"href":"http:\/\/vamosporlaliberacion.org\/crpmlm\/wp-json\/wp\/v2\/media?parent=25686"}],"wp:term":[{"taxonomy":"category","embeddable":true,"href":"http:\/\/vamosporlaliberacion.org\/crpmlm\/wp-json\/wp\/v2\/categories?post=25686"},{"taxonomy":"post_tag","embeddable":true,"href":"http:\/\/vamosporlaliberacion.org\/crpmlm\/wp-json\/wp\/v2\/tags?post=25686"}],"curies":[{"name":"wp","href":"https:\/\/api.w.org\/{rel}","templated":true}]}}