{"id":25617,"date":"2022-07-27T21:49:02","date_gmt":"2022-07-28T00:49:02","guid":{"rendered":"http:\/\/vamosporlaliberacion.org\/crpmlm\/?p=25617"},"modified":"2022-07-27T22:10:11","modified_gmt":"2022-07-28T01:10:11","slug":"especula-presiona-y-reinaras","status":"publish","type":"post","link":"http:\/\/vamosporlaliberacion.org\/crpmlm\/especula-presiona-y-reinaras\/","title":{"rendered":"Especula, presiona y reinar\u00e1s"},"content":{"rendered":"\n<p><strong>La medida del BCRA<\/strong><\/p>\n\n\n\n<p><em><strong>\u00abla medida del Banco Central solo beneficia a los productores de soja\u00bb&nbsp;<\/strong><\/em><em>(Miguel Pesce, Presidente del BCRA 26\/07\/22).<\/em><\/p>\n\n\n\n<p>\u201c<strong>Especula, presiona y reinar\u00e1s\u201d<\/strong>\u00a0parece ser el lema de los agroexportadores, pooles y terratenientes que en estos d\u00edas han chantajeado reteniendo la soja por valor de 20.000 millones de d\u00f3lares, para forzar una devaluaci\u00f3n que destruya los salarios, jubilaciones y dem\u00e1s ingresos.\u00a0Han logrado por parte del gobierno que en vez de utilizar los recursos que le brinda la ley y decretos de Estaso para hacer cumplir las obligaciones, elija una vez m\u00e1s \u201cdialogar\u201d y ceder frente a los que no les importa la producci\u00f3n nacional y la comida de los argentinxs.\u00a0<strong>Una vez m\u00e1s salen ganando lo que adem\u00e1s promueven un golpe o adelantar las elecciones.\u00a0<\/strong><\/p>\n\n\n\n<p>En un mismo d\u00eda por la ma\u00f1ana el presidente hablaba de los chantajes y que no le van a torcer el brazo, para pasar por la tarde a emitir la resoluci\u00f3n del BCRA cediendo a esos chantajes.&nbsp;<\/p>\n\n\n\n<p>La medida del Banco Central que estar\u00e1 disponible\u00a0hasta el 31 de agosto, permite que los exportadores de soja accedan al d\u00f3lar libremente y sin cepo. Hasta el 70\u00a0% podr\u00e1 ser depositado con un rendimiento atado a la devaluaci\u00f3n y el 30\u00a0% restante pueda ser canjeado al tipo de cambio del \u00abd\u00f3lar solidario\u00bb. Por m\u00e1s que el Presidente del BCRA, Miguel Pesce sostenga que\u00a0<em><strong>\u201cno hay desdoblamiento cambiario ni d\u00f3lar agro\u201d<\/strong><\/em>, la realidad indica otra cosa que lleva a su otra afirmaci\u00f3n respecto a que\u00a0<em><strong>\u00abla medida del Banco Central solo beneficia a los productores de soja\u00bb<\/strong><\/em>.\u00a0O sea, si hay beneficios para que rindan los d\u00f3lares. Y esa es la verdad lo que significa que se concede a los que especulan y no se tiene la misma vara con otros sectores industriales que producen m\u00e1s d\u00f3lares como las Pymes.\u00a0<\/p>\n\n\n\n<p><strong>Si hay un cambio de esquema,\u00a0<\/strong>quiere decir que en en los hechos,<strong>\u00a0hay un desdoblamiento del tipo de cambio<\/strong>\u00a0<strong>para favorecer la rentabilidad de los agroexportadores<\/strong>. Por un lado permitiendo que el 70\u00a0% de la producci\u00f3n liquidada pueda obtener un rendimiento similar al \u00abd\u00f3lar link\u00bb (valor del d\u00f3lar mayorista) realizando un dep\u00f3sito a la vista de esos pesos, lo que implica que les garantiza que en caso de que\u00a0<strong>el d\u00f3lar oficial se siga devaluando, obtendr\u00e1n la ganancia total de esa devaluaci\u00f3n.<\/strong> Adem\u00e1s Pesce asegur\u00f3 que\u00a0<em><strong>\u00abestamos solucionando el problema planteado por los productores\u00bb<\/strong><\/em>. \u00bfCu\u00e1l problema?, si es un chantaje liso y llano de quienes vienen ganando con el precio en alza de los granos a nivel internacional y favorecidos por el tipo de cambio y las concesiones impositivas.\u00a0<\/p>\n\n\n\n<p>Problemas tienen los peque\u00f1os productores que est\u00e1n presos de los grandes acopiadores que exportan y especulan. Problema tienen los que no tienen tierras para trabajar y son expulsados por el avance de la frontera sojera. Problemas lo tienen los pueblos fumigados y tierra envenenada por los agrot\u00f3xicos que requiere el mayor rinde para exportar. Problemas tienen lxs trabajadorxs esclavizados, golondrinas que viven en los campos trabajando de sol a sol, en la clandestinidad que les imponen los terratenientes.\u00a0<strong><em>Esxs son los que tienen PROBLEMAS!! A estxs hay que escuchar y empoderar.<\/em><\/strong>\u00a0<\/p>\n\n\n\n<p>\u00bfPorque se enoja el Presidente del BCRA cuando le se\u00f1alan que debe haber igualdad de condiciones respecto a las Pymes?,\u00a0<strong>\u00bfAcaso no es justo el planteo de un sector importante que genera m\u00e1s valor agregado y m\u00e1s trabajo que el campo?<\/strong>\u00a0\u00bfAcaso no es justo \u00e9l reclamo de un sector que viene\u00a0acompa\u00f1ando al gobierno nacional, incluso con p\u00e9rdidas?\u00a0<\/p>\n\n\n\n<p>Porque Pesce chantajea y agrede a quienes piden equidad con el sector&nbsp;<em>\u00bf\u201cque quieren que les cobremos 30% de retenciones\u2026son ignorantes\u201d?,<\/em> les contest\u00f3 a los empresarios Pymes<em>.<\/em><\/p>\n\n\n\n<p>En conclusi\u00f3n, hay rechazo a la medida del BCRA porque concede a las exportadoras que son la franja alta de esa pir\u00e1mide.\u00a0<strong>Los productores peque\u00f1os o medianos la ven pasar porque ya vendieron su producci\u00f3n a los grandes acopios<\/strong>.\u00a0 Hay quienes dicen que la medida va estimular la venta de una parte porque pasando en limpio los n\u00fameros, significar\u00eda vender a un tipo de cambio sin retenciones.\u00a0<\/p>\n\n\n\n<h3 class=\"wp-block-heading\"><strong>Rumores en la misma direcci\u00f3n<\/strong> <\/h3>\n\n\n\n<p>Aparecen ahora rumores sobre la designaci\u00f3n de Sergio Massa como \u201csuperministro\u201d de econom\u00eda, algunos dicen a pedido de algunos gobernadores, pero llamativamente instalado por Clar\u00edn, La Naci\u00f3n + y TN o sea los voceros de los sectores concentrados.<\/p>\n\n\n\n<p>Un ministro con amplios poderes para darle robustez pol\u00edtica al gobierno, pero reafirmando el rumbo que piden los sectores concentrados y el FMI.<\/p>\n\n\n\n<p>Todav\u00eda no es seguro, pero Massa contar\u00eda con consenso en el gobierno (no as\u00ed en el Frente de Todos) y despu\u00e9s de las concesiones del BCRA a los sectores agro exportadores en el terreno econ\u00f3mico, la llegada de Massa ser\u00eda la se\u00f1al pol\u00edtica que necesitan los \u201cdue\u00f1os del poder\u201d.<\/p>\n\n\n\n<h3 class=\"wp-block-heading\">Los deberes del FMI<\/h3>\n\n\n\n<p>Estas medidas se consensuaron mientras la Ministra de Econom\u00eda, Silvina Batakys estaba en EEUU con la presidenta del FMI.&nbsp;<\/p>\n\n\n<div class=\"wp-block-image\">\n<figure class=\"aligncenter size-large is-resized\"><img data-recalc-dims=\"1\" loading=\"lazy\" decoding=\"async\" src=\"https:\/\/i0.wp.com\/vamosporlaliberacion.org\/crpmlm\/wp-content\/uploads\/2022\/07\/BataFMI-700x466.jpeg?resize=450%2C300\" alt=\"\" class=\"wp-image-25624\" width=\"450\" height=\"300\" srcset=\"https:\/\/i0.wp.com\/vamosporlaliberacion.org\/crpmlm\/wp-content\/uploads\/2022\/07\/BataFMI.jpeg?resize=700%2C466&amp;ssl=1 700w, https:\/\/i0.wp.com\/vamosporlaliberacion.org\/crpmlm\/wp-content\/uploads\/2022\/07\/BataFMI.jpeg?resize=300%2C200&amp;ssl=1 300w, https:\/\/i0.wp.com\/vamosporlaliberacion.org\/crpmlm\/wp-content\/uploads\/2022\/07\/BataFMI.jpeg?resize=768%2C512&amp;ssl=1 768w, https:\/\/i0.wp.com\/vamosporlaliberacion.org\/crpmlm\/wp-content\/uploads\/2022\/07\/BataFMI.jpeg?resize=1536%2C1023&amp;ssl=1 1536w, https:\/\/i0.wp.com\/vamosporlaliberacion.org\/crpmlm\/wp-content\/uploads\/2022\/07\/BataFMI.jpeg?resize=150%2C100&amp;ssl=1 150w, https:\/\/i0.wp.com\/vamosporlaliberacion.org\/crpmlm\/wp-content\/uploads\/2022\/07\/BataFMI.jpeg?resize=696%2C464&amp;ssl=1 696w, https:\/\/i0.wp.com\/vamosporlaliberacion.org\/crpmlm\/wp-content\/uploads\/2022\/07\/BataFMI.jpeg?resize=1068%2C712&amp;ssl=1 1068w, https:\/\/i0.wp.com\/vamosporlaliberacion.org\/crpmlm\/wp-content\/uploads\/2022\/07\/BataFMI.jpeg?resize=630%2C420&amp;ssl=1 630w, https:\/\/i0.wp.com\/vamosporlaliberacion.org\/crpmlm\/wp-content\/uploads\/2022\/07\/BataFMI.jpeg?w=1600&amp;ssl=1 1600w, https:\/\/i0.wp.com\/vamosporlaliberacion.org\/crpmlm\/wp-content\/uploads\/2022\/07\/BataFMI.jpeg?w=1392&amp;ssl=1 1392w\" sizes=\"auto, (max-width: 450px) 100vw, 450px\" \/><figcaption>Batakis con Giorgieva<\/figcaption><\/figure>\n<\/div>\n\n\n<p>Como era de esperar nada trajo, salvo m\u00e1s ajuste que pagaremos. No bast\u00f3 la foto vergonzosa que se sacaron con el presidente firmando el congelamiento del ingreso a la planta del Estado lo que implica que miles de trabajadorxs de todas las reparticiones estatales, no podr\u00e1n ingresar a la planta permanente. Tampoco bast\u00f3 el aumento del boleto en un 40% a los transportistas del AMBA que chantajearon con un lockaut patronal.&nbsp;<\/p>\n\n\n\n<p>No bast\u00f3 con la segmentaci\u00f3n de las tarifas que no saca autom\u00e1ticamente a los jubilados, pensionados y planes sociales sino que los hace hacer el tr\u00e1mite mientras les reduce el subsidio a grandes sectores medios asalariados.\u00a0No solo eso, sino que adem\u00e1s le niegan nuevos endeudamientos al pa\u00eds o se los dispone a cuentagotas como los 200 millones que le otorg\u00f3 el BID.\u00a0<\/p>\n\n\n\n<p>La negociaci\u00f3n por la deuda usuraria e ileg\u00edtima no tuvo ni reestructuraci\u00f3n, condonaci\u00f3n de sobrecargos, ni consideraciones en la tasa de inter\u00e9s, ni tampoco extensi\u00f3n de plazos. As\u00ed, el ex ministro Guzm\u00e1n cumpl\u00eda con sus jefes\u2026del norte, claro.&nbsp;<\/p>\n\n\n\n<p><strong>Se acept\u00f3 una deuda sin precedentes, con un \u201cplan de salvataje\u201d inflacionario y de ajuste que se erige como el principal condicionamiento de la econom\u00eda que contribuy\u00f3 a la construcci\u00f3n de este momento cr\u00edtico que aprovechan los \u201cdue\u00f1os del poder\u201d para estimular y profundizar.&nbsp;<\/strong><\/p>\n\n\n\n<p>El FMI emiti\u00f3 un comunicado mostrando la mayor preocupaci\u00f3n por la situaci\u00f3n del pa\u00eds y como no puede ser de otra forma, surgieren seguir con el plan en marcha, de reducci\u00f3n del d\u00e9ficit pero presionando m\u00e1s sobre los d\u00f3lares y los plazos prefijados de pagos de compromisos, que a esta altura son de imposible cumplimiento.\u00a0<strong>Lejos de ir al FMI a plantear las imposibilidades de cumplir con estas metas de la que solo se benefician ellos y los que la fugaron, se volvi\u00f3 a conceder.\u00a0<\/strong><\/p>\n\n\n\n<h3 class=\"wp-block-heading\"><strong>Encendiendo antorchas\u00a0<\/strong><\/h3>\n\n\n\n<p>El 26 de julio se cumplieron 70 a\u00f1os de la muerte de Eva Duarte, \u201cEvita\u201d.&nbsp;<\/p>\n\n\n\n<p>La movilizaci\u00f3n convocada por un sector de la CGT encabezada por Pablo Moyano de Camioneros, la CTA-T, la Corriente Federal y la CTA que conduce Pablo Michelli.\u00a0<\/p>\n\n\n\n<figure class=\"wp-block-gallery has-nested-images columns-default is-cropped wp-block-gallery-1 is-layout-flex wp-block-gallery-is-layout-flex\">\n<figure class=\"wp-block-image size-large\"><img data-recalc-dims=\"1\" loading=\"lazy\" decoding=\"async\" width=\"696\" height=\"696\" data-id=\"25625\" src=\"https:\/\/i0.wp.com\/vamosporlaliberacion.org\/crpmlm\/wp-content\/uploads\/2022\/07\/FlyerCRMarchaEva.jpeg?resize=696%2C696\" alt=\"\" class=\"wp-image-25625\" srcset=\"https:\/\/i0.wp.com\/vamosporlaliberacion.org\/crpmlm\/wp-content\/uploads\/2022\/07\/FlyerCRMarchaEva.jpeg?w=1080&amp;ssl=1 1080w, https:\/\/i0.wp.com\/vamosporlaliberacion.org\/crpmlm\/wp-content\/uploads\/2022\/07\/FlyerCRMarchaEva.jpeg?resize=300%2C300&amp;ssl=1 300w, https:\/\/i0.wp.com\/vamosporlaliberacion.org\/crpmlm\/wp-content\/uploads\/2022\/07\/FlyerCRMarchaEva.jpeg?resize=700%2C700&amp;ssl=1 700w, https:\/\/i0.wp.com\/vamosporlaliberacion.org\/crpmlm\/wp-content\/uploads\/2022\/07\/FlyerCRMarchaEva.jpeg?resize=150%2C150&amp;ssl=1 150w, https:\/\/i0.wp.com\/vamosporlaliberacion.org\/crpmlm\/wp-content\/uploads\/2022\/07\/FlyerCRMarchaEva.jpeg?resize=768%2C768&amp;ssl=1 768w, https:\/\/i0.wp.com\/vamosporlaliberacion.org\/crpmlm\/wp-content\/uploads\/2022\/07\/FlyerCRMarchaEva.jpeg?resize=696%2C696&amp;ssl=1 696w, https:\/\/i0.wp.com\/vamosporlaliberacion.org\/crpmlm\/wp-content\/uploads\/2022\/07\/FlyerCRMarchaEva.jpeg?resize=1068%2C1068&amp;ssl=1 1068w, https:\/\/i0.wp.com\/vamosporlaliberacion.org\/crpmlm\/wp-content\/uploads\/2022\/07\/FlyerCRMarchaEva.jpeg?resize=420%2C420&amp;ssl=1 420w\" sizes=\"auto, (max-width: 696px) 100vw, 696px\" \/><\/figure>\n\n\n\n<figure class=\"wp-block-image size-large\"><img data-recalc-dims=\"1\" loading=\"lazy\" decoding=\"async\" width=\"696\" height=\"522\" data-id=\"25622\" src=\"https:\/\/i0.wp.com\/vamosporlaliberacion.org\/crpmlm\/wp-content\/uploads\/2022\/07\/marchaEva1.jpeg?resize=696%2C522\" alt=\"\" class=\"wp-image-25622\" srcset=\"https:\/\/i0.wp.com\/vamosporlaliberacion.org\/crpmlm\/wp-content\/uploads\/2022\/07\/marchaEva1.jpeg?w=1600&amp;ssl=1 1600w, https:\/\/i0.wp.com\/vamosporlaliberacion.org\/crpmlm\/wp-content\/uploads\/2022\/07\/marchaEva1.jpeg?resize=300%2C225&amp;ssl=1 300w, https:\/\/i0.wp.com\/vamosporlaliberacion.org\/crpmlm\/wp-content\/uploads\/2022\/07\/marchaEva1.jpeg?resize=700%2C525&amp;ssl=1 700w, https:\/\/i0.wp.com\/vamosporlaliberacion.org\/crpmlm\/wp-content\/uploads\/2022\/07\/marchaEva1.jpeg?resize=768%2C576&amp;ssl=1 768w, https:\/\/i0.wp.com\/vamosporlaliberacion.org\/crpmlm\/wp-content\/uploads\/2022\/07\/marchaEva1.jpeg?resize=1536%2C1152&amp;ssl=1 1536w, https:\/\/i0.wp.com\/vamosporlaliberacion.org\/crpmlm\/wp-content\/uploads\/2022\/07\/marchaEva1.jpeg?resize=150%2C113&amp;ssl=1 150w, https:\/\/i0.wp.com\/vamosporlaliberacion.org\/crpmlm\/wp-content\/uploads\/2022\/07\/marchaEva1.jpeg?resize=696%2C522&amp;ssl=1 696w, https:\/\/i0.wp.com\/vamosporlaliberacion.org\/crpmlm\/wp-content\/uploads\/2022\/07\/marchaEva1.jpeg?resize=1068%2C801&amp;ssl=1 1068w, https:\/\/i0.wp.com\/vamosporlaliberacion.org\/crpmlm\/wp-content\/uploads\/2022\/07\/marchaEva1.jpeg?resize=560%2C420&amp;ssl=1 560w, https:\/\/i0.wp.com\/vamosporlaliberacion.org\/crpmlm\/wp-content\/uploads\/2022\/07\/marchaEva1.jpeg?resize=80%2C60&amp;ssl=1 80w, https:\/\/i0.wp.com\/vamosporlaliberacion.org\/crpmlm\/wp-content\/uploads\/2022\/07\/marchaEva1.jpeg?resize=265%2C198&amp;ssl=1 265w, https:\/\/i0.wp.com\/vamosporlaliberacion.org\/crpmlm\/wp-content\/uploads\/2022\/07\/marchaEva1.jpeg?w=1392&amp;ssl=1 1392w\" sizes=\"auto, (max-width: 696px) 100vw, 696px\" \/><\/figure>\n\n\n\n<figure class=\"wp-block-image size-large\"><img data-recalc-dims=\"1\" loading=\"lazy\" decoding=\"async\" width=\"696\" height=\"522\" data-id=\"25621\" src=\"https:\/\/i0.wp.com\/vamosporlaliberacion.org\/crpmlm\/wp-content\/uploads\/2022\/07\/marchaEva2.jpeg?resize=696%2C522\" alt=\"\" class=\"wp-image-25621\" srcset=\"https:\/\/i0.wp.com\/vamosporlaliberacion.org\/crpmlm\/wp-content\/uploads\/2022\/07\/marchaEva2.jpeg?w=1600&amp;ssl=1 1600w, https:\/\/i0.wp.com\/vamosporlaliberacion.org\/crpmlm\/wp-content\/uploads\/2022\/07\/marchaEva2.jpeg?resize=300%2C225&amp;ssl=1 300w, https:\/\/i0.wp.com\/vamosporlaliberacion.org\/crpmlm\/wp-content\/uploads\/2022\/07\/marchaEva2.jpeg?resize=700%2C525&amp;ssl=1 700w, https:\/\/i0.wp.com\/vamosporlaliberacion.org\/crpmlm\/wp-content\/uploads\/2022\/07\/marchaEva2.jpeg?resize=768%2C576&amp;ssl=1 768w, https:\/\/i0.wp.com\/vamosporlaliberacion.org\/crpmlm\/wp-content\/uploads\/2022\/07\/marchaEva2.jpeg?resize=1536%2C1152&amp;ssl=1 1536w, https:\/\/i0.wp.com\/vamosporlaliberacion.org\/crpmlm\/wp-content\/uploads\/2022\/07\/marchaEva2.jpeg?resize=150%2C113&amp;ssl=1 150w, https:\/\/i0.wp.com\/vamosporlaliberacion.org\/crpmlm\/wp-content\/uploads\/2022\/07\/marchaEva2.jpeg?resize=696%2C522&amp;ssl=1 696w, https:\/\/i0.wp.com\/vamosporlaliberacion.org\/crpmlm\/wp-content\/uploads\/2022\/07\/marchaEva2.jpeg?resize=1068%2C801&amp;ssl=1 1068w, https:\/\/i0.wp.com\/vamosporlaliberacion.org\/crpmlm\/wp-content\/uploads\/2022\/07\/marchaEva2.jpeg?resize=560%2C420&amp;ssl=1 560w, https:\/\/i0.wp.com\/vamosporlaliberacion.org\/crpmlm\/wp-content\/uploads\/2022\/07\/marchaEva2.jpeg?resize=80%2C60&amp;ssl=1 80w, https:\/\/i0.wp.com\/vamosporlaliberacion.org\/crpmlm\/wp-content\/uploads\/2022\/07\/marchaEva2.jpeg?resize=265%2C198&amp;ssl=1 265w, https:\/\/i0.wp.com\/vamosporlaliberacion.org\/crpmlm\/wp-content\/uploads\/2022\/07\/marchaEva2.jpeg?w=1392&amp;ssl=1 1392w\" sizes=\"auto, (max-width: 696px) 100vw, 696px\" \/><\/figure>\n<figcaption class=\"blocks-gallery-caption\">CR, MP Liberaci\u00f3n y la Ren\u00e9 Salamanca en la Marcha de las Antorchas<\/figcaption><\/figure>\n\n\n\n<div style=\"margin:0 auto; width:80%; background-color:#E2E6F8; font-size:11pt; border-style: solid; border-color:#6C85F8; boder-width:1px;\">\n<h4>Programa para la coyuntura<\/h4><br><br> \n\n<h3>EL PUEBLO GANA LAS CALLES<\/h3>\n<p><B>Para frenar a los especuladores y golpistas!<\/B><\/p>\n<br>\n<p>\u2043 Declarar la Emergencia Econ\u00f3mica <br>\n&#8211; Declarar la Emergencia Cambiaria(Decr #2.581\/64)<br>\n\u2043 Ley Abastecimiento #20.680 (Expropiaci\u00f3n y disposici\u00f3n de la producci\u00f3n con la que se especula).<br>\n\u2043 NO a la rebaja\/eliminaci\u00f3n de las retenciones. NO al d\u00f3lar \u201cchacarero\u201d.<br>\n\u2043 Suspensi\u00f3n YA! de los acuerdos con el FMI. Basta de endeudamientos!<br>\n\u2043 Urgente aumento general de salarios, jubilaciones y ayudas sociales.<br>\n\u2043 Control estatal del comercio exterior y la banca. Empresa Nacional de Alimentos.<br>\n\u2043 Causa penales y prisi\u00f3n a aquellos sectores\/personas que atenten contra la Constituci\u00f3n Nacional.<br>\n<\/p>\n<h3>VAMOS POR EL RUMBO POPULAR!!<\/h3>\n\n<p style=\"text-align:right;\"><i>Comunismo Revolucionario<br>\nMovimiento Popular Liberaci\u00f3n<i><\/p>\n<\/div>\n\n\n\n<p>Miles acudimos a la convocatoria cargada de emoci\u00f3n cuando al caer la noche se iban encendiendo las antorchas rememorando aquellos 14 d\u00edas que dur\u00f3 la despedida de Evita en 1952.&nbsp;<\/p>\n\n\n\n<p>Se ley\u00f3 un documento y luego tomaron la palabra oradores y oradoras donde se puso negro sobre blanco donde est\u00e1n los enemigos del pueblo y de la patria enrolados en aquellas instituciones que ayer combatieron al peronismo en el poder y a evita hasta llegar a los bombardeos, golpes sangrientos y dictadura fascista como en 1955 y 1976.&nbsp;<\/p>\n\n\n\n<figure class=\"wp-block-gallery has-nested-images columns-default is-cropped wp-block-gallery-2 is-layout-flex wp-block-gallery-is-layout-flex\">\n<figure class=\"wp-block-image size-large\"><img data-recalc-dims=\"1\" loading=\"lazy\" decoding=\"async\" width=\"696\" height=\"392\" data-id=\"25620\" src=\"https:\/\/i0.wp.com\/vamosporlaliberacion.org\/crpmlm\/wp-content\/uploads\/2022\/07\/marchaEva3.jpeg?resize=696%2C392\" alt=\"\" class=\"wp-image-25620\" srcset=\"https:\/\/i0.wp.com\/vamosporlaliberacion.org\/crpmlm\/wp-content\/uploads\/2022\/07\/marchaEva3.jpeg?w=1280&amp;ssl=1 1280w, https:\/\/i0.wp.com\/vamosporlaliberacion.org\/crpmlm\/wp-content\/uploads\/2022\/07\/marchaEva3.jpeg?resize=300%2C169&amp;ssl=1 300w, https:\/\/i0.wp.com\/vamosporlaliberacion.org\/crpmlm\/wp-content\/uploads\/2022\/07\/marchaEva3.jpeg?resize=700%2C394&amp;ssl=1 700w, https:\/\/i0.wp.com\/vamosporlaliberacion.org\/crpmlm\/wp-content\/uploads\/2022\/07\/marchaEva3.jpeg?resize=768%2C432&amp;ssl=1 768w, https:\/\/i0.wp.com\/vamosporlaliberacion.org\/crpmlm\/wp-content\/uploads\/2022\/07\/marchaEva3.jpeg?resize=150%2C84&amp;ssl=1 150w, https:\/\/i0.wp.com\/vamosporlaliberacion.org\/crpmlm\/wp-content\/uploads\/2022\/07\/marchaEva3.jpeg?resize=696%2C392&amp;ssl=1 696w, https:\/\/i0.wp.com\/vamosporlaliberacion.org\/crpmlm\/wp-content\/uploads\/2022\/07\/marchaEva3.jpeg?resize=1068%2C601&amp;ssl=1 1068w, https:\/\/i0.wp.com\/vamosporlaliberacion.org\/crpmlm\/wp-content\/uploads\/2022\/07\/marchaEva3.jpeg?resize=747%2C420&amp;ssl=1 747w\" sizes=\"auto, (max-width: 696px) 100vw, 696px\" \/><\/figure>\n\n\n\n<figure class=\"wp-block-image size-large\"><img data-recalc-dims=\"1\" loading=\"lazy\" decoding=\"async\" width=\"614\" height=\"587\" data-id=\"25619\" src=\"https:\/\/i0.wp.com\/vamosporlaliberacion.org\/crpmlm\/wp-content\/uploads\/2022\/07\/marchaEva4.jpeg?resize=614%2C587\" alt=\"\" class=\"wp-image-25619\" srcset=\"https:\/\/i0.wp.com\/vamosporlaliberacion.org\/crpmlm\/wp-content\/uploads\/2022\/07\/marchaEva4.jpeg?w=614&amp;ssl=1 614w, https:\/\/i0.wp.com\/vamosporlaliberacion.org\/crpmlm\/wp-content\/uploads\/2022\/07\/marchaEva4.jpeg?resize=300%2C287&amp;ssl=1 300w, https:\/\/i0.wp.com\/vamosporlaliberacion.org\/crpmlm\/wp-content\/uploads\/2022\/07\/marchaEva4.jpeg?resize=150%2C143&amp;ssl=1 150w, https:\/\/i0.wp.com\/vamosporlaliberacion.org\/crpmlm\/wp-content\/uploads\/2022\/07\/marchaEva4.jpeg?resize=439%2C420&amp;ssl=1 439w\" sizes=\"auto, (max-width: 614px) 100vw, 614px\" \/><\/figure>\n\n\n\n<figure class=\"wp-block-image size-large\"><img data-recalc-dims=\"1\" loading=\"lazy\" decoding=\"async\" width=\"696\" height=\"391\" data-id=\"25618\" src=\"https:\/\/i0.wp.com\/vamosporlaliberacion.org\/crpmlm\/wp-content\/uploads\/2022\/07\/marchaEva5.jpeg?resize=696%2C391\" alt=\"\" class=\"wp-image-25618\" srcset=\"https:\/\/i0.wp.com\/vamosporlaliberacion.org\/crpmlm\/wp-content\/uploads\/2022\/07\/marchaEva5.jpeg?w=1280&amp;ssl=1 1280w, https:\/\/i0.wp.com\/vamosporlaliberacion.org\/crpmlm\/wp-content\/uploads\/2022\/07\/marchaEva5.jpeg?resize=300%2C169&amp;ssl=1 300w, https:\/\/i0.wp.com\/vamosporlaliberacion.org\/crpmlm\/wp-content\/uploads\/2022\/07\/marchaEva5.jpeg?resize=700%2C393&amp;ssl=1 700w, https:\/\/i0.wp.com\/vamosporlaliberacion.org\/crpmlm\/wp-content\/uploads\/2022\/07\/marchaEva5.jpeg?resize=768%2C431&amp;ssl=1 768w, https:\/\/i0.wp.com\/vamosporlaliberacion.org\/crpmlm\/wp-content\/uploads\/2022\/07\/marchaEva5.jpeg?resize=150%2C84&amp;ssl=1 150w, https:\/\/i0.wp.com\/vamosporlaliberacion.org\/crpmlm\/wp-content\/uploads\/2022\/07\/marchaEva5.jpeg?resize=696%2C391&amp;ssl=1 696w, https:\/\/i0.wp.com\/vamosporlaliberacion.org\/crpmlm\/wp-content\/uploads\/2022\/07\/marchaEva5.jpeg?resize=1068%2C600&amp;ssl=1 1068w, https:\/\/i0.wp.com\/vamosporlaliberacion.org\/crpmlm\/wp-content\/uploads\/2022\/07\/marchaEva5.jpeg?resize=748%2C420&amp;ssl=1 748w\" sizes=\"auto, (max-width: 696px) 100vw, 696px\" \/><\/figure>\n<\/figure>\n\n\n\n<p>Y hoy tienen nombres y apellidos son la AEA, la SRA, Clar\u00edn, Arcor, la Camara Argentina Americana de Comercio, los bancos y el pu\u00f1ado de especuladores formadores de precios y tenedores de divisas que necesita el pa\u00eds.&nbsp;<\/p>\n\n\n\n<p>Se se\u00f1al\u00f3 tambi\u00e9n que no es una marcha contra el gobierno, pero se le exigi\u00f3 que los enfrente porque sino se agrandan y se nos vienen encima.No por casualidad se se\u00f1al\u00f3 que somos los mismos que salimos a las calles para enfrentar al macrismo y contribuimos a derrotarlo. Pero pueden quieren volver de cualquier forma.\u00a0 Se valor\u00f3 trabajar por la unidad de los sectores populares y ganar las calles para defender los Convenios Colectivos de Trabajo y recuperar los salarios que se come la inflaci\u00f3n.\u00a0<\/p>\n\n\n\n<p>\u201cUnidad de los trabajadores y al que no le gusta se jode\u2026 se jode\u201d fue la consigna que uni\u00f3 a los presentes y marc\u00f3 la necesidad en los d\u00edas por venir.&nbsp;<\/p>\n\n\n\n<p>Se dijo que&nbsp;<strong>la pr\u00f3xima cita en la calle es el pr\u00f3ximo&nbsp;<\/strong><strong>17 de agosto<\/strong><strong>&nbsp;en la marcha convocada por la CGT<\/strong>.&nbsp;<\/p>\n\n\n\n<p>Este camino de lucha y unidad se debe multiplicar para\u00a0<strong>ir superando la dispersi\u00f3n en el campo popular<\/strong>\u00a0para lograr que el gobierno abandone el camino de las concesiones a los que se enriquecen escandalosamente a costa del sacrificio del pueblo.\u00a0 Para lograr pararlos con un rumbo popular que les arrebate los resortes econ\u00f3micos donde est\u00e1n parados, ejercen el chantaje y promoviendo la inflaci\u00f3n.\u00a0<\/p>\n\n\n\n<p><strong>Un cambio de rumbo que recupere la soberan\u00eda sobre el comercio exterior y la banca<\/strong>junto a otras medidas inmediatas como proponemos desde el Comunismo Revolucionario y el MPL.&nbsp;<\/p>\n\n\n\n<h3 class=\"wp-block-heading\">Correlaci\u00f3n de fuerzas<\/h3>\n\n\n\n<p>El gobierno se excusa que\u00a0<strong>\u201cno cuenta con la correlaci\u00f3n de fuerzas\u201d<\/strong>\u00a0para aplicar medidas a favor del pueblo, pero es solo una excusa porque\u00a0<strong>la correlaci\u00f3n de fuerzas se construye, \u201cno cae del cielo\u201d<\/strong>.\u00a0 Y se construye confrontando con los poderosos que no quieren perder privilegios a\u00fan en las crisis humanitarias m\u00e1s profundas.\u00a0<\/p>\n\n\n\n<p><strong>Se construye sin dobles discursos ni ret\u00f3ricas duras y pr\u00e1cticas blandas<\/strong>. Se construye confiando en el pueblo y d\u00e1ndole poder de decisiones a trav\u00e9s de pol\u00edticas que lo empodere y lo llene de certezas.\u00a0 Y este es el legado de lideresas populares como \u201cevita\u201d que explica porque en solo siete a\u00f1os en el gobierno llen\u00f3 los corazones de los m\u00e1s humildes.\u00a0<\/p>\n\n\n\n<p>\u201c<em><strong>Mi \u00fanico heredero es el pueblo\u201d<\/strong><\/em>&nbsp;supo decir\u2026y ese pueblo debe seguir escribiendo la historia de su liberaci\u00f3n.<\/p>\n<!-- AddThis Advanced Settings generic via filter on the_content --><!-- AddThis Share Buttons generic via filter on the_content -->","protected":false},"excerpt":{"rendered":"<p>La medida del BCRA \u00abla medida del Banco Central solo beneficia a los productores de soja\u00bb&nbsp;(Miguel Pesce, Presidente del BCRA 26\/07\/22). \u201cEspecula, presiona y reinar\u00e1s\u201d\u00a0parece ser el lema de los agroexportadores, pooles y terratenientes que en estos d\u00edas han chantajeado reteniendo la soja por valor de 20.000 millones de d\u00f3lares, para forzar una devaluaci\u00f3n que [&hellip;]<!-- AddThis Advanced Settings generic via filter on get_the_excerpt --><!-- AddThis Share Buttons generic via filter on get_the_excerpt --><\/p>\n","protected":false},"author":9,"featured_media":25623,"comment_status":"open","ping_status":"open","sticky":false,"template":"","format":"standard","meta":{"_jetpack_memberships_contains_paid_content":false,"footnotes":""},"categories":[1881],"tags":[],"class_list":{"0":"post-25617","1":"post","2":"type-post","3":"status-publish","4":"format-standard","5":"has-post-thumbnail","7":"category-editoriales"},"yoast_head":"<!-- This site is optimized with the Yoast SEO plugin v27.4 - https:\/\/yoast.com\/product\/yoast-seo-wordpress\/ -->\n<title>Especula, presiona y reinar\u00e1s - Vamos por la Liberaci\u00f3n<\/title>\n<meta name=\"robots\" content=\"index, follow, max-snippet:-1, max-image-preview:large, max-video-preview:-1\" \/>\n<link rel=\"canonical\" href=\"http:\/\/vamosporlaliberacion.org\/crpmlm\/especula-presiona-y-reinaras\/\" \/>\n<meta name=\"twitter:label1\" content=\"Escrito por\" \/>\n\t<meta name=\"twitter:data1\" content=\"Prensa Vamos\" \/>\n\t<meta name=\"twitter:label2\" content=\"Tiempo de lectura\" \/>\n\t<meta name=\"twitter:data2\" content=\"10 minutos\" \/>\n<script type=\"application\/ld+json\" class=\"yoast-schema-graph\">{\"@context\":\"https:\\\/\\\/schema.org\",\"@graph\":[{\"@type\":\"Article\",\"@id\":\"http:\\\/\\\/vamosporlaliberacion.org\\\/crpmlm\\\/especula-presiona-y-reinaras\\\/#article\",\"isPartOf\":{\"@id\":\"http:\\\/\\\/vamosporlaliberacion.org\\\/crpmlm\\\/especula-presiona-y-reinaras\\\/\"},\"author\":{\"name\":\"Prensa Vamos\",\"@id\":\"https:\\\/\\\/vamosporlaliberacion.org\\\/crpmlm\\\/#\\\/schema\\\/person\\\/ebdbd4bf0e9418b9f0c0a93395366b2f\"},\"headline\":\"Especula, presiona y reinar\u00e1s\",\"datePublished\":\"2022-07-28T00:49:02+00:00\",\"dateModified\":\"2022-07-28T01:10:11+00:00\",\"mainEntityOfPage\":{\"@id\":\"http:\\\/\\\/vamosporlaliberacion.org\\\/crpmlm\\\/especula-presiona-y-reinaras\\\/\"},\"wordCount\":1916,\"commentCount\":0,\"image\":{\"@id\":\"http:\\\/\\\/vamosporlaliberacion.org\\\/crpmlm\\\/especula-presiona-y-reinaras\\\/#primaryimage\"},\"thumbnailUrl\":\"https:\\\/\\\/i0.wp.com\\\/vamosporlaliberacion.org\\\/crpmlm\\\/wp-content\\\/uploads\\\/2022\\\/07\\\/Gabinete.jpeg?fit=1000%2C570&ssl=1\",\"articleSection\":[\"Editoriales\"],\"inLanguage\":\"es\",\"potentialAction\":[{\"@type\":\"CommentAction\",\"name\":\"Comment\",\"target\":[\"http:\\\/\\\/vamosporlaliberacion.org\\\/crpmlm\\\/especula-presiona-y-reinaras\\\/#respond\"]}]},{\"@type\":\"WebPage\",\"@id\":\"http:\\\/\\\/vamosporlaliberacion.org\\\/crpmlm\\\/especula-presiona-y-reinaras\\\/\",\"url\":\"http:\\\/\\\/vamosporlaliberacion.org\\\/crpmlm\\\/especula-presiona-y-reinaras\\\/\",\"name\":\"Especula, presiona y reinar\u00e1s - Vamos por la Liberaci\u00f3n\",\"isPartOf\":{\"@id\":\"https:\\\/\\\/vamosporlaliberacion.org\\\/crpmlm\\\/#website\"},\"primaryImageOfPage\":{\"@id\":\"http:\\\/\\\/vamosporlaliberacion.org\\\/crpmlm\\\/especula-presiona-y-reinaras\\\/#primaryimage\"},\"image\":{\"@id\":\"http:\\\/\\\/vamosporlaliberacion.org\\\/crpmlm\\\/especula-presiona-y-reinaras\\\/#primaryimage\"},\"thumbnailUrl\":\"https:\\\/\\\/i0.wp.com\\\/vamosporlaliberacion.org\\\/crpmlm\\\/wp-content\\\/uploads\\\/2022\\\/07\\\/Gabinete.jpeg?fit=1000%2C570&ssl=1\",\"datePublished\":\"2022-07-28T00:49:02+00:00\",\"dateModified\":\"2022-07-28T01:10:11+00:00\",\"author\":{\"@id\":\"https:\\\/\\\/vamosporlaliberacion.org\\\/crpmlm\\\/#\\\/schema\\\/person\\\/ebdbd4bf0e9418b9f0c0a93395366b2f\"},\"breadcrumb\":{\"@id\":\"http:\\\/\\\/vamosporlaliberacion.org\\\/crpmlm\\\/especula-presiona-y-reinaras\\\/#breadcrumb\"},\"inLanguage\":\"es\",\"potentialAction\":[{\"@type\":\"ReadAction\",\"target\":[\"http:\\\/\\\/vamosporlaliberacion.org\\\/crpmlm\\\/especula-presiona-y-reinaras\\\/\"]}]},{\"@type\":\"ImageObject\",\"inLanguage\":\"es\",\"@id\":\"http:\\\/\\\/vamosporlaliberacion.org\\\/crpmlm\\\/especula-presiona-y-reinaras\\\/#primaryimage\",\"url\":\"https:\\\/\\\/i0.wp.com\\\/vamosporlaliberacion.org\\\/crpmlm\\\/wp-content\\\/uploads\\\/2022\\\/07\\\/Gabinete.jpeg?fit=1000%2C570&ssl=1\",\"contentUrl\":\"https:\\\/\\\/i0.wp.com\\\/vamosporlaliberacion.org\\\/crpmlm\\\/wp-content\\\/uploads\\\/2022\\\/07\\\/Gabinete.jpeg?fit=1000%2C570&ssl=1\",\"width\":1000,\"height\":570},{\"@type\":\"BreadcrumbList\",\"@id\":\"http:\\\/\\\/vamosporlaliberacion.org\\\/crpmlm\\\/especula-presiona-y-reinaras\\\/#breadcrumb\",\"itemListElement\":[{\"@type\":\"ListItem\",\"position\":1,\"name\":\"Portada\",\"item\":\"https:\\\/\\\/vamosporlaliberacion.org\\\/crpmlm\\\/\"},{\"@type\":\"ListItem\",\"position\":2,\"name\":\"Especula, presiona y reinar\u00e1s\"}]},{\"@type\":\"WebSite\",\"@id\":\"https:\\\/\\\/vamosporlaliberacion.org\\\/crpmlm\\\/#website\",\"url\":\"https:\\\/\\\/vamosporlaliberacion.org\\\/crpmlm\\\/\",\"name\":\"Vamos por la Liberaci\u00f3n\",\"description\":\"Prensa CR\",\"potentialAction\":[{\"@type\":\"SearchAction\",\"target\":{\"@type\":\"EntryPoint\",\"urlTemplate\":\"https:\\\/\\\/vamosporlaliberacion.org\\\/crpmlm\\\/?s={search_term_string}\"},\"query-input\":{\"@type\":\"PropertyValueSpecification\",\"valueRequired\":true,\"valueName\":\"search_term_string\"}}],\"inLanguage\":\"es\"},{\"@type\":\"Person\",\"@id\":\"https:\\\/\\\/vamosporlaliberacion.org\\\/crpmlm\\\/#\\\/schema\\\/person\\\/ebdbd4bf0e9418b9f0c0a93395366b2f\",\"name\":\"Prensa Vamos\",\"sameAs\":[\"http:\\\/\\\/vamposporlaliberacion.org\"],\"url\":\"http:\\\/\\\/vamosporlaliberacion.org\\\/crpmlm\\\/author\\\/editor\\\/\"}]}<\/script>\n<!-- \/ Yoast SEO plugin. -->","yoast_head_json":{"title":"Especula, presiona y reinar\u00e1s - Vamos por la Liberaci\u00f3n","robots":{"index":"index","follow":"follow","max-snippet":"max-snippet:-1","max-image-preview":"max-image-preview:large","max-video-preview":"max-video-preview:-1"},"canonical":"http:\/\/vamosporlaliberacion.org\/crpmlm\/especula-presiona-y-reinaras\/","twitter_misc":{"Escrito por":"Prensa Vamos","Tiempo de lectura":"10 minutos"},"schema":{"@context":"https:\/\/schema.org","@graph":[{"@type":"Article","@id":"http:\/\/vamosporlaliberacion.org\/crpmlm\/especula-presiona-y-reinaras\/#article","isPartOf":{"@id":"http:\/\/vamosporlaliberacion.org\/crpmlm\/especula-presiona-y-reinaras\/"},"author":{"name":"Prensa Vamos","@id":"https:\/\/vamosporlaliberacion.org\/crpmlm\/#\/schema\/person\/ebdbd4bf0e9418b9f0c0a93395366b2f"},"headline":"Especula, presiona y reinar\u00e1s","datePublished":"2022-07-28T00:49:02+00:00","dateModified":"2022-07-28T01:10:11+00:00","mainEntityOfPage":{"@id":"http:\/\/vamosporlaliberacion.org\/crpmlm\/especula-presiona-y-reinaras\/"},"wordCount":1916,"commentCount":0,"image":{"@id":"http:\/\/vamosporlaliberacion.org\/crpmlm\/especula-presiona-y-reinaras\/#primaryimage"},"thumbnailUrl":"https:\/\/i0.wp.com\/vamosporlaliberacion.org\/crpmlm\/wp-content\/uploads\/2022\/07\/Gabinete.jpeg?fit=1000%2C570&ssl=1","articleSection":["Editoriales"],"inLanguage":"es","potentialAction":[{"@type":"CommentAction","name":"Comment","target":["http:\/\/vamosporlaliberacion.org\/crpmlm\/especula-presiona-y-reinaras\/#respond"]}]},{"@type":"WebPage","@id":"http:\/\/vamosporlaliberacion.org\/crpmlm\/especula-presiona-y-reinaras\/","url":"http:\/\/vamosporlaliberacion.org\/crpmlm\/especula-presiona-y-reinaras\/","name":"Especula, presiona y reinar\u00e1s - Vamos por la Liberaci\u00f3n","isPartOf":{"@id":"https:\/\/vamosporlaliberacion.org\/crpmlm\/#website"},"primaryImageOfPage":{"@id":"http:\/\/vamosporlaliberacion.org\/crpmlm\/especula-presiona-y-reinaras\/#primaryimage"},"image":{"@id":"http:\/\/vamosporlaliberacion.org\/crpmlm\/especula-presiona-y-reinaras\/#primaryimage"},"thumbnailUrl":"https:\/\/i0.wp.com\/vamosporlaliberacion.org\/crpmlm\/wp-content\/uploads\/2022\/07\/Gabinete.jpeg?fit=1000%2C570&ssl=1","datePublished":"2022-07-28T00:49:02+00:00","dateModified":"2022-07-28T01:10:11+00:00","author":{"@id":"https:\/\/vamosporlaliberacion.org\/crpmlm\/#\/schema\/person\/ebdbd4bf0e9418b9f0c0a93395366b2f"},"breadcrumb":{"@id":"http:\/\/vamosporlaliberacion.org\/crpmlm\/especula-presiona-y-reinaras\/#breadcrumb"},"inLanguage":"es","potentialAction":[{"@type":"ReadAction","target":["http:\/\/vamosporlaliberacion.org\/crpmlm\/especula-presiona-y-reinaras\/"]}]},{"@type":"ImageObject","inLanguage":"es","@id":"http:\/\/vamosporlaliberacion.org\/crpmlm\/especula-presiona-y-reinaras\/#primaryimage","url":"https:\/\/i0.wp.com\/vamosporlaliberacion.org\/crpmlm\/wp-content\/uploads\/2022\/07\/Gabinete.jpeg?fit=1000%2C570&ssl=1","contentUrl":"https:\/\/i0.wp.com\/vamosporlaliberacion.org\/crpmlm\/wp-content\/uploads\/2022\/07\/Gabinete.jpeg?fit=1000%2C570&ssl=1","width":1000,"height":570},{"@type":"BreadcrumbList","@id":"http:\/\/vamosporlaliberacion.org\/crpmlm\/especula-presiona-y-reinaras\/#breadcrumb","itemListElement":[{"@type":"ListItem","position":1,"name":"Portada","item":"https:\/\/vamosporlaliberacion.org\/crpmlm\/"},{"@type":"ListItem","position":2,"name":"Especula, presiona y reinar\u00e1s"}]},{"@type":"WebSite","@id":"https:\/\/vamosporlaliberacion.org\/crpmlm\/#website","url":"https:\/\/vamosporlaliberacion.org\/crpmlm\/","name":"Vamos por la Liberaci\u00f3n","description":"Prensa CR","potentialAction":[{"@type":"SearchAction","target":{"@type":"EntryPoint","urlTemplate":"https:\/\/vamosporlaliberacion.org\/crpmlm\/?s={search_term_string}"},"query-input":{"@type":"PropertyValueSpecification","valueRequired":true,"valueName":"search_term_string"}}],"inLanguage":"es"},{"@type":"Person","@id":"https:\/\/vamosporlaliberacion.org\/crpmlm\/#\/schema\/person\/ebdbd4bf0e9418b9f0c0a93395366b2f","name":"Prensa Vamos","sameAs":["http:\/\/vamposporlaliberacion.org"],"url":"http:\/\/vamosporlaliberacion.org\/crpmlm\/author\/editor\/"}]}},"jetpack_featured_media_url":"https:\/\/i0.wp.com\/vamosporlaliberacion.org\/crpmlm\/wp-content\/uploads\/2022\/07\/Gabinete.jpeg?fit=1000%2C570&ssl=1","jetpack_sharing_enabled":true,"_links":{"self":[{"href":"http:\/\/vamosporlaliberacion.org\/crpmlm\/wp-json\/wp\/v2\/posts\/25617","targetHints":{"allow":["GET"]}}],"collection":[{"href":"http:\/\/vamosporlaliberacion.org\/crpmlm\/wp-json\/wp\/v2\/posts"}],"about":[{"href":"http:\/\/vamosporlaliberacion.org\/crpmlm\/wp-json\/wp\/v2\/types\/post"}],"author":[{"embeddable":true,"href":"http:\/\/vamosporlaliberacion.org\/crpmlm\/wp-json\/wp\/v2\/users\/9"}],"replies":[{"embeddable":true,"href":"http:\/\/vamosporlaliberacion.org\/crpmlm\/wp-json\/wp\/v2\/comments?post=25617"}],"version-history":[{"count":11,"href":"http:\/\/vamosporlaliberacion.org\/crpmlm\/wp-json\/wp\/v2\/posts\/25617\/revisions"}],"predecessor-version":[{"id":25641,"href":"http:\/\/vamosporlaliberacion.org\/crpmlm\/wp-json\/wp\/v2\/posts\/25617\/revisions\/25641"}],"wp:featuredmedia":[{"embeddable":true,"href":"http:\/\/vamosporlaliberacion.org\/crpmlm\/wp-json\/wp\/v2\/media\/25623"}],"wp:attachment":[{"href":"http:\/\/vamosporlaliberacion.org\/crpmlm\/wp-json\/wp\/v2\/media?parent=25617"}],"wp:term":[{"taxonomy":"category","embeddable":true,"href":"http:\/\/vamosporlaliberacion.org\/crpmlm\/wp-json\/wp\/v2\/categories?post=25617"},{"taxonomy":"post_tag","embeddable":true,"href":"http:\/\/vamosporlaliberacion.org\/crpmlm\/wp-json\/wp\/v2\/tags?post=25617"}],"curies":[{"name":"wp","href":"https:\/\/api.w.org\/{rel}","templated":true}]}}