{"id":25532,"date":"2022-07-07T09:50:50","date_gmt":"2022-07-07T12:50:50","guid":{"rendered":"http:\/\/vamosporlaliberacion.org\/crpmlm\/?p=25532"},"modified":"2022-07-07T09:50:59","modified_gmt":"2022-07-07T12:50:59","slug":"de-la-crisis-se-sale-con-rumbo-popular","status":"publish","type":"post","link":"http:\/\/vamosporlaliberacion.org\/crpmlm\/de-la-crisis-se-sale-con-rumbo-popular\/","title":{"rendered":"De la crisis se sale con rumbo popular"},"content":{"rendered":"\n<h3 class=\"wp-block-heading\">Editorial<\/h3>\n\n\n\n<p>A esta altura de los acontecimientos, es necesario impulsar acuerdos para movilizar por medidas urgentes para que no se desmadre a\u00fan m\u00e1s la situaci\u00f3n y se recupere la iniciativa perdida.<br>Pero esa iniciativa debe ir orientada a cortar con un rumbo que nos lleva al abismo nuevamente.<br>El aguinaldo se esfuma por la subida de 15\/20 hasta el 40% de los productos de la canasta y bienes. Hay rubros que subieron dos y hasta tres veces en el d\u00eda, otros no tienen precios porque los mayoristas e importadores no lo proporcionan.<\/p>\n\n\n\n<p>La puja distributiva viene perdiendo por goleada por el avance de la inflaci\u00f3n y el \u00e9xito de los chantajes de ese \u201cpoder real\u201d parado sobre los resortes fundamentales de la econom\u00eda que empuja el caos con h\u00edper inflaci\u00f3n y devaluaci\u00f3n.<br>El gobierno debe estar a la altura de la situaci\u00f3n y salir de la par\u00e1lisis antes que sea tarde.<br>Se debe frenar la salida de d\u00f3lares para sostener la importaciones de insumos para la industria, pero se debe castigar por decreto la especulaci\u00f3n y la fuga.<br>Un de las certezas que arroja la crisis pol\u00edtica es que sostener el acuerdo con el FMI es inviable, traer\u00e1 m\u00e1s inflaci\u00f3n, devaluaci\u00f3n y ajuste al pueblo.<\/p>\n\n\n\n<p>La propia presidenta del FMI, Kristalina Georgieva lo ratific\u00f3 al \u201csugerir\u201d tomar \u201clas acciones dolorosas necesarias\u201d, o sea un ajuste.<br>\u00a1Los verdugos que nos fundieron, sugieren m\u00e1s ajuste!<br>Los enemigos est\u00e1n a la vista: esos \u201cdue\u00f1os del poder real y el FMI\u201d, pero enfrentarlos solo con la ret\u00f3rica, es \u201chacerles cosquillas\u201d\u2026\u201dfulbito pa\u2019 la tribuna\u201d, y mucho menos siguiendo sus recetas de mayor ajuste mientras remarcan, especulan y multiplican sus ganancias.<\/p>\n\n\n<div class=\"wp-block-image\">\n<figure class=\"aligncenter size-large is-resized\"><img data-recalc-dims=\"1\" loading=\"lazy\" decoding=\"async\" src=\"https:\/\/i0.wp.com\/vamosporlaliberacion.org\/crpmlm\/wp-content\/uploads\/2022\/07\/empresaFugadoras-700x393.jpeg?resize=552%2C303\" alt=\"\" class=\"wp-image-25533\" width=\"552\" height=\"303\"\/><\/figure>\n<\/div>\n\n\n<p>Hay que enfrentarlos con medidas y el pueblo en las calles!!<br>Porque con casi media argentina pobre y m\u00e1s del 50% de lxs trabajadorxs precarizados, solo ganan los poderosos si se estigmatiza la pobreza y las organizaciones sociales, d\u00e1ndole \u201cpasto\u201d a sectores reaccionarios de la justicia y la pol\u00edtica para desatar una persecuci\u00f3n y criminalizaci\u00f3n como la que est\u00e1 en marcha (ver comunicado de La Salamanca).<\/p>\n\n\n\n<p>Porque en un pa\u00eds donde las empresas multinacionales que manejan el comercio exterior evaden por a\u00f1o m\u00e1s de 11.000 millones de d\u00f3lares por el R\u00edo Paran\u00e1, sin control estatal o con la complicidad de funcionarios, la flamante ministra Silvina Batakis, no se puede enfrentar con los sectores medios por los d\u00f3lares para viajar, dando como resultado perderlos en manos de la derecha.<\/p>\n\n\n\n<h3 class=\"wp-block-heading\">El tiempo es hoy<\/h3>\n\n\n\n<p>Urge trabajar la unidad por abajo que gane las calles que exija medidas de emergencias a corto y mediano plazo que den certezas al pueblo y emprendan un rumbo popular, enfrentando y recortando poder a quienes lo ostentan y lo usan contra los pueblos y el pa\u00eds.<\/p>\n\n\n\n<h3 class=\"wp-block-heading\">Proponemos:<\/h3>\n\n\n\n<ul class=\"wp-block-list\"><li>Suspensi\u00f3n urgente de los acuerdos con el FMI. Investigaci\u00f3n para que la paguen los responsables de la estafa.<br>-Ley de impuesto a los fugadores y divisas en para\u00edsos fiscales.<br>-Impuesto a la ganancia inesperada.<\/li><li>Inmediato aumento de salarios, reabriendo paritarias o por decreto.<\/li><li>Salario Universal de 44.000$ (SMVM)<\/li><li>Congelamiento de precios y retrotraerlos a principo de mes de junio.<\/li><li>Sansiones e intervenci\u00f3n de las empresas que remarcan<br>alimentos y bienes de consumo masivo.<\/li><li>Retenciones segmentadas a las exportaciones.<\/li><li>Crear la Empresa Nacional de Alimentos.<\/li><li>Control del comercio exterior con Junta Nacional de Granos y Carnes.<\/li><li>Precios m\u00ednimo, sost\u00e9n y en origen.<\/li><li>Control de importaciones.<\/li><li>Impuesto permanente a las grandes fortunas.<\/li><li>Inmediata investigaci\u00f3n de la evasi\u00f3n por la v\u00eda h\u00eddrica del Paran\u00e1 por parte de las exportadoras de m\u00e1s de 11.000 millones de d\u00f3lares al a\u00f1o.<\/li><li>Estatizacion de la v\u00eda h\u00eddrica del R\u00edo Paran\u00e1.<\/li><li>Estatizacion de la producci\u00f3n, transporte y comercializaci\u00f3n de la energ\u00eda (como acaba de hacer Francia).<\/li><li>Bono patri\u00f3tico a la renta terrateniente (que significa 1\/3 de conformaci\u00f3n de los precios de los alimentos).<\/li><li>Reforma agraria integrar. La tierra para quien la trabaja. Basta de contaminaci\u00f3n por agroqu\u00edmicos.<\/li><\/ul>\n\n\n\n<h4 class=\"wp-block-heading\">El pueblo con la militancia popular en las calles tiene que terciar frente a los due\u00f1os del poder real y el FMI.<\/h4>\n<!-- AddThis Advanced Settings generic via filter on the_content --><!-- AddThis Share Buttons generic via filter on the_content -->","protected":false},"excerpt":{"rendered":"<p>Editorial A esta altura de los acontecimientos, es necesario impulsar acuerdos para movilizar por medidas urgentes para que no se desmadre a\u00fan m\u00e1s la situaci\u00f3n y se recupere la iniciativa perdida.Pero esa iniciativa debe ir orientada a cortar con un rumbo que nos lleva al abismo nuevamente.El aguinaldo se esfuma por la subida de 15\/20 [&hellip;]<!-- AddThis Advanced Settings generic via filter on get_the_excerpt --><!-- AddThis Share Buttons generic via filter on get_the_excerpt --><\/p>\n","protected":false},"author":9,"featured_media":25534,"comment_status":"open","ping_status":"open","sticky":false,"template":"","format":"standard","meta":{"_jetpack_memberships_contains_paid_content":false,"footnotes":""},"categories":[1881],"tags":[],"class_list":{"0":"post-25532","1":"post","2":"type-post","3":"status-publish","4":"format-standard","5":"has-post-thumbnail","7":"category-editoriales"},"yoast_head":"<!-- This site is optimized with the Yoast SEO plugin v27.4 - https:\/\/yoast.com\/product\/yoast-seo-wordpress\/ -->\n<title>De la crisis se sale con rumbo popular - Vamos por la Liberaci\u00f3n<\/title>\n<meta name=\"robots\" content=\"index, follow, max-snippet:-1, max-image-preview:large, max-video-preview:-1\" \/>\n<link rel=\"canonical\" href=\"http:\/\/vamosporlaliberacion.org\/crpmlm\/de-la-crisis-se-sale-con-rumbo-popular\/\" \/>\n<meta name=\"twitter:label1\" content=\"Escrito por\" \/>\n\t<meta name=\"twitter:data1\" content=\"Prensa Vamos\" \/>\n\t<meta name=\"twitter:label2\" content=\"Tiempo de lectura\" \/>\n\t<meta name=\"twitter:data2\" content=\"4 minutos\" \/>\n<script type=\"application\/ld+json\" class=\"yoast-schema-graph\">{\"@context\":\"https:\\\/\\\/schema.org\",\"@graph\":[{\"@type\":\"Article\",\"@id\":\"http:\\\/\\\/vamosporlaliberacion.org\\\/crpmlm\\\/de-la-crisis-se-sale-con-rumbo-popular\\\/#article\",\"isPartOf\":{\"@id\":\"http:\\\/\\\/vamosporlaliberacion.org\\\/crpmlm\\\/de-la-crisis-se-sale-con-rumbo-popular\\\/\"},\"author\":{\"name\":\"Prensa Vamos\",\"@id\":\"https:\\\/\\\/vamosporlaliberacion.org\\\/crpmlm\\\/#\\\/schema\\\/person\\\/ebdbd4bf0e9418b9f0c0a93395366b2f\"},\"headline\":\"De la crisis se sale con rumbo popular\",\"datePublished\":\"2022-07-07T12:50:50+00:00\",\"dateModified\":\"2022-07-07T12:50:59+00:00\",\"mainEntityOfPage\":{\"@id\":\"http:\\\/\\\/vamosporlaliberacion.org\\\/crpmlm\\\/de-la-crisis-se-sale-con-rumbo-popular\\\/\"},\"wordCount\":724,\"commentCount\":0,\"image\":{\"@id\":\"http:\\\/\\\/vamosporlaliberacion.org\\\/crpmlm\\\/de-la-crisis-se-sale-con-rumbo-popular\\\/#primaryimage\"},\"thumbnailUrl\":\"https:\\\/\\\/i0.wp.com\\\/vamosporlaliberacion.org\\\/crpmlm\\\/wp-content\\\/uploads\\\/2022\\\/07\\\/giorgieva-Batakis.jpeg?fit=400%2C250&ssl=1\",\"articleSection\":[\"Editoriales\"],\"inLanguage\":\"es\",\"potentialAction\":[{\"@type\":\"CommentAction\",\"name\":\"Comment\",\"target\":[\"http:\\\/\\\/vamosporlaliberacion.org\\\/crpmlm\\\/de-la-crisis-se-sale-con-rumbo-popular\\\/#respond\"]}]},{\"@type\":\"WebPage\",\"@id\":\"http:\\\/\\\/vamosporlaliberacion.org\\\/crpmlm\\\/de-la-crisis-se-sale-con-rumbo-popular\\\/\",\"url\":\"http:\\\/\\\/vamosporlaliberacion.org\\\/crpmlm\\\/de-la-crisis-se-sale-con-rumbo-popular\\\/\",\"name\":\"De la crisis se sale con rumbo popular - Vamos por la Liberaci\u00f3n\",\"isPartOf\":{\"@id\":\"https:\\\/\\\/vamosporlaliberacion.org\\\/crpmlm\\\/#website\"},\"primaryImageOfPage\":{\"@id\":\"http:\\\/\\\/vamosporlaliberacion.org\\\/crpmlm\\\/de-la-crisis-se-sale-con-rumbo-popular\\\/#primaryimage\"},\"image\":{\"@id\":\"http:\\\/\\\/vamosporlaliberacion.org\\\/crpmlm\\\/de-la-crisis-se-sale-con-rumbo-popular\\\/#primaryimage\"},\"thumbnailUrl\":\"https:\\\/\\\/i0.wp.com\\\/vamosporlaliberacion.org\\\/crpmlm\\\/wp-content\\\/uploads\\\/2022\\\/07\\\/giorgieva-Batakis.jpeg?fit=400%2C250&ssl=1\",\"datePublished\":\"2022-07-07T12:50:50+00:00\",\"dateModified\":\"2022-07-07T12:50:59+00:00\",\"author\":{\"@id\":\"https:\\\/\\\/vamosporlaliberacion.org\\\/crpmlm\\\/#\\\/schema\\\/person\\\/ebdbd4bf0e9418b9f0c0a93395366b2f\"},\"breadcrumb\":{\"@id\":\"http:\\\/\\\/vamosporlaliberacion.org\\\/crpmlm\\\/de-la-crisis-se-sale-con-rumbo-popular\\\/#breadcrumb\"},\"inLanguage\":\"es\",\"potentialAction\":[{\"@type\":\"ReadAction\",\"target\":[\"http:\\\/\\\/vamosporlaliberacion.org\\\/crpmlm\\\/de-la-crisis-se-sale-con-rumbo-popular\\\/\"]}]},{\"@type\":\"ImageObject\",\"inLanguage\":\"es\",\"@id\":\"http:\\\/\\\/vamosporlaliberacion.org\\\/crpmlm\\\/de-la-crisis-se-sale-con-rumbo-popular\\\/#primaryimage\",\"url\":\"https:\\\/\\\/i0.wp.com\\\/vamosporlaliberacion.org\\\/crpmlm\\\/wp-content\\\/uploads\\\/2022\\\/07\\\/giorgieva-Batakis.jpeg?fit=400%2C250&ssl=1\",\"contentUrl\":\"https:\\\/\\\/i0.wp.com\\\/vamosporlaliberacion.org\\\/crpmlm\\\/wp-content\\\/uploads\\\/2022\\\/07\\\/giorgieva-Batakis.jpeg?fit=400%2C250&ssl=1\",\"width\":400,\"height\":250},{\"@type\":\"BreadcrumbList\",\"@id\":\"http:\\\/\\\/vamosporlaliberacion.org\\\/crpmlm\\\/de-la-crisis-se-sale-con-rumbo-popular\\\/#breadcrumb\",\"itemListElement\":[{\"@type\":\"ListItem\",\"position\":1,\"name\":\"Portada\",\"item\":\"https:\\\/\\\/vamosporlaliberacion.org\\\/crpmlm\\\/\"},{\"@type\":\"ListItem\",\"position\":2,\"name\":\"De la crisis se sale con rumbo popular\"}]},{\"@type\":\"WebSite\",\"@id\":\"https:\\\/\\\/vamosporlaliberacion.org\\\/crpmlm\\\/#website\",\"url\":\"https:\\\/\\\/vamosporlaliberacion.org\\\/crpmlm\\\/\",\"name\":\"Vamos por la Liberaci\u00f3n\",\"description\":\"Prensa CR\",\"potentialAction\":[{\"@type\":\"SearchAction\",\"target\":{\"@type\":\"EntryPoint\",\"urlTemplate\":\"https:\\\/\\\/vamosporlaliberacion.org\\\/crpmlm\\\/?s={search_term_string}\"},\"query-input\":{\"@type\":\"PropertyValueSpecification\",\"valueRequired\":true,\"valueName\":\"search_term_string\"}}],\"inLanguage\":\"es\"},{\"@type\":\"Person\",\"@id\":\"https:\\\/\\\/vamosporlaliberacion.org\\\/crpmlm\\\/#\\\/schema\\\/person\\\/ebdbd4bf0e9418b9f0c0a93395366b2f\",\"name\":\"Prensa Vamos\",\"sameAs\":[\"http:\\\/\\\/vamposporlaliberacion.org\"],\"url\":\"http:\\\/\\\/vamosporlaliberacion.org\\\/crpmlm\\\/author\\\/editor\\\/\"}]}<\/script>\n<!-- \/ Yoast SEO plugin. -->","yoast_head_json":{"title":"De la crisis se sale con rumbo popular - Vamos por la Liberaci\u00f3n","robots":{"index":"index","follow":"follow","max-snippet":"max-snippet:-1","max-image-preview":"max-image-preview:large","max-video-preview":"max-video-preview:-1"},"canonical":"http:\/\/vamosporlaliberacion.org\/crpmlm\/de-la-crisis-se-sale-con-rumbo-popular\/","twitter_misc":{"Escrito por":"Prensa Vamos","Tiempo de lectura":"4 minutos"},"schema":{"@context":"https:\/\/schema.org","@graph":[{"@type":"Article","@id":"http:\/\/vamosporlaliberacion.org\/crpmlm\/de-la-crisis-se-sale-con-rumbo-popular\/#article","isPartOf":{"@id":"http:\/\/vamosporlaliberacion.org\/crpmlm\/de-la-crisis-se-sale-con-rumbo-popular\/"},"author":{"name":"Prensa Vamos","@id":"https:\/\/vamosporlaliberacion.org\/crpmlm\/#\/schema\/person\/ebdbd4bf0e9418b9f0c0a93395366b2f"},"headline":"De la crisis se sale con rumbo popular","datePublished":"2022-07-07T12:50:50+00:00","dateModified":"2022-07-07T12:50:59+00:00","mainEntityOfPage":{"@id":"http:\/\/vamosporlaliberacion.org\/crpmlm\/de-la-crisis-se-sale-con-rumbo-popular\/"},"wordCount":724,"commentCount":0,"image":{"@id":"http:\/\/vamosporlaliberacion.org\/crpmlm\/de-la-crisis-se-sale-con-rumbo-popular\/#primaryimage"},"thumbnailUrl":"https:\/\/i0.wp.com\/vamosporlaliberacion.org\/crpmlm\/wp-content\/uploads\/2022\/07\/giorgieva-Batakis.jpeg?fit=400%2C250&ssl=1","articleSection":["Editoriales"],"inLanguage":"es","potentialAction":[{"@type":"CommentAction","name":"Comment","target":["http:\/\/vamosporlaliberacion.org\/crpmlm\/de-la-crisis-se-sale-con-rumbo-popular\/#respond"]}]},{"@type":"WebPage","@id":"http:\/\/vamosporlaliberacion.org\/crpmlm\/de-la-crisis-se-sale-con-rumbo-popular\/","url":"http:\/\/vamosporlaliberacion.org\/crpmlm\/de-la-crisis-se-sale-con-rumbo-popular\/","name":"De la crisis se sale con rumbo popular - Vamos por la Liberaci\u00f3n","isPartOf":{"@id":"https:\/\/vamosporlaliberacion.org\/crpmlm\/#website"},"primaryImageOfPage":{"@id":"http:\/\/vamosporlaliberacion.org\/crpmlm\/de-la-crisis-se-sale-con-rumbo-popular\/#primaryimage"},"image":{"@id":"http:\/\/vamosporlaliberacion.org\/crpmlm\/de-la-crisis-se-sale-con-rumbo-popular\/#primaryimage"},"thumbnailUrl":"https:\/\/i0.wp.com\/vamosporlaliberacion.org\/crpmlm\/wp-content\/uploads\/2022\/07\/giorgieva-Batakis.jpeg?fit=400%2C250&ssl=1","datePublished":"2022-07-07T12:50:50+00:00","dateModified":"2022-07-07T12:50:59+00:00","author":{"@id":"https:\/\/vamosporlaliberacion.org\/crpmlm\/#\/schema\/person\/ebdbd4bf0e9418b9f0c0a93395366b2f"},"breadcrumb":{"@id":"http:\/\/vamosporlaliberacion.org\/crpmlm\/de-la-crisis-se-sale-con-rumbo-popular\/#breadcrumb"},"inLanguage":"es","potentialAction":[{"@type":"ReadAction","target":["http:\/\/vamosporlaliberacion.org\/crpmlm\/de-la-crisis-se-sale-con-rumbo-popular\/"]}]},{"@type":"ImageObject","inLanguage":"es","@id":"http:\/\/vamosporlaliberacion.org\/crpmlm\/de-la-crisis-se-sale-con-rumbo-popular\/#primaryimage","url":"https:\/\/i0.wp.com\/vamosporlaliberacion.org\/crpmlm\/wp-content\/uploads\/2022\/07\/giorgieva-Batakis.jpeg?fit=400%2C250&ssl=1","contentUrl":"https:\/\/i0.wp.com\/vamosporlaliberacion.org\/crpmlm\/wp-content\/uploads\/2022\/07\/giorgieva-Batakis.jpeg?fit=400%2C250&ssl=1","width":400,"height":250},{"@type":"BreadcrumbList","@id":"http:\/\/vamosporlaliberacion.org\/crpmlm\/de-la-crisis-se-sale-con-rumbo-popular\/#breadcrumb","itemListElement":[{"@type":"ListItem","position":1,"name":"Portada","item":"https:\/\/vamosporlaliberacion.org\/crpmlm\/"},{"@type":"ListItem","position":2,"name":"De la crisis se sale con rumbo popular"}]},{"@type":"WebSite","@id":"https:\/\/vamosporlaliberacion.org\/crpmlm\/#website","url":"https:\/\/vamosporlaliberacion.org\/crpmlm\/","name":"Vamos por la Liberaci\u00f3n","description":"Prensa CR","potentialAction":[{"@type":"SearchAction","target":{"@type":"EntryPoint","urlTemplate":"https:\/\/vamosporlaliberacion.org\/crpmlm\/?s={search_term_string}"},"query-input":{"@type":"PropertyValueSpecification","valueRequired":true,"valueName":"search_term_string"}}],"inLanguage":"es"},{"@type":"Person","@id":"https:\/\/vamosporlaliberacion.org\/crpmlm\/#\/schema\/person\/ebdbd4bf0e9418b9f0c0a93395366b2f","name":"Prensa Vamos","sameAs":["http:\/\/vamposporlaliberacion.org"],"url":"http:\/\/vamosporlaliberacion.org\/crpmlm\/author\/editor\/"}]}},"jetpack_featured_media_url":"https:\/\/i0.wp.com\/vamosporlaliberacion.org\/crpmlm\/wp-content\/uploads\/2022\/07\/giorgieva-Batakis.jpeg?fit=400%2C250&ssl=1","jetpack_sharing_enabled":true,"_links":{"self":[{"href":"http:\/\/vamosporlaliberacion.org\/crpmlm\/wp-json\/wp\/v2\/posts\/25532","targetHints":{"allow":["GET"]}}],"collection":[{"href":"http:\/\/vamosporlaliberacion.org\/crpmlm\/wp-json\/wp\/v2\/posts"}],"about":[{"href":"http:\/\/vamosporlaliberacion.org\/crpmlm\/wp-json\/wp\/v2\/types\/post"}],"author":[{"embeddable":true,"href":"http:\/\/vamosporlaliberacion.org\/crpmlm\/wp-json\/wp\/v2\/users\/9"}],"replies":[{"embeddable":true,"href":"http:\/\/vamosporlaliberacion.org\/crpmlm\/wp-json\/wp\/v2\/comments?post=25532"}],"version-history":[{"count":1,"href":"http:\/\/vamosporlaliberacion.org\/crpmlm\/wp-json\/wp\/v2\/posts\/25532\/revisions"}],"predecessor-version":[{"id":25535,"href":"http:\/\/vamosporlaliberacion.org\/crpmlm\/wp-json\/wp\/v2\/posts\/25532\/revisions\/25535"}],"wp:featuredmedia":[{"embeddable":true,"href":"http:\/\/vamosporlaliberacion.org\/crpmlm\/wp-json\/wp\/v2\/media\/25534"}],"wp:attachment":[{"href":"http:\/\/vamosporlaliberacion.org\/crpmlm\/wp-json\/wp\/v2\/media?parent=25532"}],"wp:term":[{"taxonomy":"category","embeddable":true,"href":"http:\/\/vamosporlaliberacion.org\/crpmlm\/wp-json\/wp\/v2\/categories?post=25532"},{"taxonomy":"post_tag","embeddable":true,"href":"http:\/\/vamosporlaliberacion.org\/crpmlm\/wp-json\/wp\/v2\/tags?post=25532"}],"curies":[{"name":"wp","href":"https:\/\/api.w.org\/{rel}","templated":true}]}}