{"id":25426,"date":"2022-06-22T21:31:38","date_gmt":"2022-06-23T00:31:38","guid":{"rendered":"http:\/\/vamosporlaliberacion.org\/crpmlm\/?p=25426"},"modified":"2022-06-23T07:20:05","modified_gmt":"2022-06-23T10:20:05","slug":"declaracion-de-la-corriente-clasista-rene-salamanca","status":"publish","type":"post","link":"http:\/\/vamosporlaliberacion.org\/crpmlm\/declaracion-de-la-corriente-clasista-rene-salamanca\/","title":{"rendered":"Los monopolios, terratenientes y bancos son el problema"},"content":{"rendered":"\n<h2 class=\"wp-block-heading\">Declaraci\u00f3n de la Corriente Clasista Ren\u00e9 Salamanca<\/h2>\n\n\n\n<p>Reproducimos la declaraci\u00f3n de la Corriente Clasista Ren\u00e9 Salamanca sobre las palabras de la vice presidenta y las tareas del momento<\/p>\n\n\n\n<h3 class=\"wp-block-heading\"><strong>Hace falta un rumbo popular que de certezas y unidad<\/strong><\/h3>\n\n\n\n<p>El \u00faltimo discurso de Cristina Kirchner en el Congreso de la CTAT fue muy critico del macrismo y de monopolios formadores de precios que especulan permanentemente con la suba criminal de precios en una argentina con un 50% de pobreza, cuestiones con las cuales acordamos.<\/p>\n\n\n\n<p>A la vez tuvo mucho impacto medi\u00e1tico y provoco malestar entre las organizaciones sociales sus declaraciones sobre \u201cla tercerizaci\u00f3n\u201d de los programas sociales, en particular los \u201cPotenciar Trabajo\u201d por parte de las organizaciones territoriales.<\/p>\n\n\n\n<p><strong>Cristina basa sus afirmaciones en que la tasa de desempleo cay\u00f3 al 7% pero persisten 1.200.000 programas sociales<\/strong>, queriendo graficar que \u201chay a quienes les conviene mantener esos planes en vez de transformarlos en trabajo\u201d. <em>\u201cEl peronismo es trabajo\u201d<\/em>, sostuvo, pero omiti\u00f3 decir que hay m\u00e1s de 13 millones que cobraron el ultimo IFE (Ingreso Familiar de Emergencia), evidenciando que gran parte de quienes trabajan lo hacen hoy en d\u00eda con salarios de pobreza y con jornadas extenuantes de 12 o 14hs, totalmente precarizados. <em><strong>\u201cEl peronismo es trabajo\u201d<\/strong><\/em>, <strong>pero este no es el peronismo del \u00b445, ni el empleo es en las condiciones de esos a\u00f1os.<\/strong><\/p>\n\n\n\n<p>M\u00e1s all\u00e1 de las interpretaciones variadas de las palabras de la vice presidenta, esto viene acompa\u00f1ado d\u00edas antes por una campa\u00f1a largada desde los medios de la derecha alrededor de los recursos entregados al \u201cbloque piquetero\u201d, donde se golpea a organizaciones que vienen desarrollando un trabajo en el territorio enfrentando el hambre que nos dejo el macrismo, la pandemia y ahora la inflaci\u00f3n. Pero tras cart\u00f3n de esta campa\u00f1a es el propio Ministerio de Desarrollo Social de la Naci\u00f3n el que presenta un plan para \u201cauditar\u201d a estas organizaciones.<\/p>\n\n\n\n<p>M\u00e1s all\u00e1 de los debates que tenemos con sectores del \u201cbloque piquetero\u201d, <strong>en particular aquel que ubica en el mismo lugar (si no peor) al actual gobierno que a Juntos Por el cambio<\/strong>, esa campa\u00f1a desatada y las medidas del ministerio, corren el eje y ubican el problema en vastos sectores del pueblo que no llegan a fin de mes.<\/p>\n\n\n\n<p><strong>Desde la corriente clasista Ren\u00e9 Salamanca, como otras organizaciones, practicamos permanentemente las rendiciones de cuentas<\/strong> y apoyamos la transparencia en todos los actos tanto de nuestra organizaci\u00f3n como de cualquier otra. <strong>Pero vemos con preocupaci\u00f3n que no se va con la misma dureza a \u201cauditar\u201d a todxs aquellos que la juntaron con pala durante el macrismo, ni se sanciona a monopolios de la alimentaci\u00f3n y supermercados que especulan todos los d\u00edas con el hambre del pueblo<\/strong>.<\/p>\n\n\n\n<p>La dura realidad muestra que las organizaciones sociales reciben todos los d\u00edas en los comedores y merenderos un creciente n\u00famero de personas que no llegan a comprar los alimentos necesarios para abastecer a sus familias, algunos desocupados pero muchos de ellos trabajadores en negro, changarines o a prueba. Este es uno de los principales dramas que vivimos.<\/p>\n\n\n\n<h3 class=\"wp-block-heading\">Otros pasajes del discurso de CFK<\/h3>\n\n\n\n<p>La criminal especulaci\u00f3n de monopolios de la alimentaci\u00f3n y exportadores de alimentos, empuja al hambre a millones todos los d\u00edas. Esto es algo que analiza bastante profundamente Cristina. Es indignante la remarcaci\u00f3n de precios mientras se llenan los bolsillos.<\/p>\n\n\n\n<p>En su discurso incorpora los datos de la balanza comercial (la que mide exportaciones e importaciones) se\u00f1alando el aumento en m\u00e1s de 10.000 millones de d\u00f3lares de importaciones. Esto genera que falten d\u00f3lares y en los hechos genera que se acelere la inflaci\u00f3n. Junto con esto, tambi\u00e9n descarta con datos, que el d\u00e9ficit fiscal genere inflaci\u00f3n comparado con otros pa\u00edses. Resalta principalmente al endeudamiento hist\u00f3rico y la fuga de capitales que se realiz\u00f3 en el periodo macrista como el responsable de la inflaci\u00f3n.<\/p>\n\n\n\n<p>Pero esas afirmaciones y se\u00f1alamientos, tienen un l\u00edmite porque se acepta como \u201cuna maldici\u00f3n inmodificable\u201d un sistema \u201cbimonetario\u201d (d\u00f3lar-peso), donde lo \u00fanico que se podr\u00eda hacer es \u201cbuscar la forma de traer d\u00f3lares o que no se fuguen\u201d, se\u00f1alando con raz\u00f3n la ineptitud de funcionarios del gobierno en \u00e1reas claves. Pero, donde contradictoriamente no se propone frenar el acuerdo con el FMI hasta que no se apruebe en el Congreso (o por decreto) el llamado <strong>\u201cimpuesto a los fugadores\u201d<\/strong>. Se\u00f1al\u00f3 los miles de millones de d\u00f3lares que se evaden por la soja y otros cereales, <strong>pero algo b\u00e1sico como que el Estado (al que se\u00f1ala con raz\u00f3n tener mayor presencia) pase a controlar la cuenca h\u00eddrica del Paran\u00e1, nada se dijo<\/strong>. La misma ausencia del se\u00f1alamiento de un camino que avance en la sustituci\u00f3n de importaciones, por ejemplo.<\/p>\n\n\n\n<p>Hay herramientas que el ejecutivo no utiliza en nombre de la \u201ccorrelaci\u00f3n de fuerzas\u201d, que Cristina se\u00f1al\u00f3 con ejemplos como el de Belgrano o San Mart\u00edn que pusieron por delante las necesidades soberanas antes que la correlaci\u00f3n de fuerzas. En este sentido, el drama de la inflaci\u00f3n, exige medidas como la suba de retenciones segmentadas, la creaci\u00f3n de una empresa nacional de alimentos, hacer permanente el impuesto a las grandes fortunas y que paguen todos los que generaron la deuda y llevaron una verdadera estafa al pueblo argentino como bien dice la vice presidenta.<\/p>\n\n\n\n<p>Porque est\u00e1 claro que con el super\u00e1vit de la balanza comercial e incluso con alguna sustituci\u00f3n de importaciones no alcanza. Es urgente lograr que las empresas reduzcan su tasa de ganancia, esa que bien Cristina denunci\u00f3 como escandalosa, para la creaci\u00f3n de empleo, mejores condiciones laborales y salarios dignos.<\/p>\n\n\n\n<p>La realidad de los planes sociales, es la muestra de la precariedad de la vida del pueblo, donde una persona que cobra un \u201cpotenciar trabajo\u201d y cumple con su contraprestaci\u00f3n, usa el tiempo restante para hacer un trabajo en negro, alguna changa, vender en la feria, etc., logra un mejor salario que un empleado de comercio en la CABA, ni hablar de los salarios de miseria de los municipales y\/o estatales en el interior y as\u00ed podr\u00edamos seguir ejemplificando. <strong>Es decir, el problema no son los planes sociales y las organizaciones, el problema es la matriz productiva graficada en las condiciones laborales, el control de los monopolios, con una justicia acorde y la derecha que sostiene en su programa profundizar la quita de derechos.<\/strong><\/p>\n\n\n\n<p>Sin ninguna duda, los sectores populares junto a sus organizaciones necesitan del necesario debate que contribuya a la unidad, sin pelos en la lengua y caiga quien tenga que caer para recuperar la calle y la m\u00edstica militante rebelde, democr\u00e1tica que de certezas en vez de mayores divisiones frente a una derecha que busca volver a como d\u00e9 lugar. <strong>Porque este es el peligro por delante. Aqu\u00ed est\u00e1n los responsables a quienes hay que derrotar con un rumbo popular que empodere al pueblo.<\/strong><\/p>\n\n\n\n<p>Estamos, como tantos y tantas, para enfrentarlos pero hacia un cambio de matriz productiva a favor de las grandes mayor\u00edas.<\/p>\n\n\n\n<p class=\"has-text-align-right\"><strong>Corriente Clasista Ren\u00e9 Salamanca<\/strong><\/p>\n\n\n\n<p class=\"has-text-align-right\"><em>22 de junio 2022<\/em><\/p>\n<!-- AddThis Advanced Settings generic via filter on the_content --><!-- AddThis Share Buttons generic via filter on the_content -->","protected":false},"excerpt":{"rendered":"<p>Declaraci\u00f3n de la Corriente Clasista Ren\u00e9 Salamanca Reproducimos la declaraci\u00f3n de la Corriente Clasista Ren\u00e9 Salamanca sobre las palabras de la vice presidenta y las tareas del momento Hace falta un rumbo popular que de certezas y unidad El \u00faltimo discurso de Cristina Kirchner en el Congreso de la CTAT fue muy critico del macrismo [&hellip;]<!-- AddThis Advanced Settings generic via filter on get_the_excerpt --><!-- AddThis Share Buttons generic via filter on get_the_excerpt --><\/p>\n","protected":false},"author":9,"featured_media":25350,"comment_status":"open","ping_status":"open","sticky":false,"template":"","format":"standard","meta":{"_jetpack_memberships_contains_paid_content":false,"footnotes":""},"categories":[1881,1699],"tags":[],"class_list":{"0":"post-25426","1":"post","2":"type-post","3":"status-publish","4":"format-standard","5":"has-post-thumbnail","7":"category-editoriales","8":"category-noticias"},"yoast_head":"<!-- This site is optimized with the Yoast SEO plugin v27.4 - https:\/\/yoast.com\/product\/yoast-seo-wordpress\/ -->\n<title>Los monopolios, terratenientes y bancos son el problema - Vamos por la Liberaci\u00f3n<\/title>\n<meta name=\"robots\" content=\"index, follow, max-snippet:-1, max-image-preview:large, max-video-preview:-1\" \/>\n<link rel=\"canonical\" href=\"http:\/\/vamosporlaliberacion.org\/crpmlm\/declaracion-de-la-corriente-clasista-rene-salamanca\/\" \/>\n<meta name=\"twitter:label1\" content=\"Escrito por\" \/>\n\t<meta name=\"twitter:data1\" content=\"Prensa Vamos\" \/>\n\t<meta name=\"twitter:label2\" content=\"Tiempo de lectura\" \/>\n\t<meta name=\"twitter:data2\" content=\"6 minutos\" \/>\n<script type=\"application\/ld+json\" class=\"yoast-schema-graph\">{\"@context\":\"https:\\\/\\\/schema.org\",\"@graph\":[{\"@type\":\"Article\",\"@id\":\"http:\\\/\\\/vamosporlaliberacion.org\\\/crpmlm\\\/declaracion-de-la-corriente-clasista-rene-salamanca\\\/#article\",\"isPartOf\":{\"@id\":\"http:\\\/\\\/vamosporlaliberacion.org\\\/crpmlm\\\/declaracion-de-la-corriente-clasista-rene-salamanca\\\/\"},\"author\":{\"name\":\"Prensa Vamos\",\"@id\":\"https:\\\/\\\/vamosporlaliberacion.org\\\/crpmlm\\\/#\\\/schema\\\/person\\\/ebdbd4bf0e9418b9f0c0a93395366b2f\"},\"headline\":\"Los monopolios, terratenientes y bancos son el problema\",\"datePublished\":\"2022-06-23T00:31:38+00:00\",\"dateModified\":\"2022-06-23T10:20:05+00:00\",\"mainEntityOfPage\":{\"@id\":\"http:\\\/\\\/vamosporlaliberacion.org\\\/crpmlm\\\/declaracion-de-la-corriente-clasista-rene-salamanca\\\/\"},\"wordCount\":1218,\"commentCount\":0,\"image\":{\"@id\":\"http:\\\/\\\/vamosporlaliberacion.org\\\/crpmlm\\\/declaracion-de-la-corriente-clasista-rene-salamanca\\\/#primaryimage\"},\"thumbnailUrl\":\"https:\\\/\\\/i0.wp.com\\\/vamosporlaliberacion.org\\\/crpmlm\\\/wp-content\\\/uploads\\\/2022\\\/06\\\/editorial14-6_5.jpeg?fit=1280%2C960&ssl=1\",\"articleSection\":[\"Editoriales\",\"Noticias\"],\"inLanguage\":\"es\",\"potentialAction\":[{\"@type\":\"CommentAction\",\"name\":\"Comment\",\"target\":[\"http:\\\/\\\/vamosporlaliberacion.org\\\/crpmlm\\\/declaracion-de-la-corriente-clasista-rene-salamanca\\\/#respond\"]}]},{\"@type\":\"WebPage\",\"@id\":\"http:\\\/\\\/vamosporlaliberacion.org\\\/crpmlm\\\/declaracion-de-la-corriente-clasista-rene-salamanca\\\/\",\"url\":\"http:\\\/\\\/vamosporlaliberacion.org\\\/crpmlm\\\/declaracion-de-la-corriente-clasista-rene-salamanca\\\/\",\"name\":\"Los monopolios, terratenientes y bancos son el problema - Vamos por la Liberaci\u00f3n\",\"isPartOf\":{\"@id\":\"https:\\\/\\\/vamosporlaliberacion.org\\\/crpmlm\\\/#website\"},\"primaryImageOfPage\":{\"@id\":\"http:\\\/\\\/vamosporlaliberacion.org\\\/crpmlm\\\/declaracion-de-la-corriente-clasista-rene-salamanca\\\/#primaryimage\"},\"image\":{\"@id\":\"http:\\\/\\\/vamosporlaliberacion.org\\\/crpmlm\\\/declaracion-de-la-corriente-clasista-rene-salamanca\\\/#primaryimage\"},\"thumbnailUrl\":\"https:\\\/\\\/i0.wp.com\\\/vamosporlaliberacion.org\\\/crpmlm\\\/wp-content\\\/uploads\\\/2022\\\/06\\\/editorial14-6_5.jpeg?fit=1280%2C960&ssl=1\",\"datePublished\":\"2022-06-23T00:31:38+00:00\",\"dateModified\":\"2022-06-23T10:20:05+00:00\",\"author\":{\"@id\":\"https:\\\/\\\/vamosporlaliberacion.org\\\/crpmlm\\\/#\\\/schema\\\/person\\\/ebdbd4bf0e9418b9f0c0a93395366b2f\"},\"breadcrumb\":{\"@id\":\"http:\\\/\\\/vamosporlaliberacion.org\\\/crpmlm\\\/declaracion-de-la-corriente-clasista-rene-salamanca\\\/#breadcrumb\"},\"inLanguage\":\"es\",\"potentialAction\":[{\"@type\":\"ReadAction\",\"target\":[\"http:\\\/\\\/vamosporlaliberacion.org\\\/crpmlm\\\/declaracion-de-la-corriente-clasista-rene-salamanca\\\/\"]}]},{\"@type\":\"ImageObject\",\"inLanguage\":\"es\",\"@id\":\"http:\\\/\\\/vamosporlaliberacion.org\\\/crpmlm\\\/declaracion-de-la-corriente-clasista-rene-salamanca\\\/#primaryimage\",\"url\":\"https:\\\/\\\/i0.wp.com\\\/vamosporlaliberacion.org\\\/crpmlm\\\/wp-content\\\/uploads\\\/2022\\\/06\\\/editorial14-6_5.jpeg?fit=1280%2C960&ssl=1\",\"contentUrl\":\"https:\\\/\\\/i0.wp.com\\\/vamosporlaliberacion.org\\\/crpmlm\\\/wp-content\\\/uploads\\\/2022\\\/06\\\/editorial14-6_5.jpeg?fit=1280%2C960&ssl=1\",\"width\":1280,\"height\":960},{\"@type\":\"BreadcrumbList\",\"@id\":\"http:\\\/\\\/vamosporlaliberacion.org\\\/crpmlm\\\/declaracion-de-la-corriente-clasista-rene-salamanca\\\/#breadcrumb\",\"itemListElement\":[{\"@type\":\"ListItem\",\"position\":1,\"name\":\"Portada\",\"item\":\"https:\\\/\\\/vamosporlaliberacion.org\\\/crpmlm\\\/\"},{\"@type\":\"ListItem\",\"position\":2,\"name\":\"Los monopolios, terratenientes y bancos son el problema\"}]},{\"@type\":\"WebSite\",\"@id\":\"https:\\\/\\\/vamosporlaliberacion.org\\\/crpmlm\\\/#website\",\"url\":\"https:\\\/\\\/vamosporlaliberacion.org\\\/crpmlm\\\/\",\"name\":\"Vamos por la Liberaci\u00f3n\",\"description\":\"Prensa CR\",\"potentialAction\":[{\"@type\":\"SearchAction\",\"target\":{\"@type\":\"EntryPoint\",\"urlTemplate\":\"https:\\\/\\\/vamosporlaliberacion.org\\\/crpmlm\\\/?s={search_term_string}\"},\"query-input\":{\"@type\":\"PropertyValueSpecification\",\"valueRequired\":true,\"valueName\":\"search_term_string\"}}],\"inLanguage\":\"es\"},{\"@type\":\"Person\",\"@id\":\"https:\\\/\\\/vamosporlaliberacion.org\\\/crpmlm\\\/#\\\/schema\\\/person\\\/ebdbd4bf0e9418b9f0c0a93395366b2f\",\"name\":\"Prensa Vamos\",\"sameAs\":[\"http:\\\/\\\/vamposporlaliberacion.org\"],\"url\":\"http:\\\/\\\/vamosporlaliberacion.org\\\/crpmlm\\\/author\\\/editor\\\/\"}]}<\/script>\n<!-- \/ Yoast SEO plugin. -->","yoast_head_json":{"title":"Los monopolios, terratenientes y bancos son el problema - Vamos por la Liberaci\u00f3n","robots":{"index":"index","follow":"follow","max-snippet":"max-snippet:-1","max-image-preview":"max-image-preview:large","max-video-preview":"max-video-preview:-1"},"canonical":"http:\/\/vamosporlaliberacion.org\/crpmlm\/declaracion-de-la-corriente-clasista-rene-salamanca\/","twitter_misc":{"Escrito por":"Prensa Vamos","Tiempo de lectura":"6 minutos"},"schema":{"@context":"https:\/\/schema.org","@graph":[{"@type":"Article","@id":"http:\/\/vamosporlaliberacion.org\/crpmlm\/declaracion-de-la-corriente-clasista-rene-salamanca\/#article","isPartOf":{"@id":"http:\/\/vamosporlaliberacion.org\/crpmlm\/declaracion-de-la-corriente-clasista-rene-salamanca\/"},"author":{"name":"Prensa Vamos","@id":"https:\/\/vamosporlaliberacion.org\/crpmlm\/#\/schema\/person\/ebdbd4bf0e9418b9f0c0a93395366b2f"},"headline":"Los monopolios, terratenientes y bancos son el problema","datePublished":"2022-06-23T00:31:38+00:00","dateModified":"2022-06-23T10:20:05+00:00","mainEntityOfPage":{"@id":"http:\/\/vamosporlaliberacion.org\/crpmlm\/declaracion-de-la-corriente-clasista-rene-salamanca\/"},"wordCount":1218,"commentCount":0,"image":{"@id":"http:\/\/vamosporlaliberacion.org\/crpmlm\/declaracion-de-la-corriente-clasista-rene-salamanca\/#primaryimage"},"thumbnailUrl":"https:\/\/i0.wp.com\/vamosporlaliberacion.org\/crpmlm\/wp-content\/uploads\/2022\/06\/editorial14-6_5.jpeg?fit=1280%2C960&ssl=1","articleSection":["Editoriales","Noticias"],"inLanguage":"es","potentialAction":[{"@type":"CommentAction","name":"Comment","target":["http:\/\/vamosporlaliberacion.org\/crpmlm\/declaracion-de-la-corriente-clasista-rene-salamanca\/#respond"]}]},{"@type":"WebPage","@id":"http:\/\/vamosporlaliberacion.org\/crpmlm\/declaracion-de-la-corriente-clasista-rene-salamanca\/","url":"http:\/\/vamosporlaliberacion.org\/crpmlm\/declaracion-de-la-corriente-clasista-rene-salamanca\/","name":"Los monopolios, terratenientes y bancos son el problema - Vamos por la Liberaci\u00f3n","isPartOf":{"@id":"https:\/\/vamosporlaliberacion.org\/crpmlm\/#website"},"primaryImageOfPage":{"@id":"http:\/\/vamosporlaliberacion.org\/crpmlm\/declaracion-de-la-corriente-clasista-rene-salamanca\/#primaryimage"},"image":{"@id":"http:\/\/vamosporlaliberacion.org\/crpmlm\/declaracion-de-la-corriente-clasista-rene-salamanca\/#primaryimage"},"thumbnailUrl":"https:\/\/i0.wp.com\/vamosporlaliberacion.org\/crpmlm\/wp-content\/uploads\/2022\/06\/editorial14-6_5.jpeg?fit=1280%2C960&ssl=1","datePublished":"2022-06-23T00:31:38+00:00","dateModified":"2022-06-23T10:20:05+00:00","author":{"@id":"https:\/\/vamosporlaliberacion.org\/crpmlm\/#\/schema\/person\/ebdbd4bf0e9418b9f0c0a93395366b2f"},"breadcrumb":{"@id":"http:\/\/vamosporlaliberacion.org\/crpmlm\/declaracion-de-la-corriente-clasista-rene-salamanca\/#breadcrumb"},"inLanguage":"es","potentialAction":[{"@type":"ReadAction","target":["http:\/\/vamosporlaliberacion.org\/crpmlm\/declaracion-de-la-corriente-clasista-rene-salamanca\/"]}]},{"@type":"ImageObject","inLanguage":"es","@id":"http:\/\/vamosporlaliberacion.org\/crpmlm\/declaracion-de-la-corriente-clasista-rene-salamanca\/#primaryimage","url":"https:\/\/i0.wp.com\/vamosporlaliberacion.org\/crpmlm\/wp-content\/uploads\/2022\/06\/editorial14-6_5.jpeg?fit=1280%2C960&ssl=1","contentUrl":"https:\/\/i0.wp.com\/vamosporlaliberacion.org\/crpmlm\/wp-content\/uploads\/2022\/06\/editorial14-6_5.jpeg?fit=1280%2C960&ssl=1","width":1280,"height":960},{"@type":"BreadcrumbList","@id":"http:\/\/vamosporlaliberacion.org\/crpmlm\/declaracion-de-la-corriente-clasista-rene-salamanca\/#breadcrumb","itemListElement":[{"@type":"ListItem","position":1,"name":"Portada","item":"https:\/\/vamosporlaliberacion.org\/crpmlm\/"},{"@type":"ListItem","position":2,"name":"Los monopolios, terratenientes y bancos son el problema"}]},{"@type":"WebSite","@id":"https:\/\/vamosporlaliberacion.org\/crpmlm\/#website","url":"https:\/\/vamosporlaliberacion.org\/crpmlm\/","name":"Vamos por la Liberaci\u00f3n","description":"Prensa CR","potentialAction":[{"@type":"SearchAction","target":{"@type":"EntryPoint","urlTemplate":"https:\/\/vamosporlaliberacion.org\/crpmlm\/?s={search_term_string}"},"query-input":{"@type":"PropertyValueSpecification","valueRequired":true,"valueName":"search_term_string"}}],"inLanguage":"es"},{"@type":"Person","@id":"https:\/\/vamosporlaliberacion.org\/crpmlm\/#\/schema\/person\/ebdbd4bf0e9418b9f0c0a93395366b2f","name":"Prensa Vamos","sameAs":["http:\/\/vamposporlaliberacion.org"],"url":"http:\/\/vamosporlaliberacion.org\/crpmlm\/author\/editor\/"}]}},"jetpack_featured_media_url":"https:\/\/i0.wp.com\/vamosporlaliberacion.org\/crpmlm\/wp-content\/uploads\/2022\/06\/editorial14-6_5.jpeg?fit=1280%2C960&ssl=1","jetpack_sharing_enabled":true,"_links":{"self":[{"href":"http:\/\/vamosporlaliberacion.org\/crpmlm\/wp-json\/wp\/v2\/posts\/25426","targetHints":{"allow":["GET"]}}],"collection":[{"href":"http:\/\/vamosporlaliberacion.org\/crpmlm\/wp-json\/wp\/v2\/posts"}],"about":[{"href":"http:\/\/vamosporlaliberacion.org\/crpmlm\/wp-json\/wp\/v2\/types\/post"}],"author":[{"embeddable":true,"href":"http:\/\/vamosporlaliberacion.org\/crpmlm\/wp-json\/wp\/v2\/users\/9"}],"replies":[{"embeddable":true,"href":"http:\/\/vamosporlaliberacion.org\/crpmlm\/wp-json\/wp\/v2\/comments?post=25426"}],"version-history":[{"count":2,"href":"http:\/\/vamosporlaliberacion.org\/crpmlm\/wp-json\/wp\/v2\/posts\/25426\/revisions"}],"predecessor-version":[{"id":25429,"href":"http:\/\/vamosporlaliberacion.org\/crpmlm\/wp-json\/wp\/v2\/posts\/25426\/revisions\/25429"}],"wp:featuredmedia":[{"embeddable":true,"href":"http:\/\/vamosporlaliberacion.org\/crpmlm\/wp-json\/wp\/v2\/media\/25350"}],"wp:attachment":[{"href":"http:\/\/vamosporlaliberacion.org\/crpmlm\/wp-json\/wp\/v2\/media?parent=25426"}],"wp:term":[{"taxonomy":"category","embeddable":true,"href":"http:\/\/vamosporlaliberacion.org\/crpmlm\/wp-json\/wp\/v2\/categories?post=25426"},{"taxonomy":"post_tag","embeddable":true,"href":"http:\/\/vamosporlaliberacion.org\/crpmlm\/wp-json\/wp\/v2\/tags?post=25426"}],"curies":[{"name":"wp","href":"https:\/\/api.w.org\/{rel}","templated":true}]}}