{"id":25175,"date":"2022-04-20T16:44:10","date_gmt":"2022-04-20T19:44:10","guid":{"rendered":"http:\/\/vamosporlaliberacion.org\/crpmlm\/?p=25175"},"modified":"2022-04-20T20:24:40","modified_gmt":"2022-04-20T23:24:40","slug":"el-poder-real-goza-de-impunidad","status":"publish","type":"post","link":"http:\/\/vamosporlaliberacion.org\/crpmlm\/el-poder-real-goza-de-impunidad\/","title":{"rendered":"Mientras la inflaci\u00f3n y desigualdad social no tienen techo\u2026 EL PODER REAL GOZA DE IMPUNIDAD"},"content":{"rendered":"\n<p>El 6,7% de inflaci\u00f3n (la m\u00e1s alta de los \u00faltimos 20 a\u00f1os) puso sobre la mesa que <strong>\u201cla guerra contra la inflaci\u00f3n\u201d <\/strong>se est\u00e1 perdiendo porque las medidas paliativas no resuelven el problema de fondo que radica en la impunidad en la que se maneja el llamado \u201cpoder real\u201d, los sectores monop\u00f3licos que controlan la producci\u00f3n, el transporte y la comercializaci\u00f3n de las materias primas, los alimentos elaborados y la energ\u00eda.<\/p>\n\n\n\n<p><strong>El gobierno anunci\u00f3 dos medidas de \u201cefecto r\u00e1pido\u201d<\/strong> que apuntan morigerar el impacto de la inflaci\u00f3n en los bolsillos de los sectores populares mas vulnerados. <strong>Se otorgar\u00e1 por \u00fanica vez un bono de 18.000 pesos pagadero en dos veces y a los jubilados y pensionados un de 12.000 pesos.<\/strong><\/p>\n\n\n\n<p>Hace d\u00edas atr\u00e1s, Cristina Kirchner en la apertura del encuentro de parlamentarios europeos y latinoamericanos (EuroLat), sostuvo <em><strong>\u201cque te pongan una banda y que te den el bast\u00f3n no significa que tengas el poder\u201d.<\/strong><\/em>M\u00e1s all\u00e1 de las interpretaciones en cuanto a que si fue un mensaje dirigido a Alberto Fern\u00e1ndez, es m\u00e1s bien el reconocimiento de una realidad que hay que abordar en cuanto a que <strong>el gobierno no expresar\u00eda, de manera concentrada<\/strong>, a los sectores de monopolios, bancos, medios, terratenientes y de la justicia que sostienen ese \u201cpoder real\u201d.<\/p>\n\n\n\n<p>Y son justamente estos sectores los que est\u00e1n detr\u00e1s de la escalada de precios, de la especulaci\u00f3n financiera, de las campa\u00f1as medi\u00e1ticas que instalan un escenario de \u201cdesgobierno\u201d y aquellos que desaf\u00edan desde la justicia a los dem\u00e1s poderes del Estado como acaba de ocurrir con la \u201cauto designaci\u00f3n\u201d del cortesano Horacio Rosetti al frente del Consejo de la Magistratura <strong>(ver comunicado)<\/strong>.<\/p>\n\n\n\n<p><strong>Se muestra sin tapujos una realidad en cuanto a que ese \u201cpoder real\u201d se coloca de hecho por encima del gobierno y las leyes<\/strong>, ejerciendo con acciones en determinados sectores un poder paralelo al establecido constitucionalmente. <strong>Esta es la gravedad en la que se ha entrado.<\/strong><\/p>\n\n\n\n<p>El centro de la disputa con ese poder pasa por la econom\u00eda corporizado en la disparada de la inflaci\u00f3n que se come los salarios y ayudas sociales, acrecentando la pobreza, achicando la distancia entre los que reciben ayudas sociales y los que trabajan de manera precaria.<\/p>\n\n\n\n<p>Los programas como el control de precios, precios cuidados, canastas de precios populares, \u201cmercados cercanos\u201d <strong>son buenas medidas, pero se transforman en \u201cpaliativos\u201d <\/strong>que luego desaparecen con el tiempo si no se acompa\u00f1an con \u201cpol\u00edticas de estado\u201d que afecten a los que ejercen el control real sobre la formaci\u00f3n de precios.<\/p>\n\n\n\n<p>\u00bfDe qu\u00e9 sirve la llamada \u201cley de g\u00f3ndolas\u201d si se permite que un monopolio tenga m\u00e1s de una marca y ocupen m\u00e1s espacio cuando una peque\u00f1a Pyme o cooperativa solo tiene una sola, que nadie conoce, y es avasallada por publicidades masivas de las primeras marcas en los medios de comunicaci\u00f3n?<\/p>\n\n\n\n<div class=\"wp-block-image\"><figure class=\"aligncenter size-large\"><img data-recalc-dims=\"1\" loading=\"lazy\" decoding=\"async\" width=\"696\" height=\"251\" src=\"https:\/\/i0.wp.com\/vamosporlaliberacion.org\/crpmlm\/wp-content\/uploads\/2022\/04\/monopolios-700x252.jpg?resize=696%2C251\" alt=\"\" class=\"wp-image-25180\" srcset=\"https:\/\/i0.wp.com\/vamosporlaliberacion.org\/crpmlm\/wp-content\/uploads\/2022\/04\/monopolios.jpg?resize=700%2C252&amp;ssl=1 700w, https:\/\/i0.wp.com\/vamosporlaliberacion.org\/crpmlm\/wp-content\/uploads\/2022\/04\/monopolios.jpg?resize=300%2C108&amp;ssl=1 300w, https:\/\/i0.wp.com\/vamosporlaliberacion.org\/crpmlm\/wp-content\/uploads\/2022\/04\/monopolios.jpg?resize=768%2C276&amp;ssl=1 768w, https:\/\/i0.wp.com\/vamosporlaliberacion.org\/crpmlm\/wp-content\/uploads\/2022\/04\/monopolios.jpg?resize=150%2C54&amp;ssl=1 150w, https:\/\/i0.wp.com\/vamosporlaliberacion.org\/crpmlm\/wp-content\/uploads\/2022\/04\/monopolios.jpg?resize=696%2C250&amp;ssl=1 696w, https:\/\/i0.wp.com\/vamosporlaliberacion.org\/crpmlm\/wp-content\/uploads\/2022\/04\/monopolios.jpg?w=818&amp;ssl=1 818w\" sizes=\"auto, (max-width: 696px) 100vw, 696px\" \/><\/figure><\/div>\n\n\n\n<p>La situaci\u00f3n es muy delicada porque la pobreza se mide por esta realidad, pero tiene un reflejo parcial en los n\u00fameros generales de la estad\u00edstica, <strong>ya que es sabido que en los sectores m\u00e1s empobrecidos la inflaci\u00f3n es 4 o 5% m\u00e1s alta y se deben sumar <\/strong>arubros como la educaci\u00f3n que lleg\u00f3 a 23,6%, carne cerca del 12%, los aceites, grasas y mantecas 9,6%, indumentaria y calzado super\u00f3 el 11%, alimentos 7,2% y agua y energ\u00eda m\u00e1s del 8%.<\/p>\n\n\n\n<p><strong>Esta es la base real de la interna en el Frente de Todos<\/strong> y la crisis en el gobierno que se ha alejado de la base social que lo vot\u00f3. <strong>Hay mas preocupaci\u00f3n por los piquetes de las organizaciones sociales, que por \u201cponerle el cascabel al gato\u201d de los que detentan el \u201cpoder real\u201d y est\u00e1n parados arriba de las palancas claves de la econom\u00eda.<\/strong><\/p>\n\n\n\n<p>Ahora con la disparada inflacionaria, con perspectivas anuales muy malas, ha llevado al ejecutivo a probar medidas como la llamada \u201crenta inesperada\u201d, buscando gravar a una parte de las grandes empresas que se benefician de los superprecios internacionales de los commodities (materias primas) a causa de la guerra en Ucrania.<\/p>\n\n\n\n<p><strong>Esto no ser\u00eda un invento criollo, ya lo pusieron en pr\u00e1ctica algunos pa\u00edses y hasta el propio FMI lo sugiere en su \u00faltimo an\u00e1lisis de coyuntura.<\/strong><\/p>\n\n\n\n<p>Ser\u00eda una al\u00edcuota de entre 10 a 15% sobre el componente de renta que es inesperado, donde el universo que abarcar\u00eda ser\u00eda acotado a empresas con ganancias netas imponibles altas, <strong>superiores a los 1100 millones de pesos en el a\u00f1o<\/strong><strong>.<\/strong> Se habla que el universo <strong>solo abarcar\u00eda<\/strong> <strong>entre el 1 al 3% <\/strong><strong>de las empresas<\/strong> del pa\u00eds que tuvieron ganancias superiores a esas cifras en el a\u00f1o 2021.<\/p>\n\n\n\n<p>Hay que tener en cuenta que <strong>el proyecto sostiene no gravar a aquellas empresa que tuvieron excedentes como resultado de una inversi\u00f3n<\/strong>, ya que solo pagar\u00eda \u201cpor una ganancia ex\u00f3gena a la voluntad de tal empresa\u201d. As\u00ed por ejemplo el radio se achica mucho m\u00e1s a\u00fan.<\/p>\n\n\n\n<p>Por otro lado, al parecer ser\u00eda diferenciado el porcentaje de esta al\u00edcuota, donde tributar\u00edan mas aquellas empresas que no reinviertan, a diferencia de las que si \u201creinvertir\u00edan\u201d en el pa\u00eds. <strong>Este dinero recaudado se volcar\u00eda a reforzar partidas a jubilados, ayudas sociales y trabajo informal.<\/strong> Esta medida deber\u00eda ser permanente.<\/p>\n\n\n\n<p>La oposici\u00f3n desde Juntos por el Cambio, Milei o Espert ya salieron a vociferar en contra sin tener demasiada idea de que se trata. Es tal la impunidad en la que se mueven estos sectores dominantes, coloc\u00e1ndose por encima del \u201cestado de derecho\u201d, que acuerdan con \u201clos modelos occidentales\u201d donde esos Estados buscan recuperar algo de lo invertido en la lucha contra la pandemia promoviendo este tipo de medidas que afectan a las empresas que han multiplicado sus ganancias, <strong>\u00a1pero en nuestro pa\u00eds se oponen!.<\/strong><\/p>\n\n\n\n<p>Si no prospera en el Congreso esta iniciativa, <strong>solo servir\u00eda para demostrar una vez m\u00e1s que no hay \u201chalcones y palomas\u201d y menos \u201csolidaridad\u201d en esos sectores. Solo hay una celosa guardia por las ganancias de los que tienen la sart\u00e9n por el mango y ejercen el \u201cpoder real\u201d en el pa\u00eds.<\/strong><\/p>\n\n\n\n<p>Si el presidente vuelve a afirmar que se comprometi\u00f3 a que <em>\u201cprimero sean los \u00faltimos\u201d<\/em>, ya desvi\u00f3 el camino con el acuerdo con el FMI y lejos de saciar a la oligarqu\u00eda nativa, vendr\u00e1n por mas si no se va sobre sus ganancias.<\/p>\n\n\n\n<p>Si el Ministro Guzm\u00e1n inmediatamente despu\u00e9s de los anuncios de ayudas econ\u00f3micas viaja a EEUU para negociar con \u201cesa parte del poder real\u201d como se van ajustar las tarifas y dem\u00e1s acuerdos con el FMI por la creciente inflaci\u00f3n mundial, seguiremos poniendo por delante \u201chacer bien los deberes\u201d para que cierren las cuentas pero con millones afuera.<\/p>\n\n\n\n<p><strong>Crecimiento con mas concentraci\u00f3n y menos distribuci\u00f3n<\/strong><\/p>\n\n\n\n<p><strong><u>En segundo semestre de 2021, seg\u00fan el INDEC se registraron \u00edndices de crecimiento de la actividad econ\u00f3mica donde por su rapidez y dinamismo no encuentras registro en el pasado reciente<\/u><\/strong><strong>. La econom\u00eda manifest\u00f3<\/strong><strong> <\/strong>un crecimiento del&nbsp;<strong>10,3%<\/strong>&nbsp;interanual entre enero y junio y del<strong>&nbsp;<\/strong><strong>17,9%<\/strong>&nbsp;en el segundo trimestre, con un&nbsp;<strong>fuerte incremento<\/strong>&nbsp;de todos&nbsp; los precios.<\/p>\n\n\n\n<p>Pero el dato del trabajo del INDEC marca que la participaci\u00f3n de los trabajadores en el PBI <strong>se desplom\u00f3<\/strong> <strong>al<\/strong> <strong>43,1 %<\/strong>&nbsp;perdiendo entre <strong>2017 y 2021<\/strong><strong> 8,7 <\/strong><strong>puntos porcentuales.<\/strong><strong> <\/strong><strong>M<\/strong>ientras que el excedente privado de explotaci\u00f3n, es decir el saldo contable de las empresas, capt\u00f3 el <strong>54,3%<\/strong> de la torta entre el 2017 y el 2021. (<strong>Centro de Investigaci\u00f3n y Formaci\u00f3n de la Rep\u00fablica Argentina, CIFRA<\/strong>).<\/p>\n\n\n\n<div class=\"wp-block-image\"><figure class=\"aligncenter size-full is-resized\"><img data-recalc-dims=\"1\" loading=\"lazy\" decoding=\"async\" src=\"https:\/\/i0.wp.com\/vamosporlaliberacion.org\/crpmlm\/wp-content\/uploads\/2022\/04\/participacionSalarioPBI.jpg?resize=431%2C427\" alt=\"\" class=\"wp-image-25178\" width=\"431\" height=\"427\" srcset=\"https:\/\/i0.wp.com\/vamosporlaliberacion.org\/crpmlm\/wp-content\/uploads\/2022\/04\/participacionSalarioPBI.jpg?w=536&amp;ssl=1 536w, https:\/\/i0.wp.com\/vamosporlaliberacion.org\/crpmlm\/wp-content\/uploads\/2022\/04\/participacionSalarioPBI.jpg?resize=300%2C297&amp;ssl=1 300w, https:\/\/i0.wp.com\/vamosporlaliberacion.org\/crpmlm\/wp-content\/uploads\/2022\/04\/participacionSalarioPBI.jpg?resize=150%2C149&amp;ssl=1 150w, https:\/\/i0.wp.com\/vamosporlaliberacion.org\/crpmlm\/wp-content\/uploads\/2022\/04\/participacionSalarioPBI.jpg?resize=424%2C420&amp;ssl=1 424w\" sizes=\"auto, (max-width: 431px) 100vw, 431px\" \/><\/figure><\/div>\n\n\n\n<p>Ese desplome obedece a la perdida que se arrastra producto de la inflaci\u00f3n, devaluaci\u00f3n y la precariedad laboral que abarca a m\u00e1s del 50% de los asalariados, entre otros factores.<\/p>\n\n\n\n<p>De acuerdo al INDEC, en el segundo trimestre de 2021 los puestos de trabajo totales tuvieron un&nbsp;<strong>incremento de 17,2%<\/strong>: subieron de<strong>&nbsp;17.131.000 a 20.086.000<\/strong>. A\u00fan son inferiores a los&nbsp;<strong><u>20.571.000&nbsp;<\/u><\/strong>del segundo trimestre de 2019. Pero casi en su totalidad eso se debi\u00f3 al aumento de los<strong>&nbsp;asalariados no registrados<\/strong>&nbsp;(+ 1.329.000) y&nbsp;<strong>cuentapropismo&nbsp;<\/strong>(+ 1.463.000). Los asalariados registrados<strong>&nbsp;solamente mejoraron en 163.000.<\/strong><\/p>\n\n\n\n<p>En horas trabajadas, el aumento fue del&nbsp;<strong>50,1%<\/strong>&nbsp;respecto al mismo trimestre de 2020. \u201cLas horas de los asalariados crecieron 45,7% y las de los no asalariados, 65,0%. En el caso de los registrados, el ascenso de las horas trabajadas es de 40,3% mientras que las horas correspondientes a los no registrados se incrementaron en 63,1%\u201d.<\/p>\n\n\n\n<p>Seg\u00fan&nbsp;un informe&nbsp;elaborado por el&nbsp;<strong>Mirador de la Actualidad del Trabajo y la Econom\u00eda (MATE)<\/strong>&nbsp;realizado en base a datos del&nbsp;<strong>INDEC<\/strong>, en cuanto a la evoluci\u00f3n de los salarios, el tren diciembre de 2021 los salarios formales estaban en niveles similares a los del comienzo del mandato del&nbsp;<strong>Frente de Todos<\/strong>, mientras que los ingresos de los informales continuaron descendiendo.&nbsp;<strong>La p\u00e9rdida del poder de compra durante el gobierno de Cambiemos fue tan importante que para alcanzar el nivel que hab\u00eda al final del mandato de Cristina Fern\u00e1ndez <\/strong><strong>el salario real deber\u00eda crecer un 33% promedio (26% el privado, 35% el p\u00fablico y 57% el de los trabajadores informales)<\/strong><strong>.<\/strong><\/p>\n\n\n\n<p>Si se toman los datos del&nbsp;<strong>INDEC<\/strong>&nbsp;sobre lo que ocurri\u00f3 <strong>en 2021<\/strong>, <strong>el \u00cdndice de salarios total creci\u00f3 54,1% por sobre la inflaci\u00f3n interanual de 50,7%. <\/strong>Por sector, los ingresos del sector privado registrado crecieron 56,2%, los del p\u00fablico 59,4% y los del sector privado no registrado, 40,7%. Los porcentajes est\u00e1n a\u00fan muy alejados de los montos necesarios para recuperar el poder adquisitivo de 2015.<\/p>\n\n\n\n<p><strong>la guerra imperialista y nuestro pa\u00eds<\/strong><\/p>\n\n\n\n<p>Semanas atr\u00e1s en el terreno de la geopol\u00edtica se mostr\u00f3 <strong>el esp\u00edritu humillante con la votaci\u00f3n argentina en la ONU <\/strong>(a la medida de EEUU y la OTAN)<strong> a favor de la suspensi\u00f3n de Rusia de la Comisi\u00f3n de DDHH.<\/strong><\/p>\n\n\n\n<p>La disputa internacional no puede ser ajena en nuestro pa\u00eds que paga haber aceptado la estafa de la Deuda y su elevada dependencia de los monopolios multinacionales que controlan las exportaciones, as\u00ed como la importaci\u00f3n y fabricaci\u00f3n de insumos para la industria y el agro.<\/p>\n\n\n\n<p><strong>El decreto 949<\/strong> que lleva la firma de Alberto Fern\u00e1ndez, <strong>que decidi\u00f3 reprivatizar la principal v\u00eda troncal de navegaci\u00f3n del pa\u00eds, el R\u00edo Paran\u00e1 y el R\u00edo de la Plata<\/strong>, por donde se llevan nuestros bienes naturales y se evaden 30.000 millones de d\u00f3lares por a\u00f1o, constituyendo una herida abierta por donde nos desangramos, es una muestra de una \u201cpol\u00edtica de Estado\u201d que nos amarra a esa dependencia. Por estos d\u00edas esas multinacionales de EEUU, China, Francia y monopolios locales se pelean por ver qui\u00e9n se va quedar con la concesi\u00f3n del proceso licitatorio que se lleva a cabo. Estos hechos dividen a sectores dominantes y populares que integran el Frente de Todos, por lo que se impone luchar para unir esfuerzos que impidan una nueva entrega de nuestra soberan\u00eda.<\/p>\n\n\n\n<div class=\"wp-block-image\"><figure class=\"aligncenter size-full is-resized\"><img data-recalc-dims=\"1\" loading=\"lazy\" decoding=\"async\" src=\"https:\/\/i0.wp.com\/vamosporlaliberacion.org\/crpmlm\/wp-content\/uploads\/2021\/05\/hidroviaParana.jpg?resize=455%2C256\" alt=\"\" class=\"wp-image-23791\" width=\"455\" height=\"256\" srcset=\"https:\/\/i0.wp.com\/vamosporlaliberacion.org\/crpmlm\/wp-content\/uploads\/2021\/05\/hidroviaParana.jpg?w=512&amp;ssl=1 512w, https:\/\/i0.wp.com\/vamosporlaliberacion.org\/crpmlm\/wp-content\/uploads\/2021\/05\/hidroviaParana.jpg?resize=300%2C169&amp;ssl=1 300w, https:\/\/i0.wp.com\/vamosporlaliberacion.org\/crpmlm\/wp-content\/uploads\/2021\/05\/hidroviaParana.jpg?resize=150%2C84&amp;ssl=1 150w\" sizes=\"auto, (max-width: 455px) 100vw, 455px\" \/><figcaption>Hidrov\u00eda del R\u00edo Paran\u00e1<\/figcaption><\/figure><\/div>\n\n\n\n<p>Hay un escenario internacional en el que los diferentes sectores del Frente de Todos acordar\u00edan: la multipolaridad. Pero a partir de all\u00ed, se desprenden visones distintas. En el ejecutivo nacional primar\u00eda una visi\u00f3n que<strong> \u201csi bien parte de diversificar la dependencia\u201d (como le dijo Alberto a Putin), ve a EEUU salir fortalecido de la guerra en Ucrania <\/strong>y donde la propia OTAN tendr\u00eda un \u201cresurgir\u201d en un \u201cnuevo orden mundial\u201d. <strong>Esto obligar\u00eda a estar alineados en esa vereda.<\/strong> El acuerdo con el FMI y las votaciones contra Rusia y Venezuela se pueden ubicar en esa direcci\u00f3n.<\/p>\n\n\n\n<p>Otra lectura tambi\u00e9n parte de un escenario multipolar y la \u201cdiversificaci\u00f3n de la dependencia\u201d como pol\u00edtica hacia el mundo pero tiene una llegada m\u00e1s fluida con procesos latinoamericanos. Reconoce un \u201cnuevo orden\u201d, <strong>pero donde la guerra en Ucrania ser\u00eda la muestra de la perdida de hegemon\u00eda de los EEUU y la OTAN<\/strong>, donde China emerger\u00eda en una alianza con Rusia. <strong>Este an\u00e1lisis llevar\u00eda al alineamiento en esta vereda.<\/strong><\/p>\n\n\n\n<p>Y la tercera lectura, tambi\u00e9n parte de un escenario multipolar (como expresi\u00f3n de la agudizaci\u00f3n de la disputa inter imperialista), que reconoce que EEUU no puede hacer lo que quiera en el mundo (si bien no ha perdido a\u00fan el rol de superpotencia) <strong>y donde la guerra imperialista <\/strong>(de media intensidad y no convencional en territorio Ucraniano)es una expresi\u00f3n del inicio de ese \u201cnuevo orden mundial\u201d. Pero a diferencia de las otras dos, no se subordina ni se alinea con ninguna potencia en pugna, buscando aprovechar sus contradicciones para avanzar, asimilando la m\u00e1xima mao\u00edsta de \u201cno atacar a todos a la vez\u201d, sin olvidar su naturaleza imperialista.<\/p>\n\n\n\n<p>En la guerra imperialista donde se arrastra al mundo a estar en un bando u otro, la opci\u00f3n de los pueblos debe ser la de la neutralidad activa, denunciando sus atrocidades y tratando de avanzar en el desarrollo de pol\u00edticas soberanas, que fortalezcan a las naciones y pueblos en un camino de liberaci\u00f3n que rompa con las cadenas de la dependencia.<\/p>\n\n\n\n<p><strong>ES POR AC\u00c1<\/strong><\/p>\n\n\n\n<p><strong>(Retenciones, \u201cRenta Inesperada\u201d, \u201cImpuesto a la fuga\u201d)<\/strong><\/p>\n\n\n\n<p>La realidad econ\u00f3mica y social que se\u00f1alamos es pasto de cultivo para el avance de las variantes de derecha reaccionaria hasta fascista. Solo en una situaci\u00f3n de profunda crisis, de escepticismo y falta de opciones que se planteen cambios de ra\u00edz de una estructura podrida, pueden crecer estas variantes de la \u201canti pol\u00edtica\u201d que ven solo \u201cvalores duros\u201d pero ef\u00edmeros que terminan defendiendo el \u201clibre mercado\u201d controlado por aquellos que nos han tra\u00eddo a este barranco.<\/p>\n\n\n\n<p>Es por esto, que una de las urgencias m\u00e1s grande del momento es sacar a millones del atolladero en el que han ca\u00eddo, para poder levantar la cabeza y no ser arrastrados detr\u00e1s de estas opciones que nos terminaran enterrando pero m\u00e1s r\u00e1pido que antes si conquistan el gobierno.<\/p>\n\n\n\n<p>Medidas como las \u201cretenciones diferenciadas\u201d, \u201crenta inesperada\u201d, \u201cImpuesto a la fuga\u201d e\u201cimpuesto a las grandes fortunas\u201d <strong>son medidas positivas que llevar\u00e1n certezas a millones.<\/strong> Las razones est\u00e1n en la obscenidad de las ganancias de los que ostentan el \u201cpoder real\u201d en nuestro pa\u00eds, que se cagaron en la pandemia mientras el pueblo pon\u00eda los muertos y dejaba todo en los hospitales y servicios esenciales.<\/p>\n\n\n\n<p>No les tembl\u00f3 la mano en pedir \u201cayuda al estado\u201d con las ATPs, reducci\u00f3n impositivas, subsidios y otras concesiones que les permitieron tener como resultado la multiplicaci\u00f3n de sus ganancias mientras el pueblo se hund\u00eda en la pobreza. Ahora estos mismos sectores no est\u00e1n dispuestos a ceder ni una min\u00fascula porci\u00f3n de sus mega ganancias.<\/p>\n\n\n\n<p>Por eso son validas estas medidas si son permanentes, <strong>porque permite recaudar r\u00e1pidamente para auxiliar a los m\u00e1s castigados.<\/strong> Pero no podemos esperar ocho meses para tratarlas como sucedi\u00f3 con el \u201cimpuesto a las grandes fortunas\u201d. <strong>Hace falta decisi\u00f3n y el pueblo en las calles.<\/strong><\/p>\n\n\n\n<p>Porque <strong>\u201clas retenciones diferenciadas\u201d<\/strong> deben apuntar a morigerar la corrida de los precios; porque el <strong>\u201cimpuesto a la fuga\u201d<\/strong> debe apuntar a hacer un acto de justicia sobre aquellos que nos estafaron, investigando a fondo para que ellos paguen y los d\u00f3lares del fisco vayan para las necesidades populares y la reactivaci\u00f3n del pa\u00eds. Porque la <strong>\u201crenta Inesperada\u201d<\/strong> grava a la especulaci\u00f3n sobre millones que pagamos los precios internacionales de las materias primas de alimentos y energ\u00eda.<\/p>\n\n\n\n<p><strong>Es necesario ser protagonistas en las calles para tratar de imponerlo<\/strong>, aunque su aprobaci\u00f3n en el Congreso sea muy dif\u00edcil, estimular\u00e1 la lucha popular contra los sectores que tienen concentrado \u201cel poder real\u201d.<\/p>\n\n\n\n<figure class=\"wp-block-gallery has-nested-images columns-default is-cropped wp-block-gallery-1 is-layout-flex wp-block-gallery-is-layout-flex\">\n<figure class=\"wp-block-image size-large\"><img data-recalc-dims=\"1\" loading=\"lazy\" decoding=\"async\" width=\"696\" height=\"696\" data-id=\"25177\" src=\"https:\/\/i0.wp.com\/vamosporlaliberacion.org\/crpmlm\/wp-content\/uploads\/2022\/04\/conLaComidaNoSeJode.jpg?resize=696%2C696\" alt=\"\" class=\"wp-image-25177\" srcset=\"https:\/\/i0.wp.com\/vamosporlaliberacion.org\/crpmlm\/wp-content\/uploads\/2022\/04\/conLaComidaNoSeJode.jpg?w=720&amp;ssl=1 720w, https:\/\/i0.wp.com\/vamosporlaliberacion.org\/crpmlm\/wp-content\/uploads\/2022\/04\/conLaComidaNoSeJode.jpg?resize=300%2C300&amp;ssl=1 300w, https:\/\/i0.wp.com\/vamosporlaliberacion.org\/crpmlm\/wp-content\/uploads\/2022\/04\/conLaComidaNoSeJode.jpg?resize=700%2C700&amp;ssl=1 700w, https:\/\/i0.wp.com\/vamosporlaliberacion.org\/crpmlm\/wp-content\/uploads\/2022\/04\/conLaComidaNoSeJode.jpg?resize=150%2C150&amp;ssl=1 150w, https:\/\/i0.wp.com\/vamosporlaliberacion.org\/crpmlm\/wp-content\/uploads\/2022\/04\/conLaComidaNoSeJode.jpg?resize=696%2C696&amp;ssl=1 696w, https:\/\/i0.wp.com\/vamosporlaliberacion.org\/crpmlm\/wp-content\/uploads\/2022\/04\/conLaComidaNoSeJode.jpg?resize=420%2C420&amp;ssl=1 420w\" sizes=\"auto, (max-width: 696px) 100vw, 696px\" \/><\/figure>\n\n\n\n<figure class=\"wp-block-image size-large\"><img data-recalc-dims=\"1\" loading=\"lazy\" decoding=\"async\" width=\"696\" height=\"522\" data-id=\"25181\" src=\"https:\/\/i0.wp.com\/vamosporlaliberacion.org\/crpmlm\/wp-content\/uploads\/2022\/04\/reneEnParitariaSocial.jpg?resize=696%2C522\" alt=\"\" class=\"wp-image-25181\" srcset=\"https:\/\/i0.wp.com\/vamosporlaliberacion.org\/crpmlm\/wp-content\/uploads\/2022\/04\/reneEnParitariaSocial.jpg?w=720&amp;ssl=1 720w, https:\/\/i0.wp.com\/vamosporlaliberacion.org\/crpmlm\/wp-content\/uploads\/2022\/04\/reneEnParitariaSocial.jpg?resize=300%2C225&amp;ssl=1 300w, https:\/\/i0.wp.com\/vamosporlaliberacion.org\/crpmlm\/wp-content\/uploads\/2022\/04\/reneEnParitariaSocial.jpg?resize=700%2C525&amp;ssl=1 700w, https:\/\/i0.wp.com\/vamosporlaliberacion.org\/crpmlm\/wp-content\/uploads\/2022\/04\/reneEnParitariaSocial.jpg?resize=150%2C113&amp;ssl=1 150w, https:\/\/i0.wp.com\/vamosporlaliberacion.org\/crpmlm\/wp-content\/uploads\/2022\/04\/reneEnParitariaSocial.jpg?resize=696%2C522&amp;ssl=1 696w, https:\/\/i0.wp.com\/vamosporlaliberacion.org\/crpmlm\/wp-content\/uploads\/2022\/04\/reneEnParitariaSocial.jpg?resize=560%2C420&amp;ssl=1 560w, https:\/\/i0.wp.com\/vamosporlaliberacion.org\/crpmlm\/wp-content\/uploads\/2022\/04\/reneEnParitariaSocial.jpg?resize=80%2C60&amp;ssl=1 80w, https:\/\/i0.wp.com\/vamosporlaliberacion.org\/crpmlm\/wp-content\/uploads\/2022\/04\/reneEnParitariaSocial.jpg?resize=265%2C198&amp;ssl=1 265w\" sizes=\"auto, (max-width: 696px) 100vw, 696px\" \/><\/figure>\n<\/figure>\n\n\n\n<p><strong>El pueblo en las calles es sumamente necesario frente a las vacilaciones y concesiones del ejecutivo<\/strong>. Es necesario para seguir avanzando por medidas estructurales que sean \u201cpol\u00edticas de Estado\u201d, donde se pase a tener el control de las exportaciones, se castigue la evasi\u00f3n; se ponga en marcha un control de cambio, se avance en una pol\u00edtica de colonizaci\u00f3n de tierras ociosas para los que la quieran trabajar; con otro modelo de agricultura sin venenos con una Empresa Nacional de Alimentos que nos acerque a la soberan\u00eda alimentaria, en una pol\u00edtica energ\u00e9tica soberana mirando las necesidades de nuestro pa\u00eds y no envenenando a su poblaci\u00f3n mientras se llevan las ganancias afuera.<\/p>\n\n\n\n<p>Los tiempos por delante requieren de mucha unidad popular para ser protagonistas en la confrontaci\u00f3n brutal a la que nos llevan los sectores que siempre ganan a costa de los sufrimientos de millones.<\/p>\n\n\n\n<p>Pero en esa confrontaci\u00f3n est\u00e1 el germen del otro \u201cpoder real\u201d que debemos construir:<\/p>\n\n\n\n<h2 class=\"wp-block-heading\"><strong>El poder del pueblo!<\/strong><\/h2>\n<!-- AddThis Advanced Settings generic via filter on the_content --><!-- AddThis Share Buttons generic via filter on the_content -->","protected":false},"excerpt":{"rendered":"<p>El 6,7% de inflaci\u00f3n (la m\u00e1s alta de los \u00faltimos 20 a\u00f1os) puso sobre la mesa que \u201cla guerra contra la inflaci\u00f3n\u201d se est\u00e1 perdiendo porque las medidas paliativas no resuelven el problema de fondo que radica en la impunidad en la que se maneja el llamado \u201cpoder real\u201d, los sectores monop\u00f3licos que controlan la [&hellip;]<!-- AddThis Advanced Settings generic via filter on get_the_excerpt --><!-- AddThis Share Buttons generic via filter on get_the_excerpt --><\/p>\n","protected":false},"author":9,"featured_media":25179,"comment_status":"open","ping_status":"open","sticky":false,"template":"","format":"standard","meta":{"_jetpack_memberships_contains_paid_content":false,"footnotes":""},"categories":[1881],"tags":[],"class_list":{"0":"post-25175","1":"post","2":"type-post","3":"status-publish","4":"format-standard","5":"has-post-thumbnail","7":"category-editoriales"},"yoast_head":"<!-- This site is optimized with the Yoast SEO plugin v27.4 - https:\/\/yoast.com\/product\/yoast-seo-wordpress\/ -->\n<title>Mientras la inflaci\u00f3n y desigualdad social no tienen techo\u2026 EL PODER REAL GOZA DE IMPUNIDAD - Vamos por la Liberaci\u00f3n<\/title>\n<meta name=\"robots\" content=\"index, follow, max-snippet:-1, max-image-preview:large, max-video-preview:-1\" \/>\n<link rel=\"canonical\" href=\"http:\/\/vamosporlaliberacion.org\/crpmlm\/el-poder-real-goza-de-impunidad\/\" \/>\n<meta name=\"twitter:label1\" content=\"Escrito por\" \/>\n\t<meta name=\"twitter:data1\" content=\"Prensa Vamos\" \/>\n\t<meta name=\"twitter:label2\" content=\"Tiempo de lectura\" \/>\n\t<meta name=\"twitter:data2\" content=\"14 minutos\" \/>\n<script type=\"application\/ld+json\" class=\"yoast-schema-graph\">{\"@context\":\"https:\\\/\\\/schema.org\",\"@graph\":[{\"@type\":\"Article\",\"@id\":\"http:\\\/\\\/vamosporlaliberacion.org\\\/crpmlm\\\/el-poder-real-goza-de-impunidad\\\/#article\",\"isPartOf\":{\"@id\":\"http:\\\/\\\/vamosporlaliberacion.org\\\/crpmlm\\\/el-poder-real-goza-de-impunidad\\\/\"},\"author\":{\"name\":\"Prensa Vamos\",\"@id\":\"https:\\\/\\\/vamosporlaliberacion.org\\\/crpmlm\\\/#\\\/schema\\\/person\\\/ebdbd4bf0e9418b9f0c0a93395366b2f\"},\"headline\":\"Mientras la inflaci\u00f3n y desigualdad social no tienen techo\u2026 EL PODER REAL GOZA DE IMPUNIDAD\",\"datePublished\":\"2022-04-20T19:44:10+00:00\",\"dateModified\":\"2022-04-20T23:24:40+00:00\",\"mainEntityOfPage\":{\"@id\":\"http:\\\/\\\/vamosporlaliberacion.org\\\/crpmlm\\\/el-poder-real-goza-de-impunidad\\\/\"},\"wordCount\":2863,\"commentCount\":0,\"image\":{\"@id\":\"http:\\\/\\\/vamosporlaliberacion.org\\\/crpmlm\\\/el-poder-real-goza-de-impunidad\\\/#primaryimage\"},\"thumbnailUrl\":\"https:\\\/\\\/i0.wp.com\\\/vamosporlaliberacion.org\\\/crpmlm\\\/wp-content\\\/uploads\\\/2022\\\/04\\\/corte.jpg?fit=720%2C405&ssl=1\",\"articleSection\":[\"Editoriales\"],\"inLanguage\":\"es\",\"potentialAction\":[{\"@type\":\"CommentAction\",\"name\":\"Comment\",\"target\":[\"http:\\\/\\\/vamosporlaliberacion.org\\\/crpmlm\\\/el-poder-real-goza-de-impunidad\\\/#respond\"]}]},{\"@type\":\"WebPage\",\"@id\":\"http:\\\/\\\/vamosporlaliberacion.org\\\/crpmlm\\\/el-poder-real-goza-de-impunidad\\\/\",\"url\":\"http:\\\/\\\/vamosporlaliberacion.org\\\/crpmlm\\\/el-poder-real-goza-de-impunidad\\\/\",\"name\":\"Mientras la inflaci\u00f3n y desigualdad social no tienen techo\u2026 EL PODER REAL GOZA DE IMPUNIDAD - Vamos por la Liberaci\u00f3n\",\"isPartOf\":{\"@id\":\"https:\\\/\\\/vamosporlaliberacion.org\\\/crpmlm\\\/#website\"},\"primaryImageOfPage\":{\"@id\":\"http:\\\/\\\/vamosporlaliberacion.org\\\/crpmlm\\\/el-poder-real-goza-de-impunidad\\\/#primaryimage\"},\"image\":{\"@id\":\"http:\\\/\\\/vamosporlaliberacion.org\\\/crpmlm\\\/el-poder-real-goza-de-impunidad\\\/#primaryimage\"},\"thumbnailUrl\":\"https:\\\/\\\/i0.wp.com\\\/vamosporlaliberacion.org\\\/crpmlm\\\/wp-content\\\/uploads\\\/2022\\\/04\\\/corte.jpg?fit=720%2C405&ssl=1\",\"datePublished\":\"2022-04-20T19:44:10+00:00\",\"dateModified\":\"2022-04-20T23:24:40+00:00\",\"author\":{\"@id\":\"https:\\\/\\\/vamosporlaliberacion.org\\\/crpmlm\\\/#\\\/schema\\\/person\\\/ebdbd4bf0e9418b9f0c0a93395366b2f\"},\"breadcrumb\":{\"@id\":\"http:\\\/\\\/vamosporlaliberacion.org\\\/crpmlm\\\/el-poder-real-goza-de-impunidad\\\/#breadcrumb\"},\"inLanguage\":\"es\",\"potentialAction\":[{\"@type\":\"ReadAction\",\"target\":[\"http:\\\/\\\/vamosporlaliberacion.org\\\/crpmlm\\\/el-poder-real-goza-de-impunidad\\\/\"]}]},{\"@type\":\"ImageObject\",\"inLanguage\":\"es\",\"@id\":\"http:\\\/\\\/vamosporlaliberacion.org\\\/crpmlm\\\/el-poder-real-goza-de-impunidad\\\/#primaryimage\",\"url\":\"https:\\\/\\\/i0.wp.com\\\/vamosporlaliberacion.org\\\/crpmlm\\\/wp-content\\\/uploads\\\/2022\\\/04\\\/corte.jpg?fit=720%2C405&ssl=1\",\"contentUrl\":\"https:\\\/\\\/i0.wp.com\\\/vamosporlaliberacion.org\\\/crpmlm\\\/wp-content\\\/uploads\\\/2022\\\/04\\\/corte.jpg?fit=720%2C405&ssl=1\",\"width\":720,\"height\":405},{\"@type\":\"BreadcrumbList\",\"@id\":\"http:\\\/\\\/vamosporlaliberacion.org\\\/crpmlm\\\/el-poder-real-goza-de-impunidad\\\/#breadcrumb\",\"itemListElement\":[{\"@type\":\"ListItem\",\"position\":1,\"name\":\"Portada\",\"item\":\"https:\\\/\\\/vamosporlaliberacion.org\\\/crpmlm\\\/\"},{\"@type\":\"ListItem\",\"position\":2,\"name\":\"Mientras la inflaci\u00f3n y desigualdad social no tienen techo\u2026 EL PODER REAL GOZA DE IMPUNIDAD\"}]},{\"@type\":\"WebSite\",\"@id\":\"https:\\\/\\\/vamosporlaliberacion.org\\\/crpmlm\\\/#website\",\"url\":\"https:\\\/\\\/vamosporlaliberacion.org\\\/crpmlm\\\/\",\"name\":\"Vamos por la Liberaci\u00f3n\",\"description\":\"Prensa CR\",\"potentialAction\":[{\"@type\":\"SearchAction\",\"target\":{\"@type\":\"EntryPoint\",\"urlTemplate\":\"https:\\\/\\\/vamosporlaliberacion.org\\\/crpmlm\\\/?s={search_term_string}\"},\"query-input\":{\"@type\":\"PropertyValueSpecification\",\"valueRequired\":true,\"valueName\":\"search_term_string\"}}],\"inLanguage\":\"es\"},{\"@type\":\"Person\",\"@id\":\"https:\\\/\\\/vamosporlaliberacion.org\\\/crpmlm\\\/#\\\/schema\\\/person\\\/ebdbd4bf0e9418b9f0c0a93395366b2f\",\"name\":\"Prensa Vamos\",\"sameAs\":[\"http:\\\/\\\/vamposporlaliberacion.org\"],\"url\":\"http:\\\/\\\/vamosporlaliberacion.org\\\/crpmlm\\\/author\\\/editor\\\/\"}]}<\/script>\n<!-- \/ Yoast SEO plugin. -->","yoast_head_json":{"title":"Mientras la inflaci\u00f3n y desigualdad social no tienen techo\u2026 EL PODER REAL GOZA DE IMPUNIDAD - Vamos por la Liberaci\u00f3n","robots":{"index":"index","follow":"follow","max-snippet":"max-snippet:-1","max-image-preview":"max-image-preview:large","max-video-preview":"max-video-preview:-1"},"canonical":"http:\/\/vamosporlaliberacion.org\/crpmlm\/el-poder-real-goza-de-impunidad\/","twitter_misc":{"Escrito por":"Prensa Vamos","Tiempo de lectura":"14 minutos"},"schema":{"@context":"https:\/\/schema.org","@graph":[{"@type":"Article","@id":"http:\/\/vamosporlaliberacion.org\/crpmlm\/el-poder-real-goza-de-impunidad\/#article","isPartOf":{"@id":"http:\/\/vamosporlaliberacion.org\/crpmlm\/el-poder-real-goza-de-impunidad\/"},"author":{"name":"Prensa Vamos","@id":"https:\/\/vamosporlaliberacion.org\/crpmlm\/#\/schema\/person\/ebdbd4bf0e9418b9f0c0a93395366b2f"},"headline":"Mientras la inflaci\u00f3n y desigualdad social no tienen techo\u2026 EL PODER REAL GOZA DE IMPUNIDAD","datePublished":"2022-04-20T19:44:10+00:00","dateModified":"2022-04-20T23:24:40+00:00","mainEntityOfPage":{"@id":"http:\/\/vamosporlaliberacion.org\/crpmlm\/el-poder-real-goza-de-impunidad\/"},"wordCount":2863,"commentCount":0,"image":{"@id":"http:\/\/vamosporlaliberacion.org\/crpmlm\/el-poder-real-goza-de-impunidad\/#primaryimage"},"thumbnailUrl":"https:\/\/i0.wp.com\/vamosporlaliberacion.org\/crpmlm\/wp-content\/uploads\/2022\/04\/corte.jpg?fit=720%2C405&ssl=1","articleSection":["Editoriales"],"inLanguage":"es","potentialAction":[{"@type":"CommentAction","name":"Comment","target":["http:\/\/vamosporlaliberacion.org\/crpmlm\/el-poder-real-goza-de-impunidad\/#respond"]}]},{"@type":"WebPage","@id":"http:\/\/vamosporlaliberacion.org\/crpmlm\/el-poder-real-goza-de-impunidad\/","url":"http:\/\/vamosporlaliberacion.org\/crpmlm\/el-poder-real-goza-de-impunidad\/","name":"Mientras la inflaci\u00f3n y desigualdad social no tienen techo\u2026 EL PODER REAL GOZA DE IMPUNIDAD - Vamos por la Liberaci\u00f3n","isPartOf":{"@id":"https:\/\/vamosporlaliberacion.org\/crpmlm\/#website"},"primaryImageOfPage":{"@id":"http:\/\/vamosporlaliberacion.org\/crpmlm\/el-poder-real-goza-de-impunidad\/#primaryimage"},"image":{"@id":"http:\/\/vamosporlaliberacion.org\/crpmlm\/el-poder-real-goza-de-impunidad\/#primaryimage"},"thumbnailUrl":"https:\/\/i0.wp.com\/vamosporlaliberacion.org\/crpmlm\/wp-content\/uploads\/2022\/04\/corte.jpg?fit=720%2C405&ssl=1","datePublished":"2022-04-20T19:44:10+00:00","dateModified":"2022-04-20T23:24:40+00:00","author":{"@id":"https:\/\/vamosporlaliberacion.org\/crpmlm\/#\/schema\/person\/ebdbd4bf0e9418b9f0c0a93395366b2f"},"breadcrumb":{"@id":"http:\/\/vamosporlaliberacion.org\/crpmlm\/el-poder-real-goza-de-impunidad\/#breadcrumb"},"inLanguage":"es","potentialAction":[{"@type":"ReadAction","target":["http:\/\/vamosporlaliberacion.org\/crpmlm\/el-poder-real-goza-de-impunidad\/"]}]},{"@type":"ImageObject","inLanguage":"es","@id":"http:\/\/vamosporlaliberacion.org\/crpmlm\/el-poder-real-goza-de-impunidad\/#primaryimage","url":"https:\/\/i0.wp.com\/vamosporlaliberacion.org\/crpmlm\/wp-content\/uploads\/2022\/04\/corte.jpg?fit=720%2C405&ssl=1","contentUrl":"https:\/\/i0.wp.com\/vamosporlaliberacion.org\/crpmlm\/wp-content\/uploads\/2022\/04\/corte.jpg?fit=720%2C405&ssl=1","width":720,"height":405},{"@type":"BreadcrumbList","@id":"http:\/\/vamosporlaliberacion.org\/crpmlm\/el-poder-real-goza-de-impunidad\/#breadcrumb","itemListElement":[{"@type":"ListItem","position":1,"name":"Portada","item":"https:\/\/vamosporlaliberacion.org\/crpmlm\/"},{"@type":"ListItem","position":2,"name":"Mientras la inflaci\u00f3n y desigualdad social no tienen techo\u2026 EL PODER REAL GOZA DE IMPUNIDAD"}]},{"@type":"WebSite","@id":"https:\/\/vamosporlaliberacion.org\/crpmlm\/#website","url":"https:\/\/vamosporlaliberacion.org\/crpmlm\/","name":"Vamos por la Liberaci\u00f3n","description":"Prensa CR","potentialAction":[{"@type":"SearchAction","target":{"@type":"EntryPoint","urlTemplate":"https:\/\/vamosporlaliberacion.org\/crpmlm\/?s={search_term_string}"},"query-input":{"@type":"PropertyValueSpecification","valueRequired":true,"valueName":"search_term_string"}}],"inLanguage":"es"},{"@type":"Person","@id":"https:\/\/vamosporlaliberacion.org\/crpmlm\/#\/schema\/person\/ebdbd4bf0e9418b9f0c0a93395366b2f","name":"Prensa Vamos","sameAs":["http:\/\/vamposporlaliberacion.org"],"url":"http:\/\/vamosporlaliberacion.org\/crpmlm\/author\/editor\/"}]}},"jetpack_featured_media_url":"https:\/\/i0.wp.com\/vamosporlaliberacion.org\/crpmlm\/wp-content\/uploads\/2022\/04\/corte.jpg?fit=720%2C405&ssl=1","jetpack_sharing_enabled":true,"_links":{"self":[{"href":"http:\/\/vamosporlaliberacion.org\/crpmlm\/wp-json\/wp\/v2\/posts\/25175","targetHints":{"allow":["GET"]}}],"collection":[{"href":"http:\/\/vamosporlaliberacion.org\/crpmlm\/wp-json\/wp\/v2\/posts"}],"about":[{"href":"http:\/\/vamosporlaliberacion.org\/crpmlm\/wp-json\/wp\/v2\/types\/post"}],"author":[{"embeddable":true,"href":"http:\/\/vamosporlaliberacion.org\/crpmlm\/wp-json\/wp\/v2\/users\/9"}],"replies":[{"embeddable":true,"href":"http:\/\/vamosporlaliberacion.org\/crpmlm\/wp-json\/wp\/v2\/comments?post=25175"}],"version-history":[{"count":4,"href":"http:\/\/vamosporlaliberacion.org\/crpmlm\/wp-json\/wp\/v2\/posts\/25175\/revisions"}],"predecessor-version":[{"id":25199,"href":"http:\/\/vamosporlaliberacion.org\/crpmlm\/wp-json\/wp\/v2\/posts\/25175\/revisions\/25199"}],"wp:featuredmedia":[{"embeddable":true,"href":"http:\/\/vamosporlaliberacion.org\/crpmlm\/wp-json\/wp\/v2\/media\/25179"}],"wp:attachment":[{"href":"http:\/\/vamosporlaliberacion.org\/crpmlm\/wp-json\/wp\/v2\/media?parent=25175"}],"wp:term":[{"taxonomy":"category","embeddable":true,"href":"http:\/\/vamosporlaliberacion.org\/crpmlm\/wp-json\/wp\/v2\/categories?post=25175"},{"taxonomy":"post_tag","embeddable":true,"href":"http:\/\/vamosporlaliberacion.org\/crpmlm\/wp-json\/wp\/v2\/tags?post=25175"}],"curies":[{"name":"wp","href":"https:\/\/api.w.org\/{rel}","templated":true}]}}